{"id":57855,"date":"2021-05-21T19:44:02","date_gmt":"2021-05-21T19:44:02","guid":{"rendered":"http:\/\/www.celttv.com.ar\/?p=57855"},"modified":"2021-05-21T19:44:02","modified_gmt":"2021-05-21T19:44:02","slug":"balbin-critico-al-gobierno-nacional-sobre-el-manejo-de-la-pandemia-y-el-conflicto-con-el-campo","status":"publish","type":"post","link":"https:\/\/www.celttv.com.ar\/index.php\/2021\/05\/21\/balbin-critico-al-gobierno-nacional-sobre-el-manejo-de-la-pandemia-y-el-conflicto-con-el-campo\/","title":{"rendered":"Balb\u00edn critic\u00f3 al Gobierno Nacional sobre el manejo de la pandemia y el conflicto con el campo"},"content":{"rendered":"\n<p>El diputado provincial de Cambiemos por la Sexta Secci\u00f3n, Emiliano Balb\u00edn, estuvo en Tornquist y dialog\u00f3 con CELTTV NOTICIAS sobre temas vinculados a la pandemia, la educaci\u00f3n presencial, vacunaci\u00f3n y el cierre a la exportaci\u00f3n de carnes vacuna promovida por el gobierno nacional.<\/p>\n\n\n\n<p>&#8220;El cierre a la exportaci\u00f3n de carne es un desacierto muy importante por parte del gobierno. Es una receta que ya la utilizaron con anterioridad y lo \u00fanico que trajo fue despidos masivos de operarios y cierre de frigor\u00edficos&#8221;, expres\u00f3 Balb\u00edn.  <\/p>\n\n\n\n<figure class=\"wp-block-embed is-type-video is-provider-youtube wp-block-embed-youtube wp-embed-aspect-16-9 wp-has-aspect-ratio\"><div class=\"wp-block-embed__wrapper\">\n<iframe loading=\"lazy\" title=\"2021 05 20 NOTA A EMILIANO BALBIN   EXPORTACIONES\" width=\"500\" height=\"281\" src=\"https:\/\/www.youtube.com\/embed\/KiCIKHt1KD8?feature=oembed\" frameborder=\"0\" allow=\"accelerometer; autoplay; clipboard-write; encrypted-media; gyroscope; picture-in-picture; web-share\" referrerpolicy=\"strict-origin-when-cross-origin\" allowfullscreen><\/iframe>\n<\/div><\/figure>\n\n\n\n<p>Balb\u00edn, tambi\u00e9n se refiri\u00f3 a la pandemia y la falta de vacunas que puedan garantizar la cobertura sanitaria de los argentinos.<\/p>\n\n\n\n<p>&#8220;Es un juego perverso el que est\u00e1n haciendo con las vacunas. El vacunatorio VIP es una clara muestra de eso como as\u00ed tambi\u00e9n la demora en el arribo de las dosis que hab\u00edan prometido. La gente se infecta y se muere sin haber recibido al menos una dosis&#8221;, remarc\u00f3.<\/p>\n\n\n\n<figure class=\"wp-block-embed is-type-video is-provider-youtube wp-block-embed-youtube wp-embed-aspect-16-9 wp-has-aspect-ratio\"><div class=\"wp-block-embed__wrapper\">\n<iframe loading=\"lazy\" title=\"2021 05 20 NOTA A EMILIANO BALBIN   FALTA DE VACUNAS\" width=\"500\" height=\"281\" src=\"https:\/\/www.youtube.com\/embed\/OM-x8NH3Q-4?feature=oembed\" frameborder=\"0\" allow=\"accelerometer; autoplay; clipboard-write; encrypted-media; gyroscope; picture-in-picture; web-share\" referrerpolicy=\"strict-origin-when-cross-origin\" allowfullscreen><\/iframe>\n<\/div><\/figure>\n\n\n\n<p>Por otro lado, el legislador provincial indic\u00f3 que &#8220;es clave mantener, dentro de las posibilidades, la presencialidad de los alumnos en las aulas&#8221;.<\/p>\n\n\n\n<p>&#8220;Sabemos que es el \u00e1mbito ideal y tenemos que sostenerlo. El aumento de casos en cada localidad har\u00e1 que se tomen otras medidas m\u00e1s estrictas pero, en el mientras tanto, los chicos y docentes deben estar en las aulas&#8221;, argument\u00f3 Balb\u00edn.<\/p>\n\n\n\n<figure class=\"wp-block-embed is-type-video is-provider-youtube wp-block-embed-youtube wp-embed-aspect-16-9 wp-has-aspect-ratio\"><div class=\"wp-block-embed__wrapper\">\n<iframe loading=\"lazy\" title=\"2021 05 20 NOTA A EMILIANO BALBIN   PRESENCIALIDAD EDUCATIVA\" width=\"500\" height=\"281\" src=\"https:\/\/www.youtube.com\/embed\/Id5u9y42Fh0?feature=oembed\" frameborder=\"0\" allow=\"accelerometer; autoplay; clipboard-write; encrypted-media; gyroscope; picture-in-picture; web-share\" referrerpolicy=\"strict-origin-when-cross-origin\" allowfullscreen><\/iframe>\n<\/div><\/figure>\n\n\n\n<p>  Por \u00faltimo, hizo menci\u00f3n a las elecciones legislativas que se deben realizar a fines de 2021, donde Emiliano Balb\u00edn culminar\u00e1 su mandato como diputado provincial.<\/p>\n\n\n\n<figure class=\"wp-block-embed is-type-video is-provider-youtube wp-block-embed-youtube wp-embed-aspect-16-9 wp-has-aspect-ratio\"><div class=\"wp-block-embed__wrapper\">\n<iframe loading=\"lazy\" title=\"2021 05 20 NOTA A EMILIANO BALBIN   ELECCIONES Y CONTINUIDAD COMO LEGISLADOR\" width=\"500\" height=\"281\" src=\"https:\/\/www.youtube.com\/embed\/oTOYkGiooEM?feature=oembed\" frameborder=\"0\" allow=\"accelerometer; autoplay; clipboard-write; encrypted-media; gyroscope; picture-in-picture; web-share\" referrerpolicy=\"strict-origin-when-cross-origin\" allowfullscreen><\/iframe>\n<\/div><\/figure>\n\n\n\n<p> <\/p>\n","protected":false},"excerpt":{"rendered":"<p>El diputado provincial de Cambiemos por la Sexta Secci\u00f3n, Emiliano Balb\u00edn, estuvo en Tornquist y dialog\u00f3 con CELTTV NOTICIAS sobre temas vinculados a la pandemia, la educaci\u00f3n presencial, vacunaci\u00f3n y el cierre a la exportaci\u00f3n de carnes vacuna promovida por el gobierno nacional. &#8220;El cierre a la exportaci\u00f3n de carne es un desacierto muy importante [&hellip;]<\/p>\n","protected":false},"author":1,"featured_media":57856,"comment_status":"closed","ping_status":"open","sticky":false,"template":"","format":"standard","meta":{"footnotes":""},"categories":[55,51,52],"tags":[],"class_list":["post-57855","post","type-post","status-publish","format-standard","has-post-thumbnail","hentry","category-celt-tv-noticias","category-comunidad","category-destacadas"],"yoast_head":"<!-- This site is optimized with the Yoast SEO plugin v19.7.1 - https:\/\/yoast.com\/wordpress\/plugins\/seo\/ -->\n<title>Balb\u00edn critic\u00f3 al Gobierno Nacional sobre el manejo de la pandemia y el conflicto con el campo - CELTTV<\/title>\n<meta name=\"description\" content=\"Sitio web de noticias de la localidad de Tornquist, provincia de Buenos Aires, Rep\u00fablica Argentina. Contenido propio originado por periodistas de CELTTV, el canal de TV local de la Cooperativa El\u00e9ctrica de Tornquist. Turismo, Pol\u00edtica, Sociedad, Deporte, Cultura y todo el contenido de inter\u00e9s general que la gente del pueblo y la regi\u00f3n debe conocer.\" \/>\n<meta name=\"robots\" content=\"index, follow, max-snippet:-1, max-image-preview:large, max-video-preview:-1\" \/>\n<link rel=\"canonical\" href=\"https:\/\/www.celttv.com.ar\/index.php\/2021\/05\/21\/balbin-critico-al-gobierno-nacional-sobre-el-manejo-de-la-pandemia-y-el-conflicto-con-el-campo\/\" \/>\n<meta property=\"og:locale\" content=\"es_ES\" \/>\n<meta property=\"og:type\" content=\"article\" \/>\n<meta property=\"og:title\" content=\"Balb\u00edn critic\u00f3 al Gobierno Nacional sobre el manejo de la pandemia y el conflicto con el campo - CELTTV\" \/>\n<meta property=\"og:description\" content=\"Sitio web de noticias de la localidad de Tornquist, provincia de Buenos Aires, Rep\u00fablica Argentina. Contenido propio originado por periodistas de CELTTV, el canal de TV local de la Cooperativa El\u00e9ctrica de Tornquist. Turismo, Pol\u00edtica, Sociedad, Deporte, Cultura y todo el contenido de inter\u00e9s general que la gente del pueblo y la regi\u00f3n debe conocer.\" \/>\n<meta property=\"og:url\" content=\"https:\/\/www.celttv.com.ar\/index.php\/2021\/05\/21\/balbin-critico-al-gobierno-nacional-sobre-el-manejo-de-la-pandemia-y-el-conflicto-con-el-campo\/\" \/>\n<meta property=\"og:site_name\" content=\"CELTTV\" \/>\n<meta property=\"article:publisher\" content=\"https:\/\/www.facebook.com\/celtTV\/\" \/>\n<meta property=\"article:published_time\" content=\"2021-05-21T19:44:02+00:00\" \/>\n<meta property=\"og:image\" content=\"https:\/\/www.celttv.com.ar\/wp-content\/uploads\/2021\/05\/Emiliano-Balbin.png\" \/>\n\t<meta property=\"og:image:width\" content=\"716\" \/>\n\t<meta property=\"og:image:height\" content=\"459\" \/>\n\t<meta property=\"og:image:type\" content=\"image\/png\" \/>\n<meta name=\"author\" content=\"ulises\" \/>\n<meta name=\"twitter:card\" content=\"summary_large_image\" \/>\n<meta name=\"twitter:label1\" content=\"Escrito por\" \/>\n\t<meta name=\"twitter:data1\" content=\"ulises\" \/>\n\t<meta name=\"twitter:label2\" content=\"Tiempo de lectura\" \/>\n\t<meta name=\"twitter:data2\" content=\"1 minuto\" \/>\n<script type=\"application\/ld+json\" class=\"yoast-schema-graph\">{\"@context\":\"https:\/\/schema.org\",\"@graph\":[{\"@type\":\"NewsArticle\",\"@id\":\"https:\/\/www.celttv.com.ar\/index.php\/2021\/05\/21\/balbin-critico-al-gobierno-nacional-sobre-el-manejo-de-la-pandemia-y-el-conflicto-con-el-campo\/#article\",\"isPartOf\":{\"@id\":\"https:\/\/www.celttv.com.ar\/index.php\/2021\/05\/21\/balbin-critico-al-gobierno-nacional-sobre-el-manejo-de-la-pandemia-y-el-conflicto-con-el-campo\/\"},\"author\":{\"name\":\"ulises\",\"@id\":\"https:\/\/www.celttv.com.ar\/#\/schema\/person\/6d99c072dba59953809c81446e9d0ace\"},\"headline\":\"Balb\u00edn critic\u00f3 al Gobierno Nacional sobre el manejo de la pandemia y el conflicto con el campo\",\"datePublished\":\"2021-05-21T19:44:02+00:00\",\"dateModified\":\"2021-05-21T19:44:02+00:00\",\"mainEntityOfPage\":{\"@id\":\"https:\/\/www.celttv.com.ar\/index.php\/2021\/05\/21\/balbin-critico-al-gobierno-nacional-sobre-el-manejo-de-la-pandemia-y-el-conflicto-con-el-campo\/\"},\"wordCount\":299,\"publisher\":{\"@id\":\"https:\/\/www.celttv.com.ar\/#organization\"},\"articleSection\":[\"Celt TV Noticias\",\"Comunidad\",\"Destacadas\"],\"inLanguage\":\"es\"},{\"@type\":\"WebPage\",\"@id\":\"https:\/\/www.celttv.com.ar\/index.php\/2021\/05\/21\/balbin-critico-al-gobierno-nacional-sobre-el-manejo-de-la-pandemia-y-el-conflicto-con-el-campo\/\",\"url\":\"https:\/\/www.celttv.com.ar\/index.php\/2021\/05\/21\/balbin-critico-al-gobierno-nacional-sobre-el-manejo-de-la-pandemia-y-el-conflicto-con-el-campo\/\",\"name\":\"Balb\u00edn critic\u00f3 al Gobierno Nacional sobre el manejo de la pandemia y el conflicto con el campo - CELTTV\",\"isPartOf\":{\"@id\":\"https:\/\/www.celttv.com.ar\/#website\"},\"datePublished\":\"2021-05-21T19:44:02+00:00\",\"dateModified\":\"2021-05-21T19:44:02+00:00\",\"description\":\"Sitio web de noticias de la localidad de Tornquist, provincia de Buenos Aires, Rep\u00fablica Argentina. Contenido propio originado por periodistas de CELTTV, el canal de TV local de la Cooperativa El\u00e9ctrica de Tornquist. Turismo, Pol\u00edtica, Sociedad, Deporte, Cultura y todo el contenido de inter\u00e9s general que la gente del pueblo y la regi\u00f3n debe conocer.\",\"breadcrumb\":{\"@id\":\"https:\/\/www.celttv.com.ar\/index.php\/2021\/05\/21\/balbin-critico-al-gobierno-nacional-sobre-el-manejo-de-la-pandemia-y-el-conflicto-con-el-campo\/#breadcrumb\"},\"inLanguage\":\"es\",\"potentialAction\":[{\"@type\":\"ReadAction\",\"target\":[\"https:\/\/www.celttv.com.ar\/index.php\/2021\/05\/21\/balbin-critico-al-gobierno-nacional-sobre-el-manejo-de-la-pandemia-y-el-conflicto-con-el-campo\/\"]}]},{\"@type\":\"BreadcrumbList\",\"@id\":\"https:\/\/www.celttv.com.ar\/index.php\/2021\/05\/21\/balbin-critico-al-gobierno-nacional-sobre-el-manejo-de-la-pandemia-y-el-conflicto-con-el-campo\/#breadcrumb\",\"itemListElement\":[{\"@type\":\"ListItem\",\"position\":1,\"name\":\"Inicio\",\"item\":\"https:\/\/www.celttv.com.ar\/\"},{\"@type\":\"ListItem\",\"position\":2,\"name\":\"Balb\u00edn critic\u00f3 al Gobierno Nacional sobre el manejo de la pandemia y el conflicto con el campo\"}]},{\"@type\":\"WebSite\",\"@id\":\"https:\/\/www.celttv.com.ar\/#website\",\"url\":\"https:\/\/www.celttv.com.ar\/\",\"name\":\"CELTTV\",\"description\":\"Cooperativa El\u00e9ctrica de Tornquist\",\"publisher\":{\"@id\":\"https:\/\/www.celttv.com.ar\/#organization\"},\"potentialAction\":[{\"@type\":\"SearchAction\",\"target\":{\"@type\":\"EntryPoint\",\"urlTemplate\":\"https:\/\/www.celttv.com.ar\/?s={search_term_string}\"},\"query-input\":\"required name=search_term_string\"}],\"inLanguage\":\"es\"},{\"@type\":\"Organization\",\"@id\":\"https:\/\/www.celttv.com.ar\/#organization\",\"name\":\"CELTTV\",\"url\":\"https:\/\/www.celttv.com.ar\/\",\"sameAs\":[\"https:\/\/www.youtube.com\/channel\/UCz_oIt8Hig64Ub-EmcNPIhg\",\"https:\/\/www.facebook.com\/celtTV\/\"],\"logo\":{\"@type\":\"ImageObject\",\"inLanguage\":\"es\",\"@id\":\"https:\/\/www.celttv.com.ar\/#\/schema\/logo\/image\/\",\"url\":\"http:\/\/www.celttv.com.ar\/wp-content\/uploads\/2022\/08\/logo-1.png\",\"contentUrl\":\"http:\/\/www.celttv.com.ar\/wp-content\/uploads\/2022\/08\/logo-1.png\",\"width\":461,\"height\":159,\"caption\":\"CELTTV\"},\"image\":{\"@id\":\"https:\/\/www.celttv.com.ar\/#\/schema\/logo\/image\/\"}},{\"@type\":\"Person\",\"@id\":\"https:\/\/www.celttv.com.ar\/#\/schema\/person\/6d99c072dba59953809c81446e9d0ace\",\"name\":\"ulises\",\"image\":{\"@type\":\"ImageObject\",\"inLanguage\":\"es\",\"@id\":\"https:\/\/www.celttv.com.ar\/#\/schema\/person\/image\/\",\"url\":\"https:\/\/secure.gravatar.com\/avatar\/7f2c48bdc33b30088f941fb6082e555f2874c98e20cb159d7b92b50eadfce793?s=96&d=mm&r=g\",\"contentUrl\":\"https:\/\/secure.gravatar.com\/avatar\/7f2c48bdc33b30088f941fb6082e555f2874c98e20cb159d7b92b50eadfce793?s=96&d=mm&r=g\",\"caption\":\"ulises\"},\"sameAs\":[\"http:\/\/www.celttv.com.ar\"]}]}<\/script>\n<!-- \/ Yoast SEO plugin. -->","yoast_head_json":{"title":"Balb\u00edn critic\u00f3 al Gobierno Nacional sobre el manejo de la pandemia y el conflicto con el campo - CELTTV","description":"Sitio web de noticias de la localidad de Tornquist, provincia de Buenos Aires, Rep\u00fablica Argentina. Contenido propio originado por periodistas de CELTTV, el canal de TV local de la Cooperativa El\u00e9ctrica de Tornquist. Turismo, Pol\u00edtica, Sociedad, Deporte, Cultura y todo el contenido de inter\u00e9s general que la gente del pueblo y la regi\u00f3n debe conocer.","robots":{"index":"index","follow":"follow","max-snippet":"max-snippet:-1","max-image-preview":"max-image-preview:large","max-video-preview":"max-video-preview:-1"},"canonical":"https:\/\/www.celttv.com.ar\/index.php\/2021\/05\/21\/balbin-critico-al-gobierno-nacional-sobre-el-manejo-de-la-pandemia-y-el-conflicto-con-el-campo\/","og_locale":"es_ES","og_type":"article","og_title":"Balb\u00edn critic\u00f3 al Gobierno Nacional sobre el manejo de la pandemia y el conflicto con el campo - CELTTV","og_description":"Sitio web de noticias de la localidad de Tornquist, provincia de Buenos Aires, Rep\u00fablica Argentina. Contenido propio originado por periodistas de CELTTV, el canal de TV local de la Cooperativa El\u00e9ctrica de Tornquist. Turismo, Pol\u00edtica, Sociedad, Deporte, Cultura y todo el contenido de inter\u00e9s general que la gente del pueblo y la regi\u00f3n debe conocer.","og_url":"https:\/\/www.celttv.com.ar\/index.php\/2021\/05\/21\/balbin-critico-al-gobierno-nacional-sobre-el-manejo-de-la-pandemia-y-el-conflicto-con-el-campo\/","og_site_name":"CELTTV","article_publisher":"https:\/\/www.facebook.com\/celtTV\/","article_published_time":"2021-05-21T19:44:02+00:00","og_image":[{"width":716,"height":459,"url":"https:\/\/www.celttv.com.ar\/wp-content\/uploads\/2021\/05\/Emiliano-Balbin.png","type":"image\/png"}],"author":"ulises","twitter_card":"summary_large_image","twitter_misc":{"Escrito por":"ulises","Tiempo de lectura":"1 minuto"},"schema":{"@context":"https:\/\/schema.org","@graph":[{"@type":"NewsArticle","@id":"https:\/\/www.celttv.com.ar\/index.php\/2021\/05\/21\/balbin-critico-al-gobierno-nacional-sobre-el-manejo-de-la-pandemia-y-el-conflicto-con-el-campo\/#article","isPartOf":{"@id":"https:\/\/www.celttv.com.ar\/index.php\/2021\/05\/21\/balbin-critico-al-gobierno-nacional-sobre-el-manejo-de-la-pandemia-y-el-conflicto-con-el-campo\/"},"author":{"name":"ulises","@id":"https:\/\/www.celttv.com.ar\/#\/schema\/person\/6d99c072dba59953809c81446e9d0ace"},"headline":"Balb\u00edn critic\u00f3 al Gobierno Nacional sobre el manejo de la pandemia y el conflicto con el campo","datePublished":"2021-05-21T19:44:02+00:00","dateModified":"2021-05-21T19:44:02+00:00","mainEntityOfPage":{"@id":"https:\/\/www.celttv.com.ar\/index.php\/2021\/05\/21\/balbin-critico-al-gobierno-nacional-sobre-el-manejo-de-la-pandemia-y-el-conflicto-con-el-campo\/"},"wordCount":299,"publisher":{"@id":"https:\/\/www.celttv.com.ar\/#organization"},"articleSection":["Celt TV Noticias","Comunidad","Destacadas"],"inLanguage":"es"},{"@type":"WebPage","@id":"https:\/\/www.celttv.com.ar\/index.php\/2021\/05\/21\/balbin-critico-al-gobierno-nacional-sobre-el-manejo-de-la-pandemia-y-el-conflicto-con-el-campo\/","url":"https:\/\/www.celttv.com.ar\/index.php\/2021\/05\/21\/balbin-critico-al-gobierno-nacional-sobre-el-manejo-de-la-pandemia-y-el-conflicto-con-el-campo\/","name":"Balb\u00edn critic\u00f3 al Gobierno Nacional sobre el manejo de la pandemia y el conflicto con el campo - CELTTV","isPartOf":{"@id":"https:\/\/www.celttv.com.ar\/#website"},"datePublished":"2021-05-21T19:44:02+00:00","dateModified":"2021-05-21T19:44:02+00:00","description":"Sitio web de noticias de la localidad de Tornquist, provincia de Buenos Aires, Rep\u00fablica Argentina. Contenido propio originado por periodistas de CELTTV, el canal de TV local de la Cooperativa El\u00e9ctrica de Tornquist. Turismo, Pol\u00edtica, Sociedad, Deporte, Cultura y todo el contenido de inter\u00e9s general que la gente del pueblo y la regi\u00f3n debe conocer.","breadcrumb":{"@id":"https:\/\/www.celttv.com.ar\/index.php\/2021\/05\/21\/balbin-critico-al-gobierno-nacional-sobre-el-manejo-de-la-pandemia-y-el-conflicto-con-el-campo\/#breadcrumb"},"inLanguage":"es","potentialAction":[{"@type":"ReadAction","target":["https:\/\/www.celttv.com.ar\/index.php\/2021\/05\/21\/balbin-critico-al-gobierno-nacional-sobre-el-manejo-de-la-pandemia-y-el-conflicto-con-el-campo\/"]}]},{"@type":"BreadcrumbList","@id":"https:\/\/www.celttv.com.ar\/index.php\/2021\/05\/21\/balbin-critico-al-gobierno-nacional-sobre-el-manejo-de-la-pandemia-y-el-conflicto-con-el-campo\/#breadcrumb","itemListElement":[{"@type":"ListItem","position":1,"name":"Inicio","item":"https:\/\/www.celttv.com.ar\/"},{"@type":"ListItem","position":2,"name":"Balb\u00edn critic\u00f3 al Gobierno Nacional sobre el manejo de la pandemia y el conflicto con el campo"}]},{"@type":"WebSite","@id":"https:\/\/www.celttv.com.ar\/#website","url":"https:\/\/www.celttv.com.ar\/","name":"CELTTV","description":"Cooperativa El\u00e9ctrica de Tornquist","publisher":{"@id":"https:\/\/www.celttv.com.ar\/#organization"},"potentialAction":[{"@type":"SearchAction","target":{"@type":"EntryPoint","urlTemplate":"https:\/\/www.celttv.com.ar\/?s={search_term_string}"},"query-input":"required name=search_term_string"}],"inLanguage":"es"},{"@type":"Organization","@id":"https:\/\/www.celttv.com.ar\/#organization","name":"CELTTV","url":"https:\/\/www.celttv.com.ar\/","sameAs":["https:\/\/www.youtube.com\/channel\/UCz_oIt8Hig64Ub-EmcNPIhg","https:\/\/www.facebook.com\/celtTV\/"],"logo":{"@type":"ImageObject","inLanguage":"es","@id":"https:\/\/www.celttv.com.ar\/#\/schema\/logo\/image\/","url":"http:\/\/www.celttv.com.ar\/wp-content\/uploads\/2022\/08\/logo-1.png","contentUrl":"http:\/\/www.celttv.com.ar\/wp-content\/uploads\/2022\/08\/logo-1.png","width":461,"height":159,"caption":"CELTTV"},"image":{"@id":"https:\/\/www.celttv.com.ar\/#\/schema\/logo\/image\/"}},{"@type":"Person","@id":"https:\/\/www.celttv.com.ar\/#\/schema\/person\/6d99c072dba59953809c81446e9d0ace","name":"ulises","image":{"@type":"ImageObject","inLanguage":"es","@id":"https:\/\/www.celttv.com.ar\/#\/schema\/person\/image\/","url":"https:\/\/secure.gravatar.com\/avatar\/7f2c48bdc33b30088f941fb6082e555f2874c98e20cb159d7b92b50eadfce793?s=96&d=mm&r=g","contentUrl":"https:\/\/secure.gravatar.com\/avatar\/7f2c48bdc33b30088f941fb6082e555f2874c98e20cb159d7b92b50eadfce793?s=96&d=mm&r=g","caption":"ulises"},"sameAs":["http:\/\/www.celttv.com.ar"]}]}},"_links":{"self":[{"href":"https:\/\/www.celttv.com.ar\/index.php\/wp-json\/wp\/v2\/posts\/57855","targetHints":{"allow":["GET"]}}],"collection":[{"href":"https:\/\/www.celttv.com.ar\/index.php\/wp-json\/wp\/v2\/posts"}],"about":[{"href":"https:\/\/www.celttv.com.ar\/index.php\/wp-json\/wp\/v2\/types\/post"}],"author":[{"embeddable":true,"href":"https:\/\/www.celttv.com.ar\/index.php\/wp-json\/wp\/v2\/users\/1"}],"replies":[{"embeddable":true,"href":"https:\/\/www.celttv.com.ar\/index.php\/wp-json\/wp\/v2\/comments?post=57855"}],"version-history":[{"count":0,"href":"https:\/\/www.celttv.com.ar\/index.php\/wp-json\/wp\/v2\/posts\/57855\/revisions"}],"wp:featuredmedia":[{"embeddable":true,"href":"https:\/\/www.celttv.com.ar\/index.php\/wp-json\/wp\/v2\/media\/57856"}],"wp:attachment":[{"href":"https:\/\/www.celttv.com.ar\/index.php\/wp-json\/wp\/v2\/media?parent=57855"}],"wp:term":[{"taxonomy":"category","embeddable":true,"href":"https:\/\/www.celttv.com.ar\/index.php\/wp-json\/wp\/v2\/categories?post=57855"},{"taxonomy":"post_tag","embeddable":true,"href":"https:\/\/www.celttv.com.ar\/index.php\/wp-json\/wp\/v2\/tags?post=57855"}],"curies":[{"name":"wp","href":"https:\/\/api.w.org\/{rel}","templated":true}]}}