{"id":57865,"date":"2021-05-21T22:25:37","date_gmt":"2021-05-21T22:25:37","guid":{"rendered":"http:\/\/www.celttv.com.ar\/?p=57865"},"modified":"2021-05-21T22:25:37","modified_gmt":"2021-05-21T22:25:37","slug":"funcionamiento-del-servicio-de-recoleccion-de-residuos-domiciliarios-los-dias-24-y-25","status":"publish","type":"post","link":"https:\/\/www.celttv.com.ar\/index.php\/2021\/05\/21\/funcionamiento-del-servicio-de-recoleccion-de-residuos-domiciliarios-los-dias-24-y-25\/","title":{"rendered":"Funcionamiento del servicio de recolecci\u00f3n de residuos domiciliarios los d\u00edas 24 y 25"},"content":{"rendered":"\n<p>La Subsecretar\u00eda de Servicios Especiales Urbanos y las delegaciones de Tornquist Municipio informan c\u00f3mo se prestar\u00e1 el servicio de recolecci\u00f3n de residuos domiciliarios durante los feriados del 24 y 25 de mayo.<\/p>\n\n\n\n<p><strong>Tornquist<\/strong><\/p>\n\n\n\n<p>S\u00e1bado 22: si no llueve, normal;<\/p>\n\n\n\n<p>Lunes 24: normal;<\/p>\n\n\n\n<p>Martes 25: no hay servicio.<\/p>\n\n\n\n<p><strong>Sierra de la Ventana<\/strong><\/p>\n\n\n\n<p>Lunes 24: no hay servicio;<\/p>\n\n\n\n<p>Martes 25: normal.<\/p>\n\n\n\n<p><strong>Saldungaray<\/strong><\/p>\n\n\n\n<p>Lunes 24: normal;<\/p>\n\n\n\n<p>Martes 25: no hay servicio.<\/p>\n\n\n\n<p><strong>Villa Ventana<\/strong><\/p>\n\n\n\n<p>Lunes 24: normal;<\/p>\n\n\n\n<p>Martes 25: no hay servicio.<\/p>\n\n\n\n<figure class=\"wp-block-image size-large\"><img loading=\"lazy\" decoding=\"async\" width=\"512\" height=\"288\" src=\"http:\/\/www.celttv.com.ar\/wp-content\/uploads\/2021\/05\/unnamed-2.jpg\" alt=\"\" class=\"wp-image-57867\" srcset=\"https:\/\/www.celttv.com.ar\/wp-content\/uploads\/2021\/05\/unnamed-2.jpg 512w, https:\/\/www.celttv.com.ar\/wp-content\/uploads\/2021\/05\/unnamed-2-300x169.jpg 300w\" sizes=\"auto, (max-width: 512px) 100vw, 512px\" \/><\/figure>\n","protected":false},"excerpt":{"rendered":"<p>La Subsecretar\u00eda de Servicios Especiales Urbanos y las delegaciones de Tornquist Municipio informan c\u00f3mo se prestar\u00e1 el servicio de recolecci\u00f3n de residuos domiciliarios durante los feriados del 24 y 25 de mayo. Tornquist S\u00e1bado 22: si no llueve, normal; Lunes 24: normal; Martes 25: no hay servicio. Sierra de la Ventana Lunes 24: no hay [&hellip;]<\/p>\n","protected":false},"author":1,"featured_media":57866,"comment_status":"closed","ping_status":"open","sticky":false,"template":"","format":"standard","meta":{"footnotes":""},"categories":[55,51,52],"tags":[],"class_list":["post-57865","post","type-post","status-publish","format-standard","has-post-thumbnail","hentry","category-celt-tv-noticias","category-comunidad","category-destacadas"],"yoast_head":"<!-- This site is optimized with the Yoast SEO plugin v19.7.1 - https:\/\/yoast.com\/wordpress\/plugins\/seo\/ -->\n<title>Funcionamiento del servicio de recolecci\u00f3n de residuos domiciliarios los d\u00edas 24 y 25 - CELTTV<\/title>\n<meta name=\"description\" content=\"Sitio web de noticias de la localidad de Tornquist, provincia de Buenos Aires, Rep\u00fablica Argentina. Contenido propio originado por periodistas de CELTTV, el canal de TV local de la Cooperativa El\u00e9ctrica de Tornquist. Turismo, Pol\u00edtica, Sociedad, Deporte, Cultura y todo el contenido de inter\u00e9s general que la gente del pueblo y la regi\u00f3n debe conocer.\" \/>\n<meta name=\"robots\" content=\"index, follow, max-snippet:-1, max-image-preview:large, max-video-preview:-1\" \/>\n<link rel=\"canonical\" href=\"https:\/\/www.celttv.com.ar\/index.php\/2021\/05\/21\/funcionamiento-del-servicio-de-recoleccion-de-residuos-domiciliarios-los-dias-24-y-25\/\" \/>\n<meta property=\"og:locale\" content=\"es_ES\" \/>\n<meta property=\"og:type\" content=\"article\" \/>\n<meta property=\"og:title\" content=\"Funcionamiento del servicio de recolecci\u00f3n de residuos domiciliarios los d\u00edas 24 y 25 - CELTTV\" \/>\n<meta property=\"og:description\" content=\"Sitio web de noticias de la localidad de Tornquist, provincia de Buenos Aires, Rep\u00fablica Argentina. Contenido propio originado por periodistas de CELTTV, el canal de TV local de la Cooperativa El\u00e9ctrica de Tornquist. Turismo, Pol\u00edtica, Sociedad, Deporte, Cultura y todo el contenido de inter\u00e9s general que la gente del pueblo y la regi\u00f3n debe conocer.\" \/>\n<meta property=\"og:url\" content=\"https:\/\/www.celttv.com.ar\/index.php\/2021\/05\/21\/funcionamiento-del-servicio-de-recoleccion-de-residuos-domiciliarios-los-dias-24-y-25\/\" \/>\n<meta property=\"og:site_name\" content=\"CELTTV\" \/>\n<meta property=\"article:publisher\" content=\"https:\/\/www.facebook.com\/celtTV\/\" \/>\n<meta property=\"article:published_time\" content=\"2021-05-21T22:25:37+00:00\" \/>\n<meta property=\"og:image\" content=\"https:\/\/www.celttv.com.ar\/wp-content\/uploads\/2021\/05\/unnamed-1.jpg\" \/>\n\t<meta property=\"og:image:width\" content=\"512\" \/>\n\t<meta property=\"og:image:height\" content=\"288\" \/>\n\t<meta property=\"og:image:type\" content=\"image\/jpeg\" \/>\n<meta name=\"author\" content=\"ulises\" \/>\n<meta name=\"twitter:card\" content=\"summary_large_image\" \/>\n<meta name=\"twitter:label1\" content=\"Escrito por\" \/>\n\t<meta name=\"twitter:data1\" content=\"ulises\" \/>\n<script type=\"application\/ld+json\" class=\"yoast-schema-graph\">{\"@context\":\"https:\/\/schema.org\",\"@graph\":[{\"@type\":\"NewsArticle\",\"@id\":\"https:\/\/www.celttv.com.ar\/index.php\/2021\/05\/21\/funcionamiento-del-servicio-de-recoleccion-de-residuos-domiciliarios-los-dias-24-y-25\/#article\",\"isPartOf\":{\"@id\":\"https:\/\/www.celttv.com.ar\/index.php\/2021\/05\/21\/funcionamiento-del-servicio-de-recoleccion-de-residuos-domiciliarios-los-dias-24-y-25\/\"},\"author\":{\"name\":\"ulises\",\"@id\":\"https:\/\/www.celttv.com.ar\/#\/schema\/person\/6d99c072dba59953809c81446e9d0ace\"},\"headline\":\"Funcionamiento del servicio de recolecci\u00f3n de residuos domiciliarios los d\u00edas 24 y 25\",\"datePublished\":\"2021-05-21T22:25:37+00:00\",\"dateModified\":\"2021-05-21T22:25:37+00:00\",\"mainEntityOfPage\":{\"@id\":\"https:\/\/www.celttv.com.ar\/index.php\/2021\/05\/21\/funcionamiento-del-servicio-de-recoleccion-de-residuos-domiciliarios-los-dias-24-y-25\/\"},\"wordCount\":84,\"publisher\":{\"@id\":\"https:\/\/www.celttv.com.ar\/#organization\"},\"articleSection\":[\"Celt TV Noticias\",\"Comunidad\",\"Destacadas\"],\"inLanguage\":\"es\"},{\"@type\":\"WebPage\",\"@id\":\"https:\/\/www.celttv.com.ar\/index.php\/2021\/05\/21\/funcionamiento-del-servicio-de-recoleccion-de-residuos-domiciliarios-los-dias-24-y-25\/\",\"url\":\"https:\/\/www.celttv.com.ar\/index.php\/2021\/05\/21\/funcionamiento-del-servicio-de-recoleccion-de-residuos-domiciliarios-los-dias-24-y-25\/\",\"name\":\"Funcionamiento del servicio de recolecci\u00f3n de residuos domiciliarios los d\u00edas 24 y 25 - CELTTV\",\"isPartOf\":{\"@id\":\"https:\/\/www.celttv.com.ar\/#website\"},\"datePublished\":\"2021-05-21T22:25:37+00:00\",\"dateModified\":\"2021-05-21T22:25:37+00:00\",\"description\":\"Sitio web de noticias de la localidad de Tornquist, provincia de Buenos Aires, Rep\u00fablica Argentina. Contenido propio originado por periodistas de CELTTV, el canal de TV local de la Cooperativa El\u00e9ctrica de Tornquist. Turismo, Pol\u00edtica, Sociedad, Deporte, Cultura y todo el contenido de inter\u00e9s general que la gente del pueblo y la regi\u00f3n debe conocer.\",\"breadcrumb\":{\"@id\":\"https:\/\/www.celttv.com.ar\/index.php\/2021\/05\/21\/funcionamiento-del-servicio-de-recoleccion-de-residuos-domiciliarios-los-dias-24-y-25\/#breadcrumb\"},\"inLanguage\":\"es\",\"potentialAction\":[{\"@type\":\"ReadAction\",\"target\":[\"https:\/\/www.celttv.com.ar\/index.php\/2021\/05\/21\/funcionamiento-del-servicio-de-recoleccion-de-residuos-domiciliarios-los-dias-24-y-25\/\"]}]},{\"@type\":\"BreadcrumbList\",\"@id\":\"https:\/\/www.celttv.com.ar\/index.php\/2021\/05\/21\/funcionamiento-del-servicio-de-recoleccion-de-residuos-domiciliarios-los-dias-24-y-25\/#breadcrumb\",\"itemListElement\":[{\"@type\":\"ListItem\",\"position\":1,\"name\":\"Inicio\",\"item\":\"https:\/\/www.celttv.com.ar\/\"},{\"@type\":\"ListItem\",\"position\":2,\"name\":\"Funcionamiento del servicio de recolecci\u00f3n de residuos domiciliarios los d\u00edas 24 y 25\"}]},{\"@type\":\"WebSite\",\"@id\":\"https:\/\/www.celttv.com.ar\/#website\",\"url\":\"https:\/\/www.celttv.com.ar\/\",\"name\":\"CELTTV\",\"description\":\"Cooperativa El\u00e9ctrica de Tornquist\",\"publisher\":{\"@id\":\"https:\/\/www.celttv.com.ar\/#organization\"},\"potentialAction\":[{\"@type\":\"SearchAction\",\"target\":{\"@type\":\"EntryPoint\",\"urlTemplate\":\"https:\/\/www.celttv.com.ar\/?s={search_term_string}\"},\"query-input\":\"required name=search_term_string\"}],\"inLanguage\":\"es\"},{\"@type\":\"Organization\",\"@id\":\"https:\/\/www.celttv.com.ar\/#organization\",\"name\":\"CELTTV\",\"url\":\"https:\/\/www.celttv.com.ar\/\",\"sameAs\":[\"https:\/\/www.youtube.com\/channel\/UCz_oIt8Hig64Ub-EmcNPIhg\",\"https:\/\/www.facebook.com\/celtTV\/\"],\"logo\":{\"@type\":\"ImageObject\",\"inLanguage\":\"es\",\"@id\":\"https:\/\/www.celttv.com.ar\/#\/schema\/logo\/image\/\",\"url\":\"http:\/\/www.celttv.com.ar\/wp-content\/uploads\/2022\/08\/logo-1.png\",\"contentUrl\":\"http:\/\/www.celttv.com.ar\/wp-content\/uploads\/2022\/08\/logo-1.png\",\"width\":461,\"height\":159,\"caption\":\"CELTTV\"},\"image\":{\"@id\":\"https:\/\/www.celttv.com.ar\/#\/schema\/logo\/image\/\"}},{\"@type\":\"Person\",\"@id\":\"https:\/\/www.celttv.com.ar\/#\/schema\/person\/6d99c072dba59953809c81446e9d0ace\",\"name\":\"ulises\",\"image\":{\"@type\":\"ImageObject\",\"inLanguage\":\"es\",\"@id\":\"https:\/\/www.celttv.com.ar\/#\/schema\/person\/image\/\",\"url\":\"https:\/\/secure.gravatar.com\/avatar\/7f2c48bdc33b30088f941fb6082e555f2874c98e20cb159d7b92b50eadfce793?s=96&d=mm&r=g\",\"contentUrl\":\"https:\/\/secure.gravatar.com\/avatar\/7f2c48bdc33b30088f941fb6082e555f2874c98e20cb159d7b92b50eadfce793?s=96&d=mm&r=g\",\"caption\":\"ulises\"},\"sameAs\":[\"http:\/\/www.celttv.com.ar\"]}]}<\/script>\n<!-- \/ Yoast SEO plugin. -->","yoast_head_json":{"title":"Funcionamiento del servicio de recolecci\u00f3n de residuos domiciliarios los d\u00edas 24 y 25 - CELTTV","description":"Sitio web de noticias de la localidad de Tornquist, provincia de Buenos Aires, Rep\u00fablica Argentina. Contenido propio originado por periodistas de CELTTV, el canal de TV local de la Cooperativa El\u00e9ctrica de Tornquist. Turismo, Pol\u00edtica, Sociedad, Deporte, Cultura y todo el contenido de inter\u00e9s general que la gente del pueblo y la regi\u00f3n debe conocer.","robots":{"index":"index","follow":"follow","max-snippet":"max-snippet:-1","max-image-preview":"max-image-preview:large","max-video-preview":"max-video-preview:-1"},"canonical":"https:\/\/www.celttv.com.ar\/index.php\/2021\/05\/21\/funcionamiento-del-servicio-de-recoleccion-de-residuos-domiciliarios-los-dias-24-y-25\/","og_locale":"es_ES","og_type":"article","og_title":"Funcionamiento del servicio de recolecci\u00f3n de residuos domiciliarios los d\u00edas 24 y 25 - CELTTV","og_description":"Sitio web de noticias de la localidad de Tornquist, provincia de Buenos Aires, Rep\u00fablica Argentina. Contenido propio originado por periodistas de CELTTV, el canal de TV local de la Cooperativa El\u00e9ctrica de Tornquist. Turismo, Pol\u00edtica, Sociedad, Deporte, Cultura y todo el contenido de inter\u00e9s general que la gente del pueblo y la regi\u00f3n debe conocer.","og_url":"https:\/\/www.celttv.com.ar\/index.php\/2021\/05\/21\/funcionamiento-del-servicio-de-recoleccion-de-residuos-domiciliarios-los-dias-24-y-25\/","og_site_name":"CELTTV","article_publisher":"https:\/\/www.facebook.com\/celtTV\/","article_published_time":"2021-05-21T22:25:37+00:00","og_image":[{"width":512,"height":288,"url":"https:\/\/www.celttv.com.ar\/wp-content\/uploads\/2021\/05\/unnamed-1.jpg","type":"image\/jpeg"}],"author":"ulises","twitter_card":"summary_large_image","twitter_misc":{"Escrito por":"ulises"},"schema":{"@context":"https:\/\/schema.org","@graph":[{"@type":"NewsArticle","@id":"https:\/\/www.celttv.com.ar\/index.php\/2021\/05\/21\/funcionamiento-del-servicio-de-recoleccion-de-residuos-domiciliarios-los-dias-24-y-25\/#article","isPartOf":{"@id":"https:\/\/www.celttv.com.ar\/index.php\/2021\/05\/21\/funcionamiento-del-servicio-de-recoleccion-de-residuos-domiciliarios-los-dias-24-y-25\/"},"author":{"name":"ulises","@id":"https:\/\/www.celttv.com.ar\/#\/schema\/person\/6d99c072dba59953809c81446e9d0ace"},"headline":"Funcionamiento del servicio de recolecci\u00f3n de residuos domiciliarios los d\u00edas 24 y 25","datePublished":"2021-05-21T22:25:37+00:00","dateModified":"2021-05-21T22:25:37+00:00","mainEntityOfPage":{"@id":"https:\/\/www.celttv.com.ar\/index.php\/2021\/05\/21\/funcionamiento-del-servicio-de-recoleccion-de-residuos-domiciliarios-los-dias-24-y-25\/"},"wordCount":84,"publisher":{"@id":"https:\/\/www.celttv.com.ar\/#organization"},"articleSection":["Celt TV Noticias","Comunidad","Destacadas"],"inLanguage":"es"},{"@type":"WebPage","@id":"https:\/\/www.celttv.com.ar\/index.php\/2021\/05\/21\/funcionamiento-del-servicio-de-recoleccion-de-residuos-domiciliarios-los-dias-24-y-25\/","url":"https:\/\/www.celttv.com.ar\/index.php\/2021\/05\/21\/funcionamiento-del-servicio-de-recoleccion-de-residuos-domiciliarios-los-dias-24-y-25\/","name":"Funcionamiento del servicio de recolecci\u00f3n de residuos domiciliarios los d\u00edas 24 y 25 - CELTTV","isPartOf":{"@id":"https:\/\/www.celttv.com.ar\/#website"},"datePublished":"2021-05-21T22:25:37+00:00","dateModified":"2021-05-21T22:25:37+00:00","description":"Sitio web de noticias de la localidad de Tornquist, provincia de Buenos Aires, Rep\u00fablica Argentina. Contenido propio originado por periodistas de CELTTV, el canal de TV local de la Cooperativa El\u00e9ctrica de Tornquist. Turismo, Pol\u00edtica, Sociedad, Deporte, Cultura y todo el contenido de inter\u00e9s general que la gente del pueblo y la regi\u00f3n debe conocer.","breadcrumb":{"@id":"https:\/\/www.celttv.com.ar\/index.php\/2021\/05\/21\/funcionamiento-del-servicio-de-recoleccion-de-residuos-domiciliarios-los-dias-24-y-25\/#breadcrumb"},"inLanguage":"es","potentialAction":[{"@type":"ReadAction","target":["https:\/\/www.celttv.com.ar\/index.php\/2021\/05\/21\/funcionamiento-del-servicio-de-recoleccion-de-residuos-domiciliarios-los-dias-24-y-25\/"]}]},{"@type":"BreadcrumbList","@id":"https:\/\/www.celttv.com.ar\/index.php\/2021\/05\/21\/funcionamiento-del-servicio-de-recoleccion-de-residuos-domiciliarios-los-dias-24-y-25\/#breadcrumb","itemListElement":[{"@type":"ListItem","position":1,"name":"Inicio","item":"https:\/\/www.celttv.com.ar\/"},{"@type":"ListItem","position":2,"name":"Funcionamiento del servicio de recolecci\u00f3n de residuos domiciliarios los d\u00edas 24 y 25"}]},{"@type":"WebSite","@id":"https:\/\/www.celttv.com.ar\/#website","url":"https:\/\/www.celttv.com.ar\/","name":"CELTTV","description":"Cooperativa El\u00e9ctrica de Tornquist","publisher":{"@id":"https:\/\/www.celttv.com.ar\/#organization"},"potentialAction":[{"@type":"SearchAction","target":{"@type":"EntryPoint","urlTemplate":"https:\/\/www.celttv.com.ar\/?s={search_term_string}"},"query-input":"required name=search_term_string"}],"inLanguage":"es"},{"@type":"Organization","@id":"https:\/\/www.celttv.com.ar\/#organization","name":"CELTTV","url":"https:\/\/www.celttv.com.ar\/","sameAs":["https:\/\/www.youtube.com\/channel\/UCz_oIt8Hig64Ub-EmcNPIhg","https:\/\/www.facebook.com\/celtTV\/"],"logo":{"@type":"ImageObject","inLanguage":"es","@id":"https:\/\/www.celttv.com.ar\/#\/schema\/logo\/image\/","url":"http:\/\/www.celttv.com.ar\/wp-content\/uploads\/2022\/08\/logo-1.png","contentUrl":"http:\/\/www.celttv.com.ar\/wp-content\/uploads\/2022\/08\/logo-1.png","width":461,"height":159,"caption":"CELTTV"},"image":{"@id":"https:\/\/www.celttv.com.ar\/#\/schema\/logo\/image\/"}},{"@type":"Person","@id":"https:\/\/www.celttv.com.ar\/#\/schema\/person\/6d99c072dba59953809c81446e9d0ace","name":"ulises","image":{"@type":"ImageObject","inLanguage":"es","@id":"https:\/\/www.celttv.com.ar\/#\/schema\/person\/image\/","url":"https:\/\/secure.gravatar.com\/avatar\/7f2c48bdc33b30088f941fb6082e555f2874c98e20cb159d7b92b50eadfce793?s=96&d=mm&r=g","contentUrl":"https:\/\/secure.gravatar.com\/avatar\/7f2c48bdc33b30088f941fb6082e555f2874c98e20cb159d7b92b50eadfce793?s=96&d=mm&r=g","caption":"ulises"},"sameAs":["http:\/\/www.celttv.com.ar"]}]}},"_links":{"self":[{"href":"https:\/\/www.celttv.com.ar\/index.php\/wp-json\/wp\/v2\/posts\/57865","targetHints":{"allow":["GET"]}}],"collection":[{"href":"https:\/\/www.celttv.com.ar\/index.php\/wp-json\/wp\/v2\/posts"}],"about":[{"href":"https:\/\/www.celttv.com.ar\/index.php\/wp-json\/wp\/v2\/types\/post"}],"author":[{"embeddable":true,"href":"https:\/\/www.celttv.com.ar\/index.php\/wp-json\/wp\/v2\/users\/1"}],"replies":[{"embeddable":true,"href":"https:\/\/www.celttv.com.ar\/index.php\/wp-json\/wp\/v2\/comments?post=57865"}],"version-history":[{"count":0,"href":"https:\/\/www.celttv.com.ar\/index.php\/wp-json\/wp\/v2\/posts\/57865\/revisions"}],"wp:featuredmedia":[{"embeddable":true,"href":"https:\/\/www.celttv.com.ar\/index.php\/wp-json\/wp\/v2\/media\/57866"}],"wp:attachment":[{"href":"https:\/\/www.celttv.com.ar\/index.php\/wp-json\/wp\/v2\/media?parent=57865"}],"wp:term":[{"taxonomy":"category","embeddable":true,"href":"https:\/\/www.celttv.com.ar\/index.php\/wp-json\/wp\/v2\/categories?post=57865"},{"taxonomy":"post_tag","embeddable":true,"href":"https:\/\/www.celttv.com.ar\/index.php\/wp-json\/wp\/v2\/tags?post=57865"}],"curies":[{"name":"wp","href":"https:\/\/api.w.org\/{rel}","templated":true}]}}