{"id":57873,"date":"2021-05-21T23:23:37","date_gmt":"2021-05-21T23:23:37","guid":{"rendered":"http:\/\/www.celttv.com.ar\/?p=57873"},"modified":"2021-05-21T23:23:37","modified_gmt":"2021-05-21T23:23:37","slug":"tornquist-dara-cumplimiento-a-las-nuevas-medidas","status":"publish","type":"post","link":"https:\/\/www.celttv.com.ar\/index.php\/2021\/05\/21\/tornquist-dara-cumplimiento-a-las-nuevas-medidas\/","title":{"rendered":"Tornquist dar\u00e1 cumplimiento a las nuevas medidas"},"content":{"rendered":"\n<p>Tornquist Municipio informa a la comunidad, que el distrito acatar\u00e1 y dar\u00e1 cumplimiento al decreto anunciado este jueves por el Gobierno Nacional y ratificado por el gobierno de la Provincia de Buenos Aires.&nbsp;<\/p>\n\n\n\n<p>El mismo establece que todos los municipio que se encuentran en fase 3, deber\u00e1n iniciar un confinamiento estricto de nueve d\u00edas, a los fines de reducir la circulaci\u00f3n y evitar el colapso del sistema sanitario.&nbsp;<\/p>\n\n\n\n<p>Por tal motivo, a partir de las 00 hs de este s\u00e1bado y hasta el domingo 30 de mayo inclusive, se deber\u00e1 cumplimentar las medidas expuestas por el Presidente de la Naci\u00f3n. En el transcurso de ma\u00f1ana, se detallaran los alcances de las disposiciones, ya que el municipio a\u00fan est\u00e1 a la espera de los decretos.&nbsp;<\/p>\n\n\n\n<p>En los \u00faltimos d\u00edas, los casos activos de Covid-19, crecieron notoriamente en varias localidades de nuestro distrito, por esto, es esencial que todos los habitantes cumplimenten lo establecido, para poder frenar la curva de contagios y retomar las actividades en las fechas establecidas.<\/p>\n\n\n\n<p><strong>Direcci\u00f3n de Comunicaci\u00f3n<\/strong><\/p>\n\n\n\n<p>Tornquist Municipio<\/p>\n\n\n\n<figure class=\"wp-block-image size-large\"><img loading=\"lazy\" decoding=\"async\" width=\"777\" height=\"437\" src=\"http:\/\/www.celttv.com.ar\/wp-content\/uploads\/2021\/05\/tornquist-desde-el-aire-1-777x437-1.jpg\" alt=\"\" class=\"wp-image-57874\" srcset=\"https:\/\/www.celttv.com.ar\/wp-content\/uploads\/2021\/05\/tornquist-desde-el-aire-1-777x437-1.jpg 777w, https:\/\/www.celttv.com.ar\/wp-content\/uploads\/2021\/05\/tornquist-desde-el-aire-1-777x437-1-300x169.jpg 300w, https:\/\/www.celttv.com.ar\/wp-content\/uploads\/2021\/05\/tornquist-desde-el-aire-1-777x437-1-768x432.jpg 768w, https:\/\/www.celttv.com.ar\/wp-content\/uploads\/2021\/05\/tornquist-desde-el-aire-1-777x437-1-750x422.jpg 750w\" sizes=\"auto, (max-width: 777px) 100vw, 777px\" \/><\/figure>\n","protected":false},"excerpt":{"rendered":"<p>Tornquist Municipio informa a la comunidad, que el distrito acatar\u00e1 y dar\u00e1 cumplimiento al decreto anunciado este jueves por el Gobierno Nacional y ratificado por el gobierno de la Provincia de Buenos Aires.&nbsp; El mismo establece que todos los municipio que se encuentran en fase 3, deber\u00e1n iniciar un confinamiento estricto de nueve d\u00edas, a [&hellip;]<\/p>\n","protected":false},"author":1,"featured_media":57874,"comment_status":"closed","ping_status":"open","sticky":false,"template":"","format":"standard","meta":{"footnotes":""},"categories":[55,51,52],"tags":[],"class_list":["post-57873","post","type-post","status-publish","format-standard","has-post-thumbnail","hentry","category-celt-tv-noticias","category-comunidad","category-destacadas"],"yoast_head":"<!-- This site is optimized with the Yoast SEO plugin v19.7.1 - https:\/\/yoast.com\/wordpress\/plugins\/seo\/ -->\n<title>Tornquist dar\u00e1 cumplimiento a las nuevas medidas - CELTTV<\/title>\n<meta name=\"description\" content=\"Sitio web de noticias de la localidad de Tornquist, provincia de Buenos Aires, Rep\u00fablica Argentina. Contenido propio originado por periodistas de CELTTV, el canal de TV local de la Cooperativa El\u00e9ctrica de Tornquist. Turismo, Pol\u00edtica, Sociedad, Deporte, Cultura y todo el contenido de inter\u00e9s general que la gente del pueblo y la regi\u00f3n debe conocer.\" \/>\n<meta name=\"robots\" content=\"index, follow, max-snippet:-1, max-image-preview:large, max-video-preview:-1\" \/>\n<link rel=\"canonical\" href=\"https:\/\/www.celttv.com.ar\/index.php\/2021\/05\/21\/tornquist-dara-cumplimiento-a-las-nuevas-medidas\/\" \/>\n<meta property=\"og:locale\" content=\"es_ES\" \/>\n<meta property=\"og:type\" content=\"article\" \/>\n<meta property=\"og:title\" content=\"Tornquist dar\u00e1 cumplimiento a las nuevas medidas - CELTTV\" \/>\n<meta property=\"og:description\" content=\"Sitio web de noticias de la localidad de Tornquist, provincia de Buenos Aires, Rep\u00fablica Argentina. Contenido propio originado por periodistas de CELTTV, el canal de TV local de la Cooperativa El\u00e9ctrica de Tornquist. Turismo, Pol\u00edtica, Sociedad, Deporte, Cultura y todo el contenido de inter\u00e9s general que la gente del pueblo y la regi\u00f3n debe conocer.\" \/>\n<meta property=\"og:url\" content=\"https:\/\/www.celttv.com.ar\/index.php\/2021\/05\/21\/tornquist-dara-cumplimiento-a-las-nuevas-medidas\/\" \/>\n<meta property=\"og:site_name\" content=\"CELTTV\" \/>\n<meta property=\"article:publisher\" content=\"https:\/\/www.facebook.com\/celtTV\/\" \/>\n<meta property=\"article:published_time\" content=\"2021-05-21T23:23:37+00:00\" \/>\n<meta property=\"og:image\" content=\"https:\/\/www.celttv.com.ar\/wp-content\/uploads\/2021\/05\/tornquist-desde-el-aire-1-777x437-1.jpg\" \/>\n\t<meta property=\"og:image:width\" content=\"777\" \/>\n\t<meta property=\"og:image:height\" content=\"437\" \/>\n\t<meta property=\"og:image:type\" content=\"image\/jpeg\" \/>\n<meta name=\"author\" content=\"ulises\" \/>\n<meta name=\"twitter:card\" content=\"summary_large_image\" \/>\n<meta name=\"twitter:label1\" content=\"Escrito por\" \/>\n\t<meta name=\"twitter:data1\" content=\"ulises\" \/>\n\t<meta name=\"twitter:label2\" content=\"Tiempo de lectura\" \/>\n\t<meta name=\"twitter:data2\" content=\"1 minuto\" \/>\n<script type=\"application\/ld+json\" class=\"yoast-schema-graph\">{\"@context\":\"https:\/\/schema.org\",\"@graph\":[{\"@type\":\"NewsArticle\",\"@id\":\"https:\/\/www.celttv.com.ar\/index.php\/2021\/05\/21\/tornquist-dara-cumplimiento-a-las-nuevas-medidas\/#article\",\"isPartOf\":{\"@id\":\"https:\/\/www.celttv.com.ar\/index.php\/2021\/05\/21\/tornquist-dara-cumplimiento-a-las-nuevas-medidas\/\"},\"author\":{\"name\":\"ulises\",\"@id\":\"https:\/\/www.celttv.com.ar\/#\/schema\/person\/6d99c072dba59953809c81446e9d0ace\"},\"headline\":\"Tornquist dar\u00e1 cumplimiento a las nuevas medidas\",\"datePublished\":\"2021-05-21T23:23:37+00:00\",\"dateModified\":\"2021-05-21T23:23:37+00:00\",\"mainEntityOfPage\":{\"@id\":\"https:\/\/www.celttv.com.ar\/index.php\/2021\/05\/21\/tornquist-dara-cumplimiento-a-las-nuevas-medidas\/\"},\"wordCount\":189,\"publisher\":{\"@id\":\"https:\/\/www.celttv.com.ar\/#organization\"},\"articleSection\":[\"Celt TV Noticias\",\"Comunidad\",\"Destacadas\"],\"inLanguage\":\"es\"},{\"@type\":\"WebPage\",\"@id\":\"https:\/\/www.celttv.com.ar\/index.php\/2021\/05\/21\/tornquist-dara-cumplimiento-a-las-nuevas-medidas\/\",\"url\":\"https:\/\/www.celttv.com.ar\/index.php\/2021\/05\/21\/tornquist-dara-cumplimiento-a-las-nuevas-medidas\/\",\"name\":\"Tornquist dar\u00e1 cumplimiento a las nuevas medidas - CELTTV\",\"isPartOf\":{\"@id\":\"https:\/\/www.celttv.com.ar\/#website\"},\"datePublished\":\"2021-05-21T23:23:37+00:00\",\"dateModified\":\"2021-05-21T23:23:37+00:00\",\"description\":\"Sitio web de noticias de la localidad de Tornquist, provincia de Buenos Aires, Rep\u00fablica Argentina. Contenido propio originado por periodistas de CELTTV, el canal de TV local de la Cooperativa El\u00e9ctrica de Tornquist. Turismo, Pol\u00edtica, Sociedad, Deporte, Cultura y todo el contenido de inter\u00e9s general que la gente del pueblo y la regi\u00f3n debe conocer.\",\"breadcrumb\":{\"@id\":\"https:\/\/www.celttv.com.ar\/index.php\/2021\/05\/21\/tornquist-dara-cumplimiento-a-las-nuevas-medidas\/#breadcrumb\"},\"inLanguage\":\"es\",\"potentialAction\":[{\"@type\":\"ReadAction\",\"target\":[\"https:\/\/www.celttv.com.ar\/index.php\/2021\/05\/21\/tornquist-dara-cumplimiento-a-las-nuevas-medidas\/\"]}]},{\"@type\":\"BreadcrumbList\",\"@id\":\"https:\/\/www.celttv.com.ar\/index.php\/2021\/05\/21\/tornquist-dara-cumplimiento-a-las-nuevas-medidas\/#breadcrumb\",\"itemListElement\":[{\"@type\":\"ListItem\",\"position\":1,\"name\":\"Inicio\",\"item\":\"https:\/\/www.celttv.com.ar\/\"},{\"@type\":\"ListItem\",\"position\":2,\"name\":\"Tornquist dar\u00e1 cumplimiento a las nuevas medidas\"}]},{\"@type\":\"WebSite\",\"@id\":\"https:\/\/www.celttv.com.ar\/#website\",\"url\":\"https:\/\/www.celttv.com.ar\/\",\"name\":\"CELTTV\",\"description\":\"Cooperativa El\u00e9ctrica de Tornquist\",\"publisher\":{\"@id\":\"https:\/\/www.celttv.com.ar\/#organization\"},\"potentialAction\":[{\"@type\":\"SearchAction\",\"target\":{\"@type\":\"EntryPoint\",\"urlTemplate\":\"https:\/\/www.celttv.com.ar\/?s={search_term_string}\"},\"query-input\":\"required name=search_term_string\"}],\"inLanguage\":\"es\"},{\"@type\":\"Organization\",\"@id\":\"https:\/\/www.celttv.com.ar\/#organization\",\"name\":\"CELTTV\",\"url\":\"https:\/\/www.celttv.com.ar\/\",\"sameAs\":[\"https:\/\/www.youtube.com\/channel\/UCz_oIt8Hig64Ub-EmcNPIhg\",\"https:\/\/www.facebook.com\/celtTV\/\"],\"logo\":{\"@type\":\"ImageObject\",\"inLanguage\":\"es\",\"@id\":\"https:\/\/www.celttv.com.ar\/#\/schema\/logo\/image\/\",\"url\":\"http:\/\/www.celttv.com.ar\/wp-content\/uploads\/2022\/08\/logo-1.png\",\"contentUrl\":\"http:\/\/www.celttv.com.ar\/wp-content\/uploads\/2022\/08\/logo-1.png\",\"width\":461,\"height\":159,\"caption\":\"CELTTV\"},\"image\":{\"@id\":\"https:\/\/www.celttv.com.ar\/#\/schema\/logo\/image\/\"}},{\"@type\":\"Person\",\"@id\":\"https:\/\/www.celttv.com.ar\/#\/schema\/person\/6d99c072dba59953809c81446e9d0ace\",\"name\":\"ulises\",\"image\":{\"@type\":\"ImageObject\",\"inLanguage\":\"es\",\"@id\":\"https:\/\/www.celttv.com.ar\/#\/schema\/person\/image\/\",\"url\":\"https:\/\/secure.gravatar.com\/avatar\/7f2c48bdc33b30088f941fb6082e555f2874c98e20cb159d7b92b50eadfce793?s=96&d=mm&r=g\",\"contentUrl\":\"https:\/\/secure.gravatar.com\/avatar\/7f2c48bdc33b30088f941fb6082e555f2874c98e20cb159d7b92b50eadfce793?s=96&d=mm&r=g\",\"caption\":\"ulises\"},\"sameAs\":[\"http:\/\/www.celttv.com.ar\"]}]}<\/script>\n<!-- \/ Yoast SEO plugin. -->","yoast_head_json":{"title":"Tornquist dar\u00e1 cumplimiento a las nuevas medidas - CELTTV","description":"Sitio web de noticias de la localidad de Tornquist, provincia de Buenos Aires, Rep\u00fablica Argentina. Contenido propio originado por periodistas de CELTTV, el canal de TV local de la Cooperativa El\u00e9ctrica de Tornquist. Turismo, Pol\u00edtica, Sociedad, Deporte, Cultura y todo el contenido de inter\u00e9s general que la gente del pueblo y la regi\u00f3n debe conocer.","robots":{"index":"index","follow":"follow","max-snippet":"max-snippet:-1","max-image-preview":"max-image-preview:large","max-video-preview":"max-video-preview:-1"},"canonical":"https:\/\/www.celttv.com.ar\/index.php\/2021\/05\/21\/tornquist-dara-cumplimiento-a-las-nuevas-medidas\/","og_locale":"es_ES","og_type":"article","og_title":"Tornquist dar\u00e1 cumplimiento a las nuevas medidas - CELTTV","og_description":"Sitio web de noticias de la localidad de Tornquist, provincia de Buenos Aires, Rep\u00fablica Argentina. Contenido propio originado por periodistas de CELTTV, el canal de TV local de la Cooperativa El\u00e9ctrica de Tornquist. Turismo, Pol\u00edtica, Sociedad, Deporte, Cultura y todo el contenido de inter\u00e9s general que la gente del pueblo y la regi\u00f3n debe conocer.","og_url":"https:\/\/www.celttv.com.ar\/index.php\/2021\/05\/21\/tornquist-dara-cumplimiento-a-las-nuevas-medidas\/","og_site_name":"CELTTV","article_publisher":"https:\/\/www.facebook.com\/celtTV\/","article_published_time":"2021-05-21T23:23:37+00:00","og_image":[{"width":777,"height":437,"url":"https:\/\/www.celttv.com.ar\/wp-content\/uploads\/2021\/05\/tornquist-desde-el-aire-1-777x437-1.jpg","type":"image\/jpeg"}],"author":"ulises","twitter_card":"summary_large_image","twitter_misc":{"Escrito por":"ulises","Tiempo de lectura":"1 minuto"},"schema":{"@context":"https:\/\/schema.org","@graph":[{"@type":"NewsArticle","@id":"https:\/\/www.celttv.com.ar\/index.php\/2021\/05\/21\/tornquist-dara-cumplimiento-a-las-nuevas-medidas\/#article","isPartOf":{"@id":"https:\/\/www.celttv.com.ar\/index.php\/2021\/05\/21\/tornquist-dara-cumplimiento-a-las-nuevas-medidas\/"},"author":{"name":"ulises","@id":"https:\/\/www.celttv.com.ar\/#\/schema\/person\/6d99c072dba59953809c81446e9d0ace"},"headline":"Tornquist dar\u00e1 cumplimiento a las nuevas medidas","datePublished":"2021-05-21T23:23:37+00:00","dateModified":"2021-05-21T23:23:37+00:00","mainEntityOfPage":{"@id":"https:\/\/www.celttv.com.ar\/index.php\/2021\/05\/21\/tornquist-dara-cumplimiento-a-las-nuevas-medidas\/"},"wordCount":189,"publisher":{"@id":"https:\/\/www.celttv.com.ar\/#organization"},"articleSection":["Celt TV Noticias","Comunidad","Destacadas"],"inLanguage":"es"},{"@type":"WebPage","@id":"https:\/\/www.celttv.com.ar\/index.php\/2021\/05\/21\/tornquist-dara-cumplimiento-a-las-nuevas-medidas\/","url":"https:\/\/www.celttv.com.ar\/index.php\/2021\/05\/21\/tornquist-dara-cumplimiento-a-las-nuevas-medidas\/","name":"Tornquist dar\u00e1 cumplimiento a las nuevas medidas - CELTTV","isPartOf":{"@id":"https:\/\/www.celttv.com.ar\/#website"},"datePublished":"2021-05-21T23:23:37+00:00","dateModified":"2021-05-21T23:23:37+00:00","description":"Sitio web de noticias de la localidad de Tornquist, provincia de Buenos Aires, Rep\u00fablica Argentina. Contenido propio originado por periodistas de CELTTV, el canal de TV local de la Cooperativa El\u00e9ctrica de Tornquist. Turismo, Pol\u00edtica, Sociedad, Deporte, Cultura y todo el contenido de inter\u00e9s general que la gente del pueblo y la regi\u00f3n debe conocer.","breadcrumb":{"@id":"https:\/\/www.celttv.com.ar\/index.php\/2021\/05\/21\/tornquist-dara-cumplimiento-a-las-nuevas-medidas\/#breadcrumb"},"inLanguage":"es","potentialAction":[{"@type":"ReadAction","target":["https:\/\/www.celttv.com.ar\/index.php\/2021\/05\/21\/tornquist-dara-cumplimiento-a-las-nuevas-medidas\/"]}]},{"@type":"BreadcrumbList","@id":"https:\/\/www.celttv.com.ar\/index.php\/2021\/05\/21\/tornquist-dara-cumplimiento-a-las-nuevas-medidas\/#breadcrumb","itemListElement":[{"@type":"ListItem","position":1,"name":"Inicio","item":"https:\/\/www.celttv.com.ar\/"},{"@type":"ListItem","position":2,"name":"Tornquist dar\u00e1 cumplimiento a las nuevas medidas"}]},{"@type":"WebSite","@id":"https:\/\/www.celttv.com.ar\/#website","url":"https:\/\/www.celttv.com.ar\/","name":"CELTTV","description":"Cooperativa El\u00e9ctrica de Tornquist","publisher":{"@id":"https:\/\/www.celttv.com.ar\/#organization"},"potentialAction":[{"@type":"SearchAction","target":{"@type":"EntryPoint","urlTemplate":"https:\/\/www.celttv.com.ar\/?s={search_term_string}"},"query-input":"required name=search_term_string"}],"inLanguage":"es"},{"@type":"Organization","@id":"https:\/\/www.celttv.com.ar\/#organization","name":"CELTTV","url":"https:\/\/www.celttv.com.ar\/","sameAs":["https:\/\/www.youtube.com\/channel\/UCz_oIt8Hig64Ub-EmcNPIhg","https:\/\/www.facebook.com\/celtTV\/"],"logo":{"@type":"ImageObject","inLanguage":"es","@id":"https:\/\/www.celttv.com.ar\/#\/schema\/logo\/image\/","url":"http:\/\/www.celttv.com.ar\/wp-content\/uploads\/2022\/08\/logo-1.png","contentUrl":"http:\/\/www.celttv.com.ar\/wp-content\/uploads\/2022\/08\/logo-1.png","width":461,"height":159,"caption":"CELTTV"},"image":{"@id":"https:\/\/www.celttv.com.ar\/#\/schema\/logo\/image\/"}},{"@type":"Person","@id":"https:\/\/www.celttv.com.ar\/#\/schema\/person\/6d99c072dba59953809c81446e9d0ace","name":"ulises","image":{"@type":"ImageObject","inLanguage":"es","@id":"https:\/\/www.celttv.com.ar\/#\/schema\/person\/image\/","url":"https:\/\/secure.gravatar.com\/avatar\/7f2c48bdc33b30088f941fb6082e555f2874c98e20cb159d7b92b50eadfce793?s=96&d=mm&r=g","contentUrl":"https:\/\/secure.gravatar.com\/avatar\/7f2c48bdc33b30088f941fb6082e555f2874c98e20cb159d7b92b50eadfce793?s=96&d=mm&r=g","caption":"ulises"},"sameAs":["http:\/\/www.celttv.com.ar"]}]}},"_links":{"self":[{"href":"https:\/\/www.celttv.com.ar\/index.php\/wp-json\/wp\/v2\/posts\/57873","targetHints":{"allow":["GET"]}}],"collection":[{"href":"https:\/\/www.celttv.com.ar\/index.php\/wp-json\/wp\/v2\/posts"}],"about":[{"href":"https:\/\/www.celttv.com.ar\/index.php\/wp-json\/wp\/v2\/types\/post"}],"author":[{"embeddable":true,"href":"https:\/\/www.celttv.com.ar\/index.php\/wp-json\/wp\/v2\/users\/1"}],"replies":[{"embeddable":true,"href":"https:\/\/www.celttv.com.ar\/index.php\/wp-json\/wp\/v2\/comments?post=57873"}],"version-history":[{"count":0,"href":"https:\/\/www.celttv.com.ar\/index.php\/wp-json\/wp\/v2\/posts\/57873\/revisions"}],"wp:featuredmedia":[{"embeddable":true,"href":"https:\/\/www.celttv.com.ar\/index.php\/wp-json\/wp\/v2\/media\/57874"}],"wp:attachment":[{"href":"https:\/\/www.celttv.com.ar\/index.php\/wp-json\/wp\/v2\/media?parent=57873"}],"wp:term":[{"taxonomy":"category","embeddable":true,"href":"https:\/\/www.celttv.com.ar\/index.php\/wp-json\/wp\/v2\/categories?post=57873"},{"taxonomy":"post_tag","embeddable":true,"href":"https:\/\/www.celttv.com.ar\/index.php\/wp-json\/wp\/v2\/tags?post=57873"}],"curies":[{"name":"wp","href":"https:\/\/api.w.org\/{rel}","templated":true}]}}