{"id":58015,"date":"2021-06-05T16:39:21","date_gmt":"2021-06-05T16:39:21","guid":{"rendered":"http:\/\/www.celttv.com.ar\/?p=58015"},"modified":"2021-06-05T16:39:21","modified_gmt":"2021-06-05T16:39:21","slug":"construyendo-una-agenda-ambiental-para-el-desarrollo-provincial","status":"publish","type":"post","link":"https:\/\/www.celttv.com.ar\/index.php\/2021\/06\/05\/construyendo-una-agenda-ambiental-para-el-desarrollo-provincial\/","title":{"rendered":"&#8220;Construyendo una agenda ambiental para el desarrollo provincial&#8221;"},"content":{"rendered":"\n<p><strong>La Provincia lanza un ciclo de charlas sobre pol\u00edtica ambiental<\/strong><\/p>\n\n\n\n<p>EDUCACI\u00d3N AMBIENTAL<\/p>\n\n\n\n<p><a><strong>&#8220;Construyendo una agenda ambiental para el desarrollo provincial&#8221;<\/strong><\/a><\/p>\n\n\n\n<p><strong>La Provincia lanza un ciclo de charlas sobre pol\u00edtica ambiental<\/strong><\/p>\n\n\n\n<p><em>La presentaci\u00f3n y el primer encuentro ser\u00e1 el lunes 7 de junio a las 18.00 por el canal oficial de YouTube del OPDS y participar\u00e1n<\/em><em> Carlos Bianco, Juan Brardinelli, Daniela Vilar, Claudio Scaletta y Daniel Schteingart.<\/em><\/p>\n\n\n\n<p>El ciclo \u201cConstruyendo una agenda ambiental para el desarrollo provincial\u201d fue pensado para consolidar la construcci\u00f3n de la agenda ambiental Provincial. <strong>El lunes 7 de junio a las 18.00 se realizar\u00e1 la apertura y el primer encuentro, y se transmitir\u00e1 en vivo por el canal de YouTube del Organismo Provincial para el Desarrollo Sostenible (OPDS)<\/strong>.<\/p>\n\n\n\n<p>La <strong>primera charla &#8220;Ambiente y desarrollo&#8221;<\/strong> estar\u00e1 a cargo del jefe de Gabinete de la provincia de Buenos Aires, Carlos Bianco; el director Ejecutivo del OPDS, Juan Brardinelli; la diputada Nacional por la provincia de Buenos Aires, Daniela Vilar; el economista y coordinador del \u00c1rea de Econom\u00eda y Desarrollo Regional del Centro de Estudios Patagonia (CEP), Claudio Scaletta; y del doctor en Sociolog\u00eda y director del Centro de Estudios para la Producci\u00f3n (CEP-XXI) del Ministerio de Desarrollo Productivo, Daniel Schteingart.<\/p>\n\n\n\n<p>El ciclo, organizado por la Direcci\u00f3n de Educaci\u00f3n Ambiental del OPDS, se desarrollar\u00e1 a partir de charlas a cargo de referentes y personalidades que reflexionar\u00e1n sobre algunos de los ejes tem\u00e1ticos que conforman las distintas dimensiones de la pol\u00edtica ambiental: el desarrollo, la gesti\u00f3n p\u00fablica, la educaci\u00f3n, las pol\u00edticas de g\u00e9nero, el desarrollo sostenible, el h\u00e1bitat y el lugar de la divulgaci\u00f3n cient\u00edfica.<\/p>\n\n\n\n<p>En el primer encuentro, que ser\u00e1 transmitido en vivo por nuestro <a href=\"https:\/\/www.youtube.com\/c\/OPDSAmbienteProvinciaOK\">canal oficial de YouTube<\/a> a las 18.00, la propuesta es pensar los desaf\u00edos vinculados <strong>al<\/strong> <strong>desarrollo y al ambiente<\/strong> en la provincia de Buenos Aires, para proponer estrategias que permitan pensar el desarrollo incluyendo el crecimiento econ\u00f3mico en sinton\u00eda con el compromiso de generar una mejor calidad de vida con perspectiva ambiental.<\/p>\n\n\n\n<p>La invitaci\u00f3n es a escuchar y compartir voces con diferentes perspectivas, que enriquezcan el desarrollo de pol\u00edticas estatales y que garanticen los derechos de las y los bonaerenses.<\/p>\n\n\n\n<figure class=\"wp-block-image size-large\"><img loading=\"lazy\" decoding=\"async\" width=\"756\" height=\"1024\" src=\"http:\/\/www.celttv.com.ar\/wp-content\/uploads\/2021\/06\/Email-Corregido-756x1024.jpg\" alt=\"\" class=\"wp-image-58016\" srcset=\"https:\/\/www.celttv.com.ar\/wp-content\/uploads\/2021\/06\/Email-Corregido-756x1024.jpg 756w, https:\/\/www.celttv.com.ar\/wp-content\/uploads\/2021\/06\/Email-Corregido-221x300.jpg 221w, https:\/\/www.celttv.com.ar\/wp-content\/uploads\/2021\/06\/Email-Corregido-768x1041.jpg 768w, https:\/\/www.celttv.com.ar\/wp-content\/uploads\/2021\/06\/Email-Corregido-1134x1536.jpg 1134w, https:\/\/www.celttv.com.ar\/wp-content\/uploads\/2021\/06\/Email-Corregido-750x1016.jpg 750w, https:\/\/www.celttv.com.ar\/wp-content\/uploads\/2021\/06\/Email-Corregido-1140x1545.jpg 1140w, https:\/\/www.celttv.com.ar\/wp-content\/uploads\/2021\/06\/Email-Corregido.jpg 1200w\" sizes=\"auto, (max-width: 756px) 100vw, 756px\" \/><\/figure>\n","protected":false},"excerpt":{"rendered":"<p>La Provincia lanza un ciclo de charlas sobre pol\u00edtica ambiental EDUCACI\u00d3N AMBIENTAL &#8220;Construyendo una agenda ambiental para el desarrollo provincial&#8221; La Provincia lanza un ciclo de charlas sobre pol\u00edtica ambiental La presentaci\u00f3n y el primer encuentro ser\u00e1 el lunes 7 de junio a las 18.00 por el canal oficial de YouTube del OPDS y participar\u00e1n [&hellip;]<\/p>\n","protected":false},"author":1,"featured_media":58016,"comment_status":"closed","ping_status":"open","sticky":false,"template":"","format":"standard","meta":{"footnotes":""},"categories":[51,52,59,65],"tags":[],"class_list":["post-58015","post","type-post","status-publish","format-standard","has-post-thumbnail","hentry","category-comunidad","category-destacadas","category-municipales","category-produccion"],"yoast_head":"<!-- This site is optimized with the Yoast SEO plugin v19.7.1 - https:\/\/yoast.com\/wordpress\/plugins\/seo\/ -->\n<title>&quot;Construyendo una agenda ambiental para el desarrollo provincial&quot; - CELTTV<\/title>\n<meta name=\"description\" content=\"Sitio web de noticias de la localidad de Tornquist, provincia de Buenos Aires, Rep\u00fablica Argentina. Contenido propio originado por periodistas de CELTTV, el canal de TV local de la Cooperativa El\u00e9ctrica de Tornquist. Turismo, Pol\u00edtica, Sociedad, Deporte, Cultura y todo el contenido de inter\u00e9s general que la gente del pueblo y la regi\u00f3n debe conocer.\" \/>\n<meta name=\"robots\" content=\"index, follow, max-snippet:-1, max-image-preview:large, max-video-preview:-1\" \/>\n<link rel=\"canonical\" href=\"https:\/\/www.celttv.com.ar\/index.php\/2021\/06\/05\/construyendo-una-agenda-ambiental-para-el-desarrollo-provincial\/\" \/>\n<meta property=\"og:locale\" content=\"es_ES\" \/>\n<meta property=\"og:type\" content=\"article\" \/>\n<meta property=\"og:title\" content=\"&quot;Construyendo una agenda ambiental para el desarrollo provincial&quot; - CELTTV\" \/>\n<meta property=\"og:description\" content=\"Sitio web de noticias de la localidad de Tornquist, provincia de Buenos Aires, Rep\u00fablica Argentina. Contenido propio originado por periodistas de CELTTV, el canal de TV local de la Cooperativa El\u00e9ctrica de Tornquist. Turismo, Pol\u00edtica, Sociedad, Deporte, Cultura y todo el contenido de inter\u00e9s general que la gente del pueblo y la regi\u00f3n debe conocer.\" \/>\n<meta property=\"og:url\" content=\"https:\/\/www.celttv.com.ar\/index.php\/2021\/06\/05\/construyendo-una-agenda-ambiental-para-el-desarrollo-provincial\/\" \/>\n<meta property=\"og:site_name\" content=\"CELTTV\" \/>\n<meta property=\"article:publisher\" content=\"https:\/\/www.facebook.com\/celtTV\/\" \/>\n<meta property=\"article:published_time\" content=\"2021-06-05T16:39:21+00:00\" \/>\n<meta property=\"og:image\" content=\"https:\/\/www.celttv.com.ar\/wp-content\/uploads\/2021\/06\/Email-Corregido.jpg\" \/>\n\t<meta property=\"og:image:width\" content=\"1200\" \/>\n\t<meta property=\"og:image:height\" content=\"1626\" \/>\n\t<meta property=\"og:image:type\" content=\"image\/jpeg\" \/>\n<meta name=\"author\" content=\"ulises\" \/>\n<meta name=\"twitter:card\" content=\"summary_large_image\" \/>\n<meta name=\"twitter:label1\" content=\"Escrito por\" \/>\n\t<meta name=\"twitter:data1\" content=\"ulises\" \/>\n\t<meta name=\"twitter:label2\" content=\"Tiempo de lectura\" \/>\n\t<meta name=\"twitter:data2\" content=\"2 minutos\" \/>\n<script type=\"application\/ld+json\" class=\"yoast-schema-graph\">{\"@context\":\"https:\/\/schema.org\",\"@graph\":[{\"@type\":\"NewsArticle\",\"@id\":\"https:\/\/www.celttv.com.ar\/index.php\/2021\/06\/05\/construyendo-una-agenda-ambiental-para-el-desarrollo-provincial\/#article\",\"isPartOf\":{\"@id\":\"https:\/\/www.celttv.com.ar\/index.php\/2021\/06\/05\/construyendo-una-agenda-ambiental-para-el-desarrollo-provincial\/\"},\"author\":{\"name\":\"ulises\",\"@id\":\"https:\/\/www.celttv.com.ar\/#\/schema\/person\/6d99c072dba59953809c81446e9d0ace\"},\"headline\":\"&#8220;Construyendo una agenda ambiental para el desarrollo provincial&#8221;\",\"datePublished\":\"2021-06-05T16:39:21+00:00\",\"dateModified\":\"2021-06-05T16:39:21+00:00\",\"mainEntityOfPage\":{\"@id\":\"https:\/\/www.celttv.com.ar\/index.php\/2021\/06\/05\/construyendo-una-agenda-ambiental-para-el-desarrollo-provincial\/\"},\"wordCount\":385,\"publisher\":{\"@id\":\"https:\/\/www.celttv.com.ar\/#organization\"},\"articleSection\":[\"Comunidad\",\"Destacadas\",\"Municipales\",\"Producci\u00f3n y Medio Ambiente\"],\"inLanguage\":\"es\"},{\"@type\":\"WebPage\",\"@id\":\"https:\/\/www.celttv.com.ar\/index.php\/2021\/06\/05\/construyendo-una-agenda-ambiental-para-el-desarrollo-provincial\/\",\"url\":\"https:\/\/www.celttv.com.ar\/index.php\/2021\/06\/05\/construyendo-una-agenda-ambiental-para-el-desarrollo-provincial\/\",\"name\":\"\\\"Construyendo una agenda ambiental para el desarrollo provincial\\\" - CELTTV\",\"isPartOf\":{\"@id\":\"https:\/\/www.celttv.com.ar\/#website\"},\"datePublished\":\"2021-06-05T16:39:21+00:00\",\"dateModified\":\"2021-06-05T16:39:21+00:00\",\"description\":\"Sitio web de noticias de la localidad de Tornquist, provincia de Buenos Aires, Rep\u00fablica Argentina. Contenido propio originado por periodistas de CELTTV, el canal de TV local de la Cooperativa El\u00e9ctrica de Tornquist. Turismo, Pol\u00edtica, Sociedad, Deporte, Cultura y todo el contenido de inter\u00e9s general que la gente del pueblo y la regi\u00f3n debe conocer.\",\"breadcrumb\":{\"@id\":\"https:\/\/www.celttv.com.ar\/index.php\/2021\/06\/05\/construyendo-una-agenda-ambiental-para-el-desarrollo-provincial\/#breadcrumb\"},\"inLanguage\":\"es\",\"potentialAction\":[{\"@type\":\"ReadAction\",\"target\":[\"https:\/\/www.celttv.com.ar\/index.php\/2021\/06\/05\/construyendo-una-agenda-ambiental-para-el-desarrollo-provincial\/\"]}]},{\"@type\":\"BreadcrumbList\",\"@id\":\"https:\/\/www.celttv.com.ar\/index.php\/2021\/06\/05\/construyendo-una-agenda-ambiental-para-el-desarrollo-provincial\/#breadcrumb\",\"itemListElement\":[{\"@type\":\"ListItem\",\"position\":1,\"name\":\"Inicio\",\"item\":\"https:\/\/www.celttv.com.ar\/\"},{\"@type\":\"ListItem\",\"position\":2,\"name\":\"&#8220;Construyendo una agenda ambiental para el desarrollo provincial&#8221;\"}]},{\"@type\":\"WebSite\",\"@id\":\"https:\/\/www.celttv.com.ar\/#website\",\"url\":\"https:\/\/www.celttv.com.ar\/\",\"name\":\"CELTTV\",\"description\":\"Cooperativa El\u00e9ctrica de Tornquist\",\"publisher\":{\"@id\":\"https:\/\/www.celttv.com.ar\/#organization\"},\"potentialAction\":[{\"@type\":\"SearchAction\",\"target\":{\"@type\":\"EntryPoint\",\"urlTemplate\":\"https:\/\/www.celttv.com.ar\/?s={search_term_string}\"},\"query-input\":\"required name=search_term_string\"}],\"inLanguage\":\"es\"},{\"@type\":\"Organization\",\"@id\":\"https:\/\/www.celttv.com.ar\/#organization\",\"name\":\"CELTTV\",\"url\":\"https:\/\/www.celttv.com.ar\/\",\"sameAs\":[\"https:\/\/www.youtube.com\/channel\/UCz_oIt8Hig64Ub-EmcNPIhg\",\"https:\/\/www.facebook.com\/celtTV\/\"],\"logo\":{\"@type\":\"ImageObject\",\"inLanguage\":\"es\",\"@id\":\"https:\/\/www.celttv.com.ar\/#\/schema\/logo\/image\/\",\"url\":\"http:\/\/www.celttv.com.ar\/wp-content\/uploads\/2022\/08\/logo-1.png\",\"contentUrl\":\"http:\/\/www.celttv.com.ar\/wp-content\/uploads\/2022\/08\/logo-1.png\",\"width\":461,\"height\":159,\"caption\":\"CELTTV\"},\"image\":{\"@id\":\"https:\/\/www.celttv.com.ar\/#\/schema\/logo\/image\/\"}},{\"@type\":\"Person\",\"@id\":\"https:\/\/www.celttv.com.ar\/#\/schema\/person\/6d99c072dba59953809c81446e9d0ace\",\"name\":\"ulises\",\"image\":{\"@type\":\"ImageObject\",\"inLanguage\":\"es\",\"@id\":\"https:\/\/www.celttv.com.ar\/#\/schema\/person\/image\/\",\"url\":\"https:\/\/secure.gravatar.com\/avatar\/7f2c48bdc33b30088f941fb6082e555f2874c98e20cb159d7b92b50eadfce793?s=96&d=mm&r=g\",\"contentUrl\":\"https:\/\/secure.gravatar.com\/avatar\/7f2c48bdc33b30088f941fb6082e555f2874c98e20cb159d7b92b50eadfce793?s=96&d=mm&r=g\",\"caption\":\"ulises\"},\"sameAs\":[\"http:\/\/www.celttv.com.ar\"]}]}<\/script>\n<!-- \/ Yoast SEO plugin. -->","yoast_head_json":{"title":"\"Construyendo una agenda ambiental para el desarrollo provincial\" - CELTTV","description":"Sitio web de noticias de la localidad de Tornquist, provincia de Buenos Aires, Rep\u00fablica Argentina. Contenido propio originado por periodistas de CELTTV, el canal de TV local de la Cooperativa El\u00e9ctrica de Tornquist. Turismo, Pol\u00edtica, Sociedad, Deporte, Cultura y todo el contenido de inter\u00e9s general que la gente del pueblo y la regi\u00f3n debe conocer.","robots":{"index":"index","follow":"follow","max-snippet":"max-snippet:-1","max-image-preview":"max-image-preview:large","max-video-preview":"max-video-preview:-1"},"canonical":"https:\/\/www.celttv.com.ar\/index.php\/2021\/06\/05\/construyendo-una-agenda-ambiental-para-el-desarrollo-provincial\/","og_locale":"es_ES","og_type":"article","og_title":"\"Construyendo una agenda ambiental para el desarrollo provincial\" - CELTTV","og_description":"Sitio web de noticias de la localidad de Tornquist, provincia de Buenos Aires, Rep\u00fablica Argentina. Contenido propio originado por periodistas de CELTTV, el canal de TV local de la Cooperativa El\u00e9ctrica de Tornquist. Turismo, Pol\u00edtica, Sociedad, Deporte, Cultura y todo el contenido de inter\u00e9s general que la gente del pueblo y la regi\u00f3n debe conocer.","og_url":"https:\/\/www.celttv.com.ar\/index.php\/2021\/06\/05\/construyendo-una-agenda-ambiental-para-el-desarrollo-provincial\/","og_site_name":"CELTTV","article_publisher":"https:\/\/www.facebook.com\/celtTV\/","article_published_time":"2021-06-05T16:39:21+00:00","og_image":[{"width":1200,"height":1626,"url":"https:\/\/www.celttv.com.ar\/wp-content\/uploads\/2021\/06\/Email-Corregido.jpg","type":"image\/jpeg"}],"author":"ulises","twitter_card":"summary_large_image","twitter_misc":{"Escrito por":"ulises","Tiempo de lectura":"2 minutos"},"schema":{"@context":"https:\/\/schema.org","@graph":[{"@type":"NewsArticle","@id":"https:\/\/www.celttv.com.ar\/index.php\/2021\/06\/05\/construyendo-una-agenda-ambiental-para-el-desarrollo-provincial\/#article","isPartOf":{"@id":"https:\/\/www.celttv.com.ar\/index.php\/2021\/06\/05\/construyendo-una-agenda-ambiental-para-el-desarrollo-provincial\/"},"author":{"name":"ulises","@id":"https:\/\/www.celttv.com.ar\/#\/schema\/person\/6d99c072dba59953809c81446e9d0ace"},"headline":"&#8220;Construyendo una agenda ambiental para el desarrollo provincial&#8221;","datePublished":"2021-06-05T16:39:21+00:00","dateModified":"2021-06-05T16:39:21+00:00","mainEntityOfPage":{"@id":"https:\/\/www.celttv.com.ar\/index.php\/2021\/06\/05\/construyendo-una-agenda-ambiental-para-el-desarrollo-provincial\/"},"wordCount":385,"publisher":{"@id":"https:\/\/www.celttv.com.ar\/#organization"},"articleSection":["Comunidad","Destacadas","Municipales","Producci\u00f3n y Medio Ambiente"],"inLanguage":"es"},{"@type":"WebPage","@id":"https:\/\/www.celttv.com.ar\/index.php\/2021\/06\/05\/construyendo-una-agenda-ambiental-para-el-desarrollo-provincial\/","url":"https:\/\/www.celttv.com.ar\/index.php\/2021\/06\/05\/construyendo-una-agenda-ambiental-para-el-desarrollo-provincial\/","name":"\"Construyendo una agenda ambiental para el desarrollo provincial\" - CELTTV","isPartOf":{"@id":"https:\/\/www.celttv.com.ar\/#website"},"datePublished":"2021-06-05T16:39:21+00:00","dateModified":"2021-06-05T16:39:21+00:00","description":"Sitio web de noticias de la localidad de Tornquist, provincia de Buenos Aires, Rep\u00fablica Argentina. Contenido propio originado por periodistas de CELTTV, el canal de TV local de la Cooperativa El\u00e9ctrica de Tornquist. Turismo, Pol\u00edtica, Sociedad, Deporte, Cultura y todo el contenido de inter\u00e9s general que la gente del pueblo y la regi\u00f3n debe conocer.","breadcrumb":{"@id":"https:\/\/www.celttv.com.ar\/index.php\/2021\/06\/05\/construyendo-una-agenda-ambiental-para-el-desarrollo-provincial\/#breadcrumb"},"inLanguage":"es","potentialAction":[{"@type":"ReadAction","target":["https:\/\/www.celttv.com.ar\/index.php\/2021\/06\/05\/construyendo-una-agenda-ambiental-para-el-desarrollo-provincial\/"]}]},{"@type":"BreadcrumbList","@id":"https:\/\/www.celttv.com.ar\/index.php\/2021\/06\/05\/construyendo-una-agenda-ambiental-para-el-desarrollo-provincial\/#breadcrumb","itemListElement":[{"@type":"ListItem","position":1,"name":"Inicio","item":"https:\/\/www.celttv.com.ar\/"},{"@type":"ListItem","position":2,"name":"&#8220;Construyendo una agenda ambiental para el desarrollo provincial&#8221;"}]},{"@type":"WebSite","@id":"https:\/\/www.celttv.com.ar\/#website","url":"https:\/\/www.celttv.com.ar\/","name":"CELTTV","description":"Cooperativa El\u00e9ctrica de Tornquist","publisher":{"@id":"https:\/\/www.celttv.com.ar\/#organization"},"potentialAction":[{"@type":"SearchAction","target":{"@type":"EntryPoint","urlTemplate":"https:\/\/www.celttv.com.ar\/?s={search_term_string}"},"query-input":"required name=search_term_string"}],"inLanguage":"es"},{"@type":"Organization","@id":"https:\/\/www.celttv.com.ar\/#organization","name":"CELTTV","url":"https:\/\/www.celttv.com.ar\/","sameAs":["https:\/\/www.youtube.com\/channel\/UCz_oIt8Hig64Ub-EmcNPIhg","https:\/\/www.facebook.com\/celtTV\/"],"logo":{"@type":"ImageObject","inLanguage":"es","@id":"https:\/\/www.celttv.com.ar\/#\/schema\/logo\/image\/","url":"http:\/\/www.celttv.com.ar\/wp-content\/uploads\/2022\/08\/logo-1.png","contentUrl":"http:\/\/www.celttv.com.ar\/wp-content\/uploads\/2022\/08\/logo-1.png","width":461,"height":159,"caption":"CELTTV"},"image":{"@id":"https:\/\/www.celttv.com.ar\/#\/schema\/logo\/image\/"}},{"@type":"Person","@id":"https:\/\/www.celttv.com.ar\/#\/schema\/person\/6d99c072dba59953809c81446e9d0ace","name":"ulises","image":{"@type":"ImageObject","inLanguage":"es","@id":"https:\/\/www.celttv.com.ar\/#\/schema\/person\/image\/","url":"https:\/\/secure.gravatar.com\/avatar\/7f2c48bdc33b30088f941fb6082e555f2874c98e20cb159d7b92b50eadfce793?s=96&d=mm&r=g","contentUrl":"https:\/\/secure.gravatar.com\/avatar\/7f2c48bdc33b30088f941fb6082e555f2874c98e20cb159d7b92b50eadfce793?s=96&d=mm&r=g","caption":"ulises"},"sameAs":["http:\/\/www.celttv.com.ar"]}]}},"_links":{"self":[{"href":"https:\/\/www.celttv.com.ar\/index.php\/wp-json\/wp\/v2\/posts\/58015","targetHints":{"allow":["GET"]}}],"collection":[{"href":"https:\/\/www.celttv.com.ar\/index.php\/wp-json\/wp\/v2\/posts"}],"about":[{"href":"https:\/\/www.celttv.com.ar\/index.php\/wp-json\/wp\/v2\/types\/post"}],"author":[{"embeddable":true,"href":"https:\/\/www.celttv.com.ar\/index.php\/wp-json\/wp\/v2\/users\/1"}],"replies":[{"embeddable":true,"href":"https:\/\/www.celttv.com.ar\/index.php\/wp-json\/wp\/v2\/comments?post=58015"}],"version-history":[{"count":0,"href":"https:\/\/www.celttv.com.ar\/index.php\/wp-json\/wp\/v2\/posts\/58015\/revisions"}],"wp:featuredmedia":[{"embeddable":true,"href":"https:\/\/www.celttv.com.ar\/index.php\/wp-json\/wp\/v2\/media\/58016"}],"wp:attachment":[{"href":"https:\/\/www.celttv.com.ar\/index.php\/wp-json\/wp\/v2\/media?parent=58015"}],"wp:term":[{"taxonomy":"category","embeddable":true,"href":"https:\/\/www.celttv.com.ar\/index.php\/wp-json\/wp\/v2\/categories?post=58015"},{"taxonomy":"post_tag","embeddable":true,"href":"https:\/\/www.celttv.com.ar\/index.php\/wp-json\/wp\/v2\/tags?post=58015"}],"curies":[{"name":"wp","href":"https:\/\/api.w.org\/{rel}","templated":true}]}}