{"id":58018,"date":"2021-06-05T20:28:32","date_gmt":"2021-06-05T20:28:32","guid":{"rendered":"http:\/\/www.celttv.com.ar\/?p=58018"},"modified":"2021-06-05T20:28:32","modified_gmt":"2021-06-05T20:28:32","slug":"se-realizara-este-domingo-la-procesion-de-corpus-christi","status":"publish","type":"post","link":"https:\/\/www.celttv.com.ar\/index.php\/2021\/06\/05\/se-realizara-este-domingo-la-procesion-de-corpus-christi\/","title":{"rendered":"Se realizar\u00e1 \u00e9ste domingo la Procesi\u00f3n de Corpus Christi"},"content":{"rendered":"\n<p>Este domingo se realizar\u00e1 la Procesi\u00f3n de Corpus Christi, es decir que vamos a ir con Jes\u00fas por las calles.<br>Se estar\u00e1 transmitiendo por el Facebook del Padre Norberto.<\/p>\n\n\n\n<p>La gente pueden acompa\u00f1ar con sus coches. Se ir\u00e1n haciendo paradas en diferentes lugares para ser bendecidos por Jes\u00fas Sacramentado como est\u00e1 en el recorrido<br><\/p>\n\n\n\n<p>Comienza a las 10 con la Misa y a continuaci\u00f3n de la misma la procesi\u00f3n.<\/p>\n\n\n\n<figure class=\"wp-block-image size-large\"><img loading=\"lazy\" decoding=\"async\" width=\"1024\" height=\"439\" src=\"http:\/\/www.celttv.com.ar\/wp-content\/uploads\/2021\/06\/corpus-cristi2-1024x439.jpg\" alt=\"\" class=\"wp-image-58019\" srcset=\"https:\/\/www.celttv.com.ar\/wp-content\/uploads\/2021\/06\/corpus-cristi2-1024x439.jpg 1024w, https:\/\/www.celttv.com.ar\/wp-content\/uploads\/2021\/06\/corpus-cristi2-300x129.jpg 300w, https:\/\/www.celttv.com.ar\/wp-content\/uploads\/2021\/06\/corpus-cristi2-768x329.jpg 768w, https:\/\/www.celttv.com.ar\/wp-content\/uploads\/2021\/06\/corpus-cristi2-750x322.jpg 750w, https:\/\/www.celttv.com.ar\/wp-content\/uploads\/2021\/06\/corpus-cristi2-1140x489.jpg 1140w, https:\/\/www.celttv.com.ar\/wp-content\/uploads\/2021\/06\/corpus-cristi2.jpg 1280w\" sizes=\"auto, (max-width: 1024px) 100vw, 1024px\" \/><\/figure>\n\n\n\n<p><strong>Recorrido de la procesi\u00f3n Corpus Christi 2021<\/strong><br>Iglesia \u2013 Sarmiento<br>Sarmiento \u2013 1\u00aa parada Polic\u00eda e Intendencia<br>Sarmiento \u2013 9 de Julio<br>9 de Julio \u2013 V.Vergara<br>V. Vergara \u2013 Tornquist (2\u00aa parada \u2013 Bomberos)<br>Tornquist \u2013 Espa\u00f1a<br>Espa\u00f1a \u2013 Lamela<br>Lamela \u2013 Moreno<br>Moreno \u2013 Cementerio (3\u00aa parada)<br>Cementerio \u2013 Moreno<br>Moreno \u2013 Filiberto<br>Filiberto \u2013 V.Picado (4\u00aa parada Hogar de noche)<br>Filiberto \u2013 Alem (5\u00aa parada Salita norte)<br>Filiberto \u2013 G\u00fcemes<br>G\u00fcemes \u2013 San Mart\u00edn (6\u00aa parada Hogar San Jos\u00e9)<br>Guemes \u2013 Rawson<br>Rawson \u2013 Uriburu (7 \u00aa parada Centro de Jubilados)<br>Rawson \u2013 JM Rosas<br>JM Rosas \u2013 12 de octubre (8 \u00aa parada- SUM del barrio Sur y salita Sur)<br>12 de Octubre \u2013 Independencia<br>Independencia \u2013 Amarante<br>Amarante \u2013 Broun (9\u00aa parada geri\u00e1trico del hospital)<br>Amarante &#8211; Belgrano<br>Belgrano \u2013 Lavalle<br>Lavalle \u2013 Broun (10\u00aa parada Hospital Municipal)<br>Lavalle \u2013 Belgrano<br>Belgrano \u2013 Italia (11\u00aa parada \u2013 Colegio de hermanas y Hogar Adela Friza)<br>Belgrano \u2013 Rivadavia<br>Rivadavia \u2013 9 de Julio<br>9 de Julio \u2013 Hogar del centro (12\u00aa parada)<br>9 de Julio \u2013 Sarmiento<br>Sarmiento &#8211; Iglesia<\/p>\n","protected":false},"excerpt":{"rendered":"<p>Este domingo se realizar\u00e1 la Procesi\u00f3n de Corpus Christi, es decir que vamos a ir con Jes\u00fas por las calles.Se estar\u00e1 transmitiendo por el Facebook del Padre Norberto. La gente pueden acompa\u00f1ar con sus coches. Se ir\u00e1n haciendo paradas en diferentes lugares para ser bendecidos por Jes\u00fas Sacramentado como est\u00e1 en el recorrido Comienza a [&hellip;]<\/p>\n","protected":false},"author":1,"featured_media":58020,"comment_status":"closed","ping_status":"open","sticky":false,"template":"","format":"standard","meta":{"footnotes":""},"categories":[51,52],"tags":[],"class_list":["post-58018","post","type-post","status-publish","format-standard","has-post-thumbnail","hentry","category-comunidad","category-destacadas"],"yoast_head":"<!-- This site is optimized with the Yoast SEO plugin v19.7.1 - https:\/\/yoast.com\/wordpress\/plugins\/seo\/ -->\n<title>Se realizar\u00e1 \u00e9ste domingo la Procesi\u00f3n de Corpus Christi - CELTTV<\/title>\n<meta name=\"description\" content=\"Sitio web de noticias de la localidad de Tornquist, provincia de Buenos Aires, Rep\u00fablica Argentina. Contenido propio originado por periodistas de CELTTV, el canal de TV local de la Cooperativa El\u00e9ctrica de Tornquist. Turismo, Pol\u00edtica, Sociedad, Deporte, Cultura y todo el contenido de inter\u00e9s general que la gente del pueblo y la regi\u00f3n debe conocer.\" \/>\n<meta name=\"robots\" content=\"index, follow, max-snippet:-1, max-image-preview:large, max-video-preview:-1\" \/>\n<link rel=\"canonical\" href=\"https:\/\/www.celttv.com.ar\/index.php\/2021\/06\/05\/se-realizara-este-domingo-la-procesion-de-corpus-christi\/\" \/>\n<meta property=\"og:locale\" content=\"es_ES\" \/>\n<meta property=\"og:type\" content=\"article\" \/>\n<meta property=\"og:title\" content=\"Se realizar\u00e1 \u00e9ste domingo la Procesi\u00f3n de Corpus Christi - CELTTV\" \/>\n<meta property=\"og:description\" content=\"Sitio web de noticias de la localidad de Tornquist, provincia de Buenos Aires, Rep\u00fablica Argentina. Contenido propio originado por periodistas de CELTTV, el canal de TV local de la Cooperativa El\u00e9ctrica de Tornquist. Turismo, Pol\u00edtica, Sociedad, Deporte, Cultura y todo el contenido de inter\u00e9s general que la gente del pueblo y la regi\u00f3n debe conocer.\" \/>\n<meta property=\"og:url\" content=\"https:\/\/www.celttv.com.ar\/index.php\/2021\/06\/05\/se-realizara-este-domingo-la-procesion-de-corpus-christi\/\" \/>\n<meta property=\"og:site_name\" content=\"CELTTV\" \/>\n<meta property=\"article:publisher\" content=\"https:\/\/www.facebook.com\/celtTV\/\" \/>\n<meta property=\"article:published_time\" content=\"2021-06-05T20:28:32+00:00\" \/>\n<meta property=\"og:image\" content=\"https:\/\/www.celttv.com.ar\/wp-content\/uploads\/2021\/06\/corpus-christi-5.jpg\" \/>\n\t<meta property=\"og:image:width\" content=\"400\" \/>\n\t<meta property=\"og:image:height\" content=\"284\" \/>\n\t<meta property=\"og:image:type\" content=\"image\/jpeg\" \/>\n<meta name=\"author\" content=\"ulises\" \/>\n<meta name=\"twitter:card\" content=\"summary_large_image\" \/>\n<meta name=\"twitter:label1\" content=\"Escrito por\" \/>\n\t<meta name=\"twitter:data1\" content=\"ulises\" \/>\n\t<meta name=\"twitter:label2\" content=\"Tiempo de lectura\" \/>\n\t<meta name=\"twitter:data2\" content=\"1 minuto\" \/>\n<script type=\"application\/ld+json\" class=\"yoast-schema-graph\">{\"@context\":\"https:\/\/schema.org\",\"@graph\":[{\"@type\":\"NewsArticle\",\"@id\":\"https:\/\/www.celttv.com.ar\/index.php\/2021\/06\/05\/se-realizara-este-domingo-la-procesion-de-corpus-christi\/#article\",\"isPartOf\":{\"@id\":\"https:\/\/www.celttv.com.ar\/index.php\/2021\/06\/05\/se-realizara-este-domingo-la-procesion-de-corpus-christi\/\"},\"author\":{\"name\":\"ulises\",\"@id\":\"https:\/\/www.celttv.com.ar\/#\/schema\/person\/6d99c072dba59953809c81446e9d0ace\"},\"headline\":\"Se realizar\u00e1 \u00e9ste domingo la Procesi\u00f3n de Corpus Christi\",\"datePublished\":\"2021-06-05T20:28:32+00:00\",\"dateModified\":\"2021-06-05T20:28:32+00:00\",\"mainEntityOfPage\":{\"@id\":\"https:\/\/www.celttv.com.ar\/index.php\/2021\/06\/05\/se-realizara-este-domingo-la-procesion-de-corpus-christi\/\"},\"wordCount\":207,\"publisher\":{\"@id\":\"https:\/\/www.celttv.com.ar\/#organization\"},\"articleSection\":[\"Comunidad\",\"Destacadas\"],\"inLanguage\":\"es\"},{\"@type\":\"WebPage\",\"@id\":\"https:\/\/www.celttv.com.ar\/index.php\/2021\/06\/05\/se-realizara-este-domingo-la-procesion-de-corpus-christi\/\",\"url\":\"https:\/\/www.celttv.com.ar\/index.php\/2021\/06\/05\/se-realizara-este-domingo-la-procesion-de-corpus-christi\/\",\"name\":\"Se realizar\u00e1 \u00e9ste domingo la Procesi\u00f3n de Corpus Christi - CELTTV\",\"isPartOf\":{\"@id\":\"https:\/\/www.celttv.com.ar\/#website\"},\"datePublished\":\"2021-06-05T20:28:32+00:00\",\"dateModified\":\"2021-06-05T20:28:32+00:00\",\"description\":\"Sitio web de noticias de la localidad de Tornquist, provincia de Buenos Aires, Rep\u00fablica Argentina. Contenido propio originado por periodistas de CELTTV, el canal de TV local de la Cooperativa El\u00e9ctrica de Tornquist. Turismo, Pol\u00edtica, Sociedad, Deporte, Cultura y todo el contenido de inter\u00e9s general que la gente del pueblo y la regi\u00f3n debe conocer.\",\"breadcrumb\":{\"@id\":\"https:\/\/www.celttv.com.ar\/index.php\/2021\/06\/05\/se-realizara-este-domingo-la-procesion-de-corpus-christi\/#breadcrumb\"},\"inLanguage\":\"es\",\"potentialAction\":[{\"@type\":\"ReadAction\",\"target\":[\"https:\/\/www.celttv.com.ar\/index.php\/2021\/06\/05\/se-realizara-este-domingo-la-procesion-de-corpus-christi\/\"]}]},{\"@type\":\"BreadcrumbList\",\"@id\":\"https:\/\/www.celttv.com.ar\/index.php\/2021\/06\/05\/se-realizara-este-domingo-la-procesion-de-corpus-christi\/#breadcrumb\",\"itemListElement\":[{\"@type\":\"ListItem\",\"position\":1,\"name\":\"Inicio\",\"item\":\"https:\/\/www.celttv.com.ar\/\"},{\"@type\":\"ListItem\",\"position\":2,\"name\":\"Se realizar\u00e1 \u00e9ste domingo la Procesi\u00f3n de Corpus Christi\"}]},{\"@type\":\"WebSite\",\"@id\":\"https:\/\/www.celttv.com.ar\/#website\",\"url\":\"https:\/\/www.celttv.com.ar\/\",\"name\":\"CELTTV\",\"description\":\"Cooperativa El\u00e9ctrica de Tornquist\",\"publisher\":{\"@id\":\"https:\/\/www.celttv.com.ar\/#organization\"},\"potentialAction\":[{\"@type\":\"SearchAction\",\"target\":{\"@type\":\"EntryPoint\",\"urlTemplate\":\"https:\/\/www.celttv.com.ar\/?s={search_term_string}\"},\"query-input\":\"required name=search_term_string\"}],\"inLanguage\":\"es\"},{\"@type\":\"Organization\",\"@id\":\"https:\/\/www.celttv.com.ar\/#organization\",\"name\":\"CELTTV\",\"url\":\"https:\/\/www.celttv.com.ar\/\",\"sameAs\":[\"https:\/\/www.youtube.com\/channel\/UCz_oIt8Hig64Ub-EmcNPIhg\",\"https:\/\/www.facebook.com\/celtTV\/\"],\"logo\":{\"@type\":\"ImageObject\",\"inLanguage\":\"es\",\"@id\":\"https:\/\/www.celttv.com.ar\/#\/schema\/logo\/image\/\",\"url\":\"http:\/\/www.celttv.com.ar\/wp-content\/uploads\/2022\/08\/logo-1.png\",\"contentUrl\":\"http:\/\/www.celttv.com.ar\/wp-content\/uploads\/2022\/08\/logo-1.png\",\"width\":461,\"height\":159,\"caption\":\"CELTTV\"},\"image\":{\"@id\":\"https:\/\/www.celttv.com.ar\/#\/schema\/logo\/image\/\"}},{\"@type\":\"Person\",\"@id\":\"https:\/\/www.celttv.com.ar\/#\/schema\/person\/6d99c072dba59953809c81446e9d0ace\",\"name\":\"ulises\",\"image\":{\"@type\":\"ImageObject\",\"inLanguage\":\"es\",\"@id\":\"https:\/\/www.celttv.com.ar\/#\/schema\/person\/image\/\",\"url\":\"https:\/\/secure.gravatar.com\/avatar\/7f2c48bdc33b30088f941fb6082e555f2874c98e20cb159d7b92b50eadfce793?s=96&d=mm&r=g\",\"contentUrl\":\"https:\/\/secure.gravatar.com\/avatar\/7f2c48bdc33b30088f941fb6082e555f2874c98e20cb159d7b92b50eadfce793?s=96&d=mm&r=g\",\"caption\":\"ulises\"},\"sameAs\":[\"http:\/\/www.celttv.com.ar\"]}]}<\/script>\n<!-- \/ Yoast SEO plugin. -->","yoast_head_json":{"title":"Se realizar\u00e1 \u00e9ste domingo la Procesi\u00f3n de Corpus Christi - CELTTV","description":"Sitio web de noticias de la localidad de Tornquist, provincia de Buenos Aires, Rep\u00fablica Argentina. Contenido propio originado por periodistas de CELTTV, el canal de TV local de la Cooperativa El\u00e9ctrica de Tornquist. Turismo, Pol\u00edtica, Sociedad, Deporte, Cultura y todo el contenido de inter\u00e9s general que la gente del pueblo y la regi\u00f3n debe conocer.","robots":{"index":"index","follow":"follow","max-snippet":"max-snippet:-1","max-image-preview":"max-image-preview:large","max-video-preview":"max-video-preview:-1"},"canonical":"https:\/\/www.celttv.com.ar\/index.php\/2021\/06\/05\/se-realizara-este-domingo-la-procesion-de-corpus-christi\/","og_locale":"es_ES","og_type":"article","og_title":"Se realizar\u00e1 \u00e9ste domingo la Procesi\u00f3n de Corpus Christi - CELTTV","og_description":"Sitio web de noticias de la localidad de Tornquist, provincia de Buenos Aires, Rep\u00fablica Argentina. Contenido propio originado por periodistas de CELTTV, el canal de TV local de la Cooperativa El\u00e9ctrica de Tornquist. Turismo, Pol\u00edtica, Sociedad, Deporte, Cultura y todo el contenido de inter\u00e9s general que la gente del pueblo y la regi\u00f3n debe conocer.","og_url":"https:\/\/www.celttv.com.ar\/index.php\/2021\/06\/05\/se-realizara-este-domingo-la-procesion-de-corpus-christi\/","og_site_name":"CELTTV","article_publisher":"https:\/\/www.facebook.com\/celtTV\/","article_published_time":"2021-06-05T20:28:32+00:00","og_image":[{"width":400,"height":284,"url":"https:\/\/www.celttv.com.ar\/wp-content\/uploads\/2021\/06\/corpus-christi-5.jpg","type":"image\/jpeg"}],"author":"ulises","twitter_card":"summary_large_image","twitter_misc":{"Escrito por":"ulises","Tiempo de lectura":"1 minuto"},"schema":{"@context":"https:\/\/schema.org","@graph":[{"@type":"NewsArticle","@id":"https:\/\/www.celttv.com.ar\/index.php\/2021\/06\/05\/se-realizara-este-domingo-la-procesion-de-corpus-christi\/#article","isPartOf":{"@id":"https:\/\/www.celttv.com.ar\/index.php\/2021\/06\/05\/se-realizara-este-domingo-la-procesion-de-corpus-christi\/"},"author":{"name":"ulises","@id":"https:\/\/www.celttv.com.ar\/#\/schema\/person\/6d99c072dba59953809c81446e9d0ace"},"headline":"Se realizar\u00e1 \u00e9ste domingo la Procesi\u00f3n de Corpus Christi","datePublished":"2021-06-05T20:28:32+00:00","dateModified":"2021-06-05T20:28:32+00:00","mainEntityOfPage":{"@id":"https:\/\/www.celttv.com.ar\/index.php\/2021\/06\/05\/se-realizara-este-domingo-la-procesion-de-corpus-christi\/"},"wordCount":207,"publisher":{"@id":"https:\/\/www.celttv.com.ar\/#organization"},"articleSection":["Comunidad","Destacadas"],"inLanguage":"es"},{"@type":"WebPage","@id":"https:\/\/www.celttv.com.ar\/index.php\/2021\/06\/05\/se-realizara-este-domingo-la-procesion-de-corpus-christi\/","url":"https:\/\/www.celttv.com.ar\/index.php\/2021\/06\/05\/se-realizara-este-domingo-la-procesion-de-corpus-christi\/","name":"Se realizar\u00e1 \u00e9ste domingo la Procesi\u00f3n de Corpus Christi - CELTTV","isPartOf":{"@id":"https:\/\/www.celttv.com.ar\/#website"},"datePublished":"2021-06-05T20:28:32+00:00","dateModified":"2021-06-05T20:28:32+00:00","description":"Sitio web de noticias de la localidad de Tornquist, provincia de Buenos Aires, Rep\u00fablica Argentina. Contenido propio originado por periodistas de CELTTV, el canal de TV local de la Cooperativa El\u00e9ctrica de Tornquist. Turismo, Pol\u00edtica, Sociedad, Deporte, Cultura y todo el contenido de inter\u00e9s general que la gente del pueblo y la regi\u00f3n debe conocer.","breadcrumb":{"@id":"https:\/\/www.celttv.com.ar\/index.php\/2021\/06\/05\/se-realizara-este-domingo-la-procesion-de-corpus-christi\/#breadcrumb"},"inLanguage":"es","potentialAction":[{"@type":"ReadAction","target":["https:\/\/www.celttv.com.ar\/index.php\/2021\/06\/05\/se-realizara-este-domingo-la-procesion-de-corpus-christi\/"]}]},{"@type":"BreadcrumbList","@id":"https:\/\/www.celttv.com.ar\/index.php\/2021\/06\/05\/se-realizara-este-domingo-la-procesion-de-corpus-christi\/#breadcrumb","itemListElement":[{"@type":"ListItem","position":1,"name":"Inicio","item":"https:\/\/www.celttv.com.ar\/"},{"@type":"ListItem","position":2,"name":"Se realizar\u00e1 \u00e9ste domingo la Procesi\u00f3n de Corpus Christi"}]},{"@type":"WebSite","@id":"https:\/\/www.celttv.com.ar\/#website","url":"https:\/\/www.celttv.com.ar\/","name":"CELTTV","description":"Cooperativa El\u00e9ctrica de Tornquist","publisher":{"@id":"https:\/\/www.celttv.com.ar\/#organization"},"potentialAction":[{"@type":"SearchAction","target":{"@type":"EntryPoint","urlTemplate":"https:\/\/www.celttv.com.ar\/?s={search_term_string}"},"query-input":"required name=search_term_string"}],"inLanguage":"es"},{"@type":"Organization","@id":"https:\/\/www.celttv.com.ar\/#organization","name":"CELTTV","url":"https:\/\/www.celttv.com.ar\/","sameAs":["https:\/\/www.youtube.com\/channel\/UCz_oIt8Hig64Ub-EmcNPIhg","https:\/\/www.facebook.com\/celtTV\/"],"logo":{"@type":"ImageObject","inLanguage":"es","@id":"https:\/\/www.celttv.com.ar\/#\/schema\/logo\/image\/","url":"http:\/\/www.celttv.com.ar\/wp-content\/uploads\/2022\/08\/logo-1.png","contentUrl":"http:\/\/www.celttv.com.ar\/wp-content\/uploads\/2022\/08\/logo-1.png","width":461,"height":159,"caption":"CELTTV"},"image":{"@id":"https:\/\/www.celttv.com.ar\/#\/schema\/logo\/image\/"}},{"@type":"Person","@id":"https:\/\/www.celttv.com.ar\/#\/schema\/person\/6d99c072dba59953809c81446e9d0ace","name":"ulises","image":{"@type":"ImageObject","inLanguage":"es","@id":"https:\/\/www.celttv.com.ar\/#\/schema\/person\/image\/","url":"https:\/\/secure.gravatar.com\/avatar\/7f2c48bdc33b30088f941fb6082e555f2874c98e20cb159d7b92b50eadfce793?s=96&d=mm&r=g","contentUrl":"https:\/\/secure.gravatar.com\/avatar\/7f2c48bdc33b30088f941fb6082e555f2874c98e20cb159d7b92b50eadfce793?s=96&d=mm&r=g","caption":"ulises"},"sameAs":["http:\/\/www.celttv.com.ar"]}]}},"_links":{"self":[{"href":"https:\/\/www.celttv.com.ar\/index.php\/wp-json\/wp\/v2\/posts\/58018","targetHints":{"allow":["GET"]}}],"collection":[{"href":"https:\/\/www.celttv.com.ar\/index.php\/wp-json\/wp\/v2\/posts"}],"about":[{"href":"https:\/\/www.celttv.com.ar\/index.php\/wp-json\/wp\/v2\/types\/post"}],"author":[{"embeddable":true,"href":"https:\/\/www.celttv.com.ar\/index.php\/wp-json\/wp\/v2\/users\/1"}],"replies":[{"embeddable":true,"href":"https:\/\/www.celttv.com.ar\/index.php\/wp-json\/wp\/v2\/comments?post=58018"}],"version-history":[{"count":0,"href":"https:\/\/www.celttv.com.ar\/index.php\/wp-json\/wp\/v2\/posts\/58018\/revisions"}],"wp:featuredmedia":[{"embeddable":true,"href":"https:\/\/www.celttv.com.ar\/index.php\/wp-json\/wp\/v2\/media\/58020"}],"wp:attachment":[{"href":"https:\/\/www.celttv.com.ar\/index.php\/wp-json\/wp\/v2\/media?parent=58018"}],"wp:term":[{"taxonomy":"category","embeddable":true,"href":"https:\/\/www.celttv.com.ar\/index.php\/wp-json\/wp\/v2\/categories?post=58018"},{"taxonomy":"post_tag","embeddable":true,"href":"https:\/\/www.celttv.com.ar\/index.php\/wp-json\/wp\/v2\/tags?post=58018"}],"curies":[{"name":"wp","href":"https:\/\/api.w.org\/{rel}","templated":true}]}}