{"id":58139,"date":"2021-06-10T03:05:50","date_gmt":"2021-06-10T03:05:50","guid":{"rendered":"http:\/\/www.celttv.com.ar\/?p=58139"},"modified":"2021-06-10T03:05:50","modified_gmt":"2021-06-10T03:05:50","slug":"el-proyecto-de-zona-fria-obtuvo-dictamen-y-se-espera-su-tratamiento-en-diputados","status":"publish","type":"post","link":"https:\/\/www.celttv.com.ar\/index.php\/2021\/06\/10\/el-proyecto-de-zona-fria-obtuvo-dictamen-y-se-espera-su-tratamiento-en-diputados\/","title":{"rendered":"El proyecto de Zona Fr\u00eda obtuvo dictamen y se espera su tratamiento en Diputados"},"content":{"rendered":"\n<p>El plenario de comisiones de Energ\u00eda y Presupuesto de la C\u00e1mara de Diputados de la Naci\u00f3n dio dictamen al proyecto de ley que declara zona fr\u00eda a 50 distritos del interior bonaerense.<\/p>\n\n\n\n<p>&nbsp; &nbsp;El proyecto establece una escala de reducci\u00f3n de tarifa del gas para usuarios seg\u00fan su condici\u00f3n socioecon\u00f3mica para 50 ciudades bonaerenses ubicadas en la Costa Atl\u00e1ntica y el centro sur de la provincia, cuya temperatura promedio en invierno es inferior a los 18 grados, y suma tambi\u00e9n a las provincias de Mendoza, San Juan, San Luis y Salta.<\/p>\n\n\n\n<p>\u00a0 \u00a0De esta manera, la iniciativa oficialista obtuvo el visto favorable para la firma y as\u00ed poder tratarse en la sesi\u00f3n a desarrollarse este jueves, con el objetivo de llegar a una eventual media sanci\u00f3n.<\/p>\n\n\n\n<p>La adhesi\u00f3n qued\u00f3 aprobada de la siguiente forma: 34 acompa\u00f1amientos con 5 disidencias en los miembros de la Comisi\u00f3n de Presupuesto y Hacienda; y 29 adhesiones y 7 disidencias en los integrantes de la Comisi\u00f3n de Energ\u00eda y Combustibles.<\/p>\n\n\n\n<p>&nbsp; &nbsp;De convertirse en ley, los usuarios de esas zonas con temperaturas muy bajas en el invierno tendr\u00e1n una disminuci\u00f3n del 30 % y 50 % en las facturas de gas; mientras que tambi\u00e9n representa una baja en el precio de las garrafas.<\/p>\n\n\n\n<p>&nbsp; &nbsp;La iniciativa beneficiar\u00e1&nbsp;al menos a tres millones de personas que residen en el Partido de La Costa, Pinamar, Villa Gesell, Dolores, Castelli, Maip\u00fa, Tordillo, Mar Chiquita, General Pueyrred\u00f3n, General Alvarado, Lober\u00eda, Necochea, Tres Arroyos, San Cayetano, Coronel Dorrego, General Madariaga, General Lavalle, Monte Hermoso, Coronel Rosales, Bah\u00eda Blanca y Villarino.<\/p>\n\n\n\n<p>&nbsp; &nbsp;Tambi\u00e9n incluye a Patagones, Tandil, Olavarr\u00eda, Azul, General La Madrid, Coronel Su\u00e1rez, Saavedra, Tornquist, Coronel Pringles, Laprida, Benito Ju\u00e1rez, Gonz\u00e1les Ch\u00e1ves, Ayacucho, Rauch, Pellegrini, Salliquel\u00f3, Guamin\u00ed, Tres Lomas, Daireaux, Balcarce, Puan, Adolfo Alsina, Tapalqu\u00e9, General Guido, Bol\u00edvar y Pehuaj\u00f3.<\/p>\n","protected":false},"excerpt":{"rendered":"<p>El plenario de comisiones de Energ\u00eda y Presupuesto de la C\u00e1mara de Diputados de la Naci\u00f3n dio dictamen al proyecto de ley que declara zona fr\u00eda a 50 distritos del interior bonaerense. &nbsp; &nbsp;El proyecto establece una escala de reducci\u00f3n de tarifa del gas para usuarios seg\u00fan su condici\u00f3n socioecon\u00f3mica para 50 ciudades bonaerenses ubicadas [&hellip;]<\/p>\n","protected":false},"author":1,"featured_media":58140,"comment_status":"closed","ping_status":"open","sticky":false,"template":"","format":"standard","meta":{"footnotes":""},"categories":[51,52],"tags":[],"class_list":["post-58139","post","type-post","status-publish","format-standard","has-post-thumbnail","hentry","category-comunidad","category-destacadas"],"yoast_head":"<!-- This site is optimized with the Yoast SEO plugin v19.7.1 - https:\/\/yoast.com\/wordpress\/plugins\/seo\/ -->\n<title>El proyecto de Zona Fr\u00eda obtuvo dictamen y se espera su tratamiento en Diputados - CELTTV<\/title>\n<meta name=\"description\" content=\"Sitio web de noticias de la localidad de Tornquist, provincia de Buenos Aires, Rep\u00fablica Argentina. Contenido propio originado por periodistas de CELTTV, el canal de TV local de la Cooperativa El\u00e9ctrica de Tornquist. Turismo, Pol\u00edtica, Sociedad, Deporte, Cultura y todo el contenido de inter\u00e9s general que la gente del pueblo y la regi\u00f3n debe conocer.\" \/>\n<meta name=\"robots\" content=\"index, follow, max-snippet:-1, max-image-preview:large, max-video-preview:-1\" \/>\n<link rel=\"canonical\" href=\"https:\/\/www.celttv.com.ar\/index.php\/2021\/06\/10\/el-proyecto-de-zona-fria-obtuvo-dictamen-y-se-espera-su-tratamiento-en-diputados\/\" \/>\n<meta property=\"og:locale\" content=\"es_ES\" \/>\n<meta property=\"og:type\" content=\"article\" \/>\n<meta property=\"og:title\" content=\"El proyecto de Zona Fr\u00eda obtuvo dictamen y se espera su tratamiento en Diputados - CELTTV\" \/>\n<meta property=\"og:description\" content=\"Sitio web de noticias de la localidad de Tornquist, provincia de Buenos Aires, Rep\u00fablica Argentina. Contenido propio originado por periodistas de CELTTV, el canal de TV local de la Cooperativa El\u00e9ctrica de Tornquist. Turismo, Pol\u00edtica, Sociedad, Deporte, Cultura y todo el contenido de inter\u00e9s general que la gente del pueblo y la regi\u00f3n debe conocer.\" \/>\n<meta property=\"og:url\" content=\"https:\/\/www.celttv.com.ar\/index.php\/2021\/06\/10\/el-proyecto-de-zona-fria-obtuvo-dictamen-y-se-espera-su-tratamiento-en-diputados\/\" \/>\n<meta property=\"og:site_name\" content=\"CELTTV\" \/>\n<meta property=\"article:publisher\" content=\"https:\/\/www.facebook.com\/celtTV\/\" \/>\n<meta property=\"article:published_time\" content=\"2021-06-10T03:05:50+00:00\" \/>\n<meta property=\"og:image\" content=\"https:\/\/www.celttv.com.ar\/wp-content\/uploads\/2021\/06\/hornalla-mejor.jpg\" \/>\n\t<meta property=\"og:image:width\" content=\"836\" \/>\n\t<meta property=\"og:image:height\" content=\"472\" \/>\n\t<meta property=\"og:image:type\" content=\"image\/jpeg\" \/>\n<meta name=\"author\" content=\"ulises\" \/>\n<meta name=\"twitter:card\" content=\"summary_large_image\" \/>\n<meta name=\"twitter:label1\" content=\"Escrito por\" \/>\n\t<meta name=\"twitter:data1\" content=\"ulises\" \/>\n\t<meta name=\"twitter:label2\" content=\"Tiempo de lectura\" \/>\n\t<meta name=\"twitter:data2\" content=\"2 minutos\" \/>\n<script type=\"application\/ld+json\" class=\"yoast-schema-graph\">{\"@context\":\"https:\/\/schema.org\",\"@graph\":[{\"@type\":\"NewsArticle\",\"@id\":\"https:\/\/www.celttv.com.ar\/index.php\/2021\/06\/10\/el-proyecto-de-zona-fria-obtuvo-dictamen-y-se-espera-su-tratamiento-en-diputados\/#article\",\"isPartOf\":{\"@id\":\"https:\/\/www.celttv.com.ar\/index.php\/2021\/06\/10\/el-proyecto-de-zona-fria-obtuvo-dictamen-y-se-espera-su-tratamiento-en-diputados\/\"},\"author\":{\"name\":\"ulises\",\"@id\":\"https:\/\/www.celttv.com.ar\/#\/schema\/person\/6d99c072dba59953809c81446e9d0ace\"},\"headline\":\"El proyecto de Zona Fr\u00eda obtuvo dictamen y se espera su tratamiento en Diputados\",\"datePublished\":\"2021-06-10T03:05:50+00:00\",\"dateModified\":\"2021-06-10T03:05:50+00:00\",\"mainEntityOfPage\":{\"@id\":\"https:\/\/www.celttv.com.ar\/index.php\/2021\/06\/10\/el-proyecto-de-zona-fria-obtuvo-dictamen-y-se-espera-su-tratamiento-en-diputados\/\"},\"wordCount\":338,\"publisher\":{\"@id\":\"https:\/\/www.celttv.com.ar\/#organization\"},\"articleSection\":[\"Comunidad\",\"Destacadas\"],\"inLanguage\":\"es\"},{\"@type\":\"WebPage\",\"@id\":\"https:\/\/www.celttv.com.ar\/index.php\/2021\/06\/10\/el-proyecto-de-zona-fria-obtuvo-dictamen-y-se-espera-su-tratamiento-en-diputados\/\",\"url\":\"https:\/\/www.celttv.com.ar\/index.php\/2021\/06\/10\/el-proyecto-de-zona-fria-obtuvo-dictamen-y-se-espera-su-tratamiento-en-diputados\/\",\"name\":\"El proyecto de Zona Fr\u00eda obtuvo dictamen y se espera su tratamiento en Diputados - CELTTV\",\"isPartOf\":{\"@id\":\"https:\/\/www.celttv.com.ar\/#website\"},\"datePublished\":\"2021-06-10T03:05:50+00:00\",\"dateModified\":\"2021-06-10T03:05:50+00:00\",\"description\":\"Sitio web de noticias de la localidad de Tornquist, provincia de Buenos Aires, Rep\u00fablica Argentina. Contenido propio originado por periodistas de CELTTV, el canal de TV local de la Cooperativa El\u00e9ctrica de Tornquist. Turismo, Pol\u00edtica, Sociedad, Deporte, Cultura y todo el contenido de inter\u00e9s general que la gente del pueblo y la regi\u00f3n debe conocer.\",\"breadcrumb\":{\"@id\":\"https:\/\/www.celttv.com.ar\/index.php\/2021\/06\/10\/el-proyecto-de-zona-fria-obtuvo-dictamen-y-se-espera-su-tratamiento-en-diputados\/#breadcrumb\"},\"inLanguage\":\"es\",\"potentialAction\":[{\"@type\":\"ReadAction\",\"target\":[\"https:\/\/www.celttv.com.ar\/index.php\/2021\/06\/10\/el-proyecto-de-zona-fria-obtuvo-dictamen-y-se-espera-su-tratamiento-en-diputados\/\"]}]},{\"@type\":\"BreadcrumbList\",\"@id\":\"https:\/\/www.celttv.com.ar\/index.php\/2021\/06\/10\/el-proyecto-de-zona-fria-obtuvo-dictamen-y-se-espera-su-tratamiento-en-diputados\/#breadcrumb\",\"itemListElement\":[{\"@type\":\"ListItem\",\"position\":1,\"name\":\"Inicio\",\"item\":\"https:\/\/www.celttv.com.ar\/\"},{\"@type\":\"ListItem\",\"position\":2,\"name\":\"El proyecto de Zona Fr\u00eda obtuvo dictamen y se espera su tratamiento en Diputados\"}]},{\"@type\":\"WebSite\",\"@id\":\"https:\/\/www.celttv.com.ar\/#website\",\"url\":\"https:\/\/www.celttv.com.ar\/\",\"name\":\"CELTTV\",\"description\":\"Cooperativa El\u00e9ctrica de Tornquist\",\"publisher\":{\"@id\":\"https:\/\/www.celttv.com.ar\/#organization\"},\"potentialAction\":[{\"@type\":\"SearchAction\",\"target\":{\"@type\":\"EntryPoint\",\"urlTemplate\":\"https:\/\/www.celttv.com.ar\/?s={search_term_string}\"},\"query-input\":\"required name=search_term_string\"}],\"inLanguage\":\"es\"},{\"@type\":\"Organization\",\"@id\":\"https:\/\/www.celttv.com.ar\/#organization\",\"name\":\"CELTTV\",\"url\":\"https:\/\/www.celttv.com.ar\/\",\"sameAs\":[\"https:\/\/www.youtube.com\/channel\/UCz_oIt8Hig64Ub-EmcNPIhg\",\"https:\/\/www.facebook.com\/celtTV\/\"],\"logo\":{\"@type\":\"ImageObject\",\"inLanguage\":\"es\",\"@id\":\"https:\/\/www.celttv.com.ar\/#\/schema\/logo\/image\/\",\"url\":\"http:\/\/www.celttv.com.ar\/wp-content\/uploads\/2022\/08\/logo-1.png\",\"contentUrl\":\"http:\/\/www.celttv.com.ar\/wp-content\/uploads\/2022\/08\/logo-1.png\",\"width\":461,\"height\":159,\"caption\":\"CELTTV\"},\"image\":{\"@id\":\"https:\/\/www.celttv.com.ar\/#\/schema\/logo\/image\/\"}},{\"@type\":\"Person\",\"@id\":\"https:\/\/www.celttv.com.ar\/#\/schema\/person\/6d99c072dba59953809c81446e9d0ace\",\"name\":\"ulises\",\"image\":{\"@type\":\"ImageObject\",\"inLanguage\":\"es\",\"@id\":\"https:\/\/www.celttv.com.ar\/#\/schema\/person\/image\/\",\"url\":\"https:\/\/secure.gravatar.com\/avatar\/7f2c48bdc33b30088f941fb6082e555f2874c98e20cb159d7b92b50eadfce793?s=96&d=mm&r=g\",\"contentUrl\":\"https:\/\/secure.gravatar.com\/avatar\/7f2c48bdc33b30088f941fb6082e555f2874c98e20cb159d7b92b50eadfce793?s=96&d=mm&r=g\",\"caption\":\"ulises\"},\"sameAs\":[\"http:\/\/www.celttv.com.ar\"]}]}<\/script>\n<!-- \/ Yoast SEO plugin. -->","yoast_head_json":{"title":"El proyecto de Zona Fr\u00eda obtuvo dictamen y se espera su tratamiento en Diputados - CELTTV","description":"Sitio web de noticias de la localidad de Tornquist, provincia de Buenos Aires, Rep\u00fablica Argentina. Contenido propio originado por periodistas de CELTTV, el canal de TV local de la Cooperativa El\u00e9ctrica de Tornquist. Turismo, Pol\u00edtica, Sociedad, Deporte, Cultura y todo el contenido de inter\u00e9s general que la gente del pueblo y la regi\u00f3n debe conocer.","robots":{"index":"index","follow":"follow","max-snippet":"max-snippet:-1","max-image-preview":"max-image-preview:large","max-video-preview":"max-video-preview:-1"},"canonical":"https:\/\/www.celttv.com.ar\/index.php\/2021\/06\/10\/el-proyecto-de-zona-fria-obtuvo-dictamen-y-se-espera-su-tratamiento-en-diputados\/","og_locale":"es_ES","og_type":"article","og_title":"El proyecto de Zona Fr\u00eda obtuvo dictamen y se espera su tratamiento en Diputados - CELTTV","og_description":"Sitio web de noticias de la localidad de Tornquist, provincia de Buenos Aires, Rep\u00fablica Argentina. Contenido propio originado por periodistas de CELTTV, el canal de TV local de la Cooperativa El\u00e9ctrica de Tornquist. Turismo, Pol\u00edtica, Sociedad, Deporte, Cultura y todo el contenido de inter\u00e9s general que la gente del pueblo y la regi\u00f3n debe conocer.","og_url":"https:\/\/www.celttv.com.ar\/index.php\/2021\/06\/10\/el-proyecto-de-zona-fria-obtuvo-dictamen-y-se-espera-su-tratamiento-en-diputados\/","og_site_name":"CELTTV","article_publisher":"https:\/\/www.facebook.com\/celtTV\/","article_published_time":"2021-06-10T03:05:50+00:00","og_image":[{"width":836,"height":472,"url":"https:\/\/www.celttv.com.ar\/wp-content\/uploads\/2021\/06\/hornalla-mejor.jpg","type":"image\/jpeg"}],"author":"ulises","twitter_card":"summary_large_image","twitter_misc":{"Escrito por":"ulises","Tiempo de lectura":"2 minutos"},"schema":{"@context":"https:\/\/schema.org","@graph":[{"@type":"NewsArticle","@id":"https:\/\/www.celttv.com.ar\/index.php\/2021\/06\/10\/el-proyecto-de-zona-fria-obtuvo-dictamen-y-se-espera-su-tratamiento-en-diputados\/#article","isPartOf":{"@id":"https:\/\/www.celttv.com.ar\/index.php\/2021\/06\/10\/el-proyecto-de-zona-fria-obtuvo-dictamen-y-se-espera-su-tratamiento-en-diputados\/"},"author":{"name":"ulises","@id":"https:\/\/www.celttv.com.ar\/#\/schema\/person\/6d99c072dba59953809c81446e9d0ace"},"headline":"El proyecto de Zona Fr\u00eda obtuvo dictamen y se espera su tratamiento en Diputados","datePublished":"2021-06-10T03:05:50+00:00","dateModified":"2021-06-10T03:05:50+00:00","mainEntityOfPage":{"@id":"https:\/\/www.celttv.com.ar\/index.php\/2021\/06\/10\/el-proyecto-de-zona-fria-obtuvo-dictamen-y-se-espera-su-tratamiento-en-diputados\/"},"wordCount":338,"publisher":{"@id":"https:\/\/www.celttv.com.ar\/#organization"},"articleSection":["Comunidad","Destacadas"],"inLanguage":"es"},{"@type":"WebPage","@id":"https:\/\/www.celttv.com.ar\/index.php\/2021\/06\/10\/el-proyecto-de-zona-fria-obtuvo-dictamen-y-se-espera-su-tratamiento-en-diputados\/","url":"https:\/\/www.celttv.com.ar\/index.php\/2021\/06\/10\/el-proyecto-de-zona-fria-obtuvo-dictamen-y-se-espera-su-tratamiento-en-diputados\/","name":"El proyecto de Zona Fr\u00eda obtuvo dictamen y se espera su tratamiento en Diputados - CELTTV","isPartOf":{"@id":"https:\/\/www.celttv.com.ar\/#website"},"datePublished":"2021-06-10T03:05:50+00:00","dateModified":"2021-06-10T03:05:50+00:00","description":"Sitio web de noticias de la localidad de Tornquist, provincia de Buenos Aires, Rep\u00fablica Argentina. Contenido propio originado por periodistas de CELTTV, el canal de TV local de la Cooperativa El\u00e9ctrica de Tornquist. Turismo, Pol\u00edtica, Sociedad, Deporte, Cultura y todo el contenido de inter\u00e9s general que la gente del pueblo y la regi\u00f3n debe conocer.","breadcrumb":{"@id":"https:\/\/www.celttv.com.ar\/index.php\/2021\/06\/10\/el-proyecto-de-zona-fria-obtuvo-dictamen-y-se-espera-su-tratamiento-en-diputados\/#breadcrumb"},"inLanguage":"es","potentialAction":[{"@type":"ReadAction","target":["https:\/\/www.celttv.com.ar\/index.php\/2021\/06\/10\/el-proyecto-de-zona-fria-obtuvo-dictamen-y-se-espera-su-tratamiento-en-diputados\/"]}]},{"@type":"BreadcrumbList","@id":"https:\/\/www.celttv.com.ar\/index.php\/2021\/06\/10\/el-proyecto-de-zona-fria-obtuvo-dictamen-y-se-espera-su-tratamiento-en-diputados\/#breadcrumb","itemListElement":[{"@type":"ListItem","position":1,"name":"Inicio","item":"https:\/\/www.celttv.com.ar\/"},{"@type":"ListItem","position":2,"name":"El proyecto de Zona Fr\u00eda obtuvo dictamen y se espera su tratamiento en Diputados"}]},{"@type":"WebSite","@id":"https:\/\/www.celttv.com.ar\/#website","url":"https:\/\/www.celttv.com.ar\/","name":"CELTTV","description":"Cooperativa El\u00e9ctrica de Tornquist","publisher":{"@id":"https:\/\/www.celttv.com.ar\/#organization"},"potentialAction":[{"@type":"SearchAction","target":{"@type":"EntryPoint","urlTemplate":"https:\/\/www.celttv.com.ar\/?s={search_term_string}"},"query-input":"required name=search_term_string"}],"inLanguage":"es"},{"@type":"Organization","@id":"https:\/\/www.celttv.com.ar\/#organization","name":"CELTTV","url":"https:\/\/www.celttv.com.ar\/","sameAs":["https:\/\/www.youtube.com\/channel\/UCz_oIt8Hig64Ub-EmcNPIhg","https:\/\/www.facebook.com\/celtTV\/"],"logo":{"@type":"ImageObject","inLanguage":"es","@id":"https:\/\/www.celttv.com.ar\/#\/schema\/logo\/image\/","url":"http:\/\/www.celttv.com.ar\/wp-content\/uploads\/2022\/08\/logo-1.png","contentUrl":"http:\/\/www.celttv.com.ar\/wp-content\/uploads\/2022\/08\/logo-1.png","width":461,"height":159,"caption":"CELTTV"},"image":{"@id":"https:\/\/www.celttv.com.ar\/#\/schema\/logo\/image\/"}},{"@type":"Person","@id":"https:\/\/www.celttv.com.ar\/#\/schema\/person\/6d99c072dba59953809c81446e9d0ace","name":"ulises","image":{"@type":"ImageObject","inLanguage":"es","@id":"https:\/\/www.celttv.com.ar\/#\/schema\/person\/image\/","url":"https:\/\/secure.gravatar.com\/avatar\/7f2c48bdc33b30088f941fb6082e555f2874c98e20cb159d7b92b50eadfce793?s=96&d=mm&r=g","contentUrl":"https:\/\/secure.gravatar.com\/avatar\/7f2c48bdc33b30088f941fb6082e555f2874c98e20cb159d7b92b50eadfce793?s=96&d=mm&r=g","caption":"ulises"},"sameAs":["http:\/\/www.celttv.com.ar"]}]}},"_links":{"self":[{"href":"https:\/\/www.celttv.com.ar\/index.php\/wp-json\/wp\/v2\/posts\/58139","targetHints":{"allow":["GET"]}}],"collection":[{"href":"https:\/\/www.celttv.com.ar\/index.php\/wp-json\/wp\/v2\/posts"}],"about":[{"href":"https:\/\/www.celttv.com.ar\/index.php\/wp-json\/wp\/v2\/types\/post"}],"author":[{"embeddable":true,"href":"https:\/\/www.celttv.com.ar\/index.php\/wp-json\/wp\/v2\/users\/1"}],"replies":[{"embeddable":true,"href":"https:\/\/www.celttv.com.ar\/index.php\/wp-json\/wp\/v2\/comments?post=58139"}],"version-history":[{"count":0,"href":"https:\/\/www.celttv.com.ar\/index.php\/wp-json\/wp\/v2\/posts\/58139\/revisions"}],"wp:featuredmedia":[{"embeddable":true,"href":"https:\/\/www.celttv.com.ar\/index.php\/wp-json\/wp\/v2\/media\/58140"}],"wp:attachment":[{"href":"https:\/\/www.celttv.com.ar\/index.php\/wp-json\/wp\/v2\/media?parent=58139"}],"wp:term":[{"taxonomy":"category","embeddable":true,"href":"https:\/\/www.celttv.com.ar\/index.php\/wp-json\/wp\/v2\/categories?post=58139"},{"taxonomy":"post_tag","embeddable":true,"href":"https:\/\/www.celttv.com.ar\/index.php\/wp-json\/wp\/v2\/tags?post=58139"}],"curies":[{"name":"wp","href":"https:\/\/api.w.org\/{rel}","templated":true}]}}