{"id":58142,"date":"2021-06-11T01:59:13","date_gmt":"2021-06-11T01:59:13","guid":{"rendered":"http:\/\/www.celttv.com.ar\/?p=58142"},"modified":"2021-06-11T01:59:13","modified_gmt":"2021-06-11T01:59:13","slug":"diputados-dio-media-sancion-a-la-ley-de-zona-fria","status":"publish","type":"post","link":"https:\/\/www.celttv.com.ar\/index.php\/2021\/06\/11\/diputados-dio-media-sancion-a-la-ley-de-zona-fria\/","title":{"rendered":"Diputados dio media sanci\u00f3n a la Ley de Zona Fr\u00eda"},"content":{"rendered":"\n<p><a><\/a><a><\/a><a><\/a><a><\/a><a><\/a><\/p>\n\n\n\n<p>La C\u00e1mara de Diputados de la Naci\u00f3n dio media sanci\u00f3n al proyecto de ley de Zona Fr\u00eda que incorporar\u00e1 a Bah\u00eda Blanca y otras ciudades del pa\u00eds al grupo que goza de un descuento de hasta 50% en la factura de gas.<\/p>\n\n\n\n<p>La iniciativa fue trabajada en conjunto entre el oficialismo y representantes de la oposici\u00f3n, siendo coautores del proyecto presentado por M\u00e1ximo Kirchner, el diputado Bali Bucca y Topo Rodr\u00edguez, del Interbloque Federal.<\/p>\n\n\n\n<p>La ley recibi\u00f3 la media sanci\u00f3n con 190 votos a favor, 16 en contra y 43 abstenciones.<\/p>\n\n\n\n<p>Viene a dar cumplimiento con un reclamo hist\u00f3rico de muchos municipios de la Provincia de Buenos Aires y otras provincias, pero especialmente aquellos ubicados en el oeste y suroeste de la provincia que, por sus caracter\u00edsticas meteorol\u00f3gicas y climatol\u00f3gicas, son ciudades muy fr\u00edas en el invierno, cuyas familias est\u00e1n obligadas a consumir m\u00e1s calefacci\u00f3n durante gran parte del oto\u00f1o, el invierno y el inicio de la primavera.<\/p>\n\n\n\n<p>La ley pasar\u00e1 a la C\u00e1mara de Senadores, donde cuenta con los votos necesarios para su aprobaci\u00f3n, por lo que se espera que pase sin dificultad.<\/p>\n\n\n\n<p>Se establece que todos los consumos residenciales de gas en las zonas fr\u00edas que se incorporan a este r\u00e9gimen tarifario especial, tendr\u00e1n un descuento del 30%. Esto incluye a las familias que reciben el gas natural por red, y a todos los usuarios del servicio general en las localidades abastecidas con gas propano diluido por redes.<\/p>\n\n\n\n<p>Por otro lado, tendr\u00e1n una reducci\u00f3n de tarifa diferencial que llega al 50%, quienes son titulares de AUH o asignaci\u00f3n por embarazo, reciben pensiones no contributivas de hasta 4 SMVM, se encuentran en el monotributo social, jubilados o jubiladas con haberes de hasta 4 SMVM, electrodependientes y veteranos de Malvinas.<\/p>\n\n\n\n<p>Se suma a esta tarifa diferencial comedores y merenderos comunitarios que est\u00e9n inscriptos en el registro nacional, y aquellas asociaciones civiles cuyos ingresos anuales sean menores a categor\u00eda G del monotributo.<\/p>\n\n\n\n<p>Es importante remarcar que este subsidio, se financia con el Fondo Fiduciario que fuera establecido por la ley 25.565, y que se compone por un recargo sobre el precio del gas natural en punto de ingreso al sistema de transporte, que se aplicar\u00e1 a la totalidad de los metros c\u00fabicos que se consuman y\/o comercialicen por redes o ductos en el Territorio Nacional cualquiera fuera el uso o utilizaci\u00f3n final del mismo, por lo que no tiene impacto fiscal.<\/p>\n","protected":false},"excerpt":{"rendered":"<p>La C\u00e1mara de Diputados de la Naci\u00f3n dio media sanci\u00f3n al proyecto de ley de Zona Fr\u00eda que incorporar\u00e1 a Bah\u00eda Blanca y otras ciudades del pa\u00eds al grupo que goza de un descuento de hasta 50% en la factura de gas. La iniciativa fue trabajada en conjunto entre el oficialismo y representantes de la [&hellip;]<\/p>\n","protected":false},"author":1,"featured_media":58143,"comment_status":"closed","ping_status":"open","sticky":false,"template":"","format":"standard","meta":{"footnotes":""},"categories":[51,52],"tags":[],"class_list":["post-58142","post","type-post","status-publish","format-standard","has-post-thumbnail","hentry","category-comunidad","category-destacadas"],"yoast_head":"<!-- This site is optimized with the Yoast SEO plugin v19.7.1 - https:\/\/yoast.com\/wordpress\/plugins\/seo\/ -->\n<title>Diputados dio media sanci\u00f3n a la Ley de Zona Fr\u00eda - CELTTV<\/title>\n<meta name=\"description\" content=\"Sitio web de noticias de la localidad de Tornquist, provincia de Buenos Aires, Rep\u00fablica Argentina. Contenido propio originado por periodistas de CELTTV, el canal de TV local de la Cooperativa El\u00e9ctrica de Tornquist. Turismo, Pol\u00edtica, Sociedad, Deporte, Cultura y todo el contenido de inter\u00e9s general que la gente del pueblo y la regi\u00f3n debe conocer.\" \/>\n<meta name=\"robots\" content=\"index, follow, max-snippet:-1, max-image-preview:large, max-video-preview:-1\" \/>\n<link rel=\"canonical\" href=\"https:\/\/www.celttv.com.ar\/index.php\/2021\/06\/11\/diputados-dio-media-sancion-a-la-ley-de-zona-fria\/\" \/>\n<meta property=\"og:locale\" content=\"es_ES\" \/>\n<meta property=\"og:type\" content=\"article\" \/>\n<meta property=\"og:title\" content=\"Diputados dio media sanci\u00f3n a la Ley de Zona Fr\u00eda - CELTTV\" \/>\n<meta property=\"og:description\" content=\"Sitio web de noticias de la localidad de Tornquist, provincia de Buenos Aires, Rep\u00fablica Argentina. Contenido propio originado por periodistas de CELTTV, el canal de TV local de la Cooperativa El\u00e9ctrica de Tornquist. Turismo, Pol\u00edtica, Sociedad, Deporte, Cultura y todo el contenido de inter\u00e9s general que la gente del pueblo y la regi\u00f3n debe conocer.\" \/>\n<meta property=\"og:url\" content=\"https:\/\/www.celttv.com.ar\/index.php\/2021\/06\/11\/diputados-dio-media-sancion-a-la-ley-de-zona-fria\/\" \/>\n<meta property=\"og:site_name\" content=\"CELTTV\" \/>\n<meta property=\"article:publisher\" content=\"https:\/\/www.facebook.com\/celtTV\/\" \/>\n<meta property=\"article:published_time\" content=\"2021-06-11T01:59:13+00:00\" \/>\n<meta property=\"og:image\" content=\"https:\/\/www.celttv.com.ar\/wp-content\/uploads\/2021\/06\/diputados-1-1.jpg\" \/>\n\t<meta property=\"og:image:width\" content=\"1200\" \/>\n\t<meta property=\"og:image:height\" content=\"720\" \/>\n\t<meta property=\"og:image:type\" content=\"image\/jpeg\" \/>\n<meta name=\"author\" content=\"ulises\" \/>\n<meta name=\"twitter:card\" content=\"summary_large_image\" \/>\n<meta name=\"twitter:label1\" content=\"Escrito por\" \/>\n\t<meta name=\"twitter:data1\" content=\"ulises\" \/>\n\t<meta name=\"twitter:label2\" content=\"Tiempo de lectura\" \/>\n\t<meta name=\"twitter:data2\" content=\"2 minutos\" \/>\n<script type=\"application\/ld+json\" class=\"yoast-schema-graph\">{\"@context\":\"https:\/\/schema.org\",\"@graph\":[{\"@type\":\"NewsArticle\",\"@id\":\"https:\/\/www.celttv.com.ar\/index.php\/2021\/06\/11\/diputados-dio-media-sancion-a-la-ley-de-zona-fria\/#article\",\"isPartOf\":{\"@id\":\"https:\/\/www.celttv.com.ar\/index.php\/2021\/06\/11\/diputados-dio-media-sancion-a-la-ley-de-zona-fria\/\"},\"author\":{\"name\":\"ulises\",\"@id\":\"https:\/\/www.celttv.com.ar\/#\/schema\/person\/6d99c072dba59953809c81446e9d0ace\"},\"headline\":\"Diputados dio media sanci\u00f3n a la Ley de Zona Fr\u00eda\",\"datePublished\":\"2021-06-11T01:59:13+00:00\",\"dateModified\":\"2021-06-11T01:59:13+00:00\",\"mainEntityOfPage\":{\"@id\":\"https:\/\/www.celttv.com.ar\/index.php\/2021\/06\/11\/diputados-dio-media-sancion-a-la-ley-de-zona-fria\/\"},\"wordCount\":435,\"publisher\":{\"@id\":\"https:\/\/www.celttv.com.ar\/#organization\"},\"articleSection\":[\"Comunidad\",\"Destacadas\"],\"inLanguage\":\"es\"},{\"@type\":\"WebPage\",\"@id\":\"https:\/\/www.celttv.com.ar\/index.php\/2021\/06\/11\/diputados-dio-media-sancion-a-la-ley-de-zona-fria\/\",\"url\":\"https:\/\/www.celttv.com.ar\/index.php\/2021\/06\/11\/diputados-dio-media-sancion-a-la-ley-de-zona-fria\/\",\"name\":\"Diputados dio media sanci\u00f3n a la Ley de Zona Fr\u00eda - CELTTV\",\"isPartOf\":{\"@id\":\"https:\/\/www.celttv.com.ar\/#website\"},\"datePublished\":\"2021-06-11T01:59:13+00:00\",\"dateModified\":\"2021-06-11T01:59:13+00:00\",\"description\":\"Sitio web de noticias de la localidad de Tornquist, provincia de Buenos Aires, Rep\u00fablica Argentina. Contenido propio originado por periodistas de CELTTV, el canal de TV local de la Cooperativa El\u00e9ctrica de Tornquist. Turismo, Pol\u00edtica, Sociedad, Deporte, Cultura y todo el contenido de inter\u00e9s general que la gente del pueblo y la regi\u00f3n debe conocer.\",\"breadcrumb\":{\"@id\":\"https:\/\/www.celttv.com.ar\/index.php\/2021\/06\/11\/diputados-dio-media-sancion-a-la-ley-de-zona-fria\/#breadcrumb\"},\"inLanguage\":\"es\",\"potentialAction\":[{\"@type\":\"ReadAction\",\"target\":[\"https:\/\/www.celttv.com.ar\/index.php\/2021\/06\/11\/diputados-dio-media-sancion-a-la-ley-de-zona-fria\/\"]}]},{\"@type\":\"BreadcrumbList\",\"@id\":\"https:\/\/www.celttv.com.ar\/index.php\/2021\/06\/11\/diputados-dio-media-sancion-a-la-ley-de-zona-fria\/#breadcrumb\",\"itemListElement\":[{\"@type\":\"ListItem\",\"position\":1,\"name\":\"Inicio\",\"item\":\"https:\/\/www.celttv.com.ar\/\"},{\"@type\":\"ListItem\",\"position\":2,\"name\":\"Diputados dio media sanci\u00f3n a la Ley de Zona Fr\u00eda\"}]},{\"@type\":\"WebSite\",\"@id\":\"https:\/\/www.celttv.com.ar\/#website\",\"url\":\"https:\/\/www.celttv.com.ar\/\",\"name\":\"CELTTV\",\"description\":\"Cooperativa El\u00e9ctrica de Tornquist\",\"publisher\":{\"@id\":\"https:\/\/www.celttv.com.ar\/#organization\"},\"potentialAction\":[{\"@type\":\"SearchAction\",\"target\":{\"@type\":\"EntryPoint\",\"urlTemplate\":\"https:\/\/www.celttv.com.ar\/?s={search_term_string}\"},\"query-input\":\"required name=search_term_string\"}],\"inLanguage\":\"es\"},{\"@type\":\"Organization\",\"@id\":\"https:\/\/www.celttv.com.ar\/#organization\",\"name\":\"CELTTV\",\"url\":\"https:\/\/www.celttv.com.ar\/\",\"sameAs\":[\"https:\/\/www.youtube.com\/channel\/UCz_oIt8Hig64Ub-EmcNPIhg\",\"https:\/\/www.facebook.com\/celtTV\/\"],\"logo\":{\"@type\":\"ImageObject\",\"inLanguage\":\"es\",\"@id\":\"https:\/\/www.celttv.com.ar\/#\/schema\/logo\/image\/\",\"url\":\"http:\/\/www.celttv.com.ar\/wp-content\/uploads\/2022\/08\/logo-1.png\",\"contentUrl\":\"http:\/\/www.celttv.com.ar\/wp-content\/uploads\/2022\/08\/logo-1.png\",\"width\":461,\"height\":159,\"caption\":\"CELTTV\"},\"image\":{\"@id\":\"https:\/\/www.celttv.com.ar\/#\/schema\/logo\/image\/\"}},{\"@type\":\"Person\",\"@id\":\"https:\/\/www.celttv.com.ar\/#\/schema\/person\/6d99c072dba59953809c81446e9d0ace\",\"name\":\"ulises\",\"image\":{\"@type\":\"ImageObject\",\"inLanguage\":\"es\",\"@id\":\"https:\/\/www.celttv.com.ar\/#\/schema\/person\/image\/\",\"url\":\"https:\/\/secure.gravatar.com\/avatar\/7f2c48bdc33b30088f941fb6082e555f2874c98e20cb159d7b92b50eadfce793?s=96&d=mm&r=g\",\"contentUrl\":\"https:\/\/secure.gravatar.com\/avatar\/7f2c48bdc33b30088f941fb6082e555f2874c98e20cb159d7b92b50eadfce793?s=96&d=mm&r=g\",\"caption\":\"ulises\"},\"sameAs\":[\"http:\/\/www.celttv.com.ar\"]}]}<\/script>\n<!-- \/ Yoast SEO plugin. -->","yoast_head_json":{"title":"Diputados dio media sanci\u00f3n a la Ley de Zona Fr\u00eda - CELTTV","description":"Sitio web de noticias de la localidad de Tornquist, provincia de Buenos Aires, Rep\u00fablica Argentina. Contenido propio originado por periodistas de CELTTV, el canal de TV local de la Cooperativa El\u00e9ctrica de Tornquist. Turismo, Pol\u00edtica, Sociedad, Deporte, Cultura y todo el contenido de inter\u00e9s general que la gente del pueblo y la regi\u00f3n debe conocer.","robots":{"index":"index","follow":"follow","max-snippet":"max-snippet:-1","max-image-preview":"max-image-preview:large","max-video-preview":"max-video-preview:-1"},"canonical":"https:\/\/www.celttv.com.ar\/index.php\/2021\/06\/11\/diputados-dio-media-sancion-a-la-ley-de-zona-fria\/","og_locale":"es_ES","og_type":"article","og_title":"Diputados dio media sanci\u00f3n a la Ley de Zona Fr\u00eda - CELTTV","og_description":"Sitio web de noticias de la localidad de Tornquist, provincia de Buenos Aires, Rep\u00fablica Argentina. Contenido propio originado por periodistas de CELTTV, el canal de TV local de la Cooperativa El\u00e9ctrica de Tornquist. Turismo, Pol\u00edtica, Sociedad, Deporte, Cultura y todo el contenido de inter\u00e9s general que la gente del pueblo y la regi\u00f3n debe conocer.","og_url":"https:\/\/www.celttv.com.ar\/index.php\/2021\/06\/11\/diputados-dio-media-sancion-a-la-ley-de-zona-fria\/","og_site_name":"CELTTV","article_publisher":"https:\/\/www.facebook.com\/celtTV\/","article_published_time":"2021-06-11T01:59:13+00:00","og_image":[{"width":1200,"height":720,"url":"https:\/\/www.celttv.com.ar\/wp-content\/uploads\/2021\/06\/diputados-1-1.jpg","type":"image\/jpeg"}],"author":"ulises","twitter_card":"summary_large_image","twitter_misc":{"Escrito por":"ulises","Tiempo de lectura":"2 minutos"},"schema":{"@context":"https:\/\/schema.org","@graph":[{"@type":"NewsArticle","@id":"https:\/\/www.celttv.com.ar\/index.php\/2021\/06\/11\/diputados-dio-media-sancion-a-la-ley-de-zona-fria\/#article","isPartOf":{"@id":"https:\/\/www.celttv.com.ar\/index.php\/2021\/06\/11\/diputados-dio-media-sancion-a-la-ley-de-zona-fria\/"},"author":{"name":"ulises","@id":"https:\/\/www.celttv.com.ar\/#\/schema\/person\/6d99c072dba59953809c81446e9d0ace"},"headline":"Diputados dio media sanci\u00f3n a la Ley de Zona Fr\u00eda","datePublished":"2021-06-11T01:59:13+00:00","dateModified":"2021-06-11T01:59:13+00:00","mainEntityOfPage":{"@id":"https:\/\/www.celttv.com.ar\/index.php\/2021\/06\/11\/diputados-dio-media-sancion-a-la-ley-de-zona-fria\/"},"wordCount":435,"publisher":{"@id":"https:\/\/www.celttv.com.ar\/#organization"},"articleSection":["Comunidad","Destacadas"],"inLanguage":"es"},{"@type":"WebPage","@id":"https:\/\/www.celttv.com.ar\/index.php\/2021\/06\/11\/diputados-dio-media-sancion-a-la-ley-de-zona-fria\/","url":"https:\/\/www.celttv.com.ar\/index.php\/2021\/06\/11\/diputados-dio-media-sancion-a-la-ley-de-zona-fria\/","name":"Diputados dio media sanci\u00f3n a la Ley de Zona Fr\u00eda - CELTTV","isPartOf":{"@id":"https:\/\/www.celttv.com.ar\/#website"},"datePublished":"2021-06-11T01:59:13+00:00","dateModified":"2021-06-11T01:59:13+00:00","description":"Sitio web de noticias de la localidad de Tornquist, provincia de Buenos Aires, Rep\u00fablica Argentina. Contenido propio originado por periodistas de CELTTV, el canal de TV local de la Cooperativa El\u00e9ctrica de Tornquist. Turismo, Pol\u00edtica, Sociedad, Deporte, Cultura y todo el contenido de inter\u00e9s general que la gente del pueblo y la regi\u00f3n debe conocer.","breadcrumb":{"@id":"https:\/\/www.celttv.com.ar\/index.php\/2021\/06\/11\/diputados-dio-media-sancion-a-la-ley-de-zona-fria\/#breadcrumb"},"inLanguage":"es","potentialAction":[{"@type":"ReadAction","target":["https:\/\/www.celttv.com.ar\/index.php\/2021\/06\/11\/diputados-dio-media-sancion-a-la-ley-de-zona-fria\/"]}]},{"@type":"BreadcrumbList","@id":"https:\/\/www.celttv.com.ar\/index.php\/2021\/06\/11\/diputados-dio-media-sancion-a-la-ley-de-zona-fria\/#breadcrumb","itemListElement":[{"@type":"ListItem","position":1,"name":"Inicio","item":"https:\/\/www.celttv.com.ar\/"},{"@type":"ListItem","position":2,"name":"Diputados dio media sanci\u00f3n a la Ley de Zona Fr\u00eda"}]},{"@type":"WebSite","@id":"https:\/\/www.celttv.com.ar\/#website","url":"https:\/\/www.celttv.com.ar\/","name":"CELTTV","description":"Cooperativa El\u00e9ctrica de Tornquist","publisher":{"@id":"https:\/\/www.celttv.com.ar\/#organization"},"potentialAction":[{"@type":"SearchAction","target":{"@type":"EntryPoint","urlTemplate":"https:\/\/www.celttv.com.ar\/?s={search_term_string}"},"query-input":"required name=search_term_string"}],"inLanguage":"es"},{"@type":"Organization","@id":"https:\/\/www.celttv.com.ar\/#organization","name":"CELTTV","url":"https:\/\/www.celttv.com.ar\/","sameAs":["https:\/\/www.youtube.com\/channel\/UCz_oIt8Hig64Ub-EmcNPIhg","https:\/\/www.facebook.com\/celtTV\/"],"logo":{"@type":"ImageObject","inLanguage":"es","@id":"https:\/\/www.celttv.com.ar\/#\/schema\/logo\/image\/","url":"http:\/\/www.celttv.com.ar\/wp-content\/uploads\/2022\/08\/logo-1.png","contentUrl":"http:\/\/www.celttv.com.ar\/wp-content\/uploads\/2022\/08\/logo-1.png","width":461,"height":159,"caption":"CELTTV"},"image":{"@id":"https:\/\/www.celttv.com.ar\/#\/schema\/logo\/image\/"}},{"@type":"Person","@id":"https:\/\/www.celttv.com.ar\/#\/schema\/person\/6d99c072dba59953809c81446e9d0ace","name":"ulises","image":{"@type":"ImageObject","inLanguage":"es","@id":"https:\/\/www.celttv.com.ar\/#\/schema\/person\/image\/","url":"https:\/\/secure.gravatar.com\/avatar\/7f2c48bdc33b30088f941fb6082e555f2874c98e20cb159d7b92b50eadfce793?s=96&d=mm&r=g","contentUrl":"https:\/\/secure.gravatar.com\/avatar\/7f2c48bdc33b30088f941fb6082e555f2874c98e20cb159d7b92b50eadfce793?s=96&d=mm&r=g","caption":"ulises"},"sameAs":["http:\/\/www.celttv.com.ar"]}]}},"_links":{"self":[{"href":"https:\/\/www.celttv.com.ar\/index.php\/wp-json\/wp\/v2\/posts\/58142","targetHints":{"allow":["GET"]}}],"collection":[{"href":"https:\/\/www.celttv.com.ar\/index.php\/wp-json\/wp\/v2\/posts"}],"about":[{"href":"https:\/\/www.celttv.com.ar\/index.php\/wp-json\/wp\/v2\/types\/post"}],"author":[{"embeddable":true,"href":"https:\/\/www.celttv.com.ar\/index.php\/wp-json\/wp\/v2\/users\/1"}],"replies":[{"embeddable":true,"href":"https:\/\/www.celttv.com.ar\/index.php\/wp-json\/wp\/v2\/comments?post=58142"}],"version-history":[{"count":0,"href":"https:\/\/www.celttv.com.ar\/index.php\/wp-json\/wp\/v2\/posts\/58142\/revisions"}],"wp:featuredmedia":[{"embeddable":true,"href":"https:\/\/www.celttv.com.ar\/index.php\/wp-json\/wp\/v2\/media\/58143"}],"wp:attachment":[{"href":"https:\/\/www.celttv.com.ar\/index.php\/wp-json\/wp\/v2\/media?parent=58142"}],"wp:term":[{"taxonomy":"category","embeddable":true,"href":"https:\/\/www.celttv.com.ar\/index.php\/wp-json\/wp\/v2\/categories?post=58142"},{"taxonomy":"post_tag","embeddable":true,"href":"https:\/\/www.celttv.com.ar\/index.php\/wp-json\/wp\/v2\/tags?post=58142"}],"curies":[{"name":"wp","href":"https:\/\/api.w.org\/{rel}","templated":true}]}}