{"id":58166,"date":"2021-06-12T17:20:07","date_gmt":"2021-06-12T17:20:07","guid":{"rendered":"http:\/\/www.celttv.com.ar\/?p=58166"},"modified":"2021-06-12T17:20:07","modified_gmt":"2021-06-12T17:20:07","slug":"automoto-sumo-una-psicologa-para-el-futbol-infantil","status":"publish","type":"post","link":"https:\/\/www.celttv.com.ar\/index.php\/2021\/06\/12\/automoto-sumo-una-psicologa-para-el-futbol-infantil\/","title":{"rendered":"Automoto sum\u00f3 una psic\u00f3loga para el f\u00fatbol infantil"},"content":{"rendered":"\n<p>El proyecto del f\u00fatbol formativo que viene desarrollando el Automoto Club Deportivo desde hace varios a\u00f1os sum\u00f3 un nuevo pelda\u00f1o en los \u00faltimos d\u00edas: la incorporaci\u00f3n de una psic\u00f3loga para trabajar con los ni\u00f1os y adolescentes de la instituci\u00f3n.<\/p>\n\n\n\n<p>&nbsp;&nbsp; La profesional Macarena Berl\u00edn se incorpor\u00f3 al grupo conformado por entrenadores y preparadores f\u00edsicos, que contin\u00faan llevando a cabo su tarea en medio de la especial situaci\u00f3n que nos toca atravesar a nivel mundial.<\/p>\n\n\n\n<p>&nbsp;&nbsp; Este importante paso no hace m\u00e1s que acentuar la importancia que el club azulgrana le brinda a la formaci\u00f3n de sus j\u00f3venes y el compromiso social de la entidad para con su comunidad.<\/p>\n\n\n\n<p>Departamento de Prensa \u2013 Automoto Club Deportivo<\/p>\n\n\n\n<figure class=\"wp-block-image size-large\"><img loading=\"lazy\" decoding=\"async\" width=\"1024\" height=\"574\" src=\"http:\/\/www.celttv.com.ar\/wp-content\/uploads\/2021\/06\/01-2-1024x574.jpg\" alt=\"\" class=\"wp-image-58167\" srcset=\"https:\/\/www.celttv.com.ar\/wp-content\/uploads\/2021\/06\/01-2-1024x574.jpg 1024w, https:\/\/www.celttv.com.ar\/wp-content\/uploads\/2021\/06\/01-2-300x168.jpg 300w, https:\/\/www.celttv.com.ar\/wp-content\/uploads\/2021\/06\/01-2-768x430.jpg 768w, https:\/\/www.celttv.com.ar\/wp-content\/uploads\/2021\/06\/01-2-750x420.jpg 750w, https:\/\/www.celttv.com.ar\/wp-content\/uploads\/2021\/06\/01-2-1140x639.jpg 1140w, https:\/\/www.celttv.com.ar\/wp-content\/uploads\/2021\/06\/01-2.jpg 1280w\" sizes=\"auto, (max-width: 1024px) 100vw, 1024px\" \/><\/figure>\n\n\n\n<figure class=\"wp-block-image size-large\"><img loading=\"lazy\" decoding=\"async\" width=\"1024\" height=\"768\" src=\"http:\/\/www.celttv.com.ar\/wp-content\/uploads\/2021\/06\/02-6-1024x768.jpg\" alt=\"\" class=\"wp-image-58168\" srcset=\"https:\/\/www.celttv.com.ar\/wp-content\/uploads\/2021\/06\/02-6-1024x768.jpg 1024w, https:\/\/www.celttv.com.ar\/wp-content\/uploads\/2021\/06\/02-6-300x225.jpg 300w, https:\/\/www.celttv.com.ar\/wp-content\/uploads\/2021\/06\/02-6-768x576.jpg 768w, https:\/\/www.celttv.com.ar\/wp-content\/uploads\/2021\/06\/02-6-750x563.jpg 750w, https:\/\/www.celttv.com.ar\/wp-content\/uploads\/2021\/06\/02-6-1140x855.jpg 1140w, https:\/\/www.celttv.com.ar\/wp-content\/uploads\/2021\/06\/02-6.jpg 1280w\" sizes=\"auto, (max-width: 1024px) 100vw, 1024px\" \/><\/figure>\n","protected":false},"excerpt":{"rendered":"<p>El proyecto del f\u00fatbol formativo que viene desarrollando el Automoto Club Deportivo desde hace varios a\u00f1os sum\u00f3 un nuevo pelda\u00f1o en los \u00faltimos d\u00edas: la incorporaci\u00f3n de una psic\u00f3loga para trabajar con los ni\u00f1os y adolescentes de la instituci\u00f3n. &nbsp;&nbsp; La profesional Macarena Berl\u00edn se incorpor\u00f3 al grupo conformado por entrenadores y preparadores f\u00edsicos, que [&hellip;]<\/p>\n","protected":false},"author":1,"featured_media":58167,"comment_status":"closed","ping_status":"open","sticky":false,"template":"","format":"standard","meta":{"footnotes":""},"categories":[55,51,60,52,63],"tags":[],"class_list":["post-58166","post","type-post","status-publish","format-standard","has-post-thumbnail","hentry","category-celt-tv-noticias","category-comunidad","category-deporte","category-destacadas","category-magazine-sport"],"yoast_head":"<!-- This site is optimized with the Yoast SEO plugin v19.7.1 - https:\/\/yoast.com\/wordpress\/plugins\/seo\/ -->\n<title>Automoto sum\u00f3 una psic\u00f3loga para el f\u00fatbol infantil - CELTTV<\/title>\n<meta name=\"description\" content=\"Sitio web de noticias de la localidad de Tornquist, provincia de Buenos Aires, Rep\u00fablica Argentina. Contenido propio originado por periodistas de CELTTV, el canal de TV local de la Cooperativa El\u00e9ctrica de Tornquist. Turismo, Pol\u00edtica, Sociedad, Deporte, Cultura y todo el contenido de inter\u00e9s general que la gente del pueblo y la regi\u00f3n debe conocer.\" \/>\n<meta name=\"robots\" content=\"index, follow, max-snippet:-1, max-image-preview:large, max-video-preview:-1\" \/>\n<link rel=\"canonical\" href=\"https:\/\/www.celttv.com.ar\/index.php\/2021\/06\/12\/automoto-sumo-una-psicologa-para-el-futbol-infantil\/\" \/>\n<meta property=\"og:locale\" content=\"es_ES\" \/>\n<meta property=\"og:type\" content=\"article\" \/>\n<meta property=\"og:title\" content=\"Automoto sum\u00f3 una psic\u00f3loga para el f\u00fatbol infantil - CELTTV\" \/>\n<meta property=\"og:description\" content=\"Sitio web de noticias de la localidad de Tornquist, provincia de Buenos Aires, Rep\u00fablica Argentina. Contenido propio originado por periodistas de CELTTV, el canal de TV local de la Cooperativa El\u00e9ctrica de Tornquist. Turismo, Pol\u00edtica, Sociedad, Deporte, Cultura y todo el contenido de inter\u00e9s general que la gente del pueblo y la regi\u00f3n debe conocer.\" \/>\n<meta property=\"og:url\" content=\"https:\/\/www.celttv.com.ar\/index.php\/2021\/06\/12\/automoto-sumo-una-psicologa-para-el-futbol-infantil\/\" \/>\n<meta property=\"og:site_name\" content=\"CELTTV\" \/>\n<meta property=\"article:publisher\" content=\"https:\/\/www.facebook.com\/celtTV\/\" \/>\n<meta property=\"article:published_time\" content=\"2021-06-12T17:20:07+00:00\" \/>\n<meta property=\"og:image\" content=\"https:\/\/www.celttv.com.ar\/wp-content\/uploads\/2021\/06\/01-2.jpg\" \/>\n\t<meta property=\"og:image:width\" content=\"1280\" \/>\n\t<meta property=\"og:image:height\" content=\"717\" \/>\n\t<meta property=\"og:image:type\" content=\"image\/jpeg\" \/>\n<meta name=\"author\" content=\"ulises\" \/>\n<meta name=\"twitter:card\" content=\"summary_large_image\" \/>\n<meta name=\"twitter:label1\" content=\"Escrito por\" \/>\n\t<meta name=\"twitter:data1\" content=\"ulises\" \/>\n\t<meta name=\"twitter:label2\" content=\"Tiempo de lectura\" \/>\n\t<meta name=\"twitter:data2\" content=\"1 minuto\" \/>\n<script type=\"application\/ld+json\" class=\"yoast-schema-graph\">{\"@context\":\"https:\/\/schema.org\",\"@graph\":[{\"@type\":\"NewsArticle\",\"@id\":\"https:\/\/www.celttv.com.ar\/index.php\/2021\/06\/12\/automoto-sumo-una-psicologa-para-el-futbol-infantil\/#article\",\"isPartOf\":{\"@id\":\"https:\/\/www.celttv.com.ar\/index.php\/2021\/06\/12\/automoto-sumo-una-psicologa-para-el-futbol-infantil\/\"},\"author\":{\"name\":\"ulises\",\"@id\":\"https:\/\/www.celttv.com.ar\/#\/schema\/person\/6d99c072dba59953809c81446e9d0ace\"},\"headline\":\"Automoto sum\u00f3 una psic\u00f3loga para el f\u00fatbol infantil\",\"datePublished\":\"2021-06-12T17:20:07+00:00\",\"dateModified\":\"2021-06-12T17:20:07+00:00\",\"mainEntityOfPage\":{\"@id\":\"https:\/\/www.celttv.com.ar\/index.php\/2021\/06\/12\/automoto-sumo-una-psicologa-para-el-futbol-infantil\/\"},\"wordCount\":141,\"publisher\":{\"@id\":\"https:\/\/www.celttv.com.ar\/#organization\"},\"articleSection\":[\"Celt TV Noticias\",\"Comunidad\",\"Deporte\",\"Destacadas\",\"Magazine Sport\"],\"inLanguage\":\"es\"},{\"@type\":\"WebPage\",\"@id\":\"https:\/\/www.celttv.com.ar\/index.php\/2021\/06\/12\/automoto-sumo-una-psicologa-para-el-futbol-infantil\/\",\"url\":\"https:\/\/www.celttv.com.ar\/index.php\/2021\/06\/12\/automoto-sumo-una-psicologa-para-el-futbol-infantil\/\",\"name\":\"Automoto sum\u00f3 una psic\u00f3loga para el f\u00fatbol infantil - CELTTV\",\"isPartOf\":{\"@id\":\"https:\/\/www.celttv.com.ar\/#website\"},\"datePublished\":\"2021-06-12T17:20:07+00:00\",\"dateModified\":\"2021-06-12T17:20:07+00:00\",\"description\":\"Sitio web de noticias de la localidad de Tornquist, provincia de Buenos Aires, Rep\u00fablica Argentina. Contenido propio originado por periodistas de CELTTV, el canal de TV local de la Cooperativa El\u00e9ctrica de Tornquist. Turismo, Pol\u00edtica, Sociedad, Deporte, Cultura y todo el contenido de inter\u00e9s general que la gente del pueblo y la regi\u00f3n debe conocer.\",\"breadcrumb\":{\"@id\":\"https:\/\/www.celttv.com.ar\/index.php\/2021\/06\/12\/automoto-sumo-una-psicologa-para-el-futbol-infantil\/#breadcrumb\"},\"inLanguage\":\"es\",\"potentialAction\":[{\"@type\":\"ReadAction\",\"target\":[\"https:\/\/www.celttv.com.ar\/index.php\/2021\/06\/12\/automoto-sumo-una-psicologa-para-el-futbol-infantil\/\"]}]},{\"@type\":\"BreadcrumbList\",\"@id\":\"https:\/\/www.celttv.com.ar\/index.php\/2021\/06\/12\/automoto-sumo-una-psicologa-para-el-futbol-infantil\/#breadcrumb\",\"itemListElement\":[{\"@type\":\"ListItem\",\"position\":1,\"name\":\"Inicio\",\"item\":\"https:\/\/www.celttv.com.ar\/\"},{\"@type\":\"ListItem\",\"position\":2,\"name\":\"Automoto sum\u00f3 una psic\u00f3loga para el f\u00fatbol infantil\"}]},{\"@type\":\"WebSite\",\"@id\":\"https:\/\/www.celttv.com.ar\/#website\",\"url\":\"https:\/\/www.celttv.com.ar\/\",\"name\":\"CELTTV\",\"description\":\"Cooperativa El\u00e9ctrica de Tornquist\",\"publisher\":{\"@id\":\"https:\/\/www.celttv.com.ar\/#organization\"},\"potentialAction\":[{\"@type\":\"SearchAction\",\"target\":{\"@type\":\"EntryPoint\",\"urlTemplate\":\"https:\/\/www.celttv.com.ar\/?s={search_term_string}\"},\"query-input\":\"required name=search_term_string\"}],\"inLanguage\":\"es\"},{\"@type\":\"Organization\",\"@id\":\"https:\/\/www.celttv.com.ar\/#organization\",\"name\":\"CELTTV\",\"url\":\"https:\/\/www.celttv.com.ar\/\",\"sameAs\":[\"https:\/\/www.youtube.com\/channel\/UCz_oIt8Hig64Ub-EmcNPIhg\",\"https:\/\/www.facebook.com\/celtTV\/\"],\"logo\":{\"@type\":\"ImageObject\",\"inLanguage\":\"es\",\"@id\":\"https:\/\/www.celttv.com.ar\/#\/schema\/logo\/image\/\",\"url\":\"http:\/\/www.celttv.com.ar\/wp-content\/uploads\/2022\/08\/logo-1.png\",\"contentUrl\":\"http:\/\/www.celttv.com.ar\/wp-content\/uploads\/2022\/08\/logo-1.png\",\"width\":461,\"height\":159,\"caption\":\"CELTTV\"},\"image\":{\"@id\":\"https:\/\/www.celttv.com.ar\/#\/schema\/logo\/image\/\"}},{\"@type\":\"Person\",\"@id\":\"https:\/\/www.celttv.com.ar\/#\/schema\/person\/6d99c072dba59953809c81446e9d0ace\",\"name\":\"ulises\",\"image\":{\"@type\":\"ImageObject\",\"inLanguage\":\"es\",\"@id\":\"https:\/\/www.celttv.com.ar\/#\/schema\/person\/image\/\",\"url\":\"https:\/\/secure.gravatar.com\/avatar\/7f2c48bdc33b30088f941fb6082e555f2874c98e20cb159d7b92b50eadfce793?s=96&d=mm&r=g\",\"contentUrl\":\"https:\/\/secure.gravatar.com\/avatar\/7f2c48bdc33b30088f941fb6082e555f2874c98e20cb159d7b92b50eadfce793?s=96&d=mm&r=g\",\"caption\":\"ulises\"},\"sameAs\":[\"http:\/\/www.celttv.com.ar\"]}]}<\/script>\n<!-- \/ Yoast SEO plugin. -->","yoast_head_json":{"title":"Automoto sum\u00f3 una psic\u00f3loga para el f\u00fatbol infantil - CELTTV","description":"Sitio web de noticias de la localidad de Tornquist, provincia de Buenos Aires, Rep\u00fablica Argentina. Contenido propio originado por periodistas de CELTTV, el canal de TV local de la Cooperativa El\u00e9ctrica de Tornquist. Turismo, Pol\u00edtica, Sociedad, Deporte, Cultura y todo el contenido de inter\u00e9s general que la gente del pueblo y la regi\u00f3n debe conocer.","robots":{"index":"index","follow":"follow","max-snippet":"max-snippet:-1","max-image-preview":"max-image-preview:large","max-video-preview":"max-video-preview:-1"},"canonical":"https:\/\/www.celttv.com.ar\/index.php\/2021\/06\/12\/automoto-sumo-una-psicologa-para-el-futbol-infantil\/","og_locale":"es_ES","og_type":"article","og_title":"Automoto sum\u00f3 una psic\u00f3loga para el f\u00fatbol infantil - CELTTV","og_description":"Sitio web de noticias de la localidad de Tornquist, provincia de Buenos Aires, Rep\u00fablica Argentina. Contenido propio originado por periodistas de CELTTV, el canal de TV local de la Cooperativa El\u00e9ctrica de Tornquist. Turismo, Pol\u00edtica, Sociedad, Deporte, Cultura y todo el contenido de inter\u00e9s general que la gente del pueblo y la regi\u00f3n debe conocer.","og_url":"https:\/\/www.celttv.com.ar\/index.php\/2021\/06\/12\/automoto-sumo-una-psicologa-para-el-futbol-infantil\/","og_site_name":"CELTTV","article_publisher":"https:\/\/www.facebook.com\/celtTV\/","article_published_time":"2021-06-12T17:20:07+00:00","og_image":[{"width":1280,"height":717,"url":"https:\/\/www.celttv.com.ar\/wp-content\/uploads\/2021\/06\/01-2.jpg","type":"image\/jpeg"}],"author":"ulises","twitter_card":"summary_large_image","twitter_misc":{"Escrito por":"ulises","Tiempo de lectura":"1 minuto"},"schema":{"@context":"https:\/\/schema.org","@graph":[{"@type":"NewsArticle","@id":"https:\/\/www.celttv.com.ar\/index.php\/2021\/06\/12\/automoto-sumo-una-psicologa-para-el-futbol-infantil\/#article","isPartOf":{"@id":"https:\/\/www.celttv.com.ar\/index.php\/2021\/06\/12\/automoto-sumo-una-psicologa-para-el-futbol-infantil\/"},"author":{"name":"ulises","@id":"https:\/\/www.celttv.com.ar\/#\/schema\/person\/6d99c072dba59953809c81446e9d0ace"},"headline":"Automoto sum\u00f3 una psic\u00f3loga para el f\u00fatbol infantil","datePublished":"2021-06-12T17:20:07+00:00","dateModified":"2021-06-12T17:20:07+00:00","mainEntityOfPage":{"@id":"https:\/\/www.celttv.com.ar\/index.php\/2021\/06\/12\/automoto-sumo-una-psicologa-para-el-futbol-infantil\/"},"wordCount":141,"publisher":{"@id":"https:\/\/www.celttv.com.ar\/#organization"},"articleSection":["Celt TV Noticias","Comunidad","Deporte","Destacadas","Magazine Sport"],"inLanguage":"es"},{"@type":"WebPage","@id":"https:\/\/www.celttv.com.ar\/index.php\/2021\/06\/12\/automoto-sumo-una-psicologa-para-el-futbol-infantil\/","url":"https:\/\/www.celttv.com.ar\/index.php\/2021\/06\/12\/automoto-sumo-una-psicologa-para-el-futbol-infantil\/","name":"Automoto sum\u00f3 una psic\u00f3loga para el f\u00fatbol infantil - CELTTV","isPartOf":{"@id":"https:\/\/www.celttv.com.ar\/#website"},"datePublished":"2021-06-12T17:20:07+00:00","dateModified":"2021-06-12T17:20:07+00:00","description":"Sitio web de noticias de la localidad de Tornquist, provincia de Buenos Aires, Rep\u00fablica Argentina. Contenido propio originado por periodistas de CELTTV, el canal de TV local de la Cooperativa El\u00e9ctrica de Tornquist. Turismo, Pol\u00edtica, Sociedad, Deporte, Cultura y todo el contenido de inter\u00e9s general que la gente del pueblo y la regi\u00f3n debe conocer.","breadcrumb":{"@id":"https:\/\/www.celttv.com.ar\/index.php\/2021\/06\/12\/automoto-sumo-una-psicologa-para-el-futbol-infantil\/#breadcrumb"},"inLanguage":"es","potentialAction":[{"@type":"ReadAction","target":["https:\/\/www.celttv.com.ar\/index.php\/2021\/06\/12\/automoto-sumo-una-psicologa-para-el-futbol-infantil\/"]}]},{"@type":"BreadcrumbList","@id":"https:\/\/www.celttv.com.ar\/index.php\/2021\/06\/12\/automoto-sumo-una-psicologa-para-el-futbol-infantil\/#breadcrumb","itemListElement":[{"@type":"ListItem","position":1,"name":"Inicio","item":"https:\/\/www.celttv.com.ar\/"},{"@type":"ListItem","position":2,"name":"Automoto sum\u00f3 una psic\u00f3loga para el f\u00fatbol infantil"}]},{"@type":"WebSite","@id":"https:\/\/www.celttv.com.ar\/#website","url":"https:\/\/www.celttv.com.ar\/","name":"CELTTV","description":"Cooperativa El\u00e9ctrica de Tornquist","publisher":{"@id":"https:\/\/www.celttv.com.ar\/#organization"},"potentialAction":[{"@type":"SearchAction","target":{"@type":"EntryPoint","urlTemplate":"https:\/\/www.celttv.com.ar\/?s={search_term_string}"},"query-input":"required name=search_term_string"}],"inLanguage":"es"},{"@type":"Organization","@id":"https:\/\/www.celttv.com.ar\/#organization","name":"CELTTV","url":"https:\/\/www.celttv.com.ar\/","sameAs":["https:\/\/www.youtube.com\/channel\/UCz_oIt8Hig64Ub-EmcNPIhg","https:\/\/www.facebook.com\/celtTV\/"],"logo":{"@type":"ImageObject","inLanguage":"es","@id":"https:\/\/www.celttv.com.ar\/#\/schema\/logo\/image\/","url":"http:\/\/www.celttv.com.ar\/wp-content\/uploads\/2022\/08\/logo-1.png","contentUrl":"http:\/\/www.celttv.com.ar\/wp-content\/uploads\/2022\/08\/logo-1.png","width":461,"height":159,"caption":"CELTTV"},"image":{"@id":"https:\/\/www.celttv.com.ar\/#\/schema\/logo\/image\/"}},{"@type":"Person","@id":"https:\/\/www.celttv.com.ar\/#\/schema\/person\/6d99c072dba59953809c81446e9d0ace","name":"ulises","image":{"@type":"ImageObject","inLanguage":"es","@id":"https:\/\/www.celttv.com.ar\/#\/schema\/person\/image\/","url":"https:\/\/secure.gravatar.com\/avatar\/7f2c48bdc33b30088f941fb6082e555f2874c98e20cb159d7b92b50eadfce793?s=96&d=mm&r=g","contentUrl":"https:\/\/secure.gravatar.com\/avatar\/7f2c48bdc33b30088f941fb6082e555f2874c98e20cb159d7b92b50eadfce793?s=96&d=mm&r=g","caption":"ulises"},"sameAs":["http:\/\/www.celttv.com.ar"]}]}},"_links":{"self":[{"href":"https:\/\/www.celttv.com.ar\/index.php\/wp-json\/wp\/v2\/posts\/58166","targetHints":{"allow":["GET"]}}],"collection":[{"href":"https:\/\/www.celttv.com.ar\/index.php\/wp-json\/wp\/v2\/posts"}],"about":[{"href":"https:\/\/www.celttv.com.ar\/index.php\/wp-json\/wp\/v2\/types\/post"}],"author":[{"embeddable":true,"href":"https:\/\/www.celttv.com.ar\/index.php\/wp-json\/wp\/v2\/users\/1"}],"replies":[{"embeddable":true,"href":"https:\/\/www.celttv.com.ar\/index.php\/wp-json\/wp\/v2\/comments?post=58166"}],"version-history":[{"count":0,"href":"https:\/\/www.celttv.com.ar\/index.php\/wp-json\/wp\/v2\/posts\/58166\/revisions"}],"wp:featuredmedia":[{"embeddable":true,"href":"https:\/\/www.celttv.com.ar\/index.php\/wp-json\/wp\/v2\/media\/58167"}],"wp:attachment":[{"href":"https:\/\/www.celttv.com.ar\/index.php\/wp-json\/wp\/v2\/media?parent=58166"}],"wp:term":[{"taxonomy":"category","embeddable":true,"href":"https:\/\/www.celttv.com.ar\/index.php\/wp-json\/wp\/v2\/categories?post=58166"},{"taxonomy":"post_tag","embeddable":true,"href":"https:\/\/www.celttv.com.ar\/index.php\/wp-json\/wp\/v2\/tags?post=58166"}],"curies":[{"name":"wp","href":"https:\/\/api.w.org\/{rel}","templated":true}]}}