{"id":58181,"date":"2021-06-14T23:07:36","date_gmt":"2021-06-14T23:07:36","guid":{"rendered":"http:\/\/www.celttv.com.ar\/?p=58181"},"modified":"2021-06-14T23:07:36","modified_gmt":"2021-06-14T23:07:36","slug":"la-ciudad-homenajeo-a-los-veteranos-de-guerra-continental-por-malvinas","status":"publish","type":"post","link":"https:\/\/www.celttv.com.ar\/index.php\/2021\/06\/14\/la-ciudad-homenajeo-a-los-veteranos-de-guerra-continental-por-malvinas\/","title":{"rendered":"La ciudad homenaje\u00f3 a los Veteranos de Guerra Continental por Malvinas"},"content":{"rendered":"\n<p>En una jornada gris y de baja temperatura, la ciudad de Tornquist vivi\u00f3 un momento especial porque se record\u00f3 el &#8220;D\u00eda del Veterano de Guerra Continental por Malvinas&#8221;, en un acto realizado en el predio de Parque L\u00e1inez.<\/p>\n\n\n\n<p>Participaron del mismo el intendente Sergio Bordoni y parte de su gabinete; integrantes del Honorable Concejo Deliberante; ex-combatientes y veteranos de guerra continental del distrito y la regi\u00f3n; familiares y vecinos de la ciudad.<\/p>\n\n\n\n<p>El acto protocolar se realiz\u00f3 en un espacio del Parque L\u00e1inez, donde se  instal\u00f3 un m\u00e1stil y se descubrieron dos placas en homenaje a los h\u00e9roes de Malvinas y tambi\u00e9n a Miguel \u00c1ngel Fern\u00e1ndez, vecino de Tornquist ya desaparecido, quien fuera precursor del movimiento de ex-soldados continentales en el distrito.<\/p>\n\n\n\n<p>Tras el izamiento del Pabell\u00f3n Nacional y la entonaci\u00f3n del Himno, el intendente Bordoni fue el encargado de dirigirse a los presentes.<\/p>\n\n\n\n<p>&#8220;Es un momento de recuerdo y reconocimiento. Siempre digo que debemos seguir reclamando, pero a trav\u00e9s de la v\u00eda diplom\u00e1tica, para poder recuperar nuestras Malvinas&#8221;, manifest\u00f3 el jefe comunal.<\/p>\n\n\n\n<figure class=\"wp-block-embed is-type-video is-provider-youtube wp-block-embed-youtube wp-embed-aspect-16-9 wp-has-aspect-ratio\"><div class=\"wp-block-embed__wrapper\">\n<iframe loading=\"lazy\" title=\"2021 06 14 D\u00cdA NACIONAL DEL VETERANO DE GUERRA CONTINENTAL POR MALVINAS 1   SERGIO BORDONI\" width=\"500\" height=\"281\" src=\"https:\/\/www.youtube.com\/embed\/bIzGL-R7siU?feature=oembed\" frameborder=\"0\" allow=\"accelerometer; autoplay; clipboard-write; encrypted-media; gyroscope; picture-in-picture; web-share\" referrerpolicy=\"strict-origin-when-cross-origin\" allowfullscreen><\/iframe>\n<\/div><\/figure>\n\n\n\n<p>Luego, Daniel Schmidt, veterano de guerra continental por Malvinas, fue el responsable de recordar lo que significa el 14 de junio y sobre la importancia de poder recordar dicha fecha en un sitio que mantendr\u00e1 viva la memoria de nuestros h\u00e9roes.<\/p>\n\n\n\n<p>Discurso completo:<\/p>\n\n\n\n<p>&#8220;El 14 de Junio de hace 39 a\u00f1os y siendo j\u00f3venes soldados fuimos parte de lo que se conoce hist\u00f3ricamente como \u201cEl D\u00eda de la M\u00e1xima Resistencia por Malvinas, Georgias y S\u00e1ndwich de Sur\u201d, durante el Conflicto B\u00e9lico del Atl\u00e1ntico Sur, que mantuvo nuestra Naci\u00f3n frente al Reino Unido de Gran Breta\u00f1a e Irlanda del Norte.<\/p>\n\n\n\n<p>Mantenemos la memoria y respeto por todos nuestros ca\u00eddos por la Patria durante la Guerra en Defensa de la Soberan\u00eda Nacional, de los que defendimos a las Islas Malvinas y de los veteranos que a\u00fan hoy cargamos las huellas de aquello que nos toc\u00f3 vivir. Todo hace que esta fecha sea tambi\u00e9n un d\u00eda para la reflexi\u00f3n de lo que signific\u00f3 para el Pueblo Argentino.<\/p>\n\n\n\n<p>Fueron 74 d\u00edas de dura batalla en el territorio insular y recordamos las mismas jornadas interminables en el territorio continental, de apoyo y tarea log\u00edstica, preparado y traslado de alimentos y elementos propios de la contienda como armamentos y municiones, vigilancia de trenes cargados con soldados y equipos que pasaban hacia el sur, guardia constante, acuartelamiento indefinido y permanente etapa de reserva, con el consecuente estr\u00e9s del estado propio de la preparaci\u00f3n para la guerra y saber que, por nuestra disponibilidad forzada por el servicio militar obligatorio, en cualquier momento nos movilizaban para la lucha directa.<\/p>\n\n\n\n<p>Nuestra tarea no ces\u00f3 ese d\u00eda ya que nos toc\u00f3 vivir tambi\u00e9n las consecuencias, lo m\u00e1s duro: recibir, atender y sostener a nuestros soldados heridos. Ellos ten\u00edan lesiones f\u00edsicas y, las m\u00e1s dolorosas: las ps\u00edquicas, que son a\u00fan en d\u00eda las m\u00e1s dif\u00edciles de sanar, por tener que vivir recordando el temor de la muerte y, a la vez, la violencia que significa tener en las manos el poder de matar a otro igual. Sobre todo, porque hablamos de las mentes j\u00f3venes de aquellos que fuimos soldados, contando en ese momento 18 a 20 a\u00f1os de edad.<\/p>\n\n\n\n<p>El 14 de junio de ese a\u00f1o fue el d\u00eda cuando se orden\u00f3 el alto al fuego definitivo y nuestro Pa\u00eds empez\u00f3 a transitar su camino de vuelta a la Democracia.<\/p>\n\n\n\n<p>Por aquella \u00e9poca los medios de comunicaci\u00f3n argentinos produjeron una cobertura informativa triunfalista y fal\u00e1z. El t\u00edtulo de \u201cestamos ganando\u201d era muy escuchado y c\u00e9lebre. Por todo eso es que la derrota sorprendi\u00f3 a la poblaci\u00f3n argentina, que cre\u00eda hasta el momento un desarrollo favorable de la guerra. La euforia vivida por los argentinos se transforma en silencio y abandono. Luego, ya con la democracia, salen a la luz los actos injustos y repudiables de muchos militares durante el proceso y el desprecio de la sociedad que, pareciera, nos incluy\u00f3 a todos los soldados que prestamos servicio durante ese tiempo.<\/p>\n\n\n\n<p>Muy pocos de los nuestros llevaron adelante la bandera del reclamo en ese clima y ante la verg\u00fcenza y el dolor propio del estr\u00e9s que sufrimos, nuestra mudez se hizo profunda. &nbsp;<\/p>\n\n\n\n<p>Y fuimos los relegados. Desde el continente tambi\u00e9n ofrecimos nuestras vidas, que no fueron puestas en el frente de batalla porque falt\u00f3 s\u00f3lo la orden para que pas\u00e1ramos a la lucha directa.<\/p>\n\n\n\n<p>Luego vino un largo camino de casi cuarenta a\u00f1os de peregrinaci\u00f3n ante el Estado, por nuestro Reconocimiento Moral e Hist\u00f3rico con Dignificaci\u00f3n, por la Veteran\u00eda de Guerra por Malvinas que nos corresponde.<\/p>\n\n\n\n<p>En estos \u00faltimos a\u00f1os hemos comenzado a lograr la atenci\u00f3n de algunas autoridades y referentes sociales sobre nuestro reclamo como ha ocurrido en Tornquist, que nos alegra profundamente y es como un b\u00e1lsamo luego de todos estos a\u00f1os de lucha.<\/p>\n\n\n\n<p>Hoy es un d\u00eda muy especial para nosotros. Estamos muy contentos. Hemos sentado un precedente que no se ha conseguido en otras comunidades. De aqu\u00ed en m\u00e1s, esto que estamos viviendo nos identificar\u00e1: cada 14 de junio ser\u00e1 nuestro d\u00eda, el d\u00eda del Veterano de Guerra Continental por Malvinas.<\/p>\n\n\n\n<p>Sabemos que el Pueblo argentino pone en valor nuestro compromiso con la Patria y nos acompa\u00f1a en este justo pedido.<\/p>\n\n\n\n<p>Reafirmamos tambi\u00e9n el reclamo permanente por recuperar nuestro territorio usurpado y renovamos cada d\u00eda ese compromiso Malvinizando la conciencia de las nuevas generaciones y entendiendo que el \u00fanico camino posible es por medio del dialogo y la paz.<\/p>\n\n\n\n<p>Nos atrevemos a solicitar que nos sigan apoyando, sobre todo con nuestro Proyecto Nro. 4872\/2020 por el reconocimiento tan anhelado, que ya se est\u00e1 tratando en las arenas parlamentarias del Honorable Congreso de la Naci\u00f3n.<\/p>\n\n\n\n<p>Finalmente, es necesario agradecer profundamente a nuestras familias y a las autoridades locales, por la posibilidad que tenemos de estar aqu\u00ed, hoy, de pie y con la frente alta, ante toda la sociedad, experiencia que jam\u00e1s nos hubi\u00e9ramos imaginado despu\u00e9s de tanto tiempo. Entre ellos destacamos al Se\u00f1or Intendente municipal con su grupo de secretarios y colaboradores, a los se\u00f1ores concejales, a los Veteranos de Guerra ya reconocidos que aqu\u00ed nos est\u00e1n acompa\u00f1ando, al referente local Guillermo Calcumil que se destaca por la forma en que hizo carne el reclamo de todos y aquellos que, hasta ahora, nos \u201cprestaron el o\u00eddo\u201d y se hicieron eco de nuestras propuestas para llevar adelante esta justa solicitud que sale desde lo m\u00e1s profundo de nuestros corazones: ser reconocidos por lo que hemos vivido, por lo que somos, por lo que nos identifica con mucha honra\u2026 Somos <strong>VETERANOS DE GUERRA CONTINENTALES POR MALVINAS&#8221;.<\/strong><\/p>\n\n\n\n<figure class=\"wp-block-embed is-type-video is-provider-youtube wp-block-embed-youtube wp-embed-aspect-16-9 wp-has-aspect-ratio\"><div class=\"wp-block-embed__wrapper\">\n<iframe loading=\"lazy\" title=\"2021 06 14 D\u00cdA NACIONAL DEL VETERANO DE GUERRA CONTINENTAL POR MALVINAS 2   DANIEL SCHMIDT\" width=\"500\" height=\"281\" src=\"https:\/\/www.youtube.com\/embed\/Yg-6gUWbdKs?feature=oembed\" frameborder=\"0\" allow=\"accelerometer; autoplay; clipboard-write; encrypted-media; gyroscope; picture-in-picture; web-share\" referrerpolicy=\"strict-origin-when-cross-origin\" allowfullscreen><\/iframe>\n<\/div><\/figure>\n\n\n\n<figure class=\"wp-block-image size-large\"><img loading=\"lazy\" decoding=\"async\" width=\"1024\" height=\"768\" src=\"http:\/\/www.celttv.com.ar\/wp-content\/uploads\/2021\/06\/77de07c5-e261-465a-8f4c-144d05f091ef-1024x768.jpg\" alt=\"\" class=\"wp-image-58182\" srcset=\"https:\/\/www.celttv.com.ar\/wp-content\/uploads\/2021\/06\/77de07c5-e261-465a-8f4c-144d05f091ef-1024x768.jpg 1024w, https:\/\/www.celttv.com.ar\/wp-content\/uploads\/2021\/06\/77de07c5-e261-465a-8f4c-144d05f091ef-300x225.jpg 300w, https:\/\/www.celttv.com.ar\/wp-content\/uploads\/2021\/06\/77de07c5-e261-465a-8f4c-144d05f091ef-768x576.jpg 768w, https:\/\/www.celttv.com.ar\/wp-content\/uploads\/2021\/06\/77de07c5-e261-465a-8f4c-144d05f091ef-750x563.jpg 750w, https:\/\/www.celttv.com.ar\/wp-content\/uploads\/2021\/06\/77de07c5-e261-465a-8f4c-144d05f091ef-1140x855.jpg 1140w, https:\/\/www.celttv.com.ar\/wp-content\/uploads\/2021\/06\/77de07c5-e261-465a-8f4c-144d05f091ef.jpg 1280w\" sizes=\"auto, (max-width: 1024px) 100vw, 1024px\" \/><\/figure>\n\n\n\n<figure class=\"wp-block-image size-large\"><img loading=\"lazy\" decoding=\"async\" width=\"1024\" height=\"768\" src=\"http:\/\/www.celttv.com.ar\/wp-content\/uploads\/2021\/06\/1-1024x768.jpg\" alt=\"\" class=\"wp-image-58197\" srcset=\"https:\/\/www.celttv.com.ar\/wp-content\/uploads\/2021\/06\/1-1024x768.jpg 1024w, https:\/\/www.celttv.com.ar\/wp-content\/uploads\/2021\/06\/1-300x225.jpg 300w, https:\/\/www.celttv.com.ar\/wp-content\/uploads\/2021\/06\/1-768x576.jpg 768w, https:\/\/www.celttv.com.ar\/wp-content\/uploads\/2021\/06\/1-1536x1152.jpg 1536w, https:\/\/www.celttv.com.ar\/wp-content\/uploads\/2021\/06\/1-750x563.jpg 750w, https:\/\/www.celttv.com.ar\/wp-content\/uploads\/2021\/06\/1-1140x855.jpg 1140w, https:\/\/www.celttv.com.ar\/wp-content\/uploads\/2021\/06\/1.jpg 2048w\" sizes=\"auto, (max-width: 1024px) 100vw, 1024px\" \/><\/figure>\n\n\n\n<figure class=\"wp-block-image size-large\"><img loading=\"lazy\" decoding=\"async\" width=\"1024\" height=\"768\" src=\"http:\/\/www.celttv.com.ar\/wp-content\/uploads\/2021\/06\/2-1024x768.jpg\" alt=\"\" class=\"wp-image-58198\" srcset=\"https:\/\/www.celttv.com.ar\/wp-content\/uploads\/2021\/06\/2-1024x768.jpg 1024w, https:\/\/www.celttv.com.ar\/wp-content\/uploads\/2021\/06\/2-300x225.jpg 300w, https:\/\/www.celttv.com.ar\/wp-content\/uploads\/2021\/06\/2-768x576.jpg 768w, https:\/\/www.celttv.com.ar\/wp-content\/uploads\/2021\/06\/2-1536x1152.jpg 1536w, https:\/\/www.celttv.com.ar\/wp-content\/uploads\/2021\/06\/2-750x563.jpg 750w, https:\/\/www.celttv.com.ar\/wp-content\/uploads\/2021\/06\/2-1140x855.jpg 1140w, https:\/\/www.celttv.com.ar\/wp-content\/uploads\/2021\/06\/2.jpg 2048w\" sizes=\"auto, (max-width: 1024px) 100vw, 1024px\" \/><\/figure>\n\n\n\n<figure class=\"wp-block-image size-large\"><img loading=\"lazy\" decoding=\"async\" width=\"1024\" height=\"768\" src=\"http:\/\/www.celttv.com.ar\/wp-content\/uploads\/2021\/06\/3-1024x768.jpg\" alt=\"\" class=\"wp-image-58199\" srcset=\"https:\/\/www.celttv.com.ar\/wp-content\/uploads\/2021\/06\/3-1024x768.jpg 1024w, https:\/\/www.celttv.com.ar\/wp-content\/uploads\/2021\/06\/3-300x225.jpg 300w, https:\/\/www.celttv.com.ar\/wp-content\/uploads\/2021\/06\/3-768x576.jpg 768w, https:\/\/www.celttv.com.ar\/wp-content\/uploads\/2021\/06\/3-1536x1152.jpg 1536w, https:\/\/www.celttv.com.ar\/wp-content\/uploads\/2021\/06\/3-750x563.jpg 750w, https:\/\/www.celttv.com.ar\/wp-content\/uploads\/2021\/06\/3-1140x855.jpg 1140w, https:\/\/www.celttv.com.ar\/wp-content\/uploads\/2021\/06\/3.jpg 2048w\" sizes=\"auto, (max-width: 1024px) 100vw, 1024px\" \/><\/figure>\n\n\n\n<figure class=\"wp-block-image size-large\"><img loading=\"lazy\" decoding=\"async\" width=\"1024\" height=\"768\" src=\"http:\/\/www.celttv.com.ar\/wp-content\/uploads\/2021\/06\/4-1024x768.jpg\" alt=\"\" class=\"wp-image-58200\" srcset=\"https:\/\/www.celttv.com.ar\/wp-content\/uploads\/2021\/06\/4-1024x768.jpg 1024w, https:\/\/www.celttv.com.ar\/wp-content\/uploads\/2021\/06\/4-300x225.jpg 300w, https:\/\/www.celttv.com.ar\/wp-content\/uploads\/2021\/06\/4-768x576.jpg 768w, https:\/\/www.celttv.com.ar\/wp-content\/uploads\/2021\/06\/4-750x563.jpg 750w, https:\/\/www.celttv.com.ar\/wp-content\/uploads\/2021\/06\/4-1140x855.jpg 1140w, https:\/\/www.celttv.com.ar\/wp-content\/uploads\/2021\/06\/4.jpg 1229w\" sizes=\"auto, (max-width: 1024px) 100vw, 1024px\" \/><\/figure>\n\n\n\n<figure class=\"wp-block-image size-large\"><img loading=\"lazy\" decoding=\"async\" width=\"1024\" height=\"768\" src=\"http:\/\/www.celttv.com.ar\/wp-content\/uploads\/2021\/06\/5-1024x768.jpg\" alt=\"\" class=\"wp-image-58201\" srcset=\"https:\/\/www.celttv.com.ar\/wp-content\/uploads\/2021\/06\/5-1024x768.jpg 1024w, https:\/\/www.celttv.com.ar\/wp-content\/uploads\/2021\/06\/5-300x225.jpg 300w, https:\/\/www.celttv.com.ar\/wp-content\/uploads\/2021\/06\/5-768x576.jpg 768w, https:\/\/www.celttv.com.ar\/wp-content\/uploads\/2021\/06\/5-750x563.jpg 750w, https:\/\/www.celttv.com.ar\/wp-content\/uploads\/2021\/06\/5-1140x855.jpg 1140w, https:\/\/www.celttv.com.ar\/wp-content\/uploads\/2021\/06\/5.jpg 1332w\" sizes=\"auto, (max-width: 1024px) 100vw, 1024px\" \/><\/figure>\n\n\n\n<figure class=\"wp-block-image size-large\"><img decoding=\"async\" src=\"http:\/\/www.celttv.com.ar\/wp-content\/uploads\/2021\/06\/6-1024x768.jpg\" alt=\"\" class=\"wp-image-58202\"\/><\/figure>\n","protected":false},"excerpt":{"rendered":"<p>En una jornada gris y de baja temperatura, la ciudad de Tornquist vivi\u00f3 un momento especial porque se record\u00f3 el &#8220;D\u00eda del Veterano de Guerra Continental por Malvinas&#8221;, en un acto realizado en el predio de Parque L\u00e1inez. Participaron del mismo el intendente Sergio Bordoni y parte de su gabinete; integrantes del Honorable Concejo Deliberante; [&hellip;]<\/p>\n","protected":false},"author":1,"featured_media":58182,"comment_status":"closed","ping_status":"open","sticky":false,"template":"","format":"standard","meta":{"footnotes":""},"categories":[55,51,52],"tags":[],"class_list":["post-58181","post","type-post","status-publish","format-standard","has-post-thumbnail","hentry","category-celt-tv-noticias","category-comunidad","category-destacadas"],"yoast_head":"<!-- This site is optimized with the Yoast SEO plugin v19.7.1 - https:\/\/yoast.com\/wordpress\/plugins\/seo\/ -->\n<title>La ciudad homenaje\u00f3 a los Veteranos de Guerra Continental por Malvinas - CELTTV<\/title>\n<meta name=\"description\" content=\"Sitio web de noticias de la localidad de Tornquist, provincia de Buenos Aires, Rep\u00fablica Argentina. Contenido propio originado por periodistas de CELTTV, el canal de TV local de la Cooperativa El\u00e9ctrica de Tornquist. Turismo, Pol\u00edtica, Sociedad, Deporte, Cultura y todo el contenido de inter\u00e9s general que la gente del pueblo y la regi\u00f3n debe conocer.\" \/>\n<meta name=\"robots\" content=\"index, follow, max-snippet:-1, max-image-preview:large, max-video-preview:-1\" \/>\n<link rel=\"canonical\" href=\"https:\/\/www.celttv.com.ar\/index.php\/2021\/06\/14\/la-ciudad-homenajeo-a-los-veteranos-de-guerra-continental-por-malvinas\/\" \/>\n<meta property=\"og:locale\" content=\"es_ES\" \/>\n<meta property=\"og:type\" content=\"article\" \/>\n<meta property=\"og:title\" content=\"La ciudad homenaje\u00f3 a los Veteranos de Guerra Continental por Malvinas - CELTTV\" \/>\n<meta property=\"og:description\" content=\"Sitio web de noticias de la localidad de Tornquist, provincia de Buenos Aires, Rep\u00fablica Argentina. Contenido propio originado por periodistas de CELTTV, el canal de TV local de la Cooperativa El\u00e9ctrica de Tornquist. Turismo, Pol\u00edtica, Sociedad, Deporte, Cultura y todo el contenido de inter\u00e9s general que la gente del pueblo y la regi\u00f3n debe conocer.\" \/>\n<meta property=\"og:url\" content=\"https:\/\/www.celttv.com.ar\/index.php\/2021\/06\/14\/la-ciudad-homenajeo-a-los-veteranos-de-guerra-continental-por-malvinas\/\" \/>\n<meta property=\"og:site_name\" content=\"CELTTV\" \/>\n<meta property=\"article:publisher\" content=\"https:\/\/www.facebook.com\/celtTV\/\" \/>\n<meta property=\"article:published_time\" content=\"2021-06-14T23:07:36+00:00\" \/>\n<meta property=\"og:image\" content=\"https:\/\/www.celttv.com.ar\/wp-content\/uploads\/2021\/06\/77de07c5-e261-465a-8f4c-144d05f091ef.jpg\" \/>\n\t<meta property=\"og:image:width\" content=\"1280\" \/>\n\t<meta property=\"og:image:height\" content=\"960\" \/>\n\t<meta property=\"og:image:type\" content=\"image\/jpeg\" \/>\n<meta name=\"author\" content=\"ulises\" \/>\n<meta name=\"twitter:card\" content=\"summary_large_image\" \/>\n<meta name=\"twitter:label1\" content=\"Escrito por\" \/>\n\t<meta name=\"twitter:data1\" content=\"ulises\" \/>\n\t<meta name=\"twitter:label2\" content=\"Tiempo de lectura\" \/>\n\t<meta name=\"twitter:data2\" content=\"6 minutos\" \/>\n<script type=\"application\/ld+json\" class=\"yoast-schema-graph\">{\"@context\":\"https:\/\/schema.org\",\"@graph\":[{\"@type\":\"NewsArticle\",\"@id\":\"https:\/\/www.celttv.com.ar\/index.php\/2021\/06\/14\/la-ciudad-homenajeo-a-los-veteranos-de-guerra-continental-por-malvinas\/#article\",\"isPartOf\":{\"@id\":\"https:\/\/www.celttv.com.ar\/index.php\/2021\/06\/14\/la-ciudad-homenajeo-a-los-veteranos-de-guerra-continental-por-malvinas\/\"},\"author\":{\"name\":\"ulises\",\"@id\":\"https:\/\/www.celttv.com.ar\/#\/schema\/person\/6d99c072dba59953809c81446e9d0ace\"},\"headline\":\"La ciudad homenaje\u00f3 a los Veteranos de Guerra Continental por Malvinas\",\"datePublished\":\"2021-06-14T23:07:36+00:00\",\"dateModified\":\"2021-06-14T23:07:36+00:00\",\"mainEntityOfPage\":{\"@id\":\"https:\/\/www.celttv.com.ar\/index.php\/2021\/06\/14\/la-ciudad-homenajeo-a-los-veteranos-de-guerra-continental-por-malvinas\/\"},\"wordCount\":1187,\"publisher\":{\"@id\":\"https:\/\/www.celttv.com.ar\/#organization\"},\"articleSection\":[\"Celt TV Noticias\",\"Comunidad\",\"Destacadas\"],\"inLanguage\":\"es\"},{\"@type\":\"WebPage\",\"@id\":\"https:\/\/www.celttv.com.ar\/index.php\/2021\/06\/14\/la-ciudad-homenajeo-a-los-veteranos-de-guerra-continental-por-malvinas\/\",\"url\":\"https:\/\/www.celttv.com.ar\/index.php\/2021\/06\/14\/la-ciudad-homenajeo-a-los-veteranos-de-guerra-continental-por-malvinas\/\",\"name\":\"La ciudad homenaje\u00f3 a los Veteranos de Guerra Continental por Malvinas - CELTTV\",\"isPartOf\":{\"@id\":\"https:\/\/www.celttv.com.ar\/#website\"},\"datePublished\":\"2021-06-14T23:07:36+00:00\",\"dateModified\":\"2021-06-14T23:07:36+00:00\",\"description\":\"Sitio web de noticias de la localidad de Tornquist, provincia de Buenos Aires, Rep\u00fablica Argentina. Contenido propio originado por periodistas de CELTTV, el canal de TV local de la Cooperativa El\u00e9ctrica de Tornquist. Turismo, Pol\u00edtica, Sociedad, Deporte, Cultura y todo el contenido de inter\u00e9s general que la gente del pueblo y la regi\u00f3n debe conocer.\",\"breadcrumb\":{\"@id\":\"https:\/\/www.celttv.com.ar\/index.php\/2021\/06\/14\/la-ciudad-homenajeo-a-los-veteranos-de-guerra-continental-por-malvinas\/#breadcrumb\"},\"inLanguage\":\"es\",\"potentialAction\":[{\"@type\":\"ReadAction\",\"target\":[\"https:\/\/www.celttv.com.ar\/index.php\/2021\/06\/14\/la-ciudad-homenajeo-a-los-veteranos-de-guerra-continental-por-malvinas\/\"]}]},{\"@type\":\"BreadcrumbList\",\"@id\":\"https:\/\/www.celttv.com.ar\/index.php\/2021\/06\/14\/la-ciudad-homenajeo-a-los-veteranos-de-guerra-continental-por-malvinas\/#breadcrumb\",\"itemListElement\":[{\"@type\":\"ListItem\",\"position\":1,\"name\":\"Inicio\",\"item\":\"https:\/\/www.celttv.com.ar\/\"},{\"@type\":\"ListItem\",\"position\":2,\"name\":\"La ciudad homenaje\u00f3 a los Veteranos de Guerra Continental por Malvinas\"}]},{\"@type\":\"WebSite\",\"@id\":\"https:\/\/www.celttv.com.ar\/#website\",\"url\":\"https:\/\/www.celttv.com.ar\/\",\"name\":\"CELTTV\",\"description\":\"Cooperativa El\u00e9ctrica de Tornquist\",\"publisher\":{\"@id\":\"https:\/\/www.celttv.com.ar\/#organization\"},\"potentialAction\":[{\"@type\":\"SearchAction\",\"target\":{\"@type\":\"EntryPoint\",\"urlTemplate\":\"https:\/\/www.celttv.com.ar\/?s={search_term_string}\"},\"query-input\":\"required name=search_term_string\"}],\"inLanguage\":\"es\"},{\"@type\":\"Organization\",\"@id\":\"https:\/\/www.celttv.com.ar\/#organization\",\"name\":\"CELTTV\",\"url\":\"https:\/\/www.celttv.com.ar\/\",\"sameAs\":[\"https:\/\/www.youtube.com\/channel\/UCz_oIt8Hig64Ub-EmcNPIhg\",\"https:\/\/www.facebook.com\/celtTV\/\"],\"logo\":{\"@type\":\"ImageObject\",\"inLanguage\":\"es\",\"@id\":\"https:\/\/www.celttv.com.ar\/#\/schema\/logo\/image\/\",\"url\":\"http:\/\/www.celttv.com.ar\/wp-content\/uploads\/2022\/08\/logo-1.png\",\"contentUrl\":\"http:\/\/www.celttv.com.ar\/wp-content\/uploads\/2022\/08\/logo-1.png\",\"width\":461,\"height\":159,\"caption\":\"CELTTV\"},\"image\":{\"@id\":\"https:\/\/www.celttv.com.ar\/#\/schema\/logo\/image\/\"}},{\"@type\":\"Person\",\"@id\":\"https:\/\/www.celttv.com.ar\/#\/schema\/person\/6d99c072dba59953809c81446e9d0ace\",\"name\":\"ulises\",\"image\":{\"@type\":\"ImageObject\",\"inLanguage\":\"es\",\"@id\":\"https:\/\/www.celttv.com.ar\/#\/schema\/person\/image\/\",\"url\":\"https:\/\/secure.gravatar.com\/avatar\/7f2c48bdc33b30088f941fb6082e555f2874c98e20cb159d7b92b50eadfce793?s=96&d=mm&r=g\",\"contentUrl\":\"https:\/\/secure.gravatar.com\/avatar\/7f2c48bdc33b30088f941fb6082e555f2874c98e20cb159d7b92b50eadfce793?s=96&d=mm&r=g\",\"caption\":\"ulises\"},\"sameAs\":[\"http:\/\/www.celttv.com.ar\"]}]}<\/script>\n<!-- \/ Yoast SEO plugin. -->","yoast_head_json":{"title":"La ciudad homenaje\u00f3 a los Veteranos de Guerra Continental por Malvinas - CELTTV","description":"Sitio web de noticias de la localidad de Tornquist, provincia de Buenos Aires, Rep\u00fablica Argentina. Contenido propio originado por periodistas de CELTTV, el canal de TV local de la Cooperativa El\u00e9ctrica de Tornquist. Turismo, Pol\u00edtica, Sociedad, Deporte, Cultura y todo el contenido de inter\u00e9s general que la gente del pueblo y la regi\u00f3n debe conocer.","robots":{"index":"index","follow":"follow","max-snippet":"max-snippet:-1","max-image-preview":"max-image-preview:large","max-video-preview":"max-video-preview:-1"},"canonical":"https:\/\/www.celttv.com.ar\/index.php\/2021\/06\/14\/la-ciudad-homenajeo-a-los-veteranos-de-guerra-continental-por-malvinas\/","og_locale":"es_ES","og_type":"article","og_title":"La ciudad homenaje\u00f3 a los Veteranos de Guerra Continental por Malvinas - CELTTV","og_description":"Sitio web de noticias de la localidad de Tornquist, provincia de Buenos Aires, Rep\u00fablica Argentina. Contenido propio originado por periodistas de CELTTV, el canal de TV local de la Cooperativa El\u00e9ctrica de Tornquist. Turismo, Pol\u00edtica, Sociedad, Deporte, Cultura y todo el contenido de inter\u00e9s general que la gente del pueblo y la regi\u00f3n debe conocer.","og_url":"https:\/\/www.celttv.com.ar\/index.php\/2021\/06\/14\/la-ciudad-homenajeo-a-los-veteranos-de-guerra-continental-por-malvinas\/","og_site_name":"CELTTV","article_publisher":"https:\/\/www.facebook.com\/celtTV\/","article_published_time":"2021-06-14T23:07:36+00:00","og_image":[{"width":1280,"height":960,"url":"https:\/\/www.celttv.com.ar\/wp-content\/uploads\/2021\/06\/77de07c5-e261-465a-8f4c-144d05f091ef.jpg","type":"image\/jpeg"}],"author":"ulises","twitter_card":"summary_large_image","twitter_misc":{"Escrito por":"ulises","Tiempo de lectura":"6 minutos"},"schema":{"@context":"https:\/\/schema.org","@graph":[{"@type":"NewsArticle","@id":"https:\/\/www.celttv.com.ar\/index.php\/2021\/06\/14\/la-ciudad-homenajeo-a-los-veteranos-de-guerra-continental-por-malvinas\/#article","isPartOf":{"@id":"https:\/\/www.celttv.com.ar\/index.php\/2021\/06\/14\/la-ciudad-homenajeo-a-los-veteranos-de-guerra-continental-por-malvinas\/"},"author":{"name":"ulises","@id":"https:\/\/www.celttv.com.ar\/#\/schema\/person\/6d99c072dba59953809c81446e9d0ace"},"headline":"La ciudad homenaje\u00f3 a los Veteranos de Guerra Continental por Malvinas","datePublished":"2021-06-14T23:07:36+00:00","dateModified":"2021-06-14T23:07:36+00:00","mainEntityOfPage":{"@id":"https:\/\/www.celttv.com.ar\/index.php\/2021\/06\/14\/la-ciudad-homenajeo-a-los-veteranos-de-guerra-continental-por-malvinas\/"},"wordCount":1187,"publisher":{"@id":"https:\/\/www.celttv.com.ar\/#organization"},"articleSection":["Celt TV Noticias","Comunidad","Destacadas"],"inLanguage":"es"},{"@type":"WebPage","@id":"https:\/\/www.celttv.com.ar\/index.php\/2021\/06\/14\/la-ciudad-homenajeo-a-los-veteranos-de-guerra-continental-por-malvinas\/","url":"https:\/\/www.celttv.com.ar\/index.php\/2021\/06\/14\/la-ciudad-homenajeo-a-los-veteranos-de-guerra-continental-por-malvinas\/","name":"La ciudad homenaje\u00f3 a los Veteranos de Guerra Continental por Malvinas - CELTTV","isPartOf":{"@id":"https:\/\/www.celttv.com.ar\/#website"},"datePublished":"2021-06-14T23:07:36+00:00","dateModified":"2021-06-14T23:07:36+00:00","description":"Sitio web de noticias de la localidad de Tornquist, provincia de Buenos Aires, Rep\u00fablica Argentina. Contenido propio originado por periodistas de CELTTV, el canal de TV local de la Cooperativa El\u00e9ctrica de Tornquist. Turismo, Pol\u00edtica, Sociedad, Deporte, Cultura y todo el contenido de inter\u00e9s general que la gente del pueblo y la regi\u00f3n debe conocer.","breadcrumb":{"@id":"https:\/\/www.celttv.com.ar\/index.php\/2021\/06\/14\/la-ciudad-homenajeo-a-los-veteranos-de-guerra-continental-por-malvinas\/#breadcrumb"},"inLanguage":"es","potentialAction":[{"@type":"ReadAction","target":["https:\/\/www.celttv.com.ar\/index.php\/2021\/06\/14\/la-ciudad-homenajeo-a-los-veteranos-de-guerra-continental-por-malvinas\/"]}]},{"@type":"BreadcrumbList","@id":"https:\/\/www.celttv.com.ar\/index.php\/2021\/06\/14\/la-ciudad-homenajeo-a-los-veteranos-de-guerra-continental-por-malvinas\/#breadcrumb","itemListElement":[{"@type":"ListItem","position":1,"name":"Inicio","item":"https:\/\/www.celttv.com.ar\/"},{"@type":"ListItem","position":2,"name":"La ciudad homenaje\u00f3 a los Veteranos de Guerra Continental por Malvinas"}]},{"@type":"WebSite","@id":"https:\/\/www.celttv.com.ar\/#website","url":"https:\/\/www.celttv.com.ar\/","name":"CELTTV","description":"Cooperativa El\u00e9ctrica de Tornquist","publisher":{"@id":"https:\/\/www.celttv.com.ar\/#organization"},"potentialAction":[{"@type":"SearchAction","target":{"@type":"EntryPoint","urlTemplate":"https:\/\/www.celttv.com.ar\/?s={search_term_string}"},"query-input":"required name=search_term_string"}],"inLanguage":"es"},{"@type":"Organization","@id":"https:\/\/www.celttv.com.ar\/#organization","name":"CELTTV","url":"https:\/\/www.celttv.com.ar\/","sameAs":["https:\/\/www.youtube.com\/channel\/UCz_oIt8Hig64Ub-EmcNPIhg","https:\/\/www.facebook.com\/celtTV\/"],"logo":{"@type":"ImageObject","inLanguage":"es","@id":"https:\/\/www.celttv.com.ar\/#\/schema\/logo\/image\/","url":"http:\/\/www.celttv.com.ar\/wp-content\/uploads\/2022\/08\/logo-1.png","contentUrl":"http:\/\/www.celttv.com.ar\/wp-content\/uploads\/2022\/08\/logo-1.png","width":461,"height":159,"caption":"CELTTV"},"image":{"@id":"https:\/\/www.celttv.com.ar\/#\/schema\/logo\/image\/"}},{"@type":"Person","@id":"https:\/\/www.celttv.com.ar\/#\/schema\/person\/6d99c072dba59953809c81446e9d0ace","name":"ulises","image":{"@type":"ImageObject","inLanguage":"es","@id":"https:\/\/www.celttv.com.ar\/#\/schema\/person\/image\/","url":"https:\/\/secure.gravatar.com\/avatar\/7f2c48bdc33b30088f941fb6082e555f2874c98e20cb159d7b92b50eadfce793?s=96&d=mm&r=g","contentUrl":"https:\/\/secure.gravatar.com\/avatar\/7f2c48bdc33b30088f941fb6082e555f2874c98e20cb159d7b92b50eadfce793?s=96&d=mm&r=g","caption":"ulises"},"sameAs":["http:\/\/www.celttv.com.ar"]}]}},"_links":{"self":[{"href":"https:\/\/www.celttv.com.ar\/index.php\/wp-json\/wp\/v2\/posts\/58181","targetHints":{"allow":["GET"]}}],"collection":[{"href":"https:\/\/www.celttv.com.ar\/index.php\/wp-json\/wp\/v2\/posts"}],"about":[{"href":"https:\/\/www.celttv.com.ar\/index.php\/wp-json\/wp\/v2\/types\/post"}],"author":[{"embeddable":true,"href":"https:\/\/www.celttv.com.ar\/index.php\/wp-json\/wp\/v2\/users\/1"}],"replies":[{"embeddable":true,"href":"https:\/\/www.celttv.com.ar\/index.php\/wp-json\/wp\/v2\/comments?post=58181"}],"version-history":[{"count":0,"href":"https:\/\/www.celttv.com.ar\/index.php\/wp-json\/wp\/v2\/posts\/58181\/revisions"}],"wp:featuredmedia":[{"embeddable":true,"href":"https:\/\/www.celttv.com.ar\/index.php\/wp-json\/wp\/v2\/media\/58182"}],"wp:attachment":[{"href":"https:\/\/www.celttv.com.ar\/index.php\/wp-json\/wp\/v2\/media?parent=58181"}],"wp:term":[{"taxonomy":"category","embeddable":true,"href":"https:\/\/www.celttv.com.ar\/index.php\/wp-json\/wp\/v2\/categories?post=58181"},{"taxonomy":"post_tag","embeddable":true,"href":"https:\/\/www.celttv.com.ar\/index.php\/wp-json\/wp\/v2\/tags?post=58181"}],"curies":[{"name":"wp","href":"https:\/\/api.w.org\/{rel}","templated":true}]}}