{"id":58185,"date":"2021-06-14T23:59:33","date_gmt":"2021-06-14T23:59:33","guid":{"rendered":"http:\/\/www.celttv.com.ar\/?p=58185"},"modified":"2021-06-14T23:59:33","modified_gmt":"2021-06-14T23:59:33","slug":"ida-elsa-oostdyk-lehner-viuda-de-canutti-q-e-p-d-fallecio-en-tornquist-el-14-de-junio-de-2021-a-los-92-anos-de-edad","status":"publish","type":"post","link":"https:\/\/www.celttv.com.ar\/index.php\/2021\/06\/14\/ida-elsa-oostdyk-lehner-viuda-de-canutti-q-e-p-d-fallecio-en-tornquist-el-14-de-junio-de-2021-a-los-92-anos-de-edad\/","title":{"rendered":"Ida Elsa OOSTDYK LEHNER viuda de CANUTTI &#8211;Q.E.P.D.&#8211;: Falleci\u00f3 en Tornquist el 14 de Junio de 2021 a los 92 a\u00f1os de edad"},"content":{"rendered":"\n<p><strong>Ida Elsa OOSTDYK LEHNER viuda de CANUTTI &#8212;<\/strong>Q.E.P.D.&#8211;: Falleci\u00f3 en Tornquist el 14 de Junio de 2021 a los 92 a\u00f1os de edad. Sus hijos Hugo y Alicia CANUTTI. Su hija pol\u00edtica Bibiana ADASSUS. Sus nietos Yanina y Eugenia GANDINI; Renata y Camila CANUTTI. Sus nietos pol\u00edticos Pablo BOLLETTA, Facundo de la IGLESIA y Mariano FOLINO. Sus bisnietos Lara y Santino BOLLETTA; Juana de la IGLESIA. Sus sobrinos, primos, amistades y dem\u00e1s deudos participan su deceso y comunican que sus restos fueron inhumados en la necr\u00f3polis de nuestra localidad. Casa de duelo 12 de Octubre 132, Tornquist. Servicio a cargo de la Cooperativa El\u00e9ctrica Limitada de Tornquist.\u00a0<\/p>\n","protected":false},"excerpt":{"rendered":"<p>Ida Elsa OOSTDYK LEHNER viuda de CANUTTI &#8212;Q.E.P.D.&#8211;: Falleci\u00f3 en Tornquist el 14 de Junio de 2021 a los 92 a\u00f1os de edad. Sus hijos Hugo y Alicia CANUTTI. Su hija pol\u00edtica Bibiana ADASSUS. Sus nietos Yanina y Eugenia GANDINI; Renata y Camila CANUTTI. Sus nietos pol\u00edticos Pablo BOLLETTA, Facundo de la IGLESIA y Mariano [&hellip;]<\/p>\n","protected":false},"author":1,"featured_media":37623,"comment_status":"closed","ping_status":"open","sticky":false,"template":"","format":"standard","meta":{"footnotes":""},"categories":[50],"tags":[],"class_list":["post-58185","post","type-post","status-publish","format-standard","has-post-thumbnail","hentry","category-necrologicas"],"yoast_head":"<!-- This site is optimized with the Yoast SEO plugin v19.7.1 - https:\/\/yoast.com\/wordpress\/plugins\/seo\/ -->\n<title>Ida Elsa OOSTDYK LEHNER viuda de CANUTTI -Q.E.P.D.-: Falleci\u00f3 en Tornquist el 14 de Junio de 2021 a los 92 a\u00f1os de edad - CELTTV<\/title>\n<meta name=\"description\" content=\"Sitio web de noticias de la localidad de Tornquist, provincia de Buenos Aires, Rep\u00fablica Argentina. Contenido propio originado por periodistas de CELTTV, el canal de TV local de la Cooperativa El\u00e9ctrica de Tornquist. Turismo, Pol\u00edtica, Sociedad, Deporte, Cultura y todo el contenido de inter\u00e9s general que la gente del pueblo y la regi\u00f3n debe conocer.\" \/>\n<meta name=\"robots\" content=\"index, follow, max-snippet:-1, max-image-preview:large, max-video-preview:-1\" \/>\n<link rel=\"canonical\" href=\"https:\/\/www.celttv.com.ar\/index.php\/2021\/06\/14\/ida-elsa-oostdyk-lehner-viuda-de-canutti-q-e-p-d-fallecio-en-tornquist-el-14-de-junio-de-2021-a-los-92-anos-de-edad\/\" \/>\n<meta property=\"og:locale\" content=\"es_ES\" \/>\n<meta property=\"og:type\" content=\"article\" \/>\n<meta property=\"og:title\" content=\"Ida Elsa OOSTDYK LEHNER viuda de CANUTTI -Q.E.P.D.-: Falleci\u00f3 en Tornquist el 14 de Junio de 2021 a los 92 a\u00f1os de edad - CELTTV\" \/>\n<meta property=\"og:description\" content=\"Sitio web de noticias de la localidad de Tornquist, provincia de Buenos Aires, Rep\u00fablica Argentina. Contenido propio originado por periodistas de CELTTV, el canal de TV local de la Cooperativa El\u00e9ctrica de Tornquist. Turismo, Pol\u00edtica, Sociedad, Deporte, Cultura y todo el contenido de inter\u00e9s general que la gente del pueblo y la regi\u00f3n debe conocer.\" \/>\n<meta property=\"og:url\" content=\"https:\/\/www.celttv.com.ar\/index.php\/2021\/06\/14\/ida-elsa-oostdyk-lehner-viuda-de-canutti-q-e-p-d-fallecio-en-tornquist-el-14-de-junio-de-2021-a-los-92-anos-de-edad\/\" \/>\n<meta property=\"og:site_name\" content=\"CELTTV\" \/>\n<meta property=\"article:publisher\" content=\"https:\/\/www.facebook.com\/celtTV\/\" \/>\n<meta property=\"article:published_time\" content=\"2021-06-14T23:59:33+00:00\" \/>\n<meta property=\"og:image\" content=\"https:\/\/www.celttv.com.ar\/wp-content\/uploads\/2018\/09\/funebre.png\" \/>\n\t<meta property=\"og:image:width\" content=\"285\" \/>\n\t<meta property=\"og:image:height\" content=\"218\" \/>\n\t<meta property=\"og:image:type\" content=\"image\/png\" \/>\n<meta name=\"author\" content=\"ulises\" \/>\n<meta name=\"twitter:card\" content=\"summary_large_image\" \/>\n<meta name=\"twitter:label1\" content=\"Escrito por\" \/>\n\t<meta name=\"twitter:data1\" content=\"ulises\" \/>\n\t<meta name=\"twitter:label2\" content=\"Tiempo de lectura\" \/>\n\t<meta name=\"twitter:data2\" content=\"1 minuto\" \/>\n<script type=\"application\/ld+json\" class=\"yoast-schema-graph\">{\"@context\":\"https:\/\/schema.org\",\"@graph\":[{\"@type\":\"NewsArticle\",\"@id\":\"https:\/\/www.celttv.com.ar\/index.php\/2021\/06\/14\/ida-elsa-oostdyk-lehner-viuda-de-canutti-q-e-p-d-fallecio-en-tornquist-el-14-de-junio-de-2021-a-los-92-anos-de-edad\/#article\",\"isPartOf\":{\"@id\":\"https:\/\/www.celttv.com.ar\/index.php\/2021\/06\/14\/ida-elsa-oostdyk-lehner-viuda-de-canutti-q-e-p-d-fallecio-en-tornquist-el-14-de-junio-de-2021-a-los-92-anos-de-edad\/\"},\"author\":{\"name\":\"ulises\",\"@id\":\"https:\/\/www.celttv.com.ar\/#\/schema\/person\/6d99c072dba59953809c81446e9d0ace\"},\"headline\":\"Ida Elsa OOSTDYK LEHNER viuda de CANUTTI &#8211;Q.E.P.D.&#8211;: Falleci\u00f3 en Tornquist el 14 de Junio de 2021 a los 92 a\u00f1os de edad\",\"datePublished\":\"2021-06-14T23:59:33+00:00\",\"dateModified\":\"2021-06-14T23:59:33+00:00\",\"mainEntityOfPage\":{\"@id\":\"https:\/\/www.celttv.com.ar\/index.php\/2021\/06\/14\/ida-elsa-oostdyk-lehner-viuda-de-canutti-q-e-p-d-fallecio-en-tornquist-el-14-de-junio-de-2021-a-los-92-anos-de-edad\/\"},\"wordCount\":137,\"publisher\":{\"@id\":\"https:\/\/www.celttv.com.ar\/#organization\"},\"articleSection\":[\"Necrol\u00f3gicas\"],\"inLanguage\":\"es\"},{\"@type\":\"WebPage\",\"@id\":\"https:\/\/www.celttv.com.ar\/index.php\/2021\/06\/14\/ida-elsa-oostdyk-lehner-viuda-de-canutti-q-e-p-d-fallecio-en-tornquist-el-14-de-junio-de-2021-a-los-92-anos-de-edad\/\",\"url\":\"https:\/\/www.celttv.com.ar\/index.php\/2021\/06\/14\/ida-elsa-oostdyk-lehner-viuda-de-canutti-q-e-p-d-fallecio-en-tornquist-el-14-de-junio-de-2021-a-los-92-anos-de-edad\/\",\"name\":\"Ida Elsa OOSTDYK LEHNER viuda de CANUTTI -Q.E.P.D.-: Falleci\u00f3 en Tornquist el 14 de Junio de 2021 a los 92 a\u00f1os de edad - CELTTV\",\"isPartOf\":{\"@id\":\"https:\/\/www.celttv.com.ar\/#website\"},\"datePublished\":\"2021-06-14T23:59:33+00:00\",\"dateModified\":\"2021-06-14T23:59:33+00:00\",\"description\":\"Sitio web de noticias de la localidad de Tornquist, provincia de Buenos Aires, Rep\u00fablica Argentina. Contenido propio originado por periodistas de CELTTV, el canal de TV local de la Cooperativa El\u00e9ctrica de Tornquist. Turismo, Pol\u00edtica, Sociedad, Deporte, Cultura y todo el contenido de inter\u00e9s general que la gente del pueblo y la regi\u00f3n debe conocer.\",\"breadcrumb\":{\"@id\":\"https:\/\/www.celttv.com.ar\/index.php\/2021\/06\/14\/ida-elsa-oostdyk-lehner-viuda-de-canutti-q-e-p-d-fallecio-en-tornquist-el-14-de-junio-de-2021-a-los-92-anos-de-edad\/#breadcrumb\"},\"inLanguage\":\"es\",\"potentialAction\":[{\"@type\":\"ReadAction\",\"target\":[\"https:\/\/www.celttv.com.ar\/index.php\/2021\/06\/14\/ida-elsa-oostdyk-lehner-viuda-de-canutti-q-e-p-d-fallecio-en-tornquist-el-14-de-junio-de-2021-a-los-92-anos-de-edad\/\"]}]},{\"@type\":\"BreadcrumbList\",\"@id\":\"https:\/\/www.celttv.com.ar\/index.php\/2021\/06\/14\/ida-elsa-oostdyk-lehner-viuda-de-canutti-q-e-p-d-fallecio-en-tornquist-el-14-de-junio-de-2021-a-los-92-anos-de-edad\/#breadcrumb\",\"itemListElement\":[{\"@type\":\"ListItem\",\"position\":1,\"name\":\"Inicio\",\"item\":\"https:\/\/www.celttv.com.ar\/\"},{\"@type\":\"ListItem\",\"position\":2,\"name\":\"Ida Elsa OOSTDYK LEHNER viuda de CANUTTI &#8211;Q.E.P.D.&#8211;: Falleci\u00f3 en Tornquist el 14 de Junio de 2021 a los 92 a\u00f1os de edad\"}]},{\"@type\":\"WebSite\",\"@id\":\"https:\/\/www.celttv.com.ar\/#website\",\"url\":\"https:\/\/www.celttv.com.ar\/\",\"name\":\"CELTTV\",\"description\":\"Cooperativa El\u00e9ctrica de Tornquist\",\"publisher\":{\"@id\":\"https:\/\/www.celttv.com.ar\/#organization\"},\"potentialAction\":[{\"@type\":\"SearchAction\",\"target\":{\"@type\":\"EntryPoint\",\"urlTemplate\":\"https:\/\/www.celttv.com.ar\/?s={search_term_string}\"},\"query-input\":\"required name=search_term_string\"}],\"inLanguage\":\"es\"},{\"@type\":\"Organization\",\"@id\":\"https:\/\/www.celttv.com.ar\/#organization\",\"name\":\"CELTTV\",\"url\":\"https:\/\/www.celttv.com.ar\/\",\"sameAs\":[\"https:\/\/www.youtube.com\/channel\/UCz_oIt8Hig64Ub-EmcNPIhg\",\"https:\/\/www.facebook.com\/celtTV\/\"],\"logo\":{\"@type\":\"ImageObject\",\"inLanguage\":\"es\",\"@id\":\"https:\/\/www.celttv.com.ar\/#\/schema\/logo\/image\/\",\"url\":\"http:\/\/www.celttv.com.ar\/wp-content\/uploads\/2022\/08\/logo-1.png\",\"contentUrl\":\"http:\/\/www.celttv.com.ar\/wp-content\/uploads\/2022\/08\/logo-1.png\",\"width\":461,\"height\":159,\"caption\":\"CELTTV\"},\"image\":{\"@id\":\"https:\/\/www.celttv.com.ar\/#\/schema\/logo\/image\/\"}},{\"@type\":\"Person\",\"@id\":\"https:\/\/www.celttv.com.ar\/#\/schema\/person\/6d99c072dba59953809c81446e9d0ace\",\"name\":\"ulises\",\"image\":{\"@type\":\"ImageObject\",\"inLanguage\":\"es\",\"@id\":\"https:\/\/www.celttv.com.ar\/#\/schema\/person\/image\/\",\"url\":\"https:\/\/secure.gravatar.com\/avatar\/7f2c48bdc33b30088f941fb6082e555f2874c98e20cb159d7b92b50eadfce793?s=96&d=mm&r=g\",\"contentUrl\":\"https:\/\/secure.gravatar.com\/avatar\/7f2c48bdc33b30088f941fb6082e555f2874c98e20cb159d7b92b50eadfce793?s=96&d=mm&r=g\",\"caption\":\"ulises\"},\"sameAs\":[\"http:\/\/www.celttv.com.ar\"]}]}<\/script>\n<!-- \/ Yoast SEO plugin. -->","yoast_head_json":{"title":"Ida Elsa OOSTDYK LEHNER viuda de CANUTTI -Q.E.P.D.-: Falleci\u00f3 en Tornquist el 14 de Junio de 2021 a los 92 a\u00f1os de edad - CELTTV","description":"Sitio web de noticias de la localidad de Tornquist, provincia de Buenos Aires, Rep\u00fablica Argentina. Contenido propio originado por periodistas de CELTTV, el canal de TV local de la Cooperativa El\u00e9ctrica de Tornquist. Turismo, Pol\u00edtica, Sociedad, Deporte, Cultura y todo el contenido de inter\u00e9s general que la gente del pueblo y la regi\u00f3n debe conocer.","robots":{"index":"index","follow":"follow","max-snippet":"max-snippet:-1","max-image-preview":"max-image-preview:large","max-video-preview":"max-video-preview:-1"},"canonical":"https:\/\/www.celttv.com.ar\/index.php\/2021\/06\/14\/ida-elsa-oostdyk-lehner-viuda-de-canutti-q-e-p-d-fallecio-en-tornquist-el-14-de-junio-de-2021-a-los-92-anos-de-edad\/","og_locale":"es_ES","og_type":"article","og_title":"Ida Elsa OOSTDYK LEHNER viuda de CANUTTI -Q.E.P.D.-: Falleci\u00f3 en Tornquist el 14 de Junio de 2021 a los 92 a\u00f1os de edad - CELTTV","og_description":"Sitio web de noticias de la localidad de Tornquist, provincia de Buenos Aires, Rep\u00fablica Argentina. Contenido propio originado por periodistas de CELTTV, el canal de TV local de la Cooperativa El\u00e9ctrica de Tornquist. Turismo, Pol\u00edtica, Sociedad, Deporte, Cultura y todo el contenido de inter\u00e9s general que la gente del pueblo y la regi\u00f3n debe conocer.","og_url":"https:\/\/www.celttv.com.ar\/index.php\/2021\/06\/14\/ida-elsa-oostdyk-lehner-viuda-de-canutti-q-e-p-d-fallecio-en-tornquist-el-14-de-junio-de-2021-a-los-92-anos-de-edad\/","og_site_name":"CELTTV","article_publisher":"https:\/\/www.facebook.com\/celtTV\/","article_published_time":"2021-06-14T23:59:33+00:00","og_image":[{"width":285,"height":218,"url":"https:\/\/www.celttv.com.ar\/wp-content\/uploads\/2018\/09\/funebre.png","type":"image\/png"}],"author":"ulises","twitter_card":"summary_large_image","twitter_misc":{"Escrito por":"ulises","Tiempo de lectura":"1 minuto"},"schema":{"@context":"https:\/\/schema.org","@graph":[{"@type":"NewsArticle","@id":"https:\/\/www.celttv.com.ar\/index.php\/2021\/06\/14\/ida-elsa-oostdyk-lehner-viuda-de-canutti-q-e-p-d-fallecio-en-tornquist-el-14-de-junio-de-2021-a-los-92-anos-de-edad\/#article","isPartOf":{"@id":"https:\/\/www.celttv.com.ar\/index.php\/2021\/06\/14\/ida-elsa-oostdyk-lehner-viuda-de-canutti-q-e-p-d-fallecio-en-tornquist-el-14-de-junio-de-2021-a-los-92-anos-de-edad\/"},"author":{"name":"ulises","@id":"https:\/\/www.celttv.com.ar\/#\/schema\/person\/6d99c072dba59953809c81446e9d0ace"},"headline":"Ida Elsa OOSTDYK LEHNER viuda de CANUTTI &#8211;Q.E.P.D.&#8211;: Falleci\u00f3 en Tornquist el 14 de Junio de 2021 a los 92 a\u00f1os de edad","datePublished":"2021-06-14T23:59:33+00:00","dateModified":"2021-06-14T23:59:33+00:00","mainEntityOfPage":{"@id":"https:\/\/www.celttv.com.ar\/index.php\/2021\/06\/14\/ida-elsa-oostdyk-lehner-viuda-de-canutti-q-e-p-d-fallecio-en-tornquist-el-14-de-junio-de-2021-a-los-92-anos-de-edad\/"},"wordCount":137,"publisher":{"@id":"https:\/\/www.celttv.com.ar\/#organization"},"articleSection":["Necrol\u00f3gicas"],"inLanguage":"es"},{"@type":"WebPage","@id":"https:\/\/www.celttv.com.ar\/index.php\/2021\/06\/14\/ida-elsa-oostdyk-lehner-viuda-de-canutti-q-e-p-d-fallecio-en-tornquist-el-14-de-junio-de-2021-a-los-92-anos-de-edad\/","url":"https:\/\/www.celttv.com.ar\/index.php\/2021\/06\/14\/ida-elsa-oostdyk-lehner-viuda-de-canutti-q-e-p-d-fallecio-en-tornquist-el-14-de-junio-de-2021-a-los-92-anos-de-edad\/","name":"Ida Elsa OOSTDYK LEHNER viuda de CANUTTI -Q.E.P.D.-: Falleci\u00f3 en Tornquist el 14 de Junio de 2021 a los 92 a\u00f1os de edad - CELTTV","isPartOf":{"@id":"https:\/\/www.celttv.com.ar\/#website"},"datePublished":"2021-06-14T23:59:33+00:00","dateModified":"2021-06-14T23:59:33+00:00","description":"Sitio web de noticias de la localidad de Tornquist, provincia de Buenos Aires, Rep\u00fablica Argentina. Contenido propio originado por periodistas de CELTTV, el canal de TV local de la Cooperativa El\u00e9ctrica de Tornquist. Turismo, Pol\u00edtica, Sociedad, Deporte, Cultura y todo el contenido de inter\u00e9s general que la gente del pueblo y la regi\u00f3n debe conocer.","breadcrumb":{"@id":"https:\/\/www.celttv.com.ar\/index.php\/2021\/06\/14\/ida-elsa-oostdyk-lehner-viuda-de-canutti-q-e-p-d-fallecio-en-tornquist-el-14-de-junio-de-2021-a-los-92-anos-de-edad\/#breadcrumb"},"inLanguage":"es","potentialAction":[{"@type":"ReadAction","target":["https:\/\/www.celttv.com.ar\/index.php\/2021\/06\/14\/ida-elsa-oostdyk-lehner-viuda-de-canutti-q-e-p-d-fallecio-en-tornquist-el-14-de-junio-de-2021-a-los-92-anos-de-edad\/"]}]},{"@type":"BreadcrumbList","@id":"https:\/\/www.celttv.com.ar\/index.php\/2021\/06\/14\/ida-elsa-oostdyk-lehner-viuda-de-canutti-q-e-p-d-fallecio-en-tornquist-el-14-de-junio-de-2021-a-los-92-anos-de-edad\/#breadcrumb","itemListElement":[{"@type":"ListItem","position":1,"name":"Inicio","item":"https:\/\/www.celttv.com.ar\/"},{"@type":"ListItem","position":2,"name":"Ida Elsa OOSTDYK LEHNER viuda de CANUTTI &#8211;Q.E.P.D.&#8211;: Falleci\u00f3 en Tornquist el 14 de Junio de 2021 a los 92 a\u00f1os de edad"}]},{"@type":"WebSite","@id":"https:\/\/www.celttv.com.ar\/#website","url":"https:\/\/www.celttv.com.ar\/","name":"CELTTV","description":"Cooperativa El\u00e9ctrica de Tornquist","publisher":{"@id":"https:\/\/www.celttv.com.ar\/#organization"},"potentialAction":[{"@type":"SearchAction","target":{"@type":"EntryPoint","urlTemplate":"https:\/\/www.celttv.com.ar\/?s={search_term_string}"},"query-input":"required name=search_term_string"}],"inLanguage":"es"},{"@type":"Organization","@id":"https:\/\/www.celttv.com.ar\/#organization","name":"CELTTV","url":"https:\/\/www.celttv.com.ar\/","sameAs":["https:\/\/www.youtube.com\/channel\/UCz_oIt8Hig64Ub-EmcNPIhg","https:\/\/www.facebook.com\/celtTV\/"],"logo":{"@type":"ImageObject","inLanguage":"es","@id":"https:\/\/www.celttv.com.ar\/#\/schema\/logo\/image\/","url":"http:\/\/www.celttv.com.ar\/wp-content\/uploads\/2022\/08\/logo-1.png","contentUrl":"http:\/\/www.celttv.com.ar\/wp-content\/uploads\/2022\/08\/logo-1.png","width":461,"height":159,"caption":"CELTTV"},"image":{"@id":"https:\/\/www.celttv.com.ar\/#\/schema\/logo\/image\/"}},{"@type":"Person","@id":"https:\/\/www.celttv.com.ar\/#\/schema\/person\/6d99c072dba59953809c81446e9d0ace","name":"ulises","image":{"@type":"ImageObject","inLanguage":"es","@id":"https:\/\/www.celttv.com.ar\/#\/schema\/person\/image\/","url":"https:\/\/secure.gravatar.com\/avatar\/7f2c48bdc33b30088f941fb6082e555f2874c98e20cb159d7b92b50eadfce793?s=96&d=mm&r=g","contentUrl":"https:\/\/secure.gravatar.com\/avatar\/7f2c48bdc33b30088f941fb6082e555f2874c98e20cb159d7b92b50eadfce793?s=96&d=mm&r=g","caption":"ulises"},"sameAs":["http:\/\/www.celttv.com.ar"]}]}},"_links":{"self":[{"href":"https:\/\/www.celttv.com.ar\/index.php\/wp-json\/wp\/v2\/posts\/58185","targetHints":{"allow":["GET"]}}],"collection":[{"href":"https:\/\/www.celttv.com.ar\/index.php\/wp-json\/wp\/v2\/posts"}],"about":[{"href":"https:\/\/www.celttv.com.ar\/index.php\/wp-json\/wp\/v2\/types\/post"}],"author":[{"embeddable":true,"href":"https:\/\/www.celttv.com.ar\/index.php\/wp-json\/wp\/v2\/users\/1"}],"replies":[{"embeddable":true,"href":"https:\/\/www.celttv.com.ar\/index.php\/wp-json\/wp\/v2\/comments?post=58185"}],"version-history":[{"count":0,"href":"https:\/\/www.celttv.com.ar\/index.php\/wp-json\/wp\/v2\/posts\/58185\/revisions"}],"wp:featuredmedia":[{"embeddable":true,"href":"https:\/\/www.celttv.com.ar\/index.php\/wp-json\/wp\/v2\/media\/37623"}],"wp:attachment":[{"href":"https:\/\/www.celttv.com.ar\/index.php\/wp-json\/wp\/v2\/media?parent=58185"}],"wp:term":[{"taxonomy":"category","embeddable":true,"href":"https:\/\/www.celttv.com.ar\/index.php\/wp-json\/wp\/v2\/categories?post=58185"},{"taxonomy":"post_tag","embeddable":true,"href":"https:\/\/www.celttv.com.ar\/index.php\/wp-json\/wp\/v2\/tags?post=58185"}],"curies":[{"name":"wp","href":"https:\/\/api.w.org\/{rel}","templated":true}]}}