{"id":58187,"date":"2021-06-15T00:13:23","date_gmt":"2021-06-15T00:13:23","guid":{"rendered":"http:\/\/www.celttv.com.ar\/?p=58187"},"modified":"2021-06-15T00:13:23","modified_gmt":"2021-06-15T00:13:23","slug":"automoto-inicio-obras-en-el-sector-de-canchas-auxiliares","status":"publish","type":"post","link":"https:\/\/www.celttv.com.ar\/index.php\/2021\/06\/15\/automoto-inicio-obras-en-el-sector-de-canchas-auxiliares\/","title":{"rendered":"Automoto inici\u00f3 obras en el sector de canchas auxiliares"},"content":{"rendered":"\n<p>&nbsp;&nbsp; Mientras se ultiman los detalles de la nueva tribuna (se est\u00e1 trabajando en la baranda), el Automoto Club Deportivo inici\u00f3 una obra en el sector de entrenamiento del predio: la instalaci\u00f3n del alambrado perimetral de la \u00faltima cancha auxiliar y el reemplazo de un sector de alambrado en la restante.<\/p>\n\n\n\n<p>&nbsp;&nbsp; Esta intervenci\u00f3n, iniciada sobre fines de la semana pasada, incluye tambi\u00e9n la ampliaci\u00f3n del campo de juego de la primera de las dos canchas auxiliares, con el objetivo de llevarla a dimensiones similares a la principal.<\/p>\n\n\n\n<p>&nbsp;&nbsp; Los trabajos se enmarcan en el mejoramiento de los espacios de entrenamiento que viene llevando a cabo la instituci\u00f3n desde hace alg\u00fan tiempo, entre los que se puede mencionar la instalaci\u00f3n del riego autom\u00e1tico en pr\u00e1cticamente todo el sector.<\/p>\n\n\n\n<p>Departamento de Prensa \u2013 Automoto Club Deportivo<\/p>\n\n\n\n<p>www.clubautomotopasion.com.ar<\/p>\n\n\n\n<p>Facebook: \/automototornquist<\/p>\n\n\n\n<p>Twitter: @ClubAutomoto<\/p>\n\n\n\n<p>YouTube: acdtvideos<\/p>\n\n\n\n<figure class=\"wp-block-image size-large\"><img loading=\"lazy\" decoding=\"async\" width=\"1024\" height=\"628\" src=\"http:\/\/www.celttv.com.ar\/wp-content\/uploads\/2021\/06\/01-Medium-1024x628.jpg\" alt=\"\" class=\"wp-image-58188\" srcset=\"https:\/\/www.celttv.com.ar\/wp-content\/uploads\/2021\/06\/01-Medium-1024x628.jpg 1024w, https:\/\/www.celttv.com.ar\/wp-content\/uploads\/2021\/06\/01-Medium-300x184.jpg 300w, https:\/\/www.celttv.com.ar\/wp-content\/uploads\/2021\/06\/01-Medium-768x471.jpg 768w, https:\/\/www.celttv.com.ar\/wp-content\/uploads\/2021\/06\/01-Medium-750x460.jpg 750w, https:\/\/www.celttv.com.ar\/wp-content\/uploads\/2021\/06\/01-Medium-1140x699.jpg 1140w, https:\/\/www.celttv.com.ar\/wp-content\/uploads\/2021\/06\/01-Medium.jpg 1252w\" sizes=\"auto, (max-width: 1024px) 100vw, 1024px\" \/><\/figure>\n\n\n\n<figure class=\"wp-block-image size-large\"><img loading=\"lazy\" decoding=\"async\" width=\"1024\" height=\"624\" src=\"http:\/\/www.celttv.com.ar\/wp-content\/uploads\/2021\/06\/02-Medium-1024x624.jpg\" alt=\"\" class=\"wp-image-58189\" srcset=\"https:\/\/www.celttv.com.ar\/wp-content\/uploads\/2021\/06\/02-Medium-1024x624.jpg 1024w, https:\/\/www.celttv.com.ar\/wp-content\/uploads\/2021\/06\/02-Medium-300x183.jpg 300w, https:\/\/www.celttv.com.ar\/wp-content\/uploads\/2021\/06\/02-Medium-768x468.jpg 768w, https:\/\/www.celttv.com.ar\/wp-content\/uploads\/2021\/06\/02-Medium-750x457.jpg 750w, https:\/\/www.celttv.com.ar\/wp-content\/uploads\/2021\/06\/02-Medium-1140x695.jpg 1140w, https:\/\/www.celttv.com.ar\/wp-content\/uploads\/2021\/06\/02-Medium.jpg 1260w\" sizes=\"auto, (max-width: 1024px) 100vw, 1024px\" \/><\/figure>\n\n\n\n<figure class=\"wp-block-image size-large\"><img loading=\"lazy\" decoding=\"async\" width=\"1024\" height=\"768\" src=\"http:\/\/www.celttv.com.ar\/wp-content\/uploads\/2021\/06\/03-Medium.jpg\" alt=\"\" class=\"wp-image-58190\" srcset=\"https:\/\/www.celttv.com.ar\/wp-content\/uploads\/2021\/06\/03-Medium.jpg 1024w, https:\/\/www.celttv.com.ar\/wp-content\/uploads\/2021\/06\/03-Medium-300x225.jpg 300w, https:\/\/www.celttv.com.ar\/wp-content\/uploads\/2021\/06\/03-Medium-768x576.jpg 768w, https:\/\/www.celttv.com.ar\/wp-content\/uploads\/2021\/06\/03-Medium-750x563.jpg 750w\" sizes=\"auto, (max-width: 1024px) 100vw, 1024px\" \/><\/figure>\n","protected":false},"excerpt":{"rendered":"<p>&nbsp;&nbsp; Mientras se ultiman los detalles de la nueva tribuna (se est\u00e1 trabajando en la baranda), el Automoto Club Deportivo inici\u00f3 una obra en el sector de entrenamiento del predio: la instalaci\u00f3n del alambrado perimetral de la \u00faltima cancha auxiliar y el reemplazo de un sector de alambrado en la restante. &nbsp;&nbsp; Esta intervenci\u00f3n, iniciada [&hellip;]<\/p>\n","protected":false},"author":1,"featured_media":58188,"comment_status":"closed","ping_status":"open","sticky":false,"template":"","format":"standard","meta":{"footnotes":""},"categories":[51,62,52],"tags":[],"class_list":["post-58187","post","type-post","status-publish","format-standard","has-post-thumbnail","hentry","category-comunidad","category-deportes","category-destacadas"],"yoast_head":"<!-- This site is optimized with the Yoast SEO plugin v19.7.1 - https:\/\/yoast.com\/wordpress\/plugins\/seo\/ -->\n<title>Automoto inici\u00f3 obras en el sector de canchas auxiliares - CELTTV<\/title>\n<meta name=\"description\" content=\"Sitio web de noticias de la localidad de Tornquist, provincia de Buenos Aires, Rep\u00fablica Argentina. Contenido propio originado por periodistas de CELTTV, el canal de TV local de la Cooperativa El\u00e9ctrica de Tornquist. Turismo, Pol\u00edtica, Sociedad, Deporte, Cultura y todo el contenido de inter\u00e9s general que la gente del pueblo y la regi\u00f3n debe conocer.\" \/>\n<meta name=\"robots\" content=\"index, follow, max-snippet:-1, max-image-preview:large, max-video-preview:-1\" \/>\n<link rel=\"canonical\" href=\"https:\/\/www.celttv.com.ar\/index.php\/2021\/06\/15\/automoto-inicio-obras-en-el-sector-de-canchas-auxiliares\/\" \/>\n<meta property=\"og:locale\" content=\"es_ES\" \/>\n<meta property=\"og:type\" content=\"article\" \/>\n<meta property=\"og:title\" content=\"Automoto inici\u00f3 obras en el sector de canchas auxiliares - CELTTV\" \/>\n<meta property=\"og:description\" content=\"Sitio web de noticias de la localidad de Tornquist, provincia de Buenos Aires, Rep\u00fablica Argentina. Contenido propio originado por periodistas de CELTTV, el canal de TV local de la Cooperativa El\u00e9ctrica de Tornquist. Turismo, Pol\u00edtica, Sociedad, Deporte, Cultura y todo el contenido de inter\u00e9s general que la gente del pueblo y la regi\u00f3n debe conocer.\" \/>\n<meta property=\"og:url\" content=\"https:\/\/www.celttv.com.ar\/index.php\/2021\/06\/15\/automoto-inicio-obras-en-el-sector-de-canchas-auxiliares\/\" \/>\n<meta property=\"og:site_name\" content=\"CELTTV\" \/>\n<meta property=\"article:publisher\" content=\"https:\/\/www.facebook.com\/celtTV\/\" \/>\n<meta property=\"article:published_time\" content=\"2021-06-15T00:13:23+00:00\" \/>\n<meta property=\"og:image\" content=\"https:\/\/www.celttv.com.ar\/wp-content\/uploads\/2021\/06\/01-Medium.jpg\" \/>\n\t<meta property=\"og:image:width\" content=\"1252\" \/>\n\t<meta property=\"og:image:height\" content=\"768\" \/>\n\t<meta property=\"og:image:type\" content=\"image\/jpeg\" \/>\n<meta name=\"author\" content=\"ulises\" \/>\n<meta name=\"twitter:card\" content=\"summary_large_image\" \/>\n<meta name=\"twitter:label1\" content=\"Escrito por\" \/>\n\t<meta name=\"twitter:data1\" content=\"ulises\" \/>\n\t<meta name=\"twitter:label2\" content=\"Tiempo de lectura\" \/>\n\t<meta name=\"twitter:data2\" content=\"1 minuto\" \/>\n<script type=\"application\/ld+json\" class=\"yoast-schema-graph\">{\"@context\":\"https:\/\/schema.org\",\"@graph\":[{\"@type\":\"NewsArticle\",\"@id\":\"https:\/\/www.celttv.com.ar\/index.php\/2021\/06\/15\/automoto-inicio-obras-en-el-sector-de-canchas-auxiliares\/#article\",\"isPartOf\":{\"@id\":\"https:\/\/www.celttv.com.ar\/index.php\/2021\/06\/15\/automoto-inicio-obras-en-el-sector-de-canchas-auxiliares\/\"},\"author\":{\"name\":\"ulises\",\"@id\":\"https:\/\/www.celttv.com.ar\/#\/schema\/person\/6d99c072dba59953809c81446e9d0ace\"},\"headline\":\"Automoto inici\u00f3 obras en el sector de canchas auxiliares\",\"datePublished\":\"2021-06-15T00:13:23+00:00\",\"dateModified\":\"2021-06-15T00:13:23+00:00\",\"mainEntityOfPage\":{\"@id\":\"https:\/\/www.celttv.com.ar\/index.php\/2021\/06\/15\/automoto-inicio-obras-en-el-sector-de-canchas-auxiliares\/\"},\"wordCount\":165,\"publisher\":{\"@id\":\"https:\/\/www.celttv.com.ar\/#organization\"},\"articleSection\":[\"Comunidad\",\"Deportes\",\"Destacadas\"],\"inLanguage\":\"es\"},{\"@type\":\"WebPage\",\"@id\":\"https:\/\/www.celttv.com.ar\/index.php\/2021\/06\/15\/automoto-inicio-obras-en-el-sector-de-canchas-auxiliares\/\",\"url\":\"https:\/\/www.celttv.com.ar\/index.php\/2021\/06\/15\/automoto-inicio-obras-en-el-sector-de-canchas-auxiliares\/\",\"name\":\"Automoto inici\u00f3 obras en el sector de canchas auxiliares - CELTTV\",\"isPartOf\":{\"@id\":\"https:\/\/www.celttv.com.ar\/#website\"},\"datePublished\":\"2021-06-15T00:13:23+00:00\",\"dateModified\":\"2021-06-15T00:13:23+00:00\",\"description\":\"Sitio web de noticias de la localidad de Tornquist, provincia de Buenos Aires, Rep\u00fablica Argentina. Contenido propio originado por periodistas de CELTTV, el canal de TV local de la Cooperativa El\u00e9ctrica de Tornquist. Turismo, Pol\u00edtica, Sociedad, Deporte, Cultura y todo el contenido de inter\u00e9s general que la gente del pueblo y la regi\u00f3n debe conocer.\",\"breadcrumb\":{\"@id\":\"https:\/\/www.celttv.com.ar\/index.php\/2021\/06\/15\/automoto-inicio-obras-en-el-sector-de-canchas-auxiliares\/#breadcrumb\"},\"inLanguage\":\"es\",\"potentialAction\":[{\"@type\":\"ReadAction\",\"target\":[\"https:\/\/www.celttv.com.ar\/index.php\/2021\/06\/15\/automoto-inicio-obras-en-el-sector-de-canchas-auxiliares\/\"]}]},{\"@type\":\"BreadcrumbList\",\"@id\":\"https:\/\/www.celttv.com.ar\/index.php\/2021\/06\/15\/automoto-inicio-obras-en-el-sector-de-canchas-auxiliares\/#breadcrumb\",\"itemListElement\":[{\"@type\":\"ListItem\",\"position\":1,\"name\":\"Inicio\",\"item\":\"https:\/\/www.celttv.com.ar\/\"},{\"@type\":\"ListItem\",\"position\":2,\"name\":\"Automoto inici\u00f3 obras en el sector de canchas auxiliares\"}]},{\"@type\":\"WebSite\",\"@id\":\"https:\/\/www.celttv.com.ar\/#website\",\"url\":\"https:\/\/www.celttv.com.ar\/\",\"name\":\"CELTTV\",\"description\":\"Cooperativa El\u00e9ctrica de Tornquist\",\"publisher\":{\"@id\":\"https:\/\/www.celttv.com.ar\/#organization\"},\"potentialAction\":[{\"@type\":\"SearchAction\",\"target\":{\"@type\":\"EntryPoint\",\"urlTemplate\":\"https:\/\/www.celttv.com.ar\/?s={search_term_string}\"},\"query-input\":\"required name=search_term_string\"}],\"inLanguage\":\"es\"},{\"@type\":\"Organization\",\"@id\":\"https:\/\/www.celttv.com.ar\/#organization\",\"name\":\"CELTTV\",\"url\":\"https:\/\/www.celttv.com.ar\/\",\"sameAs\":[\"https:\/\/www.youtube.com\/channel\/UCz_oIt8Hig64Ub-EmcNPIhg\",\"https:\/\/www.facebook.com\/celtTV\/\"],\"logo\":{\"@type\":\"ImageObject\",\"inLanguage\":\"es\",\"@id\":\"https:\/\/www.celttv.com.ar\/#\/schema\/logo\/image\/\",\"url\":\"http:\/\/www.celttv.com.ar\/wp-content\/uploads\/2022\/08\/logo-1.png\",\"contentUrl\":\"http:\/\/www.celttv.com.ar\/wp-content\/uploads\/2022\/08\/logo-1.png\",\"width\":461,\"height\":159,\"caption\":\"CELTTV\"},\"image\":{\"@id\":\"https:\/\/www.celttv.com.ar\/#\/schema\/logo\/image\/\"}},{\"@type\":\"Person\",\"@id\":\"https:\/\/www.celttv.com.ar\/#\/schema\/person\/6d99c072dba59953809c81446e9d0ace\",\"name\":\"ulises\",\"image\":{\"@type\":\"ImageObject\",\"inLanguage\":\"es\",\"@id\":\"https:\/\/www.celttv.com.ar\/#\/schema\/person\/image\/\",\"url\":\"https:\/\/secure.gravatar.com\/avatar\/7f2c48bdc33b30088f941fb6082e555f2874c98e20cb159d7b92b50eadfce793?s=96&d=mm&r=g\",\"contentUrl\":\"https:\/\/secure.gravatar.com\/avatar\/7f2c48bdc33b30088f941fb6082e555f2874c98e20cb159d7b92b50eadfce793?s=96&d=mm&r=g\",\"caption\":\"ulises\"},\"sameAs\":[\"http:\/\/www.celttv.com.ar\"]}]}<\/script>\n<!-- \/ Yoast SEO plugin. -->","yoast_head_json":{"title":"Automoto inici\u00f3 obras en el sector de canchas auxiliares - CELTTV","description":"Sitio web de noticias de la localidad de Tornquist, provincia de Buenos Aires, Rep\u00fablica Argentina. Contenido propio originado por periodistas de CELTTV, el canal de TV local de la Cooperativa El\u00e9ctrica de Tornquist. Turismo, Pol\u00edtica, Sociedad, Deporte, Cultura y todo el contenido de inter\u00e9s general que la gente del pueblo y la regi\u00f3n debe conocer.","robots":{"index":"index","follow":"follow","max-snippet":"max-snippet:-1","max-image-preview":"max-image-preview:large","max-video-preview":"max-video-preview:-1"},"canonical":"https:\/\/www.celttv.com.ar\/index.php\/2021\/06\/15\/automoto-inicio-obras-en-el-sector-de-canchas-auxiliares\/","og_locale":"es_ES","og_type":"article","og_title":"Automoto inici\u00f3 obras en el sector de canchas auxiliares - CELTTV","og_description":"Sitio web de noticias de la localidad de Tornquist, provincia de Buenos Aires, Rep\u00fablica Argentina. Contenido propio originado por periodistas de CELTTV, el canal de TV local de la Cooperativa El\u00e9ctrica de Tornquist. Turismo, Pol\u00edtica, Sociedad, Deporte, Cultura y todo el contenido de inter\u00e9s general que la gente del pueblo y la regi\u00f3n debe conocer.","og_url":"https:\/\/www.celttv.com.ar\/index.php\/2021\/06\/15\/automoto-inicio-obras-en-el-sector-de-canchas-auxiliares\/","og_site_name":"CELTTV","article_publisher":"https:\/\/www.facebook.com\/celtTV\/","article_published_time":"2021-06-15T00:13:23+00:00","og_image":[{"width":1252,"height":768,"url":"https:\/\/www.celttv.com.ar\/wp-content\/uploads\/2021\/06\/01-Medium.jpg","type":"image\/jpeg"}],"author":"ulises","twitter_card":"summary_large_image","twitter_misc":{"Escrito por":"ulises","Tiempo de lectura":"1 minuto"},"schema":{"@context":"https:\/\/schema.org","@graph":[{"@type":"NewsArticle","@id":"https:\/\/www.celttv.com.ar\/index.php\/2021\/06\/15\/automoto-inicio-obras-en-el-sector-de-canchas-auxiliares\/#article","isPartOf":{"@id":"https:\/\/www.celttv.com.ar\/index.php\/2021\/06\/15\/automoto-inicio-obras-en-el-sector-de-canchas-auxiliares\/"},"author":{"name":"ulises","@id":"https:\/\/www.celttv.com.ar\/#\/schema\/person\/6d99c072dba59953809c81446e9d0ace"},"headline":"Automoto inici\u00f3 obras en el sector de canchas auxiliares","datePublished":"2021-06-15T00:13:23+00:00","dateModified":"2021-06-15T00:13:23+00:00","mainEntityOfPage":{"@id":"https:\/\/www.celttv.com.ar\/index.php\/2021\/06\/15\/automoto-inicio-obras-en-el-sector-de-canchas-auxiliares\/"},"wordCount":165,"publisher":{"@id":"https:\/\/www.celttv.com.ar\/#organization"},"articleSection":["Comunidad","Deportes","Destacadas"],"inLanguage":"es"},{"@type":"WebPage","@id":"https:\/\/www.celttv.com.ar\/index.php\/2021\/06\/15\/automoto-inicio-obras-en-el-sector-de-canchas-auxiliares\/","url":"https:\/\/www.celttv.com.ar\/index.php\/2021\/06\/15\/automoto-inicio-obras-en-el-sector-de-canchas-auxiliares\/","name":"Automoto inici\u00f3 obras en el sector de canchas auxiliares - CELTTV","isPartOf":{"@id":"https:\/\/www.celttv.com.ar\/#website"},"datePublished":"2021-06-15T00:13:23+00:00","dateModified":"2021-06-15T00:13:23+00:00","description":"Sitio web de noticias de la localidad de Tornquist, provincia de Buenos Aires, Rep\u00fablica Argentina. Contenido propio originado por periodistas de CELTTV, el canal de TV local de la Cooperativa El\u00e9ctrica de Tornquist. Turismo, Pol\u00edtica, Sociedad, Deporte, Cultura y todo el contenido de inter\u00e9s general que la gente del pueblo y la regi\u00f3n debe conocer.","breadcrumb":{"@id":"https:\/\/www.celttv.com.ar\/index.php\/2021\/06\/15\/automoto-inicio-obras-en-el-sector-de-canchas-auxiliares\/#breadcrumb"},"inLanguage":"es","potentialAction":[{"@type":"ReadAction","target":["https:\/\/www.celttv.com.ar\/index.php\/2021\/06\/15\/automoto-inicio-obras-en-el-sector-de-canchas-auxiliares\/"]}]},{"@type":"BreadcrumbList","@id":"https:\/\/www.celttv.com.ar\/index.php\/2021\/06\/15\/automoto-inicio-obras-en-el-sector-de-canchas-auxiliares\/#breadcrumb","itemListElement":[{"@type":"ListItem","position":1,"name":"Inicio","item":"https:\/\/www.celttv.com.ar\/"},{"@type":"ListItem","position":2,"name":"Automoto inici\u00f3 obras en el sector de canchas auxiliares"}]},{"@type":"WebSite","@id":"https:\/\/www.celttv.com.ar\/#website","url":"https:\/\/www.celttv.com.ar\/","name":"CELTTV","description":"Cooperativa El\u00e9ctrica de Tornquist","publisher":{"@id":"https:\/\/www.celttv.com.ar\/#organization"},"potentialAction":[{"@type":"SearchAction","target":{"@type":"EntryPoint","urlTemplate":"https:\/\/www.celttv.com.ar\/?s={search_term_string}"},"query-input":"required name=search_term_string"}],"inLanguage":"es"},{"@type":"Organization","@id":"https:\/\/www.celttv.com.ar\/#organization","name":"CELTTV","url":"https:\/\/www.celttv.com.ar\/","sameAs":["https:\/\/www.youtube.com\/channel\/UCz_oIt8Hig64Ub-EmcNPIhg","https:\/\/www.facebook.com\/celtTV\/"],"logo":{"@type":"ImageObject","inLanguage":"es","@id":"https:\/\/www.celttv.com.ar\/#\/schema\/logo\/image\/","url":"http:\/\/www.celttv.com.ar\/wp-content\/uploads\/2022\/08\/logo-1.png","contentUrl":"http:\/\/www.celttv.com.ar\/wp-content\/uploads\/2022\/08\/logo-1.png","width":461,"height":159,"caption":"CELTTV"},"image":{"@id":"https:\/\/www.celttv.com.ar\/#\/schema\/logo\/image\/"}},{"@type":"Person","@id":"https:\/\/www.celttv.com.ar\/#\/schema\/person\/6d99c072dba59953809c81446e9d0ace","name":"ulises","image":{"@type":"ImageObject","inLanguage":"es","@id":"https:\/\/www.celttv.com.ar\/#\/schema\/person\/image\/","url":"https:\/\/secure.gravatar.com\/avatar\/7f2c48bdc33b30088f941fb6082e555f2874c98e20cb159d7b92b50eadfce793?s=96&d=mm&r=g","contentUrl":"https:\/\/secure.gravatar.com\/avatar\/7f2c48bdc33b30088f941fb6082e555f2874c98e20cb159d7b92b50eadfce793?s=96&d=mm&r=g","caption":"ulises"},"sameAs":["http:\/\/www.celttv.com.ar"]}]}},"_links":{"self":[{"href":"https:\/\/www.celttv.com.ar\/index.php\/wp-json\/wp\/v2\/posts\/58187","targetHints":{"allow":["GET"]}}],"collection":[{"href":"https:\/\/www.celttv.com.ar\/index.php\/wp-json\/wp\/v2\/posts"}],"about":[{"href":"https:\/\/www.celttv.com.ar\/index.php\/wp-json\/wp\/v2\/types\/post"}],"author":[{"embeddable":true,"href":"https:\/\/www.celttv.com.ar\/index.php\/wp-json\/wp\/v2\/users\/1"}],"replies":[{"embeddable":true,"href":"https:\/\/www.celttv.com.ar\/index.php\/wp-json\/wp\/v2\/comments?post=58187"}],"version-history":[{"count":0,"href":"https:\/\/www.celttv.com.ar\/index.php\/wp-json\/wp\/v2\/posts\/58187\/revisions"}],"wp:featuredmedia":[{"embeddable":true,"href":"https:\/\/www.celttv.com.ar\/index.php\/wp-json\/wp\/v2\/media\/58188"}],"wp:attachment":[{"href":"https:\/\/www.celttv.com.ar\/index.php\/wp-json\/wp\/v2\/media?parent=58187"}],"wp:term":[{"taxonomy":"category","embeddable":true,"href":"https:\/\/www.celttv.com.ar\/index.php\/wp-json\/wp\/v2\/categories?post=58187"},{"taxonomy":"post_tag","embeddable":true,"href":"https:\/\/www.celttv.com.ar\/index.php\/wp-json\/wp\/v2\/tags?post=58187"}],"curies":[{"name":"wp","href":"https:\/\/api.w.org\/{rel}","templated":true}]}}