{"id":58225,"date":"2021-06-16T13:13:56","date_gmt":"2021-06-16T13:13:56","guid":{"rendered":"http:\/\/www.celttv.com.ar\/?p=58225"},"modified":"2021-06-16T13:13:56","modified_gmt":"2021-06-16T13:13:56","slug":"la-provincia-confirmo-que-tornquist-continua-en-fase-2","status":"publish","type":"post","link":"https:\/\/www.celttv.com.ar\/index.php\/2021\/06\/16\/la-provincia-confirmo-que-tornquist-continua-en-fase-2\/","title":{"rendered":"La Provincia confirm\u00f3 que Tornquist contin\u00faa en Fase 2"},"content":{"rendered":"\n<p>Un total de 70 distritos de la provincia de Buenos Aires se encuentran en Fase 2, con mayores restricciones debido al aumento de casos de coronavirus, en tanto que 60 municipios que se ubican en Fase 3 y 5 en Fase 4, seg\u00fan se oficializ\u00f3 hoy en el Bolet\u00edn Oficial del distrito.<\/p>\n\n\n\n<p>En el \u00e1mbito bonaerense rige desde hace un a\u00f1o un sistema de fases, en el que est\u00e1n incluidos los municipios de acuerdo al riesgo epidemiol\u00f3gico y sanitario que presenten, seg\u00fan la cantidad de casos de coronavirus y otros indicadores.<\/p>\n\n\n\n<p>En cada fase se encuentran habilitadas una serie de actividades, que deber\u00e1n realizarse bajo el &#8220;estricto cumplimiento de los protocolos que oportunamente hubieren aprobado las autoridades provinciales competentes o la autoridad sanitaria nacional&#8221;.<\/p>\n\n\n\n<p>As\u00ed, los distritos que se encuentran en Fase 4 o de \u201cRiesgo Epidemiol\u00f3gico y Sanitario Medio\u201d son Benito Ju\u00e1rez, Olavarr\u00eda, Tordillo, Tres Lomas y Villarino.<\/p>\n\n\n\n<p>En tanto, en Fase 3, de \u201cAlto Riesgo Epidemiol\u00f3gico y Sanitario\u201d se encuentran Adolfo Gonzales Chaves, Almirante Brown, Arrecifes, Avellaneda, Bardero, Berazategui, Berisso, Brandsen, Campana, Ca\u00f1uelas, Carmen de Areco, Castelli, Col\u00f3n, Coronel Rosales, Coronel Pringles y Daireaux.<\/p>\n\n\n\n<p>Tambi\u00e9n, Dolores, Ensenada, Escobar, Esteban Echeverr\u00eda, Exaltaci\u00f3n de la Cruz, Ezeiza, Florencio Varela, General Las Heras, General Rodr\u00edguez, General San Mart\u00edn, General Villegas, Guamin\u00ed, Hurlingham, Ituzaing\u00f3, Jos\u00e9 C. Paz, La Matanza, La Plata y Lan\u00fas, Laprida, Las Flores y Lezama.<\/p>\n\n\n\n<p>A la vez, est\u00e1n en Fase 3 Lomas de Zamora, Luj\u00e1n, Malvinas Argentinas, Marcos Paz, Merlo, Moreno, Mor\u00f3n, Pila, Pilar, Presidente Per\u00f3n, Quilmes, Rojas, Salto, San Cayetano. San Fernando, San Isidro, San Miguel, San Vicente, Tigre, Tres Arroyos, Tres de Febrero, Vicente L\u00f3pez, Villa Gesell y Z\u00e1rate.<\/p>\n\n\n\n<p>En la Fase 2, de \u201cSituaci\u00f3n de Alarma Epidemiol\u00f3gica y Sanitaria&#8221;, se encuentran: 25 de Mayo, 9 de Julio, Adolfo Alsina, Alberti, Ayacucho, Azul, Bah\u00eda Blanca, Balcarce, Bol\u00edvar, Bragado, Capit\u00e1n Sarmiento, Carlos Casares, Carlos Tejedor, Chacabuco, Chascom\u00fas y Chivilcoy.<\/p>\n\n\n\n<p>Del mismo modo, Coronel Dorrego, Coronel Su\u00e1rez, Florentino Ameghino, General Alvarado, General Alvear, General Arenales, General Belgrano, General Guido, General Madariaga, General Lamadrid, General Lavalle, General Paz, General Pinto, General Pueyrred\u00f3n, General Viamonte, Hip\u00f3lito Yrigoyen, Jun\u00edn, La Costa, Leandro N. Alem y Lincoln.<\/p>\n\n\n\n<p>En esa instancia se encuentran Lober\u00eda, Lobos, Magdalena, Maip\u00fa, Mar Chiquita, Mercedes, Monte, Monte Hermoso, Navarro, Necochea, Patagones, Pehuaj\u00f3, Pellegrini, Pergamino, Pinamar, Puan y Punta Indio.<\/p>\n\n\n\n<p>Otros\u00a0municipios que tambi\u00e9n est\u00e1n en Fase 2<strong>\u00a0<\/strong>son: Ramallo, Rauch, Rivadavia, Roque P\u00e9rez, Saavedra, Saladillo, Salliquel\u00f3 San Andr\u00e9s de Giles, San Antonio de Areco, San Nicol\u00e1s, San Pedro, Suipacha, Tandil, Tapalqu\u00e9,<strong>\u00a0Tornquist<\/strong>\u00a0y Trenque Lauquen.<\/p>\n\n\n\n<p><strong>FUENTE<\/strong>: TELAM<\/p>\n\n\n\n<figure class=\"wp-block-image size-large\"><img loading=\"lazy\" decoding=\"async\" width=\"1024\" height=\"576\" src=\"http:\/\/www.celttv.com.ar\/wp-content\/uploads\/2021\/06\/tornquist-1024x576.jpg\" alt=\"\" class=\"wp-image-58226\" srcset=\"https:\/\/www.celttv.com.ar\/wp-content\/uploads\/2021\/06\/tornquist-1024x576.jpg 1024w, https:\/\/www.celttv.com.ar\/wp-content\/uploads\/2021\/06\/tornquist-300x169.jpg 300w, https:\/\/www.celttv.com.ar\/wp-content\/uploads\/2021\/06\/tornquist-768x432.jpg 768w, https:\/\/www.celttv.com.ar\/wp-content\/uploads\/2021\/06\/tornquist-750x422.jpg 750w, https:\/\/www.celttv.com.ar\/wp-content\/uploads\/2021\/06\/tornquist-1140x641.jpg 1140w, https:\/\/www.celttv.com.ar\/wp-content\/uploads\/2021\/06\/tornquist.jpg 1280w\" sizes=\"auto, (max-width: 1024px) 100vw, 1024px\" \/><\/figure>\n","protected":false},"excerpt":{"rendered":"<p>Un total de 70 distritos de la provincia de Buenos Aires se encuentran en Fase 2, con mayores restricciones debido al aumento de casos de coronavirus, en tanto que 60 municipios que se ubican en Fase 3 y 5 en Fase 4, seg\u00fan se oficializ\u00f3 hoy en el Bolet\u00edn Oficial del distrito. En el \u00e1mbito [&hellip;]<\/p>\n","protected":false},"author":1,"featured_media":58226,"comment_status":"closed","ping_status":"open","sticky":false,"template":"","format":"standard","meta":{"footnotes":""},"categories":[55,51,52],"tags":[],"class_list":["post-58225","post","type-post","status-publish","format-standard","has-post-thumbnail","hentry","category-celt-tv-noticias","category-comunidad","category-destacadas"],"yoast_head":"<!-- This site is optimized with the Yoast SEO plugin v19.7.1 - https:\/\/yoast.com\/wordpress\/plugins\/seo\/ -->\n<title>La Provincia confirm\u00f3 que Tornquist contin\u00faa en Fase 2 - CELTTV<\/title>\n<meta name=\"description\" content=\"Sitio web de noticias de la localidad de Tornquist, provincia de Buenos Aires, Rep\u00fablica Argentina. Contenido propio originado por periodistas de CELTTV, el canal de TV local de la Cooperativa El\u00e9ctrica de Tornquist. Turismo, Pol\u00edtica, Sociedad, Deporte, Cultura y todo el contenido de inter\u00e9s general que la gente del pueblo y la regi\u00f3n debe conocer.\" \/>\n<meta name=\"robots\" content=\"index, follow, max-snippet:-1, max-image-preview:large, max-video-preview:-1\" \/>\n<link rel=\"canonical\" href=\"https:\/\/www.celttv.com.ar\/index.php\/2021\/06\/16\/la-provincia-confirmo-que-tornquist-continua-en-fase-2\/\" \/>\n<meta property=\"og:locale\" content=\"es_ES\" \/>\n<meta property=\"og:type\" content=\"article\" \/>\n<meta property=\"og:title\" content=\"La Provincia confirm\u00f3 que Tornquist contin\u00faa en Fase 2 - CELTTV\" \/>\n<meta property=\"og:description\" content=\"Sitio web de noticias de la localidad de Tornquist, provincia de Buenos Aires, Rep\u00fablica Argentina. Contenido propio originado por periodistas de CELTTV, el canal de TV local de la Cooperativa El\u00e9ctrica de Tornquist. Turismo, Pol\u00edtica, Sociedad, Deporte, Cultura y todo el contenido de inter\u00e9s general que la gente del pueblo y la regi\u00f3n debe conocer.\" \/>\n<meta property=\"og:url\" content=\"https:\/\/www.celttv.com.ar\/index.php\/2021\/06\/16\/la-provincia-confirmo-que-tornquist-continua-en-fase-2\/\" \/>\n<meta property=\"og:site_name\" content=\"CELTTV\" \/>\n<meta property=\"article:publisher\" content=\"https:\/\/www.facebook.com\/celtTV\/\" \/>\n<meta property=\"article:published_time\" content=\"2021-06-16T13:13:56+00:00\" \/>\n<meta property=\"og:image\" content=\"https:\/\/www.celttv.com.ar\/wp-content\/uploads\/2021\/06\/tornquist.jpg\" \/>\n\t<meta property=\"og:image:width\" content=\"1280\" \/>\n\t<meta property=\"og:image:height\" content=\"720\" \/>\n\t<meta property=\"og:image:type\" content=\"image\/jpeg\" \/>\n<meta name=\"author\" content=\"ulises\" \/>\n<meta name=\"twitter:card\" content=\"summary_large_image\" \/>\n<meta name=\"twitter:label1\" content=\"Escrito por\" \/>\n\t<meta name=\"twitter:data1\" content=\"ulises\" \/>\n\t<meta name=\"twitter:label2\" content=\"Tiempo de lectura\" \/>\n\t<meta name=\"twitter:data2\" content=\"2 minutos\" \/>\n<script type=\"application\/ld+json\" class=\"yoast-schema-graph\">{\"@context\":\"https:\/\/schema.org\",\"@graph\":[{\"@type\":\"NewsArticle\",\"@id\":\"https:\/\/www.celttv.com.ar\/index.php\/2021\/06\/16\/la-provincia-confirmo-que-tornquist-continua-en-fase-2\/#article\",\"isPartOf\":{\"@id\":\"https:\/\/www.celttv.com.ar\/index.php\/2021\/06\/16\/la-provincia-confirmo-que-tornquist-continua-en-fase-2\/\"},\"author\":{\"name\":\"ulises\",\"@id\":\"https:\/\/www.celttv.com.ar\/#\/schema\/person\/6d99c072dba59953809c81446e9d0ace\"},\"headline\":\"La Provincia confirm\u00f3 que Tornquist contin\u00faa en Fase 2\",\"datePublished\":\"2021-06-16T13:13:56+00:00\",\"dateModified\":\"2021-06-16T13:13:56+00:00\",\"mainEntityOfPage\":{\"@id\":\"https:\/\/www.celttv.com.ar\/index.php\/2021\/06\/16\/la-provincia-confirmo-que-tornquist-continua-en-fase-2\/\"},\"wordCount\":456,\"publisher\":{\"@id\":\"https:\/\/www.celttv.com.ar\/#organization\"},\"articleSection\":[\"Celt TV Noticias\",\"Comunidad\",\"Destacadas\"],\"inLanguage\":\"es\"},{\"@type\":\"WebPage\",\"@id\":\"https:\/\/www.celttv.com.ar\/index.php\/2021\/06\/16\/la-provincia-confirmo-que-tornquist-continua-en-fase-2\/\",\"url\":\"https:\/\/www.celttv.com.ar\/index.php\/2021\/06\/16\/la-provincia-confirmo-que-tornquist-continua-en-fase-2\/\",\"name\":\"La Provincia confirm\u00f3 que Tornquist contin\u00faa en Fase 2 - CELTTV\",\"isPartOf\":{\"@id\":\"https:\/\/www.celttv.com.ar\/#website\"},\"datePublished\":\"2021-06-16T13:13:56+00:00\",\"dateModified\":\"2021-06-16T13:13:56+00:00\",\"description\":\"Sitio web de noticias de la localidad de Tornquist, provincia de Buenos Aires, Rep\u00fablica Argentina. Contenido propio originado por periodistas de CELTTV, el canal de TV local de la Cooperativa El\u00e9ctrica de Tornquist. Turismo, Pol\u00edtica, Sociedad, Deporte, Cultura y todo el contenido de inter\u00e9s general que la gente del pueblo y la regi\u00f3n debe conocer.\",\"breadcrumb\":{\"@id\":\"https:\/\/www.celttv.com.ar\/index.php\/2021\/06\/16\/la-provincia-confirmo-que-tornquist-continua-en-fase-2\/#breadcrumb\"},\"inLanguage\":\"es\",\"potentialAction\":[{\"@type\":\"ReadAction\",\"target\":[\"https:\/\/www.celttv.com.ar\/index.php\/2021\/06\/16\/la-provincia-confirmo-que-tornquist-continua-en-fase-2\/\"]}]},{\"@type\":\"BreadcrumbList\",\"@id\":\"https:\/\/www.celttv.com.ar\/index.php\/2021\/06\/16\/la-provincia-confirmo-que-tornquist-continua-en-fase-2\/#breadcrumb\",\"itemListElement\":[{\"@type\":\"ListItem\",\"position\":1,\"name\":\"Inicio\",\"item\":\"https:\/\/www.celttv.com.ar\/\"},{\"@type\":\"ListItem\",\"position\":2,\"name\":\"La Provincia confirm\u00f3 que Tornquist contin\u00faa en Fase 2\"}]},{\"@type\":\"WebSite\",\"@id\":\"https:\/\/www.celttv.com.ar\/#website\",\"url\":\"https:\/\/www.celttv.com.ar\/\",\"name\":\"CELTTV\",\"description\":\"Cooperativa El\u00e9ctrica de Tornquist\",\"publisher\":{\"@id\":\"https:\/\/www.celttv.com.ar\/#organization\"},\"potentialAction\":[{\"@type\":\"SearchAction\",\"target\":{\"@type\":\"EntryPoint\",\"urlTemplate\":\"https:\/\/www.celttv.com.ar\/?s={search_term_string}\"},\"query-input\":\"required name=search_term_string\"}],\"inLanguage\":\"es\"},{\"@type\":\"Organization\",\"@id\":\"https:\/\/www.celttv.com.ar\/#organization\",\"name\":\"CELTTV\",\"url\":\"https:\/\/www.celttv.com.ar\/\",\"sameAs\":[\"https:\/\/www.youtube.com\/channel\/UCz_oIt8Hig64Ub-EmcNPIhg\",\"https:\/\/www.facebook.com\/celtTV\/\"],\"logo\":{\"@type\":\"ImageObject\",\"inLanguage\":\"es\",\"@id\":\"https:\/\/www.celttv.com.ar\/#\/schema\/logo\/image\/\",\"url\":\"http:\/\/www.celttv.com.ar\/wp-content\/uploads\/2022\/08\/logo-1.png\",\"contentUrl\":\"http:\/\/www.celttv.com.ar\/wp-content\/uploads\/2022\/08\/logo-1.png\",\"width\":461,\"height\":159,\"caption\":\"CELTTV\"},\"image\":{\"@id\":\"https:\/\/www.celttv.com.ar\/#\/schema\/logo\/image\/\"}},{\"@type\":\"Person\",\"@id\":\"https:\/\/www.celttv.com.ar\/#\/schema\/person\/6d99c072dba59953809c81446e9d0ace\",\"name\":\"ulises\",\"image\":{\"@type\":\"ImageObject\",\"inLanguage\":\"es\",\"@id\":\"https:\/\/www.celttv.com.ar\/#\/schema\/person\/image\/\",\"url\":\"https:\/\/secure.gravatar.com\/avatar\/7f2c48bdc33b30088f941fb6082e555f2874c98e20cb159d7b92b50eadfce793?s=96&d=mm&r=g\",\"contentUrl\":\"https:\/\/secure.gravatar.com\/avatar\/7f2c48bdc33b30088f941fb6082e555f2874c98e20cb159d7b92b50eadfce793?s=96&d=mm&r=g\",\"caption\":\"ulises\"},\"sameAs\":[\"http:\/\/www.celttv.com.ar\"]}]}<\/script>\n<!-- \/ Yoast SEO plugin. -->","yoast_head_json":{"title":"La Provincia confirm\u00f3 que Tornquist contin\u00faa en Fase 2 - CELTTV","description":"Sitio web de noticias de la localidad de Tornquist, provincia de Buenos Aires, Rep\u00fablica Argentina. Contenido propio originado por periodistas de CELTTV, el canal de TV local de la Cooperativa El\u00e9ctrica de Tornquist. Turismo, Pol\u00edtica, Sociedad, Deporte, Cultura y todo el contenido de inter\u00e9s general que la gente del pueblo y la regi\u00f3n debe conocer.","robots":{"index":"index","follow":"follow","max-snippet":"max-snippet:-1","max-image-preview":"max-image-preview:large","max-video-preview":"max-video-preview:-1"},"canonical":"https:\/\/www.celttv.com.ar\/index.php\/2021\/06\/16\/la-provincia-confirmo-que-tornquist-continua-en-fase-2\/","og_locale":"es_ES","og_type":"article","og_title":"La Provincia confirm\u00f3 que Tornquist contin\u00faa en Fase 2 - CELTTV","og_description":"Sitio web de noticias de la localidad de Tornquist, provincia de Buenos Aires, Rep\u00fablica Argentina. Contenido propio originado por periodistas de CELTTV, el canal de TV local de la Cooperativa El\u00e9ctrica de Tornquist. Turismo, Pol\u00edtica, Sociedad, Deporte, Cultura y todo el contenido de inter\u00e9s general que la gente del pueblo y la regi\u00f3n debe conocer.","og_url":"https:\/\/www.celttv.com.ar\/index.php\/2021\/06\/16\/la-provincia-confirmo-que-tornquist-continua-en-fase-2\/","og_site_name":"CELTTV","article_publisher":"https:\/\/www.facebook.com\/celtTV\/","article_published_time":"2021-06-16T13:13:56+00:00","og_image":[{"width":1280,"height":720,"url":"https:\/\/www.celttv.com.ar\/wp-content\/uploads\/2021\/06\/tornquist.jpg","type":"image\/jpeg"}],"author":"ulises","twitter_card":"summary_large_image","twitter_misc":{"Escrito por":"ulises","Tiempo de lectura":"2 minutos"},"schema":{"@context":"https:\/\/schema.org","@graph":[{"@type":"NewsArticle","@id":"https:\/\/www.celttv.com.ar\/index.php\/2021\/06\/16\/la-provincia-confirmo-que-tornquist-continua-en-fase-2\/#article","isPartOf":{"@id":"https:\/\/www.celttv.com.ar\/index.php\/2021\/06\/16\/la-provincia-confirmo-que-tornquist-continua-en-fase-2\/"},"author":{"name":"ulises","@id":"https:\/\/www.celttv.com.ar\/#\/schema\/person\/6d99c072dba59953809c81446e9d0ace"},"headline":"La Provincia confirm\u00f3 que Tornquist contin\u00faa en Fase 2","datePublished":"2021-06-16T13:13:56+00:00","dateModified":"2021-06-16T13:13:56+00:00","mainEntityOfPage":{"@id":"https:\/\/www.celttv.com.ar\/index.php\/2021\/06\/16\/la-provincia-confirmo-que-tornquist-continua-en-fase-2\/"},"wordCount":456,"publisher":{"@id":"https:\/\/www.celttv.com.ar\/#organization"},"articleSection":["Celt TV Noticias","Comunidad","Destacadas"],"inLanguage":"es"},{"@type":"WebPage","@id":"https:\/\/www.celttv.com.ar\/index.php\/2021\/06\/16\/la-provincia-confirmo-que-tornquist-continua-en-fase-2\/","url":"https:\/\/www.celttv.com.ar\/index.php\/2021\/06\/16\/la-provincia-confirmo-que-tornquist-continua-en-fase-2\/","name":"La Provincia confirm\u00f3 que Tornquist contin\u00faa en Fase 2 - CELTTV","isPartOf":{"@id":"https:\/\/www.celttv.com.ar\/#website"},"datePublished":"2021-06-16T13:13:56+00:00","dateModified":"2021-06-16T13:13:56+00:00","description":"Sitio web de noticias de la localidad de Tornquist, provincia de Buenos Aires, Rep\u00fablica Argentina. Contenido propio originado por periodistas de CELTTV, el canal de TV local de la Cooperativa El\u00e9ctrica de Tornquist. Turismo, Pol\u00edtica, Sociedad, Deporte, Cultura y todo el contenido de inter\u00e9s general que la gente del pueblo y la regi\u00f3n debe conocer.","breadcrumb":{"@id":"https:\/\/www.celttv.com.ar\/index.php\/2021\/06\/16\/la-provincia-confirmo-que-tornquist-continua-en-fase-2\/#breadcrumb"},"inLanguage":"es","potentialAction":[{"@type":"ReadAction","target":["https:\/\/www.celttv.com.ar\/index.php\/2021\/06\/16\/la-provincia-confirmo-que-tornquist-continua-en-fase-2\/"]}]},{"@type":"BreadcrumbList","@id":"https:\/\/www.celttv.com.ar\/index.php\/2021\/06\/16\/la-provincia-confirmo-que-tornquist-continua-en-fase-2\/#breadcrumb","itemListElement":[{"@type":"ListItem","position":1,"name":"Inicio","item":"https:\/\/www.celttv.com.ar\/"},{"@type":"ListItem","position":2,"name":"La Provincia confirm\u00f3 que Tornquist contin\u00faa en Fase 2"}]},{"@type":"WebSite","@id":"https:\/\/www.celttv.com.ar\/#website","url":"https:\/\/www.celttv.com.ar\/","name":"CELTTV","description":"Cooperativa El\u00e9ctrica de Tornquist","publisher":{"@id":"https:\/\/www.celttv.com.ar\/#organization"},"potentialAction":[{"@type":"SearchAction","target":{"@type":"EntryPoint","urlTemplate":"https:\/\/www.celttv.com.ar\/?s={search_term_string}"},"query-input":"required name=search_term_string"}],"inLanguage":"es"},{"@type":"Organization","@id":"https:\/\/www.celttv.com.ar\/#organization","name":"CELTTV","url":"https:\/\/www.celttv.com.ar\/","sameAs":["https:\/\/www.youtube.com\/channel\/UCz_oIt8Hig64Ub-EmcNPIhg","https:\/\/www.facebook.com\/celtTV\/"],"logo":{"@type":"ImageObject","inLanguage":"es","@id":"https:\/\/www.celttv.com.ar\/#\/schema\/logo\/image\/","url":"http:\/\/www.celttv.com.ar\/wp-content\/uploads\/2022\/08\/logo-1.png","contentUrl":"http:\/\/www.celttv.com.ar\/wp-content\/uploads\/2022\/08\/logo-1.png","width":461,"height":159,"caption":"CELTTV"},"image":{"@id":"https:\/\/www.celttv.com.ar\/#\/schema\/logo\/image\/"}},{"@type":"Person","@id":"https:\/\/www.celttv.com.ar\/#\/schema\/person\/6d99c072dba59953809c81446e9d0ace","name":"ulises","image":{"@type":"ImageObject","inLanguage":"es","@id":"https:\/\/www.celttv.com.ar\/#\/schema\/person\/image\/","url":"https:\/\/secure.gravatar.com\/avatar\/7f2c48bdc33b30088f941fb6082e555f2874c98e20cb159d7b92b50eadfce793?s=96&d=mm&r=g","contentUrl":"https:\/\/secure.gravatar.com\/avatar\/7f2c48bdc33b30088f941fb6082e555f2874c98e20cb159d7b92b50eadfce793?s=96&d=mm&r=g","caption":"ulises"},"sameAs":["http:\/\/www.celttv.com.ar"]}]}},"_links":{"self":[{"href":"https:\/\/www.celttv.com.ar\/index.php\/wp-json\/wp\/v2\/posts\/58225","targetHints":{"allow":["GET"]}}],"collection":[{"href":"https:\/\/www.celttv.com.ar\/index.php\/wp-json\/wp\/v2\/posts"}],"about":[{"href":"https:\/\/www.celttv.com.ar\/index.php\/wp-json\/wp\/v2\/types\/post"}],"author":[{"embeddable":true,"href":"https:\/\/www.celttv.com.ar\/index.php\/wp-json\/wp\/v2\/users\/1"}],"replies":[{"embeddable":true,"href":"https:\/\/www.celttv.com.ar\/index.php\/wp-json\/wp\/v2\/comments?post=58225"}],"version-history":[{"count":0,"href":"https:\/\/www.celttv.com.ar\/index.php\/wp-json\/wp\/v2\/posts\/58225\/revisions"}],"wp:featuredmedia":[{"embeddable":true,"href":"https:\/\/www.celttv.com.ar\/index.php\/wp-json\/wp\/v2\/media\/58226"}],"wp:attachment":[{"href":"https:\/\/www.celttv.com.ar\/index.php\/wp-json\/wp\/v2\/media?parent=58225"}],"wp:term":[{"taxonomy":"category","embeddable":true,"href":"https:\/\/www.celttv.com.ar\/index.php\/wp-json\/wp\/v2\/categories?post=58225"},{"taxonomy":"post_tag","embeddable":true,"href":"https:\/\/www.celttv.com.ar\/index.php\/wp-json\/wp\/v2\/tags?post=58225"}],"curies":[{"name":"wp","href":"https:\/\/api.w.org\/{rel}","templated":true}]}}