{"id":58474,"date":"2021-06-27T14:44:36","date_gmt":"2021-06-27T14:44:36","guid":{"rendered":"http:\/\/www.celttv.com.ar\/?p=58474"},"modified":"2021-06-27T14:44:36","modified_gmt":"2021-06-27T14:44:36","slug":"ciclo-de-charlas-educacion-ambiental-integral-necesidades-desafios-y-oportunidades","status":"publish","type":"post","link":"https:\/\/www.celttv.com.ar\/index.php\/2021\/06\/27\/ciclo-de-charlas-educacion-ambiental-integral-necesidades-desafios-y-oportunidades\/","title":{"rendered":"CICLO DE CHARLAS: &#8220;Educaci\u00f3n Ambiental Integral: necesidades, desaf\u00edos y oportunidades\u201d"},"content":{"rendered":"\n<p><em>La tercera charla del ciclo ser\u00e1 el martes 29 de junio a las 18.00, se transmitir\u00e1 por el canal oficial de YouTube del OPDS y estar\u00e1 a cargo de<\/em>&nbsp;<em>Guillermo Priotto.<\/em><\/p>\n\n\n\n<p>La charla &#8220;Educaci\u00f3n Ambiental Integral: necesidades, desaf\u00edos y oportunidades\u201d se enmarca en el ciclo&nbsp;<strong>\u201cConstruyendo una agenda ambiental para el desarrollo provincial\u201d,&nbsp;<\/strong>que fue pensado para consolidar la construcci\u00f3n de la agenda ambiental de la Provincia, articulando diferentes espacios para pensar de manera colectiva la complejidad del campo de la educaci\u00f3n ambiental y para buscar nuevos escenarios desde donde discutir nuestras propias experiencias.<\/p>\n\n\n\n<p>En esta oportunidad, el ciclo contar\u00e1 con la presencia de Guillermo Priotto, especialista en Educaci\u00f3n Ambiental, quien abordar\u00e1 la complejidad, los desaf\u00edos y las oportunidades de la Educaci\u00f3n Ambiental Integral. Priotto estar\u00e1 acompa\u00f1ado por el director ejecutivo del Organismo Provincial para el Desarrollo Sostenible (OPDS), Juan Brardinelli.<\/p>\n\n\n\n<p>Este ciclo de charlas, organizado por la Direcci\u00f3n de Educaci\u00f3n Ambiental del OPDS, son una invitaci\u00f3n a la conversaci\u00f3n y el intercambio, en el que distintas voces compartan experiencias y saberes. A partir de diferentes ejes tem\u00e1ticos se recorrer\u00e1n las distintas dimensiones de la pol\u00edtica ambiental: la gesti\u00f3n p\u00fablica, la educaci\u00f3n, las pol\u00edticas de g\u00e9neros, el desarrollo sostenible y el lugar de la divulgaci\u00f3n cient\u00edfica.<\/p>\n\n\n\n<p>La charla se transmitir\u00e1 en vivo, el martes 29 de junio a las 18.00, por el canal de YouTube del OPDS:\u00a0<a rel=\"noreferrer noopener\" href=\"https:\/\/www.youtube.com\/c\/OPDSAmbienteProvinciaOK\" target=\"_blank\">https:\/\/www.youtube.com\/c\/OPDSAmbienteProvinciaOK<\/a><\/p>\n\n\n\n<figure class=\"wp-block-image size-large\"><img loading=\"lazy\" decoding=\"async\" width=\"756\" height=\"1024\" src=\"http:\/\/www.celttv.com.ar\/wp-content\/uploads\/2021\/06\/03_AGENDA-AMB-REGIONAL_29-JUNIO_MAIL-756x1024.jpg\" alt=\"\" class=\"wp-image-58475\" srcset=\"https:\/\/www.celttv.com.ar\/wp-content\/uploads\/2021\/06\/03_AGENDA-AMB-REGIONAL_29-JUNIO_MAIL-756x1024.jpg 756w, https:\/\/www.celttv.com.ar\/wp-content\/uploads\/2021\/06\/03_AGENDA-AMB-REGIONAL_29-JUNIO_MAIL-221x300.jpg 221w, https:\/\/www.celttv.com.ar\/wp-content\/uploads\/2021\/06\/03_AGENDA-AMB-REGIONAL_29-JUNIO_MAIL-768x1041.jpg 768w, https:\/\/www.celttv.com.ar\/wp-content\/uploads\/2021\/06\/03_AGENDA-AMB-REGIONAL_29-JUNIO_MAIL-1134x1536.jpg 1134w, https:\/\/www.celttv.com.ar\/wp-content\/uploads\/2021\/06\/03_AGENDA-AMB-REGIONAL_29-JUNIO_MAIL-750x1016.jpg 750w, https:\/\/www.celttv.com.ar\/wp-content\/uploads\/2021\/06\/03_AGENDA-AMB-REGIONAL_29-JUNIO_MAIL-1140x1545.jpg 1140w, https:\/\/www.celttv.com.ar\/wp-content\/uploads\/2021\/06\/03_AGENDA-AMB-REGIONAL_29-JUNIO_MAIL.jpg 1200w\" sizes=\"auto, (max-width: 756px) 100vw, 756px\" \/><\/figure>\n","protected":false},"excerpt":{"rendered":"<p>La tercera charla del ciclo ser\u00e1 el martes 29 de junio a las 18.00, se transmitir\u00e1 por el canal oficial de YouTube del OPDS y estar\u00e1 a cargo de&nbsp;Guillermo Priotto. La charla &#8220;Educaci\u00f3n Ambiental Integral: necesidades, desaf\u00edos y oportunidades\u201d se enmarca en el ciclo&nbsp;\u201cConstruyendo una agenda ambiental para el desarrollo provincial\u201d,&nbsp;que fue pensado para consolidar [&hellip;]<\/p>\n","protected":false},"author":1,"featured_media":58475,"comment_status":"closed","ping_status":"open","sticky":false,"template":"","format":"standard","meta":{"footnotes":""},"categories":[55,51,52,59,65],"tags":[],"class_list":["post-58474","post","type-post","status-publish","format-standard","has-post-thumbnail","hentry","category-celt-tv-noticias","category-comunidad","category-destacadas","category-municipales","category-produccion"],"yoast_head":"<!-- This site is optimized with the Yoast SEO plugin v19.7.1 - https:\/\/yoast.com\/wordpress\/plugins\/seo\/ -->\n<title>CICLO DE CHARLAS: &quot;Educaci\u00f3n Ambiental Integral: necesidades, desaf\u00edos y oportunidades\u201d - CELTTV<\/title>\n<meta name=\"description\" content=\"Sitio web de noticias de la localidad de Tornquist, provincia de Buenos Aires, Rep\u00fablica Argentina. Contenido propio originado por periodistas de CELTTV, el canal de TV local de la Cooperativa El\u00e9ctrica de Tornquist. Turismo, Pol\u00edtica, Sociedad, Deporte, Cultura y todo el contenido de inter\u00e9s general que la gente del pueblo y la regi\u00f3n debe conocer.\" \/>\n<meta name=\"robots\" content=\"index, follow, max-snippet:-1, max-image-preview:large, max-video-preview:-1\" \/>\n<link rel=\"canonical\" href=\"https:\/\/www.celttv.com.ar\/index.php\/2021\/06\/27\/ciclo-de-charlas-educacion-ambiental-integral-necesidades-desafios-y-oportunidades\/\" \/>\n<meta property=\"og:locale\" content=\"es_ES\" \/>\n<meta property=\"og:type\" content=\"article\" \/>\n<meta property=\"og:title\" content=\"CICLO DE CHARLAS: &quot;Educaci\u00f3n Ambiental Integral: necesidades, desaf\u00edos y oportunidades\u201d - CELTTV\" \/>\n<meta property=\"og:description\" content=\"Sitio web de noticias de la localidad de Tornquist, provincia de Buenos Aires, Rep\u00fablica Argentina. Contenido propio originado por periodistas de CELTTV, el canal de TV local de la Cooperativa El\u00e9ctrica de Tornquist. Turismo, Pol\u00edtica, Sociedad, Deporte, Cultura y todo el contenido de inter\u00e9s general que la gente del pueblo y la regi\u00f3n debe conocer.\" \/>\n<meta property=\"og:url\" content=\"https:\/\/www.celttv.com.ar\/index.php\/2021\/06\/27\/ciclo-de-charlas-educacion-ambiental-integral-necesidades-desafios-y-oportunidades\/\" \/>\n<meta property=\"og:site_name\" content=\"CELTTV\" \/>\n<meta property=\"article:publisher\" content=\"https:\/\/www.facebook.com\/celtTV\/\" \/>\n<meta property=\"article:published_time\" content=\"2021-06-27T14:44:36+00:00\" \/>\n<meta property=\"og:image\" content=\"https:\/\/www.celttv.com.ar\/wp-content\/uploads\/2021\/06\/03_AGENDA-AMB-REGIONAL_29-JUNIO_MAIL.jpg\" \/>\n\t<meta property=\"og:image:width\" content=\"1200\" \/>\n\t<meta property=\"og:image:height\" content=\"1626\" \/>\n\t<meta property=\"og:image:type\" content=\"image\/jpeg\" \/>\n<meta name=\"author\" content=\"ulises\" \/>\n<meta name=\"twitter:card\" content=\"summary_large_image\" \/>\n<meta name=\"twitter:label1\" content=\"Escrito por\" \/>\n\t<meta name=\"twitter:data1\" content=\"ulises\" \/>\n\t<meta name=\"twitter:label2\" content=\"Tiempo de lectura\" \/>\n\t<meta name=\"twitter:data2\" content=\"1 minuto\" \/>\n<script type=\"application\/ld+json\" class=\"yoast-schema-graph\">{\"@context\":\"https:\/\/schema.org\",\"@graph\":[{\"@type\":\"NewsArticle\",\"@id\":\"https:\/\/www.celttv.com.ar\/index.php\/2021\/06\/27\/ciclo-de-charlas-educacion-ambiental-integral-necesidades-desafios-y-oportunidades\/#article\",\"isPartOf\":{\"@id\":\"https:\/\/www.celttv.com.ar\/index.php\/2021\/06\/27\/ciclo-de-charlas-educacion-ambiental-integral-necesidades-desafios-y-oportunidades\/\"},\"author\":{\"name\":\"ulises\",\"@id\":\"https:\/\/www.celttv.com.ar\/#\/schema\/person\/6d99c072dba59953809c81446e9d0ace\"},\"headline\":\"CICLO DE CHARLAS: &#8220;Educaci\u00f3n Ambiental Integral: necesidades, desaf\u00edos y oportunidades\u201d\",\"datePublished\":\"2021-06-27T14:44:36+00:00\",\"dateModified\":\"2021-06-27T14:44:36+00:00\",\"mainEntityOfPage\":{\"@id\":\"https:\/\/www.celttv.com.ar\/index.php\/2021\/06\/27\/ciclo-de-charlas-educacion-ambiental-integral-necesidades-desafios-y-oportunidades\/\"},\"wordCount\":266,\"publisher\":{\"@id\":\"https:\/\/www.celttv.com.ar\/#organization\"},\"articleSection\":[\"Celt TV Noticias\",\"Comunidad\",\"Destacadas\",\"Municipales\",\"Producci\u00f3n y Medio Ambiente\"],\"inLanguage\":\"es\"},{\"@type\":\"WebPage\",\"@id\":\"https:\/\/www.celttv.com.ar\/index.php\/2021\/06\/27\/ciclo-de-charlas-educacion-ambiental-integral-necesidades-desafios-y-oportunidades\/\",\"url\":\"https:\/\/www.celttv.com.ar\/index.php\/2021\/06\/27\/ciclo-de-charlas-educacion-ambiental-integral-necesidades-desafios-y-oportunidades\/\",\"name\":\"CICLO DE CHARLAS: \\\"Educaci\u00f3n Ambiental Integral: necesidades, desaf\u00edos y oportunidades\u201d - CELTTV\",\"isPartOf\":{\"@id\":\"https:\/\/www.celttv.com.ar\/#website\"},\"datePublished\":\"2021-06-27T14:44:36+00:00\",\"dateModified\":\"2021-06-27T14:44:36+00:00\",\"description\":\"Sitio web de noticias de la localidad de Tornquist, provincia de Buenos Aires, Rep\u00fablica Argentina. Contenido propio originado por periodistas de CELTTV, el canal de TV local de la Cooperativa El\u00e9ctrica de Tornquist. Turismo, Pol\u00edtica, Sociedad, Deporte, Cultura y todo el contenido de inter\u00e9s general que la gente del pueblo y la regi\u00f3n debe conocer.\",\"breadcrumb\":{\"@id\":\"https:\/\/www.celttv.com.ar\/index.php\/2021\/06\/27\/ciclo-de-charlas-educacion-ambiental-integral-necesidades-desafios-y-oportunidades\/#breadcrumb\"},\"inLanguage\":\"es\",\"potentialAction\":[{\"@type\":\"ReadAction\",\"target\":[\"https:\/\/www.celttv.com.ar\/index.php\/2021\/06\/27\/ciclo-de-charlas-educacion-ambiental-integral-necesidades-desafios-y-oportunidades\/\"]}]},{\"@type\":\"BreadcrumbList\",\"@id\":\"https:\/\/www.celttv.com.ar\/index.php\/2021\/06\/27\/ciclo-de-charlas-educacion-ambiental-integral-necesidades-desafios-y-oportunidades\/#breadcrumb\",\"itemListElement\":[{\"@type\":\"ListItem\",\"position\":1,\"name\":\"Inicio\",\"item\":\"https:\/\/www.celttv.com.ar\/\"},{\"@type\":\"ListItem\",\"position\":2,\"name\":\"CICLO DE CHARLAS: &#8220;Educaci\u00f3n Ambiental Integral: necesidades, desaf\u00edos y oportunidades\u201d\"}]},{\"@type\":\"WebSite\",\"@id\":\"https:\/\/www.celttv.com.ar\/#website\",\"url\":\"https:\/\/www.celttv.com.ar\/\",\"name\":\"CELTTV\",\"description\":\"Cooperativa El\u00e9ctrica de Tornquist\",\"publisher\":{\"@id\":\"https:\/\/www.celttv.com.ar\/#organization\"},\"potentialAction\":[{\"@type\":\"SearchAction\",\"target\":{\"@type\":\"EntryPoint\",\"urlTemplate\":\"https:\/\/www.celttv.com.ar\/?s={search_term_string}\"},\"query-input\":\"required name=search_term_string\"}],\"inLanguage\":\"es\"},{\"@type\":\"Organization\",\"@id\":\"https:\/\/www.celttv.com.ar\/#organization\",\"name\":\"CELTTV\",\"url\":\"https:\/\/www.celttv.com.ar\/\",\"sameAs\":[\"https:\/\/www.youtube.com\/channel\/UCz_oIt8Hig64Ub-EmcNPIhg\",\"https:\/\/www.facebook.com\/celtTV\/\"],\"logo\":{\"@type\":\"ImageObject\",\"inLanguage\":\"es\",\"@id\":\"https:\/\/www.celttv.com.ar\/#\/schema\/logo\/image\/\",\"url\":\"http:\/\/www.celttv.com.ar\/wp-content\/uploads\/2022\/08\/logo-1.png\",\"contentUrl\":\"http:\/\/www.celttv.com.ar\/wp-content\/uploads\/2022\/08\/logo-1.png\",\"width\":461,\"height\":159,\"caption\":\"CELTTV\"},\"image\":{\"@id\":\"https:\/\/www.celttv.com.ar\/#\/schema\/logo\/image\/\"}},{\"@type\":\"Person\",\"@id\":\"https:\/\/www.celttv.com.ar\/#\/schema\/person\/6d99c072dba59953809c81446e9d0ace\",\"name\":\"ulises\",\"image\":{\"@type\":\"ImageObject\",\"inLanguage\":\"es\",\"@id\":\"https:\/\/www.celttv.com.ar\/#\/schema\/person\/image\/\",\"url\":\"https:\/\/secure.gravatar.com\/avatar\/7f2c48bdc33b30088f941fb6082e555f2874c98e20cb159d7b92b50eadfce793?s=96&d=mm&r=g\",\"contentUrl\":\"https:\/\/secure.gravatar.com\/avatar\/7f2c48bdc33b30088f941fb6082e555f2874c98e20cb159d7b92b50eadfce793?s=96&d=mm&r=g\",\"caption\":\"ulises\"},\"sameAs\":[\"http:\/\/www.celttv.com.ar\"]}]}<\/script>\n<!-- \/ Yoast SEO plugin. -->","yoast_head_json":{"title":"CICLO DE CHARLAS: \"Educaci\u00f3n Ambiental Integral: necesidades, desaf\u00edos y oportunidades\u201d - CELTTV","description":"Sitio web de noticias de la localidad de Tornquist, provincia de Buenos Aires, Rep\u00fablica Argentina. Contenido propio originado por periodistas de CELTTV, el canal de TV local de la Cooperativa El\u00e9ctrica de Tornquist. Turismo, Pol\u00edtica, Sociedad, Deporte, Cultura y todo el contenido de inter\u00e9s general que la gente del pueblo y la regi\u00f3n debe conocer.","robots":{"index":"index","follow":"follow","max-snippet":"max-snippet:-1","max-image-preview":"max-image-preview:large","max-video-preview":"max-video-preview:-1"},"canonical":"https:\/\/www.celttv.com.ar\/index.php\/2021\/06\/27\/ciclo-de-charlas-educacion-ambiental-integral-necesidades-desafios-y-oportunidades\/","og_locale":"es_ES","og_type":"article","og_title":"CICLO DE CHARLAS: \"Educaci\u00f3n Ambiental Integral: necesidades, desaf\u00edos y oportunidades\u201d - CELTTV","og_description":"Sitio web de noticias de la localidad de Tornquist, provincia de Buenos Aires, Rep\u00fablica Argentina. Contenido propio originado por periodistas de CELTTV, el canal de TV local de la Cooperativa El\u00e9ctrica de Tornquist. Turismo, Pol\u00edtica, Sociedad, Deporte, Cultura y todo el contenido de inter\u00e9s general que la gente del pueblo y la regi\u00f3n debe conocer.","og_url":"https:\/\/www.celttv.com.ar\/index.php\/2021\/06\/27\/ciclo-de-charlas-educacion-ambiental-integral-necesidades-desafios-y-oportunidades\/","og_site_name":"CELTTV","article_publisher":"https:\/\/www.facebook.com\/celtTV\/","article_published_time":"2021-06-27T14:44:36+00:00","og_image":[{"width":1200,"height":1626,"url":"https:\/\/www.celttv.com.ar\/wp-content\/uploads\/2021\/06\/03_AGENDA-AMB-REGIONAL_29-JUNIO_MAIL.jpg","type":"image\/jpeg"}],"author":"ulises","twitter_card":"summary_large_image","twitter_misc":{"Escrito por":"ulises","Tiempo de lectura":"1 minuto"},"schema":{"@context":"https:\/\/schema.org","@graph":[{"@type":"NewsArticle","@id":"https:\/\/www.celttv.com.ar\/index.php\/2021\/06\/27\/ciclo-de-charlas-educacion-ambiental-integral-necesidades-desafios-y-oportunidades\/#article","isPartOf":{"@id":"https:\/\/www.celttv.com.ar\/index.php\/2021\/06\/27\/ciclo-de-charlas-educacion-ambiental-integral-necesidades-desafios-y-oportunidades\/"},"author":{"name":"ulises","@id":"https:\/\/www.celttv.com.ar\/#\/schema\/person\/6d99c072dba59953809c81446e9d0ace"},"headline":"CICLO DE CHARLAS: &#8220;Educaci\u00f3n Ambiental Integral: necesidades, desaf\u00edos y oportunidades\u201d","datePublished":"2021-06-27T14:44:36+00:00","dateModified":"2021-06-27T14:44:36+00:00","mainEntityOfPage":{"@id":"https:\/\/www.celttv.com.ar\/index.php\/2021\/06\/27\/ciclo-de-charlas-educacion-ambiental-integral-necesidades-desafios-y-oportunidades\/"},"wordCount":266,"publisher":{"@id":"https:\/\/www.celttv.com.ar\/#organization"},"articleSection":["Celt TV Noticias","Comunidad","Destacadas","Municipales","Producci\u00f3n y Medio Ambiente"],"inLanguage":"es"},{"@type":"WebPage","@id":"https:\/\/www.celttv.com.ar\/index.php\/2021\/06\/27\/ciclo-de-charlas-educacion-ambiental-integral-necesidades-desafios-y-oportunidades\/","url":"https:\/\/www.celttv.com.ar\/index.php\/2021\/06\/27\/ciclo-de-charlas-educacion-ambiental-integral-necesidades-desafios-y-oportunidades\/","name":"CICLO DE CHARLAS: \"Educaci\u00f3n Ambiental Integral: necesidades, desaf\u00edos y oportunidades\u201d - CELTTV","isPartOf":{"@id":"https:\/\/www.celttv.com.ar\/#website"},"datePublished":"2021-06-27T14:44:36+00:00","dateModified":"2021-06-27T14:44:36+00:00","description":"Sitio web de noticias de la localidad de Tornquist, provincia de Buenos Aires, Rep\u00fablica Argentina. Contenido propio originado por periodistas de CELTTV, el canal de TV local de la Cooperativa El\u00e9ctrica de Tornquist. Turismo, Pol\u00edtica, Sociedad, Deporte, Cultura y todo el contenido de inter\u00e9s general que la gente del pueblo y la regi\u00f3n debe conocer.","breadcrumb":{"@id":"https:\/\/www.celttv.com.ar\/index.php\/2021\/06\/27\/ciclo-de-charlas-educacion-ambiental-integral-necesidades-desafios-y-oportunidades\/#breadcrumb"},"inLanguage":"es","potentialAction":[{"@type":"ReadAction","target":["https:\/\/www.celttv.com.ar\/index.php\/2021\/06\/27\/ciclo-de-charlas-educacion-ambiental-integral-necesidades-desafios-y-oportunidades\/"]}]},{"@type":"BreadcrumbList","@id":"https:\/\/www.celttv.com.ar\/index.php\/2021\/06\/27\/ciclo-de-charlas-educacion-ambiental-integral-necesidades-desafios-y-oportunidades\/#breadcrumb","itemListElement":[{"@type":"ListItem","position":1,"name":"Inicio","item":"https:\/\/www.celttv.com.ar\/"},{"@type":"ListItem","position":2,"name":"CICLO DE CHARLAS: &#8220;Educaci\u00f3n Ambiental Integral: necesidades, desaf\u00edos y oportunidades\u201d"}]},{"@type":"WebSite","@id":"https:\/\/www.celttv.com.ar\/#website","url":"https:\/\/www.celttv.com.ar\/","name":"CELTTV","description":"Cooperativa El\u00e9ctrica de Tornquist","publisher":{"@id":"https:\/\/www.celttv.com.ar\/#organization"},"potentialAction":[{"@type":"SearchAction","target":{"@type":"EntryPoint","urlTemplate":"https:\/\/www.celttv.com.ar\/?s={search_term_string}"},"query-input":"required name=search_term_string"}],"inLanguage":"es"},{"@type":"Organization","@id":"https:\/\/www.celttv.com.ar\/#organization","name":"CELTTV","url":"https:\/\/www.celttv.com.ar\/","sameAs":["https:\/\/www.youtube.com\/channel\/UCz_oIt8Hig64Ub-EmcNPIhg","https:\/\/www.facebook.com\/celtTV\/"],"logo":{"@type":"ImageObject","inLanguage":"es","@id":"https:\/\/www.celttv.com.ar\/#\/schema\/logo\/image\/","url":"http:\/\/www.celttv.com.ar\/wp-content\/uploads\/2022\/08\/logo-1.png","contentUrl":"http:\/\/www.celttv.com.ar\/wp-content\/uploads\/2022\/08\/logo-1.png","width":461,"height":159,"caption":"CELTTV"},"image":{"@id":"https:\/\/www.celttv.com.ar\/#\/schema\/logo\/image\/"}},{"@type":"Person","@id":"https:\/\/www.celttv.com.ar\/#\/schema\/person\/6d99c072dba59953809c81446e9d0ace","name":"ulises","image":{"@type":"ImageObject","inLanguage":"es","@id":"https:\/\/www.celttv.com.ar\/#\/schema\/person\/image\/","url":"https:\/\/secure.gravatar.com\/avatar\/7f2c48bdc33b30088f941fb6082e555f2874c98e20cb159d7b92b50eadfce793?s=96&d=mm&r=g","contentUrl":"https:\/\/secure.gravatar.com\/avatar\/7f2c48bdc33b30088f941fb6082e555f2874c98e20cb159d7b92b50eadfce793?s=96&d=mm&r=g","caption":"ulises"},"sameAs":["http:\/\/www.celttv.com.ar"]}]}},"_links":{"self":[{"href":"https:\/\/www.celttv.com.ar\/index.php\/wp-json\/wp\/v2\/posts\/58474","targetHints":{"allow":["GET"]}}],"collection":[{"href":"https:\/\/www.celttv.com.ar\/index.php\/wp-json\/wp\/v2\/posts"}],"about":[{"href":"https:\/\/www.celttv.com.ar\/index.php\/wp-json\/wp\/v2\/types\/post"}],"author":[{"embeddable":true,"href":"https:\/\/www.celttv.com.ar\/index.php\/wp-json\/wp\/v2\/users\/1"}],"replies":[{"embeddable":true,"href":"https:\/\/www.celttv.com.ar\/index.php\/wp-json\/wp\/v2\/comments?post=58474"}],"version-history":[{"count":0,"href":"https:\/\/www.celttv.com.ar\/index.php\/wp-json\/wp\/v2\/posts\/58474\/revisions"}],"wp:featuredmedia":[{"embeddable":true,"href":"https:\/\/www.celttv.com.ar\/index.php\/wp-json\/wp\/v2\/media\/58475"}],"wp:attachment":[{"href":"https:\/\/www.celttv.com.ar\/index.php\/wp-json\/wp\/v2\/media?parent=58474"}],"wp:term":[{"taxonomy":"category","embeddable":true,"href":"https:\/\/www.celttv.com.ar\/index.php\/wp-json\/wp\/v2\/categories?post=58474"},{"taxonomy":"post_tag","embeddable":true,"href":"https:\/\/www.celttv.com.ar\/index.php\/wp-json\/wp\/v2\/tags?post=58474"}],"curies":[{"name":"wp","href":"https:\/\/api.w.org\/{rel}","templated":true}]}}