{"id":58477,"date":"2021-06-27T17:04:43","date_gmt":"2021-06-27T17:04:43","guid":{"rendered":"http:\/\/www.celttv.com.ar\/?p=58477"},"modified":"2021-06-27T17:04:43","modified_gmt":"2021-06-27T17:04:43","slug":"dos-personas-fueron-trasladadas-a-la-unidad-sanitaria-de-saldungaray-por-un-vuelco-en-la-ruta-72","status":"publish","type":"post","link":"https:\/\/www.celttv.com.ar\/index.php\/2021\/06\/27\/dos-personas-fueron-trasladadas-a-la-unidad-sanitaria-de-saldungaray-por-un-vuelco-en-la-ruta-72\/","title":{"rendered":"Dos personas fueron trasladadas a la Unidad Sanitaria de Saldungaray por un vuelco en la Ruta 72"},"content":{"rendered":"\n<p>El accidente se produjo a las 08:52 HORAS de este domingo 27 de junio, se produjo un vuelco en la ruta 72 a la altura del km 28 a unos 7 kms de la localidad de Saldungaray y unos 500 mts antes del Puente sobre el Arroyo del Toro.<\/p>\n\n\n\n<p>Se trata de un autom\u00f3vil Chevrolet Astra dominio HOG 572 que era conducido por&nbsp;<strong>Mile Juan Oma<\/strong>r, de 28 a\u00f1os y llevaba como acompa\u00f1ante a&nbsp;<strong>Guzm\u00e1n Iv\u00e1n Nicolas, (29)<\/strong>, Los dos ocupantes fueron trasladados a la Unidad Sanitaria para su atenci\u00f3n. Mile presentaba contuciones leves.<\/p>\n\n\n\n<p>La mec\u00e1nica del accidente se establece que el veh\u00edculo circulaba con direcci\u00f3n de Saldungaray a Frapal cuando por una mala maniobra y a ra\u00edz de las condiciones clim\u00e1ticas del momento, el conductor pierde el control, vuelca y termina a unos 60 mts de la cinta asf\u00e1ltica en la banquina.<\/p>\n\n\n\n<p>Bomberos Voluntarios de Saldungaray acudieron a las maniobras de rescate de los tripulantes y personal de la Estaci\u00f3n de polic\u00eda de la localidad estuvieron presentes al momento de atender a las v\u00edctimas.<\/p>\n\n\n\n<h4 class=\"wp-block-heading\"><strong>Parte policial:<\/strong><\/h4>\n\n\n\n<p>S. E. P. S.C. SALDUNGARAY INFORMA:<\/p>\n\n\n\n<p>FECHA Y HORA: 26\/06\/2021; 08:52 HORAS.-<\/p>\n\n\n\n<p>LUGAR: Ruta Prov. N\u00b0 72 (A 7km de Saldungaray sentido Fra-Pal).-<\/p>\n\n\n\n<p>CAUSANTE: 1) Mile Juan Omar, (28) 37.055.923. Conductor.<br>2) Guzm\u00e1n Iv\u00e1n Nicolas, (29) 36.118.745. Acompa\u00f1ante.<\/p>\n\n\n\n<p><strong>VEH\u00cdCULO: CHEVROLET ASTRA HOG572.-<\/strong><\/p>\n\n\n\n<p><em><strong>SINTESIS:<\/strong><\/em>\u00a0Fecha y hora ut supra, se recibe llamado telef\u00f3nico de masculino quien se identifica como Hector dando cuenta de vuelvo de veh\u00edculo a 7 km aprox de esta localidad. Se comisiona m\u00f3vil 25.256 a cargo del\u00a0<strong>Sgto. PEREZ secundado del Ofl. RAPETTI<\/strong>, y constatan efectivamente vuelco de veh\u00edculo mencionado Ut-Supra. Se comisiona personal de bomberos de Saldungaray acompa\u00f1ados de ambulancia y se da aviso a Polic\u00eda Comunal Cnel. Pringles por \u00e1mbito jurisdiccional. Ambulancia traslada ambos masculinos a centro m\u00e9dico, se dictamina lesiones leves en conductor. Se informa a Comunal Pringles quienes refieren que por lesiones leves no inician actuaciones penales. Bomberos estabiliza el veh\u00edculo y se retira del lugar, baja m\u00f3vil 25.256 con personal a cargo.<\/p>\n\n\n\n<p>FUENTE: FM REFLEJOS Sierra de la Ventana<\/p>\n\n\n\n<p><\/p>\n\n\n\n<figure class=\"wp-block-image size-large\"><img loading=\"lazy\" decoding=\"async\" width=\"424\" height=\"464\" src=\"http:\/\/www.celttv.com.ar\/wp-content\/uploads\/2021\/06\/4-2.jpg\" alt=\"\" class=\"wp-image-58481\" srcset=\"https:\/\/www.celttv.com.ar\/wp-content\/uploads\/2021\/06\/4-2.jpg 424w, https:\/\/www.celttv.com.ar\/wp-content\/uploads\/2021\/06\/4-2-274x300.jpg 274w\" sizes=\"auto, (max-width: 424px) 100vw, 424px\" \/><\/figure>\n\n\n\n<figure class=\"wp-block-image size-large\"><img loading=\"lazy\" decoding=\"async\" width=\"456\" height=\"308\" src=\"http:\/\/www.celttv.com.ar\/wp-content\/uploads\/2021\/06\/2-2.jpg\" alt=\"\" class=\"wp-image-58479\" srcset=\"https:\/\/www.celttv.com.ar\/wp-content\/uploads\/2021\/06\/2-2.jpg 456w, https:\/\/www.celttv.com.ar\/wp-content\/uploads\/2021\/06\/2-2-300x203.jpg 300w\" sizes=\"auto, (max-width: 456px) 100vw, 456px\" \/><\/figure>\n\n\n\n<figure class=\"wp-block-image size-large\"><img loading=\"lazy\" decoding=\"async\" width=\"548\" height=\"544\" src=\"http:\/\/www.celttv.com.ar\/wp-content\/uploads\/2021\/06\/1-2.jpg\" alt=\"\" class=\"wp-image-58478\" srcset=\"https:\/\/www.celttv.com.ar\/wp-content\/uploads\/2021\/06\/1-2.jpg 548w, https:\/\/www.celttv.com.ar\/wp-content\/uploads\/2021\/06\/1-2-300x298.jpg 300w, https:\/\/www.celttv.com.ar\/wp-content\/uploads\/2021\/06\/1-2-150x150.jpg 150w, https:\/\/www.celttv.com.ar\/wp-content\/uploads\/2021\/06\/1-2-75x75.jpg 75w\" sizes=\"auto, (max-width: 548px) 100vw, 548px\" \/><\/figure>\n\n\n\n<figure class=\"wp-block-image size-large\"><img loading=\"lazy\" decoding=\"async\" width=\"736\" height=\"640\" src=\"http:\/\/www.celttv.com.ar\/wp-content\/uploads\/2021\/06\/3-3.jpg\" alt=\"\" class=\"wp-image-58482\" srcset=\"https:\/\/www.celttv.com.ar\/wp-content\/uploads\/2021\/06\/3-3.jpg 736w, https:\/\/www.celttv.com.ar\/wp-content\/uploads\/2021\/06\/3-3-300x261.jpg 300w\" sizes=\"auto, (max-width: 736px) 100vw, 736px\" \/><\/figure>\n","protected":false},"excerpt":{"rendered":"<p>El accidente se produjo a las 08:52 HORAS de este domingo 27 de junio, se produjo un vuelco en la ruta 72 a la altura del km 28 a unos 7 kms de la localidad de Saldungaray y unos 500 mts antes del Puente sobre el Arroyo del Toro. Se trata de un autom\u00f3vil Chevrolet [&hellip;]<\/p>\n","protected":false},"author":1,"featured_media":58483,"comment_status":"closed","ping_status":"open","sticky":false,"template":"","format":"standard","meta":{"footnotes":""},"categories":[51,52,61],"tags":[],"class_list":["post-58477","post","type-post","status-publish","format-standard","has-post-thumbnail","hentry","category-comunidad","category-destacadas","category-policiales"],"yoast_head":"<!-- This site is optimized with the Yoast SEO plugin v19.7.1 - https:\/\/yoast.com\/wordpress\/plugins\/seo\/ -->\n<title>Dos personas fueron trasladadas a la Unidad Sanitaria de Saldungaray por un vuelco en la Ruta 72 - CELTTV<\/title>\n<meta name=\"description\" content=\"Sitio web de noticias de la localidad de Tornquist, provincia de Buenos Aires, Rep\u00fablica Argentina. Contenido propio originado por periodistas de CELTTV, el canal de TV local de la Cooperativa El\u00e9ctrica de Tornquist. Turismo, Pol\u00edtica, Sociedad, Deporte, Cultura y todo el contenido de inter\u00e9s general que la gente del pueblo y la regi\u00f3n debe conocer.\" \/>\n<meta name=\"robots\" content=\"index, follow, max-snippet:-1, max-image-preview:large, max-video-preview:-1\" \/>\n<link rel=\"canonical\" href=\"https:\/\/www.celttv.com.ar\/index.php\/2021\/06\/27\/dos-personas-fueron-trasladadas-a-la-unidad-sanitaria-de-saldungaray-por-un-vuelco-en-la-ruta-72\/\" \/>\n<meta property=\"og:locale\" content=\"es_ES\" \/>\n<meta property=\"og:type\" content=\"article\" \/>\n<meta property=\"og:title\" content=\"Dos personas fueron trasladadas a la Unidad Sanitaria de Saldungaray por un vuelco en la Ruta 72 - CELTTV\" \/>\n<meta property=\"og:description\" content=\"Sitio web de noticias de la localidad de Tornquist, provincia de Buenos Aires, Rep\u00fablica Argentina. Contenido propio originado por periodistas de CELTTV, el canal de TV local de la Cooperativa El\u00e9ctrica de Tornquist. Turismo, Pol\u00edtica, Sociedad, Deporte, Cultura y todo el contenido de inter\u00e9s general que la gente del pueblo y la regi\u00f3n debe conocer.\" \/>\n<meta property=\"og:url\" content=\"https:\/\/www.celttv.com.ar\/index.php\/2021\/06\/27\/dos-personas-fueron-trasladadas-a-la-unidad-sanitaria-de-saldungaray-por-un-vuelco-en-la-ruta-72\/\" \/>\n<meta property=\"og:site_name\" content=\"CELTTV\" \/>\n<meta property=\"article:publisher\" content=\"https:\/\/www.facebook.com\/celtTV\/\" \/>\n<meta property=\"article:published_time\" content=\"2021-06-27T17:04:43+00:00\" \/>\n<meta property=\"og:image\" content=\"https:\/\/www.celttv.com.ar\/wp-content\/uploads\/2021\/06\/SOLA.jpg\" \/>\n\t<meta property=\"og:image:width\" content=\"540\" \/>\n\t<meta property=\"og:image:height\" content=\"375\" \/>\n\t<meta property=\"og:image:type\" content=\"image\/jpeg\" \/>\n<meta name=\"author\" content=\"ulises\" \/>\n<meta name=\"twitter:card\" content=\"summary_large_image\" \/>\n<meta name=\"twitter:label1\" content=\"Escrito por\" \/>\n\t<meta name=\"twitter:data1\" content=\"ulises\" \/>\n\t<meta name=\"twitter:label2\" content=\"Tiempo de lectura\" \/>\n\t<meta name=\"twitter:data2\" content=\"2 minutos\" \/>\n<script type=\"application\/ld+json\" class=\"yoast-schema-graph\">{\"@context\":\"https:\/\/schema.org\",\"@graph\":[{\"@type\":\"NewsArticle\",\"@id\":\"https:\/\/www.celttv.com.ar\/index.php\/2021\/06\/27\/dos-personas-fueron-trasladadas-a-la-unidad-sanitaria-de-saldungaray-por-un-vuelco-en-la-ruta-72\/#article\",\"isPartOf\":{\"@id\":\"https:\/\/www.celttv.com.ar\/index.php\/2021\/06\/27\/dos-personas-fueron-trasladadas-a-la-unidad-sanitaria-de-saldungaray-por-un-vuelco-en-la-ruta-72\/\"},\"author\":{\"name\":\"ulises\",\"@id\":\"https:\/\/www.celttv.com.ar\/#\/schema\/person\/6d99c072dba59953809c81446e9d0ace\"},\"headline\":\"Dos personas fueron trasladadas a la Unidad Sanitaria de Saldungaray por un vuelco en la Ruta 72\",\"datePublished\":\"2021-06-27T17:04:43+00:00\",\"dateModified\":\"2021-06-27T17:04:43+00:00\",\"mainEntityOfPage\":{\"@id\":\"https:\/\/www.celttv.com.ar\/index.php\/2021\/06\/27\/dos-personas-fueron-trasladadas-a-la-unidad-sanitaria-de-saldungaray-por-un-vuelco-en-la-ruta-72\/\"},\"wordCount\":371,\"publisher\":{\"@id\":\"https:\/\/www.celttv.com.ar\/#organization\"},\"articleSection\":[\"Comunidad\",\"Destacadas\",\"Policiales\"],\"inLanguage\":\"es\"},{\"@type\":\"WebPage\",\"@id\":\"https:\/\/www.celttv.com.ar\/index.php\/2021\/06\/27\/dos-personas-fueron-trasladadas-a-la-unidad-sanitaria-de-saldungaray-por-un-vuelco-en-la-ruta-72\/\",\"url\":\"https:\/\/www.celttv.com.ar\/index.php\/2021\/06\/27\/dos-personas-fueron-trasladadas-a-la-unidad-sanitaria-de-saldungaray-por-un-vuelco-en-la-ruta-72\/\",\"name\":\"Dos personas fueron trasladadas a la Unidad Sanitaria de Saldungaray por un vuelco en la Ruta 72 - CELTTV\",\"isPartOf\":{\"@id\":\"https:\/\/www.celttv.com.ar\/#website\"},\"datePublished\":\"2021-06-27T17:04:43+00:00\",\"dateModified\":\"2021-06-27T17:04:43+00:00\",\"description\":\"Sitio web de noticias de la localidad de Tornquist, provincia de Buenos Aires, Rep\u00fablica Argentina. Contenido propio originado por periodistas de CELTTV, el canal de TV local de la Cooperativa El\u00e9ctrica de Tornquist. Turismo, Pol\u00edtica, Sociedad, Deporte, Cultura y todo el contenido de inter\u00e9s general que la gente del pueblo y la regi\u00f3n debe conocer.\",\"breadcrumb\":{\"@id\":\"https:\/\/www.celttv.com.ar\/index.php\/2021\/06\/27\/dos-personas-fueron-trasladadas-a-la-unidad-sanitaria-de-saldungaray-por-un-vuelco-en-la-ruta-72\/#breadcrumb\"},\"inLanguage\":\"es\",\"potentialAction\":[{\"@type\":\"ReadAction\",\"target\":[\"https:\/\/www.celttv.com.ar\/index.php\/2021\/06\/27\/dos-personas-fueron-trasladadas-a-la-unidad-sanitaria-de-saldungaray-por-un-vuelco-en-la-ruta-72\/\"]}]},{\"@type\":\"BreadcrumbList\",\"@id\":\"https:\/\/www.celttv.com.ar\/index.php\/2021\/06\/27\/dos-personas-fueron-trasladadas-a-la-unidad-sanitaria-de-saldungaray-por-un-vuelco-en-la-ruta-72\/#breadcrumb\",\"itemListElement\":[{\"@type\":\"ListItem\",\"position\":1,\"name\":\"Inicio\",\"item\":\"https:\/\/www.celttv.com.ar\/\"},{\"@type\":\"ListItem\",\"position\":2,\"name\":\"Dos personas fueron trasladadas a la Unidad Sanitaria de Saldungaray por un vuelco en la Ruta 72\"}]},{\"@type\":\"WebSite\",\"@id\":\"https:\/\/www.celttv.com.ar\/#website\",\"url\":\"https:\/\/www.celttv.com.ar\/\",\"name\":\"CELTTV\",\"description\":\"Cooperativa El\u00e9ctrica de Tornquist\",\"publisher\":{\"@id\":\"https:\/\/www.celttv.com.ar\/#organization\"},\"potentialAction\":[{\"@type\":\"SearchAction\",\"target\":{\"@type\":\"EntryPoint\",\"urlTemplate\":\"https:\/\/www.celttv.com.ar\/?s={search_term_string}\"},\"query-input\":\"required name=search_term_string\"}],\"inLanguage\":\"es\"},{\"@type\":\"Organization\",\"@id\":\"https:\/\/www.celttv.com.ar\/#organization\",\"name\":\"CELTTV\",\"url\":\"https:\/\/www.celttv.com.ar\/\",\"sameAs\":[\"https:\/\/www.youtube.com\/channel\/UCz_oIt8Hig64Ub-EmcNPIhg\",\"https:\/\/www.facebook.com\/celtTV\/\"],\"logo\":{\"@type\":\"ImageObject\",\"inLanguage\":\"es\",\"@id\":\"https:\/\/www.celttv.com.ar\/#\/schema\/logo\/image\/\",\"url\":\"http:\/\/www.celttv.com.ar\/wp-content\/uploads\/2022\/08\/logo-1.png\",\"contentUrl\":\"http:\/\/www.celttv.com.ar\/wp-content\/uploads\/2022\/08\/logo-1.png\",\"width\":461,\"height\":159,\"caption\":\"CELTTV\"},\"image\":{\"@id\":\"https:\/\/www.celttv.com.ar\/#\/schema\/logo\/image\/\"}},{\"@type\":\"Person\",\"@id\":\"https:\/\/www.celttv.com.ar\/#\/schema\/person\/6d99c072dba59953809c81446e9d0ace\",\"name\":\"ulises\",\"image\":{\"@type\":\"ImageObject\",\"inLanguage\":\"es\",\"@id\":\"https:\/\/www.celttv.com.ar\/#\/schema\/person\/image\/\",\"url\":\"https:\/\/secure.gravatar.com\/avatar\/7f2c48bdc33b30088f941fb6082e555f2874c98e20cb159d7b92b50eadfce793?s=96&d=mm&r=g\",\"contentUrl\":\"https:\/\/secure.gravatar.com\/avatar\/7f2c48bdc33b30088f941fb6082e555f2874c98e20cb159d7b92b50eadfce793?s=96&d=mm&r=g\",\"caption\":\"ulises\"},\"sameAs\":[\"http:\/\/www.celttv.com.ar\"]}]}<\/script>\n<!-- \/ Yoast SEO plugin. -->","yoast_head_json":{"title":"Dos personas fueron trasladadas a la Unidad Sanitaria de Saldungaray por un vuelco en la Ruta 72 - CELTTV","description":"Sitio web de noticias de la localidad de Tornquist, provincia de Buenos Aires, Rep\u00fablica Argentina. Contenido propio originado por periodistas de CELTTV, el canal de TV local de la Cooperativa El\u00e9ctrica de Tornquist. Turismo, Pol\u00edtica, Sociedad, Deporte, Cultura y todo el contenido de inter\u00e9s general que la gente del pueblo y la regi\u00f3n debe conocer.","robots":{"index":"index","follow":"follow","max-snippet":"max-snippet:-1","max-image-preview":"max-image-preview:large","max-video-preview":"max-video-preview:-1"},"canonical":"https:\/\/www.celttv.com.ar\/index.php\/2021\/06\/27\/dos-personas-fueron-trasladadas-a-la-unidad-sanitaria-de-saldungaray-por-un-vuelco-en-la-ruta-72\/","og_locale":"es_ES","og_type":"article","og_title":"Dos personas fueron trasladadas a la Unidad Sanitaria de Saldungaray por un vuelco en la Ruta 72 - CELTTV","og_description":"Sitio web de noticias de la localidad de Tornquist, provincia de Buenos Aires, Rep\u00fablica Argentina. Contenido propio originado por periodistas de CELTTV, el canal de TV local de la Cooperativa El\u00e9ctrica de Tornquist. Turismo, Pol\u00edtica, Sociedad, Deporte, Cultura y todo el contenido de inter\u00e9s general que la gente del pueblo y la regi\u00f3n debe conocer.","og_url":"https:\/\/www.celttv.com.ar\/index.php\/2021\/06\/27\/dos-personas-fueron-trasladadas-a-la-unidad-sanitaria-de-saldungaray-por-un-vuelco-en-la-ruta-72\/","og_site_name":"CELTTV","article_publisher":"https:\/\/www.facebook.com\/celtTV\/","article_published_time":"2021-06-27T17:04:43+00:00","og_image":[{"width":540,"height":375,"url":"https:\/\/www.celttv.com.ar\/wp-content\/uploads\/2021\/06\/SOLA.jpg","type":"image\/jpeg"}],"author":"ulises","twitter_card":"summary_large_image","twitter_misc":{"Escrito por":"ulises","Tiempo de lectura":"2 minutos"},"schema":{"@context":"https:\/\/schema.org","@graph":[{"@type":"NewsArticle","@id":"https:\/\/www.celttv.com.ar\/index.php\/2021\/06\/27\/dos-personas-fueron-trasladadas-a-la-unidad-sanitaria-de-saldungaray-por-un-vuelco-en-la-ruta-72\/#article","isPartOf":{"@id":"https:\/\/www.celttv.com.ar\/index.php\/2021\/06\/27\/dos-personas-fueron-trasladadas-a-la-unidad-sanitaria-de-saldungaray-por-un-vuelco-en-la-ruta-72\/"},"author":{"name":"ulises","@id":"https:\/\/www.celttv.com.ar\/#\/schema\/person\/6d99c072dba59953809c81446e9d0ace"},"headline":"Dos personas fueron trasladadas a la Unidad Sanitaria de Saldungaray por un vuelco en la Ruta 72","datePublished":"2021-06-27T17:04:43+00:00","dateModified":"2021-06-27T17:04:43+00:00","mainEntityOfPage":{"@id":"https:\/\/www.celttv.com.ar\/index.php\/2021\/06\/27\/dos-personas-fueron-trasladadas-a-la-unidad-sanitaria-de-saldungaray-por-un-vuelco-en-la-ruta-72\/"},"wordCount":371,"publisher":{"@id":"https:\/\/www.celttv.com.ar\/#organization"},"articleSection":["Comunidad","Destacadas","Policiales"],"inLanguage":"es"},{"@type":"WebPage","@id":"https:\/\/www.celttv.com.ar\/index.php\/2021\/06\/27\/dos-personas-fueron-trasladadas-a-la-unidad-sanitaria-de-saldungaray-por-un-vuelco-en-la-ruta-72\/","url":"https:\/\/www.celttv.com.ar\/index.php\/2021\/06\/27\/dos-personas-fueron-trasladadas-a-la-unidad-sanitaria-de-saldungaray-por-un-vuelco-en-la-ruta-72\/","name":"Dos personas fueron trasladadas a la Unidad Sanitaria de Saldungaray por un vuelco en la Ruta 72 - CELTTV","isPartOf":{"@id":"https:\/\/www.celttv.com.ar\/#website"},"datePublished":"2021-06-27T17:04:43+00:00","dateModified":"2021-06-27T17:04:43+00:00","description":"Sitio web de noticias de la localidad de Tornquist, provincia de Buenos Aires, Rep\u00fablica Argentina. Contenido propio originado por periodistas de CELTTV, el canal de TV local de la Cooperativa El\u00e9ctrica de Tornquist. Turismo, Pol\u00edtica, Sociedad, Deporte, Cultura y todo el contenido de inter\u00e9s general que la gente del pueblo y la regi\u00f3n debe conocer.","breadcrumb":{"@id":"https:\/\/www.celttv.com.ar\/index.php\/2021\/06\/27\/dos-personas-fueron-trasladadas-a-la-unidad-sanitaria-de-saldungaray-por-un-vuelco-en-la-ruta-72\/#breadcrumb"},"inLanguage":"es","potentialAction":[{"@type":"ReadAction","target":["https:\/\/www.celttv.com.ar\/index.php\/2021\/06\/27\/dos-personas-fueron-trasladadas-a-la-unidad-sanitaria-de-saldungaray-por-un-vuelco-en-la-ruta-72\/"]}]},{"@type":"BreadcrumbList","@id":"https:\/\/www.celttv.com.ar\/index.php\/2021\/06\/27\/dos-personas-fueron-trasladadas-a-la-unidad-sanitaria-de-saldungaray-por-un-vuelco-en-la-ruta-72\/#breadcrumb","itemListElement":[{"@type":"ListItem","position":1,"name":"Inicio","item":"https:\/\/www.celttv.com.ar\/"},{"@type":"ListItem","position":2,"name":"Dos personas fueron trasladadas a la Unidad Sanitaria de Saldungaray por un vuelco en la Ruta 72"}]},{"@type":"WebSite","@id":"https:\/\/www.celttv.com.ar\/#website","url":"https:\/\/www.celttv.com.ar\/","name":"CELTTV","description":"Cooperativa El\u00e9ctrica de Tornquist","publisher":{"@id":"https:\/\/www.celttv.com.ar\/#organization"},"potentialAction":[{"@type":"SearchAction","target":{"@type":"EntryPoint","urlTemplate":"https:\/\/www.celttv.com.ar\/?s={search_term_string}"},"query-input":"required name=search_term_string"}],"inLanguage":"es"},{"@type":"Organization","@id":"https:\/\/www.celttv.com.ar\/#organization","name":"CELTTV","url":"https:\/\/www.celttv.com.ar\/","sameAs":["https:\/\/www.youtube.com\/channel\/UCz_oIt8Hig64Ub-EmcNPIhg","https:\/\/www.facebook.com\/celtTV\/"],"logo":{"@type":"ImageObject","inLanguage":"es","@id":"https:\/\/www.celttv.com.ar\/#\/schema\/logo\/image\/","url":"http:\/\/www.celttv.com.ar\/wp-content\/uploads\/2022\/08\/logo-1.png","contentUrl":"http:\/\/www.celttv.com.ar\/wp-content\/uploads\/2022\/08\/logo-1.png","width":461,"height":159,"caption":"CELTTV"},"image":{"@id":"https:\/\/www.celttv.com.ar\/#\/schema\/logo\/image\/"}},{"@type":"Person","@id":"https:\/\/www.celttv.com.ar\/#\/schema\/person\/6d99c072dba59953809c81446e9d0ace","name":"ulises","image":{"@type":"ImageObject","inLanguage":"es","@id":"https:\/\/www.celttv.com.ar\/#\/schema\/person\/image\/","url":"https:\/\/secure.gravatar.com\/avatar\/7f2c48bdc33b30088f941fb6082e555f2874c98e20cb159d7b92b50eadfce793?s=96&d=mm&r=g","contentUrl":"https:\/\/secure.gravatar.com\/avatar\/7f2c48bdc33b30088f941fb6082e555f2874c98e20cb159d7b92b50eadfce793?s=96&d=mm&r=g","caption":"ulises"},"sameAs":["http:\/\/www.celttv.com.ar"]}]}},"_links":{"self":[{"href":"https:\/\/www.celttv.com.ar\/index.php\/wp-json\/wp\/v2\/posts\/58477","targetHints":{"allow":["GET"]}}],"collection":[{"href":"https:\/\/www.celttv.com.ar\/index.php\/wp-json\/wp\/v2\/posts"}],"about":[{"href":"https:\/\/www.celttv.com.ar\/index.php\/wp-json\/wp\/v2\/types\/post"}],"author":[{"embeddable":true,"href":"https:\/\/www.celttv.com.ar\/index.php\/wp-json\/wp\/v2\/users\/1"}],"replies":[{"embeddable":true,"href":"https:\/\/www.celttv.com.ar\/index.php\/wp-json\/wp\/v2\/comments?post=58477"}],"version-history":[{"count":0,"href":"https:\/\/www.celttv.com.ar\/index.php\/wp-json\/wp\/v2\/posts\/58477\/revisions"}],"wp:featuredmedia":[{"embeddable":true,"href":"https:\/\/www.celttv.com.ar\/index.php\/wp-json\/wp\/v2\/media\/58483"}],"wp:attachment":[{"href":"https:\/\/www.celttv.com.ar\/index.php\/wp-json\/wp\/v2\/media?parent=58477"}],"wp:term":[{"taxonomy":"category","embeddable":true,"href":"https:\/\/www.celttv.com.ar\/index.php\/wp-json\/wp\/v2\/categories?post=58477"},{"taxonomy":"post_tag","embeddable":true,"href":"https:\/\/www.celttv.com.ar\/index.php\/wp-json\/wp\/v2\/tags?post=58477"}],"curies":[{"name":"wp","href":"https:\/\/api.w.org\/{rel}","templated":true}]}}