{"id":58485,"date":"2021-06-27T17:28:33","date_gmt":"2021-06-27T17:28:33","guid":{"rendered":"http:\/\/www.celttv.com.ar\/?p=58485"},"modified":"2021-06-27T17:28:33","modified_gmt":"2021-06-27T17:28:33","slug":"intenso-frio-en-toda-la-comarca-se-producen-nevadas-en-el-abra-de-la-ventana-y-las-cumbres-serranas","status":"publish","type":"post","link":"https:\/\/www.celttv.com.ar\/index.php\/2021\/06\/27\/intenso-frio-en-toda-la-comarca-se-producen-nevadas-en-el-abra-de-la-ventana-y-las-cumbres-serranas\/","title":{"rendered":"Intenso fr\u00edo en toda la comarca. Se producen nevadas en el abra de la Ventana y las cumbres serranas."},"content":{"rendered":"\n<p>Al mediod\u00eda de este domingo se producen las primeras nevadas en el abra de la Ventana y con seguridad, nev\u00f3 toda la noche y parte de la madrugada en las cumbres.<\/p>\n\n\n\n<p>Tal como anticipamos en nuestro informe de ayer, la nieve volvi\u00f3 a hacerse presente en la comarca de Sierra de la Ventana. Al mediod\u00eda de este domingo 27 de junio&nbsp; la temperatura en la localidad de Sierra de la Ventana es de 3,5\u00b0 con una t\u00e9rmica de -1.7\u00b0.<\/p>\n\n\n\n<p>En la cumbre del Cerro Ventana y del Napost\u00e1, las estaciones meteorol\u00f3gicas de la Bolsa de cereales de Bah\u00eda Blanca muestran una temperatura de 1\u00b0 y una T\u00e9rmica de 4,7\u00b0 Bajo Cero. Las precipitaciones llegan hasta los 5 mm en los cerros. En tanto,&nbsp; en Sierra de la Ventana llovi\u00f3 5.5 mm hasta las 12 hs y Villa Ventana registra 7,8 mm.<\/p>\n\n\n\n<p>En tanto que la cota de nieve se mueve entre los 740 y 900 Mts y as\u00ed permanecer\u00e1 hasta la noche del lunes 28.<\/p>\n\n\n\n<p>En el Abra de la Ventana la gran cantidad de nubes bajas no permiten apreciar los cerros, pero habitantes del sector nos informan que espor\u00e1dicamente se produce la ca\u00edda de copos d nieve y aguanieve que se derrite al entran en contacto con el suelo.<\/p>\n\n\n\n<p>Las precipitaciones tendr\u00e1n continuidad durante toda la jornada de hoy y parte de la madrugada del lunes 28 de junio, con el cielo que se mantendr\u00e1 nublado hasta la tarde. Se espera una m\u00ednima de 0\u00b0 y una m\u00e1xima de 4\u00b0,\u00a0 vientos fuertes del sudoeste con r\u00e1fagas de hasta 45 Kms\/h.\u00a0 Martes Cielos totalmente despejados, vientos en calma, m\u00ednima de -1\u00b0 y m\u00e1xima de 8\u00b0<\/p>\n\n\n\n<p>Fuente: Radio Reflejos Sierra de la Ventana<\/p>\n\n\n\n<p>Fotos gentileza: Ra\u00fal Escobar<\/p>\n\n\n\n<p><\/p>\n\n\n\n<figure class=\"wp-block-gallery columns-3 is-cropped wp-block-gallery-1 is-layout-flex wp-block-gallery-is-layout-flex\"><ul class=\"blocks-gallery-grid\"><li class=\"blocks-gallery-item\"><figure><img loading=\"lazy\" decoding=\"async\" width=\"1024\" height=\"682\" src=\"http:\/\/www.celttv.com.ar\/wp-content\/uploads\/2021\/06\/4df04713-fe94-43f6-811d-f56ac456ff78-2-1024x682.jpg\" alt=\"\" data-id=\"58494\" data-full-url=\"http:\/\/www.celttv.com.ar\/wp-content\/uploads\/2021\/06\/4df04713-fe94-43f6-811d-f56ac456ff78-2.jpg\" data-link=\"http:\/\/www.celttv.com.ar\/?attachment_id=58494\" class=\"wp-image-58494\" srcset=\"https:\/\/www.celttv.com.ar\/wp-content\/uploads\/2021\/06\/4df04713-fe94-43f6-811d-f56ac456ff78-2-1024x682.jpg 1024w, https:\/\/www.celttv.com.ar\/wp-content\/uploads\/2021\/06\/4df04713-fe94-43f6-811d-f56ac456ff78-2-300x200.jpg 300w, https:\/\/www.celttv.com.ar\/wp-content\/uploads\/2021\/06\/4df04713-fe94-43f6-811d-f56ac456ff78-2-768x512.jpg 768w, https:\/\/www.celttv.com.ar\/wp-content\/uploads\/2021\/06\/4df04713-fe94-43f6-811d-f56ac456ff78-2-750x500.jpg 750w, https:\/\/www.celttv.com.ar\/wp-content\/uploads\/2021\/06\/4df04713-fe94-43f6-811d-f56ac456ff78-2-1140x760.jpg 1140w, https:\/\/www.celttv.com.ar\/wp-content\/uploads\/2021\/06\/4df04713-fe94-43f6-811d-f56ac456ff78-2.jpg 1280w\" sizes=\"auto, (max-width: 1024px) 100vw, 1024px\" \/><\/figure><\/li><li class=\"blocks-gallery-item\"><figure><img loading=\"lazy\" decoding=\"async\" width=\"1024\" height=\"682\" src=\"http:\/\/www.celttv.com.ar\/wp-content\/uploads\/2021\/06\/07ba3395-f0f0-4e17-95ae-a2f4d8de8adb-2-1024x682.jpg\" alt=\"\" data-id=\"58495\" data-full-url=\"http:\/\/www.celttv.com.ar\/wp-content\/uploads\/2021\/06\/07ba3395-f0f0-4e17-95ae-a2f4d8de8adb-2.jpg\" data-link=\"http:\/\/www.celttv.com.ar\/?attachment_id=58495\" class=\"wp-image-58495\" srcset=\"https:\/\/www.celttv.com.ar\/wp-content\/uploads\/2021\/06\/07ba3395-f0f0-4e17-95ae-a2f4d8de8adb-2-1024x682.jpg 1024w, https:\/\/www.celttv.com.ar\/wp-content\/uploads\/2021\/06\/07ba3395-f0f0-4e17-95ae-a2f4d8de8adb-2-300x200.jpg 300w, https:\/\/www.celttv.com.ar\/wp-content\/uploads\/2021\/06\/07ba3395-f0f0-4e17-95ae-a2f4d8de8adb-2-768x512.jpg 768w, https:\/\/www.celttv.com.ar\/wp-content\/uploads\/2021\/06\/07ba3395-f0f0-4e17-95ae-a2f4d8de8adb-2-750x500.jpg 750w, https:\/\/www.celttv.com.ar\/wp-content\/uploads\/2021\/06\/07ba3395-f0f0-4e17-95ae-a2f4d8de8adb-2-1140x760.jpg 1140w, https:\/\/www.celttv.com.ar\/wp-content\/uploads\/2021\/06\/07ba3395-f0f0-4e17-95ae-a2f4d8de8adb-2.jpg 1280w\" sizes=\"auto, (max-width: 1024px) 100vw, 1024px\" \/><\/figure><\/li><li class=\"blocks-gallery-item\"><figure><img loading=\"lazy\" decoding=\"async\" width=\"1024\" height=\"682\" src=\"http:\/\/www.celttv.com.ar\/wp-content\/uploads\/2021\/06\/ac15c7a3-a86b-45c6-bd09-f79e12d1d74c-2-1024x682.jpg\" alt=\"\" data-id=\"58496\" data-full-url=\"http:\/\/www.celttv.com.ar\/wp-content\/uploads\/2021\/06\/ac15c7a3-a86b-45c6-bd09-f79e12d1d74c-2.jpg\" data-link=\"http:\/\/www.celttv.com.ar\/?attachment_id=58496\" class=\"wp-image-58496\" srcset=\"https:\/\/www.celttv.com.ar\/wp-content\/uploads\/2021\/06\/ac15c7a3-a86b-45c6-bd09-f79e12d1d74c-2-1024x682.jpg 1024w, https:\/\/www.celttv.com.ar\/wp-content\/uploads\/2021\/06\/ac15c7a3-a86b-45c6-bd09-f79e12d1d74c-2-300x200.jpg 300w, https:\/\/www.celttv.com.ar\/wp-content\/uploads\/2021\/06\/ac15c7a3-a86b-45c6-bd09-f79e12d1d74c-2-768x512.jpg 768w, https:\/\/www.celttv.com.ar\/wp-content\/uploads\/2021\/06\/ac15c7a3-a86b-45c6-bd09-f79e12d1d74c-2-750x500.jpg 750w, https:\/\/www.celttv.com.ar\/wp-content\/uploads\/2021\/06\/ac15c7a3-a86b-45c6-bd09-f79e12d1d74c-2-1140x760.jpg 1140w, https:\/\/www.celttv.com.ar\/wp-content\/uploads\/2021\/06\/ac15c7a3-a86b-45c6-bd09-f79e12d1d74c-2.jpg 1280w\" sizes=\"auto, (max-width: 1024px) 100vw, 1024px\" \/><\/figure><\/li><li class=\"blocks-gallery-item\"><figure><img loading=\"lazy\" decoding=\"async\" width=\"1024\" height=\"682\" src=\"http:\/\/www.celttv.com.ar\/wp-content\/uploads\/2021\/06\/f25dcdb5-8349-49b7-8343-2ad203acfb5a-2-1024x682.jpg\" alt=\"\" data-id=\"58497\" data-full-url=\"http:\/\/www.celttv.com.ar\/wp-content\/uploads\/2021\/06\/f25dcdb5-8349-49b7-8343-2ad203acfb5a-2.jpg\" data-link=\"http:\/\/www.celttv.com.ar\/?attachment_id=58497\" class=\"wp-image-58497\" srcset=\"https:\/\/www.celttv.com.ar\/wp-content\/uploads\/2021\/06\/f25dcdb5-8349-49b7-8343-2ad203acfb5a-2-1024x682.jpg 1024w, https:\/\/www.celttv.com.ar\/wp-content\/uploads\/2021\/06\/f25dcdb5-8349-49b7-8343-2ad203acfb5a-2-300x200.jpg 300w, https:\/\/www.celttv.com.ar\/wp-content\/uploads\/2021\/06\/f25dcdb5-8349-49b7-8343-2ad203acfb5a-2-768x512.jpg 768w, https:\/\/www.celttv.com.ar\/wp-content\/uploads\/2021\/06\/f25dcdb5-8349-49b7-8343-2ad203acfb5a-2-750x500.jpg 750w, https:\/\/www.celttv.com.ar\/wp-content\/uploads\/2021\/06\/f25dcdb5-8349-49b7-8343-2ad203acfb5a-2-1140x760.jpg 1140w, https:\/\/www.celttv.com.ar\/wp-content\/uploads\/2021\/06\/f25dcdb5-8349-49b7-8343-2ad203acfb5a-2.jpg 1280w\" sizes=\"auto, (max-width: 1024px) 100vw, 1024px\" \/><\/figure><\/li><\/ul><\/figure>\n","protected":false},"excerpt":{"rendered":"<p>Al mediod\u00eda de este domingo se producen las primeras nevadas en el abra de la Ventana y con seguridad, nev\u00f3 toda la noche y parte de la madrugada en las cumbres. Tal como anticipamos en nuestro informe de ayer, la nieve volvi\u00f3 a hacerse presente en la comarca de Sierra de la Ventana. Al mediod\u00eda [&hellip;]<\/p>\n","protected":false},"author":1,"featured_media":58487,"comment_status":"closed","ping_status":"open","sticky":false,"template":"","format":"standard","meta":{"footnotes":""},"categories":[51,52,58],"tags":[],"class_list":["post-58485","post","type-post","status-publish","format-standard","has-post-thumbnail","hentry","category-comunidad","category-destacadas","category-turismo"],"yoast_head":"<!-- This site is optimized with the Yoast SEO plugin v19.7.1 - https:\/\/yoast.com\/wordpress\/plugins\/seo\/ -->\n<title>Intenso fr\u00edo en toda la comarca. Se producen nevadas en el abra de la Ventana y las cumbres serranas. - CELTTV<\/title>\n<meta name=\"description\" content=\"Sitio web de noticias de la localidad de Tornquist, provincia de Buenos Aires, Rep\u00fablica Argentina. Contenido propio originado por periodistas de CELTTV, el canal de TV local de la Cooperativa El\u00e9ctrica de Tornquist. Turismo, Pol\u00edtica, Sociedad, Deporte, Cultura y todo el contenido de inter\u00e9s general que la gente del pueblo y la regi\u00f3n debe conocer.\" \/>\n<meta name=\"robots\" content=\"index, follow, max-snippet:-1, max-image-preview:large, max-video-preview:-1\" \/>\n<link rel=\"canonical\" href=\"https:\/\/www.celttv.com.ar\/index.php\/2021\/06\/27\/intenso-frio-en-toda-la-comarca-se-producen-nevadas-en-el-abra-de-la-ventana-y-las-cumbres-serranas\/\" \/>\n<meta property=\"og:locale\" content=\"es_ES\" \/>\n<meta property=\"og:type\" content=\"article\" \/>\n<meta property=\"og:title\" content=\"Intenso fr\u00edo en toda la comarca. Se producen nevadas en el abra de la Ventana y las cumbres serranas. - CELTTV\" \/>\n<meta property=\"og:description\" content=\"Sitio web de noticias de la localidad de Tornquist, provincia de Buenos Aires, Rep\u00fablica Argentina. Contenido propio originado por periodistas de CELTTV, el canal de TV local de la Cooperativa El\u00e9ctrica de Tornquist. Turismo, Pol\u00edtica, Sociedad, Deporte, Cultura y todo el contenido de inter\u00e9s general que la gente del pueblo y la regi\u00f3n debe conocer.\" \/>\n<meta property=\"og:url\" content=\"https:\/\/www.celttv.com.ar\/index.php\/2021\/06\/27\/intenso-frio-en-toda-la-comarca-se-producen-nevadas-en-el-abra-de-la-ventana-y-las-cumbres-serranas\/\" \/>\n<meta property=\"og:site_name\" content=\"CELTTV\" \/>\n<meta property=\"article:publisher\" content=\"https:\/\/www.facebook.com\/celtTV\/\" \/>\n<meta property=\"article:published_time\" content=\"2021-06-27T17:28:33+00:00\" \/>\n<meta property=\"og:image\" content=\"https:\/\/www.celttv.com.ar\/wp-content\/uploads\/2021\/06\/07ba3395-f0f0-4e17-95ae-a2f4d8de8adb.jpg\" \/>\n\t<meta property=\"og:image:width\" content=\"1280\" \/>\n\t<meta property=\"og:image:height\" content=\"853\" \/>\n\t<meta property=\"og:image:type\" content=\"image\/jpeg\" \/>\n<meta name=\"author\" content=\"ulises\" \/>\n<meta name=\"twitter:card\" content=\"summary_large_image\" \/>\n<meta name=\"twitter:label1\" content=\"Escrito por\" \/>\n\t<meta name=\"twitter:data1\" content=\"ulises\" \/>\n\t<meta name=\"twitter:label2\" content=\"Tiempo de lectura\" \/>\n\t<meta name=\"twitter:data2\" content=\"1 minuto\" \/>\n<script type=\"application\/ld+json\" class=\"yoast-schema-graph\">{\"@context\":\"https:\/\/schema.org\",\"@graph\":[{\"@type\":\"NewsArticle\",\"@id\":\"https:\/\/www.celttv.com.ar\/index.php\/2021\/06\/27\/intenso-frio-en-toda-la-comarca-se-producen-nevadas-en-el-abra-de-la-ventana-y-las-cumbres-serranas\/#article\",\"isPartOf\":{\"@id\":\"https:\/\/www.celttv.com.ar\/index.php\/2021\/06\/27\/intenso-frio-en-toda-la-comarca-se-producen-nevadas-en-el-abra-de-la-ventana-y-las-cumbres-serranas\/\"},\"author\":{\"name\":\"ulises\",\"@id\":\"https:\/\/www.celttv.com.ar\/#\/schema\/person\/6d99c072dba59953809c81446e9d0ace\"},\"headline\":\"Intenso fr\u00edo en toda la comarca. Se producen nevadas en el abra de la Ventana y las cumbres serranas.\",\"datePublished\":\"2021-06-27T17:28:33+00:00\",\"dateModified\":\"2021-06-27T17:28:33+00:00\",\"mainEntityOfPage\":{\"@id\":\"https:\/\/www.celttv.com.ar\/index.php\/2021\/06\/27\/intenso-frio-en-toda-la-comarca-se-producen-nevadas-en-el-abra-de-la-ventana-y-las-cumbres-serranas\/\"},\"wordCount\":308,\"publisher\":{\"@id\":\"https:\/\/www.celttv.com.ar\/#organization\"},\"articleSection\":[\"Comunidad\",\"Destacadas\",\"Turismo\"],\"inLanguage\":\"es\"},{\"@type\":\"WebPage\",\"@id\":\"https:\/\/www.celttv.com.ar\/index.php\/2021\/06\/27\/intenso-frio-en-toda-la-comarca-se-producen-nevadas-en-el-abra-de-la-ventana-y-las-cumbres-serranas\/\",\"url\":\"https:\/\/www.celttv.com.ar\/index.php\/2021\/06\/27\/intenso-frio-en-toda-la-comarca-se-producen-nevadas-en-el-abra-de-la-ventana-y-las-cumbres-serranas\/\",\"name\":\"Intenso fr\u00edo en toda la comarca. Se producen nevadas en el abra de la Ventana y las cumbres serranas. - CELTTV\",\"isPartOf\":{\"@id\":\"https:\/\/www.celttv.com.ar\/#website\"},\"datePublished\":\"2021-06-27T17:28:33+00:00\",\"dateModified\":\"2021-06-27T17:28:33+00:00\",\"description\":\"Sitio web de noticias de la localidad de Tornquist, provincia de Buenos Aires, Rep\u00fablica Argentina. Contenido propio originado por periodistas de CELTTV, el canal de TV local de la Cooperativa El\u00e9ctrica de Tornquist. Turismo, Pol\u00edtica, Sociedad, Deporte, Cultura y todo el contenido de inter\u00e9s general que la gente del pueblo y la regi\u00f3n debe conocer.\",\"breadcrumb\":{\"@id\":\"https:\/\/www.celttv.com.ar\/index.php\/2021\/06\/27\/intenso-frio-en-toda-la-comarca-se-producen-nevadas-en-el-abra-de-la-ventana-y-las-cumbres-serranas\/#breadcrumb\"},\"inLanguage\":\"es\",\"potentialAction\":[{\"@type\":\"ReadAction\",\"target\":[\"https:\/\/www.celttv.com.ar\/index.php\/2021\/06\/27\/intenso-frio-en-toda-la-comarca-se-producen-nevadas-en-el-abra-de-la-ventana-y-las-cumbres-serranas\/\"]}]},{\"@type\":\"BreadcrumbList\",\"@id\":\"https:\/\/www.celttv.com.ar\/index.php\/2021\/06\/27\/intenso-frio-en-toda-la-comarca-se-producen-nevadas-en-el-abra-de-la-ventana-y-las-cumbres-serranas\/#breadcrumb\",\"itemListElement\":[{\"@type\":\"ListItem\",\"position\":1,\"name\":\"Inicio\",\"item\":\"https:\/\/www.celttv.com.ar\/\"},{\"@type\":\"ListItem\",\"position\":2,\"name\":\"Intenso fr\u00edo en toda la comarca. Se producen nevadas en el abra de la Ventana y las cumbres serranas.\"}]},{\"@type\":\"WebSite\",\"@id\":\"https:\/\/www.celttv.com.ar\/#website\",\"url\":\"https:\/\/www.celttv.com.ar\/\",\"name\":\"CELTTV\",\"description\":\"Cooperativa El\u00e9ctrica de Tornquist\",\"publisher\":{\"@id\":\"https:\/\/www.celttv.com.ar\/#organization\"},\"potentialAction\":[{\"@type\":\"SearchAction\",\"target\":{\"@type\":\"EntryPoint\",\"urlTemplate\":\"https:\/\/www.celttv.com.ar\/?s={search_term_string}\"},\"query-input\":\"required name=search_term_string\"}],\"inLanguage\":\"es\"},{\"@type\":\"Organization\",\"@id\":\"https:\/\/www.celttv.com.ar\/#organization\",\"name\":\"CELTTV\",\"url\":\"https:\/\/www.celttv.com.ar\/\",\"sameAs\":[\"https:\/\/www.youtube.com\/channel\/UCz_oIt8Hig64Ub-EmcNPIhg\",\"https:\/\/www.facebook.com\/celtTV\/\"],\"logo\":{\"@type\":\"ImageObject\",\"inLanguage\":\"es\",\"@id\":\"https:\/\/www.celttv.com.ar\/#\/schema\/logo\/image\/\",\"url\":\"http:\/\/www.celttv.com.ar\/wp-content\/uploads\/2022\/08\/logo-1.png\",\"contentUrl\":\"http:\/\/www.celttv.com.ar\/wp-content\/uploads\/2022\/08\/logo-1.png\",\"width\":461,\"height\":159,\"caption\":\"CELTTV\"},\"image\":{\"@id\":\"https:\/\/www.celttv.com.ar\/#\/schema\/logo\/image\/\"}},{\"@type\":\"Person\",\"@id\":\"https:\/\/www.celttv.com.ar\/#\/schema\/person\/6d99c072dba59953809c81446e9d0ace\",\"name\":\"ulises\",\"image\":{\"@type\":\"ImageObject\",\"inLanguage\":\"es\",\"@id\":\"https:\/\/www.celttv.com.ar\/#\/schema\/person\/image\/\",\"url\":\"https:\/\/secure.gravatar.com\/avatar\/7f2c48bdc33b30088f941fb6082e555f2874c98e20cb159d7b92b50eadfce793?s=96&d=mm&r=g\",\"contentUrl\":\"https:\/\/secure.gravatar.com\/avatar\/7f2c48bdc33b30088f941fb6082e555f2874c98e20cb159d7b92b50eadfce793?s=96&d=mm&r=g\",\"caption\":\"ulises\"},\"sameAs\":[\"http:\/\/www.celttv.com.ar\"]}]}<\/script>\n<!-- \/ Yoast SEO plugin. -->","yoast_head_json":{"title":"Intenso fr\u00edo en toda la comarca. Se producen nevadas en el abra de la Ventana y las cumbres serranas. - CELTTV","description":"Sitio web de noticias de la localidad de Tornquist, provincia de Buenos Aires, Rep\u00fablica Argentina. Contenido propio originado por periodistas de CELTTV, el canal de TV local de la Cooperativa El\u00e9ctrica de Tornquist. Turismo, Pol\u00edtica, Sociedad, Deporte, Cultura y todo el contenido de inter\u00e9s general que la gente del pueblo y la regi\u00f3n debe conocer.","robots":{"index":"index","follow":"follow","max-snippet":"max-snippet:-1","max-image-preview":"max-image-preview:large","max-video-preview":"max-video-preview:-1"},"canonical":"https:\/\/www.celttv.com.ar\/index.php\/2021\/06\/27\/intenso-frio-en-toda-la-comarca-se-producen-nevadas-en-el-abra-de-la-ventana-y-las-cumbres-serranas\/","og_locale":"es_ES","og_type":"article","og_title":"Intenso fr\u00edo en toda la comarca. Se producen nevadas en el abra de la Ventana y las cumbres serranas. - CELTTV","og_description":"Sitio web de noticias de la localidad de Tornquist, provincia de Buenos Aires, Rep\u00fablica Argentina. Contenido propio originado por periodistas de CELTTV, el canal de TV local de la Cooperativa El\u00e9ctrica de Tornquist. Turismo, Pol\u00edtica, Sociedad, Deporte, Cultura y todo el contenido de inter\u00e9s general que la gente del pueblo y la regi\u00f3n debe conocer.","og_url":"https:\/\/www.celttv.com.ar\/index.php\/2021\/06\/27\/intenso-frio-en-toda-la-comarca-se-producen-nevadas-en-el-abra-de-la-ventana-y-las-cumbres-serranas\/","og_site_name":"CELTTV","article_publisher":"https:\/\/www.facebook.com\/celtTV\/","article_published_time":"2021-06-27T17:28:33+00:00","og_image":[{"width":1280,"height":853,"url":"https:\/\/www.celttv.com.ar\/wp-content\/uploads\/2021\/06\/07ba3395-f0f0-4e17-95ae-a2f4d8de8adb.jpg","type":"image\/jpeg"}],"author":"ulises","twitter_card":"summary_large_image","twitter_misc":{"Escrito por":"ulises","Tiempo de lectura":"1 minuto"},"schema":{"@context":"https:\/\/schema.org","@graph":[{"@type":"NewsArticle","@id":"https:\/\/www.celttv.com.ar\/index.php\/2021\/06\/27\/intenso-frio-en-toda-la-comarca-se-producen-nevadas-en-el-abra-de-la-ventana-y-las-cumbres-serranas\/#article","isPartOf":{"@id":"https:\/\/www.celttv.com.ar\/index.php\/2021\/06\/27\/intenso-frio-en-toda-la-comarca-se-producen-nevadas-en-el-abra-de-la-ventana-y-las-cumbres-serranas\/"},"author":{"name":"ulises","@id":"https:\/\/www.celttv.com.ar\/#\/schema\/person\/6d99c072dba59953809c81446e9d0ace"},"headline":"Intenso fr\u00edo en toda la comarca. Se producen nevadas en el abra de la Ventana y las cumbres serranas.","datePublished":"2021-06-27T17:28:33+00:00","dateModified":"2021-06-27T17:28:33+00:00","mainEntityOfPage":{"@id":"https:\/\/www.celttv.com.ar\/index.php\/2021\/06\/27\/intenso-frio-en-toda-la-comarca-se-producen-nevadas-en-el-abra-de-la-ventana-y-las-cumbres-serranas\/"},"wordCount":308,"publisher":{"@id":"https:\/\/www.celttv.com.ar\/#organization"},"articleSection":["Comunidad","Destacadas","Turismo"],"inLanguage":"es"},{"@type":"WebPage","@id":"https:\/\/www.celttv.com.ar\/index.php\/2021\/06\/27\/intenso-frio-en-toda-la-comarca-se-producen-nevadas-en-el-abra-de-la-ventana-y-las-cumbres-serranas\/","url":"https:\/\/www.celttv.com.ar\/index.php\/2021\/06\/27\/intenso-frio-en-toda-la-comarca-se-producen-nevadas-en-el-abra-de-la-ventana-y-las-cumbres-serranas\/","name":"Intenso fr\u00edo en toda la comarca. Se producen nevadas en el abra de la Ventana y las cumbres serranas. - CELTTV","isPartOf":{"@id":"https:\/\/www.celttv.com.ar\/#website"},"datePublished":"2021-06-27T17:28:33+00:00","dateModified":"2021-06-27T17:28:33+00:00","description":"Sitio web de noticias de la localidad de Tornquist, provincia de Buenos Aires, Rep\u00fablica Argentina. Contenido propio originado por periodistas de CELTTV, el canal de TV local de la Cooperativa El\u00e9ctrica de Tornquist. Turismo, Pol\u00edtica, Sociedad, Deporte, Cultura y todo el contenido de inter\u00e9s general que la gente del pueblo y la regi\u00f3n debe conocer.","breadcrumb":{"@id":"https:\/\/www.celttv.com.ar\/index.php\/2021\/06\/27\/intenso-frio-en-toda-la-comarca-se-producen-nevadas-en-el-abra-de-la-ventana-y-las-cumbres-serranas\/#breadcrumb"},"inLanguage":"es","potentialAction":[{"@type":"ReadAction","target":["https:\/\/www.celttv.com.ar\/index.php\/2021\/06\/27\/intenso-frio-en-toda-la-comarca-se-producen-nevadas-en-el-abra-de-la-ventana-y-las-cumbres-serranas\/"]}]},{"@type":"BreadcrumbList","@id":"https:\/\/www.celttv.com.ar\/index.php\/2021\/06\/27\/intenso-frio-en-toda-la-comarca-se-producen-nevadas-en-el-abra-de-la-ventana-y-las-cumbres-serranas\/#breadcrumb","itemListElement":[{"@type":"ListItem","position":1,"name":"Inicio","item":"https:\/\/www.celttv.com.ar\/"},{"@type":"ListItem","position":2,"name":"Intenso fr\u00edo en toda la comarca. Se producen nevadas en el abra de la Ventana y las cumbres serranas."}]},{"@type":"WebSite","@id":"https:\/\/www.celttv.com.ar\/#website","url":"https:\/\/www.celttv.com.ar\/","name":"CELTTV","description":"Cooperativa El\u00e9ctrica de Tornquist","publisher":{"@id":"https:\/\/www.celttv.com.ar\/#organization"},"potentialAction":[{"@type":"SearchAction","target":{"@type":"EntryPoint","urlTemplate":"https:\/\/www.celttv.com.ar\/?s={search_term_string}"},"query-input":"required name=search_term_string"}],"inLanguage":"es"},{"@type":"Organization","@id":"https:\/\/www.celttv.com.ar\/#organization","name":"CELTTV","url":"https:\/\/www.celttv.com.ar\/","sameAs":["https:\/\/www.youtube.com\/channel\/UCz_oIt8Hig64Ub-EmcNPIhg","https:\/\/www.facebook.com\/celtTV\/"],"logo":{"@type":"ImageObject","inLanguage":"es","@id":"https:\/\/www.celttv.com.ar\/#\/schema\/logo\/image\/","url":"http:\/\/www.celttv.com.ar\/wp-content\/uploads\/2022\/08\/logo-1.png","contentUrl":"http:\/\/www.celttv.com.ar\/wp-content\/uploads\/2022\/08\/logo-1.png","width":461,"height":159,"caption":"CELTTV"},"image":{"@id":"https:\/\/www.celttv.com.ar\/#\/schema\/logo\/image\/"}},{"@type":"Person","@id":"https:\/\/www.celttv.com.ar\/#\/schema\/person\/6d99c072dba59953809c81446e9d0ace","name":"ulises","image":{"@type":"ImageObject","inLanguage":"es","@id":"https:\/\/www.celttv.com.ar\/#\/schema\/person\/image\/","url":"https:\/\/secure.gravatar.com\/avatar\/7f2c48bdc33b30088f941fb6082e555f2874c98e20cb159d7b92b50eadfce793?s=96&d=mm&r=g","contentUrl":"https:\/\/secure.gravatar.com\/avatar\/7f2c48bdc33b30088f941fb6082e555f2874c98e20cb159d7b92b50eadfce793?s=96&d=mm&r=g","caption":"ulises"},"sameAs":["http:\/\/www.celttv.com.ar"]}]}},"_links":{"self":[{"href":"https:\/\/www.celttv.com.ar\/index.php\/wp-json\/wp\/v2\/posts\/58485","targetHints":{"allow":["GET"]}}],"collection":[{"href":"https:\/\/www.celttv.com.ar\/index.php\/wp-json\/wp\/v2\/posts"}],"about":[{"href":"https:\/\/www.celttv.com.ar\/index.php\/wp-json\/wp\/v2\/types\/post"}],"author":[{"embeddable":true,"href":"https:\/\/www.celttv.com.ar\/index.php\/wp-json\/wp\/v2\/users\/1"}],"replies":[{"embeddable":true,"href":"https:\/\/www.celttv.com.ar\/index.php\/wp-json\/wp\/v2\/comments?post=58485"}],"version-history":[{"count":0,"href":"https:\/\/www.celttv.com.ar\/index.php\/wp-json\/wp\/v2\/posts\/58485\/revisions"}],"wp:featuredmedia":[{"embeddable":true,"href":"https:\/\/www.celttv.com.ar\/index.php\/wp-json\/wp\/v2\/media\/58487"}],"wp:attachment":[{"href":"https:\/\/www.celttv.com.ar\/index.php\/wp-json\/wp\/v2\/media?parent=58485"}],"wp:term":[{"taxonomy":"category","embeddable":true,"href":"https:\/\/www.celttv.com.ar\/index.php\/wp-json\/wp\/v2\/categories?post=58485"},{"taxonomy":"post_tag","embeddable":true,"href":"https:\/\/www.celttv.com.ar\/index.php\/wp-json\/wp\/v2\/tags?post=58485"}],"curies":[{"name":"wp","href":"https:\/\/api.w.org\/{rel}","templated":true}]}}