{"id":58499,"date":"2021-06-27T20:12:51","date_gmt":"2021-06-27T20:12:51","guid":{"rendered":"http:\/\/www.celttv.com.ar\/?p=58499"},"modified":"2021-06-27T20:12:51","modified_gmt":"2021-06-27T20:12:51","slug":"la-gente-disfruta-de-la-nieve-en-las-sierras","status":"publish","type":"post","link":"https:\/\/www.celttv.com.ar\/index.php\/2021\/06\/27\/la-gente-disfruta-de-la-nieve-en-las-sierras\/","title":{"rendered":"La gente disfruta de la nieve en las sierras"},"content":{"rendered":"\n<p>La nieve contin\u00faa dando su gran espect\u00e1culo en todo el cord\u00f3n serrano, invitando a muchos habitantes del distrito y turistas que provienen de diferentes ciudades de la regi\u00f3n, a disfrutar de una postal \u00fanica y muy esperada por todos.<\/p>\n\n\n\n<p>Grandes y chicos, se sumaron a la vera de la ruta sobre el sector del Mirador del Cerro Ventana, Parque Provincial Ernesto Tornquist, el Abra de la Ventana y la Base del Cerro Ventana, para jugar con nieve y armar una innumerable cantidad de mu\u00f1ecos de nieve.<\/p>\n\n\n\n<p>Fotos entre amigos, familiares y miles de selfies, dejaron inmortalizados distintos momentos vividos mientras la nieve continuaba cayendo y cubriendo con un espeso manto blanco todo el paisaje serrano.<\/p>\n\n\n\n<p>La acumulaci\u00f3n de nieve sobre la cinta asf\u00e1ltica hizo que los veh\u00edculos empezaran a transitar con mucha precauci\u00f3n y demand\u00f3 de la presencia de varios patrulleros de la polic\u00eda que se apostaron sobre los sectores m\u00e1s complejos para controlar la circulaci\u00f3n.<\/p>\n\n\n\n<p> <\/p>\n\n\n\n<figure class=\"wp-block-embed is-type-video is-provider-youtube wp-block-embed-youtube wp-embed-aspect-16-9 wp-has-aspect-ratio\"><div class=\"wp-block-embed__wrapper\">\n<iframe loading=\"lazy\" title=\"2021 06 27 NEVADA EN EL SECTOR SERRANO\" width=\"500\" height=\"281\" src=\"https:\/\/www.youtube.com\/embed\/VZNDMZAHxnU?feature=oembed\" frameborder=\"0\" allow=\"accelerometer; autoplay; clipboard-write; encrypted-media; gyroscope; picture-in-picture; web-share\" referrerpolicy=\"strict-origin-when-cross-origin\" allowfullscreen><\/iframe>\n<\/div><\/figure>\n\n\n\n<figure class=\"wp-block-image size-large\"><img loading=\"lazy\" decoding=\"async\" width=\"1024\" height=\"768\" src=\"http:\/\/www.celttv.com.ar\/wp-content\/uploads\/2021\/06\/5ab0ec97-d596-497b-bb48-dbdf199ecf9e-1024x768.jpg\" alt=\"\" class=\"wp-image-58500\" srcset=\"https:\/\/www.celttv.com.ar\/wp-content\/uploads\/2021\/06\/5ab0ec97-d596-497b-bb48-dbdf199ecf9e-1024x768.jpg 1024w, https:\/\/www.celttv.com.ar\/wp-content\/uploads\/2021\/06\/5ab0ec97-d596-497b-bb48-dbdf199ecf9e-300x225.jpg 300w, https:\/\/www.celttv.com.ar\/wp-content\/uploads\/2021\/06\/5ab0ec97-d596-497b-bb48-dbdf199ecf9e-768x576.jpg 768w, https:\/\/www.celttv.com.ar\/wp-content\/uploads\/2021\/06\/5ab0ec97-d596-497b-bb48-dbdf199ecf9e-750x563.jpg 750w, https:\/\/www.celttv.com.ar\/wp-content\/uploads\/2021\/06\/5ab0ec97-d596-497b-bb48-dbdf199ecf9e-1140x855.jpg 1140w, https:\/\/www.celttv.com.ar\/wp-content\/uploads\/2021\/06\/5ab0ec97-d596-497b-bb48-dbdf199ecf9e.jpg 1280w\" sizes=\"auto, (max-width: 1024px) 100vw, 1024px\" \/><\/figure>\n\n\n\n<figure class=\"wp-block-image size-large\"><img loading=\"lazy\" decoding=\"async\" width=\"1024\" height=\"768\" src=\"http:\/\/www.celttv.com.ar\/wp-content\/uploads\/2021\/06\/684723dc-810f-43be-a639-d018830de9cf-1024x768.jpg\" alt=\"\" class=\"wp-image-58501\" srcset=\"https:\/\/www.celttv.com.ar\/wp-content\/uploads\/2021\/06\/684723dc-810f-43be-a639-d018830de9cf-1024x768.jpg 1024w, https:\/\/www.celttv.com.ar\/wp-content\/uploads\/2021\/06\/684723dc-810f-43be-a639-d018830de9cf-300x225.jpg 300w, https:\/\/www.celttv.com.ar\/wp-content\/uploads\/2021\/06\/684723dc-810f-43be-a639-d018830de9cf-768x576.jpg 768w, https:\/\/www.celttv.com.ar\/wp-content\/uploads\/2021\/06\/684723dc-810f-43be-a639-d018830de9cf-750x563.jpg 750w, https:\/\/www.celttv.com.ar\/wp-content\/uploads\/2021\/06\/684723dc-810f-43be-a639-d018830de9cf-1140x855.jpg 1140w, https:\/\/www.celttv.com.ar\/wp-content\/uploads\/2021\/06\/684723dc-810f-43be-a639-d018830de9cf.jpg 1280w\" sizes=\"auto, (max-width: 1024px) 100vw, 1024px\" \/><\/figure>\n\n\n\n<figure class=\"wp-block-image size-large\"><img loading=\"lazy\" decoding=\"async\" width=\"1024\" height=\"768\" src=\"http:\/\/www.celttv.com.ar\/wp-content\/uploads\/2021\/06\/f59b7b64-cf47-499d-8c13-88072636a771-1024x768.jpg\" alt=\"\" class=\"wp-image-58502\" srcset=\"https:\/\/www.celttv.com.ar\/wp-content\/uploads\/2021\/06\/f59b7b64-cf47-499d-8c13-88072636a771-1024x768.jpg 1024w, https:\/\/www.celttv.com.ar\/wp-content\/uploads\/2021\/06\/f59b7b64-cf47-499d-8c13-88072636a771-300x225.jpg 300w, https:\/\/www.celttv.com.ar\/wp-content\/uploads\/2021\/06\/f59b7b64-cf47-499d-8c13-88072636a771-768x576.jpg 768w, https:\/\/www.celttv.com.ar\/wp-content\/uploads\/2021\/06\/f59b7b64-cf47-499d-8c13-88072636a771-750x563.jpg 750w, https:\/\/www.celttv.com.ar\/wp-content\/uploads\/2021\/06\/f59b7b64-cf47-499d-8c13-88072636a771-1140x855.jpg 1140w, https:\/\/www.celttv.com.ar\/wp-content\/uploads\/2021\/06\/f59b7b64-cf47-499d-8c13-88072636a771.jpg 1280w\" sizes=\"auto, (max-width: 1024px) 100vw, 1024px\" \/><\/figure>\n\n\n\n<figure class=\"wp-block-image size-large\"><img loading=\"lazy\" decoding=\"async\" width=\"1024\" height=\"768\" src=\"http:\/\/www.celttv.com.ar\/wp-content\/uploads\/2021\/06\/76205805-47f8-48fe-9abd-30bfb565fda2-1024x768.jpg\" alt=\"\" class=\"wp-image-58503\" srcset=\"https:\/\/www.celttv.com.ar\/wp-content\/uploads\/2021\/06\/76205805-47f8-48fe-9abd-30bfb565fda2-1024x768.jpg 1024w, https:\/\/www.celttv.com.ar\/wp-content\/uploads\/2021\/06\/76205805-47f8-48fe-9abd-30bfb565fda2-300x225.jpg 300w, https:\/\/www.celttv.com.ar\/wp-content\/uploads\/2021\/06\/76205805-47f8-48fe-9abd-30bfb565fda2-768x576.jpg 768w, https:\/\/www.celttv.com.ar\/wp-content\/uploads\/2021\/06\/76205805-47f8-48fe-9abd-30bfb565fda2-750x563.jpg 750w, https:\/\/www.celttv.com.ar\/wp-content\/uploads\/2021\/06\/76205805-47f8-48fe-9abd-30bfb565fda2-1140x855.jpg 1140w, https:\/\/www.celttv.com.ar\/wp-content\/uploads\/2021\/06\/76205805-47f8-48fe-9abd-30bfb565fda2.jpg 1280w\" sizes=\"auto, (max-width: 1024px) 100vw, 1024px\" \/><\/figure>\n\n\n\n<figure class=\"wp-block-image size-large\"><img loading=\"lazy\" decoding=\"async\" width=\"1024\" height=\"768\" src=\"http:\/\/www.celttv.com.ar\/wp-content\/uploads\/2021\/06\/64e3eaff-37f7-45e1-a3c3-6af2749a4d8a-1024x768.jpg\" alt=\"\" class=\"wp-image-58504\" srcset=\"https:\/\/www.celttv.com.ar\/wp-content\/uploads\/2021\/06\/64e3eaff-37f7-45e1-a3c3-6af2749a4d8a-1024x768.jpg 1024w, https:\/\/www.celttv.com.ar\/wp-content\/uploads\/2021\/06\/64e3eaff-37f7-45e1-a3c3-6af2749a4d8a-300x225.jpg 300w, https:\/\/www.celttv.com.ar\/wp-content\/uploads\/2021\/06\/64e3eaff-37f7-45e1-a3c3-6af2749a4d8a-768x576.jpg 768w, https:\/\/www.celttv.com.ar\/wp-content\/uploads\/2021\/06\/64e3eaff-37f7-45e1-a3c3-6af2749a4d8a-750x563.jpg 750w, https:\/\/www.celttv.com.ar\/wp-content\/uploads\/2021\/06\/64e3eaff-37f7-45e1-a3c3-6af2749a4d8a-1140x855.jpg 1140w, https:\/\/www.celttv.com.ar\/wp-content\/uploads\/2021\/06\/64e3eaff-37f7-45e1-a3c3-6af2749a4d8a.jpg 1280w\" sizes=\"auto, (max-width: 1024px) 100vw, 1024px\" \/><\/figure>\n\n\n\n<figure class=\"wp-block-image size-large\"><img loading=\"lazy\" decoding=\"async\" width=\"1024\" height=\"768\" src=\"http:\/\/www.celttv.com.ar\/wp-content\/uploads\/2021\/06\/1de39f51-5f8f-4f7b-9b02-2a818d825e40-1024x768.jpg\" alt=\"\" class=\"wp-image-58505\" srcset=\"https:\/\/www.celttv.com.ar\/wp-content\/uploads\/2021\/06\/1de39f51-5f8f-4f7b-9b02-2a818d825e40-1024x768.jpg 1024w, https:\/\/www.celttv.com.ar\/wp-content\/uploads\/2021\/06\/1de39f51-5f8f-4f7b-9b02-2a818d825e40-300x225.jpg 300w, https:\/\/www.celttv.com.ar\/wp-content\/uploads\/2021\/06\/1de39f51-5f8f-4f7b-9b02-2a818d825e40-768x576.jpg 768w, https:\/\/www.celttv.com.ar\/wp-content\/uploads\/2021\/06\/1de39f51-5f8f-4f7b-9b02-2a818d825e40-750x563.jpg 750w, https:\/\/www.celttv.com.ar\/wp-content\/uploads\/2021\/06\/1de39f51-5f8f-4f7b-9b02-2a818d825e40-1140x855.jpg 1140w, https:\/\/www.celttv.com.ar\/wp-content\/uploads\/2021\/06\/1de39f51-5f8f-4f7b-9b02-2a818d825e40.jpg 1280w\" sizes=\"auto, (max-width: 1024px) 100vw, 1024px\" \/><\/figure>\n","protected":false},"excerpt":{"rendered":"<p>La nieve contin\u00faa dando su gran espect\u00e1culo en todo el cord\u00f3n serrano, invitando a muchos habitantes del distrito y turistas que provienen de diferentes ciudades de la regi\u00f3n, a disfrutar de una postal \u00fanica y muy esperada por todos. Grandes y chicos, se sumaron a la vera de la ruta sobre el sector del Mirador [&hellip;]<\/p>\n","protected":false},"author":1,"featured_media":58502,"comment_status":"closed","ping_status":"open","sticky":false,"template":"","format":"standard","meta":{"footnotes":""},"categories":[55,51,52,58],"tags":[],"class_list":["post-58499","post","type-post","status-publish","format-standard","has-post-thumbnail","hentry","category-celt-tv-noticias","category-comunidad","category-destacadas","category-turismo"],"yoast_head":"<!-- This site is optimized with the Yoast SEO plugin v19.7.1 - https:\/\/yoast.com\/wordpress\/plugins\/seo\/ -->\n<title>La gente disfruta de la nieve en las sierras - CELTTV<\/title>\n<meta name=\"description\" content=\"Sitio web de noticias de la localidad de Tornquist, provincia de Buenos Aires, Rep\u00fablica Argentina. Contenido propio originado por periodistas de CELTTV, el canal de TV local de la Cooperativa El\u00e9ctrica de Tornquist. Turismo, Pol\u00edtica, Sociedad, Deporte, Cultura y todo el contenido de inter\u00e9s general que la gente del pueblo y la regi\u00f3n debe conocer.\" \/>\n<meta name=\"robots\" content=\"index, follow, max-snippet:-1, max-image-preview:large, max-video-preview:-1\" \/>\n<link rel=\"canonical\" href=\"https:\/\/www.celttv.com.ar\/index.php\/2021\/06\/27\/la-gente-disfruta-de-la-nieve-en-las-sierras\/\" \/>\n<meta property=\"og:locale\" content=\"es_ES\" \/>\n<meta property=\"og:type\" content=\"article\" \/>\n<meta property=\"og:title\" content=\"La gente disfruta de la nieve en las sierras - CELTTV\" \/>\n<meta property=\"og:description\" content=\"Sitio web de noticias de la localidad de Tornquist, provincia de Buenos Aires, Rep\u00fablica Argentina. Contenido propio originado por periodistas de CELTTV, el canal de TV local de la Cooperativa El\u00e9ctrica de Tornquist. Turismo, Pol\u00edtica, Sociedad, Deporte, Cultura y todo el contenido de inter\u00e9s general que la gente del pueblo y la regi\u00f3n debe conocer.\" \/>\n<meta property=\"og:url\" content=\"https:\/\/www.celttv.com.ar\/index.php\/2021\/06\/27\/la-gente-disfruta-de-la-nieve-en-las-sierras\/\" \/>\n<meta property=\"og:site_name\" content=\"CELTTV\" \/>\n<meta property=\"article:publisher\" content=\"https:\/\/www.facebook.com\/celtTV\/\" \/>\n<meta property=\"article:published_time\" content=\"2021-06-27T20:12:51+00:00\" \/>\n<meta property=\"og:image\" content=\"https:\/\/www.celttv.com.ar\/wp-content\/uploads\/2021\/06\/f59b7b64-cf47-499d-8c13-88072636a771.jpg\" \/>\n\t<meta property=\"og:image:width\" content=\"1280\" \/>\n\t<meta property=\"og:image:height\" content=\"960\" \/>\n\t<meta property=\"og:image:type\" content=\"image\/jpeg\" \/>\n<meta name=\"author\" content=\"ulises\" \/>\n<meta name=\"twitter:card\" content=\"summary_large_image\" \/>\n<meta name=\"twitter:label1\" content=\"Escrito por\" \/>\n\t<meta name=\"twitter:data1\" content=\"ulises\" \/>\n\t<meta name=\"twitter:label2\" content=\"Tiempo de lectura\" \/>\n\t<meta name=\"twitter:data2\" content=\"1 minuto\" \/>\n<script type=\"application\/ld+json\" class=\"yoast-schema-graph\">{\"@context\":\"https:\/\/schema.org\",\"@graph\":[{\"@type\":\"NewsArticle\",\"@id\":\"https:\/\/www.celttv.com.ar\/index.php\/2021\/06\/27\/la-gente-disfruta-de-la-nieve-en-las-sierras\/#article\",\"isPartOf\":{\"@id\":\"https:\/\/www.celttv.com.ar\/index.php\/2021\/06\/27\/la-gente-disfruta-de-la-nieve-en-las-sierras\/\"},\"author\":{\"name\":\"ulises\",\"@id\":\"https:\/\/www.celttv.com.ar\/#\/schema\/person\/6d99c072dba59953809c81446e9d0ace\"},\"headline\":\"La gente disfruta de la nieve en las sierras\",\"datePublished\":\"2021-06-27T20:12:51+00:00\",\"dateModified\":\"2021-06-27T20:12:51+00:00\",\"mainEntityOfPage\":{\"@id\":\"https:\/\/www.celttv.com.ar\/index.php\/2021\/06\/27\/la-gente-disfruta-de-la-nieve-en-las-sierras\/\"},\"wordCount\":181,\"publisher\":{\"@id\":\"https:\/\/www.celttv.com.ar\/#organization\"},\"articleSection\":[\"Celt TV Noticias\",\"Comunidad\",\"Destacadas\",\"Turismo\"],\"inLanguage\":\"es\"},{\"@type\":\"WebPage\",\"@id\":\"https:\/\/www.celttv.com.ar\/index.php\/2021\/06\/27\/la-gente-disfruta-de-la-nieve-en-las-sierras\/\",\"url\":\"https:\/\/www.celttv.com.ar\/index.php\/2021\/06\/27\/la-gente-disfruta-de-la-nieve-en-las-sierras\/\",\"name\":\"La gente disfruta de la nieve en las sierras - CELTTV\",\"isPartOf\":{\"@id\":\"https:\/\/www.celttv.com.ar\/#website\"},\"datePublished\":\"2021-06-27T20:12:51+00:00\",\"dateModified\":\"2021-06-27T20:12:51+00:00\",\"description\":\"Sitio web de noticias de la localidad de Tornquist, provincia de Buenos Aires, Rep\u00fablica Argentina. Contenido propio originado por periodistas de CELTTV, el canal de TV local de la Cooperativa El\u00e9ctrica de Tornquist. Turismo, Pol\u00edtica, Sociedad, Deporte, Cultura y todo el contenido de inter\u00e9s general que la gente del pueblo y la regi\u00f3n debe conocer.\",\"breadcrumb\":{\"@id\":\"https:\/\/www.celttv.com.ar\/index.php\/2021\/06\/27\/la-gente-disfruta-de-la-nieve-en-las-sierras\/#breadcrumb\"},\"inLanguage\":\"es\",\"potentialAction\":[{\"@type\":\"ReadAction\",\"target\":[\"https:\/\/www.celttv.com.ar\/index.php\/2021\/06\/27\/la-gente-disfruta-de-la-nieve-en-las-sierras\/\"]}]},{\"@type\":\"BreadcrumbList\",\"@id\":\"https:\/\/www.celttv.com.ar\/index.php\/2021\/06\/27\/la-gente-disfruta-de-la-nieve-en-las-sierras\/#breadcrumb\",\"itemListElement\":[{\"@type\":\"ListItem\",\"position\":1,\"name\":\"Inicio\",\"item\":\"https:\/\/www.celttv.com.ar\/\"},{\"@type\":\"ListItem\",\"position\":2,\"name\":\"La gente disfruta de la nieve en las sierras\"}]},{\"@type\":\"WebSite\",\"@id\":\"https:\/\/www.celttv.com.ar\/#website\",\"url\":\"https:\/\/www.celttv.com.ar\/\",\"name\":\"CELTTV\",\"description\":\"Cooperativa El\u00e9ctrica de Tornquist\",\"publisher\":{\"@id\":\"https:\/\/www.celttv.com.ar\/#organization\"},\"potentialAction\":[{\"@type\":\"SearchAction\",\"target\":{\"@type\":\"EntryPoint\",\"urlTemplate\":\"https:\/\/www.celttv.com.ar\/?s={search_term_string}\"},\"query-input\":\"required name=search_term_string\"}],\"inLanguage\":\"es\"},{\"@type\":\"Organization\",\"@id\":\"https:\/\/www.celttv.com.ar\/#organization\",\"name\":\"CELTTV\",\"url\":\"https:\/\/www.celttv.com.ar\/\",\"sameAs\":[\"https:\/\/www.youtube.com\/channel\/UCz_oIt8Hig64Ub-EmcNPIhg\",\"https:\/\/www.facebook.com\/celtTV\/\"],\"logo\":{\"@type\":\"ImageObject\",\"inLanguage\":\"es\",\"@id\":\"https:\/\/www.celttv.com.ar\/#\/schema\/logo\/image\/\",\"url\":\"http:\/\/www.celttv.com.ar\/wp-content\/uploads\/2022\/08\/logo-1.png\",\"contentUrl\":\"http:\/\/www.celttv.com.ar\/wp-content\/uploads\/2022\/08\/logo-1.png\",\"width\":461,\"height\":159,\"caption\":\"CELTTV\"},\"image\":{\"@id\":\"https:\/\/www.celttv.com.ar\/#\/schema\/logo\/image\/\"}},{\"@type\":\"Person\",\"@id\":\"https:\/\/www.celttv.com.ar\/#\/schema\/person\/6d99c072dba59953809c81446e9d0ace\",\"name\":\"ulises\",\"image\":{\"@type\":\"ImageObject\",\"inLanguage\":\"es\",\"@id\":\"https:\/\/www.celttv.com.ar\/#\/schema\/person\/image\/\",\"url\":\"https:\/\/secure.gravatar.com\/avatar\/7f2c48bdc33b30088f941fb6082e555f2874c98e20cb159d7b92b50eadfce793?s=96&d=mm&r=g\",\"contentUrl\":\"https:\/\/secure.gravatar.com\/avatar\/7f2c48bdc33b30088f941fb6082e555f2874c98e20cb159d7b92b50eadfce793?s=96&d=mm&r=g\",\"caption\":\"ulises\"},\"sameAs\":[\"http:\/\/www.celttv.com.ar\"]}]}<\/script>\n<!-- \/ Yoast SEO plugin. -->","yoast_head_json":{"title":"La gente disfruta de la nieve en las sierras - CELTTV","description":"Sitio web de noticias de la localidad de Tornquist, provincia de Buenos Aires, Rep\u00fablica Argentina. Contenido propio originado por periodistas de CELTTV, el canal de TV local de la Cooperativa El\u00e9ctrica de Tornquist. Turismo, Pol\u00edtica, Sociedad, Deporte, Cultura y todo el contenido de inter\u00e9s general que la gente del pueblo y la regi\u00f3n debe conocer.","robots":{"index":"index","follow":"follow","max-snippet":"max-snippet:-1","max-image-preview":"max-image-preview:large","max-video-preview":"max-video-preview:-1"},"canonical":"https:\/\/www.celttv.com.ar\/index.php\/2021\/06\/27\/la-gente-disfruta-de-la-nieve-en-las-sierras\/","og_locale":"es_ES","og_type":"article","og_title":"La gente disfruta de la nieve en las sierras - CELTTV","og_description":"Sitio web de noticias de la localidad de Tornquist, provincia de Buenos Aires, Rep\u00fablica Argentina. Contenido propio originado por periodistas de CELTTV, el canal de TV local de la Cooperativa El\u00e9ctrica de Tornquist. Turismo, Pol\u00edtica, Sociedad, Deporte, Cultura y todo el contenido de inter\u00e9s general que la gente del pueblo y la regi\u00f3n debe conocer.","og_url":"https:\/\/www.celttv.com.ar\/index.php\/2021\/06\/27\/la-gente-disfruta-de-la-nieve-en-las-sierras\/","og_site_name":"CELTTV","article_publisher":"https:\/\/www.facebook.com\/celtTV\/","article_published_time":"2021-06-27T20:12:51+00:00","og_image":[{"width":1280,"height":960,"url":"https:\/\/www.celttv.com.ar\/wp-content\/uploads\/2021\/06\/f59b7b64-cf47-499d-8c13-88072636a771.jpg","type":"image\/jpeg"}],"author":"ulises","twitter_card":"summary_large_image","twitter_misc":{"Escrito por":"ulises","Tiempo de lectura":"1 minuto"},"schema":{"@context":"https:\/\/schema.org","@graph":[{"@type":"NewsArticle","@id":"https:\/\/www.celttv.com.ar\/index.php\/2021\/06\/27\/la-gente-disfruta-de-la-nieve-en-las-sierras\/#article","isPartOf":{"@id":"https:\/\/www.celttv.com.ar\/index.php\/2021\/06\/27\/la-gente-disfruta-de-la-nieve-en-las-sierras\/"},"author":{"name":"ulises","@id":"https:\/\/www.celttv.com.ar\/#\/schema\/person\/6d99c072dba59953809c81446e9d0ace"},"headline":"La gente disfruta de la nieve en las sierras","datePublished":"2021-06-27T20:12:51+00:00","dateModified":"2021-06-27T20:12:51+00:00","mainEntityOfPage":{"@id":"https:\/\/www.celttv.com.ar\/index.php\/2021\/06\/27\/la-gente-disfruta-de-la-nieve-en-las-sierras\/"},"wordCount":181,"publisher":{"@id":"https:\/\/www.celttv.com.ar\/#organization"},"articleSection":["Celt TV Noticias","Comunidad","Destacadas","Turismo"],"inLanguage":"es"},{"@type":"WebPage","@id":"https:\/\/www.celttv.com.ar\/index.php\/2021\/06\/27\/la-gente-disfruta-de-la-nieve-en-las-sierras\/","url":"https:\/\/www.celttv.com.ar\/index.php\/2021\/06\/27\/la-gente-disfruta-de-la-nieve-en-las-sierras\/","name":"La gente disfruta de la nieve en las sierras - CELTTV","isPartOf":{"@id":"https:\/\/www.celttv.com.ar\/#website"},"datePublished":"2021-06-27T20:12:51+00:00","dateModified":"2021-06-27T20:12:51+00:00","description":"Sitio web de noticias de la localidad de Tornquist, provincia de Buenos Aires, Rep\u00fablica Argentina. Contenido propio originado por periodistas de CELTTV, el canal de TV local de la Cooperativa El\u00e9ctrica de Tornquist. Turismo, Pol\u00edtica, Sociedad, Deporte, Cultura y todo el contenido de inter\u00e9s general que la gente del pueblo y la regi\u00f3n debe conocer.","breadcrumb":{"@id":"https:\/\/www.celttv.com.ar\/index.php\/2021\/06\/27\/la-gente-disfruta-de-la-nieve-en-las-sierras\/#breadcrumb"},"inLanguage":"es","potentialAction":[{"@type":"ReadAction","target":["https:\/\/www.celttv.com.ar\/index.php\/2021\/06\/27\/la-gente-disfruta-de-la-nieve-en-las-sierras\/"]}]},{"@type":"BreadcrumbList","@id":"https:\/\/www.celttv.com.ar\/index.php\/2021\/06\/27\/la-gente-disfruta-de-la-nieve-en-las-sierras\/#breadcrumb","itemListElement":[{"@type":"ListItem","position":1,"name":"Inicio","item":"https:\/\/www.celttv.com.ar\/"},{"@type":"ListItem","position":2,"name":"La gente disfruta de la nieve en las sierras"}]},{"@type":"WebSite","@id":"https:\/\/www.celttv.com.ar\/#website","url":"https:\/\/www.celttv.com.ar\/","name":"CELTTV","description":"Cooperativa El\u00e9ctrica de Tornquist","publisher":{"@id":"https:\/\/www.celttv.com.ar\/#organization"},"potentialAction":[{"@type":"SearchAction","target":{"@type":"EntryPoint","urlTemplate":"https:\/\/www.celttv.com.ar\/?s={search_term_string}"},"query-input":"required name=search_term_string"}],"inLanguage":"es"},{"@type":"Organization","@id":"https:\/\/www.celttv.com.ar\/#organization","name":"CELTTV","url":"https:\/\/www.celttv.com.ar\/","sameAs":["https:\/\/www.youtube.com\/channel\/UCz_oIt8Hig64Ub-EmcNPIhg","https:\/\/www.facebook.com\/celtTV\/"],"logo":{"@type":"ImageObject","inLanguage":"es","@id":"https:\/\/www.celttv.com.ar\/#\/schema\/logo\/image\/","url":"http:\/\/www.celttv.com.ar\/wp-content\/uploads\/2022\/08\/logo-1.png","contentUrl":"http:\/\/www.celttv.com.ar\/wp-content\/uploads\/2022\/08\/logo-1.png","width":461,"height":159,"caption":"CELTTV"},"image":{"@id":"https:\/\/www.celttv.com.ar\/#\/schema\/logo\/image\/"}},{"@type":"Person","@id":"https:\/\/www.celttv.com.ar\/#\/schema\/person\/6d99c072dba59953809c81446e9d0ace","name":"ulises","image":{"@type":"ImageObject","inLanguage":"es","@id":"https:\/\/www.celttv.com.ar\/#\/schema\/person\/image\/","url":"https:\/\/secure.gravatar.com\/avatar\/7f2c48bdc33b30088f941fb6082e555f2874c98e20cb159d7b92b50eadfce793?s=96&d=mm&r=g","contentUrl":"https:\/\/secure.gravatar.com\/avatar\/7f2c48bdc33b30088f941fb6082e555f2874c98e20cb159d7b92b50eadfce793?s=96&d=mm&r=g","caption":"ulises"},"sameAs":["http:\/\/www.celttv.com.ar"]}]}},"_links":{"self":[{"href":"https:\/\/www.celttv.com.ar\/index.php\/wp-json\/wp\/v2\/posts\/58499","targetHints":{"allow":["GET"]}}],"collection":[{"href":"https:\/\/www.celttv.com.ar\/index.php\/wp-json\/wp\/v2\/posts"}],"about":[{"href":"https:\/\/www.celttv.com.ar\/index.php\/wp-json\/wp\/v2\/types\/post"}],"author":[{"embeddable":true,"href":"https:\/\/www.celttv.com.ar\/index.php\/wp-json\/wp\/v2\/users\/1"}],"replies":[{"embeddable":true,"href":"https:\/\/www.celttv.com.ar\/index.php\/wp-json\/wp\/v2\/comments?post=58499"}],"version-history":[{"count":0,"href":"https:\/\/www.celttv.com.ar\/index.php\/wp-json\/wp\/v2\/posts\/58499\/revisions"}],"wp:featuredmedia":[{"embeddable":true,"href":"https:\/\/www.celttv.com.ar\/index.php\/wp-json\/wp\/v2\/media\/58502"}],"wp:attachment":[{"href":"https:\/\/www.celttv.com.ar\/index.php\/wp-json\/wp\/v2\/media?parent=58499"}],"wp:term":[{"taxonomy":"category","embeddable":true,"href":"https:\/\/www.celttv.com.ar\/index.php\/wp-json\/wp\/v2\/categories?post=58499"},{"taxonomy":"post_tag","embeddable":true,"href":"https:\/\/www.celttv.com.ar\/index.php\/wp-json\/wp\/v2\/tags?post=58499"}],"curies":[{"name":"wp","href":"https:\/\/api.w.org\/{rel}","templated":true}]}}