{"id":58512,"date":"2021-06-27T22:58:34","date_gmt":"2021-06-27T22:58:34","guid":{"rendered":"http:\/\/www.celttv.com.ar\/?p=58512"},"modified":"2021-06-27T22:58:34","modified_gmt":"2021-06-27T22:58:34","slug":"fuerte-choque-en-ruta-33-seis-personas-trasladadas","status":"publish","type":"post","link":"https:\/\/www.celttv.com.ar\/index.php\/2021\/06\/27\/fuerte-choque-en-ruta-33-seis-personas-trasladadas\/","title":{"rendered":"Un muerto y varios heridos de gravedad en un choque en la ruta 33, cerca de Bah\u00eda Blanca"},"content":{"rendered":"\n<p>Chocaron un Honda CRV y un Nissan Sentra, que circulaban en sentido contrario. Sus ocupantes fueron trasladados a distintos centros de salud de la ciudad.\u00a0<\/p>\n\n\n\n<p>&nbsp;La muerte de una mujer&nbsp;y varios heridos es el saldo que dej\u00f3 un accidente de tr\u00e1nsito ocurrido entre dos autos hace algunas horas en el kil\u00f3metro 20 de la ruta nacional 33, cerca de Bah\u00eda Blanca.<\/p>\n\n\n\n<p>&nbsp; &nbsp;La fallecida fue identificada como Mar\u00eda Medina, de 66 a\u00f1os, quien dej\u00f3 de existir en el Hospital Penna. Adem\u00e1s, producto del hecho, otras seis personas fueron trasladadas a centros de salud bahienses, entre ellas dos peque\u00f1as de 6 a\u00f1os y de 8 meses de vida.&nbsp;La vida de varias de estas personas corre peligro, reconocieron representantes de las fuerzas de seguridad.<\/p>\n\n\n\n<p>\u00a0 \u00a0El choque lo protagonizaron un Nissan Sentra (JYY 452) y un Honda CRV (AD 494 TQ), que circulaban en sentido contrario, sobre las 17.40. Las circunstancias del incidente todav\u00eda no han podido determinarse.<\/p>\n\n\n\n<p>El primero de los veh\u00edculos era conducido por C\u00e9sar Puente (45), quien sufri\u00f3 traumatismo cerrado de t\u00f3rax, fractura expuesta de tibia y peron\u00e9, y m\u00faltiples traumatismos. Estaba acompa\u00f1ado por Silvia S\u00e1nchez (41), quien tuvo politraumatismos y una herida cortante en el miembro inferior.<\/p>\n\n\n\n<p>\u00a0 \u00a0Con ellos viajaba Ren\u00e9 S\u00e1nchez (25), que sufri\u00f3 politraumatismos y trauma de t\u00f3rax, y cuya vida corre peligro. Adem\u00e1s, en el auto estaban una ni\u00f1a de entre 4 y 6 a\u00f1os -que tuvo una fractura de f\u00e9mur- y una beba de 8 meses que result\u00f3 ilesa.<\/p>\n\n\n\n<p>El Honda estaba conducido por Daniel \u00c1lvarez, de 71 a\u00f1os, quien sufri\u00f3 una fractura de f\u00e9mur, tibia y peron\u00e9, adem\u00e1s de politraumatismos y heridas cortantes, e iba acompa\u00f1ado por la fallecida, quien hab\u00eda sufrido&nbsp;heridas cortantes en el abdomen y politraumatismos.<\/p>\n\n\n\n<p>&nbsp; &nbsp;El accidente requiri\u00f3 la presencia de personal policial, Defensa Civil, bomberos y de varias ambulancias. Todos los heridos fueron trasladados a distintos centros de salud de Bah\u00eda Blanca.<\/p>\n\n\n\n<figure class=\"wp-block-image size-large is-resized\"><img loading=\"lazy\" decoding=\"async\" src=\"http:\/\/www.celttv.com.ar\/wp-content\/uploads\/2021\/06\/accidente-6-1024x614.jpg\" alt=\"\" class=\"wp-image-58513\" width=\"580\" height=\"347\" srcset=\"https:\/\/www.celttv.com.ar\/wp-content\/uploads\/2021\/06\/accidente-6-1024x614.jpg 1024w, https:\/\/www.celttv.com.ar\/wp-content\/uploads\/2021\/06\/accidente-6-300x180.jpg 300w, https:\/\/www.celttv.com.ar\/wp-content\/uploads\/2021\/06\/accidente-6-768x461.jpg 768w, https:\/\/www.celttv.com.ar\/wp-content\/uploads\/2021\/06\/accidente-6-750x450.jpg 750w, https:\/\/www.celttv.com.ar\/wp-content\/uploads\/2021\/06\/accidente-6-1140x684.jpg 1140w, https:\/\/www.celttv.com.ar\/wp-content\/uploads\/2021\/06\/accidente-6.jpg 1200w\" sizes=\"auto, (max-width: 580px) 100vw, 580px\" \/><\/figure>\n\n\n\n<figure class=\"wp-block-image size-large\"><img loading=\"lazy\" decoding=\"async\" width=\"1024\" height=\"614\" src=\"http:\/\/www.celttv.com.ar\/wp-content\/uploads\/2021\/06\/accidente-2-1024x614.jpg\" alt=\"\" class=\"wp-image-58515\" srcset=\"https:\/\/www.celttv.com.ar\/wp-content\/uploads\/2021\/06\/accidente-2-1024x614.jpg 1024w, https:\/\/www.celttv.com.ar\/wp-content\/uploads\/2021\/06\/accidente-2-300x180.jpg 300w, https:\/\/www.celttv.com.ar\/wp-content\/uploads\/2021\/06\/accidente-2-768x461.jpg 768w, https:\/\/www.celttv.com.ar\/wp-content\/uploads\/2021\/06\/accidente-2-750x450.jpg 750w, https:\/\/www.celttv.com.ar\/wp-content\/uploads\/2021\/06\/accidente-2-1140x684.jpg 1140w, https:\/\/www.celttv.com.ar\/wp-content\/uploads\/2021\/06\/accidente-2.jpg 1200w\" sizes=\"auto, (max-width: 1024px) 100vw, 1024px\" \/><\/figure>\n","protected":false},"excerpt":{"rendered":"<p>Chocaron un Honda CRV y un Nissan Sentra, que circulaban en sentido contrario. Sus ocupantes fueron trasladados a distintos centros de salud de la ciudad.\u00a0 &nbsp;La muerte de una mujer&nbsp;y varios heridos es el saldo que dej\u00f3 un accidente de tr\u00e1nsito ocurrido entre dos autos hace algunas horas en el kil\u00f3metro 20 de la ruta [&hellip;]<\/p>\n","protected":false},"author":1,"featured_media":58513,"comment_status":"closed","ping_status":"open","sticky":false,"template":"","format":"standard","meta":{"footnotes":""},"categories":[51,52,61],"tags":[],"class_list":["post-58512","post","type-post","status-publish","format-standard","has-post-thumbnail","hentry","category-comunidad","category-destacadas","category-policiales"],"yoast_head":"<!-- This site is optimized with the Yoast SEO plugin v19.7.1 - https:\/\/yoast.com\/wordpress\/plugins\/seo\/ -->\n<title>Un muerto y varios heridos de gravedad en un choque en la ruta 33, cerca de Bah\u00eda Blanca - CELTTV<\/title>\n<meta name=\"description\" content=\"Sitio web de noticias de la localidad de Tornquist, provincia de Buenos Aires, Rep\u00fablica Argentina. Contenido propio originado por periodistas de CELTTV, el canal de TV local de la Cooperativa El\u00e9ctrica de Tornquist. Turismo, Pol\u00edtica, Sociedad, Deporte, Cultura y todo el contenido de inter\u00e9s general que la gente del pueblo y la regi\u00f3n debe conocer.\" \/>\n<meta name=\"robots\" content=\"index, follow, max-snippet:-1, max-image-preview:large, max-video-preview:-1\" \/>\n<link rel=\"canonical\" href=\"https:\/\/www.celttv.com.ar\/index.php\/2021\/06\/27\/fuerte-choque-en-ruta-33-seis-personas-trasladadas\/\" \/>\n<meta property=\"og:locale\" content=\"es_ES\" \/>\n<meta property=\"og:type\" content=\"article\" \/>\n<meta property=\"og:title\" content=\"Un muerto y varios heridos de gravedad en un choque en la ruta 33, cerca de Bah\u00eda Blanca - CELTTV\" \/>\n<meta property=\"og:description\" content=\"Sitio web de noticias de la localidad de Tornquist, provincia de Buenos Aires, Rep\u00fablica Argentina. Contenido propio originado por periodistas de CELTTV, el canal de TV local de la Cooperativa El\u00e9ctrica de Tornquist. Turismo, Pol\u00edtica, Sociedad, Deporte, Cultura y todo el contenido de inter\u00e9s general que la gente del pueblo y la regi\u00f3n debe conocer.\" \/>\n<meta property=\"og:url\" content=\"https:\/\/www.celttv.com.ar\/index.php\/2021\/06\/27\/fuerte-choque-en-ruta-33-seis-personas-trasladadas\/\" \/>\n<meta property=\"og:site_name\" content=\"CELTTV\" \/>\n<meta property=\"article:publisher\" content=\"https:\/\/www.facebook.com\/celtTV\/\" \/>\n<meta property=\"article:published_time\" content=\"2021-06-27T22:58:34+00:00\" \/>\n<meta property=\"og:image\" content=\"https:\/\/www.celttv.com.ar\/wp-content\/uploads\/2021\/06\/accidente-6.jpg\" \/>\n\t<meta property=\"og:image:width\" content=\"1200\" \/>\n\t<meta property=\"og:image:height\" content=\"720\" \/>\n\t<meta property=\"og:image:type\" content=\"image\/jpeg\" \/>\n<meta name=\"author\" content=\"ulises\" \/>\n<meta name=\"twitter:card\" content=\"summary_large_image\" \/>\n<meta name=\"twitter:label1\" content=\"Escrito por\" \/>\n\t<meta name=\"twitter:data1\" content=\"ulises\" \/>\n\t<meta name=\"twitter:label2\" content=\"Tiempo de lectura\" \/>\n\t<meta name=\"twitter:data2\" content=\"2 minutos\" \/>\n<script type=\"application\/ld+json\" class=\"yoast-schema-graph\">{\"@context\":\"https:\/\/schema.org\",\"@graph\":[{\"@type\":\"NewsArticle\",\"@id\":\"https:\/\/www.celttv.com.ar\/index.php\/2021\/06\/27\/fuerte-choque-en-ruta-33-seis-personas-trasladadas\/#article\",\"isPartOf\":{\"@id\":\"https:\/\/www.celttv.com.ar\/index.php\/2021\/06\/27\/fuerte-choque-en-ruta-33-seis-personas-trasladadas\/\"},\"author\":{\"name\":\"ulises\",\"@id\":\"https:\/\/www.celttv.com.ar\/#\/schema\/person\/6d99c072dba59953809c81446e9d0ace\"},\"headline\":\"Un muerto y varios heridos de gravedad en un choque en la ruta 33, cerca de Bah\u00eda Blanca\",\"datePublished\":\"2021-06-27T22:58:34+00:00\",\"dateModified\":\"2021-06-27T22:58:34+00:00\",\"mainEntityOfPage\":{\"@id\":\"https:\/\/www.celttv.com.ar\/index.php\/2021\/06\/27\/fuerte-choque-en-ruta-33-seis-personas-trasladadas\/\"},\"wordCount\":352,\"publisher\":{\"@id\":\"https:\/\/www.celttv.com.ar\/#organization\"},\"articleSection\":[\"Comunidad\",\"Destacadas\",\"Policiales\"],\"inLanguage\":\"es\"},{\"@type\":\"WebPage\",\"@id\":\"https:\/\/www.celttv.com.ar\/index.php\/2021\/06\/27\/fuerte-choque-en-ruta-33-seis-personas-trasladadas\/\",\"url\":\"https:\/\/www.celttv.com.ar\/index.php\/2021\/06\/27\/fuerte-choque-en-ruta-33-seis-personas-trasladadas\/\",\"name\":\"Un muerto y varios heridos de gravedad en un choque en la ruta 33, cerca de Bah\u00eda Blanca - CELTTV\",\"isPartOf\":{\"@id\":\"https:\/\/www.celttv.com.ar\/#website\"},\"datePublished\":\"2021-06-27T22:58:34+00:00\",\"dateModified\":\"2021-06-27T22:58:34+00:00\",\"description\":\"Sitio web de noticias de la localidad de Tornquist, provincia de Buenos Aires, Rep\u00fablica Argentina. Contenido propio originado por periodistas de CELTTV, el canal de TV local de la Cooperativa El\u00e9ctrica de Tornquist. Turismo, Pol\u00edtica, Sociedad, Deporte, Cultura y todo el contenido de inter\u00e9s general que la gente del pueblo y la regi\u00f3n debe conocer.\",\"breadcrumb\":{\"@id\":\"https:\/\/www.celttv.com.ar\/index.php\/2021\/06\/27\/fuerte-choque-en-ruta-33-seis-personas-trasladadas\/#breadcrumb\"},\"inLanguage\":\"es\",\"potentialAction\":[{\"@type\":\"ReadAction\",\"target\":[\"https:\/\/www.celttv.com.ar\/index.php\/2021\/06\/27\/fuerte-choque-en-ruta-33-seis-personas-trasladadas\/\"]}]},{\"@type\":\"BreadcrumbList\",\"@id\":\"https:\/\/www.celttv.com.ar\/index.php\/2021\/06\/27\/fuerte-choque-en-ruta-33-seis-personas-trasladadas\/#breadcrumb\",\"itemListElement\":[{\"@type\":\"ListItem\",\"position\":1,\"name\":\"Inicio\",\"item\":\"https:\/\/www.celttv.com.ar\/\"},{\"@type\":\"ListItem\",\"position\":2,\"name\":\"Un muerto y varios heridos de gravedad en un choque en la ruta 33, cerca de Bah\u00eda Blanca\"}]},{\"@type\":\"WebSite\",\"@id\":\"https:\/\/www.celttv.com.ar\/#website\",\"url\":\"https:\/\/www.celttv.com.ar\/\",\"name\":\"CELTTV\",\"description\":\"Cooperativa El\u00e9ctrica de Tornquist\",\"publisher\":{\"@id\":\"https:\/\/www.celttv.com.ar\/#organization\"},\"potentialAction\":[{\"@type\":\"SearchAction\",\"target\":{\"@type\":\"EntryPoint\",\"urlTemplate\":\"https:\/\/www.celttv.com.ar\/?s={search_term_string}\"},\"query-input\":\"required name=search_term_string\"}],\"inLanguage\":\"es\"},{\"@type\":\"Organization\",\"@id\":\"https:\/\/www.celttv.com.ar\/#organization\",\"name\":\"CELTTV\",\"url\":\"https:\/\/www.celttv.com.ar\/\",\"sameAs\":[\"https:\/\/www.youtube.com\/channel\/UCz_oIt8Hig64Ub-EmcNPIhg\",\"https:\/\/www.facebook.com\/celtTV\/\"],\"logo\":{\"@type\":\"ImageObject\",\"inLanguage\":\"es\",\"@id\":\"https:\/\/www.celttv.com.ar\/#\/schema\/logo\/image\/\",\"url\":\"http:\/\/www.celttv.com.ar\/wp-content\/uploads\/2022\/08\/logo-1.png\",\"contentUrl\":\"http:\/\/www.celttv.com.ar\/wp-content\/uploads\/2022\/08\/logo-1.png\",\"width\":461,\"height\":159,\"caption\":\"CELTTV\"},\"image\":{\"@id\":\"https:\/\/www.celttv.com.ar\/#\/schema\/logo\/image\/\"}},{\"@type\":\"Person\",\"@id\":\"https:\/\/www.celttv.com.ar\/#\/schema\/person\/6d99c072dba59953809c81446e9d0ace\",\"name\":\"ulises\",\"image\":{\"@type\":\"ImageObject\",\"inLanguage\":\"es\",\"@id\":\"https:\/\/www.celttv.com.ar\/#\/schema\/person\/image\/\",\"url\":\"https:\/\/secure.gravatar.com\/avatar\/7f2c48bdc33b30088f941fb6082e555f2874c98e20cb159d7b92b50eadfce793?s=96&d=mm&r=g\",\"contentUrl\":\"https:\/\/secure.gravatar.com\/avatar\/7f2c48bdc33b30088f941fb6082e555f2874c98e20cb159d7b92b50eadfce793?s=96&d=mm&r=g\",\"caption\":\"ulises\"},\"sameAs\":[\"http:\/\/www.celttv.com.ar\"]}]}<\/script>\n<!-- \/ Yoast SEO plugin. -->","yoast_head_json":{"title":"Un muerto y varios heridos de gravedad en un choque en la ruta 33, cerca de Bah\u00eda Blanca - CELTTV","description":"Sitio web de noticias de la localidad de Tornquist, provincia de Buenos Aires, Rep\u00fablica Argentina. Contenido propio originado por periodistas de CELTTV, el canal de TV local de la Cooperativa El\u00e9ctrica de Tornquist. Turismo, Pol\u00edtica, Sociedad, Deporte, Cultura y todo el contenido de inter\u00e9s general que la gente del pueblo y la regi\u00f3n debe conocer.","robots":{"index":"index","follow":"follow","max-snippet":"max-snippet:-1","max-image-preview":"max-image-preview:large","max-video-preview":"max-video-preview:-1"},"canonical":"https:\/\/www.celttv.com.ar\/index.php\/2021\/06\/27\/fuerte-choque-en-ruta-33-seis-personas-trasladadas\/","og_locale":"es_ES","og_type":"article","og_title":"Un muerto y varios heridos de gravedad en un choque en la ruta 33, cerca de Bah\u00eda Blanca - CELTTV","og_description":"Sitio web de noticias de la localidad de Tornquist, provincia de Buenos Aires, Rep\u00fablica Argentina. Contenido propio originado por periodistas de CELTTV, el canal de TV local de la Cooperativa El\u00e9ctrica de Tornquist. Turismo, Pol\u00edtica, Sociedad, Deporte, Cultura y todo el contenido de inter\u00e9s general que la gente del pueblo y la regi\u00f3n debe conocer.","og_url":"https:\/\/www.celttv.com.ar\/index.php\/2021\/06\/27\/fuerte-choque-en-ruta-33-seis-personas-trasladadas\/","og_site_name":"CELTTV","article_publisher":"https:\/\/www.facebook.com\/celtTV\/","article_published_time":"2021-06-27T22:58:34+00:00","og_image":[{"width":1200,"height":720,"url":"https:\/\/www.celttv.com.ar\/wp-content\/uploads\/2021\/06\/accidente-6.jpg","type":"image\/jpeg"}],"author":"ulises","twitter_card":"summary_large_image","twitter_misc":{"Escrito por":"ulises","Tiempo de lectura":"2 minutos"},"schema":{"@context":"https:\/\/schema.org","@graph":[{"@type":"NewsArticle","@id":"https:\/\/www.celttv.com.ar\/index.php\/2021\/06\/27\/fuerte-choque-en-ruta-33-seis-personas-trasladadas\/#article","isPartOf":{"@id":"https:\/\/www.celttv.com.ar\/index.php\/2021\/06\/27\/fuerte-choque-en-ruta-33-seis-personas-trasladadas\/"},"author":{"name":"ulises","@id":"https:\/\/www.celttv.com.ar\/#\/schema\/person\/6d99c072dba59953809c81446e9d0ace"},"headline":"Un muerto y varios heridos de gravedad en un choque en la ruta 33, cerca de Bah\u00eda Blanca","datePublished":"2021-06-27T22:58:34+00:00","dateModified":"2021-06-27T22:58:34+00:00","mainEntityOfPage":{"@id":"https:\/\/www.celttv.com.ar\/index.php\/2021\/06\/27\/fuerte-choque-en-ruta-33-seis-personas-trasladadas\/"},"wordCount":352,"publisher":{"@id":"https:\/\/www.celttv.com.ar\/#organization"},"articleSection":["Comunidad","Destacadas","Policiales"],"inLanguage":"es"},{"@type":"WebPage","@id":"https:\/\/www.celttv.com.ar\/index.php\/2021\/06\/27\/fuerte-choque-en-ruta-33-seis-personas-trasladadas\/","url":"https:\/\/www.celttv.com.ar\/index.php\/2021\/06\/27\/fuerte-choque-en-ruta-33-seis-personas-trasladadas\/","name":"Un muerto y varios heridos de gravedad en un choque en la ruta 33, cerca de Bah\u00eda Blanca - CELTTV","isPartOf":{"@id":"https:\/\/www.celttv.com.ar\/#website"},"datePublished":"2021-06-27T22:58:34+00:00","dateModified":"2021-06-27T22:58:34+00:00","description":"Sitio web de noticias de la localidad de Tornquist, provincia de Buenos Aires, Rep\u00fablica Argentina. Contenido propio originado por periodistas de CELTTV, el canal de TV local de la Cooperativa El\u00e9ctrica de Tornquist. Turismo, Pol\u00edtica, Sociedad, Deporte, Cultura y todo el contenido de inter\u00e9s general que la gente del pueblo y la regi\u00f3n debe conocer.","breadcrumb":{"@id":"https:\/\/www.celttv.com.ar\/index.php\/2021\/06\/27\/fuerte-choque-en-ruta-33-seis-personas-trasladadas\/#breadcrumb"},"inLanguage":"es","potentialAction":[{"@type":"ReadAction","target":["https:\/\/www.celttv.com.ar\/index.php\/2021\/06\/27\/fuerte-choque-en-ruta-33-seis-personas-trasladadas\/"]}]},{"@type":"BreadcrumbList","@id":"https:\/\/www.celttv.com.ar\/index.php\/2021\/06\/27\/fuerte-choque-en-ruta-33-seis-personas-trasladadas\/#breadcrumb","itemListElement":[{"@type":"ListItem","position":1,"name":"Inicio","item":"https:\/\/www.celttv.com.ar\/"},{"@type":"ListItem","position":2,"name":"Un muerto y varios heridos de gravedad en un choque en la ruta 33, cerca de Bah\u00eda Blanca"}]},{"@type":"WebSite","@id":"https:\/\/www.celttv.com.ar\/#website","url":"https:\/\/www.celttv.com.ar\/","name":"CELTTV","description":"Cooperativa El\u00e9ctrica de Tornquist","publisher":{"@id":"https:\/\/www.celttv.com.ar\/#organization"},"potentialAction":[{"@type":"SearchAction","target":{"@type":"EntryPoint","urlTemplate":"https:\/\/www.celttv.com.ar\/?s={search_term_string}"},"query-input":"required name=search_term_string"}],"inLanguage":"es"},{"@type":"Organization","@id":"https:\/\/www.celttv.com.ar\/#organization","name":"CELTTV","url":"https:\/\/www.celttv.com.ar\/","sameAs":["https:\/\/www.youtube.com\/channel\/UCz_oIt8Hig64Ub-EmcNPIhg","https:\/\/www.facebook.com\/celtTV\/"],"logo":{"@type":"ImageObject","inLanguage":"es","@id":"https:\/\/www.celttv.com.ar\/#\/schema\/logo\/image\/","url":"http:\/\/www.celttv.com.ar\/wp-content\/uploads\/2022\/08\/logo-1.png","contentUrl":"http:\/\/www.celttv.com.ar\/wp-content\/uploads\/2022\/08\/logo-1.png","width":461,"height":159,"caption":"CELTTV"},"image":{"@id":"https:\/\/www.celttv.com.ar\/#\/schema\/logo\/image\/"}},{"@type":"Person","@id":"https:\/\/www.celttv.com.ar\/#\/schema\/person\/6d99c072dba59953809c81446e9d0ace","name":"ulises","image":{"@type":"ImageObject","inLanguage":"es","@id":"https:\/\/www.celttv.com.ar\/#\/schema\/person\/image\/","url":"https:\/\/secure.gravatar.com\/avatar\/7f2c48bdc33b30088f941fb6082e555f2874c98e20cb159d7b92b50eadfce793?s=96&d=mm&r=g","contentUrl":"https:\/\/secure.gravatar.com\/avatar\/7f2c48bdc33b30088f941fb6082e555f2874c98e20cb159d7b92b50eadfce793?s=96&d=mm&r=g","caption":"ulises"},"sameAs":["http:\/\/www.celttv.com.ar"]}]}},"_links":{"self":[{"href":"https:\/\/www.celttv.com.ar\/index.php\/wp-json\/wp\/v2\/posts\/58512","targetHints":{"allow":["GET"]}}],"collection":[{"href":"https:\/\/www.celttv.com.ar\/index.php\/wp-json\/wp\/v2\/posts"}],"about":[{"href":"https:\/\/www.celttv.com.ar\/index.php\/wp-json\/wp\/v2\/types\/post"}],"author":[{"embeddable":true,"href":"https:\/\/www.celttv.com.ar\/index.php\/wp-json\/wp\/v2\/users\/1"}],"replies":[{"embeddable":true,"href":"https:\/\/www.celttv.com.ar\/index.php\/wp-json\/wp\/v2\/comments?post=58512"}],"version-history":[{"count":0,"href":"https:\/\/www.celttv.com.ar\/index.php\/wp-json\/wp\/v2\/posts\/58512\/revisions"}],"wp:featuredmedia":[{"embeddable":true,"href":"https:\/\/www.celttv.com.ar\/index.php\/wp-json\/wp\/v2\/media\/58513"}],"wp:attachment":[{"href":"https:\/\/www.celttv.com.ar\/index.php\/wp-json\/wp\/v2\/media?parent=58512"}],"wp:term":[{"taxonomy":"category","embeddable":true,"href":"https:\/\/www.celttv.com.ar\/index.php\/wp-json\/wp\/v2\/categories?post=58512"},{"taxonomy":"post_tag","embeddable":true,"href":"https:\/\/www.celttv.com.ar\/index.php\/wp-json\/wp\/v2\/tags?post=58512"}],"curies":[{"name":"wp","href":"https:\/\/api.w.org\/{rel}","templated":true}]}}