{"id":58529,"date":"2021-06-28T23:55:19","date_gmt":"2021-06-28T23:55:19","guid":{"rendered":"http:\/\/www.celttv.com.ar\/?p=58529"},"modified":"2021-06-28T23:55:19","modified_gmt":"2021-06-28T23:55:19","slug":"saldungaray-aprehendieron-a-un-hombre-con-pedido-de-captura-desde-el-2008","status":"publish","type":"post","link":"https:\/\/www.celttv.com.ar\/index.php\/2021\/06\/28\/saldungaray-aprehendieron-a-un-hombre-con-pedido-de-captura-desde-el-2008\/","title":{"rendered":"Saldungaray: Aprehendieron a un hombre con pedido de captura desde el 2008"},"content":{"rendered":"\n<p>Este mediod\u00eda, en un operativo de interceptaci\u00f3n vehicular en el ingreso a la localidad, Personal Policial de la Sub Estaci\u00f3n de Policial de Saldungaray, aprehendi\u00f3 a un pr\u00f3fugo de la justicia con pedido de captura de un juzgado de la ciudad de Buenos Aires. El hombre de 28 a\u00f1os era buscado desde al a\u00f1o 2008.<\/p>\n\n\n\n<p>El operativo tuvo lugar frente al portal del Cementerio local en el acceso a Saldungaray por la ruta 72.<\/p>\n\n\n\n<p>Seg\u00fan fuentes cercanas a nuestro medio, el individuo llegaba con un grupo de personas en una camioneta, para trabajar en la comarca. Los antecedentes del detenido eran por Infracci\u00f3n a la ley 23.737 de tenencia de estupefacientes. Entre sus pertenencias&nbsp; encontraron cogollos de marihuana y papel para armar cigarros.<\/p>\n\n\n\n<p>Se le inici\u00f3 otra causa por tenencia de estupefacientes a cargo de la UFIJ N\u00b0 19.<\/p>\n\n\n\n<p><strong>Parte policial:&nbsp;<\/strong><\/p>\n\n\n\n<p>Personal Policial de la Sub Estaci\u00f3n de Polic\u00eda Seguridad Comunal Saldungaray, continuando diariamente con tareas tendientes a la prevenci\u00f3n de delitos en esta localidad, mediante diferentes modalidades, emanadas desde la superioridad policial, es que al realizar en el d\u00eda de la fecha operativos de interceptaci\u00f3n vehicular e identificaci\u00f3n de personas en los diferentes accesos de esta localidad, pese a las inclemencias clim\u00e1ticas reinantes, logr\u00f3 en el operativo dispuesto al ingreso a la localidad, en la intersecci\u00f3n de Avda. Corrales y calle Rinc\u00f3n, frente al cementerio municipal local, en horas del mediod\u00eda, la identificaci\u00f3n y posterior aprehensi\u00f3n de una persona de sexo masculino, mayor de edad, oriunda de la localidad de Coronel Dorrego, quien pose\u00eda pedido de captura desde el a\u00f1o 2008 por el Juzgado Federal Nro. 5 de la Ciudad Aut\u00f3noma de Buenos Aires, que adem\u00e1s al momento de la requisa entre sus pertenencias esta persona pose\u00eda un frasco de vidrio transparente conteniendo cogollos de marihuana, las cuales arrojaron un peso 3.9 gramos y cuatro papelillos, dicho ciudadano fue puesto a disposici\u00f3n de la justicia, la cual ordeno, actuaciones y no divulgar su identidad debido a que a ra\u00edz de este procedimiento se dan inicio a investigaciones pertinentes.-<\/p>\n\n\n\n<p><strong>Fdo. Ofl. Inspector Caballin Gustavo,<\/strong><\/p>\n\n\n\n<p><strong>Jefe de Sub Estaci\u00f3n de Polic\u00eda Seguridad Comunal Saldungaray<\/strong><\/p>\n\n\n\n<figure class=\"wp-block-gallery columns-2 is-cropped wp-block-gallery-1 is-layout-flex wp-block-gallery-is-layout-flex\"><ul class=\"blocks-gallery-grid\"><li class=\"blocks-gallery-item\"><figure><img loading=\"lazy\" decoding=\"async\" width=\"640\" height=\"536\" src=\"http:\/\/www.celttv.com.ar\/wp-content\/uploads\/2021\/06\/1-3.jpg\" alt=\"\" data-id=\"58530\" data-full-url=\"http:\/\/www.celttv.com.ar\/wp-content\/uploads\/2021\/06\/1-3.jpg\" data-link=\"http:\/\/www.celttv.com.ar\/?attachment_id=58530\" class=\"wp-image-58530\" srcset=\"https:\/\/www.celttv.com.ar\/wp-content\/uploads\/2021\/06\/1-3.jpg 640w, https:\/\/www.celttv.com.ar\/wp-content\/uploads\/2021\/06\/1-3-300x251.jpg 300w\" sizes=\"auto, (max-width: 640px) 100vw, 640px\" \/><\/figure><\/li><li class=\"blocks-gallery-item\"><figure><img loading=\"lazy\" decoding=\"async\" width=\"660\" height=\"368\" src=\"http:\/\/www.celttv.com.ar\/wp-content\/uploads\/2021\/06\/2-3.jpg\" alt=\"\" data-id=\"58531\" data-full-url=\"http:\/\/www.celttv.com.ar\/wp-content\/uploads\/2021\/06\/2-3.jpg\" data-link=\"http:\/\/www.celttv.com.ar\/?attachment_id=58531\" class=\"wp-image-58531\" srcset=\"https:\/\/www.celttv.com.ar\/wp-content\/uploads\/2021\/06\/2-3.jpg 660w, https:\/\/www.celttv.com.ar\/wp-content\/uploads\/2021\/06\/2-3-300x167.jpg 300w\" sizes=\"auto, (max-width: 660px) 100vw, 660px\" \/><\/figure><\/li><\/ul><\/figure>\n","protected":false},"excerpt":{"rendered":"<p>Este mediod\u00eda, en un operativo de interceptaci\u00f3n vehicular en el ingreso a la localidad, Personal Policial de la Sub Estaci\u00f3n de Policial de Saldungaray, aprehendi\u00f3 a un pr\u00f3fugo de la justicia con pedido de captura de un juzgado de la ciudad de Buenos Aires. El hombre de 28 a\u00f1os era buscado desde al a\u00f1o 2008. [&hellip;]<\/p>\n","protected":false},"author":1,"featured_media":58531,"comment_status":"closed","ping_status":"open","sticky":false,"template":"","format":"standard","meta":{"footnotes":""},"categories":[51,52,61],"tags":[],"class_list":["post-58529","post","type-post","status-publish","format-standard","has-post-thumbnail","hentry","category-comunidad","category-destacadas","category-policiales"],"yoast_head":"<!-- This site is optimized with the Yoast SEO plugin v19.7.1 - https:\/\/yoast.com\/wordpress\/plugins\/seo\/ -->\n<title>Saldungaray: Aprehendieron a un hombre con pedido de captura desde el 2008 - CELTTV<\/title>\n<meta name=\"description\" content=\"Sitio web de noticias de la localidad de Tornquist, provincia de Buenos Aires, Rep\u00fablica Argentina. Contenido propio originado por periodistas de CELTTV, el canal de TV local de la Cooperativa El\u00e9ctrica de Tornquist. Turismo, Pol\u00edtica, Sociedad, Deporte, Cultura y todo el contenido de inter\u00e9s general que la gente del pueblo y la regi\u00f3n debe conocer.\" \/>\n<meta name=\"robots\" content=\"index, follow, max-snippet:-1, max-image-preview:large, max-video-preview:-1\" \/>\n<link rel=\"canonical\" href=\"https:\/\/www.celttv.com.ar\/index.php\/2021\/06\/28\/saldungaray-aprehendieron-a-un-hombre-con-pedido-de-captura-desde-el-2008\/\" \/>\n<meta property=\"og:locale\" content=\"es_ES\" \/>\n<meta property=\"og:type\" content=\"article\" \/>\n<meta property=\"og:title\" content=\"Saldungaray: Aprehendieron a un hombre con pedido de captura desde el 2008 - CELTTV\" \/>\n<meta property=\"og:description\" content=\"Sitio web de noticias de la localidad de Tornquist, provincia de Buenos Aires, Rep\u00fablica Argentina. Contenido propio originado por periodistas de CELTTV, el canal de TV local de la Cooperativa El\u00e9ctrica de Tornquist. Turismo, Pol\u00edtica, Sociedad, Deporte, Cultura y todo el contenido de inter\u00e9s general que la gente del pueblo y la regi\u00f3n debe conocer.\" \/>\n<meta property=\"og:url\" content=\"https:\/\/www.celttv.com.ar\/index.php\/2021\/06\/28\/saldungaray-aprehendieron-a-un-hombre-con-pedido-de-captura-desde-el-2008\/\" \/>\n<meta property=\"og:site_name\" content=\"CELTTV\" \/>\n<meta property=\"article:publisher\" content=\"https:\/\/www.facebook.com\/celtTV\/\" \/>\n<meta property=\"article:published_time\" content=\"2021-06-28T23:55:19+00:00\" \/>\n<meta property=\"og:image\" content=\"https:\/\/www.celttv.com.ar\/wp-content\/uploads\/2021\/06\/2-3.jpg\" \/>\n\t<meta property=\"og:image:width\" content=\"660\" \/>\n\t<meta property=\"og:image:height\" content=\"368\" \/>\n\t<meta property=\"og:image:type\" content=\"image\/jpeg\" \/>\n<meta name=\"author\" content=\"ulises\" \/>\n<meta name=\"twitter:card\" content=\"summary_large_image\" \/>\n<meta name=\"twitter:label1\" content=\"Escrito por\" \/>\n\t<meta name=\"twitter:data1\" content=\"ulises\" \/>\n\t<meta name=\"twitter:label2\" content=\"Tiempo de lectura\" \/>\n\t<meta name=\"twitter:data2\" content=\"2 minutos\" \/>\n<script type=\"application\/ld+json\" class=\"yoast-schema-graph\">{\"@context\":\"https:\/\/schema.org\",\"@graph\":[{\"@type\":\"NewsArticle\",\"@id\":\"https:\/\/www.celttv.com.ar\/index.php\/2021\/06\/28\/saldungaray-aprehendieron-a-un-hombre-con-pedido-de-captura-desde-el-2008\/#article\",\"isPartOf\":{\"@id\":\"https:\/\/www.celttv.com.ar\/index.php\/2021\/06\/28\/saldungaray-aprehendieron-a-un-hombre-con-pedido-de-captura-desde-el-2008\/\"},\"author\":{\"name\":\"ulises\",\"@id\":\"https:\/\/www.celttv.com.ar\/#\/schema\/person\/6d99c072dba59953809c81446e9d0ace\"},\"headline\":\"Saldungaray: Aprehendieron a un hombre con pedido de captura desde el 2008\",\"datePublished\":\"2021-06-28T23:55:19+00:00\",\"dateModified\":\"2021-06-28T23:55:19+00:00\",\"mainEntityOfPage\":{\"@id\":\"https:\/\/www.celttv.com.ar\/index.php\/2021\/06\/28\/saldungaray-aprehendieron-a-un-hombre-con-pedido-de-captura-desde-el-2008\/\"},\"wordCount\":388,\"publisher\":{\"@id\":\"https:\/\/www.celttv.com.ar\/#organization\"},\"articleSection\":[\"Comunidad\",\"Destacadas\",\"Policiales\"],\"inLanguage\":\"es\"},{\"@type\":\"WebPage\",\"@id\":\"https:\/\/www.celttv.com.ar\/index.php\/2021\/06\/28\/saldungaray-aprehendieron-a-un-hombre-con-pedido-de-captura-desde-el-2008\/\",\"url\":\"https:\/\/www.celttv.com.ar\/index.php\/2021\/06\/28\/saldungaray-aprehendieron-a-un-hombre-con-pedido-de-captura-desde-el-2008\/\",\"name\":\"Saldungaray: Aprehendieron a un hombre con pedido de captura desde el 2008 - CELTTV\",\"isPartOf\":{\"@id\":\"https:\/\/www.celttv.com.ar\/#website\"},\"datePublished\":\"2021-06-28T23:55:19+00:00\",\"dateModified\":\"2021-06-28T23:55:19+00:00\",\"description\":\"Sitio web de noticias de la localidad de Tornquist, provincia de Buenos Aires, Rep\u00fablica Argentina. Contenido propio originado por periodistas de CELTTV, el canal de TV local de la Cooperativa El\u00e9ctrica de Tornquist. Turismo, Pol\u00edtica, Sociedad, Deporte, Cultura y todo el contenido de inter\u00e9s general que la gente del pueblo y la regi\u00f3n debe conocer.\",\"breadcrumb\":{\"@id\":\"https:\/\/www.celttv.com.ar\/index.php\/2021\/06\/28\/saldungaray-aprehendieron-a-un-hombre-con-pedido-de-captura-desde-el-2008\/#breadcrumb\"},\"inLanguage\":\"es\",\"potentialAction\":[{\"@type\":\"ReadAction\",\"target\":[\"https:\/\/www.celttv.com.ar\/index.php\/2021\/06\/28\/saldungaray-aprehendieron-a-un-hombre-con-pedido-de-captura-desde-el-2008\/\"]}]},{\"@type\":\"BreadcrumbList\",\"@id\":\"https:\/\/www.celttv.com.ar\/index.php\/2021\/06\/28\/saldungaray-aprehendieron-a-un-hombre-con-pedido-de-captura-desde-el-2008\/#breadcrumb\",\"itemListElement\":[{\"@type\":\"ListItem\",\"position\":1,\"name\":\"Inicio\",\"item\":\"https:\/\/www.celttv.com.ar\/\"},{\"@type\":\"ListItem\",\"position\":2,\"name\":\"Saldungaray: Aprehendieron a un hombre con pedido de captura desde el 2008\"}]},{\"@type\":\"WebSite\",\"@id\":\"https:\/\/www.celttv.com.ar\/#website\",\"url\":\"https:\/\/www.celttv.com.ar\/\",\"name\":\"CELTTV\",\"description\":\"Cooperativa El\u00e9ctrica de Tornquist\",\"publisher\":{\"@id\":\"https:\/\/www.celttv.com.ar\/#organization\"},\"potentialAction\":[{\"@type\":\"SearchAction\",\"target\":{\"@type\":\"EntryPoint\",\"urlTemplate\":\"https:\/\/www.celttv.com.ar\/?s={search_term_string}\"},\"query-input\":\"required name=search_term_string\"}],\"inLanguage\":\"es\"},{\"@type\":\"Organization\",\"@id\":\"https:\/\/www.celttv.com.ar\/#organization\",\"name\":\"CELTTV\",\"url\":\"https:\/\/www.celttv.com.ar\/\",\"sameAs\":[\"https:\/\/www.youtube.com\/channel\/UCz_oIt8Hig64Ub-EmcNPIhg\",\"https:\/\/www.facebook.com\/celtTV\/\"],\"logo\":{\"@type\":\"ImageObject\",\"inLanguage\":\"es\",\"@id\":\"https:\/\/www.celttv.com.ar\/#\/schema\/logo\/image\/\",\"url\":\"http:\/\/www.celttv.com.ar\/wp-content\/uploads\/2022\/08\/logo-1.png\",\"contentUrl\":\"http:\/\/www.celttv.com.ar\/wp-content\/uploads\/2022\/08\/logo-1.png\",\"width\":461,\"height\":159,\"caption\":\"CELTTV\"},\"image\":{\"@id\":\"https:\/\/www.celttv.com.ar\/#\/schema\/logo\/image\/\"}},{\"@type\":\"Person\",\"@id\":\"https:\/\/www.celttv.com.ar\/#\/schema\/person\/6d99c072dba59953809c81446e9d0ace\",\"name\":\"ulises\",\"image\":{\"@type\":\"ImageObject\",\"inLanguage\":\"es\",\"@id\":\"https:\/\/www.celttv.com.ar\/#\/schema\/person\/image\/\",\"url\":\"https:\/\/secure.gravatar.com\/avatar\/7f2c48bdc33b30088f941fb6082e555f2874c98e20cb159d7b92b50eadfce793?s=96&d=mm&r=g\",\"contentUrl\":\"https:\/\/secure.gravatar.com\/avatar\/7f2c48bdc33b30088f941fb6082e555f2874c98e20cb159d7b92b50eadfce793?s=96&d=mm&r=g\",\"caption\":\"ulises\"},\"sameAs\":[\"http:\/\/www.celttv.com.ar\"]}]}<\/script>\n<!-- \/ Yoast SEO plugin. -->","yoast_head_json":{"title":"Saldungaray: Aprehendieron a un hombre con pedido de captura desde el 2008 - CELTTV","description":"Sitio web de noticias de la localidad de Tornquist, provincia de Buenos Aires, Rep\u00fablica Argentina. Contenido propio originado por periodistas de CELTTV, el canal de TV local de la Cooperativa El\u00e9ctrica de Tornquist. Turismo, Pol\u00edtica, Sociedad, Deporte, Cultura y todo el contenido de inter\u00e9s general que la gente del pueblo y la regi\u00f3n debe conocer.","robots":{"index":"index","follow":"follow","max-snippet":"max-snippet:-1","max-image-preview":"max-image-preview:large","max-video-preview":"max-video-preview:-1"},"canonical":"https:\/\/www.celttv.com.ar\/index.php\/2021\/06\/28\/saldungaray-aprehendieron-a-un-hombre-con-pedido-de-captura-desde-el-2008\/","og_locale":"es_ES","og_type":"article","og_title":"Saldungaray: Aprehendieron a un hombre con pedido de captura desde el 2008 - CELTTV","og_description":"Sitio web de noticias de la localidad de Tornquist, provincia de Buenos Aires, Rep\u00fablica Argentina. Contenido propio originado por periodistas de CELTTV, el canal de TV local de la Cooperativa El\u00e9ctrica de Tornquist. Turismo, Pol\u00edtica, Sociedad, Deporte, Cultura y todo el contenido de inter\u00e9s general que la gente del pueblo y la regi\u00f3n debe conocer.","og_url":"https:\/\/www.celttv.com.ar\/index.php\/2021\/06\/28\/saldungaray-aprehendieron-a-un-hombre-con-pedido-de-captura-desde-el-2008\/","og_site_name":"CELTTV","article_publisher":"https:\/\/www.facebook.com\/celtTV\/","article_published_time":"2021-06-28T23:55:19+00:00","og_image":[{"width":660,"height":368,"url":"https:\/\/www.celttv.com.ar\/wp-content\/uploads\/2021\/06\/2-3.jpg","type":"image\/jpeg"}],"author":"ulises","twitter_card":"summary_large_image","twitter_misc":{"Escrito por":"ulises","Tiempo de lectura":"2 minutos"},"schema":{"@context":"https:\/\/schema.org","@graph":[{"@type":"NewsArticle","@id":"https:\/\/www.celttv.com.ar\/index.php\/2021\/06\/28\/saldungaray-aprehendieron-a-un-hombre-con-pedido-de-captura-desde-el-2008\/#article","isPartOf":{"@id":"https:\/\/www.celttv.com.ar\/index.php\/2021\/06\/28\/saldungaray-aprehendieron-a-un-hombre-con-pedido-de-captura-desde-el-2008\/"},"author":{"name":"ulises","@id":"https:\/\/www.celttv.com.ar\/#\/schema\/person\/6d99c072dba59953809c81446e9d0ace"},"headline":"Saldungaray: Aprehendieron a un hombre con pedido de captura desde el 2008","datePublished":"2021-06-28T23:55:19+00:00","dateModified":"2021-06-28T23:55:19+00:00","mainEntityOfPage":{"@id":"https:\/\/www.celttv.com.ar\/index.php\/2021\/06\/28\/saldungaray-aprehendieron-a-un-hombre-con-pedido-de-captura-desde-el-2008\/"},"wordCount":388,"publisher":{"@id":"https:\/\/www.celttv.com.ar\/#organization"},"articleSection":["Comunidad","Destacadas","Policiales"],"inLanguage":"es"},{"@type":"WebPage","@id":"https:\/\/www.celttv.com.ar\/index.php\/2021\/06\/28\/saldungaray-aprehendieron-a-un-hombre-con-pedido-de-captura-desde-el-2008\/","url":"https:\/\/www.celttv.com.ar\/index.php\/2021\/06\/28\/saldungaray-aprehendieron-a-un-hombre-con-pedido-de-captura-desde-el-2008\/","name":"Saldungaray: Aprehendieron a un hombre con pedido de captura desde el 2008 - CELTTV","isPartOf":{"@id":"https:\/\/www.celttv.com.ar\/#website"},"datePublished":"2021-06-28T23:55:19+00:00","dateModified":"2021-06-28T23:55:19+00:00","description":"Sitio web de noticias de la localidad de Tornquist, provincia de Buenos Aires, Rep\u00fablica Argentina. Contenido propio originado por periodistas de CELTTV, el canal de TV local de la Cooperativa El\u00e9ctrica de Tornquist. Turismo, Pol\u00edtica, Sociedad, Deporte, Cultura y todo el contenido de inter\u00e9s general que la gente del pueblo y la regi\u00f3n debe conocer.","breadcrumb":{"@id":"https:\/\/www.celttv.com.ar\/index.php\/2021\/06\/28\/saldungaray-aprehendieron-a-un-hombre-con-pedido-de-captura-desde-el-2008\/#breadcrumb"},"inLanguage":"es","potentialAction":[{"@type":"ReadAction","target":["https:\/\/www.celttv.com.ar\/index.php\/2021\/06\/28\/saldungaray-aprehendieron-a-un-hombre-con-pedido-de-captura-desde-el-2008\/"]}]},{"@type":"BreadcrumbList","@id":"https:\/\/www.celttv.com.ar\/index.php\/2021\/06\/28\/saldungaray-aprehendieron-a-un-hombre-con-pedido-de-captura-desde-el-2008\/#breadcrumb","itemListElement":[{"@type":"ListItem","position":1,"name":"Inicio","item":"https:\/\/www.celttv.com.ar\/"},{"@type":"ListItem","position":2,"name":"Saldungaray: Aprehendieron a un hombre con pedido de captura desde el 2008"}]},{"@type":"WebSite","@id":"https:\/\/www.celttv.com.ar\/#website","url":"https:\/\/www.celttv.com.ar\/","name":"CELTTV","description":"Cooperativa El\u00e9ctrica de Tornquist","publisher":{"@id":"https:\/\/www.celttv.com.ar\/#organization"},"potentialAction":[{"@type":"SearchAction","target":{"@type":"EntryPoint","urlTemplate":"https:\/\/www.celttv.com.ar\/?s={search_term_string}"},"query-input":"required name=search_term_string"}],"inLanguage":"es"},{"@type":"Organization","@id":"https:\/\/www.celttv.com.ar\/#organization","name":"CELTTV","url":"https:\/\/www.celttv.com.ar\/","sameAs":["https:\/\/www.youtube.com\/channel\/UCz_oIt8Hig64Ub-EmcNPIhg","https:\/\/www.facebook.com\/celtTV\/"],"logo":{"@type":"ImageObject","inLanguage":"es","@id":"https:\/\/www.celttv.com.ar\/#\/schema\/logo\/image\/","url":"http:\/\/www.celttv.com.ar\/wp-content\/uploads\/2022\/08\/logo-1.png","contentUrl":"http:\/\/www.celttv.com.ar\/wp-content\/uploads\/2022\/08\/logo-1.png","width":461,"height":159,"caption":"CELTTV"},"image":{"@id":"https:\/\/www.celttv.com.ar\/#\/schema\/logo\/image\/"}},{"@type":"Person","@id":"https:\/\/www.celttv.com.ar\/#\/schema\/person\/6d99c072dba59953809c81446e9d0ace","name":"ulises","image":{"@type":"ImageObject","inLanguage":"es","@id":"https:\/\/www.celttv.com.ar\/#\/schema\/person\/image\/","url":"https:\/\/secure.gravatar.com\/avatar\/7f2c48bdc33b30088f941fb6082e555f2874c98e20cb159d7b92b50eadfce793?s=96&d=mm&r=g","contentUrl":"https:\/\/secure.gravatar.com\/avatar\/7f2c48bdc33b30088f941fb6082e555f2874c98e20cb159d7b92b50eadfce793?s=96&d=mm&r=g","caption":"ulises"},"sameAs":["http:\/\/www.celttv.com.ar"]}]}},"_links":{"self":[{"href":"https:\/\/www.celttv.com.ar\/index.php\/wp-json\/wp\/v2\/posts\/58529","targetHints":{"allow":["GET"]}}],"collection":[{"href":"https:\/\/www.celttv.com.ar\/index.php\/wp-json\/wp\/v2\/posts"}],"about":[{"href":"https:\/\/www.celttv.com.ar\/index.php\/wp-json\/wp\/v2\/types\/post"}],"author":[{"embeddable":true,"href":"https:\/\/www.celttv.com.ar\/index.php\/wp-json\/wp\/v2\/users\/1"}],"replies":[{"embeddable":true,"href":"https:\/\/www.celttv.com.ar\/index.php\/wp-json\/wp\/v2\/comments?post=58529"}],"version-history":[{"count":0,"href":"https:\/\/www.celttv.com.ar\/index.php\/wp-json\/wp\/v2\/posts\/58529\/revisions"}],"wp:featuredmedia":[{"embeddable":true,"href":"https:\/\/www.celttv.com.ar\/index.php\/wp-json\/wp\/v2\/media\/58531"}],"wp:attachment":[{"href":"https:\/\/www.celttv.com.ar\/index.php\/wp-json\/wp\/v2\/media?parent=58529"}],"wp:term":[{"taxonomy":"category","embeddable":true,"href":"https:\/\/www.celttv.com.ar\/index.php\/wp-json\/wp\/v2\/categories?post=58529"},{"taxonomy":"post_tag","embeddable":true,"href":"https:\/\/www.celttv.com.ar\/index.php\/wp-json\/wp\/v2\/tags?post=58529"}],"curies":[{"name":"wp","href":"https:\/\/api.w.org\/{rel}","templated":true}]}}