{"id":58533,"date":"2021-06-29T13:57:51","date_gmt":"2021-06-29T13:57:51","guid":{"rendered":"http:\/\/www.celttv.com.ar\/?p=58533"},"modified":"2021-06-29T13:57:51","modified_gmt":"2021-06-29T13:57:51","slug":"avance-de-los-trabajos-en-la-autopista-rn-33-entre-bahia-blanca-y-tornquist","status":"publish","type":"post","link":"https:\/\/www.celttv.com.ar\/index.php\/2021\/06\/29\/avance-de-los-trabajos-en-la-autopista-rn-33-entre-bahia-blanca-y-tornquist\/","title":{"rendered":"Avance de los trabajos en la Autopista RN 33 entre Bah\u00eda Blanca y Tornquist"},"content":{"rendered":"\n<p> El Ministerio de Obras P\u00fablicas a trav\u00e9s de Vialidad Nacional informa que, contin\u00faan los trabajos en la autopista sobre la Ruta Nacional N\u00b0 33 entre la ciudad de Bah\u00eda Blanca y el distrito de Tornquist.<br><\/p>\n\n\n\n<p>Los trabajos de esta semana corresponden a la ejecuci\u00f3n de suelo entre los km 23 y 25, tareas de construcci\u00f3n de terrapl\u00e9n en calles colectoras en el intercambiador 3 del km 24. Paralelamente se lleva a cabo la pavimentaci\u00f3n de la calzada principal, en el km 23 y en el km 19, desmonte para base de asiento entre km 10 y 14 y tareas de construcci\u00f3n de terrapl\u00e9n y movimiento de suelos en el intercambiador 1 ubicado en el km 13. Finalmente, se contin\u00faa con el armado de losas para tablero de los puentes.<br><\/p>\n\n\n\n<p>\u201cEstamos muy contentos con el ritmo que est\u00e1 teniendo esta obra, que es la materializaci\u00f3n de un sue\u00f1o, no solamente de las personas de Bah\u00eda Blanca y Tornquist, sino de toda la regi\u00f3n que utiliza la RN 33 como v\u00eda de acceso hacia la zona portuaria y de transici\u00f3n hacia el sur del pa\u00eds.<\/p>\n\n\n\n<p> Es fundamental el trabajo que viene realizando todo el equipo de Vialidad Nacional en conjunto con el Ministerio de Obras P\u00fablicas, por eso el agradecimiento a todos los trabajadores y trabajadoras, al ministro Gabriel Katopodis y al administrador Gustavo Arrieta por las obras que se vienen concretando en todo el pa\u00eds. Esta autopista es un ejemplo de todo ese esfuerzo y un ejemplo de decisi\u00f3n pol\u00edtica del presidente Alberto Fern\u00e1ndez de desplegar obra p\u00fablica en todo el territorio para dar soluciones \u2013en este caso viales-, dinamizando la econom\u00eda en cada una de las regiones del pa\u00eds\u201d, afirm\u00f3 el jefe del distrito local, Gustavo Trankels.<\/p>\n\n\n\n<p><br>La futura autopista que unir\u00e1 Bah\u00eda Blanca con Tornquist potenciar\u00e1 el tr\u00e1nsito y la seguridad vial en una de las v\u00edas de comunicaci\u00f3n m\u00e1s importantes del sur de la provincia de Buenos Aires hacia el puerto de Rosario, pasando por las localidades del corredor productivo agr\u00edcola y ganadero, uni\u00e9ndolo con el puerto de Ingeniero White. El proyecto abarca un tramo de 33 km y mejorar\u00e1 las condiciones de circulaci\u00f3n de m\u00e1s de 4.500 usuarios por d\u00eda.<br><\/p>\n\n\n\n<p>Recordamos que el proyecto contempla la ejecuci\u00f3n de 103 alcantarillas transversales y 28 laterales, as\u00ed como la construcci\u00f3n de 5 intercambiadores (a distinto nivel) tipo diamante para el acceso a las calles vecinales y retornos.<\/p>\n\n\n\n<figure class=\"wp-block-gallery columns-3 is-cropped wp-block-gallery-1 is-layout-flex wp-block-gallery-is-layout-flex\"><ul class=\"blocks-gallery-grid\"><li class=\"blocks-gallery-item\"><figure><img loading=\"lazy\" decoding=\"async\" width=\"1024\" height=\"682\" src=\"http:\/\/www.celttv.com.ar\/wp-content\/uploads\/2021\/06\/170e4093-ea9b-4027-92e3-72bc255d31b6-1024x682.jpg\" alt=\"\" data-id=\"58534\" data-full-url=\"http:\/\/www.celttv.com.ar\/wp-content\/uploads\/2021\/06\/170e4093-ea9b-4027-92e3-72bc255d31b6.jpg\" data-link=\"http:\/\/www.celttv.com.ar\/?attachment_id=58534\" class=\"wp-image-58534\" srcset=\"https:\/\/www.celttv.com.ar\/wp-content\/uploads\/2021\/06\/170e4093-ea9b-4027-92e3-72bc255d31b6-1024x682.jpg 1024w, https:\/\/www.celttv.com.ar\/wp-content\/uploads\/2021\/06\/170e4093-ea9b-4027-92e3-72bc255d31b6-300x200.jpg 300w, https:\/\/www.celttv.com.ar\/wp-content\/uploads\/2021\/06\/170e4093-ea9b-4027-92e3-72bc255d31b6-768x512.jpg 768w, https:\/\/www.celttv.com.ar\/wp-content\/uploads\/2021\/06\/170e4093-ea9b-4027-92e3-72bc255d31b6-750x500.jpg 750w, https:\/\/www.celttv.com.ar\/wp-content\/uploads\/2021\/06\/170e4093-ea9b-4027-92e3-72bc255d31b6-1140x760.jpg 1140w, https:\/\/www.celttv.com.ar\/wp-content\/uploads\/2021\/06\/170e4093-ea9b-4027-92e3-72bc255d31b6.jpg 1280w\" sizes=\"auto, (max-width: 1024px) 100vw, 1024px\" \/><\/figure><\/li><li class=\"blocks-gallery-item\"><figure><img loading=\"lazy\" decoding=\"async\" width=\"1024\" height=\"657\" src=\"http:\/\/www.celttv.com.ar\/wp-content\/uploads\/2021\/06\/26128bf9-7426-4071-981a-7c6aab28ea74-1024x657.jpg\" alt=\"\" data-id=\"58535\" data-full-url=\"http:\/\/www.celttv.com.ar\/wp-content\/uploads\/2021\/06\/26128bf9-7426-4071-981a-7c6aab28ea74.jpg\" data-link=\"http:\/\/www.celttv.com.ar\/?attachment_id=58535\" class=\"wp-image-58535\" srcset=\"https:\/\/www.celttv.com.ar\/wp-content\/uploads\/2021\/06\/26128bf9-7426-4071-981a-7c6aab28ea74-1024x657.jpg 1024w, https:\/\/www.celttv.com.ar\/wp-content\/uploads\/2021\/06\/26128bf9-7426-4071-981a-7c6aab28ea74-300x192.jpg 300w, https:\/\/www.celttv.com.ar\/wp-content\/uploads\/2021\/06\/26128bf9-7426-4071-981a-7c6aab28ea74-768x493.jpg 768w, https:\/\/www.celttv.com.ar\/wp-content\/uploads\/2021\/06\/26128bf9-7426-4071-981a-7c6aab28ea74-750x481.jpg 750w, https:\/\/www.celttv.com.ar\/wp-content\/uploads\/2021\/06\/26128bf9-7426-4071-981a-7c6aab28ea74-1140x731.jpg 1140w, https:\/\/www.celttv.com.ar\/wp-content\/uploads\/2021\/06\/26128bf9-7426-4071-981a-7c6aab28ea74.jpg 1280w\" sizes=\"auto, (max-width: 1024px) 100vw, 1024px\" \/><\/figure><\/li><li class=\"blocks-gallery-item\"><figure><img loading=\"lazy\" decoding=\"async\" width=\"1024\" height=\"1015\" src=\"http:\/\/www.celttv.com.ar\/wp-content\/uploads\/2021\/06\/b6759031-3a6d-4b94-bf06-8c8e948097f9-1024x1015.jpg\" alt=\"\" data-id=\"58536\" data-full-url=\"http:\/\/www.celttv.com.ar\/wp-content\/uploads\/2021\/06\/b6759031-3a6d-4b94-bf06-8c8e948097f9.jpg\" data-link=\"http:\/\/www.celttv.com.ar\/?attachment_id=58536\" class=\"wp-image-58536\" srcset=\"https:\/\/www.celttv.com.ar\/wp-content\/uploads\/2021\/06\/b6759031-3a6d-4b94-bf06-8c8e948097f9-1024x1015.jpg 1024w, https:\/\/www.celttv.com.ar\/wp-content\/uploads\/2021\/06\/b6759031-3a6d-4b94-bf06-8c8e948097f9-300x297.jpg 300w, https:\/\/www.celttv.com.ar\/wp-content\/uploads\/2021\/06\/b6759031-3a6d-4b94-bf06-8c8e948097f9-150x150.jpg 150w, https:\/\/www.celttv.com.ar\/wp-content\/uploads\/2021\/06\/b6759031-3a6d-4b94-bf06-8c8e948097f9-768x761.jpg 768w, https:\/\/www.celttv.com.ar\/wp-content\/uploads\/2021\/06\/b6759031-3a6d-4b94-bf06-8c8e948097f9-75x75.jpg 75w, https:\/\/www.celttv.com.ar\/wp-content\/uploads\/2021\/06\/b6759031-3a6d-4b94-bf06-8c8e948097f9-750x744.jpg 750w, https:\/\/www.celttv.com.ar\/wp-content\/uploads\/2021\/06\/b6759031-3a6d-4b94-bf06-8c8e948097f9-1140x1130.jpg 1140w, https:\/\/www.celttv.com.ar\/wp-content\/uploads\/2021\/06\/b6759031-3a6d-4b94-bf06-8c8e948097f9.jpg 1280w\" sizes=\"auto, (max-width: 1024px) 100vw, 1024px\" \/><\/figure><\/li><\/ul><\/figure>\n","protected":false},"excerpt":{"rendered":"<p>El Ministerio de Obras P\u00fablicas a trav\u00e9s de Vialidad Nacional informa que, contin\u00faan los trabajos en la autopista sobre la Ruta Nacional N\u00b0 33 entre la ciudad de Bah\u00eda Blanca y el distrito de Tornquist. Los trabajos de esta semana corresponden a la ejecuci\u00f3n de suelo entre los km 23 y 25, tareas de construcci\u00f3n [&hellip;]<\/p>\n","protected":false},"author":1,"featured_media":58534,"comment_status":"closed","ping_status":"open","sticky":false,"template":"","format":"standard","meta":{"footnotes":""},"categories":[51,52,58],"tags":[],"class_list":["post-58533","post","type-post","status-publish","format-standard","has-post-thumbnail","hentry","category-comunidad","category-destacadas","category-turismo"],"yoast_head":"<!-- This site is optimized with the Yoast SEO plugin v19.7.1 - https:\/\/yoast.com\/wordpress\/plugins\/seo\/ -->\n<title>Avance de los trabajos en la Autopista RN 33 entre Bah\u00eda Blanca y Tornquist - CELTTV<\/title>\n<meta name=\"description\" content=\"Sitio web de noticias de la localidad de Tornquist, provincia de Buenos Aires, Rep\u00fablica Argentina. Contenido propio originado por periodistas de CELTTV, el canal de TV local de la Cooperativa El\u00e9ctrica de Tornquist. Turismo, Pol\u00edtica, Sociedad, Deporte, Cultura y todo el contenido de inter\u00e9s general que la gente del pueblo y la regi\u00f3n debe conocer.\" \/>\n<meta name=\"robots\" content=\"index, follow, max-snippet:-1, max-image-preview:large, max-video-preview:-1\" \/>\n<link rel=\"canonical\" href=\"https:\/\/www.celttv.com.ar\/index.php\/2021\/06\/29\/avance-de-los-trabajos-en-la-autopista-rn-33-entre-bahia-blanca-y-tornquist\/\" \/>\n<meta property=\"og:locale\" content=\"es_ES\" \/>\n<meta property=\"og:type\" content=\"article\" \/>\n<meta property=\"og:title\" content=\"Avance de los trabajos en la Autopista RN 33 entre Bah\u00eda Blanca y Tornquist - CELTTV\" \/>\n<meta property=\"og:description\" content=\"Sitio web de noticias de la localidad de Tornquist, provincia de Buenos Aires, Rep\u00fablica Argentina. Contenido propio originado por periodistas de CELTTV, el canal de TV local de la Cooperativa El\u00e9ctrica de Tornquist. Turismo, Pol\u00edtica, Sociedad, Deporte, Cultura y todo el contenido de inter\u00e9s general que la gente del pueblo y la regi\u00f3n debe conocer.\" \/>\n<meta property=\"og:url\" content=\"https:\/\/www.celttv.com.ar\/index.php\/2021\/06\/29\/avance-de-los-trabajos-en-la-autopista-rn-33-entre-bahia-blanca-y-tornquist\/\" \/>\n<meta property=\"og:site_name\" content=\"CELTTV\" \/>\n<meta property=\"article:publisher\" content=\"https:\/\/www.facebook.com\/celtTV\/\" \/>\n<meta property=\"article:published_time\" content=\"2021-06-29T13:57:51+00:00\" \/>\n<meta property=\"og:image\" content=\"https:\/\/www.celttv.com.ar\/wp-content\/uploads\/2021\/06\/170e4093-ea9b-4027-92e3-72bc255d31b6.jpg\" \/>\n\t<meta property=\"og:image:width\" content=\"1280\" \/>\n\t<meta property=\"og:image:height\" content=\"853\" \/>\n\t<meta property=\"og:image:type\" content=\"image\/jpeg\" \/>\n<meta name=\"author\" content=\"ulises\" \/>\n<meta name=\"twitter:card\" content=\"summary_large_image\" \/>\n<meta name=\"twitter:label1\" content=\"Escrito por\" \/>\n\t<meta name=\"twitter:data1\" content=\"ulises\" \/>\n\t<meta name=\"twitter:label2\" content=\"Tiempo de lectura\" \/>\n\t<meta name=\"twitter:data2\" content=\"2 minutos\" \/>\n<script type=\"application\/ld+json\" class=\"yoast-schema-graph\">{\"@context\":\"https:\/\/schema.org\",\"@graph\":[{\"@type\":\"NewsArticle\",\"@id\":\"https:\/\/www.celttv.com.ar\/index.php\/2021\/06\/29\/avance-de-los-trabajos-en-la-autopista-rn-33-entre-bahia-blanca-y-tornquist\/#article\",\"isPartOf\":{\"@id\":\"https:\/\/www.celttv.com.ar\/index.php\/2021\/06\/29\/avance-de-los-trabajos-en-la-autopista-rn-33-entre-bahia-blanca-y-tornquist\/\"},\"author\":{\"name\":\"ulises\",\"@id\":\"https:\/\/www.celttv.com.ar\/#\/schema\/person\/6d99c072dba59953809c81446e9d0ace\"},\"headline\":\"Avance de los trabajos en la Autopista RN 33 entre Bah\u00eda Blanca y Tornquist\",\"datePublished\":\"2021-06-29T13:57:51+00:00\",\"dateModified\":\"2021-06-29T13:57:51+00:00\",\"mainEntityOfPage\":{\"@id\":\"https:\/\/www.celttv.com.ar\/index.php\/2021\/06\/29\/avance-de-los-trabajos-en-la-autopista-rn-33-entre-bahia-blanca-y-tornquist\/\"},\"wordCount\":433,\"publisher\":{\"@id\":\"https:\/\/www.celttv.com.ar\/#organization\"},\"articleSection\":[\"Comunidad\",\"Destacadas\",\"Turismo\"],\"inLanguage\":\"es\"},{\"@type\":\"WebPage\",\"@id\":\"https:\/\/www.celttv.com.ar\/index.php\/2021\/06\/29\/avance-de-los-trabajos-en-la-autopista-rn-33-entre-bahia-blanca-y-tornquist\/\",\"url\":\"https:\/\/www.celttv.com.ar\/index.php\/2021\/06\/29\/avance-de-los-trabajos-en-la-autopista-rn-33-entre-bahia-blanca-y-tornquist\/\",\"name\":\"Avance de los trabajos en la Autopista RN 33 entre Bah\u00eda Blanca y Tornquist - CELTTV\",\"isPartOf\":{\"@id\":\"https:\/\/www.celttv.com.ar\/#website\"},\"datePublished\":\"2021-06-29T13:57:51+00:00\",\"dateModified\":\"2021-06-29T13:57:51+00:00\",\"description\":\"Sitio web de noticias de la localidad de Tornquist, provincia de Buenos Aires, Rep\u00fablica Argentina. Contenido propio originado por periodistas de CELTTV, el canal de TV local de la Cooperativa El\u00e9ctrica de Tornquist. Turismo, Pol\u00edtica, Sociedad, Deporte, Cultura y todo el contenido de inter\u00e9s general que la gente del pueblo y la regi\u00f3n debe conocer.\",\"breadcrumb\":{\"@id\":\"https:\/\/www.celttv.com.ar\/index.php\/2021\/06\/29\/avance-de-los-trabajos-en-la-autopista-rn-33-entre-bahia-blanca-y-tornquist\/#breadcrumb\"},\"inLanguage\":\"es\",\"potentialAction\":[{\"@type\":\"ReadAction\",\"target\":[\"https:\/\/www.celttv.com.ar\/index.php\/2021\/06\/29\/avance-de-los-trabajos-en-la-autopista-rn-33-entre-bahia-blanca-y-tornquist\/\"]}]},{\"@type\":\"BreadcrumbList\",\"@id\":\"https:\/\/www.celttv.com.ar\/index.php\/2021\/06\/29\/avance-de-los-trabajos-en-la-autopista-rn-33-entre-bahia-blanca-y-tornquist\/#breadcrumb\",\"itemListElement\":[{\"@type\":\"ListItem\",\"position\":1,\"name\":\"Inicio\",\"item\":\"https:\/\/www.celttv.com.ar\/\"},{\"@type\":\"ListItem\",\"position\":2,\"name\":\"Avance de los trabajos en la Autopista RN 33 entre Bah\u00eda Blanca y Tornquist\"}]},{\"@type\":\"WebSite\",\"@id\":\"https:\/\/www.celttv.com.ar\/#website\",\"url\":\"https:\/\/www.celttv.com.ar\/\",\"name\":\"CELTTV\",\"description\":\"Cooperativa El\u00e9ctrica de Tornquist\",\"publisher\":{\"@id\":\"https:\/\/www.celttv.com.ar\/#organization\"},\"potentialAction\":[{\"@type\":\"SearchAction\",\"target\":{\"@type\":\"EntryPoint\",\"urlTemplate\":\"https:\/\/www.celttv.com.ar\/?s={search_term_string}\"},\"query-input\":\"required name=search_term_string\"}],\"inLanguage\":\"es\"},{\"@type\":\"Organization\",\"@id\":\"https:\/\/www.celttv.com.ar\/#organization\",\"name\":\"CELTTV\",\"url\":\"https:\/\/www.celttv.com.ar\/\",\"sameAs\":[\"https:\/\/www.youtube.com\/channel\/UCz_oIt8Hig64Ub-EmcNPIhg\",\"https:\/\/www.facebook.com\/celtTV\/\"],\"logo\":{\"@type\":\"ImageObject\",\"inLanguage\":\"es\",\"@id\":\"https:\/\/www.celttv.com.ar\/#\/schema\/logo\/image\/\",\"url\":\"http:\/\/www.celttv.com.ar\/wp-content\/uploads\/2022\/08\/logo-1.png\",\"contentUrl\":\"http:\/\/www.celttv.com.ar\/wp-content\/uploads\/2022\/08\/logo-1.png\",\"width\":461,\"height\":159,\"caption\":\"CELTTV\"},\"image\":{\"@id\":\"https:\/\/www.celttv.com.ar\/#\/schema\/logo\/image\/\"}},{\"@type\":\"Person\",\"@id\":\"https:\/\/www.celttv.com.ar\/#\/schema\/person\/6d99c072dba59953809c81446e9d0ace\",\"name\":\"ulises\",\"image\":{\"@type\":\"ImageObject\",\"inLanguage\":\"es\",\"@id\":\"https:\/\/www.celttv.com.ar\/#\/schema\/person\/image\/\",\"url\":\"https:\/\/secure.gravatar.com\/avatar\/7f2c48bdc33b30088f941fb6082e555f2874c98e20cb159d7b92b50eadfce793?s=96&d=mm&r=g\",\"contentUrl\":\"https:\/\/secure.gravatar.com\/avatar\/7f2c48bdc33b30088f941fb6082e555f2874c98e20cb159d7b92b50eadfce793?s=96&d=mm&r=g\",\"caption\":\"ulises\"},\"sameAs\":[\"http:\/\/www.celttv.com.ar\"]}]}<\/script>\n<!-- \/ Yoast SEO plugin. -->","yoast_head_json":{"title":"Avance de los trabajos en la Autopista RN 33 entre Bah\u00eda Blanca y Tornquist - CELTTV","description":"Sitio web de noticias de la localidad de Tornquist, provincia de Buenos Aires, Rep\u00fablica Argentina. Contenido propio originado por periodistas de CELTTV, el canal de TV local de la Cooperativa El\u00e9ctrica de Tornquist. Turismo, Pol\u00edtica, Sociedad, Deporte, Cultura y todo el contenido de inter\u00e9s general que la gente del pueblo y la regi\u00f3n debe conocer.","robots":{"index":"index","follow":"follow","max-snippet":"max-snippet:-1","max-image-preview":"max-image-preview:large","max-video-preview":"max-video-preview:-1"},"canonical":"https:\/\/www.celttv.com.ar\/index.php\/2021\/06\/29\/avance-de-los-trabajos-en-la-autopista-rn-33-entre-bahia-blanca-y-tornquist\/","og_locale":"es_ES","og_type":"article","og_title":"Avance de los trabajos en la Autopista RN 33 entre Bah\u00eda Blanca y Tornquist - CELTTV","og_description":"Sitio web de noticias de la localidad de Tornquist, provincia de Buenos Aires, Rep\u00fablica Argentina. Contenido propio originado por periodistas de CELTTV, el canal de TV local de la Cooperativa El\u00e9ctrica de Tornquist. Turismo, Pol\u00edtica, Sociedad, Deporte, Cultura y todo el contenido de inter\u00e9s general que la gente del pueblo y la regi\u00f3n debe conocer.","og_url":"https:\/\/www.celttv.com.ar\/index.php\/2021\/06\/29\/avance-de-los-trabajos-en-la-autopista-rn-33-entre-bahia-blanca-y-tornquist\/","og_site_name":"CELTTV","article_publisher":"https:\/\/www.facebook.com\/celtTV\/","article_published_time":"2021-06-29T13:57:51+00:00","og_image":[{"width":1280,"height":853,"url":"https:\/\/www.celttv.com.ar\/wp-content\/uploads\/2021\/06\/170e4093-ea9b-4027-92e3-72bc255d31b6.jpg","type":"image\/jpeg"}],"author":"ulises","twitter_card":"summary_large_image","twitter_misc":{"Escrito por":"ulises","Tiempo de lectura":"2 minutos"},"schema":{"@context":"https:\/\/schema.org","@graph":[{"@type":"NewsArticle","@id":"https:\/\/www.celttv.com.ar\/index.php\/2021\/06\/29\/avance-de-los-trabajos-en-la-autopista-rn-33-entre-bahia-blanca-y-tornquist\/#article","isPartOf":{"@id":"https:\/\/www.celttv.com.ar\/index.php\/2021\/06\/29\/avance-de-los-trabajos-en-la-autopista-rn-33-entre-bahia-blanca-y-tornquist\/"},"author":{"name":"ulises","@id":"https:\/\/www.celttv.com.ar\/#\/schema\/person\/6d99c072dba59953809c81446e9d0ace"},"headline":"Avance de los trabajos en la Autopista RN 33 entre Bah\u00eda Blanca y Tornquist","datePublished":"2021-06-29T13:57:51+00:00","dateModified":"2021-06-29T13:57:51+00:00","mainEntityOfPage":{"@id":"https:\/\/www.celttv.com.ar\/index.php\/2021\/06\/29\/avance-de-los-trabajos-en-la-autopista-rn-33-entre-bahia-blanca-y-tornquist\/"},"wordCount":433,"publisher":{"@id":"https:\/\/www.celttv.com.ar\/#organization"},"articleSection":["Comunidad","Destacadas","Turismo"],"inLanguage":"es"},{"@type":"WebPage","@id":"https:\/\/www.celttv.com.ar\/index.php\/2021\/06\/29\/avance-de-los-trabajos-en-la-autopista-rn-33-entre-bahia-blanca-y-tornquist\/","url":"https:\/\/www.celttv.com.ar\/index.php\/2021\/06\/29\/avance-de-los-trabajos-en-la-autopista-rn-33-entre-bahia-blanca-y-tornquist\/","name":"Avance de los trabajos en la Autopista RN 33 entre Bah\u00eda Blanca y Tornquist - CELTTV","isPartOf":{"@id":"https:\/\/www.celttv.com.ar\/#website"},"datePublished":"2021-06-29T13:57:51+00:00","dateModified":"2021-06-29T13:57:51+00:00","description":"Sitio web de noticias de la localidad de Tornquist, provincia de Buenos Aires, Rep\u00fablica Argentina. Contenido propio originado por periodistas de CELTTV, el canal de TV local de la Cooperativa El\u00e9ctrica de Tornquist. Turismo, Pol\u00edtica, Sociedad, Deporte, Cultura y todo el contenido de inter\u00e9s general que la gente del pueblo y la regi\u00f3n debe conocer.","breadcrumb":{"@id":"https:\/\/www.celttv.com.ar\/index.php\/2021\/06\/29\/avance-de-los-trabajos-en-la-autopista-rn-33-entre-bahia-blanca-y-tornquist\/#breadcrumb"},"inLanguage":"es","potentialAction":[{"@type":"ReadAction","target":["https:\/\/www.celttv.com.ar\/index.php\/2021\/06\/29\/avance-de-los-trabajos-en-la-autopista-rn-33-entre-bahia-blanca-y-tornquist\/"]}]},{"@type":"BreadcrumbList","@id":"https:\/\/www.celttv.com.ar\/index.php\/2021\/06\/29\/avance-de-los-trabajos-en-la-autopista-rn-33-entre-bahia-blanca-y-tornquist\/#breadcrumb","itemListElement":[{"@type":"ListItem","position":1,"name":"Inicio","item":"https:\/\/www.celttv.com.ar\/"},{"@type":"ListItem","position":2,"name":"Avance de los trabajos en la Autopista RN 33 entre Bah\u00eda Blanca y Tornquist"}]},{"@type":"WebSite","@id":"https:\/\/www.celttv.com.ar\/#website","url":"https:\/\/www.celttv.com.ar\/","name":"CELTTV","description":"Cooperativa El\u00e9ctrica de Tornquist","publisher":{"@id":"https:\/\/www.celttv.com.ar\/#organization"},"potentialAction":[{"@type":"SearchAction","target":{"@type":"EntryPoint","urlTemplate":"https:\/\/www.celttv.com.ar\/?s={search_term_string}"},"query-input":"required name=search_term_string"}],"inLanguage":"es"},{"@type":"Organization","@id":"https:\/\/www.celttv.com.ar\/#organization","name":"CELTTV","url":"https:\/\/www.celttv.com.ar\/","sameAs":["https:\/\/www.youtube.com\/channel\/UCz_oIt8Hig64Ub-EmcNPIhg","https:\/\/www.facebook.com\/celtTV\/"],"logo":{"@type":"ImageObject","inLanguage":"es","@id":"https:\/\/www.celttv.com.ar\/#\/schema\/logo\/image\/","url":"http:\/\/www.celttv.com.ar\/wp-content\/uploads\/2022\/08\/logo-1.png","contentUrl":"http:\/\/www.celttv.com.ar\/wp-content\/uploads\/2022\/08\/logo-1.png","width":461,"height":159,"caption":"CELTTV"},"image":{"@id":"https:\/\/www.celttv.com.ar\/#\/schema\/logo\/image\/"}},{"@type":"Person","@id":"https:\/\/www.celttv.com.ar\/#\/schema\/person\/6d99c072dba59953809c81446e9d0ace","name":"ulises","image":{"@type":"ImageObject","inLanguage":"es","@id":"https:\/\/www.celttv.com.ar\/#\/schema\/person\/image\/","url":"https:\/\/secure.gravatar.com\/avatar\/7f2c48bdc33b30088f941fb6082e555f2874c98e20cb159d7b92b50eadfce793?s=96&d=mm&r=g","contentUrl":"https:\/\/secure.gravatar.com\/avatar\/7f2c48bdc33b30088f941fb6082e555f2874c98e20cb159d7b92b50eadfce793?s=96&d=mm&r=g","caption":"ulises"},"sameAs":["http:\/\/www.celttv.com.ar"]}]}},"_links":{"self":[{"href":"https:\/\/www.celttv.com.ar\/index.php\/wp-json\/wp\/v2\/posts\/58533","targetHints":{"allow":["GET"]}}],"collection":[{"href":"https:\/\/www.celttv.com.ar\/index.php\/wp-json\/wp\/v2\/posts"}],"about":[{"href":"https:\/\/www.celttv.com.ar\/index.php\/wp-json\/wp\/v2\/types\/post"}],"author":[{"embeddable":true,"href":"https:\/\/www.celttv.com.ar\/index.php\/wp-json\/wp\/v2\/users\/1"}],"replies":[{"embeddable":true,"href":"https:\/\/www.celttv.com.ar\/index.php\/wp-json\/wp\/v2\/comments?post=58533"}],"version-history":[{"count":0,"href":"https:\/\/www.celttv.com.ar\/index.php\/wp-json\/wp\/v2\/posts\/58533\/revisions"}],"wp:featuredmedia":[{"embeddable":true,"href":"https:\/\/www.celttv.com.ar\/index.php\/wp-json\/wp\/v2\/media\/58534"}],"wp:attachment":[{"href":"https:\/\/www.celttv.com.ar\/index.php\/wp-json\/wp\/v2\/media?parent=58533"}],"wp:term":[{"taxonomy":"category","embeddable":true,"href":"https:\/\/www.celttv.com.ar\/index.php\/wp-json\/wp\/v2\/categories?post=58533"},{"taxonomy":"post_tag","embeddable":true,"href":"https:\/\/www.celttv.com.ar\/index.php\/wp-json\/wp\/v2\/tags?post=58533"}],"curies":[{"name":"wp","href":"https:\/\/api.w.org\/{rel}","templated":true}]}}