{"id":58594,"date":"2021-07-02T13:30:27","date_gmt":"2021-07-02T13:30:27","guid":{"rendered":"http:\/\/www.celttv.com.ar\/?p=58594"},"modified":"2021-07-02T13:30:27","modified_gmt":"2021-07-02T13:30:27","slug":"se-realizara-un-timbreo-para-informar-sobre-la-vacunacion-contra-el-covid-19-y-la-separacion-de-residuos-domiciliarios","status":"publish","type":"post","link":"https:\/\/www.celttv.com.ar\/index.php\/2021\/07\/02\/se-realizara-un-timbreo-para-informar-sobre-la-vacunacion-contra-el-covid-19-y-la-separacion-de-residuos-domiciliarios\/","title":{"rendered":"Se realizar\u00e1 un timbreo para informar sobre la vacunaci\u00f3n contra el Covid 19 y la separaci\u00f3n de residuos domiciliarios"},"content":{"rendered":"\n<p>La Direcci\u00f3n de Medio Ambiente del municipio de Tornquist, el Automoto Club Deportivo, la posta de vacunaci\u00f3n contra el Covid 19, la empresa QReciclas y el voluntariado Ventania Verde, realizar\u00e1n este s\u00e1bado una campa\u00f1a de concientizaci\u00f3n casa por casa sobre la importancia de vacunarse y para informar respecto a la separaci\u00f3n domiciliaria de residuos, que se implementar\u00e1 en la ciudad cabecera a partir del pr\u00f3ximo lunes 12.<\/p>\n\n\n\n<p>En una reuni\u00f3n realizada este jueves en la sede de ACDT, los representantes de las mencionadas instituciones y agrupaciones, coincidieron en la necesidad de aunar esfuerzos para generar la menor molestia a la comunicad y que el mismo timbreo permita brindar la mayor informaci\u00f3n posible.<\/p>\n\n\n\n<p>La actividad comenzar\u00e1 a media ma\u00f1ana y ser\u00e1 llevada adelante por 60 personas, todas integrantes de las entidades intervinientes en la iniciativa.<\/p>\n\n\n\n<figure class=\"wp-block-image size-large\"><img loading=\"lazy\" decoding=\"async\" width=\"448\" height=\"480\" src=\"http:\/\/www.celttv.com.ar\/wp-content\/uploads\/2021\/07\/Timbreo-1.jpg\" alt=\"\" class=\"wp-image-58596\" srcset=\"https:\/\/www.celttv.com.ar\/wp-content\/uploads\/2021\/07\/Timbreo-1.jpg 448w, https:\/\/www.celttv.com.ar\/wp-content\/uploads\/2021\/07\/Timbreo-1-280x300.jpg 280w\" sizes=\"auto, (max-width: 448px) 100vw, 448px\" \/><\/figure>\n","protected":false},"excerpt":{"rendered":"<p>La Direcci\u00f3n de Medio Ambiente del municipio de Tornquist, el Automoto Club Deportivo, la posta de vacunaci\u00f3n contra el Covid 19, la empresa QReciclas y el voluntariado Ventania Verde, realizar\u00e1n este s\u00e1bado una campa\u00f1a de concientizaci\u00f3n casa por casa sobre la importancia de vacunarse y para informar respecto a la separaci\u00f3n domiciliaria de residuos, que [&hellip;]<\/p>\n","protected":false},"author":1,"featured_media":58595,"comment_status":"closed","ping_status":"open","sticky":false,"template":"","format":"standard","meta":{"footnotes":""},"categories":[51,52,59],"tags":[],"class_list":["post-58594","post","type-post","status-publish","format-standard","has-post-thumbnail","hentry","category-comunidad","category-destacadas","category-municipales"],"yoast_head":"<!-- This site is optimized with the Yoast SEO plugin v19.7.1 - https:\/\/yoast.com\/wordpress\/plugins\/seo\/ -->\n<title>Se realizar\u00e1 un timbreo para informar sobre la vacunaci\u00f3n contra el Covid 19 y la separaci\u00f3n de residuos domiciliarios - CELTTV<\/title>\n<meta name=\"description\" content=\"Sitio web de noticias de la localidad de Tornquist, provincia de Buenos Aires, Rep\u00fablica Argentina. Contenido propio originado por periodistas de CELTTV, el canal de TV local de la Cooperativa El\u00e9ctrica de Tornquist. Turismo, Pol\u00edtica, Sociedad, Deporte, Cultura y todo el contenido de inter\u00e9s general que la gente del pueblo y la regi\u00f3n debe conocer.\" \/>\n<meta name=\"robots\" content=\"index, follow, max-snippet:-1, max-image-preview:large, max-video-preview:-1\" \/>\n<link rel=\"canonical\" href=\"https:\/\/www.celttv.com.ar\/index.php\/2021\/07\/02\/se-realizara-un-timbreo-para-informar-sobre-la-vacunacion-contra-el-covid-19-y-la-separacion-de-residuos-domiciliarios\/\" \/>\n<meta property=\"og:locale\" content=\"es_ES\" \/>\n<meta property=\"og:type\" content=\"article\" \/>\n<meta property=\"og:title\" content=\"Se realizar\u00e1 un timbreo para informar sobre la vacunaci\u00f3n contra el Covid 19 y la separaci\u00f3n de residuos domiciliarios - CELTTV\" \/>\n<meta property=\"og:description\" content=\"Sitio web de noticias de la localidad de Tornquist, provincia de Buenos Aires, Rep\u00fablica Argentina. Contenido propio originado por periodistas de CELTTV, el canal de TV local de la Cooperativa El\u00e9ctrica de Tornquist. Turismo, Pol\u00edtica, Sociedad, Deporte, Cultura y todo el contenido de inter\u00e9s general que la gente del pueblo y la regi\u00f3n debe conocer.\" \/>\n<meta property=\"og:url\" content=\"https:\/\/www.celttv.com.ar\/index.php\/2021\/07\/02\/se-realizara-un-timbreo-para-informar-sobre-la-vacunacion-contra-el-covid-19-y-la-separacion-de-residuos-domiciliarios\/\" \/>\n<meta property=\"og:site_name\" content=\"CELTTV\" \/>\n<meta property=\"article:publisher\" content=\"https:\/\/www.facebook.com\/celtTV\/\" \/>\n<meta property=\"article:published_time\" content=\"2021-07-02T13:30:27+00:00\" \/>\n<meta property=\"og:image\" content=\"https:\/\/www.celttv.com.ar\/wp-content\/uploads\/2021\/07\/Timbreo.jpg\" \/>\n\t<meta property=\"og:image:width\" content=\"448\" \/>\n\t<meta property=\"og:image:height\" content=\"480\" \/>\n\t<meta property=\"og:image:type\" content=\"image\/jpeg\" \/>\n<meta name=\"author\" content=\"ulises\" \/>\n<meta name=\"twitter:card\" content=\"summary_large_image\" \/>\n<meta name=\"twitter:label1\" content=\"Escrito por\" \/>\n\t<meta name=\"twitter:data1\" content=\"ulises\" \/>\n\t<meta name=\"twitter:label2\" content=\"Tiempo de lectura\" \/>\n\t<meta name=\"twitter:data2\" content=\"1 minuto\" \/>\n<script type=\"application\/ld+json\" class=\"yoast-schema-graph\">{\"@context\":\"https:\/\/schema.org\",\"@graph\":[{\"@type\":\"NewsArticle\",\"@id\":\"https:\/\/www.celttv.com.ar\/index.php\/2021\/07\/02\/se-realizara-un-timbreo-para-informar-sobre-la-vacunacion-contra-el-covid-19-y-la-separacion-de-residuos-domiciliarios\/#article\",\"isPartOf\":{\"@id\":\"https:\/\/www.celttv.com.ar\/index.php\/2021\/07\/02\/se-realizara-un-timbreo-para-informar-sobre-la-vacunacion-contra-el-covid-19-y-la-separacion-de-residuos-domiciliarios\/\"},\"author\":{\"name\":\"ulises\",\"@id\":\"https:\/\/www.celttv.com.ar\/#\/schema\/person\/6d99c072dba59953809c81446e9d0ace\"},\"headline\":\"Se realizar\u00e1 un timbreo para informar sobre la vacunaci\u00f3n contra el Covid 19 y la separaci\u00f3n de residuos domiciliarios\",\"datePublished\":\"2021-07-02T13:30:27+00:00\",\"dateModified\":\"2021-07-02T13:30:27+00:00\",\"mainEntityOfPage\":{\"@id\":\"https:\/\/www.celttv.com.ar\/index.php\/2021\/07\/02\/se-realizara-un-timbreo-para-informar-sobre-la-vacunacion-contra-el-covid-19-y-la-separacion-de-residuos-domiciliarios\/\"},\"wordCount\":162,\"publisher\":{\"@id\":\"https:\/\/www.celttv.com.ar\/#organization\"},\"articleSection\":[\"Comunidad\",\"Destacadas\",\"Municipales\"],\"inLanguage\":\"es\"},{\"@type\":\"WebPage\",\"@id\":\"https:\/\/www.celttv.com.ar\/index.php\/2021\/07\/02\/se-realizara-un-timbreo-para-informar-sobre-la-vacunacion-contra-el-covid-19-y-la-separacion-de-residuos-domiciliarios\/\",\"url\":\"https:\/\/www.celttv.com.ar\/index.php\/2021\/07\/02\/se-realizara-un-timbreo-para-informar-sobre-la-vacunacion-contra-el-covid-19-y-la-separacion-de-residuos-domiciliarios\/\",\"name\":\"Se realizar\u00e1 un timbreo para informar sobre la vacunaci\u00f3n contra el Covid 19 y la separaci\u00f3n de residuos domiciliarios - CELTTV\",\"isPartOf\":{\"@id\":\"https:\/\/www.celttv.com.ar\/#website\"},\"datePublished\":\"2021-07-02T13:30:27+00:00\",\"dateModified\":\"2021-07-02T13:30:27+00:00\",\"description\":\"Sitio web de noticias de la localidad de Tornquist, provincia de Buenos Aires, Rep\u00fablica Argentina. Contenido propio originado por periodistas de CELTTV, el canal de TV local de la Cooperativa El\u00e9ctrica de Tornquist. Turismo, Pol\u00edtica, Sociedad, Deporte, Cultura y todo el contenido de inter\u00e9s general que la gente del pueblo y la regi\u00f3n debe conocer.\",\"breadcrumb\":{\"@id\":\"https:\/\/www.celttv.com.ar\/index.php\/2021\/07\/02\/se-realizara-un-timbreo-para-informar-sobre-la-vacunacion-contra-el-covid-19-y-la-separacion-de-residuos-domiciliarios\/#breadcrumb\"},\"inLanguage\":\"es\",\"potentialAction\":[{\"@type\":\"ReadAction\",\"target\":[\"https:\/\/www.celttv.com.ar\/index.php\/2021\/07\/02\/se-realizara-un-timbreo-para-informar-sobre-la-vacunacion-contra-el-covid-19-y-la-separacion-de-residuos-domiciliarios\/\"]}]},{\"@type\":\"BreadcrumbList\",\"@id\":\"https:\/\/www.celttv.com.ar\/index.php\/2021\/07\/02\/se-realizara-un-timbreo-para-informar-sobre-la-vacunacion-contra-el-covid-19-y-la-separacion-de-residuos-domiciliarios\/#breadcrumb\",\"itemListElement\":[{\"@type\":\"ListItem\",\"position\":1,\"name\":\"Inicio\",\"item\":\"https:\/\/www.celttv.com.ar\/\"},{\"@type\":\"ListItem\",\"position\":2,\"name\":\"Se realizar\u00e1 un timbreo para informar sobre la vacunaci\u00f3n contra el Covid 19 y la separaci\u00f3n de residuos domiciliarios\"}]},{\"@type\":\"WebSite\",\"@id\":\"https:\/\/www.celttv.com.ar\/#website\",\"url\":\"https:\/\/www.celttv.com.ar\/\",\"name\":\"CELTTV\",\"description\":\"Cooperativa El\u00e9ctrica de Tornquist\",\"publisher\":{\"@id\":\"https:\/\/www.celttv.com.ar\/#organization\"},\"potentialAction\":[{\"@type\":\"SearchAction\",\"target\":{\"@type\":\"EntryPoint\",\"urlTemplate\":\"https:\/\/www.celttv.com.ar\/?s={search_term_string}\"},\"query-input\":\"required name=search_term_string\"}],\"inLanguage\":\"es\"},{\"@type\":\"Organization\",\"@id\":\"https:\/\/www.celttv.com.ar\/#organization\",\"name\":\"CELTTV\",\"url\":\"https:\/\/www.celttv.com.ar\/\",\"sameAs\":[\"https:\/\/www.youtube.com\/channel\/UCz_oIt8Hig64Ub-EmcNPIhg\",\"https:\/\/www.facebook.com\/celtTV\/\"],\"logo\":{\"@type\":\"ImageObject\",\"inLanguage\":\"es\",\"@id\":\"https:\/\/www.celttv.com.ar\/#\/schema\/logo\/image\/\",\"url\":\"http:\/\/www.celttv.com.ar\/wp-content\/uploads\/2022\/08\/logo-1.png\",\"contentUrl\":\"http:\/\/www.celttv.com.ar\/wp-content\/uploads\/2022\/08\/logo-1.png\",\"width\":461,\"height\":159,\"caption\":\"CELTTV\"},\"image\":{\"@id\":\"https:\/\/www.celttv.com.ar\/#\/schema\/logo\/image\/\"}},{\"@type\":\"Person\",\"@id\":\"https:\/\/www.celttv.com.ar\/#\/schema\/person\/6d99c072dba59953809c81446e9d0ace\",\"name\":\"ulises\",\"image\":{\"@type\":\"ImageObject\",\"inLanguage\":\"es\",\"@id\":\"https:\/\/www.celttv.com.ar\/#\/schema\/person\/image\/\",\"url\":\"https:\/\/secure.gravatar.com\/avatar\/7f2c48bdc33b30088f941fb6082e555f2874c98e20cb159d7b92b50eadfce793?s=96&d=mm&r=g\",\"contentUrl\":\"https:\/\/secure.gravatar.com\/avatar\/7f2c48bdc33b30088f941fb6082e555f2874c98e20cb159d7b92b50eadfce793?s=96&d=mm&r=g\",\"caption\":\"ulises\"},\"sameAs\":[\"http:\/\/www.celttv.com.ar\"]}]}<\/script>\n<!-- \/ Yoast SEO plugin. -->","yoast_head_json":{"title":"Se realizar\u00e1 un timbreo para informar sobre la vacunaci\u00f3n contra el Covid 19 y la separaci\u00f3n de residuos domiciliarios - CELTTV","description":"Sitio web de noticias de la localidad de Tornquist, provincia de Buenos Aires, Rep\u00fablica Argentina. Contenido propio originado por periodistas de CELTTV, el canal de TV local de la Cooperativa El\u00e9ctrica de Tornquist. Turismo, Pol\u00edtica, Sociedad, Deporte, Cultura y todo el contenido de inter\u00e9s general que la gente del pueblo y la regi\u00f3n debe conocer.","robots":{"index":"index","follow":"follow","max-snippet":"max-snippet:-1","max-image-preview":"max-image-preview:large","max-video-preview":"max-video-preview:-1"},"canonical":"https:\/\/www.celttv.com.ar\/index.php\/2021\/07\/02\/se-realizara-un-timbreo-para-informar-sobre-la-vacunacion-contra-el-covid-19-y-la-separacion-de-residuos-domiciliarios\/","og_locale":"es_ES","og_type":"article","og_title":"Se realizar\u00e1 un timbreo para informar sobre la vacunaci\u00f3n contra el Covid 19 y la separaci\u00f3n de residuos domiciliarios - CELTTV","og_description":"Sitio web de noticias de la localidad de Tornquist, provincia de Buenos Aires, Rep\u00fablica Argentina. Contenido propio originado por periodistas de CELTTV, el canal de TV local de la Cooperativa El\u00e9ctrica de Tornquist. Turismo, Pol\u00edtica, Sociedad, Deporte, Cultura y todo el contenido de inter\u00e9s general que la gente del pueblo y la regi\u00f3n debe conocer.","og_url":"https:\/\/www.celttv.com.ar\/index.php\/2021\/07\/02\/se-realizara-un-timbreo-para-informar-sobre-la-vacunacion-contra-el-covid-19-y-la-separacion-de-residuos-domiciliarios\/","og_site_name":"CELTTV","article_publisher":"https:\/\/www.facebook.com\/celtTV\/","article_published_time":"2021-07-02T13:30:27+00:00","og_image":[{"width":448,"height":480,"url":"https:\/\/www.celttv.com.ar\/wp-content\/uploads\/2021\/07\/Timbreo.jpg","type":"image\/jpeg"}],"author":"ulises","twitter_card":"summary_large_image","twitter_misc":{"Escrito por":"ulises","Tiempo de lectura":"1 minuto"},"schema":{"@context":"https:\/\/schema.org","@graph":[{"@type":"NewsArticle","@id":"https:\/\/www.celttv.com.ar\/index.php\/2021\/07\/02\/se-realizara-un-timbreo-para-informar-sobre-la-vacunacion-contra-el-covid-19-y-la-separacion-de-residuos-domiciliarios\/#article","isPartOf":{"@id":"https:\/\/www.celttv.com.ar\/index.php\/2021\/07\/02\/se-realizara-un-timbreo-para-informar-sobre-la-vacunacion-contra-el-covid-19-y-la-separacion-de-residuos-domiciliarios\/"},"author":{"name":"ulises","@id":"https:\/\/www.celttv.com.ar\/#\/schema\/person\/6d99c072dba59953809c81446e9d0ace"},"headline":"Se realizar\u00e1 un timbreo para informar sobre la vacunaci\u00f3n contra el Covid 19 y la separaci\u00f3n de residuos domiciliarios","datePublished":"2021-07-02T13:30:27+00:00","dateModified":"2021-07-02T13:30:27+00:00","mainEntityOfPage":{"@id":"https:\/\/www.celttv.com.ar\/index.php\/2021\/07\/02\/se-realizara-un-timbreo-para-informar-sobre-la-vacunacion-contra-el-covid-19-y-la-separacion-de-residuos-domiciliarios\/"},"wordCount":162,"publisher":{"@id":"https:\/\/www.celttv.com.ar\/#organization"},"articleSection":["Comunidad","Destacadas","Municipales"],"inLanguage":"es"},{"@type":"WebPage","@id":"https:\/\/www.celttv.com.ar\/index.php\/2021\/07\/02\/se-realizara-un-timbreo-para-informar-sobre-la-vacunacion-contra-el-covid-19-y-la-separacion-de-residuos-domiciliarios\/","url":"https:\/\/www.celttv.com.ar\/index.php\/2021\/07\/02\/se-realizara-un-timbreo-para-informar-sobre-la-vacunacion-contra-el-covid-19-y-la-separacion-de-residuos-domiciliarios\/","name":"Se realizar\u00e1 un timbreo para informar sobre la vacunaci\u00f3n contra el Covid 19 y la separaci\u00f3n de residuos domiciliarios - CELTTV","isPartOf":{"@id":"https:\/\/www.celttv.com.ar\/#website"},"datePublished":"2021-07-02T13:30:27+00:00","dateModified":"2021-07-02T13:30:27+00:00","description":"Sitio web de noticias de la localidad de Tornquist, provincia de Buenos Aires, Rep\u00fablica Argentina. Contenido propio originado por periodistas de CELTTV, el canal de TV local de la Cooperativa El\u00e9ctrica de Tornquist. Turismo, Pol\u00edtica, Sociedad, Deporte, Cultura y todo el contenido de inter\u00e9s general que la gente del pueblo y la regi\u00f3n debe conocer.","breadcrumb":{"@id":"https:\/\/www.celttv.com.ar\/index.php\/2021\/07\/02\/se-realizara-un-timbreo-para-informar-sobre-la-vacunacion-contra-el-covid-19-y-la-separacion-de-residuos-domiciliarios\/#breadcrumb"},"inLanguage":"es","potentialAction":[{"@type":"ReadAction","target":["https:\/\/www.celttv.com.ar\/index.php\/2021\/07\/02\/se-realizara-un-timbreo-para-informar-sobre-la-vacunacion-contra-el-covid-19-y-la-separacion-de-residuos-domiciliarios\/"]}]},{"@type":"BreadcrumbList","@id":"https:\/\/www.celttv.com.ar\/index.php\/2021\/07\/02\/se-realizara-un-timbreo-para-informar-sobre-la-vacunacion-contra-el-covid-19-y-la-separacion-de-residuos-domiciliarios\/#breadcrumb","itemListElement":[{"@type":"ListItem","position":1,"name":"Inicio","item":"https:\/\/www.celttv.com.ar\/"},{"@type":"ListItem","position":2,"name":"Se realizar\u00e1 un timbreo para informar sobre la vacunaci\u00f3n contra el Covid 19 y la separaci\u00f3n de residuos domiciliarios"}]},{"@type":"WebSite","@id":"https:\/\/www.celttv.com.ar\/#website","url":"https:\/\/www.celttv.com.ar\/","name":"CELTTV","description":"Cooperativa El\u00e9ctrica de Tornquist","publisher":{"@id":"https:\/\/www.celttv.com.ar\/#organization"},"potentialAction":[{"@type":"SearchAction","target":{"@type":"EntryPoint","urlTemplate":"https:\/\/www.celttv.com.ar\/?s={search_term_string}"},"query-input":"required name=search_term_string"}],"inLanguage":"es"},{"@type":"Organization","@id":"https:\/\/www.celttv.com.ar\/#organization","name":"CELTTV","url":"https:\/\/www.celttv.com.ar\/","sameAs":["https:\/\/www.youtube.com\/channel\/UCz_oIt8Hig64Ub-EmcNPIhg","https:\/\/www.facebook.com\/celtTV\/"],"logo":{"@type":"ImageObject","inLanguage":"es","@id":"https:\/\/www.celttv.com.ar\/#\/schema\/logo\/image\/","url":"http:\/\/www.celttv.com.ar\/wp-content\/uploads\/2022\/08\/logo-1.png","contentUrl":"http:\/\/www.celttv.com.ar\/wp-content\/uploads\/2022\/08\/logo-1.png","width":461,"height":159,"caption":"CELTTV"},"image":{"@id":"https:\/\/www.celttv.com.ar\/#\/schema\/logo\/image\/"}},{"@type":"Person","@id":"https:\/\/www.celttv.com.ar\/#\/schema\/person\/6d99c072dba59953809c81446e9d0ace","name":"ulises","image":{"@type":"ImageObject","inLanguage":"es","@id":"https:\/\/www.celttv.com.ar\/#\/schema\/person\/image\/","url":"https:\/\/secure.gravatar.com\/avatar\/7f2c48bdc33b30088f941fb6082e555f2874c98e20cb159d7b92b50eadfce793?s=96&d=mm&r=g","contentUrl":"https:\/\/secure.gravatar.com\/avatar\/7f2c48bdc33b30088f941fb6082e555f2874c98e20cb159d7b92b50eadfce793?s=96&d=mm&r=g","caption":"ulises"},"sameAs":["http:\/\/www.celttv.com.ar"]}]}},"_links":{"self":[{"href":"https:\/\/www.celttv.com.ar\/index.php\/wp-json\/wp\/v2\/posts\/58594","targetHints":{"allow":["GET"]}}],"collection":[{"href":"https:\/\/www.celttv.com.ar\/index.php\/wp-json\/wp\/v2\/posts"}],"about":[{"href":"https:\/\/www.celttv.com.ar\/index.php\/wp-json\/wp\/v2\/types\/post"}],"author":[{"embeddable":true,"href":"https:\/\/www.celttv.com.ar\/index.php\/wp-json\/wp\/v2\/users\/1"}],"replies":[{"embeddable":true,"href":"https:\/\/www.celttv.com.ar\/index.php\/wp-json\/wp\/v2\/comments?post=58594"}],"version-history":[{"count":0,"href":"https:\/\/www.celttv.com.ar\/index.php\/wp-json\/wp\/v2\/posts\/58594\/revisions"}],"wp:featuredmedia":[{"embeddable":true,"href":"https:\/\/www.celttv.com.ar\/index.php\/wp-json\/wp\/v2\/media\/58595"}],"wp:attachment":[{"href":"https:\/\/www.celttv.com.ar\/index.php\/wp-json\/wp\/v2\/media?parent=58594"}],"wp:term":[{"taxonomy":"category","embeddable":true,"href":"https:\/\/www.celttv.com.ar\/index.php\/wp-json\/wp\/v2\/categories?post=58594"},{"taxonomy":"post_tag","embeddable":true,"href":"https:\/\/www.celttv.com.ar\/index.php\/wp-json\/wp\/v2\/tags?post=58594"}],"curies":[{"name":"wp","href":"https:\/\/api.w.org\/{rel}","templated":true}]}}