{"id":58603,"date":"2021-07-02T18:20:27","date_gmt":"2021-07-02T18:20:27","guid":{"rendered":"http:\/\/www.celttv.com.ar\/?p=58603"},"modified":"2021-07-02T18:20:27","modified_gmt":"2021-07-02T18:20:27","slug":"se-exime-del-pago-de-tasas-municipales-a-rubros-comerciales-afectados-por-la-pandemia","status":"publish","type":"post","link":"https:\/\/www.celttv.com.ar\/index.php\/2021\/07\/02\/se-exime-del-pago-de-tasas-municipales-a-rubros-comerciales-afectados-por-la-pandemia\/","title":{"rendered":"Se exime del pago de tasas municipales a rubros comerciales afectados por la pandemia"},"content":{"rendered":"\n<p>Tal como lo establece la Ordenanza N\u00b0 3350\/21, impulsada por el Departamento Ejecutivo, el municipio de Tornquist eximir\u00e1 del pago de tasas a rubros comerciales que vieron afectada su actividad econ\u00f3mica por la pandemia de Covid-19.<\/p>\n\n\n\n<p>En primer t\u00e9rmino, se exceptuar\u00e1 del abono de las cuotas 3 a 6 de la Tasa por Inspecci\u00f3n de Seguridad e Higiene, a todos los prestadores y operadores tur\u00edsticos, como restaurantes, confiter\u00edas, salones de t\u00e9, bares y otros establecimientos similares hoteles, alojamientos, hoster\u00edas, caba\u00f1as, camping y similares.<\/p>\n\n\n\n<p>Tambi\u00e9n, se incluir\u00e1 a los comercios que prestan servicios de esparcimiento, como los gimnasios.<\/p>\n\n\n\n<p>Para obtener el beneficio, es requisito tener pagas las cuotas 1 y 2 del presente a\u00f1o de la mencionada tasa antes del 31 de diciembre 2021.<\/p>\n\n\n\n<p>As\u00ed mismo, seeximir\u00e1 del pago de las cuotas 7 a 12 de las Tasas de Salud y Servicios P\u00fablicos Urbanos a los comercios anteriormente mencionados.<\/p>\n\n\n\n<p>Quienes deseen acceder al beneficio, deber\u00e1n:<\/p>\n\n\n\n<p>-Presentar Declaraci\u00f3n Jurada suscripta por el titular del comercio, indicando la partida sobre la cual recae el beneficio de exenci\u00f3n. Debe ser \u00fanica y corresponder al local comercial donde se ejerce la actividad. Se descarga en <a href=\"http:\/\/tornquist.gob.ar\/wp-content\/uploads\/2021\/06\/DDJJ-SEG-HIG-SPU.pdf\">http:\/\/tornquist.gob.ar\/wp-content\/uploads\/2021\/06\/DDJJ-SEG-HIG-SPU.pdf<\/a>.<\/p>\n\n\n\n<p>-Tener abonadas las cuotas 1 a 6 del presente a\u00f1o, de las tasas que se solicita la exenci\u00f3n. Aquellos que las tengan impagas dentro del presente ejercicio, podr\u00e1n regularizar la situaci\u00f3n a trav\u00e9s de Convenio, cuyas cuotas devengar\u00e1n del inter\u00e9s vigente para los planes de facilidades de pago.<\/p>\n\n\n\n<p>La solicitud de las exenciones se realiza v\u00eda mail a <a href=\"mailto:computos@tornquist.gov.ar\">computos@tornquist.gov.ar<\/a>. Por mayor informaci\u00f3n, comunicarse con la oficina de C\u00f3mputos al (0291) 4941075 int. 110.<\/p>\n\n\n\n<figure class=\"wp-block-image size-large\"><img loading=\"lazy\" decoding=\"async\" width=\"1000\" height=\"522\" src=\"http:\/\/www.celttv.com.ar\/wp-content\/uploads\/2021\/07\/tornquist-desde-el-aire-1.jpg\" alt=\"\" class=\"wp-image-58604\" srcset=\"https:\/\/www.celttv.com.ar\/wp-content\/uploads\/2021\/07\/tornquist-desde-el-aire-1.jpg 1000w, https:\/\/www.celttv.com.ar\/wp-content\/uploads\/2021\/07\/tornquist-desde-el-aire-1-300x157.jpg 300w, https:\/\/www.celttv.com.ar\/wp-content\/uploads\/2021\/07\/tornquist-desde-el-aire-1-768x401.jpg 768w, https:\/\/www.celttv.com.ar\/wp-content\/uploads\/2021\/07\/tornquist-desde-el-aire-1-750x392.jpg 750w\" sizes=\"auto, (max-width: 1000px) 100vw, 1000px\" \/><\/figure>\n","protected":false},"excerpt":{"rendered":"<p>Tal como lo establece la Ordenanza N\u00b0 3350\/21, impulsada por el Departamento Ejecutivo, el municipio de Tornquist eximir\u00e1 del pago de tasas a rubros comerciales que vieron afectada su actividad econ\u00f3mica por la pandemia de Covid-19. En primer t\u00e9rmino, se exceptuar\u00e1 del abono de las cuotas 3 a 6 de la Tasa por Inspecci\u00f3n de [&hellip;]<\/p>\n","protected":false},"author":1,"featured_media":58604,"comment_status":"closed","ping_status":"open","sticky":false,"template":"","format":"standard","meta":{"footnotes":""},"categories":[55,51,52],"tags":[],"class_list":["post-58603","post","type-post","status-publish","format-standard","has-post-thumbnail","hentry","category-celt-tv-noticias","category-comunidad","category-destacadas"],"yoast_head":"<!-- This site is optimized with the Yoast SEO plugin v19.7.1 - https:\/\/yoast.com\/wordpress\/plugins\/seo\/ -->\n<title>Se exime del pago de tasas municipales a rubros comerciales afectados por la pandemia - CELTTV<\/title>\n<meta name=\"description\" content=\"Sitio web de noticias de la localidad de Tornquist, provincia de Buenos Aires, Rep\u00fablica Argentina. Contenido propio originado por periodistas de CELTTV, el canal de TV local de la Cooperativa El\u00e9ctrica de Tornquist. Turismo, Pol\u00edtica, Sociedad, Deporte, Cultura y todo el contenido de inter\u00e9s general que la gente del pueblo y la regi\u00f3n debe conocer.\" \/>\n<meta name=\"robots\" content=\"index, follow, max-snippet:-1, max-image-preview:large, max-video-preview:-1\" \/>\n<link rel=\"canonical\" href=\"https:\/\/www.celttv.com.ar\/index.php\/2021\/07\/02\/se-exime-del-pago-de-tasas-municipales-a-rubros-comerciales-afectados-por-la-pandemia\/\" \/>\n<meta property=\"og:locale\" content=\"es_ES\" \/>\n<meta property=\"og:type\" content=\"article\" \/>\n<meta property=\"og:title\" content=\"Se exime del pago de tasas municipales a rubros comerciales afectados por la pandemia - CELTTV\" \/>\n<meta property=\"og:description\" content=\"Sitio web de noticias de la localidad de Tornquist, provincia de Buenos Aires, Rep\u00fablica Argentina. Contenido propio originado por periodistas de CELTTV, el canal de TV local de la Cooperativa El\u00e9ctrica de Tornquist. Turismo, Pol\u00edtica, Sociedad, Deporte, Cultura y todo el contenido de inter\u00e9s general que la gente del pueblo y la regi\u00f3n debe conocer.\" \/>\n<meta property=\"og:url\" content=\"https:\/\/www.celttv.com.ar\/index.php\/2021\/07\/02\/se-exime-del-pago-de-tasas-municipales-a-rubros-comerciales-afectados-por-la-pandemia\/\" \/>\n<meta property=\"og:site_name\" content=\"CELTTV\" \/>\n<meta property=\"article:publisher\" content=\"https:\/\/www.facebook.com\/celtTV\/\" \/>\n<meta property=\"article:published_time\" content=\"2021-07-02T18:20:27+00:00\" \/>\n<meta property=\"og:image\" content=\"https:\/\/www.celttv.com.ar\/wp-content\/uploads\/2021\/07\/tornquist-desde-el-aire-1.jpg\" \/>\n\t<meta property=\"og:image:width\" content=\"1000\" \/>\n\t<meta property=\"og:image:height\" content=\"522\" \/>\n\t<meta property=\"og:image:type\" content=\"image\/jpeg\" \/>\n<meta name=\"author\" content=\"ulises\" \/>\n<meta name=\"twitter:card\" content=\"summary_large_image\" \/>\n<meta name=\"twitter:label1\" content=\"Escrito por\" \/>\n\t<meta name=\"twitter:data1\" content=\"ulises\" \/>\n\t<meta name=\"twitter:label2\" content=\"Tiempo de lectura\" \/>\n\t<meta name=\"twitter:data2\" content=\"1 minuto\" \/>\n<script type=\"application\/ld+json\" class=\"yoast-schema-graph\">{\"@context\":\"https:\/\/schema.org\",\"@graph\":[{\"@type\":\"NewsArticle\",\"@id\":\"https:\/\/www.celttv.com.ar\/index.php\/2021\/07\/02\/se-exime-del-pago-de-tasas-municipales-a-rubros-comerciales-afectados-por-la-pandemia\/#article\",\"isPartOf\":{\"@id\":\"https:\/\/www.celttv.com.ar\/index.php\/2021\/07\/02\/se-exime-del-pago-de-tasas-municipales-a-rubros-comerciales-afectados-por-la-pandemia\/\"},\"author\":{\"name\":\"ulises\",\"@id\":\"https:\/\/www.celttv.com.ar\/#\/schema\/person\/6d99c072dba59953809c81446e9d0ace\"},\"headline\":\"Se exime del pago de tasas municipales a rubros comerciales afectados por la pandemia\",\"datePublished\":\"2021-07-02T18:20:27+00:00\",\"dateModified\":\"2021-07-02T18:20:27+00:00\",\"mainEntityOfPage\":{\"@id\":\"https:\/\/www.celttv.com.ar\/index.php\/2021\/07\/02\/se-exime-del-pago-de-tasas-municipales-a-rubros-comerciales-afectados-por-la-pandemia\/\"},\"wordCount\":297,\"publisher\":{\"@id\":\"https:\/\/www.celttv.com.ar\/#organization\"},\"articleSection\":[\"Celt TV Noticias\",\"Comunidad\",\"Destacadas\"],\"inLanguage\":\"es\"},{\"@type\":\"WebPage\",\"@id\":\"https:\/\/www.celttv.com.ar\/index.php\/2021\/07\/02\/se-exime-del-pago-de-tasas-municipales-a-rubros-comerciales-afectados-por-la-pandemia\/\",\"url\":\"https:\/\/www.celttv.com.ar\/index.php\/2021\/07\/02\/se-exime-del-pago-de-tasas-municipales-a-rubros-comerciales-afectados-por-la-pandemia\/\",\"name\":\"Se exime del pago de tasas municipales a rubros comerciales afectados por la pandemia - CELTTV\",\"isPartOf\":{\"@id\":\"https:\/\/www.celttv.com.ar\/#website\"},\"datePublished\":\"2021-07-02T18:20:27+00:00\",\"dateModified\":\"2021-07-02T18:20:27+00:00\",\"description\":\"Sitio web de noticias de la localidad de Tornquist, provincia de Buenos Aires, Rep\u00fablica Argentina. Contenido propio originado por periodistas de CELTTV, el canal de TV local de la Cooperativa El\u00e9ctrica de Tornquist. Turismo, Pol\u00edtica, Sociedad, Deporte, Cultura y todo el contenido de inter\u00e9s general que la gente del pueblo y la regi\u00f3n debe conocer.\",\"breadcrumb\":{\"@id\":\"https:\/\/www.celttv.com.ar\/index.php\/2021\/07\/02\/se-exime-del-pago-de-tasas-municipales-a-rubros-comerciales-afectados-por-la-pandemia\/#breadcrumb\"},\"inLanguage\":\"es\",\"potentialAction\":[{\"@type\":\"ReadAction\",\"target\":[\"https:\/\/www.celttv.com.ar\/index.php\/2021\/07\/02\/se-exime-del-pago-de-tasas-municipales-a-rubros-comerciales-afectados-por-la-pandemia\/\"]}]},{\"@type\":\"BreadcrumbList\",\"@id\":\"https:\/\/www.celttv.com.ar\/index.php\/2021\/07\/02\/se-exime-del-pago-de-tasas-municipales-a-rubros-comerciales-afectados-por-la-pandemia\/#breadcrumb\",\"itemListElement\":[{\"@type\":\"ListItem\",\"position\":1,\"name\":\"Inicio\",\"item\":\"https:\/\/www.celttv.com.ar\/\"},{\"@type\":\"ListItem\",\"position\":2,\"name\":\"Se exime del pago de tasas municipales a rubros comerciales afectados por la pandemia\"}]},{\"@type\":\"WebSite\",\"@id\":\"https:\/\/www.celttv.com.ar\/#website\",\"url\":\"https:\/\/www.celttv.com.ar\/\",\"name\":\"CELTTV\",\"description\":\"Cooperativa El\u00e9ctrica de Tornquist\",\"publisher\":{\"@id\":\"https:\/\/www.celttv.com.ar\/#organization\"},\"potentialAction\":[{\"@type\":\"SearchAction\",\"target\":{\"@type\":\"EntryPoint\",\"urlTemplate\":\"https:\/\/www.celttv.com.ar\/?s={search_term_string}\"},\"query-input\":\"required name=search_term_string\"}],\"inLanguage\":\"es\"},{\"@type\":\"Organization\",\"@id\":\"https:\/\/www.celttv.com.ar\/#organization\",\"name\":\"CELTTV\",\"url\":\"https:\/\/www.celttv.com.ar\/\",\"sameAs\":[\"https:\/\/www.youtube.com\/channel\/UCz_oIt8Hig64Ub-EmcNPIhg\",\"https:\/\/www.facebook.com\/celtTV\/\"],\"logo\":{\"@type\":\"ImageObject\",\"inLanguage\":\"es\",\"@id\":\"https:\/\/www.celttv.com.ar\/#\/schema\/logo\/image\/\",\"url\":\"http:\/\/www.celttv.com.ar\/wp-content\/uploads\/2022\/08\/logo-1.png\",\"contentUrl\":\"http:\/\/www.celttv.com.ar\/wp-content\/uploads\/2022\/08\/logo-1.png\",\"width\":461,\"height\":159,\"caption\":\"CELTTV\"},\"image\":{\"@id\":\"https:\/\/www.celttv.com.ar\/#\/schema\/logo\/image\/\"}},{\"@type\":\"Person\",\"@id\":\"https:\/\/www.celttv.com.ar\/#\/schema\/person\/6d99c072dba59953809c81446e9d0ace\",\"name\":\"ulises\",\"image\":{\"@type\":\"ImageObject\",\"inLanguage\":\"es\",\"@id\":\"https:\/\/www.celttv.com.ar\/#\/schema\/person\/image\/\",\"url\":\"https:\/\/secure.gravatar.com\/avatar\/7f2c48bdc33b30088f941fb6082e555f2874c98e20cb159d7b92b50eadfce793?s=96&d=mm&r=g\",\"contentUrl\":\"https:\/\/secure.gravatar.com\/avatar\/7f2c48bdc33b30088f941fb6082e555f2874c98e20cb159d7b92b50eadfce793?s=96&d=mm&r=g\",\"caption\":\"ulises\"},\"sameAs\":[\"http:\/\/www.celttv.com.ar\"]}]}<\/script>\n<!-- \/ Yoast SEO plugin. -->","yoast_head_json":{"title":"Se exime del pago de tasas municipales a rubros comerciales afectados por la pandemia - CELTTV","description":"Sitio web de noticias de la localidad de Tornquist, provincia de Buenos Aires, Rep\u00fablica Argentina. Contenido propio originado por periodistas de CELTTV, el canal de TV local de la Cooperativa El\u00e9ctrica de Tornquist. Turismo, Pol\u00edtica, Sociedad, Deporte, Cultura y todo el contenido de inter\u00e9s general que la gente del pueblo y la regi\u00f3n debe conocer.","robots":{"index":"index","follow":"follow","max-snippet":"max-snippet:-1","max-image-preview":"max-image-preview:large","max-video-preview":"max-video-preview:-1"},"canonical":"https:\/\/www.celttv.com.ar\/index.php\/2021\/07\/02\/se-exime-del-pago-de-tasas-municipales-a-rubros-comerciales-afectados-por-la-pandemia\/","og_locale":"es_ES","og_type":"article","og_title":"Se exime del pago de tasas municipales a rubros comerciales afectados por la pandemia - CELTTV","og_description":"Sitio web de noticias de la localidad de Tornquist, provincia de Buenos Aires, Rep\u00fablica Argentina. Contenido propio originado por periodistas de CELTTV, el canal de TV local de la Cooperativa El\u00e9ctrica de Tornquist. Turismo, Pol\u00edtica, Sociedad, Deporte, Cultura y todo el contenido de inter\u00e9s general que la gente del pueblo y la regi\u00f3n debe conocer.","og_url":"https:\/\/www.celttv.com.ar\/index.php\/2021\/07\/02\/se-exime-del-pago-de-tasas-municipales-a-rubros-comerciales-afectados-por-la-pandemia\/","og_site_name":"CELTTV","article_publisher":"https:\/\/www.facebook.com\/celtTV\/","article_published_time":"2021-07-02T18:20:27+00:00","og_image":[{"width":1000,"height":522,"url":"https:\/\/www.celttv.com.ar\/wp-content\/uploads\/2021\/07\/tornquist-desde-el-aire-1.jpg","type":"image\/jpeg"}],"author":"ulises","twitter_card":"summary_large_image","twitter_misc":{"Escrito por":"ulises","Tiempo de lectura":"1 minuto"},"schema":{"@context":"https:\/\/schema.org","@graph":[{"@type":"NewsArticle","@id":"https:\/\/www.celttv.com.ar\/index.php\/2021\/07\/02\/se-exime-del-pago-de-tasas-municipales-a-rubros-comerciales-afectados-por-la-pandemia\/#article","isPartOf":{"@id":"https:\/\/www.celttv.com.ar\/index.php\/2021\/07\/02\/se-exime-del-pago-de-tasas-municipales-a-rubros-comerciales-afectados-por-la-pandemia\/"},"author":{"name":"ulises","@id":"https:\/\/www.celttv.com.ar\/#\/schema\/person\/6d99c072dba59953809c81446e9d0ace"},"headline":"Se exime del pago de tasas municipales a rubros comerciales afectados por la pandemia","datePublished":"2021-07-02T18:20:27+00:00","dateModified":"2021-07-02T18:20:27+00:00","mainEntityOfPage":{"@id":"https:\/\/www.celttv.com.ar\/index.php\/2021\/07\/02\/se-exime-del-pago-de-tasas-municipales-a-rubros-comerciales-afectados-por-la-pandemia\/"},"wordCount":297,"publisher":{"@id":"https:\/\/www.celttv.com.ar\/#organization"},"articleSection":["Celt TV Noticias","Comunidad","Destacadas"],"inLanguage":"es"},{"@type":"WebPage","@id":"https:\/\/www.celttv.com.ar\/index.php\/2021\/07\/02\/se-exime-del-pago-de-tasas-municipales-a-rubros-comerciales-afectados-por-la-pandemia\/","url":"https:\/\/www.celttv.com.ar\/index.php\/2021\/07\/02\/se-exime-del-pago-de-tasas-municipales-a-rubros-comerciales-afectados-por-la-pandemia\/","name":"Se exime del pago de tasas municipales a rubros comerciales afectados por la pandemia - CELTTV","isPartOf":{"@id":"https:\/\/www.celttv.com.ar\/#website"},"datePublished":"2021-07-02T18:20:27+00:00","dateModified":"2021-07-02T18:20:27+00:00","description":"Sitio web de noticias de la localidad de Tornquist, provincia de Buenos Aires, Rep\u00fablica Argentina. Contenido propio originado por periodistas de CELTTV, el canal de TV local de la Cooperativa El\u00e9ctrica de Tornquist. Turismo, Pol\u00edtica, Sociedad, Deporte, Cultura y todo el contenido de inter\u00e9s general que la gente del pueblo y la regi\u00f3n debe conocer.","breadcrumb":{"@id":"https:\/\/www.celttv.com.ar\/index.php\/2021\/07\/02\/se-exime-del-pago-de-tasas-municipales-a-rubros-comerciales-afectados-por-la-pandemia\/#breadcrumb"},"inLanguage":"es","potentialAction":[{"@type":"ReadAction","target":["https:\/\/www.celttv.com.ar\/index.php\/2021\/07\/02\/se-exime-del-pago-de-tasas-municipales-a-rubros-comerciales-afectados-por-la-pandemia\/"]}]},{"@type":"BreadcrumbList","@id":"https:\/\/www.celttv.com.ar\/index.php\/2021\/07\/02\/se-exime-del-pago-de-tasas-municipales-a-rubros-comerciales-afectados-por-la-pandemia\/#breadcrumb","itemListElement":[{"@type":"ListItem","position":1,"name":"Inicio","item":"https:\/\/www.celttv.com.ar\/"},{"@type":"ListItem","position":2,"name":"Se exime del pago de tasas municipales a rubros comerciales afectados por la pandemia"}]},{"@type":"WebSite","@id":"https:\/\/www.celttv.com.ar\/#website","url":"https:\/\/www.celttv.com.ar\/","name":"CELTTV","description":"Cooperativa El\u00e9ctrica de Tornquist","publisher":{"@id":"https:\/\/www.celttv.com.ar\/#organization"},"potentialAction":[{"@type":"SearchAction","target":{"@type":"EntryPoint","urlTemplate":"https:\/\/www.celttv.com.ar\/?s={search_term_string}"},"query-input":"required name=search_term_string"}],"inLanguage":"es"},{"@type":"Organization","@id":"https:\/\/www.celttv.com.ar\/#organization","name":"CELTTV","url":"https:\/\/www.celttv.com.ar\/","sameAs":["https:\/\/www.youtube.com\/channel\/UCz_oIt8Hig64Ub-EmcNPIhg","https:\/\/www.facebook.com\/celtTV\/"],"logo":{"@type":"ImageObject","inLanguage":"es","@id":"https:\/\/www.celttv.com.ar\/#\/schema\/logo\/image\/","url":"http:\/\/www.celttv.com.ar\/wp-content\/uploads\/2022\/08\/logo-1.png","contentUrl":"http:\/\/www.celttv.com.ar\/wp-content\/uploads\/2022\/08\/logo-1.png","width":461,"height":159,"caption":"CELTTV"},"image":{"@id":"https:\/\/www.celttv.com.ar\/#\/schema\/logo\/image\/"}},{"@type":"Person","@id":"https:\/\/www.celttv.com.ar\/#\/schema\/person\/6d99c072dba59953809c81446e9d0ace","name":"ulises","image":{"@type":"ImageObject","inLanguage":"es","@id":"https:\/\/www.celttv.com.ar\/#\/schema\/person\/image\/","url":"https:\/\/secure.gravatar.com\/avatar\/7f2c48bdc33b30088f941fb6082e555f2874c98e20cb159d7b92b50eadfce793?s=96&d=mm&r=g","contentUrl":"https:\/\/secure.gravatar.com\/avatar\/7f2c48bdc33b30088f941fb6082e555f2874c98e20cb159d7b92b50eadfce793?s=96&d=mm&r=g","caption":"ulises"},"sameAs":["http:\/\/www.celttv.com.ar"]}]}},"_links":{"self":[{"href":"https:\/\/www.celttv.com.ar\/index.php\/wp-json\/wp\/v2\/posts\/58603","targetHints":{"allow":["GET"]}}],"collection":[{"href":"https:\/\/www.celttv.com.ar\/index.php\/wp-json\/wp\/v2\/posts"}],"about":[{"href":"https:\/\/www.celttv.com.ar\/index.php\/wp-json\/wp\/v2\/types\/post"}],"author":[{"embeddable":true,"href":"https:\/\/www.celttv.com.ar\/index.php\/wp-json\/wp\/v2\/users\/1"}],"replies":[{"embeddable":true,"href":"https:\/\/www.celttv.com.ar\/index.php\/wp-json\/wp\/v2\/comments?post=58603"}],"version-history":[{"count":0,"href":"https:\/\/www.celttv.com.ar\/index.php\/wp-json\/wp\/v2\/posts\/58603\/revisions"}],"wp:featuredmedia":[{"embeddable":true,"href":"https:\/\/www.celttv.com.ar\/index.php\/wp-json\/wp\/v2\/media\/58604"}],"wp:attachment":[{"href":"https:\/\/www.celttv.com.ar\/index.php\/wp-json\/wp\/v2\/media?parent=58603"}],"wp:term":[{"taxonomy":"category","embeddable":true,"href":"https:\/\/www.celttv.com.ar\/index.php\/wp-json\/wp\/v2\/categories?post=58603"},{"taxonomy":"post_tag","embeddable":true,"href":"https:\/\/www.celttv.com.ar\/index.php\/wp-json\/wp\/v2\/tags?post=58603"}],"curies":[{"name":"wp","href":"https:\/\/api.w.org\/{rel}","templated":true}]}}