{"id":58623,"date":"2021-07-02T20:31:24","date_gmt":"2021-07-02T20:31:24","guid":{"rendered":"http:\/\/www.celttv.com.ar\/?p=58623"},"modified":"2021-07-02T20:31:24","modified_gmt":"2021-07-02T20:31:24","slug":"la-a-pre-vi-de-autoriza-el-regreso-del-futbol-a-partir-de-la-fase-3","status":"publish","type":"post","link":"https:\/\/www.celttv.com.ar\/index.php\/2021\/07\/02\/la-a-pre-vi-de-autoriza-el-regreso-del-futbol-a-partir-de-la-fase-3\/","title":{"rendered":"La A.Pre.Vi.De. autoriza el regreso del f\u00fatbol a partir de la fase 3"},"content":{"rendered":"\n<p>La Agencia de Prevenci\u00f3n de la Violencia en el Deporte (A.Pre.Vi.De.) inform\u00f3 mediante un comunicado \u2013con fecha 30 de junio\u2013 para que \u201cse informe a las estaciones policiales\u201d que los municipios que se encuentren en fase 3, 4 y 5 \u201cest\u00e1n autorizados a disputar encuentros futbol\u00edsticos\u201d.<\/p>\n\n\n\n<p>Seg\u00fan la Resoluci\u00f3n N\u00b0 1555 emitida por la Jefatura de Gabinete de Ministros, todos los municipios de la provincia de Buenos Aires que se encuentran en Fase 3, 4 y 5, est\u00e1n autorizados a disputar encuentros futbol\u00edsticos pertenecientes a la Liga de F\u00fatbol.<\/p>\n\n\n\n<p>Esto siempre bajo los protocolos expuestos por el Consejo Federal, el estricto cumplimiento de las medidas de seguridad y condiciones establecidas por COVID-19\u201d, dice el mensaje firmado por Patricio Castro, Director Provincial de Coordinaci\u00f3n y Fiscalizaci\u00f3n Operativa.<\/p>\n\n\n\n<p>En lo que respecta a los distritos que conforman la Liga Regional de F\u00fatbol de Coronel Su\u00e1rez, hoy est\u00e1n en fase 3 Guamin\u00ed, Saavedra-Pig\u00fc\u00e9 y Adolfo Alsina, mientras Coronel Su\u00e1rez, Puan y Tornquist permanecen en fase 2.<\/p>\n\n\n\n<p>Hay que recordar que, en Primera Divisi\u00f3n y en Reserva, se disput\u00f3 s\u00f3lo una fecha del torneo Apertura, mientras en divisiones \u00fanicamente en forma parcial la jornada inaugural, antes de la suspensi\u00f3n por la emergencia sanitaria.<\/p>\n\n\n\n<p>En ligas vecinas se comunicaron con sus pares del Consejo Federal de la A.F.A., a quienes consultaron sobre el ingreso de p\u00fablico, a lo que contestaron: \u201cEn las jornadas de las divisiones menores y juveniles puede ir cada chico acompa\u00f1ado de un adulto, mientras que en la Primera divisi\u00f3n las delegaciones deben estar integradas por 40 personas cada una\u201d.<\/p>\n\n\n\n<p>Hacen alusi\u00f3n tambi\u00e9n a que \u201cel club que hace las veces de local deber\u00e1 disponer de entre 5 y 10 personas m\u00e1s para la organizaci\u00f3n de los encuentros\u201d.<\/p>\n\n\n\n<p>Tambi\u00e9n dejan en claro que \u201cGustavo G\u00f3mez, titular de la A.Pre.Vi.De., est\u00e1 trabajando para ampliar ese cupo dependiendo del comportamiento de la pandemia en cada ciudad, para lo cual deber\u00e1 tener el consentimiento de la Municipalidad\u201d.<\/p>\n\n\n\n<p>Fuente: Nuevo Dia Digital<\/p>\n","protected":false},"excerpt":{"rendered":"<p>La Agencia de Prevenci\u00f3n de la Violencia en el Deporte (A.Pre.Vi.De.) inform\u00f3 mediante un comunicado \u2013con fecha 30 de junio\u2013 para que \u201cse informe a las estaciones policiales\u201d que los municipios que se encuentren en fase 3, 4 y 5 \u201cest\u00e1n autorizados a disputar encuentros futbol\u00edsticos\u201d. Seg\u00fan la Resoluci\u00f3n N\u00b0 1555 emitida por la Jefatura [&hellip;]<\/p>\n","protected":false},"author":1,"featured_media":58624,"comment_status":"closed","ping_status":"open","sticky":false,"template":"","format":"standard","meta":{"footnotes":""},"categories":[51,60,62,52],"tags":[],"class_list":["post-58623","post","type-post","status-publish","format-standard","has-post-thumbnail","hentry","category-comunidad","category-deporte","category-deportes","category-destacadas"],"yoast_head":"<!-- This site is optimized with the Yoast SEO plugin v19.7.1 - https:\/\/yoast.com\/wordpress\/plugins\/seo\/ -->\n<title>La A.Pre.Vi.De. autoriza el regreso del f\u00fatbol a partir de la fase 3 - CELTTV<\/title>\n<meta name=\"description\" content=\"Sitio web de noticias de la localidad de Tornquist, provincia de Buenos Aires, Rep\u00fablica Argentina. Contenido propio originado por periodistas de CELTTV, el canal de TV local de la Cooperativa El\u00e9ctrica de Tornquist. Turismo, Pol\u00edtica, Sociedad, Deporte, Cultura y todo el contenido de inter\u00e9s general que la gente del pueblo y la regi\u00f3n debe conocer.\" \/>\n<meta name=\"robots\" content=\"index, follow, max-snippet:-1, max-image-preview:large, max-video-preview:-1\" \/>\n<link rel=\"canonical\" href=\"https:\/\/www.celttv.com.ar\/index.php\/2021\/07\/02\/la-a-pre-vi-de-autoriza-el-regreso-del-futbol-a-partir-de-la-fase-3\/\" \/>\n<meta property=\"og:locale\" content=\"es_ES\" \/>\n<meta property=\"og:type\" content=\"article\" \/>\n<meta property=\"og:title\" content=\"La A.Pre.Vi.De. autoriza el regreso del f\u00fatbol a partir de la fase 3 - CELTTV\" \/>\n<meta property=\"og:description\" content=\"Sitio web de noticias de la localidad de Tornquist, provincia de Buenos Aires, Rep\u00fablica Argentina. Contenido propio originado por periodistas de CELTTV, el canal de TV local de la Cooperativa El\u00e9ctrica de Tornquist. Turismo, Pol\u00edtica, Sociedad, Deporte, Cultura y todo el contenido de inter\u00e9s general que la gente del pueblo y la regi\u00f3n debe conocer.\" \/>\n<meta property=\"og:url\" content=\"https:\/\/www.celttv.com.ar\/index.php\/2021\/07\/02\/la-a-pre-vi-de-autoriza-el-regreso-del-futbol-a-partir-de-la-fase-3\/\" \/>\n<meta property=\"og:site_name\" content=\"CELTTV\" \/>\n<meta property=\"article:publisher\" content=\"https:\/\/www.facebook.com\/celtTV\/\" \/>\n<meta property=\"article:published_time\" content=\"2021-07-02T20:31:24+00:00\" \/>\n<meta property=\"og:image\" content=\"https:\/\/www.celttv.com.ar\/wp-content\/uploads\/2021\/07\/futbolista-750x430-1.jpg\" \/>\n\t<meta property=\"og:image:width\" content=\"750\" \/>\n\t<meta property=\"og:image:height\" content=\"430\" \/>\n\t<meta property=\"og:image:type\" content=\"image\/jpeg\" \/>\n<meta name=\"author\" content=\"ulises\" \/>\n<meta name=\"twitter:card\" content=\"summary_large_image\" \/>\n<meta name=\"twitter:label1\" content=\"Escrito por\" \/>\n\t<meta name=\"twitter:data1\" content=\"ulises\" \/>\n\t<meta name=\"twitter:label2\" content=\"Tiempo de lectura\" \/>\n\t<meta name=\"twitter:data2\" content=\"2 minutos\" \/>\n<script type=\"application\/ld+json\" class=\"yoast-schema-graph\">{\"@context\":\"https:\/\/schema.org\",\"@graph\":[{\"@type\":\"NewsArticle\",\"@id\":\"https:\/\/www.celttv.com.ar\/index.php\/2021\/07\/02\/la-a-pre-vi-de-autoriza-el-regreso-del-futbol-a-partir-de-la-fase-3\/#article\",\"isPartOf\":{\"@id\":\"https:\/\/www.celttv.com.ar\/index.php\/2021\/07\/02\/la-a-pre-vi-de-autoriza-el-regreso-del-futbol-a-partir-de-la-fase-3\/\"},\"author\":{\"name\":\"ulises\",\"@id\":\"https:\/\/www.celttv.com.ar\/#\/schema\/person\/6d99c072dba59953809c81446e9d0ace\"},\"headline\":\"La A.Pre.Vi.De. autoriza el regreso del f\u00fatbol a partir de la fase 3\",\"datePublished\":\"2021-07-02T20:31:24+00:00\",\"dateModified\":\"2021-07-02T20:31:24+00:00\",\"mainEntityOfPage\":{\"@id\":\"https:\/\/www.celttv.com.ar\/index.php\/2021\/07\/02\/la-a-pre-vi-de-autoriza-el-regreso-del-futbol-a-partir-de-la-fase-3\/\"},\"wordCount\":363,\"publisher\":{\"@id\":\"https:\/\/www.celttv.com.ar\/#organization\"},\"articleSection\":[\"Comunidad\",\"Deporte\",\"Deportes\",\"Destacadas\"],\"inLanguage\":\"es\"},{\"@type\":\"WebPage\",\"@id\":\"https:\/\/www.celttv.com.ar\/index.php\/2021\/07\/02\/la-a-pre-vi-de-autoriza-el-regreso-del-futbol-a-partir-de-la-fase-3\/\",\"url\":\"https:\/\/www.celttv.com.ar\/index.php\/2021\/07\/02\/la-a-pre-vi-de-autoriza-el-regreso-del-futbol-a-partir-de-la-fase-3\/\",\"name\":\"La A.Pre.Vi.De. autoriza el regreso del f\u00fatbol a partir de la fase 3 - CELTTV\",\"isPartOf\":{\"@id\":\"https:\/\/www.celttv.com.ar\/#website\"},\"datePublished\":\"2021-07-02T20:31:24+00:00\",\"dateModified\":\"2021-07-02T20:31:24+00:00\",\"description\":\"Sitio web de noticias de la localidad de Tornquist, provincia de Buenos Aires, Rep\u00fablica Argentina. Contenido propio originado por periodistas de CELTTV, el canal de TV local de la Cooperativa El\u00e9ctrica de Tornquist. Turismo, Pol\u00edtica, Sociedad, Deporte, Cultura y todo el contenido de inter\u00e9s general que la gente del pueblo y la regi\u00f3n debe conocer.\",\"breadcrumb\":{\"@id\":\"https:\/\/www.celttv.com.ar\/index.php\/2021\/07\/02\/la-a-pre-vi-de-autoriza-el-regreso-del-futbol-a-partir-de-la-fase-3\/#breadcrumb\"},\"inLanguage\":\"es\",\"potentialAction\":[{\"@type\":\"ReadAction\",\"target\":[\"https:\/\/www.celttv.com.ar\/index.php\/2021\/07\/02\/la-a-pre-vi-de-autoriza-el-regreso-del-futbol-a-partir-de-la-fase-3\/\"]}]},{\"@type\":\"BreadcrumbList\",\"@id\":\"https:\/\/www.celttv.com.ar\/index.php\/2021\/07\/02\/la-a-pre-vi-de-autoriza-el-regreso-del-futbol-a-partir-de-la-fase-3\/#breadcrumb\",\"itemListElement\":[{\"@type\":\"ListItem\",\"position\":1,\"name\":\"Inicio\",\"item\":\"https:\/\/www.celttv.com.ar\/\"},{\"@type\":\"ListItem\",\"position\":2,\"name\":\"La A.Pre.Vi.De. autoriza el regreso del f\u00fatbol a partir de la fase 3\"}]},{\"@type\":\"WebSite\",\"@id\":\"https:\/\/www.celttv.com.ar\/#website\",\"url\":\"https:\/\/www.celttv.com.ar\/\",\"name\":\"CELTTV\",\"description\":\"Cooperativa El\u00e9ctrica de Tornquist\",\"publisher\":{\"@id\":\"https:\/\/www.celttv.com.ar\/#organization\"},\"potentialAction\":[{\"@type\":\"SearchAction\",\"target\":{\"@type\":\"EntryPoint\",\"urlTemplate\":\"https:\/\/www.celttv.com.ar\/?s={search_term_string}\"},\"query-input\":\"required name=search_term_string\"}],\"inLanguage\":\"es\"},{\"@type\":\"Organization\",\"@id\":\"https:\/\/www.celttv.com.ar\/#organization\",\"name\":\"CELTTV\",\"url\":\"https:\/\/www.celttv.com.ar\/\",\"sameAs\":[\"https:\/\/www.youtube.com\/channel\/UCz_oIt8Hig64Ub-EmcNPIhg\",\"https:\/\/www.facebook.com\/celtTV\/\"],\"logo\":{\"@type\":\"ImageObject\",\"inLanguage\":\"es\",\"@id\":\"https:\/\/www.celttv.com.ar\/#\/schema\/logo\/image\/\",\"url\":\"http:\/\/www.celttv.com.ar\/wp-content\/uploads\/2022\/08\/logo-1.png\",\"contentUrl\":\"http:\/\/www.celttv.com.ar\/wp-content\/uploads\/2022\/08\/logo-1.png\",\"width\":461,\"height\":159,\"caption\":\"CELTTV\"},\"image\":{\"@id\":\"https:\/\/www.celttv.com.ar\/#\/schema\/logo\/image\/\"}},{\"@type\":\"Person\",\"@id\":\"https:\/\/www.celttv.com.ar\/#\/schema\/person\/6d99c072dba59953809c81446e9d0ace\",\"name\":\"ulises\",\"image\":{\"@type\":\"ImageObject\",\"inLanguage\":\"es\",\"@id\":\"https:\/\/www.celttv.com.ar\/#\/schema\/person\/image\/\",\"url\":\"https:\/\/secure.gravatar.com\/avatar\/7f2c48bdc33b30088f941fb6082e555f2874c98e20cb159d7b92b50eadfce793?s=96&d=mm&r=g\",\"contentUrl\":\"https:\/\/secure.gravatar.com\/avatar\/7f2c48bdc33b30088f941fb6082e555f2874c98e20cb159d7b92b50eadfce793?s=96&d=mm&r=g\",\"caption\":\"ulises\"},\"sameAs\":[\"http:\/\/www.celttv.com.ar\"]}]}<\/script>\n<!-- \/ Yoast SEO plugin. -->","yoast_head_json":{"title":"La A.Pre.Vi.De. autoriza el regreso del f\u00fatbol a partir de la fase 3 - CELTTV","description":"Sitio web de noticias de la localidad de Tornquist, provincia de Buenos Aires, Rep\u00fablica Argentina. Contenido propio originado por periodistas de CELTTV, el canal de TV local de la Cooperativa El\u00e9ctrica de Tornquist. Turismo, Pol\u00edtica, Sociedad, Deporte, Cultura y todo el contenido de inter\u00e9s general que la gente del pueblo y la regi\u00f3n debe conocer.","robots":{"index":"index","follow":"follow","max-snippet":"max-snippet:-1","max-image-preview":"max-image-preview:large","max-video-preview":"max-video-preview:-1"},"canonical":"https:\/\/www.celttv.com.ar\/index.php\/2021\/07\/02\/la-a-pre-vi-de-autoriza-el-regreso-del-futbol-a-partir-de-la-fase-3\/","og_locale":"es_ES","og_type":"article","og_title":"La A.Pre.Vi.De. autoriza el regreso del f\u00fatbol a partir de la fase 3 - CELTTV","og_description":"Sitio web de noticias de la localidad de Tornquist, provincia de Buenos Aires, Rep\u00fablica Argentina. Contenido propio originado por periodistas de CELTTV, el canal de TV local de la Cooperativa El\u00e9ctrica de Tornquist. Turismo, Pol\u00edtica, Sociedad, Deporte, Cultura y todo el contenido de inter\u00e9s general que la gente del pueblo y la regi\u00f3n debe conocer.","og_url":"https:\/\/www.celttv.com.ar\/index.php\/2021\/07\/02\/la-a-pre-vi-de-autoriza-el-regreso-del-futbol-a-partir-de-la-fase-3\/","og_site_name":"CELTTV","article_publisher":"https:\/\/www.facebook.com\/celtTV\/","article_published_time":"2021-07-02T20:31:24+00:00","og_image":[{"width":750,"height":430,"url":"https:\/\/www.celttv.com.ar\/wp-content\/uploads\/2021\/07\/futbolista-750x430-1.jpg","type":"image\/jpeg"}],"author":"ulises","twitter_card":"summary_large_image","twitter_misc":{"Escrito por":"ulises","Tiempo de lectura":"2 minutos"},"schema":{"@context":"https:\/\/schema.org","@graph":[{"@type":"NewsArticle","@id":"https:\/\/www.celttv.com.ar\/index.php\/2021\/07\/02\/la-a-pre-vi-de-autoriza-el-regreso-del-futbol-a-partir-de-la-fase-3\/#article","isPartOf":{"@id":"https:\/\/www.celttv.com.ar\/index.php\/2021\/07\/02\/la-a-pre-vi-de-autoriza-el-regreso-del-futbol-a-partir-de-la-fase-3\/"},"author":{"name":"ulises","@id":"https:\/\/www.celttv.com.ar\/#\/schema\/person\/6d99c072dba59953809c81446e9d0ace"},"headline":"La A.Pre.Vi.De. autoriza el regreso del f\u00fatbol a partir de la fase 3","datePublished":"2021-07-02T20:31:24+00:00","dateModified":"2021-07-02T20:31:24+00:00","mainEntityOfPage":{"@id":"https:\/\/www.celttv.com.ar\/index.php\/2021\/07\/02\/la-a-pre-vi-de-autoriza-el-regreso-del-futbol-a-partir-de-la-fase-3\/"},"wordCount":363,"publisher":{"@id":"https:\/\/www.celttv.com.ar\/#organization"},"articleSection":["Comunidad","Deporte","Deportes","Destacadas"],"inLanguage":"es"},{"@type":"WebPage","@id":"https:\/\/www.celttv.com.ar\/index.php\/2021\/07\/02\/la-a-pre-vi-de-autoriza-el-regreso-del-futbol-a-partir-de-la-fase-3\/","url":"https:\/\/www.celttv.com.ar\/index.php\/2021\/07\/02\/la-a-pre-vi-de-autoriza-el-regreso-del-futbol-a-partir-de-la-fase-3\/","name":"La A.Pre.Vi.De. autoriza el regreso del f\u00fatbol a partir de la fase 3 - CELTTV","isPartOf":{"@id":"https:\/\/www.celttv.com.ar\/#website"},"datePublished":"2021-07-02T20:31:24+00:00","dateModified":"2021-07-02T20:31:24+00:00","description":"Sitio web de noticias de la localidad de Tornquist, provincia de Buenos Aires, Rep\u00fablica Argentina. Contenido propio originado por periodistas de CELTTV, el canal de TV local de la Cooperativa El\u00e9ctrica de Tornquist. Turismo, Pol\u00edtica, Sociedad, Deporte, Cultura y todo el contenido de inter\u00e9s general que la gente del pueblo y la regi\u00f3n debe conocer.","breadcrumb":{"@id":"https:\/\/www.celttv.com.ar\/index.php\/2021\/07\/02\/la-a-pre-vi-de-autoriza-el-regreso-del-futbol-a-partir-de-la-fase-3\/#breadcrumb"},"inLanguage":"es","potentialAction":[{"@type":"ReadAction","target":["https:\/\/www.celttv.com.ar\/index.php\/2021\/07\/02\/la-a-pre-vi-de-autoriza-el-regreso-del-futbol-a-partir-de-la-fase-3\/"]}]},{"@type":"BreadcrumbList","@id":"https:\/\/www.celttv.com.ar\/index.php\/2021\/07\/02\/la-a-pre-vi-de-autoriza-el-regreso-del-futbol-a-partir-de-la-fase-3\/#breadcrumb","itemListElement":[{"@type":"ListItem","position":1,"name":"Inicio","item":"https:\/\/www.celttv.com.ar\/"},{"@type":"ListItem","position":2,"name":"La A.Pre.Vi.De. autoriza el regreso del f\u00fatbol a partir de la fase 3"}]},{"@type":"WebSite","@id":"https:\/\/www.celttv.com.ar\/#website","url":"https:\/\/www.celttv.com.ar\/","name":"CELTTV","description":"Cooperativa El\u00e9ctrica de Tornquist","publisher":{"@id":"https:\/\/www.celttv.com.ar\/#organization"},"potentialAction":[{"@type":"SearchAction","target":{"@type":"EntryPoint","urlTemplate":"https:\/\/www.celttv.com.ar\/?s={search_term_string}"},"query-input":"required name=search_term_string"}],"inLanguage":"es"},{"@type":"Organization","@id":"https:\/\/www.celttv.com.ar\/#organization","name":"CELTTV","url":"https:\/\/www.celttv.com.ar\/","sameAs":["https:\/\/www.youtube.com\/channel\/UCz_oIt8Hig64Ub-EmcNPIhg","https:\/\/www.facebook.com\/celtTV\/"],"logo":{"@type":"ImageObject","inLanguage":"es","@id":"https:\/\/www.celttv.com.ar\/#\/schema\/logo\/image\/","url":"http:\/\/www.celttv.com.ar\/wp-content\/uploads\/2022\/08\/logo-1.png","contentUrl":"http:\/\/www.celttv.com.ar\/wp-content\/uploads\/2022\/08\/logo-1.png","width":461,"height":159,"caption":"CELTTV"},"image":{"@id":"https:\/\/www.celttv.com.ar\/#\/schema\/logo\/image\/"}},{"@type":"Person","@id":"https:\/\/www.celttv.com.ar\/#\/schema\/person\/6d99c072dba59953809c81446e9d0ace","name":"ulises","image":{"@type":"ImageObject","inLanguage":"es","@id":"https:\/\/www.celttv.com.ar\/#\/schema\/person\/image\/","url":"https:\/\/secure.gravatar.com\/avatar\/7f2c48bdc33b30088f941fb6082e555f2874c98e20cb159d7b92b50eadfce793?s=96&d=mm&r=g","contentUrl":"https:\/\/secure.gravatar.com\/avatar\/7f2c48bdc33b30088f941fb6082e555f2874c98e20cb159d7b92b50eadfce793?s=96&d=mm&r=g","caption":"ulises"},"sameAs":["http:\/\/www.celttv.com.ar"]}]}},"_links":{"self":[{"href":"https:\/\/www.celttv.com.ar\/index.php\/wp-json\/wp\/v2\/posts\/58623","targetHints":{"allow":["GET"]}}],"collection":[{"href":"https:\/\/www.celttv.com.ar\/index.php\/wp-json\/wp\/v2\/posts"}],"about":[{"href":"https:\/\/www.celttv.com.ar\/index.php\/wp-json\/wp\/v2\/types\/post"}],"author":[{"embeddable":true,"href":"https:\/\/www.celttv.com.ar\/index.php\/wp-json\/wp\/v2\/users\/1"}],"replies":[{"embeddable":true,"href":"https:\/\/www.celttv.com.ar\/index.php\/wp-json\/wp\/v2\/comments?post=58623"}],"version-history":[{"count":0,"href":"https:\/\/www.celttv.com.ar\/index.php\/wp-json\/wp\/v2\/posts\/58623\/revisions"}],"wp:featuredmedia":[{"embeddable":true,"href":"https:\/\/www.celttv.com.ar\/index.php\/wp-json\/wp\/v2\/media\/58624"}],"wp:attachment":[{"href":"https:\/\/www.celttv.com.ar\/index.php\/wp-json\/wp\/v2\/media?parent=58623"}],"wp:term":[{"taxonomy":"category","embeddable":true,"href":"https:\/\/www.celttv.com.ar\/index.php\/wp-json\/wp\/v2\/categories?post=58623"},{"taxonomy":"post_tag","embeddable":true,"href":"https:\/\/www.celttv.com.ar\/index.php\/wp-json\/wp\/v2\/tags?post=58623"}],"curies":[{"name":"wp","href":"https:\/\/api.w.org\/{rel}","templated":true}]}}