{"id":58731,"date":"2021-07-08T23:03:39","date_gmt":"2021-07-08T23:03:39","guid":{"rendered":"http:\/\/www.celttv.com.ar\/?p=58731"},"modified":"2021-07-08T23:03:39","modified_gmt":"2021-07-08T23:03:39","slug":"bordoni-presente-en-la-entrega-de-certificados-a-facilitadores-en-agroecologia","status":"publish","type":"post","link":"https:\/\/www.celttv.com.ar\/index.php\/2021\/07\/08\/bordoni-presente-en-la-entrega-de-certificados-a-facilitadores-en-agroecologia\/","title":{"rendered":"Bordoni presente en la entrega de certificados a facilitadores en agroecolog\u00eda"},"content":{"rendered":"\n<p>Este jueves, el intendente Sergio Bordoni, particip\u00f3 de la entrega de los certificados a los ingenieros agr\u00f3nomos tornquistenses Ponciano C\u00e1rdenas yAlvaroVittori, y al Doctor en Biolog\u00eda Agust\u00edn MartinezBaccini, como facilitadores en agroecolog\u00eda en el Ministerio de Asuntos Agrarios de la Provincia de Buenos Aires.<\/p>\n\n\n\n<p>Durante la jornada, que tuvo lugar en la Estaci\u00f3n Forestal, el organismo provincial tambi\u00e9n entreg\u00f3 nylon de invernadero para vecinos.<\/p>\n\n\n\n<p>Por el ministerio, estuvieron presentes el Director provincial de Agricultura Familiar, Ezequiel Wainer, y la Directora de Sustentabilidad y Medio Ambiente, Mar\u00eda Jos\u00e9 Tesoro. Adem\u00e1s, acompa\u00f1aron al jefe comunal la Secretaria de Producci\u00f3n, Comercio e Industria, Susana Dos Santos, y el Director de Producci\u00f3n, V\u00edctor Ant\u00f3n.<\/p>\n\n\n\n<p>Cabe destacar que, como parte de sus pol\u00edticas, el gobierno municipal apuesta a la producci\u00f3n de alimentos en forma local, con la Huerta Municipal de Tornquist y la Huerta Comunitaria de Saldungaray.<\/p>\n\n\n\n<figure class=\"wp-block-image size-large\"><img loading=\"lazy\" decoding=\"async\" width=\"1024\" height=\"576\" src=\"http:\/\/www.celttv.com.ar\/wp-content\/uploads\/2021\/07\/Entrega-certificados-1024x576.jpeg\" alt=\"\" class=\"wp-image-58732\" srcset=\"https:\/\/www.celttv.com.ar\/wp-content\/uploads\/2021\/07\/Entrega-certificados-1024x576.jpeg 1024w, https:\/\/www.celttv.com.ar\/wp-content\/uploads\/2021\/07\/Entrega-certificados-300x169.jpeg 300w, https:\/\/www.celttv.com.ar\/wp-content\/uploads\/2021\/07\/Entrega-certificados-768x432.jpeg 768w, https:\/\/www.celttv.com.ar\/wp-content\/uploads\/2021\/07\/Entrega-certificados-750x422.jpeg 750w, https:\/\/www.celttv.com.ar\/wp-content\/uploads\/2021\/07\/Entrega-certificados-1140x641.jpeg 1140w, https:\/\/www.celttv.com.ar\/wp-content\/uploads\/2021\/07\/Entrega-certificados.jpeg 1280w\" sizes=\"auto, (max-width: 1024px) 100vw, 1024px\" \/><\/figure>\n\n\n","protected":false},"excerpt":{"rendered":"<p>Este jueves, el intendente Sergio Bordoni, particip\u00f3 de la entrega de los certificados a los ingenieros agr\u00f3nomos tornquistenses Ponciano C\u00e1rdenas yAlvaroVittori, y al Doctor en Biolog\u00eda Agust\u00edn MartinezBaccini, como facilitadores en agroecolog\u00eda en el Ministerio de Asuntos Agrarios de la Provincia de Buenos Aires. Durante la jornada, que tuvo lugar en la Estaci\u00f3n Forestal, el [&hellip;]<\/p>\n","protected":false},"author":1,"featured_media":58732,"comment_status":"closed","ping_status":"open","sticky":false,"template":"","format":"standard","meta":{"footnotes":""},"categories":[51,52,59,65],"tags":[],"class_list":["post-58731","post","type-post","status-publish","format-standard","has-post-thumbnail","hentry","category-comunidad","category-destacadas","category-municipales","category-produccion"],"yoast_head":"<!-- This site is optimized with the Yoast SEO plugin v19.7.1 - https:\/\/yoast.com\/wordpress\/plugins\/seo\/ -->\n<title>Bordoni presente en la entrega de certificados a facilitadores en agroecolog\u00eda - CELTTV<\/title>\n<meta name=\"description\" content=\"Sitio web de noticias de la localidad de Tornquist, provincia de Buenos Aires, Rep\u00fablica Argentina. Contenido propio originado por periodistas de CELTTV, el canal de TV local de la Cooperativa El\u00e9ctrica de Tornquist. Turismo, Pol\u00edtica, Sociedad, Deporte, Cultura y todo el contenido de inter\u00e9s general que la gente del pueblo y la regi\u00f3n debe conocer.\" \/>\n<meta name=\"robots\" content=\"index, follow, max-snippet:-1, max-image-preview:large, max-video-preview:-1\" \/>\n<link rel=\"canonical\" href=\"https:\/\/www.celttv.com.ar\/index.php\/2021\/07\/08\/bordoni-presente-en-la-entrega-de-certificados-a-facilitadores-en-agroecologia\/\" \/>\n<meta property=\"og:locale\" content=\"es_ES\" \/>\n<meta property=\"og:type\" content=\"article\" \/>\n<meta property=\"og:title\" content=\"Bordoni presente en la entrega de certificados a facilitadores en agroecolog\u00eda - CELTTV\" \/>\n<meta property=\"og:description\" content=\"Sitio web de noticias de la localidad de Tornquist, provincia de Buenos Aires, Rep\u00fablica Argentina. Contenido propio originado por periodistas de CELTTV, el canal de TV local de la Cooperativa El\u00e9ctrica de Tornquist. Turismo, Pol\u00edtica, Sociedad, Deporte, Cultura y todo el contenido de inter\u00e9s general que la gente del pueblo y la regi\u00f3n debe conocer.\" \/>\n<meta property=\"og:url\" content=\"https:\/\/www.celttv.com.ar\/index.php\/2021\/07\/08\/bordoni-presente-en-la-entrega-de-certificados-a-facilitadores-en-agroecologia\/\" \/>\n<meta property=\"og:site_name\" content=\"CELTTV\" \/>\n<meta property=\"article:publisher\" content=\"https:\/\/www.facebook.com\/celtTV\/\" \/>\n<meta property=\"article:published_time\" content=\"2021-07-08T23:03:39+00:00\" \/>\n<meta property=\"og:image\" content=\"https:\/\/www.celttv.com.ar\/wp-content\/uploads\/2021\/07\/Entrega-certificados.jpeg\" \/>\n\t<meta property=\"og:image:width\" content=\"1280\" \/>\n\t<meta property=\"og:image:height\" content=\"720\" \/>\n\t<meta property=\"og:image:type\" content=\"image\/jpeg\" \/>\n<meta name=\"author\" content=\"ulises\" \/>\n<meta name=\"twitter:card\" content=\"summary_large_image\" \/>\n<meta name=\"twitter:label1\" content=\"Escrito por\" \/>\n\t<meta name=\"twitter:data1\" content=\"ulises\" \/>\n\t<meta name=\"twitter:label2\" content=\"Tiempo de lectura\" \/>\n\t<meta name=\"twitter:data2\" content=\"1 minuto\" \/>\n<script type=\"application\/ld+json\" class=\"yoast-schema-graph\">{\"@context\":\"https:\/\/schema.org\",\"@graph\":[{\"@type\":\"NewsArticle\",\"@id\":\"https:\/\/www.celttv.com.ar\/index.php\/2021\/07\/08\/bordoni-presente-en-la-entrega-de-certificados-a-facilitadores-en-agroecologia\/#article\",\"isPartOf\":{\"@id\":\"https:\/\/www.celttv.com.ar\/index.php\/2021\/07\/08\/bordoni-presente-en-la-entrega-de-certificados-a-facilitadores-en-agroecologia\/\"},\"author\":{\"name\":\"ulises\",\"@id\":\"https:\/\/www.celttv.com.ar\/#\/schema\/person\/6d99c072dba59953809c81446e9d0ace\"},\"headline\":\"Bordoni presente en la entrega de certificados a facilitadores en agroecolog\u00eda\",\"datePublished\":\"2021-07-08T23:03:39+00:00\",\"dateModified\":\"2021-07-08T23:03:39+00:00\",\"mainEntityOfPage\":{\"@id\":\"https:\/\/www.celttv.com.ar\/index.php\/2021\/07\/08\/bordoni-presente-en-la-entrega-de-certificados-a-facilitadores-en-agroecologia\/\"},\"wordCount\":170,\"publisher\":{\"@id\":\"https:\/\/www.celttv.com.ar\/#organization\"},\"articleSection\":[\"Comunidad\",\"Destacadas\",\"Municipales\",\"Producci\u00f3n y Medio Ambiente\"],\"inLanguage\":\"es\"},{\"@type\":\"WebPage\",\"@id\":\"https:\/\/www.celttv.com.ar\/index.php\/2021\/07\/08\/bordoni-presente-en-la-entrega-de-certificados-a-facilitadores-en-agroecologia\/\",\"url\":\"https:\/\/www.celttv.com.ar\/index.php\/2021\/07\/08\/bordoni-presente-en-la-entrega-de-certificados-a-facilitadores-en-agroecologia\/\",\"name\":\"Bordoni presente en la entrega de certificados a facilitadores en agroecolog\u00eda - CELTTV\",\"isPartOf\":{\"@id\":\"https:\/\/www.celttv.com.ar\/#website\"},\"datePublished\":\"2021-07-08T23:03:39+00:00\",\"dateModified\":\"2021-07-08T23:03:39+00:00\",\"description\":\"Sitio web de noticias de la localidad de Tornquist, provincia de Buenos Aires, Rep\u00fablica Argentina. Contenido propio originado por periodistas de CELTTV, el canal de TV local de la Cooperativa El\u00e9ctrica de Tornquist. Turismo, Pol\u00edtica, Sociedad, Deporte, Cultura y todo el contenido de inter\u00e9s general que la gente del pueblo y la regi\u00f3n debe conocer.\",\"breadcrumb\":{\"@id\":\"https:\/\/www.celttv.com.ar\/index.php\/2021\/07\/08\/bordoni-presente-en-la-entrega-de-certificados-a-facilitadores-en-agroecologia\/#breadcrumb\"},\"inLanguage\":\"es\",\"potentialAction\":[{\"@type\":\"ReadAction\",\"target\":[\"https:\/\/www.celttv.com.ar\/index.php\/2021\/07\/08\/bordoni-presente-en-la-entrega-de-certificados-a-facilitadores-en-agroecologia\/\"]}]},{\"@type\":\"BreadcrumbList\",\"@id\":\"https:\/\/www.celttv.com.ar\/index.php\/2021\/07\/08\/bordoni-presente-en-la-entrega-de-certificados-a-facilitadores-en-agroecologia\/#breadcrumb\",\"itemListElement\":[{\"@type\":\"ListItem\",\"position\":1,\"name\":\"Inicio\",\"item\":\"https:\/\/www.celttv.com.ar\/\"},{\"@type\":\"ListItem\",\"position\":2,\"name\":\"Bordoni presente en la entrega de certificados a facilitadores en agroecolog\u00eda\"}]},{\"@type\":\"WebSite\",\"@id\":\"https:\/\/www.celttv.com.ar\/#website\",\"url\":\"https:\/\/www.celttv.com.ar\/\",\"name\":\"CELTTV\",\"description\":\"Cooperativa El\u00e9ctrica de Tornquist\",\"publisher\":{\"@id\":\"https:\/\/www.celttv.com.ar\/#organization\"},\"potentialAction\":[{\"@type\":\"SearchAction\",\"target\":{\"@type\":\"EntryPoint\",\"urlTemplate\":\"https:\/\/www.celttv.com.ar\/?s={search_term_string}\"},\"query-input\":\"required name=search_term_string\"}],\"inLanguage\":\"es\"},{\"@type\":\"Organization\",\"@id\":\"https:\/\/www.celttv.com.ar\/#organization\",\"name\":\"CELTTV\",\"url\":\"https:\/\/www.celttv.com.ar\/\",\"sameAs\":[\"https:\/\/www.youtube.com\/channel\/UCz_oIt8Hig64Ub-EmcNPIhg\",\"https:\/\/www.facebook.com\/celtTV\/\"],\"logo\":{\"@type\":\"ImageObject\",\"inLanguage\":\"es\",\"@id\":\"https:\/\/www.celttv.com.ar\/#\/schema\/logo\/image\/\",\"url\":\"http:\/\/www.celttv.com.ar\/wp-content\/uploads\/2022\/08\/logo-1.png\",\"contentUrl\":\"http:\/\/www.celttv.com.ar\/wp-content\/uploads\/2022\/08\/logo-1.png\",\"width\":461,\"height\":159,\"caption\":\"CELTTV\"},\"image\":{\"@id\":\"https:\/\/www.celttv.com.ar\/#\/schema\/logo\/image\/\"}},{\"@type\":\"Person\",\"@id\":\"https:\/\/www.celttv.com.ar\/#\/schema\/person\/6d99c072dba59953809c81446e9d0ace\",\"name\":\"ulises\",\"image\":{\"@type\":\"ImageObject\",\"inLanguage\":\"es\",\"@id\":\"https:\/\/www.celttv.com.ar\/#\/schema\/person\/image\/\",\"url\":\"https:\/\/secure.gravatar.com\/avatar\/7f2c48bdc33b30088f941fb6082e555f2874c98e20cb159d7b92b50eadfce793?s=96&d=mm&r=g\",\"contentUrl\":\"https:\/\/secure.gravatar.com\/avatar\/7f2c48bdc33b30088f941fb6082e555f2874c98e20cb159d7b92b50eadfce793?s=96&d=mm&r=g\",\"caption\":\"ulises\"},\"sameAs\":[\"http:\/\/www.celttv.com.ar\"]}]}<\/script>\n<!-- \/ Yoast SEO plugin. -->","yoast_head_json":{"title":"Bordoni presente en la entrega de certificados a facilitadores en agroecolog\u00eda - CELTTV","description":"Sitio web de noticias de la localidad de Tornquist, provincia de Buenos Aires, Rep\u00fablica Argentina. Contenido propio originado por periodistas de CELTTV, el canal de TV local de la Cooperativa El\u00e9ctrica de Tornquist. Turismo, Pol\u00edtica, Sociedad, Deporte, Cultura y todo el contenido de inter\u00e9s general que la gente del pueblo y la regi\u00f3n debe conocer.","robots":{"index":"index","follow":"follow","max-snippet":"max-snippet:-1","max-image-preview":"max-image-preview:large","max-video-preview":"max-video-preview:-1"},"canonical":"https:\/\/www.celttv.com.ar\/index.php\/2021\/07\/08\/bordoni-presente-en-la-entrega-de-certificados-a-facilitadores-en-agroecologia\/","og_locale":"es_ES","og_type":"article","og_title":"Bordoni presente en la entrega de certificados a facilitadores en agroecolog\u00eda - CELTTV","og_description":"Sitio web de noticias de la localidad de Tornquist, provincia de Buenos Aires, Rep\u00fablica Argentina. Contenido propio originado por periodistas de CELTTV, el canal de TV local de la Cooperativa El\u00e9ctrica de Tornquist. Turismo, Pol\u00edtica, Sociedad, Deporte, Cultura y todo el contenido de inter\u00e9s general que la gente del pueblo y la regi\u00f3n debe conocer.","og_url":"https:\/\/www.celttv.com.ar\/index.php\/2021\/07\/08\/bordoni-presente-en-la-entrega-de-certificados-a-facilitadores-en-agroecologia\/","og_site_name":"CELTTV","article_publisher":"https:\/\/www.facebook.com\/celtTV\/","article_published_time":"2021-07-08T23:03:39+00:00","og_image":[{"width":1280,"height":720,"url":"https:\/\/www.celttv.com.ar\/wp-content\/uploads\/2021\/07\/Entrega-certificados.jpeg","type":"image\/jpeg"}],"author":"ulises","twitter_card":"summary_large_image","twitter_misc":{"Escrito por":"ulises","Tiempo de lectura":"1 minuto"},"schema":{"@context":"https:\/\/schema.org","@graph":[{"@type":"NewsArticle","@id":"https:\/\/www.celttv.com.ar\/index.php\/2021\/07\/08\/bordoni-presente-en-la-entrega-de-certificados-a-facilitadores-en-agroecologia\/#article","isPartOf":{"@id":"https:\/\/www.celttv.com.ar\/index.php\/2021\/07\/08\/bordoni-presente-en-la-entrega-de-certificados-a-facilitadores-en-agroecologia\/"},"author":{"name":"ulises","@id":"https:\/\/www.celttv.com.ar\/#\/schema\/person\/6d99c072dba59953809c81446e9d0ace"},"headline":"Bordoni presente en la entrega de certificados a facilitadores en agroecolog\u00eda","datePublished":"2021-07-08T23:03:39+00:00","dateModified":"2021-07-08T23:03:39+00:00","mainEntityOfPage":{"@id":"https:\/\/www.celttv.com.ar\/index.php\/2021\/07\/08\/bordoni-presente-en-la-entrega-de-certificados-a-facilitadores-en-agroecologia\/"},"wordCount":170,"publisher":{"@id":"https:\/\/www.celttv.com.ar\/#organization"},"articleSection":["Comunidad","Destacadas","Municipales","Producci\u00f3n y Medio Ambiente"],"inLanguage":"es"},{"@type":"WebPage","@id":"https:\/\/www.celttv.com.ar\/index.php\/2021\/07\/08\/bordoni-presente-en-la-entrega-de-certificados-a-facilitadores-en-agroecologia\/","url":"https:\/\/www.celttv.com.ar\/index.php\/2021\/07\/08\/bordoni-presente-en-la-entrega-de-certificados-a-facilitadores-en-agroecologia\/","name":"Bordoni presente en la entrega de certificados a facilitadores en agroecolog\u00eda - CELTTV","isPartOf":{"@id":"https:\/\/www.celttv.com.ar\/#website"},"datePublished":"2021-07-08T23:03:39+00:00","dateModified":"2021-07-08T23:03:39+00:00","description":"Sitio web de noticias de la localidad de Tornquist, provincia de Buenos Aires, Rep\u00fablica Argentina. Contenido propio originado por periodistas de CELTTV, el canal de TV local de la Cooperativa El\u00e9ctrica de Tornquist. Turismo, Pol\u00edtica, Sociedad, Deporte, Cultura y todo el contenido de inter\u00e9s general que la gente del pueblo y la regi\u00f3n debe conocer.","breadcrumb":{"@id":"https:\/\/www.celttv.com.ar\/index.php\/2021\/07\/08\/bordoni-presente-en-la-entrega-de-certificados-a-facilitadores-en-agroecologia\/#breadcrumb"},"inLanguage":"es","potentialAction":[{"@type":"ReadAction","target":["https:\/\/www.celttv.com.ar\/index.php\/2021\/07\/08\/bordoni-presente-en-la-entrega-de-certificados-a-facilitadores-en-agroecologia\/"]}]},{"@type":"BreadcrumbList","@id":"https:\/\/www.celttv.com.ar\/index.php\/2021\/07\/08\/bordoni-presente-en-la-entrega-de-certificados-a-facilitadores-en-agroecologia\/#breadcrumb","itemListElement":[{"@type":"ListItem","position":1,"name":"Inicio","item":"https:\/\/www.celttv.com.ar\/"},{"@type":"ListItem","position":2,"name":"Bordoni presente en la entrega de certificados a facilitadores en agroecolog\u00eda"}]},{"@type":"WebSite","@id":"https:\/\/www.celttv.com.ar\/#website","url":"https:\/\/www.celttv.com.ar\/","name":"CELTTV","description":"Cooperativa El\u00e9ctrica de Tornquist","publisher":{"@id":"https:\/\/www.celttv.com.ar\/#organization"},"potentialAction":[{"@type":"SearchAction","target":{"@type":"EntryPoint","urlTemplate":"https:\/\/www.celttv.com.ar\/?s={search_term_string}"},"query-input":"required name=search_term_string"}],"inLanguage":"es"},{"@type":"Organization","@id":"https:\/\/www.celttv.com.ar\/#organization","name":"CELTTV","url":"https:\/\/www.celttv.com.ar\/","sameAs":["https:\/\/www.youtube.com\/channel\/UCz_oIt8Hig64Ub-EmcNPIhg","https:\/\/www.facebook.com\/celtTV\/"],"logo":{"@type":"ImageObject","inLanguage":"es","@id":"https:\/\/www.celttv.com.ar\/#\/schema\/logo\/image\/","url":"http:\/\/www.celttv.com.ar\/wp-content\/uploads\/2022\/08\/logo-1.png","contentUrl":"http:\/\/www.celttv.com.ar\/wp-content\/uploads\/2022\/08\/logo-1.png","width":461,"height":159,"caption":"CELTTV"},"image":{"@id":"https:\/\/www.celttv.com.ar\/#\/schema\/logo\/image\/"}},{"@type":"Person","@id":"https:\/\/www.celttv.com.ar\/#\/schema\/person\/6d99c072dba59953809c81446e9d0ace","name":"ulises","image":{"@type":"ImageObject","inLanguage":"es","@id":"https:\/\/www.celttv.com.ar\/#\/schema\/person\/image\/","url":"https:\/\/secure.gravatar.com\/avatar\/7f2c48bdc33b30088f941fb6082e555f2874c98e20cb159d7b92b50eadfce793?s=96&d=mm&r=g","contentUrl":"https:\/\/secure.gravatar.com\/avatar\/7f2c48bdc33b30088f941fb6082e555f2874c98e20cb159d7b92b50eadfce793?s=96&d=mm&r=g","caption":"ulises"},"sameAs":["http:\/\/www.celttv.com.ar"]}]}},"_links":{"self":[{"href":"https:\/\/www.celttv.com.ar\/index.php\/wp-json\/wp\/v2\/posts\/58731","targetHints":{"allow":["GET"]}}],"collection":[{"href":"https:\/\/www.celttv.com.ar\/index.php\/wp-json\/wp\/v2\/posts"}],"about":[{"href":"https:\/\/www.celttv.com.ar\/index.php\/wp-json\/wp\/v2\/types\/post"}],"author":[{"embeddable":true,"href":"https:\/\/www.celttv.com.ar\/index.php\/wp-json\/wp\/v2\/users\/1"}],"replies":[{"embeddable":true,"href":"https:\/\/www.celttv.com.ar\/index.php\/wp-json\/wp\/v2\/comments?post=58731"}],"version-history":[{"count":0,"href":"https:\/\/www.celttv.com.ar\/index.php\/wp-json\/wp\/v2\/posts\/58731\/revisions"}],"wp:featuredmedia":[{"embeddable":true,"href":"https:\/\/www.celttv.com.ar\/index.php\/wp-json\/wp\/v2\/media\/58732"}],"wp:attachment":[{"href":"https:\/\/www.celttv.com.ar\/index.php\/wp-json\/wp\/v2\/media?parent=58731"}],"wp:term":[{"taxonomy":"category","embeddable":true,"href":"https:\/\/www.celttv.com.ar\/index.php\/wp-json\/wp\/v2\/categories?post=58731"},{"taxonomy":"post_tag","embeddable":true,"href":"https:\/\/www.celttv.com.ar\/index.php\/wp-json\/wp\/v2\/tags?post=58731"}],"curies":[{"name":"wp","href":"https:\/\/api.w.org\/{rel}","templated":true}]}}