{"id":5880,"date":"2012-04-06T21:51:54","date_gmt":"2012-04-06T21:51:54","guid":{"rendered":"http:\/\/www.tvcnoticias.com.ar\/?p=5880"},"modified":"2012-04-06T21:51:54","modified_gmt":"2012-04-06T21:51:54","slug":"a-30-anos-de-la-gesta-de-malvinas-todas-las-imagenes-del-emotivo-acto-realizado-en-la-plaza-heroes-de-malvinas","status":"publish","type":"post","link":"https:\/\/www.celttv.com.ar\/index.php\/2012\/04\/06\/a-30-anos-de-la-gesta-de-malvinas-todas-las-imagenes-del-emotivo-acto-realizado-en-la-plaza-heroes-de-malvinas\/","title":{"rendered":"A 30 A\u00d1OS DE LA GESTA DE MALVINAS: TODAS LAS IMAGENES DEL EMOTIVO ACTO REALIZADO EN LA PLAZA &#8220;HEROES DE MALVINAS&#8221;"},"content":{"rendered":"<p>Im\u00e1genes de tvcnoticias del emotivo acto realizado el pasado 2 de abril al cumplirse 30 a\u00f1os de la gesta de Malvinas. Todo el desarrollo del acto protocolar en imagenes\u00a0y y las opiniones de autoridades y familiares de ex combatientes.<br \/>\n<a href=\"http:\/\/www.youtube.com\/watch?v=brfzKgBm078\">httpv:\/\/www.youtube.com\/watch?v=brfzKgBm078<\/a><br \/>\n<a href=\"http:\/\/www.youtube.com\/watch?v=W_fC0Dwbz8g\">httpv:\/\/www.youtube.com\/watch?v=W_fC0Dwbz8g<\/a><br \/>\n<a href=\"http:\/\/www.youtube.com\/watch?v=Rf2ob6A1qrY\">httpv:\/\/www.youtube.com\/watch?v=Rf2ob6A1qrY<\/a><br \/>\n<a href=\"http:\/\/www.youtube.com\/watch?v=1EFxQUp8nm8\">httpv:\/\/www.youtube.com\/watch?v=1EFxQUp8nm8<\/a><br \/>\n<a href=\"http:\/\/www.youtube.com\/watch?v=fC8UYP650xk\">httpv:\/\/www.youtube.com\/watch?v=fC8UYP650xk<\/a><br \/>\n<a href=\"http:\/\/www.youtube.com\/watch?v=BWQaMmHCxrU\">httpv:\/\/www.youtube.com\/watch?v=BWQaMmHCxrU<\/a><br \/>\n<a>httpv:\/\/www.youtube.com\/watch?v=Po1iyzc4Ndw<\/a><\/p>\n","protected":false},"excerpt":{"rendered":"<p>Im\u00e1genes de tvcnoticias del emotivo acto realizado el pasado 2 de abril al cumplirse 30 a\u00f1os de la gesta de Malvinas. Todo el desarrollo del acto protocolar en imagenes\u00a0y y las opiniones de autoridades y familiares de ex combatientes. httpv:\/\/www.youtube.com\/watch?v=brfzKgBm078 httpv:\/\/www.youtube.com\/watch?v=W_fC0Dwbz8g httpv:\/\/www.youtube.com\/watch?v=Rf2ob6A1qrY httpv:\/\/www.youtube.com\/watch?v=1EFxQUp8nm8 httpv:\/\/www.youtube.com\/watch?v=fC8UYP650xk httpv:\/\/www.youtube.com\/watch?v=BWQaMmHCxrU httpv:\/\/www.youtube.com\/watch?v=Po1iyzc4Ndw<\/p>\n","protected":false},"author":1,"featured_media":0,"comment_status":"closed","ping_status":"open","sticky":false,"template":"","format":"standard","meta":{"footnotes":""},"categories":[51,52,53,64],"tags":[],"class_list":["post-5880","post","type-post","status-publish","format-standard","hentry","category-comunidad","category-destacadas","category-politica","category-videos-destacados"],"yoast_head":"<!-- This site is optimized with the Yoast SEO plugin v19.7.1 - https:\/\/yoast.com\/wordpress\/plugins\/seo\/ -->\n<title>A 30 A\u00d1OS DE LA GESTA DE MALVINAS: TODAS LAS IMAGENES DEL EMOTIVO ACTO REALIZADO EN LA PLAZA &quot;HEROES DE MALVINAS&quot; - CELTTV<\/title>\n<meta name=\"description\" content=\"Sitio web de noticias de la localidad de Tornquist, provincia de Buenos Aires, Rep\u00fablica Argentina. Contenido propio originado por periodistas de CELTTV, el canal de TV local de la Cooperativa El\u00e9ctrica de Tornquist. Turismo, Pol\u00edtica, Sociedad, Deporte, Cultura y todo el contenido de inter\u00e9s general que la gente del pueblo y la regi\u00f3n debe conocer.\" \/>\n<meta name=\"robots\" content=\"index, follow, max-snippet:-1, max-image-preview:large, max-video-preview:-1\" \/>\n<link rel=\"canonical\" href=\"https:\/\/www.celttv.com.ar\/index.php\/2012\/04\/06\/a-30-anos-de-la-gesta-de-malvinas-todas-las-imagenes-del-emotivo-acto-realizado-en-la-plaza-heroes-de-malvinas\/\" \/>\n<meta property=\"og:locale\" content=\"es_ES\" \/>\n<meta property=\"og:type\" content=\"article\" \/>\n<meta property=\"og:title\" content=\"A 30 A\u00d1OS DE LA GESTA DE MALVINAS: TODAS LAS IMAGENES DEL EMOTIVO ACTO REALIZADO EN LA PLAZA &quot;HEROES DE MALVINAS&quot; - CELTTV\" \/>\n<meta property=\"og:description\" content=\"Sitio web de noticias de la localidad de Tornquist, provincia de Buenos Aires, Rep\u00fablica Argentina. Contenido propio originado por periodistas de CELTTV, el canal de TV local de la Cooperativa El\u00e9ctrica de Tornquist. Turismo, Pol\u00edtica, Sociedad, Deporte, Cultura y todo el contenido de inter\u00e9s general que la gente del pueblo y la regi\u00f3n debe conocer.\" \/>\n<meta property=\"og:url\" content=\"https:\/\/www.celttv.com.ar\/index.php\/2012\/04\/06\/a-30-anos-de-la-gesta-de-malvinas-todas-las-imagenes-del-emotivo-acto-realizado-en-la-plaza-heroes-de-malvinas\/\" \/>\n<meta property=\"og:site_name\" content=\"CELTTV\" \/>\n<meta property=\"article:publisher\" content=\"https:\/\/www.facebook.com\/celtTV\/\" \/>\n<meta property=\"article:published_time\" content=\"2012-04-06T21:51:54+00:00\" \/>\n<meta name=\"author\" content=\"ulises\" \/>\n<meta name=\"twitter:card\" content=\"summary_large_image\" \/>\n<meta name=\"twitter:label1\" content=\"Escrito por\" \/>\n\t<meta name=\"twitter:data1\" content=\"ulises\" \/>\n\t<meta name=\"twitter:label2\" content=\"Tiempo de lectura\" \/>\n\t<meta name=\"twitter:data2\" content=\"1 minuto\" \/>\n<script type=\"application\/ld+json\" class=\"yoast-schema-graph\">{\"@context\":\"https:\/\/schema.org\",\"@graph\":[{\"@type\":\"NewsArticle\",\"@id\":\"https:\/\/www.celttv.com.ar\/index.php\/2012\/04\/06\/a-30-anos-de-la-gesta-de-malvinas-todas-las-imagenes-del-emotivo-acto-realizado-en-la-plaza-heroes-de-malvinas\/#article\",\"isPartOf\":{\"@id\":\"https:\/\/www.celttv.com.ar\/index.php\/2012\/04\/06\/a-30-anos-de-la-gesta-de-malvinas-todas-las-imagenes-del-emotivo-acto-realizado-en-la-plaza-heroes-de-malvinas\/\"},\"author\":{\"name\":\"ulises\",\"@id\":\"https:\/\/www.celttv.com.ar\/#\/schema\/person\/6d99c072dba59953809c81446e9d0ace\"},\"headline\":\"A 30 A\u00d1OS DE LA GESTA DE MALVINAS: TODAS LAS IMAGENES DEL EMOTIVO ACTO REALIZADO EN LA PLAZA &#8220;HEROES DE MALVINAS&#8221;\",\"datePublished\":\"2012-04-06T21:51:54+00:00\",\"dateModified\":\"2012-04-06T21:51:54+00:00\",\"mainEntityOfPage\":{\"@id\":\"https:\/\/www.celttv.com.ar\/index.php\/2012\/04\/06\/a-30-anos-de-la-gesta-de-malvinas-todas-las-imagenes-del-emotivo-acto-realizado-en-la-plaza-heroes-de-malvinas\/\"},\"wordCount\":121,\"publisher\":{\"@id\":\"https:\/\/www.celttv.com.ar\/#organization\"},\"articleSection\":[\"Comunidad\",\"Destacadas\",\"Pol\u00edtica\",\"Videos Destacados\"],\"inLanguage\":\"es\"},{\"@type\":\"WebPage\",\"@id\":\"https:\/\/www.celttv.com.ar\/index.php\/2012\/04\/06\/a-30-anos-de-la-gesta-de-malvinas-todas-las-imagenes-del-emotivo-acto-realizado-en-la-plaza-heroes-de-malvinas\/\",\"url\":\"https:\/\/www.celttv.com.ar\/index.php\/2012\/04\/06\/a-30-anos-de-la-gesta-de-malvinas-todas-las-imagenes-del-emotivo-acto-realizado-en-la-plaza-heroes-de-malvinas\/\",\"name\":\"A 30 A\u00d1OS DE LA GESTA DE MALVINAS: TODAS LAS IMAGENES DEL EMOTIVO ACTO REALIZADO EN LA PLAZA \\\"HEROES DE MALVINAS\\\" - CELTTV\",\"isPartOf\":{\"@id\":\"https:\/\/www.celttv.com.ar\/#website\"},\"datePublished\":\"2012-04-06T21:51:54+00:00\",\"dateModified\":\"2012-04-06T21:51:54+00:00\",\"description\":\"Sitio web de noticias de la localidad de Tornquist, provincia de Buenos Aires, Rep\u00fablica Argentina. Contenido propio originado por periodistas de CELTTV, el canal de TV local de la Cooperativa El\u00e9ctrica de Tornquist. Turismo, Pol\u00edtica, Sociedad, Deporte, Cultura y todo el contenido de inter\u00e9s general que la gente del pueblo y la regi\u00f3n debe conocer.\",\"breadcrumb\":{\"@id\":\"https:\/\/www.celttv.com.ar\/index.php\/2012\/04\/06\/a-30-anos-de-la-gesta-de-malvinas-todas-las-imagenes-del-emotivo-acto-realizado-en-la-plaza-heroes-de-malvinas\/#breadcrumb\"},\"inLanguage\":\"es\",\"potentialAction\":[{\"@type\":\"ReadAction\",\"target\":[\"https:\/\/www.celttv.com.ar\/index.php\/2012\/04\/06\/a-30-anos-de-la-gesta-de-malvinas-todas-las-imagenes-del-emotivo-acto-realizado-en-la-plaza-heroes-de-malvinas\/\"]}]},{\"@type\":\"BreadcrumbList\",\"@id\":\"https:\/\/www.celttv.com.ar\/index.php\/2012\/04\/06\/a-30-anos-de-la-gesta-de-malvinas-todas-las-imagenes-del-emotivo-acto-realizado-en-la-plaza-heroes-de-malvinas\/#breadcrumb\",\"itemListElement\":[{\"@type\":\"ListItem\",\"position\":1,\"name\":\"Inicio\",\"item\":\"https:\/\/www.celttv.com.ar\/\"},{\"@type\":\"ListItem\",\"position\":2,\"name\":\"A 30 A\u00d1OS DE LA GESTA DE MALVINAS: TODAS LAS IMAGENES DEL EMOTIVO ACTO REALIZADO EN LA PLAZA &#8220;HEROES DE MALVINAS&#8221;\"}]},{\"@type\":\"WebSite\",\"@id\":\"https:\/\/www.celttv.com.ar\/#website\",\"url\":\"https:\/\/www.celttv.com.ar\/\",\"name\":\"CELTTV\",\"description\":\"Cooperativa El\u00e9ctrica de Tornquist\",\"publisher\":{\"@id\":\"https:\/\/www.celttv.com.ar\/#organization\"},\"potentialAction\":[{\"@type\":\"SearchAction\",\"target\":{\"@type\":\"EntryPoint\",\"urlTemplate\":\"https:\/\/www.celttv.com.ar\/?s={search_term_string}\"},\"query-input\":\"required name=search_term_string\"}],\"inLanguage\":\"es\"},{\"@type\":\"Organization\",\"@id\":\"https:\/\/www.celttv.com.ar\/#organization\",\"name\":\"CELTTV\",\"url\":\"https:\/\/www.celttv.com.ar\/\",\"sameAs\":[\"https:\/\/www.youtube.com\/channel\/UCz_oIt8Hig64Ub-EmcNPIhg\",\"https:\/\/www.facebook.com\/celtTV\/\"],\"logo\":{\"@type\":\"ImageObject\",\"inLanguage\":\"es\",\"@id\":\"https:\/\/www.celttv.com.ar\/#\/schema\/logo\/image\/\",\"url\":\"http:\/\/www.celttv.com.ar\/wp-content\/uploads\/2022\/08\/logo-1.png\",\"contentUrl\":\"http:\/\/www.celttv.com.ar\/wp-content\/uploads\/2022\/08\/logo-1.png\",\"width\":461,\"height\":159,\"caption\":\"CELTTV\"},\"image\":{\"@id\":\"https:\/\/www.celttv.com.ar\/#\/schema\/logo\/image\/\"}},{\"@type\":\"Person\",\"@id\":\"https:\/\/www.celttv.com.ar\/#\/schema\/person\/6d99c072dba59953809c81446e9d0ace\",\"name\":\"ulises\",\"image\":{\"@type\":\"ImageObject\",\"inLanguage\":\"es\",\"@id\":\"https:\/\/www.celttv.com.ar\/#\/schema\/person\/image\/\",\"url\":\"https:\/\/secure.gravatar.com\/avatar\/7f2c48bdc33b30088f941fb6082e555f2874c98e20cb159d7b92b50eadfce793?s=96&d=mm&r=g\",\"contentUrl\":\"https:\/\/secure.gravatar.com\/avatar\/7f2c48bdc33b30088f941fb6082e555f2874c98e20cb159d7b92b50eadfce793?s=96&d=mm&r=g\",\"caption\":\"ulises\"},\"sameAs\":[\"http:\/\/www.celttv.com.ar\"]}]}<\/script>\n<!-- \/ Yoast SEO plugin. -->","yoast_head_json":{"title":"A 30 A\u00d1OS DE LA GESTA DE MALVINAS: TODAS LAS IMAGENES DEL EMOTIVO ACTO REALIZADO EN LA PLAZA \"HEROES DE MALVINAS\" - CELTTV","description":"Sitio web de noticias de la localidad de Tornquist, provincia de Buenos Aires, Rep\u00fablica Argentina. Contenido propio originado por periodistas de CELTTV, el canal de TV local de la Cooperativa El\u00e9ctrica de Tornquist. Turismo, Pol\u00edtica, Sociedad, Deporte, Cultura y todo el contenido de inter\u00e9s general que la gente del pueblo y la regi\u00f3n debe conocer.","robots":{"index":"index","follow":"follow","max-snippet":"max-snippet:-1","max-image-preview":"max-image-preview:large","max-video-preview":"max-video-preview:-1"},"canonical":"https:\/\/www.celttv.com.ar\/index.php\/2012\/04\/06\/a-30-anos-de-la-gesta-de-malvinas-todas-las-imagenes-del-emotivo-acto-realizado-en-la-plaza-heroes-de-malvinas\/","og_locale":"es_ES","og_type":"article","og_title":"A 30 A\u00d1OS DE LA GESTA DE MALVINAS: TODAS LAS IMAGENES DEL EMOTIVO ACTO REALIZADO EN LA PLAZA \"HEROES DE MALVINAS\" - CELTTV","og_description":"Sitio web de noticias de la localidad de Tornquist, provincia de Buenos Aires, Rep\u00fablica Argentina. Contenido propio originado por periodistas de CELTTV, el canal de TV local de la Cooperativa El\u00e9ctrica de Tornquist. Turismo, Pol\u00edtica, Sociedad, Deporte, Cultura y todo el contenido de inter\u00e9s general que la gente del pueblo y la regi\u00f3n debe conocer.","og_url":"https:\/\/www.celttv.com.ar\/index.php\/2012\/04\/06\/a-30-anos-de-la-gesta-de-malvinas-todas-las-imagenes-del-emotivo-acto-realizado-en-la-plaza-heroes-de-malvinas\/","og_site_name":"CELTTV","article_publisher":"https:\/\/www.facebook.com\/celtTV\/","article_published_time":"2012-04-06T21:51:54+00:00","author":"ulises","twitter_card":"summary_large_image","twitter_misc":{"Escrito por":"ulises","Tiempo de lectura":"1 minuto"},"schema":{"@context":"https:\/\/schema.org","@graph":[{"@type":"NewsArticle","@id":"https:\/\/www.celttv.com.ar\/index.php\/2012\/04\/06\/a-30-anos-de-la-gesta-de-malvinas-todas-las-imagenes-del-emotivo-acto-realizado-en-la-plaza-heroes-de-malvinas\/#article","isPartOf":{"@id":"https:\/\/www.celttv.com.ar\/index.php\/2012\/04\/06\/a-30-anos-de-la-gesta-de-malvinas-todas-las-imagenes-del-emotivo-acto-realizado-en-la-plaza-heroes-de-malvinas\/"},"author":{"name":"ulises","@id":"https:\/\/www.celttv.com.ar\/#\/schema\/person\/6d99c072dba59953809c81446e9d0ace"},"headline":"A 30 A\u00d1OS DE LA GESTA DE MALVINAS: TODAS LAS IMAGENES DEL EMOTIVO ACTO REALIZADO EN LA PLAZA &#8220;HEROES DE MALVINAS&#8221;","datePublished":"2012-04-06T21:51:54+00:00","dateModified":"2012-04-06T21:51:54+00:00","mainEntityOfPage":{"@id":"https:\/\/www.celttv.com.ar\/index.php\/2012\/04\/06\/a-30-anos-de-la-gesta-de-malvinas-todas-las-imagenes-del-emotivo-acto-realizado-en-la-plaza-heroes-de-malvinas\/"},"wordCount":121,"publisher":{"@id":"https:\/\/www.celttv.com.ar\/#organization"},"articleSection":["Comunidad","Destacadas","Pol\u00edtica","Videos Destacados"],"inLanguage":"es"},{"@type":"WebPage","@id":"https:\/\/www.celttv.com.ar\/index.php\/2012\/04\/06\/a-30-anos-de-la-gesta-de-malvinas-todas-las-imagenes-del-emotivo-acto-realizado-en-la-plaza-heroes-de-malvinas\/","url":"https:\/\/www.celttv.com.ar\/index.php\/2012\/04\/06\/a-30-anos-de-la-gesta-de-malvinas-todas-las-imagenes-del-emotivo-acto-realizado-en-la-plaza-heroes-de-malvinas\/","name":"A 30 A\u00d1OS DE LA GESTA DE MALVINAS: TODAS LAS IMAGENES DEL EMOTIVO ACTO REALIZADO EN LA PLAZA \"HEROES DE MALVINAS\" - CELTTV","isPartOf":{"@id":"https:\/\/www.celttv.com.ar\/#website"},"datePublished":"2012-04-06T21:51:54+00:00","dateModified":"2012-04-06T21:51:54+00:00","description":"Sitio web de noticias de la localidad de Tornquist, provincia de Buenos Aires, Rep\u00fablica Argentina. Contenido propio originado por periodistas de CELTTV, el canal de TV local de la Cooperativa El\u00e9ctrica de Tornquist. Turismo, Pol\u00edtica, Sociedad, Deporte, Cultura y todo el contenido de inter\u00e9s general que la gente del pueblo y la regi\u00f3n debe conocer.","breadcrumb":{"@id":"https:\/\/www.celttv.com.ar\/index.php\/2012\/04\/06\/a-30-anos-de-la-gesta-de-malvinas-todas-las-imagenes-del-emotivo-acto-realizado-en-la-plaza-heroes-de-malvinas\/#breadcrumb"},"inLanguage":"es","potentialAction":[{"@type":"ReadAction","target":["https:\/\/www.celttv.com.ar\/index.php\/2012\/04\/06\/a-30-anos-de-la-gesta-de-malvinas-todas-las-imagenes-del-emotivo-acto-realizado-en-la-plaza-heroes-de-malvinas\/"]}]},{"@type":"BreadcrumbList","@id":"https:\/\/www.celttv.com.ar\/index.php\/2012\/04\/06\/a-30-anos-de-la-gesta-de-malvinas-todas-las-imagenes-del-emotivo-acto-realizado-en-la-plaza-heroes-de-malvinas\/#breadcrumb","itemListElement":[{"@type":"ListItem","position":1,"name":"Inicio","item":"https:\/\/www.celttv.com.ar\/"},{"@type":"ListItem","position":2,"name":"A 30 A\u00d1OS DE LA GESTA DE MALVINAS: TODAS LAS IMAGENES DEL EMOTIVO ACTO REALIZADO EN LA PLAZA &#8220;HEROES DE MALVINAS&#8221;"}]},{"@type":"WebSite","@id":"https:\/\/www.celttv.com.ar\/#website","url":"https:\/\/www.celttv.com.ar\/","name":"CELTTV","description":"Cooperativa El\u00e9ctrica de Tornquist","publisher":{"@id":"https:\/\/www.celttv.com.ar\/#organization"},"potentialAction":[{"@type":"SearchAction","target":{"@type":"EntryPoint","urlTemplate":"https:\/\/www.celttv.com.ar\/?s={search_term_string}"},"query-input":"required name=search_term_string"}],"inLanguage":"es"},{"@type":"Organization","@id":"https:\/\/www.celttv.com.ar\/#organization","name":"CELTTV","url":"https:\/\/www.celttv.com.ar\/","sameAs":["https:\/\/www.youtube.com\/channel\/UCz_oIt8Hig64Ub-EmcNPIhg","https:\/\/www.facebook.com\/celtTV\/"],"logo":{"@type":"ImageObject","inLanguage":"es","@id":"https:\/\/www.celttv.com.ar\/#\/schema\/logo\/image\/","url":"http:\/\/www.celttv.com.ar\/wp-content\/uploads\/2022\/08\/logo-1.png","contentUrl":"http:\/\/www.celttv.com.ar\/wp-content\/uploads\/2022\/08\/logo-1.png","width":461,"height":159,"caption":"CELTTV"},"image":{"@id":"https:\/\/www.celttv.com.ar\/#\/schema\/logo\/image\/"}},{"@type":"Person","@id":"https:\/\/www.celttv.com.ar\/#\/schema\/person\/6d99c072dba59953809c81446e9d0ace","name":"ulises","image":{"@type":"ImageObject","inLanguage":"es","@id":"https:\/\/www.celttv.com.ar\/#\/schema\/person\/image\/","url":"https:\/\/secure.gravatar.com\/avatar\/7f2c48bdc33b30088f941fb6082e555f2874c98e20cb159d7b92b50eadfce793?s=96&d=mm&r=g","contentUrl":"https:\/\/secure.gravatar.com\/avatar\/7f2c48bdc33b30088f941fb6082e555f2874c98e20cb159d7b92b50eadfce793?s=96&d=mm&r=g","caption":"ulises"},"sameAs":["http:\/\/www.celttv.com.ar"]}]}},"_links":{"self":[{"href":"https:\/\/www.celttv.com.ar\/index.php\/wp-json\/wp\/v2\/posts\/5880","targetHints":{"allow":["GET"]}}],"collection":[{"href":"https:\/\/www.celttv.com.ar\/index.php\/wp-json\/wp\/v2\/posts"}],"about":[{"href":"https:\/\/www.celttv.com.ar\/index.php\/wp-json\/wp\/v2\/types\/post"}],"author":[{"embeddable":true,"href":"https:\/\/www.celttv.com.ar\/index.php\/wp-json\/wp\/v2\/users\/1"}],"replies":[{"embeddable":true,"href":"https:\/\/www.celttv.com.ar\/index.php\/wp-json\/wp\/v2\/comments?post=5880"}],"version-history":[{"count":0,"href":"https:\/\/www.celttv.com.ar\/index.php\/wp-json\/wp\/v2\/posts\/5880\/revisions"}],"wp:attachment":[{"href":"https:\/\/www.celttv.com.ar\/index.php\/wp-json\/wp\/v2\/media?parent=5880"}],"wp:term":[{"taxonomy":"category","embeddable":true,"href":"https:\/\/www.celttv.com.ar\/index.php\/wp-json\/wp\/v2\/categories?post=5880"},{"taxonomy":"post_tag","embeddable":true,"href":"https:\/\/www.celttv.com.ar\/index.php\/wp-json\/wp\/v2\/tags?post=5880"}],"curies":[{"name":"wp","href":"https:\/\/api.w.org\/{rel}","templated":true}]}}