{"id":5883,"date":"2012-04-07T00:26:23","date_gmt":"2012-04-07T00:26:23","guid":{"rendered":"http:\/\/www.tvcnoticias.com.ar\/?p=5883"},"modified":"2012-04-07T00:26:23","modified_gmt":"2012-04-07T00:26:23","slug":"paro-de-municipales-escasa-adhesion-a-la-movilizacion-en-sierra-de-la-ventana-imagenes-y-notas-con-los-delegados-gremiales","status":"publish","type":"post","link":"https:\/\/www.celttv.com.ar\/index.php\/2012\/04\/07\/paro-de-municipales-escasa-adhesion-a-la-movilizacion-en-sierra-de-la-ventana-imagenes-y-notas-con-los-delegados-gremiales\/","title":{"rendered":"PARO DE MUNICIPALES: ESCASA ADHESION A LA MOVILIZACION EN SIERRA DE LA VENTANA (Im\u00e1genes y notas con los delegados gremiales)"},"content":{"rendered":"<p>\u00a0Al cumplirse en todo el distrito el segundo d\u00eda del paro programado por el Sindicato de Trabajadores Municipales con bajo \u00edndice de acatamiento, el Secretario General del Sindicato Claudio Lencinas viaj\u00f3 este mi\u00e9rcoles a la vecina localidad de Sierra de la Ventana para participar de una movilizaci\u00f3n de empleados que tuvo escasa participaci\u00f3n de agentes muncipales. Asistieron adem\u00e1s integrantes de otros sindicatos vecinos .<br \/>\nSe escuch\u00f3 la palabra del Secretario local del Sindicato Claudio Lencina y los delegados gremiales de Coronel Suarez, Carlos Rodriguez, y de Carhue Nestor Colin\u00e9.<br \/>\nLencina inform\u00f3 que la medida contin\u00faa y para la pr\u00f3xima semana se esperan que empleados paren lunes y martes y el mi\u00e9rcoles la manifestaci\u00f3n ser\u00e1 en el palacio municipal donde se har\u00e1 una conferencia de prensa, con la presencia de autoridades de la Federaci\u00f3n.<br \/>\n\u00a0\u00a0 En otros p\u00e1rrafos el secretario del gremio de los municipales se lament\u00f3 por la escasa participaci\u00f3n de los afiliados locales, aunque reconoci\u00f3 que no es un obst\u00e1culo para continuar la lucha gremial detr\u00e1s de los objetivos\u00a0 planteados.<br \/>\n\u00a0 Lencina dijo no haber recibido ninguna comunicaci\u00f3n de parte del Ejecutivo, al menos hasta el pasado mi\u00e9rcoles, dia en que se realiz\u00f3 la mencionada movilizaci\u00f3n en Sierra de la Ventana.<br \/>\n\u00a0\u00a0 Tres panfletos fueron entregados a los presentes, dos de ellos dirigidos a las autoridades locales mencionando, en tono de cr\u00edtica, los reclamos realizados.<br \/>\nCOMO CONTINUA LA MEDIDA<br \/>\n\u00a0 Tal como lo adelantaba a este medio el propio Lencina, la medida de fuerza continuar\u00e1 seg\u00fan lo programado, con paro de actividades por tiempo indeterminado y con la movilizaci\u00f3n y conferencia de prensa el d\u00eda mi\u00e9rcoles a media ma\u00f1ana y con la presencia de autoridades de la Federaci\u00f3n a nivel provincial y nacional.<br \/>\n\u00a0\u00a0<br \/>\n<a href=\"http:\/\/www.youtube.com\/watch?v=QQ1Ryr_u0Xc\">httpv:\/\/www.youtube.com\/watch?v=QQ1Ryr_u0Xc<\/a><br \/>\n<a href=\"http:\/\/www.youtube.com\/watch?v=wDEvTiXqTe0\">httpv:\/\/www.youtube.com\/watch?v=wDEvTiXqTe0<\/a><br \/>\n<a>httpv:\/\/www.youtube.com\/watch?v=IvETbNwMGcM<\/a><\/p>\n","protected":false},"excerpt":{"rendered":"<p>\u00a0Al cumplirse en todo el distrito el segundo d\u00eda del paro programado por el Sindicato de Trabajadores Municipales con bajo \u00edndice de acatamiento, el Secretario General del Sindicato Claudio Lencinas viaj\u00f3 este mi\u00e9rcoles a la vecina localidad de Sierra de la Ventana para participar de una movilizaci\u00f3n de empleados que tuvo escasa participaci\u00f3n de agentes [&hellip;]<\/p>\n","protected":false},"author":1,"featured_media":0,"comment_status":"closed","ping_status":"open","sticky":false,"template":"","format":"standard","meta":{"footnotes":""},"categories":[51,52,64],"tags":[],"class_list":["post-5883","post","type-post","status-publish","format-standard","hentry","category-comunidad","category-destacadas","category-videos-destacados"],"yoast_head":"<!-- This site is optimized with the Yoast SEO plugin v19.7.1 - https:\/\/yoast.com\/wordpress\/plugins\/seo\/ -->\n<title>PARO DE MUNICIPALES: ESCASA ADHESION A LA MOVILIZACION EN SIERRA DE LA VENTANA (Im\u00e1genes y notas con los delegados gremiales) - CELTTV<\/title>\n<meta name=\"description\" content=\"Sitio web de noticias de la localidad de Tornquist, provincia de Buenos Aires, Rep\u00fablica Argentina. Contenido propio originado por periodistas de CELTTV, el canal de TV local de la Cooperativa El\u00e9ctrica de Tornquist. Turismo, Pol\u00edtica, Sociedad, Deporte, Cultura y todo el contenido de inter\u00e9s general que la gente del pueblo y la regi\u00f3n debe conocer.\" \/>\n<meta name=\"robots\" content=\"index, follow, max-snippet:-1, max-image-preview:large, max-video-preview:-1\" \/>\n<link rel=\"canonical\" href=\"https:\/\/www.celttv.com.ar\/index.php\/2012\/04\/07\/paro-de-municipales-escasa-adhesion-a-la-movilizacion-en-sierra-de-la-ventana-imagenes-y-notas-con-los-delegados-gremiales\/\" \/>\n<meta property=\"og:locale\" content=\"es_ES\" \/>\n<meta property=\"og:type\" content=\"article\" \/>\n<meta property=\"og:title\" content=\"PARO DE MUNICIPALES: ESCASA ADHESION A LA MOVILIZACION EN SIERRA DE LA VENTANA (Im\u00e1genes y notas con los delegados gremiales) - CELTTV\" \/>\n<meta property=\"og:description\" content=\"Sitio web de noticias de la localidad de Tornquist, provincia de Buenos Aires, Rep\u00fablica Argentina. Contenido propio originado por periodistas de CELTTV, el canal de TV local de la Cooperativa El\u00e9ctrica de Tornquist. Turismo, Pol\u00edtica, Sociedad, Deporte, Cultura y todo el contenido de inter\u00e9s general que la gente del pueblo y la regi\u00f3n debe conocer.\" \/>\n<meta property=\"og:url\" content=\"https:\/\/www.celttv.com.ar\/index.php\/2012\/04\/07\/paro-de-municipales-escasa-adhesion-a-la-movilizacion-en-sierra-de-la-ventana-imagenes-y-notas-con-los-delegados-gremiales\/\" \/>\n<meta property=\"og:site_name\" content=\"CELTTV\" \/>\n<meta property=\"article:publisher\" content=\"https:\/\/www.facebook.com\/celtTV\/\" \/>\n<meta property=\"article:published_time\" content=\"2012-04-07T00:26:23+00:00\" \/>\n<meta name=\"author\" content=\"ulises\" \/>\n<meta name=\"twitter:card\" content=\"summary_large_image\" \/>\n<meta name=\"twitter:label1\" content=\"Escrito por\" \/>\n\t<meta name=\"twitter:data1\" content=\"ulises\" \/>\n\t<meta name=\"twitter:label2\" content=\"Tiempo de lectura\" \/>\n\t<meta name=\"twitter:data2\" content=\"2 minutos\" \/>\n<script type=\"application\/ld+json\" class=\"yoast-schema-graph\">{\"@context\":\"https:\/\/schema.org\",\"@graph\":[{\"@type\":\"NewsArticle\",\"@id\":\"https:\/\/www.celttv.com.ar\/index.php\/2012\/04\/07\/paro-de-municipales-escasa-adhesion-a-la-movilizacion-en-sierra-de-la-ventana-imagenes-y-notas-con-los-delegados-gremiales\/#article\",\"isPartOf\":{\"@id\":\"https:\/\/www.celttv.com.ar\/index.php\/2012\/04\/07\/paro-de-municipales-escasa-adhesion-a-la-movilizacion-en-sierra-de-la-ventana-imagenes-y-notas-con-los-delegados-gremiales\/\"},\"author\":{\"name\":\"ulises\",\"@id\":\"https:\/\/www.celttv.com.ar\/#\/schema\/person\/6d99c072dba59953809c81446e9d0ace\"},\"headline\":\"PARO DE MUNICIPALES: ESCASA ADHESION A LA MOVILIZACION EN SIERRA DE LA VENTANA (Im\u00e1genes y notas con los delegados gremiales)\",\"datePublished\":\"2012-04-07T00:26:23+00:00\",\"dateModified\":\"2012-04-07T00:26:23+00:00\",\"mainEntityOfPage\":{\"@id\":\"https:\/\/www.celttv.com.ar\/index.php\/2012\/04\/07\/paro-de-municipales-escasa-adhesion-a-la-movilizacion-en-sierra-de-la-ventana-imagenes-y-notas-con-los-delegados-gremiales\/\"},\"wordCount\":348,\"publisher\":{\"@id\":\"https:\/\/www.celttv.com.ar\/#organization\"},\"articleSection\":[\"Comunidad\",\"Destacadas\",\"Videos Destacados\"],\"inLanguage\":\"es\"},{\"@type\":\"WebPage\",\"@id\":\"https:\/\/www.celttv.com.ar\/index.php\/2012\/04\/07\/paro-de-municipales-escasa-adhesion-a-la-movilizacion-en-sierra-de-la-ventana-imagenes-y-notas-con-los-delegados-gremiales\/\",\"url\":\"https:\/\/www.celttv.com.ar\/index.php\/2012\/04\/07\/paro-de-municipales-escasa-adhesion-a-la-movilizacion-en-sierra-de-la-ventana-imagenes-y-notas-con-los-delegados-gremiales\/\",\"name\":\"PARO DE MUNICIPALES: ESCASA ADHESION A LA MOVILIZACION EN SIERRA DE LA VENTANA (Im\u00e1genes y notas con los delegados gremiales) - CELTTV\",\"isPartOf\":{\"@id\":\"https:\/\/www.celttv.com.ar\/#website\"},\"datePublished\":\"2012-04-07T00:26:23+00:00\",\"dateModified\":\"2012-04-07T00:26:23+00:00\",\"description\":\"Sitio web de noticias de la localidad de Tornquist, provincia de Buenos Aires, Rep\u00fablica Argentina. Contenido propio originado por periodistas de CELTTV, el canal de TV local de la Cooperativa El\u00e9ctrica de Tornquist. Turismo, Pol\u00edtica, Sociedad, Deporte, Cultura y todo el contenido de inter\u00e9s general que la gente del pueblo y la regi\u00f3n debe conocer.\",\"breadcrumb\":{\"@id\":\"https:\/\/www.celttv.com.ar\/index.php\/2012\/04\/07\/paro-de-municipales-escasa-adhesion-a-la-movilizacion-en-sierra-de-la-ventana-imagenes-y-notas-con-los-delegados-gremiales\/#breadcrumb\"},\"inLanguage\":\"es\",\"potentialAction\":[{\"@type\":\"ReadAction\",\"target\":[\"https:\/\/www.celttv.com.ar\/index.php\/2012\/04\/07\/paro-de-municipales-escasa-adhesion-a-la-movilizacion-en-sierra-de-la-ventana-imagenes-y-notas-con-los-delegados-gremiales\/\"]}]},{\"@type\":\"BreadcrumbList\",\"@id\":\"https:\/\/www.celttv.com.ar\/index.php\/2012\/04\/07\/paro-de-municipales-escasa-adhesion-a-la-movilizacion-en-sierra-de-la-ventana-imagenes-y-notas-con-los-delegados-gremiales\/#breadcrumb\",\"itemListElement\":[{\"@type\":\"ListItem\",\"position\":1,\"name\":\"Inicio\",\"item\":\"https:\/\/www.celttv.com.ar\/\"},{\"@type\":\"ListItem\",\"position\":2,\"name\":\"PARO DE MUNICIPALES: ESCASA ADHESION A LA MOVILIZACION EN SIERRA DE LA VENTANA (Im\u00e1genes y notas con los delegados gremiales)\"}]},{\"@type\":\"WebSite\",\"@id\":\"https:\/\/www.celttv.com.ar\/#website\",\"url\":\"https:\/\/www.celttv.com.ar\/\",\"name\":\"CELTTV\",\"description\":\"Cooperativa El\u00e9ctrica de Tornquist\",\"publisher\":{\"@id\":\"https:\/\/www.celttv.com.ar\/#organization\"},\"potentialAction\":[{\"@type\":\"SearchAction\",\"target\":{\"@type\":\"EntryPoint\",\"urlTemplate\":\"https:\/\/www.celttv.com.ar\/?s={search_term_string}\"},\"query-input\":\"required name=search_term_string\"}],\"inLanguage\":\"es\"},{\"@type\":\"Organization\",\"@id\":\"https:\/\/www.celttv.com.ar\/#organization\",\"name\":\"CELTTV\",\"url\":\"https:\/\/www.celttv.com.ar\/\",\"sameAs\":[\"https:\/\/www.youtube.com\/channel\/UCz_oIt8Hig64Ub-EmcNPIhg\",\"https:\/\/www.facebook.com\/celtTV\/\"],\"logo\":{\"@type\":\"ImageObject\",\"inLanguage\":\"es\",\"@id\":\"https:\/\/www.celttv.com.ar\/#\/schema\/logo\/image\/\",\"url\":\"http:\/\/www.celttv.com.ar\/wp-content\/uploads\/2022\/08\/logo-1.png\",\"contentUrl\":\"http:\/\/www.celttv.com.ar\/wp-content\/uploads\/2022\/08\/logo-1.png\",\"width\":461,\"height\":159,\"caption\":\"CELTTV\"},\"image\":{\"@id\":\"https:\/\/www.celttv.com.ar\/#\/schema\/logo\/image\/\"}},{\"@type\":\"Person\",\"@id\":\"https:\/\/www.celttv.com.ar\/#\/schema\/person\/6d99c072dba59953809c81446e9d0ace\",\"name\":\"ulises\",\"image\":{\"@type\":\"ImageObject\",\"inLanguage\":\"es\",\"@id\":\"https:\/\/www.celttv.com.ar\/#\/schema\/person\/image\/\",\"url\":\"https:\/\/secure.gravatar.com\/avatar\/7f2c48bdc33b30088f941fb6082e555f2874c98e20cb159d7b92b50eadfce793?s=96&d=mm&r=g\",\"contentUrl\":\"https:\/\/secure.gravatar.com\/avatar\/7f2c48bdc33b30088f941fb6082e555f2874c98e20cb159d7b92b50eadfce793?s=96&d=mm&r=g\",\"caption\":\"ulises\"},\"sameAs\":[\"http:\/\/www.celttv.com.ar\"]}]}<\/script>\n<!-- \/ Yoast SEO plugin. -->","yoast_head_json":{"title":"PARO DE MUNICIPALES: ESCASA ADHESION A LA MOVILIZACION EN SIERRA DE LA VENTANA (Im\u00e1genes y notas con los delegados gremiales) - CELTTV","description":"Sitio web de noticias de la localidad de Tornquist, provincia de Buenos Aires, Rep\u00fablica Argentina. Contenido propio originado por periodistas de CELTTV, el canal de TV local de la Cooperativa El\u00e9ctrica de Tornquist. Turismo, Pol\u00edtica, Sociedad, Deporte, Cultura y todo el contenido de inter\u00e9s general que la gente del pueblo y la regi\u00f3n debe conocer.","robots":{"index":"index","follow":"follow","max-snippet":"max-snippet:-1","max-image-preview":"max-image-preview:large","max-video-preview":"max-video-preview:-1"},"canonical":"https:\/\/www.celttv.com.ar\/index.php\/2012\/04\/07\/paro-de-municipales-escasa-adhesion-a-la-movilizacion-en-sierra-de-la-ventana-imagenes-y-notas-con-los-delegados-gremiales\/","og_locale":"es_ES","og_type":"article","og_title":"PARO DE MUNICIPALES: ESCASA ADHESION A LA MOVILIZACION EN SIERRA DE LA VENTANA (Im\u00e1genes y notas con los delegados gremiales) - CELTTV","og_description":"Sitio web de noticias de la localidad de Tornquist, provincia de Buenos Aires, Rep\u00fablica Argentina. Contenido propio originado por periodistas de CELTTV, el canal de TV local de la Cooperativa El\u00e9ctrica de Tornquist. Turismo, Pol\u00edtica, Sociedad, Deporte, Cultura y todo el contenido de inter\u00e9s general que la gente del pueblo y la regi\u00f3n debe conocer.","og_url":"https:\/\/www.celttv.com.ar\/index.php\/2012\/04\/07\/paro-de-municipales-escasa-adhesion-a-la-movilizacion-en-sierra-de-la-ventana-imagenes-y-notas-con-los-delegados-gremiales\/","og_site_name":"CELTTV","article_publisher":"https:\/\/www.facebook.com\/celtTV\/","article_published_time":"2012-04-07T00:26:23+00:00","author":"ulises","twitter_card":"summary_large_image","twitter_misc":{"Escrito por":"ulises","Tiempo de lectura":"2 minutos"},"schema":{"@context":"https:\/\/schema.org","@graph":[{"@type":"NewsArticle","@id":"https:\/\/www.celttv.com.ar\/index.php\/2012\/04\/07\/paro-de-municipales-escasa-adhesion-a-la-movilizacion-en-sierra-de-la-ventana-imagenes-y-notas-con-los-delegados-gremiales\/#article","isPartOf":{"@id":"https:\/\/www.celttv.com.ar\/index.php\/2012\/04\/07\/paro-de-municipales-escasa-adhesion-a-la-movilizacion-en-sierra-de-la-ventana-imagenes-y-notas-con-los-delegados-gremiales\/"},"author":{"name":"ulises","@id":"https:\/\/www.celttv.com.ar\/#\/schema\/person\/6d99c072dba59953809c81446e9d0ace"},"headline":"PARO DE MUNICIPALES: ESCASA ADHESION A LA MOVILIZACION EN SIERRA DE LA VENTANA (Im\u00e1genes y notas con los delegados gremiales)","datePublished":"2012-04-07T00:26:23+00:00","dateModified":"2012-04-07T00:26:23+00:00","mainEntityOfPage":{"@id":"https:\/\/www.celttv.com.ar\/index.php\/2012\/04\/07\/paro-de-municipales-escasa-adhesion-a-la-movilizacion-en-sierra-de-la-ventana-imagenes-y-notas-con-los-delegados-gremiales\/"},"wordCount":348,"publisher":{"@id":"https:\/\/www.celttv.com.ar\/#organization"},"articleSection":["Comunidad","Destacadas","Videos Destacados"],"inLanguage":"es"},{"@type":"WebPage","@id":"https:\/\/www.celttv.com.ar\/index.php\/2012\/04\/07\/paro-de-municipales-escasa-adhesion-a-la-movilizacion-en-sierra-de-la-ventana-imagenes-y-notas-con-los-delegados-gremiales\/","url":"https:\/\/www.celttv.com.ar\/index.php\/2012\/04\/07\/paro-de-municipales-escasa-adhesion-a-la-movilizacion-en-sierra-de-la-ventana-imagenes-y-notas-con-los-delegados-gremiales\/","name":"PARO DE MUNICIPALES: ESCASA ADHESION A LA MOVILIZACION EN SIERRA DE LA VENTANA (Im\u00e1genes y notas con los delegados gremiales) - CELTTV","isPartOf":{"@id":"https:\/\/www.celttv.com.ar\/#website"},"datePublished":"2012-04-07T00:26:23+00:00","dateModified":"2012-04-07T00:26:23+00:00","description":"Sitio web de noticias de la localidad de Tornquist, provincia de Buenos Aires, Rep\u00fablica Argentina. Contenido propio originado por periodistas de CELTTV, el canal de TV local de la Cooperativa El\u00e9ctrica de Tornquist. Turismo, Pol\u00edtica, Sociedad, Deporte, Cultura y todo el contenido de inter\u00e9s general que la gente del pueblo y la regi\u00f3n debe conocer.","breadcrumb":{"@id":"https:\/\/www.celttv.com.ar\/index.php\/2012\/04\/07\/paro-de-municipales-escasa-adhesion-a-la-movilizacion-en-sierra-de-la-ventana-imagenes-y-notas-con-los-delegados-gremiales\/#breadcrumb"},"inLanguage":"es","potentialAction":[{"@type":"ReadAction","target":["https:\/\/www.celttv.com.ar\/index.php\/2012\/04\/07\/paro-de-municipales-escasa-adhesion-a-la-movilizacion-en-sierra-de-la-ventana-imagenes-y-notas-con-los-delegados-gremiales\/"]}]},{"@type":"BreadcrumbList","@id":"https:\/\/www.celttv.com.ar\/index.php\/2012\/04\/07\/paro-de-municipales-escasa-adhesion-a-la-movilizacion-en-sierra-de-la-ventana-imagenes-y-notas-con-los-delegados-gremiales\/#breadcrumb","itemListElement":[{"@type":"ListItem","position":1,"name":"Inicio","item":"https:\/\/www.celttv.com.ar\/"},{"@type":"ListItem","position":2,"name":"PARO DE MUNICIPALES: ESCASA ADHESION A LA MOVILIZACION EN SIERRA DE LA VENTANA (Im\u00e1genes y notas con los delegados gremiales)"}]},{"@type":"WebSite","@id":"https:\/\/www.celttv.com.ar\/#website","url":"https:\/\/www.celttv.com.ar\/","name":"CELTTV","description":"Cooperativa El\u00e9ctrica de Tornquist","publisher":{"@id":"https:\/\/www.celttv.com.ar\/#organization"},"potentialAction":[{"@type":"SearchAction","target":{"@type":"EntryPoint","urlTemplate":"https:\/\/www.celttv.com.ar\/?s={search_term_string}"},"query-input":"required name=search_term_string"}],"inLanguage":"es"},{"@type":"Organization","@id":"https:\/\/www.celttv.com.ar\/#organization","name":"CELTTV","url":"https:\/\/www.celttv.com.ar\/","sameAs":["https:\/\/www.youtube.com\/channel\/UCz_oIt8Hig64Ub-EmcNPIhg","https:\/\/www.facebook.com\/celtTV\/"],"logo":{"@type":"ImageObject","inLanguage":"es","@id":"https:\/\/www.celttv.com.ar\/#\/schema\/logo\/image\/","url":"http:\/\/www.celttv.com.ar\/wp-content\/uploads\/2022\/08\/logo-1.png","contentUrl":"http:\/\/www.celttv.com.ar\/wp-content\/uploads\/2022\/08\/logo-1.png","width":461,"height":159,"caption":"CELTTV"},"image":{"@id":"https:\/\/www.celttv.com.ar\/#\/schema\/logo\/image\/"}},{"@type":"Person","@id":"https:\/\/www.celttv.com.ar\/#\/schema\/person\/6d99c072dba59953809c81446e9d0ace","name":"ulises","image":{"@type":"ImageObject","inLanguage":"es","@id":"https:\/\/www.celttv.com.ar\/#\/schema\/person\/image\/","url":"https:\/\/secure.gravatar.com\/avatar\/7f2c48bdc33b30088f941fb6082e555f2874c98e20cb159d7b92b50eadfce793?s=96&d=mm&r=g","contentUrl":"https:\/\/secure.gravatar.com\/avatar\/7f2c48bdc33b30088f941fb6082e555f2874c98e20cb159d7b92b50eadfce793?s=96&d=mm&r=g","caption":"ulises"},"sameAs":["http:\/\/www.celttv.com.ar"]}]}},"_links":{"self":[{"href":"https:\/\/www.celttv.com.ar\/index.php\/wp-json\/wp\/v2\/posts\/5883","targetHints":{"allow":["GET"]}}],"collection":[{"href":"https:\/\/www.celttv.com.ar\/index.php\/wp-json\/wp\/v2\/posts"}],"about":[{"href":"https:\/\/www.celttv.com.ar\/index.php\/wp-json\/wp\/v2\/types\/post"}],"author":[{"embeddable":true,"href":"https:\/\/www.celttv.com.ar\/index.php\/wp-json\/wp\/v2\/users\/1"}],"replies":[{"embeddable":true,"href":"https:\/\/www.celttv.com.ar\/index.php\/wp-json\/wp\/v2\/comments?post=5883"}],"version-history":[{"count":0,"href":"https:\/\/www.celttv.com.ar\/index.php\/wp-json\/wp\/v2\/posts\/5883\/revisions"}],"wp:attachment":[{"href":"https:\/\/www.celttv.com.ar\/index.php\/wp-json\/wp\/v2\/media?parent=5883"}],"wp:term":[{"taxonomy":"category","embeddable":true,"href":"https:\/\/www.celttv.com.ar\/index.php\/wp-json\/wp\/v2\/categories?post=5883"},{"taxonomy":"post_tag","embeddable":true,"href":"https:\/\/www.celttv.com.ar\/index.php\/wp-json\/wp\/v2\/tags?post=5883"}],"curies":[{"name":"wp","href":"https:\/\/api.w.org\/{rel}","templated":true}]}}