{"id":58914,"date":"2021-07-15T01:34:55","date_gmt":"2021-07-15T01:34:55","guid":{"rendered":"http:\/\/www.celttv.com.ar\/?p=58914"},"modified":"2021-07-15T01:34:55","modified_gmt":"2021-07-15T01:34:55","slug":"sierra-de-la-ventana-bordoni-puso-en-funcionamiento-el-tramite-de-licencias-de-conducir-y-anticipo-el-comienzo-de-la-obra-limpieza-del-arroyo-san-bernardo","status":"publish","type":"post","link":"https:\/\/www.celttv.com.ar\/index.php\/2021\/07\/15\/sierra-de-la-ventana-bordoni-puso-en-funcionamiento-el-tramite-de-licencias-de-conducir-y-anticipo-el-comienzo-de-la-obra-limpieza-del-arroyo-san-bernardo\/","title":{"rendered":"Sierra de la Ventana: Bordoni puso en funcionamiento el tr\u00e1mite de Licencias de conducir y anticip\u00f3 el comienzo de la obra limpieza del Arroyo San Bernardo."},"content":{"rendered":"\n<p><\/p>\n\n\n\n<p>Acompa\u00f1ado por el Secretario de Gobierno y Seguridad&nbsp;<strong>Ezequiel Gabella<\/strong>&nbsp;y el Director de Juventud y pol\u00edticas de G\u00e9nero&nbsp;<strong>Bruno Zacconi<\/strong>, Bordoni  brind\u00f3 un amplio detalle sobre los proyectos y obras para las localidades de esta parte de las sierras y el distrito.<\/p>\n\n\n\n<p>Una ma\u00f1ana muy movida tuvo el intendente municipal y parte de su gabinete en la localidad serrana. <\/p>\n\n\n\n<p>Estuvo presente en la puesta en funcionamiento del sistema de tr\u00e1mite de licencias de conducir, se reuni\u00f3 con vecinos y recorri\u00f3 el corral\u00f3n municipal. Entrevistamos al jefe comunal y logramos detalles de las obras en marcha y el futuro de otras que van encaminadas para su ejecuci\u00f3n.<\/p>\n\n\n\n<p>\u00abEs importante para Sierra y Saldungaray tener estos servicios\u00bb se refiri\u00f3 el Intendente a la implementaci\u00f3n del registro de licencias de conducir en las localidades previamente mencionadas. \u00abHoy estamos instalando, el sistema ya est\u00e1 funcionando. Por el momento van a ser dos d\u00edas, vamos a ver la cantidad de carnets que se den. De acuerdo al pedido que se haga, se van a ir implementando durante la semana. Esto depende de la cantidad de gente que se inscriba\u00bb.<\/p>\n\n\n\n<p>Los turnos para tramitar las licencias se dar\u00e1n de manera online y el servicio durar\u00e1 seg\u00fan la demanda que haya.<\/p>\n\n\n\n<p>\u00abEstamos tratando de ser equitativos con todo el distrito\u00bb expres\u00f3 el Intendente.<\/p>\n\n\n\n<p>Tambi\u00e9n estuvimos conversando acerca del corral\u00f3n municipal que se instal\u00f3 en Sierra de la Ventana. \u00abSe hizo un corral\u00f3n que f\u00e1cilmente es el mejor corral\u00f3n de todo el distrito\u00bb opin\u00f3 Bordoni. El mismo fue el puntapi\u00e9 inicial para la reformaci\u00f3n del Hospital Menor.<\/p>\n\n\n\n<p><strong>Uno de los temas centrales de esta nota fue la planta de reciclados y la erradicaci\u00f3n del basural a cielo abierto<\/strong><\/p>\n\n\n\n<p>Comenz\u00f3 hoy la recolecci\u00f3n de residuos reciclables en todo el distrito y sigue en pie el proyecto de la erradicaci\u00f3n del basurero a cielo abierto en Sierra de la Ventana y Saldungaray. El Intendente resalta que estos proyectos estaban prometidos concretarse desde la gesti\u00f3n anterior y destaca la importancia de que terminen de concretarse.<\/p>\n\n\n\n<p>\u00abLa gente respondi\u00f3\u00bb fueron las palabras de Sergio para referirse a c\u00f3mo actuaron los vecinos de Tornquist al comenzar la recolecci\u00f3n de los reciclables. \u00abEso quiere decir que hay conciencia, eso es importante\u00bb.<\/p>\n\n\n\n<p><strong>Obras de cloacas en Villa Ventana, Saldungaray y Sierra de la Ventana<\/strong><\/p>\n\n\n\n<p>En referencia a los temas indicados, Bordoni brind\u00f3 durante la entrevista un detalle pormenorizado del los montos y estado de avance de los proyectos, las licitaciones y tiempos para el comienzo de algunas de estas obras.<\/p>\n\n\n\n<p>Destac\u00f3 que en el caso de Sierra de la Ventana, no solo se licitar\u00eda el monto por la finalizaci\u00f3n de la planta de tratamientos de efluentes cloacales sino que se adjudicar\u00edan mas tramos de redes domiciliarias, lo que implica un importante avance para la comunidad y el desarrollo de proyectos tur\u00edsticos.<\/p>\n\n\n\n<p>\u00abCalculo que en 30 d\u00edas estar\u00eda terminado el proyecto por parte de Medio Ambiente de Naci\u00f3n y para mayo (del 2022) estar\u00eda los fondos del Banco Interamericano de Desarrollo para empezar con la obra\u00bb nos dec\u00eda el jefe comunal en referencia a las obras de\u00a0<strong>Agua potable para Villa Serrana La Gruta\u00a0<\/strong>y la planta m\u00e1s la ampliaci\u00f3n de las redes domiciliarias faltantes en<strong>\u00a0Sierra de la Ventana.<\/strong><\/p>\n\n\n\n<p><strong>NOTA COMPLETA EN VIDEO DE FM REFLEJOS<\/strong><\/p>\n\n\n\n<figure class=\"wp-block-embed is-type-video is-provider-youtube wp-block-embed-youtube wp-embed-aspect-16-9 wp-has-aspect-ratio\"><div class=\"wp-block-embed__wrapper\">\n<iframe loading=\"lazy\" title=\"Corral\u00f3n Municipal Sierra de la Ventana\" width=\"500\" height=\"281\" src=\"https:\/\/www.youtube.com\/embed\/XNMYaA6VABg?feature=oembed\" frameborder=\"0\" allow=\"accelerometer; autoplay; clipboard-write; encrypted-media; gyroscope; picture-in-picture; web-share\" referrerpolicy=\"strict-origin-when-cross-origin\" allowfullscreen><\/iframe>\n<\/div><\/figure>\n\n\n\n<figure class=\"wp-block-embed is-type-video is-provider-youtube wp-block-embed-youtube wp-embed-aspect-16-9 wp-has-aspect-ratio\"><div class=\"wp-block-embed__wrapper\">\n<iframe loading=\"lazy\" title=\"Bordoni Anuncios y pol\u00edtica\" width=\"500\" height=\"281\" src=\"https:\/\/www.youtube.com\/embed\/oBuWBut8Wgk?feature=oembed\" frameborder=\"0\" allow=\"accelerometer; autoplay; clipboard-write; encrypted-media; gyroscope; picture-in-picture; web-share\" referrerpolicy=\"strict-origin-when-cross-origin\" allowfullscreen><\/iframe>\n<\/div><\/figure>\n\n\n\n<figure class=\"wp-block-gallery columns-3 is-cropped wp-block-gallery-1 is-layout-flex wp-block-gallery-is-layout-flex\"><ul class=\"blocks-gallery-grid\"><li class=\"blocks-gallery-item\"><figure><img loading=\"lazy\" decoding=\"async\" width=\"572\" height=\"420\" src=\"http:\/\/www.celttv.com.ar\/wp-content\/uploads\/2021\/07\/bordoni-1.jpg\" alt=\"\" data-id=\"58922\" data-full-url=\"http:\/\/www.celttv.com.ar\/wp-content\/uploads\/2021\/07\/bordoni-1.jpg\" data-link=\"http:\/\/www.celttv.com.ar\/?attachment_id=58922\" class=\"wp-image-58922\" srcset=\"https:\/\/www.celttv.com.ar\/wp-content\/uploads\/2021\/07\/bordoni-1.jpg 572w, https:\/\/www.celttv.com.ar\/wp-content\/uploads\/2021\/07\/bordoni-1-300x220.jpg 300w\" sizes=\"auto, (max-width: 572px) 100vw, 572px\" \/><\/figure><\/li><li class=\"blocks-gallery-item\"><figure><img loading=\"lazy\" decoding=\"async\" width=\"944\" height=\"532\" src=\"http:\/\/www.celttv.com.ar\/wp-content\/uploads\/2021\/07\/bordoni-2.jpg\" alt=\"\" data-id=\"58923\" data-full-url=\"http:\/\/www.celttv.com.ar\/wp-content\/uploads\/2021\/07\/bordoni-2.jpg\" data-link=\"http:\/\/www.celttv.com.ar\/?attachment_id=58923\" class=\"wp-image-58923\" srcset=\"https:\/\/www.celttv.com.ar\/wp-content\/uploads\/2021\/07\/bordoni-2.jpg 944w, https:\/\/www.celttv.com.ar\/wp-content\/uploads\/2021\/07\/bordoni-2-300x169.jpg 300w, https:\/\/www.celttv.com.ar\/wp-content\/uploads\/2021\/07\/bordoni-2-768x433.jpg 768w, https:\/\/www.celttv.com.ar\/wp-content\/uploads\/2021\/07\/bordoni-2-750x423.jpg 750w\" sizes=\"auto, (max-width: 944px) 100vw, 944px\" \/><\/figure><\/li><li class=\"blocks-gallery-item\"><figure><img loading=\"lazy\" decoding=\"async\" width=\"750\" height=\"375\" src=\"http:\/\/www.celttv.com.ar\/wp-content\/uploads\/2021\/07\/borodni-3.jpeg\" alt=\"\" data-id=\"58924\" data-full-url=\"http:\/\/www.celttv.com.ar\/wp-content\/uploads\/2021\/07\/borodni-3.jpeg\" data-link=\"http:\/\/www.celttv.com.ar\/?attachment_id=58924\" class=\"wp-image-58924\" srcset=\"https:\/\/www.celttv.com.ar\/wp-content\/uploads\/2021\/07\/borodni-3.jpeg 750w, https:\/\/www.celttv.com.ar\/wp-content\/uploads\/2021\/07\/borodni-3-300x150.jpeg 300w, https:\/\/www.celttv.com.ar\/wp-content\/uploads\/2021\/07\/borodni-3-360x180.jpeg 360w\" sizes=\"auto, (max-width: 750px) 100vw, 750px\" \/><\/figure><\/li><\/ul><\/figure>\n","protected":false},"excerpt":{"rendered":"<p>Acompa\u00f1ado por el Secretario de Gobierno y Seguridad&nbsp;Ezequiel Gabella&nbsp;y el Director de Juventud y pol\u00edticas de G\u00e9nero&nbsp;Bruno Zacconi, Bordoni brind\u00f3 un amplio detalle sobre los proyectos y obras para las localidades de esta parte de las sierras y el distrito. Una ma\u00f1ana muy movida tuvo el intendente municipal y parte de su gabinete en la [&hellip;]<\/p>\n","protected":false},"author":1,"featured_media":58922,"comment_status":"closed","ping_status":"open","sticky":false,"template":"","format":"standard","meta":{"footnotes":""},"categories":[51,52,59,53,65],"tags":[],"class_list":["post-58914","post","type-post","status-publish","format-standard","has-post-thumbnail","hentry","category-comunidad","category-destacadas","category-municipales","category-politica","category-produccion"],"yoast_head":"<!-- This site is optimized with the Yoast SEO plugin v19.7.1 - https:\/\/yoast.com\/wordpress\/plugins\/seo\/ -->\n<title>Sierra de la Ventana: Bordoni puso en funcionamiento el tr\u00e1mite de Licencias de conducir y anticip\u00f3 el comienzo de la obra limpieza del Arroyo San Bernardo. - CELTTV<\/title>\n<meta name=\"description\" content=\"Sitio web de noticias de la localidad de Tornquist, provincia de Buenos Aires, Rep\u00fablica Argentina. Contenido propio originado por periodistas de CELTTV, el canal de TV local de la Cooperativa El\u00e9ctrica de Tornquist. Turismo, Pol\u00edtica, Sociedad, Deporte, Cultura y todo el contenido de inter\u00e9s general que la gente del pueblo y la regi\u00f3n debe conocer.\" \/>\n<meta name=\"robots\" content=\"index, follow, max-snippet:-1, max-image-preview:large, max-video-preview:-1\" \/>\n<link rel=\"canonical\" href=\"https:\/\/www.celttv.com.ar\/index.php\/2021\/07\/15\/sierra-de-la-ventana-bordoni-puso-en-funcionamiento-el-tramite-de-licencias-de-conducir-y-anticipo-el-comienzo-de-la-obra-limpieza-del-arroyo-san-bernardo\/\" \/>\n<meta property=\"og:locale\" content=\"es_ES\" \/>\n<meta property=\"og:type\" content=\"article\" \/>\n<meta property=\"og:title\" content=\"Sierra de la Ventana: Bordoni puso en funcionamiento el tr\u00e1mite de Licencias de conducir y anticip\u00f3 el comienzo de la obra limpieza del Arroyo San Bernardo. - CELTTV\" \/>\n<meta property=\"og:description\" content=\"Sitio web de noticias de la localidad de Tornquist, provincia de Buenos Aires, Rep\u00fablica Argentina. Contenido propio originado por periodistas de CELTTV, el canal de TV local de la Cooperativa El\u00e9ctrica de Tornquist. Turismo, Pol\u00edtica, Sociedad, Deporte, Cultura y todo el contenido de inter\u00e9s general que la gente del pueblo y la regi\u00f3n debe conocer.\" \/>\n<meta property=\"og:url\" content=\"https:\/\/www.celttv.com.ar\/index.php\/2021\/07\/15\/sierra-de-la-ventana-bordoni-puso-en-funcionamiento-el-tramite-de-licencias-de-conducir-y-anticipo-el-comienzo-de-la-obra-limpieza-del-arroyo-san-bernardo\/\" \/>\n<meta property=\"og:site_name\" content=\"CELTTV\" \/>\n<meta property=\"article:publisher\" content=\"https:\/\/www.facebook.com\/celtTV\/\" \/>\n<meta property=\"article:published_time\" content=\"2021-07-15T01:34:55+00:00\" \/>\n<meta property=\"og:image\" content=\"https:\/\/www.celttv.com.ar\/wp-content\/uploads\/2021\/07\/bordoni-1.jpg\" \/>\n\t<meta property=\"og:image:width\" content=\"572\" \/>\n\t<meta property=\"og:image:height\" content=\"420\" \/>\n\t<meta property=\"og:image:type\" content=\"image\/jpeg\" \/>\n<meta name=\"author\" content=\"ulises\" \/>\n<meta name=\"twitter:card\" content=\"summary_large_image\" \/>\n<meta name=\"twitter:label1\" content=\"Escrito por\" \/>\n\t<meta name=\"twitter:data1\" content=\"ulises\" \/>\n\t<meta name=\"twitter:label2\" content=\"Tiempo de lectura\" \/>\n\t<meta name=\"twitter:data2\" content=\"3 minutos\" \/>\n<script type=\"application\/ld+json\" class=\"yoast-schema-graph\">{\"@context\":\"https:\/\/schema.org\",\"@graph\":[{\"@type\":\"NewsArticle\",\"@id\":\"https:\/\/www.celttv.com.ar\/index.php\/2021\/07\/15\/sierra-de-la-ventana-bordoni-puso-en-funcionamiento-el-tramite-de-licencias-de-conducir-y-anticipo-el-comienzo-de-la-obra-limpieza-del-arroyo-san-bernardo\/#article\",\"isPartOf\":{\"@id\":\"https:\/\/www.celttv.com.ar\/index.php\/2021\/07\/15\/sierra-de-la-ventana-bordoni-puso-en-funcionamiento-el-tramite-de-licencias-de-conducir-y-anticipo-el-comienzo-de-la-obra-limpieza-del-arroyo-san-bernardo\/\"},\"author\":{\"name\":\"ulises\",\"@id\":\"https:\/\/www.celttv.com.ar\/#\/schema\/person\/6d99c072dba59953809c81446e9d0ace\"},\"headline\":\"Sierra de la Ventana: Bordoni puso en funcionamiento el tr\u00e1mite de Licencias de conducir y anticip\u00f3 el comienzo de la obra limpieza del Arroyo San Bernardo.\",\"datePublished\":\"2021-07-15T01:34:55+00:00\",\"dateModified\":\"2021-07-15T01:34:55+00:00\",\"mainEntityOfPage\":{\"@id\":\"https:\/\/www.celttv.com.ar\/index.php\/2021\/07\/15\/sierra-de-la-ventana-bordoni-puso-en-funcionamiento-el-tramite-de-licencias-de-conducir-y-anticipo-el-comienzo-de-la-obra-limpieza-del-arroyo-san-bernardo\/\"},\"wordCount\":614,\"publisher\":{\"@id\":\"https:\/\/www.celttv.com.ar\/#organization\"},\"articleSection\":[\"Comunidad\",\"Destacadas\",\"Municipales\",\"Pol\u00edtica\",\"Producci\u00f3n y Medio Ambiente\"],\"inLanguage\":\"es\"},{\"@type\":\"WebPage\",\"@id\":\"https:\/\/www.celttv.com.ar\/index.php\/2021\/07\/15\/sierra-de-la-ventana-bordoni-puso-en-funcionamiento-el-tramite-de-licencias-de-conducir-y-anticipo-el-comienzo-de-la-obra-limpieza-del-arroyo-san-bernardo\/\",\"url\":\"https:\/\/www.celttv.com.ar\/index.php\/2021\/07\/15\/sierra-de-la-ventana-bordoni-puso-en-funcionamiento-el-tramite-de-licencias-de-conducir-y-anticipo-el-comienzo-de-la-obra-limpieza-del-arroyo-san-bernardo\/\",\"name\":\"Sierra de la Ventana: Bordoni puso en funcionamiento el tr\u00e1mite de Licencias de conducir y anticip\u00f3 el comienzo de la obra limpieza del Arroyo San Bernardo. - CELTTV\",\"isPartOf\":{\"@id\":\"https:\/\/www.celttv.com.ar\/#website\"},\"datePublished\":\"2021-07-15T01:34:55+00:00\",\"dateModified\":\"2021-07-15T01:34:55+00:00\",\"description\":\"Sitio web de noticias de la localidad de Tornquist, provincia de Buenos Aires, Rep\u00fablica Argentina. Contenido propio originado por periodistas de CELTTV, el canal de TV local de la Cooperativa El\u00e9ctrica de Tornquist. Turismo, Pol\u00edtica, Sociedad, Deporte, Cultura y todo el contenido de inter\u00e9s general que la gente del pueblo y la regi\u00f3n debe conocer.\",\"breadcrumb\":{\"@id\":\"https:\/\/www.celttv.com.ar\/index.php\/2021\/07\/15\/sierra-de-la-ventana-bordoni-puso-en-funcionamiento-el-tramite-de-licencias-de-conducir-y-anticipo-el-comienzo-de-la-obra-limpieza-del-arroyo-san-bernardo\/#breadcrumb\"},\"inLanguage\":\"es\",\"potentialAction\":[{\"@type\":\"ReadAction\",\"target\":[\"https:\/\/www.celttv.com.ar\/index.php\/2021\/07\/15\/sierra-de-la-ventana-bordoni-puso-en-funcionamiento-el-tramite-de-licencias-de-conducir-y-anticipo-el-comienzo-de-la-obra-limpieza-del-arroyo-san-bernardo\/\"]}]},{\"@type\":\"BreadcrumbList\",\"@id\":\"https:\/\/www.celttv.com.ar\/index.php\/2021\/07\/15\/sierra-de-la-ventana-bordoni-puso-en-funcionamiento-el-tramite-de-licencias-de-conducir-y-anticipo-el-comienzo-de-la-obra-limpieza-del-arroyo-san-bernardo\/#breadcrumb\",\"itemListElement\":[{\"@type\":\"ListItem\",\"position\":1,\"name\":\"Inicio\",\"item\":\"https:\/\/www.celttv.com.ar\/\"},{\"@type\":\"ListItem\",\"position\":2,\"name\":\"Sierra de la Ventana: Bordoni puso en funcionamiento el tr\u00e1mite de Licencias de conducir y anticip\u00f3 el comienzo de la obra limpieza del Arroyo San Bernardo.\"}]},{\"@type\":\"WebSite\",\"@id\":\"https:\/\/www.celttv.com.ar\/#website\",\"url\":\"https:\/\/www.celttv.com.ar\/\",\"name\":\"CELTTV\",\"description\":\"Cooperativa El\u00e9ctrica de Tornquist\",\"publisher\":{\"@id\":\"https:\/\/www.celttv.com.ar\/#organization\"},\"potentialAction\":[{\"@type\":\"SearchAction\",\"target\":{\"@type\":\"EntryPoint\",\"urlTemplate\":\"https:\/\/www.celttv.com.ar\/?s={search_term_string}\"},\"query-input\":\"required name=search_term_string\"}],\"inLanguage\":\"es\"},{\"@type\":\"Organization\",\"@id\":\"https:\/\/www.celttv.com.ar\/#organization\",\"name\":\"CELTTV\",\"url\":\"https:\/\/www.celttv.com.ar\/\",\"sameAs\":[\"https:\/\/www.youtube.com\/channel\/UCz_oIt8Hig64Ub-EmcNPIhg\",\"https:\/\/www.facebook.com\/celtTV\/\"],\"logo\":{\"@type\":\"ImageObject\",\"inLanguage\":\"es\",\"@id\":\"https:\/\/www.celttv.com.ar\/#\/schema\/logo\/image\/\",\"url\":\"http:\/\/www.celttv.com.ar\/wp-content\/uploads\/2022\/08\/logo-1.png\",\"contentUrl\":\"http:\/\/www.celttv.com.ar\/wp-content\/uploads\/2022\/08\/logo-1.png\",\"width\":461,\"height\":159,\"caption\":\"CELTTV\"},\"image\":{\"@id\":\"https:\/\/www.celttv.com.ar\/#\/schema\/logo\/image\/\"}},{\"@type\":\"Person\",\"@id\":\"https:\/\/www.celttv.com.ar\/#\/schema\/person\/6d99c072dba59953809c81446e9d0ace\",\"name\":\"ulises\",\"image\":{\"@type\":\"ImageObject\",\"inLanguage\":\"es\",\"@id\":\"https:\/\/www.celttv.com.ar\/#\/schema\/person\/image\/\",\"url\":\"https:\/\/secure.gravatar.com\/avatar\/7f2c48bdc33b30088f941fb6082e555f2874c98e20cb159d7b92b50eadfce793?s=96&d=mm&r=g\",\"contentUrl\":\"https:\/\/secure.gravatar.com\/avatar\/7f2c48bdc33b30088f941fb6082e555f2874c98e20cb159d7b92b50eadfce793?s=96&d=mm&r=g\",\"caption\":\"ulises\"},\"sameAs\":[\"http:\/\/www.celttv.com.ar\"]}]}<\/script>\n<!-- \/ Yoast SEO plugin. -->","yoast_head_json":{"title":"Sierra de la Ventana: Bordoni puso en funcionamiento el tr\u00e1mite de Licencias de conducir y anticip\u00f3 el comienzo de la obra limpieza del Arroyo San Bernardo. - CELTTV","description":"Sitio web de noticias de la localidad de Tornquist, provincia de Buenos Aires, Rep\u00fablica Argentina. Contenido propio originado por periodistas de CELTTV, el canal de TV local de la Cooperativa El\u00e9ctrica de Tornquist. Turismo, Pol\u00edtica, Sociedad, Deporte, Cultura y todo el contenido de inter\u00e9s general que la gente del pueblo y la regi\u00f3n debe conocer.","robots":{"index":"index","follow":"follow","max-snippet":"max-snippet:-1","max-image-preview":"max-image-preview:large","max-video-preview":"max-video-preview:-1"},"canonical":"https:\/\/www.celttv.com.ar\/index.php\/2021\/07\/15\/sierra-de-la-ventana-bordoni-puso-en-funcionamiento-el-tramite-de-licencias-de-conducir-y-anticipo-el-comienzo-de-la-obra-limpieza-del-arroyo-san-bernardo\/","og_locale":"es_ES","og_type":"article","og_title":"Sierra de la Ventana: Bordoni puso en funcionamiento el tr\u00e1mite de Licencias de conducir y anticip\u00f3 el comienzo de la obra limpieza del Arroyo San Bernardo. - CELTTV","og_description":"Sitio web de noticias de la localidad de Tornquist, provincia de Buenos Aires, Rep\u00fablica Argentina. Contenido propio originado por periodistas de CELTTV, el canal de TV local de la Cooperativa El\u00e9ctrica de Tornquist. Turismo, Pol\u00edtica, Sociedad, Deporte, Cultura y todo el contenido de inter\u00e9s general que la gente del pueblo y la regi\u00f3n debe conocer.","og_url":"https:\/\/www.celttv.com.ar\/index.php\/2021\/07\/15\/sierra-de-la-ventana-bordoni-puso-en-funcionamiento-el-tramite-de-licencias-de-conducir-y-anticipo-el-comienzo-de-la-obra-limpieza-del-arroyo-san-bernardo\/","og_site_name":"CELTTV","article_publisher":"https:\/\/www.facebook.com\/celtTV\/","article_published_time":"2021-07-15T01:34:55+00:00","og_image":[{"width":572,"height":420,"url":"https:\/\/www.celttv.com.ar\/wp-content\/uploads\/2021\/07\/bordoni-1.jpg","type":"image\/jpeg"}],"author":"ulises","twitter_card":"summary_large_image","twitter_misc":{"Escrito por":"ulises","Tiempo de lectura":"3 minutos"},"schema":{"@context":"https:\/\/schema.org","@graph":[{"@type":"NewsArticle","@id":"https:\/\/www.celttv.com.ar\/index.php\/2021\/07\/15\/sierra-de-la-ventana-bordoni-puso-en-funcionamiento-el-tramite-de-licencias-de-conducir-y-anticipo-el-comienzo-de-la-obra-limpieza-del-arroyo-san-bernardo\/#article","isPartOf":{"@id":"https:\/\/www.celttv.com.ar\/index.php\/2021\/07\/15\/sierra-de-la-ventana-bordoni-puso-en-funcionamiento-el-tramite-de-licencias-de-conducir-y-anticipo-el-comienzo-de-la-obra-limpieza-del-arroyo-san-bernardo\/"},"author":{"name":"ulises","@id":"https:\/\/www.celttv.com.ar\/#\/schema\/person\/6d99c072dba59953809c81446e9d0ace"},"headline":"Sierra de la Ventana: Bordoni puso en funcionamiento el tr\u00e1mite de Licencias de conducir y anticip\u00f3 el comienzo de la obra limpieza del Arroyo San Bernardo.","datePublished":"2021-07-15T01:34:55+00:00","dateModified":"2021-07-15T01:34:55+00:00","mainEntityOfPage":{"@id":"https:\/\/www.celttv.com.ar\/index.php\/2021\/07\/15\/sierra-de-la-ventana-bordoni-puso-en-funcionamiento-el-tramite-de-licencias-de-conducir-y-anticipo-el-comienzo-de-la-obra-limpieza-del-arroyo-san-bernardo\/"},"wordCount":614,"publisher":{"@id":"https:\/\/www.celttv.com.ar\/#organization"},"articleSection":["Comunidad","Destacadas","Municipales","Pol\u00edtica","Producci\u00f3n y Medio Ambiente"],"inLanguage":"es"},{"@type":"WebPage","@id":"https:\/\/www.celttv.com.ar\/index.php\/2021\/07\/15\/sierra-de-la-ventana-bordoni-puso-en-funcionamiento-el-tramite-de-licencias-de-conducir-y-anticipo-el-comienzo-de-la-obra-limpieza-del-arroyo-san-bernardo\/","url":"https:\/\/www.celttv.com.ar\/index.php\/2021\/07\/15\/sierra-de-la-ventana-bordoni-puso-en-funcionamiento-el-tramite-de-licencias-de-conducir-y-anticipo-el-comienzo-de-la-obra-limpieza-del-arroyo-san-bernardo\/","name":"Sierra de la Ventana: Bordoni puso en funcionamiento el tr\u00e1mite de Licencias de conducir y anticip\u00f3 el comienzo de la obra limpieza del Arroyo San Bernardo. - CELTTV","isPartOf":{"@id":"https:\/\/www.celttv.com.ar\/#website"},"datePublished":"2021-07-15T01:34:55+00:00","dateModified":"2021-07-15T01:34:55+00:00","description":"Sitio web de noticias de la localidad de Tornquist, provincia de Buenos Aires, Rep\u00fablica Argentina. Contenido propio originado por periodistas de CELTTV, el canal de TV local de la Cooperativa El\u00e9ctrica de Tornquist. Turismo, Pol\u00edtica, Sociedad, Deporte, Cultura y todo el contenido de inter\u00e9s general que la gente del pueblo y la regi\u00f3n debe conocer.","breadcrumb":{"@id":"https:\/\/www.celttv.com.ar\/index.php\/2021\/07\/15\/sierra-de-la-ventana-bordoni-puso-en-funcionamiento-el-tramite-de-licencias-de-conducir-y-anticipo-el-comienzo-de-la-obra-limpieza-del-arroyo-san-bernardo\/#breadcrumb"},"inLanguage":"es","potentialAction":[{"@type":"ReadAction","target":["https:\/\/www.celttv.com.ar\/index.php\/2021\/07\/15\/sierra-de-la-ventana-bordoni-puso-en-funcionamiento-el-tramite-de-licencias-de-conducir-y-anticipo-el-comienzo-de-la-obra-limpieza-del-arroyo-san-bernardo\/"]}]},{"@type":"BreadcrumbList","@id":"https:\/\/www.celttv.com.ar\/index.php\/2021\/07\/15\/sierra-de-la-ventana-bordoni-puso-en-funcionamiento-el-tramite-de-licencias-de-conducir-y-anticipo-el-comienzo-de-la-obra-limpieza-del-arroyo-san-bernardo\/#breadcrumb","itemListElement":[{"@type":"ListItem","position":1,"name":"Inicio","item":"https:\/\/www.celttv.com.ar\/"},{"@type":"ListItem","position":2,"name":"Sierra de la Ventana: Bordoni puso en funcionamiento el tr\u00e1mite de Licencias de conducir y anticip\u00f3 el comienzo de la obra limpieza del Arroyo San Bernardo."}]},{"@type":"WebSite","@id":"https:\/\/www.celttv.com.ar\/#website","url":"https:\/\/www.celttv.com.ar\/","name":"CELTTV","description":"Cooperativa El\u00e9ctrica de Tornquist","publisher":{"@id":"https:\/\/www.celttv.com.ar\/#organization"},"potentialAction":[{"@type":"SearchAction","target":{"@type":"EntryPoint","urlTemplate":"https:\/\/www.celttv.com.ar\/?s={search_term_string}"},"query-input":"required name=search_term_string"}],"inLanguage":"es"},{"@type":"Organization","@id":"https:\/\/www.celttv.com.ar\/#organization","name":"CELTTV","url":"https:\/\/www.celttv.com.ar\/","sameAs":["https:\/\/www.youtube.com\/channel\/UCz_oIt8Hig64Ub-EmcNPIhg","https:\/\/www.facebook.com\/celtTV\/"],"logo":{"@type":"ImageObject","inLanguage":"es","@id":"https:\/\/www.celttv.com.ar\/#\/schema\/logo\/image\/","url":"http:\/\/www.celttv.com.ar\/wp-content\/uploads\/2022\/08\/logo-1.png","contentUrl":"http:\/\/www.celttv.com.ar\/wp-content\/uploads\/2022\/08\/logo-1.png","width":461,"height":159,"caption":"CELTTV"},"image":{"@id":"https:\/\/www.celttv.com.ar\/#\/schema\/logo\/image\/"}},{"@type":"Person","@id":"https:\/\/www.celttv.com.ar\/#\/schema\/person\/6d99c072dba59953809c81446e9d0ace","name":"ulises","image":{"@type":"ImageObject","inLanguage":"es","@id":"https:\/\/www.celttv.com.ar\/#\/schema\/person\/image\/","url":"https:\/\/secure.gravatar.com\/avatar\/7f2c48bdc33b30088f941fb6082e555f2874c98e20cb159d7b92b50eadfce793?s=96&d=mm&r=g","contentUrl":"https:\/\/secure.gravatar.com\/avatar\/7f2c48bdc33b30088f941fb6082e555f2874c98e20cb159d7b92b50eadfce793?s=96&d=mm&r=g","caption":"ulises"},"sameAs":["http:\/\/www.celttv.com.ar"]}]}},"_links":{"self":[{"href":"https:\/\/www.celttv.com.ar\/index.php\/wp-json\/wp\/v2\/posts\/58914","targetHints":{"allow":["GET"]}}],"collection":[{"href":"https:\/\/www.celttv.com.ar\/index.php\/wp-json\/wp\/v2\/posts"}],"about":[{"href":"https:\/\/www.celttv.com.ar\/index.php\/wp-json\/wp\/v2\/types\/post"}],"author":[{"embeddable":true,"href":"https:\/\/www.celttv.com.ar\/index.php\/wp-json\/wp\/v2\/users\/1"}],"replies":[{"embeddable":true,"href":"https:\/\/www.celttv.com.ar\/index.php\/wp-json\/wp\/v2\/comments?post=58914"}],"version-history":[{"count":0,"href":"https:\/\/www.celttv.com.ar\/index.php\/wp-json\/wp\/v2\/posts\/58914\/revisions"}],"wp:featuredmedia":[{"embeddable":true,"href":"https:\/\/www.celttv.com.ar\/index.php\/wp-json\/wp\/v2\/media\/58922"}],"wp:attachment":[{"href":"https:\/\/www.celttv.com.ar\/index.php\/wp-json\/wp\/v2\/media?parent=58914"}],"wp:term":[{"taxonomy":"category","embeddable":true,"href":"https:\/\/www.celttv.com.ar\/index.php\/wp-json\/wp\/v2\/categories?post=58914"},{"taxonomy":"post_tag","embeddable":true,"href":"https:\/\/www.celttv.com.ar\/index.php\/wp-json\/wp\/v2\/tags?post=58914"}],"curies":[{"name":"wp","href":"https:\/\/api.w.org\/{rel}","templated":true}]}}