{"id":59025,"date":"2021-07-23T21:28:36","date_gmt":"2021-07-23T21:28:36","guid":{"rendered":"http:\/\/www.celttv.com.ar\/?p=59025"},"modified":"2021-07-23T21:28:36","modified_gmt":"2021-07-23T21:28:36","slug":"jose-fonfria-la-violencia-siempre-es-repudiable","status":"publish","type":"post","link":"https:\/\/www.celttv.com.ar\/index.php\/2021\/07\/23\/jose-fonfria-la-violencia-siempre-es-repudiable\/","title":{"rendered":"Jos\u00e9 Fonfria: &#8220;La violencia siempre es repudiable&#8221;"},"content":{"rendered":"\n<p>El concejal de Cambiemos Jos\u00e9 &#8220;Pepe&#8221; Fonfria se refiri\u00f3 en la sesi\u00f3n de anoche a un acontecimiento sucedido en la reuni\u00f3n de trabajo del pasado martes  donde se hizo presente el Intendente Sergio Bordoni.<\/p>\n\n\n\n<p>&#8220;El hecho ocurrido el martes pasado en la reuni\u00f3n de trabajo y creo que la violencia es repudiable sea como sea&#8221; se\u00f1al\u00f3.<\/p>\n\n\n\n<p>&#8220;Se vivi\u00f3  un momento que a ninguno de los que estuvimos nos gust\u00f3 pasar. Creo que con educaci\u00f3n, momentos como los que pasamos el martes pasado no se pasan&#8221; sostuvo Fonfrias.<\/p>\n\n\n\n<p>&#8220;Por supuesto repudiamos y pedimos que no vuelva a pasar y cada uno respete el lugar que tiene que respetar&#8221;<\/p>\n\n\n\n<p><\/p>\n\n\n\n<p>n di\u00e1logo con CELTTV Noticias el concejal Fonfrias brind\u00f3 detalles de lo mencionado en la sesi\u00f3n de trabajo y que dio origen a lo mencionado anoche en el recinto.<\/p>\n\n\n\n<p>\u201dMi mensaje en el recinto estaba dirigido a cualquier hecho de violencia y repudi\u00e9 cualquier acto de violencia\u201d sostuvo Fonfrias.<\/p>\n\n\n\n<p>Continuando con su relato de lo ocurrido en la reuni\u00f3n de trabajo del HCD. del martes pasado Fonfria coment\u00f3 que \u201cEst\u00e1bamos reunidos con la gente de la Comisi\u00f3n Vial quienes nos estaban explicando la parte t\u00e9cnica de cuantos kil\u00f3metros hab\u00edan hecho y la parte t\u00e9cnica de las m\u00e1quinas que tienen y lo que pueden llegar a hacer y el presidente de la Comisi\u00f3n Vial nos estaba comentando del dinero que contaban\u201d<br>\u201cEl intendente Municipal se hizo presente en esa reuni\u00f3n sin haber sido invitado y empez\u00f3 a retar a todo el mundo, a lo que el presidente del Concejo le dijo que las cosas no eran as\u00ed. Para cortar con esa reuni\u00f3n el Secretario del Concejo Manuel Castro, le pide de ir terminando. El Intendente salta como para irse a las manos y eso es lo que yo repudio\u201d se\u00f1al\u00f3 Jos\u00e9 Fonfrias.<br>\u201cPor eso ped\u00ed que se respeten los lugares. El Concejo Deliberante tiene su presidente y es el que decide que reuniones se hacen y que reuniones no y hasta ahora se hab\u00edan hecho siempre en un marco de respeto y cordialidad, aunque pens\u00e1ramos diferentes\u201d Se\u00f1al\u00f3.<br>Sobre lo ocurrido en la mencionada reuni\u00f3n de trabajo Fonfria descart\u00f3 cualquier otro tipo de acci\u00f3n posterior pero \u201csi estamos manifestando repudio a la violencia manifest\u00e9moslo en todos los \u00e1mbitos donde esto ocurra\u201d<br>\u201cNi como bloque ni en particular pensamos en denuncia ni nada de eso pero si en un llamado de atenci\u00f3n y que se est\u00e9 sabiendo como sucedieron las cosas\u201d<br>Fonfrias coment\u00f3 que \u201cel eje de la discusi\u00f3n tuvo que ver conque se vot\u00f3 en contra el aumento de la tasa vial y yo fui uno de los concejales que dijo desde la banca que no era el mejor momento para el incremento de esa tasa\u201d agreg\u00f3 el edil de Cambiemos.<br>\u201cEn vez de ir al di\u00e1logo el intendente actu\u00f3 como patr\u00f3n de estancia y no es lo que uno espera del intendente de tu distrito\u201d agreg\u00f3.<\/p>\n\n\n\n<p>NOTA COMPLETA DE CELTTV NOTICIAS<\/p>\n\n\n\n<p>Continuando con su relato de lo ocurrido en la reuni\u00f3n de trabajo del HCD. del martes pasado Fonfria coment\u00f3 que \u201cEst\u00e1bamos reunidos con la gente de la Comisi\u00f3n Vial quienes nos estaban explicando la parte t\u00e9cnica de cuantos kil\u00f3metros hab\u00edan hecho y la parte t\u00e9cnica de las m\u00e1quinas que tienen y lo que pueden llegar a hacer y el presidente de la Comisi\u00f3n Vial nos estaba comentando del dinero que contaban\u201d<br>\u201cEl intendente Municipal se hizo presente en esa reuni\u00f3n sin haber sido invitado y empez\u00f3 a retar a todo el mundo, a lo que el presidente del Concejo le dijo que las cosas no eran as\u00ed. Para cortar con esa reuni\u00f3n el Secretario del Concejo Manuel Castro, le pide de ir terminando. El Intendente salta como para irse a las manos y eso es lo que yo repudio\u201d se\u00f1al\u00f3 Jos\u00e9 Fonfrias.<br>\u201cPor eso ped\u00ed que se respeten los lugares. El Concejo Deliberante tiene su presidente y es el que decide que reuniones se hacen y que reuniones no y hasta ahora se hab\u00edan hecho siempre en un marco de respeto y cordialidad, aunque pens\u00e1ramos diferentes\u201d Se\u00f1al\u00f3.<br>Sobre lo ocurrido en la mencionada reuni\u00f3n de trabajo Fonfria descart\u00f3 cualquier otro tipo de acci\u00f3n posterior pero \u201csi estamos manifestando repudio a la violencia manifest\u00e9moslo en todos los \u00e1mbitos donde esto ocurra\u201d<br>\u201cNi como bloque ni en particular pensamos en denuncia ni nada de eso pero si en un llamado de atenci\u00f3n y que se est\u00e9 sabiendo como sucedieron las cosas\u201d<br>Fonfrias coment\u00f3 que \u201cel eje de la discusi\u00f3n tuvo que ver conque se vot\u00f3 en contra el aumento de la tasa vial y yo fui uno de los concejales que dijo desde la banca que no era el mejor momento para el incremento de esa tasa\u201d agreg\u00f3 el edil de Cambiemos.<br>\u201cEn vez de ir al di\u00e1logo el intendente actu\u00f3 como patr\u00f3n de estancia y no es lo que uno espera del intendente de tu distrito\u201d agreg\u00f3.<\/p>\n\n\n\n<p>NOTA COMPLETA DE CELTTV NOTICIAS<\/p>\n\n\n\n<figure class=\"wp-block-embed is-type-video is-provider-youtube wp-block-embed-youtube wp-embed-aspect-16-9 wp-has-aspect-ratio\"><div class=\"wp-block-embed__wrapper\">\n<iframe loading=\"lazy\" title=\"2021 07 21 COMUNICACION TELEFONICA CON JOSE FONFRIA\" width=\"500\" height=\"281\" src=\"https:\/\/www.youtube.com\/embed\/eaeIC9IeGH0?feature=oembed\" frameborder=\"0\" allow=\"accelerometer; autoplay; clipboard-write; encrypted-media; gyroscope; picture-in-picture; web-share\" referrerpolicy=\"strict-origin-when-cross-origin\" allowfullscreen><\/iframe>\n<\/div><\/figure>\n\n\n\n<pre class=\"wp-block-code\"><code><\/code><\/pre>\n","protected":false},"excerpt":{"rendered":"<p>El concejal de Cambiemos Jos\u00e9 &#8220;Pepe&#8221; Fonfria se refiri\u00f3 en la sesi\u00f3n de anoche a un acontecimiento sucedido en la reuni\u00f3n de trabajo del pasado martes donde se hizo presente el Intendente Sergio Bordoni. &#8220;El hecho ocurrido el martes pasado en la reuni\u00f3n de trabajo y creo que la violencia es repudiable sea como sea&#8221; [&hellip;]<\/p>\n","protected":false},"author":1,"featured_media":59067,"comment_status":"closed","ping_status":"open","sticky":false,"template":"","format":"standard","meta":{"footnotes":""},"categories":[51,52,59,53,64],"tags":[],"class_list":["post-59025","post","type-post","status-publish","format-standard","has-post-thumbnail","hentry","category-comunidad","category-destacadas","category-municipales","category-politica","category-videos-destacados"],"yoast_head":"<!-- This site is optimized with the Yoast SEO plugin v19.7.1 - https:\/\/yoast.com\/wordpress\/plugins\/seo\/ -->\n<title>Jos\u00e9 Fonfria: &quot;La violencia siempre es repudiable&quot; - CELTTV<\/title>\n<meta name=\"description\" content=\"Sitio web de noticias de la localidad de Tornquist, provincia de Buenos Aires, Rep\u00fablica Argentina. Contenido propio originado por periodistas de CELTTV, el canal de TV local de la Cooperativa El\u00e9ctrica de Tornquist. Turismo, Pol\u00edtica, Sociedad, Deporte, Cultura y todo el contenido de inter\u00e9s general que la gente del pueblo y la regi\u00f3n debe conocer.\" \/>\n<meta name=\"robots\" content=\"index, follow, max-snippet:-1, max-image-preview:large, max-video-preview:-1\" \/>\n<link rel=\"canonical\" href=\"https:\/\/www.celttv.com.ar\/index.php\/2021\/07\/23\/jose-fonfria-la-violencia-siempre-es-repudiable\/\" \/>\n<meta property=\"og:locale\" content=\"es_ES\" \/>\n<meta property=\"og:type\" content=\"article\" \/>\n<meta property=\"og:title\" content=\"Jos\u00e9 Fonfria: &quot;La violencia siempre es repudiable&quot; - CELTTV\" \/>\n<meta property=\"og:description\" content=\"Sitio web de noticias de la localidad de Tornquist, provincia de Buenos Aires, Rep\u00fablica Argentina. Contenido propio originado por periodistas de CELTTV, el canal de TV local de la Cooperativa El\u00e9ctrica de Tornquist. Turismo, Pol\u00edtica, Sociedad, Deporte, Cultura y todo el contenido de inter\u00e9s general que la gente del pueblo y la regi\u00f3n debe conocer.\" \/>\n<meta property=\"og:url\" content=\"https:\/\/www.celttv.com.ar\/index.php\/2021\/07\/23\/jose-fonfria-la-violencia-siempre-es-repudiable\/\" \/>\n<meta property=\"og:site_name\" content=\"CELTTV\" \/>\n<meta property=\"article:publisher\" content=\"https:\/\/www.facebook.com\/celtTV\/\" \/>\n<meta property=\"article:published_time\" content=\"2021-07-23T21:28:36+00:00\" \/>\n<meta property=\"og:image\" content=\"https:\/\/www.celttv.com.ar\/wp-content\/uploads\/2021\/07\/WhatsApp-Image-2021-07-23-at-11.12.17.jpeg\" \/>\n\t<meta property=\"og:image:width\" content=\"868\" \/>\n\t<meta property=\"og:image:height\" content=\"1156\" \/>\n\t<meta property=\"og:image:type\" content=\"image\/jpeg\" \/>\n<meta name=\"author\" content=\"ulises\" \/>\n<meta name=\"twitter:card\" content=\"summary_large_image\" \/>\n<meta name=\"twitter:label1\" content=\"Escrito por\" \/>\n\t<meta name=\"twitter:data1\" content=\"ulises\" \/>\n\t<meta name=\"twitter:label2\" content=\"Tiempo de lectura\" \/>\n\t<meta name=\"twitter:data2\" content=\"4 minutos\" \/>\n<script type=\"application\/ld+json\" class=\"yoast-schema-graph\">{\"@context\":\"https:\/\/schema.org\",\"@graph\":[{\"@type\":\"NewsArticle\",\"@id\":\"https:\/\/www.celttv.com.ar\/index.php\/2021\/07\/23\/jose-fonfria-la-violencia-siempre-es-repudiable\/#article\",\"isPartOf\":{\"@id\":\"https:\/\/www.celttv.com.ar\/index.php\/2021\/07\/23\/jose-fonfria-la-violencia-siempre-es-repudiable\/\"},\"author\":{\"name\":\"ulises\",\"@id\":\"https:\/\/www.celttv.com.ar\/#\/schema\/person\/6d99c072dba59953809c81446e9d0ace\"},\"headline\":\"Jos\u00e9 Fonfria: &#8220;La violencia siempre es repudiable&#8221;\",\"datePublished\":\"2021-07-23T21:28:36+00:00\",\"dateModified\":\"2021-07-23T21:28:36+00:00\",\"mainEntityOfPage\":{\"@id\":\"https:\/\/www.celttv.com.ar\/index.php\/2021\/07\/23\/jose-fonfria-la-violencia-siempre-es-repudiable\/\"},\"wordCount\":881,\"publisher\":{\"@id\":\"https:\/\/www.celttv.com.ar\/#organization\"},\"articleSection\":[\"Comunidad\",\"Destacadas\",\"Municipales\",\"Pol\u00edtica\",\"Videos Destacados\"],\"inLanguage\":\"es\"},{\"@type\":\"WebPage\",\"@id\":\"https:\/\/www.celttv.com.ar\/index.php\/2021\/07\/23\/jose-fonfria-la-violencia-siempre-es-repudiable\/\",\"url\":\"https:\/\/www.celttv.com.ar\/index.php\/2021\/07\/23\/jose-fonfria-la-violencia-siempre-es-repudiable\/\",\"name\":\"Jos\u00e9 Fonfria: \\\"La violencia siempre es repudiable\\\" - CELTTV\",\"isPartOf\":{\"@id\":\"https:\/\/www.celttv.com.ar\/#website\"},\"datePublished\":\"2021-07-23T21:28:36+00:00\",\"dateModified\":\"2021-07-23T21:28:36+00:00\",\"description\":\"Sitio web de noticias de la localidad de Tornquist, provincia de Buenos Aires, Rep\u00fablica Argentina. Contenido propio originado por periodistas de CELTTV, el canal de TV local de la Cooperativa El\u00e9ctrica de Tornquist. Turismo, Pol\u00edtica, Sociedad, Deporte, Cultura y todo el contenido de inter\u00e9s general que la gente del pueblo y la regi\u00f3n debe conocer.\",\"breadcrumb\":{\"@id\":\"https:\/\/www.celttv.com.ar\/index.php\/2021\/07\/23\/jose-fonfria-la-violencia-siempre-es-repudiable\/#breadcrumb\"},\"inLanguage\":\"es\",\"potentialAction\":[{\"@type\":\"ReadAction\",\"target\":[\"https:\/\/www.celttv.com.ar\/index.php\/2021\/07\/23\/jose-fonfria-la-violencia-siempre-es-repudiable\/\"]}]},{\"@type\":\"BreadcrumbList\",\"@id\":\"https:\/\/www.celttv.com.ar\/index.php\/2021\/07\/23\/jose-fonfria-la-violencia-siempre-es-repudiable\/#breadcrumb\",\"itemListElement\":[{\"@type\":\"ListItem\",\"position\":1,\"name\":\"Inicio\",\"item\":\"https:\/\/www.celttv.com.ar\/\"},{\"@type\":\"ListItem\",\"position\":2,\"name\":\"Jos\u00e9 Fonfria: &#8220;La violencia siempre es repudiable&#8221;\"}]},{\"@type\":\"WebSite\",\"@id\":\"https:\/\/www.celttv.com.ar\/#website\",\"url\":\"https:\/\/www.celttv.com.ar\/\",\"name\":\"CELTTV\",\"description\":\"Cooperativa El\u00e9ctrica de Tornquist\",\"publisher\":{\"@id\":\"https:\/\/www.celttv.com.ar\/#organization\"},\"potentialAction\":[{\"@type\":\"SearchAction\",\"target\":{\"@type\":\"EntryPoint\",\"urlTemplate\":\"https:\/\/www.celttv.com.ar\/?s={search_term_string}\"},\"query-input\":\"required name=search_term_string\"}],\"inLanguage\":\"es\"},{\"@type\":\"Organization\",\"@id\":\"https:\/\/www.celttv.com.ar\/#organization\",\"name\":\"CELTTV\",\"url\":\"https:\/\/www.celttv.com.ar\/\",\"sameAs\":[\"https:\/\/www.youtube.com\/channel\/UCz_oIt8Hig64Ub-EmcNPIhg\",\"https:\/\/www.facebook.com\/celtTV\/\"],\"logo\":{\"@type\":\"ImageObject\",\"inLanguage\":\"es\",\"@id\":\"https:\/\/www.celttv.com.ar\/#\/schema\/logo\/image\/\",\"url\":\"http:\/\/www.celttv.com.ar\/wp-content\/uploads\/2022\/08\/logo-1.png\",\"contentUrl\":\"http:\/\/www.celttv.com.ar\/wp-content\/uploads\/2022\/08\/logo-1.png\",\"width\":461,\"height\":159,\"caption\":\"CELTTV\"},\"image\":{\"@id\":\"https:\/\/www.celttv.com.ar\/#\/schema\/logo\/image\/\"}},{\"@type\":\"Person\",\"@id\":\"https:\/\/www.celttv.com.ar\/#\/schema\/person\/6d99c072dba59953809c81446e9d0ace\",\"name\":\"ulises\",\"image\":{\"@type\":\"ImageObject\",\"inLanguage\":\"es\",\"@id\":\"https:\/\/www.celttv.com.ar\/#\/schema\/person\/image\/\",\"url\":\"https:\/\/secure.gravatar.com\/avatar\/7f2c48bdc33b30088f941fb6082e555f2874c98e20cb159d7b92b50eadfce793?s=96&d=mm&r=g\",\"contentUrl\":\"https:\/\/secure.gravatar.com\/avatar\/7f2c48bdc33b30088f941fb6082e555f2874c98e20cb159d7b92b50eadfce793?s=96&d=mm&r=g\",\"caption\":\"ulises\"},\"sameAs\":[\"http:\/\/www.celttv.com.ar\"]}]}<\/script>\n<!-- \/ Yoast SEO plugin. -->","yoast_head_json":{"title":"Jos\u00e9 Fonfria: \"La violencia siempre es repudiable\" - CELTTV","description":"Sitio web de noticias de la localidad de Tornquist, provincia de Buenos Aires, Rep\u00fablica Argentina. Contenido propio originado por periodistas de CELTTV, el canal de TV local de la Cooperativa El\u00e9ctrica de Tornquist. Turismo, Pol\u00edtica, Sociedad, Deporte, Cultura y todo el contenido de inter\u00e9s general que la gente del pueblo y la regi\u00f3n debe conocer.","robots":{"index":"index","follow":"follow","max-snippet":"max-snippet:-1","max-image-preview":"max-image-preview:large","max-video-preview":"max-video-preview:-1"},"canonical":"https:\/\/www.celttv.com.ar\/index.php\/2021\/07\/23\/jose-fonfria-la-violencia-siempre-es-repudiable\/","og_locale":"es_ES","og_type":"article","og_title":"Jos\u00e9 Fonfria: \"La violencia siempre es repudiable\" - CELTTV","og_description":"Sitio web de noticias de la localidad de Tornquist, provincia de Buenos Aires, Rep\u00fablica Argentina. Contenido propio originado por periodistas de CELTTV, el canal de TV local de la Cooperativa El\u00e9ctrica de Tornquist. Turismo, Pol\u00edtica, Sociedad, Deporte, Cultura y todo el contenido de inter\u00e9s general que la gente del pueblo y la regi\u00f3n debe conocer.","og_url":"https:\/\/www.celttv.com.ar\/index.php\/2021\/07\/23\/jose-fonfria-la-violencia-siempre-es-repudiable\/","og_site_name":"CELTTV","article_publisher":"https:\/\/www.facebook.com\/celtTV\/","article_published_time":"2021-07-23T21:28:36+00:00","og_image":[{"width":868,"height":1156,"url":"https:\/\/www.celttv.com.ar\/wp-content\/uploads\/2021\/07\/WhatsApp-Image-2021-07-23-at-11.12.17.jpeg","type":"image\/jpeg"}],"author":"ulises","twitter_card":"summary_large_image","twitter_misc":{"Escrito por":"ulises","Tiempo de lectura":"4 minutos"},"schema":{"@context":"https:\/\/schema.org","@graph":[{"@type":"NewsArticle","@id":"https:\/\/www.celttv.com.ar\/index.php\/2021\/07\/23\/jose-fonfria-la-violencia-siempre-es-repudiable\/#article","isPartOf":{"@id":"https:\/\/www.celttv.com.ar\/index.php\/2021\/07\/23\/jose-fonfria-la-violencia-siempre-es-repudiable\/"},"author":{"name":"ulises","@id":"https:\/\/www.celttv.com.ar\/#\/schema\/person\/6d99c072dba59953809c81446e9d0ace"},"headline":"Jos\u00e9 Fonfria: &#8220;La violencia siempre es repudiable&#8221;","datePublished":"2021-07-23T21:28:36+00:00","dateModified":"2021-07-23T21:28:36+00:00","mainEntityOfPage":{"@id":"https:\/\/www.celttv.com.ar\/index.php\/2021\/07\/23\/jose-fonfria-la-violencia-siempre-es-repudiable\/"},"wordCount":881,"publisher":{"@id":"https:\/\/www.celttv.com.ar\/#organization"},"articleSection":["Comunidad","Destacadas","Municipales","Pol\u00edtica","Videos Destacados"],"inLanguage":"es"},{"@type":"WebPage","@id":"https:\/\/www.celttv.com.ar\/index.php\/2021\/07\/23\/jose-fonfria-la-violencia-siempre-es-repudiable\/","url":"https:\/\/www.celttv.com.ar\/index.php\/2021\/07\/23\/jose-fonfria-la-violencia-siempre-es-repudiable\/","name":"Jos\u00e9 Fonfria: \"La violencia siempre es repudiable\" - CELTTV","isPartOf":{"@id":"https:\/\/www.celttv.com.ar\/#website"},"datePublished":"2021-07-23T21:28:36+00:00","dateModified":"2021-07-23T21:28:36+00:00","description":"Sitio web de noticias de la localidad de Tornquist, provincia de Buenos Aires, Rep\u00fablica Argentina. Contenido propio originado por periodistas de CELTTV, el canal de TV local de la Cooperativa El\u00e9ctrica de Tornquist. Turismo, Pol\u00edtica, Sociedad, Deporte, Cultura y todo el contenido de inter\u00e9s general que la gente del pueblo y la regi\u00f3n debe conocer.","breadcrumb":{"@id":"https:\/\/www.celttv.com.ar\/index.php\/2021\/07\/23\/jose-fonfria-la-violencia-siempre-es-repudiable\/#breadcrumb"},"inLanguage":"es","potentialAction":[{"@type":"ReadAction","target":["https:\/\/www.celttv.com.ar\/index.php\/2021\/07\/23\/jose-fonfria-la-violencia-siempre-es-repudiable\/"]}]},{"@type":"BreadcrumbList","@id":"https:\/\/www.celttv.com.ar\/index.php\/2021\/07\/23\/jose-fonfria-la-violencia-siempre-es-repudiable\/#breadcrumb","itemListElement":[{"@type":"ListItem","position":1,"name":"Inicio","item":"https:\/\/www.celttv.com.ar\/"},{"@type":"ListItem","position":2,"name":"Jos\u00e9 Fonfria: &#8220;La violencia siempre es repudiable&#8221;"}]},{"@type":"WebSite","@id":"https:\/\/www.celttv.com.ar\/#website","url":"https:\/\/www.celttv.com.ar\/","name":"CELTTV","description":"Cooperativa El\u00e9ctrica de Tornquist","publisher":{"@id":"https:\/\/www.celttv.com.ar\/#organization"},"potentialAction":[{"@type":"SearchAction","target":{"@type":"EntryPoint","urlTemplate":"https:\/\/www.celttv.com.ar\/?s={search_term_string}"},"query-input":"required name=search_term_string"}],"inLanguage":"es"},{"@type":"Organization","@id":"https:\/\/www.celttv.com.ar\/#organization","name":"CELTTV","url":"https:\/\/www.celttv.com.ar\/","sameAs":["https:\/\/www.youtube.com\/channel\/UCz_oIt8Hig64Ub-EmcNPIhg","https:\/\/www.facebook.com\/celtTV\/"],"logo":{"@type":"ImageObject","inLanguage":"es","@id":"https:\/\/www.celttv.com.ar\/#\/schema\/logo\/image\/","url":"http:\/\/www.celttv.com.ar\/wp-content\/uploads\/2022\/08\/logo-1.png","contentUrl":"http:\/\/www.celttv.com.ar\/wp-content\/uploads\/2022\/08\/logo-1.png","width":461,"height":159,"caption":"CELTTV"},"image":{"@id":"https:\/\/www.celttv.com.ar\/#\/schema\/logo\/image\/"}},{"@type":"Person","@id":"https:\/\/www.celttv.com.ar\/#\/schema\/person\/6d99c072dba59953809c81446e9d0ace","name":"ulises","image":{"@type":"ImageObject","inLanguage":"es","@id":"https:\/\/www.celttv.com.ar\/#\/schema\/person\/image\/","url":"https:\/\/secure.gravatar.com\/avatar\/7f2c48bdc33b30088f941fb6082e555f2874c98e20cb159d7b92b50eadfce793?s=96&d=mm&r=g","contentUrl":"https:\/\/secure.gravatar.com\/avatar\/7f2c48bdc33b30088f941fb6082e555f2874c98e20cb159d7b92b50eadfce793?s=96&d=mm&r=g","caption":"ulises"},"sameAs":["http:\/\/www.celttv.com.ar"]}]}},"_links":{"self":[{"href":"https:\/\/www.celttv.com.ar\/index.php\/wp-json\/wp\/v2\/posts\/59025","targetHints":{"allow":["GET"]}}],"collection":[{"href":"https:\/\/www.celttv.com.ar\/index.php\/wp-json\/wp\/v2\/posts"}],"about":[{"href":"https:\/\/www.celttv.com.ar\/index.php\/wp-json\/wp\/v2\/types\/post"}],"author":[{"embeddable":true,"href":"https:\/\/www.celttv.com.ar\/index.php\/wp-json\/wp\/v2\/users\/1"}],"replies":[{"embeddable":true,"href":"https:\/\/www.celttv.com.ar\/index.php\/wp-json\/wp\/v2\/comments?post=59025"}],"version-history":[{"count":0,"href":"https:\/\/www.celttv.com.ar\/index.php\/wp-json\/wp\/v2\/posts\/59025\/revisions"}],"wp:featuredmedia":[{"embeddable":true,"href":"https:\/\/www.celttv.com.ar\/index.php\/wp-json\/wp\/v2\/media\/59067"}],"wp:attachment":[{"href":"https:\/\/www.celttv.com.ar\/index.php\/wp-json\/wp\/v2\/media?parent=59025"}],"wp:term":[{"taxonomy":"category","embeddable":true,"href":"https:\/\/www.celttv.com.ar\/index.php\/wp-json\/wp\/v2\/categories?post=59025"},{"taxonomy":"post_tag","embeddable":true,"href":"https:\/\/www.celttv.com.ar\/index.php\/wp-json\/wp\/v2\/tags?post=59025"}],"curies":[{"name":"wp","href":"https:\/\/api.w.org\/{rel}","templated":true}]}}