{"id":59072,"date":"2021-07-23T21:33:10","date_gmt":"2021-07-23T21:33:10","guid":{"rendered":"http:\/\/www.celttv.com.ar\/?p=59072"},"modified":"2021-07-23T21:33:10","modified_gmt":"2021-07-23T21:33:10","slug":"argentinos-realizo-su-jornada-de-captacion-en-automoto","status":"publish","type":"post","link":"https:\/\/www.celttv.com.ar\/index.php\/2021\/07\/23\/argentinos-realizo-su-jornada-de-captacion-en-automoto\/","title":{"rendered":"Argentinos realiz\u00f3 su jornada de captaci\u00f3n en Automoto"},"content":{"rendered":"\n<p>&nbsp;&nbsp; El lazo generado en el \u00faltimo tiempo con&nbsp; Argentinos Juniors, una de las instituciones m\u00e1s prestigiosas de nuestro pa\u00eds, sum\u00f3 un nuevo pelda\u00f1o con la jornada de captaci\u00f3n desarrollada en nuestro predio deportivo.<\/p>\n\n\n\n<p>&nbsp;&nbsp; A la participaci\u00f3n de jugadores de nuestras inferiores y escuelita (desde las categor\u00edas 2004 a 2011), se sumaron los chicos de Tiro Federal de Puan y algunos provenientes de Uni\u00f3n, At\u00e9tico Ventana y Porte\u00f1o de Saldungaray.<\/p>\n\n\n\n<p>&nbsp;&nbsp; La evaluaci\u00f3n estuvo a cargo del captador oficial Fernando Delgado y el referente zonal del \u201cBicho\u201d, Marcelo Katz. Ambos estuvieron acompa\u00f1ados por Juan Salazar (coordinador de inferiores azulgrana) y el resto del staff t\u00e9cnico local.<\/p>\n\n\n\n<p>&nbsp;&nbsp; Delgado se mostr\u00f3 conforme con el nivel exhibido y seleccion\u00f3 a varios chicos que en el futuro inmediato vivir\u00e1n la experiencia de viajar a Buenos Aires para entrenar con las divisiones menores de Argentinos. Sin dudas, una oportunidad \u00fanica.<\/p>\n\n\n\n<p>&nbsp;&nbsp; La relaci\u00f3n entre Automoto y Argentinos Juniors se va afianzando con la posibilidad de generar algunas acciones en conjunto en los pr\u00f3ximos meses.<\/p>\n\n\n\n<p>Departamento de Prensa \u2013 Automoto Club Deportivo<\/p>\n\n\n\n<figure class=\"wp-block-gallery columns-3 is-cropped wp-block-gallery-1 is-layout-flex wp-block-gallery-is-layout-flex\"><ul class=\"blocks-gallery-grid\"><li class=\"blocks-gallery-item\"><figure><img loading=\"lazy\" decoding=\"async\" width=\"1024\" height=\"768\" src=\"http:\/\/www.celttv.com.ar\/wp-content\/uploads\/2021\/07\/01-Medium.jpg\" alt=\"\" data-id=\"59073\" data-full-url=\"http:\/\/www.celttv.com.ar\/wp-content\/uploads\/2021\/07\/01-Medium.jpg\" data-link=\"http:\/\/www.celttv.com.ar\/?attachment_id=59073\" class=\"wp-image-59073\" srcset=\"https:\/\/www.celttv.com.ar\/wp-content\/uploads\/2021\/07\/01-Medium.jpg 1024w, https:\/\/www.celttv.com.ar\/wp-content\/uploads\/2021\/07\/01-Medium-300x225.jpg 300w, https:\/\/www.celttv.com.ar\/wp-content\/uploads\/2021\/07\/01-Medium-768x576.jpg 768w, https:\/\/www.celttv.com.ar\/wp-content\/uploads\/2021\/07\/01-Medium-750x563.jpg 750w\" sizes=\"auto, (max-width: 1024px) 100vw, 1024px\" \/><\/figure><\/li><li class=\"blocks-gallery-item\"><figure><img loading=\"lazy\" decoding=\"async\" width=\"1024\" height=\"768\" src=\"http:\/\/www.celttv.com.ar\/wp-content\/uploads\/2021\/07\/03-Medium.jpg\" alt=\"\" data-id=\"59074\" data-full-url=\"http:\/\/www.celttv.com.ar\/wp-content\/uploads\/2021\/07\/03-Medium.jpg\" data-link=\"http:\/\/www.celttv.com.ar\/?attachment_id=59074\" class=\"wp-image-59074\" srcset=\"https:\/\/www.celttv.com.ar\/wp-content\/uploads\/2021\/07\/03-Medium.jpg 1024w, https:\/\/www.celttv.com.ar\/wp-content\/uploads\/2021\/07\/03-Medium-300x225.jpg 300w, https:\/\/www.celttv.com.ar\/wp-content\/uploads\/2021\/07\/03-Medium-768x576.jpg 768w, https:\/\/www.celttv.com.ar\/wp-content\/uploads\/2021\/07\/03-Medium-750x563.jpg 750w\" sizes=\"auto, (max-width: 1024px) 100vw, 1024px\" \/><\/figure><\/li><li class=\"blocks-gallery-item\"><figure><img loading=\"lazy\" decoding=\"async\" width=\"1024\" height=\"768\" src=\"http:\/\/www.celttv.com.ar\/wp-content\/uploads\/2021\/07\/05-Medium.jpg\" alt=\"\" data-id=\"59075\" data-full-url=\"http:\/\/www.celttv.com.ar\/wp-content\/uploads\/2021\/07\/05-Medium.jpg\" data-link=\"http:\/\/www.celttv.com.ar\/?attachment_id=59075\" class=\"wp-image-59075\" srcset=\"https:\/\/www.celttv.com.ar\/wp-content\/uploads\/2021\/07\/05-Medium.jpg 1024w, https:\/\/www.celttv.com.ar\/wp-content\/uploads\/2021\/07\/05-Medium-300x225.jpg 300w, https:\/\/www.celttv.com.ar\/wp-content\/uploads\/2021\/07\/05-Medium-768x576.jpg 768w, https:\/\/www.celttv.com.ar\/wp-content\/uploads\/2021\/07\/05-Medium-750x563.jpg 750w\" sizes=\"auto, (max-width: 1024px) 100vw, 1024px\" \/><\/figure><\/li><li class=\"blocks-gallery-item\"><figure><img loading=\"lazy\" decoding=\"async\" width=\"1024\" height=\"768\" src=\"http:\/\/www.celttv.com.ar\/wp-content\/uploads\/2021\/07\/06-Medium.jpg\" alt=\"\" data-id=\"59076\" data-full-url=\"http:\/\/www.celttv.com.ar\/wp-content\/uploads\/2021\/07\/06-Medium.jpg\" data-link=\"http:\/\/www.celttv.com.ar\/?attachment_id=59076\" class=\"wp-image-59076\" srcset=\"https:\/\/www.celttv.com.ar\/wp-content\/uploads\/2021\/07\/06-Medium.jpg 1024w, https:\/\/www.celttv.com.ar\/wp-content\/uploads\/2021\/07\/06-Medium-300x225.jpg 300w, https:\/\/www.celttv.com.ar\/wp-content\/uploads\/2021\/07\/06-Medium-768x576.jpg 768w, https:\/\/www.celttv.com.ar\/wp-content\/uploads\/2021\/07\/06-Medium-750x563.jpg 750w\" sizes=\"auto, (max-width: 1024px) 100vw, 1024px\" \/><\/figure><\/li><\/ul><\/figure>\n","protected":false},"excerpt":{"rendered":"<p>&nbsp;&nbsp; El lazo generado en el \u00faltimo tiempo con&nbsp; Argentinos Juniors, una de las instituciones m\u00e1s prestigiosas de nuestro pa\u00eds, sum\u00f3 un nuevo pelda\u00f1o con la jornada de captaci\u00f3n desarrollada en nuestro predio deportivo. &nbsp;&nbsp; A la participaci\u00f3n de jugadores de nuestras inferiores y escuelita (desde las categor\u00edas 2004 a 2011), se sumaron los chicos [&hellip;]<\/p>\n","protected":false},"author":1,"featured_media":59076,"comment_status":"closed","ping_status":"open","sticky":false,"template":"","format":"standard","meta":{"footnotes":""},"categories":[60,52],"tags":[],"class_list":["post-59072","post","type-post","status-publish","format-standard","has-post-thumbnail","hentry","category-deporte","category-destacadas"],"yoast_head":"<!-- This site is optimized with the Yoast SEO plugin v19.7.1 - https:\/\/yoast.com\/wordpress\/plugins\/seo\/ -->\n<title>Argentinos realiz\u00f3 su jornada de captaci\u00f3n en Automoto - CELTTV<\/title>\n<meta name=\"description\" content=\"Sitio web de noticias de la localidad de Tornquist, provincia de Buenos Aires, Rep\u00fablica Argentina. Contenido propio originado por periodistas de CELTTV, el canal de TV local de la Cooperativa El\u00e9ctrica de Tornquist. Turismo, Pol\u00edtica, Sociedad, Deporte, Cultura y todo el contenido de inter\u00e9s general que la gente del pueblo y la regi\u00f3n debe conocer.\" \/>\n<meta name=\"robots\" content=\"index, follow, max-snippet:-1, max-image-preview:large, max-video-preview:-1\" \/>\n<link rel=\"canonical\" href=\"https:\/\/www.celttv.com.ar\/index.php\/2021\/07\/23\/argentinos-realizo-su-jornada-de-captacion-en-automoto\/\" \/>\n<meta property=\"og:locale\" content=\"es_ES\" \/>\n<meta property=\"og:type\" content=\"article\" \/>\n<meta property=\"og:title\" content=\"Argentinos realiz\u00f3 su jornada de captaci\u00f3n en Automoto - CELTTV\" \/>\n<meta property=\"og:description\" content=\"Sitio web de noticias de la localidad de Tornquist, provincia de Buenos Aires, Rep\u00fablica Argentina. Contenido propio originado por periodistas de CELTTV, el canal de TV local de la Cooperativa El\u00e9ctrica de Tornquist. Turismo, Pol\u00edtica, Sociedad, Deporte, Cultura y todo el contenido de inter\u00e9s general que la gente del pueblo y la regi\u00f3n debe conocer.\" \/>\n<meta property=\"og:url\" content=\"https:\/\/www.celttv.com.ar\/index.php\/2021\/07\/23\/argentinos-realizo-su-jornada-de-captacion-en-automoto\/\" \/>\n<meta property=\"og:site_name\" content=\"CELTTV\" \/>\n<meta property=\"article:publisher\" content=\"https:\/\/www.facebook.com\/celtTV\/\" \/>\n<meta property=\"article:published_time\" content=\"2021-07-23T21:33:10+00:00\" \/>\n<meta property=\"og:image\" content=\"https:\/\/www.celttv.com.ar\/wp-content\/uploads\/2021\/07\/06-Medium.jpg\" \/>\n\t<meta property=\"og:image:width\" content=\"1024\" \/>\n\t<meta property=\"og:image:height\" content=\"768\" \/>\n\t<meta property=\"og:image:type\" content=\"image\/jpeg\" \/>\n<meta name=\"author\" content=\"ulises\" \/>\n<meta name=\"twitter:card\" content=\"summary_large_image\" \/>\n<meta name=\"twitter:label1\" content=\"Escrito por\" \/>\n\t<meta name=\"twitter:data1\" content=\"ulises\" \/>\n\t<meta name=\"twitter:label2\" content=\"Tiempo de lectura\" \/>\n\t<meta name=\"twitter:data2\" content=\"1 minuto\" \/>\n<script type=\"application\/ld+json\" class=\"yoast-schema-graph\">{\"@context\":\"https:\/\/schema.org\",\"@graph\":[{\"@type\":\"NewsArticle\",\"@id\":\"https:\/\/www.celttv.com.ar\/index.php\/2021\/07\/23\/argentinos-realizo-su-jornada-de-captacion-en-automoto\/#article\",\"isPartOf\":{\"@id\":\"https:\/\/www.celttv.com.ar\/index.php\/2021\/07\/23\/argentinos-realizo-su-jornada-de-captacion-en-automoto\/\"},\"author\":{\"name\":\"ulises\",\"@id\":\"https:\/\/www.celttv.com.ar\/#\/schema\/person\/6d99c072dba59953809c81446e9d0ace\"},\"headline\":\"Argentinos realiz\u00f3 su jornada de captaci\u00f3n en Automoto\",\"datePublished\":\"2021-07-23T21:33:10+00:00\",\"dateModified\":\"2021-07-23T21:33:10+00:00\",\"mainEntityOfPage\":{\"@id\":\"https:\/\/www.celttv.com.ar\/index.php\/2021\/07\/23\/argentinos-realizo-su-jornada-de-captacion-en-automoto\/\"},\"wordCount\":205,\"publisher\":{\"@id\":\"https:\/\/www.celttv.com.ar\/#organization\"},\"articleSection\":[\"Deporte\",\"Destacadas\"],\"inLanguage\":\"es\"},{\"@type\":\"WebPage\",\"@id\":\"https:\/\/www.celttv.com.ar\/index.php\/2021\/07\/23\/argentinos-realizo-su-jornada-de-captacion-en-automoto\/\",\"url\":\"https:\/\/www.celttv.com.ar\/index.php\/2021\/07\/23\/argentinos-realizo-su-jornada-de-captacion-en-automoto\/\",\"name\":\"Argentinos realiz\u00f3 su jornada de captaci\u00f3n en Automoto - CELTTV\",\"isPartOf\":{\"@id\":\"https:\/\/www.celttv.com.ar\/#website\"},\"datePublished\":\"2021-07-23T21:33:10+00:00\",\"dateModified\":\"2021-07-23T21:33:10+00:00\",\"description\":\"Sitio web de noticias de la localidad de Tornquist, provincia de Buenos Aires, Rep\u00fablica Argentina. Contenido propio originado por periodistas de CELTTV, el canal de TV local de la Cooperativa El\u00e9ctrica de Tornquist. Turismo, Pol\u00edtica, Sociedad, Deporte, Cultura y todo el contenido de inter\u00e9s general que la gente del pueblo y la regi\u00f3n debe conocer.\",\"breadcrumb\":{\"@id\":\"https:\/\/www.celttv.com.ar\/index.php\/2021\/07\/23\/argentinos-realizo-su-jornada-de-captacion-en-automoto\/#breadcrumb\"},\"inLanguage\":\"es\",\"potentialAction\":[{\"@type\":\"ReadAction\",\"target\":[\"https:\/\/www.celttv.com.ar\/index.php\/2021\/07\/23\/argentinos-realizo-su-jornada-de-captacion-en-automoto\/\"]}]},{\"@type\":\"BreadcrumbList\",\"@id\":\"https:\/\/www.celttv.com.ar\/index.php\/2021\/07\/23\/argentinos-realizo-su-jornada-de-captacion-en-automoto\/#breadcrumb\",\"itemListElement\":[{\"@type\":\"ListItem\",\"position\":1,\"name\":\"Inicio\",\"item\":\"https:\/\/www.celttv.com.ar\/\"},{\"@type\":\"ListItem\",\"position\":2,\"name\":\"Argentinos realiz\u00f3 su jornada de captaci\u00f3n en Automoto\"}]},{\"@type\":\"WebSite\",\"@id\":\"https:\/\/www.celttv.com.ar\/#website\",\"url\":\"https:\/\/www.celttv.com.ar\/\",\"name\":\"CELTTV\",\"description\":\"Cooperativa El\u00e9ctrica de Tornquist\",\"publisher\":{\"@id\":\"https:\/\/www.celttv.com.ar\/#organization\"},\"potentialAction\":[{\"@type\":\"SearchAction\",\"target\":{\"@type\":\"EntryPoint\",\"urlTemplate\":\"https:\/\/www.celttv.com.ar\/?s={search_term_string}\"},\"query-input\":\"required name=search_term_string\"}],\"inLanguage\":\"es\"},{\"@type\":\"Organization\",\"@id\":\"https:\/\/www.celttv.com.ar\/#organization\",\"name\":\"CELTTV\",\"url\":\"https:\/\/www.celttv.com.ar\/\",\"sameAs\":[\"https:\/\/www.youtube.com\/channel\/UCz_oIt8Hig64Ub-EmcNPIhg\",\"https:\/\/www.facebook.com\/celtTV\/\"],\"logo\":{\"@type\":\"ImageObject\",\"inLanguage\":\"es\",\"@id\":\"https:\/\/www.celttv.com.ar\/#\/schema\/logo\/image\/\",\"url\":\"http:\/\/www.celttv.com.ar\/wp-content\/uploads\/2022\/08\/logo-1.png\",\"contentUrl\":\"http:\/\/www.celttv.com.ar\/wp-content\/uploads\/2022\/08\/logo-1.png\",\"width\":461,\"height\":159,\"caption\":\"CELTTV\"},\"image\":{\"@id\":\"https:\/\/www.celttv.com.ar\/#\/schema\/logo\/image\/\"}},{\"@type\":\"Person\",\"@id\":\"https:\/\/www.celttv.com.ar\/#\/schema\/person\/6d99c072dba59953809c81446e9d0ace\",\"name\":\"ulises\",\"image\":{\"@type\":\"ImageObject\",\"inLanguage\":\"es\",\"@id\":\"https:\/\/www.celttv.com.ar\/#\/schema\/person\/image\/\",\"url\":\"https:\/\/secure.gravatar.com\/avatar\/7f2c48bdc33b30088f941fb6082e555f2874c98e20cb159d7b92b50eadfce793?s=96&d=mm&r=g\",\"contentUrl\":\"https:\/\/secure.gravatar.com\/avatar\/7f2c48bdc33b30088f941fb6082e555f2874c98e20cb159d7b92b50eadfce793?s=96&d=mm&r=g\",\"caption\":\"ulises\"},\"sameAs\":[\"http:\/\/www.celttv.com.ar\"]}]}<\/script>\n<!-- \/ Yoast SEO plugin. -->","yoast_head_json":{"title":"Argentinos realiz\u00f3 su jornada de captaci\u00f3n en Automoto - CELTTV","description":"Sitio web de noticias de la localidad de Tornquist, provincia de Buenos Aires, Rep\u00fablica Argentina. Contenido propio originado por periodistas de CELTTV, el canal de TV local de la Cooperativa El\u00e9ctrica de Tornquist. Turismo, Pol\u00edtica, Sociedad, Deporte, Cultura y todo el contenido de inter\u00e9s general que la gente del pueblo y la regi\u00f3n debe conocer.","robots":{"index":"index","follow":"follow","max-snippet":"max-snippet:-1","max-image-preview":"max-image-preview:large","max-video-preview":"max-video-preview:-1"},"canonical":"https:\/\/www.celttv.com.ar\/index.php\/2021\/07\/23\/argentinos-realizo-su-jornada-de-captacion-en-automoto\/","og_locale":"es_ES","og_type":"article","og_title":"Argentinos realiz\u00f3 su jornada de captaci\u00f3n en Automoto - CELTTV","og_description":"Sitio web de noticias de la localidad de Tornquist, provincia de Buenos Aires, Rep\u00fablica Argentina. Contenido propio originado por periodistas de CELTTV, el canal de TV local de la Cooperativa El\u00e9ctrica de Tornquist. Turismo, Pol\u00edtica, Sociedad, Deporte, Cultura y todo el contenido de inter\u00e9s general que la gente del pueblo y la regi\u00f3n debe conocer.","og_url":"https:\/\/www.celttv.com.ar\/index.php\/2021\/07\/23\/argentinos-realizo-su-jornada-de-captacion-en-automoto\/","og_site_name":"CELTTV","article_publisher":"https:\/\/www.facebook.com\/celtTV\/","article_published_time":"2021-07-23T21:33:10+00:00","og_image":[{"width":1024,"height":768,"url":"https:\/\/www.celttv.com.ar\/wp-content\/uploads\/2021\/07\/06-Medium.jpg","type":"image\/jpeg"}],"author":"ulises","twitter_card":"summary_large_image","twitter_misc":{"Escrito por":"ulises","Tiempo de lectura":"1 minuto"},"schema":{"@context":"https:\/\/schema.org","@graph":[{"@type":"NewsArticle","@id":"https:\/\/www.celttv.com.ar\/index.php\/2021\/07\/23\/argentinos-realizo-su-jornada-de-captacion-en-automoto\/#article","isPartOf":{"@id":"https:\/\/www.celttv.com.ar\/index.php\/2021\/07\/23\/argentinos-realizo-su-jornada-de-captacion-en-automoto\/"},"author":{"name":"ulises","@id":"https:\/\/www.celttv.com.ar\/#\/schema\/person\/6d99c072dba59953809c81446e9d0ace"},"headline":"Argentinos realiz\u00f3 su jornada de captaci\u00f3n en Automoto","datePublished":"2021-07-23T21:33:10+00:00","dateModified":"2021-07-23T21:33:10+00:00","mainEntityOfPage":{"@id":"https:\/\/www.celttv.com.ar\/index.php\/2021\/07\/23\/argentinos-realizo-su-jornada-de-captacion-en-automoto\/"},"wordCount":205,"publisher":{"@id":"https:\/\/www.celttv.com.ar\/#organization"},"articleSection":["Deporte","Destacadas"],"inLanguage":"es"},{"@type":"WebPage","@id":"https:\/\/www.celttv.com.ar\/index.php\/2021\/07\/23\/argentinos-realizo-su-jornada-de-captacion-en-automoto\/","url":"https:\/\/www.celttv.com.ar\/index.php\/2021\/07\/23\/argentinos-realizo-su-jornada-de-captacion-en-automoto\/","name":"Argentinos realiz\u00f3 su jornada de captaci\u00f3n en Automoto - CELTTV","isPartOf":{"@id":"https:\/\/www.celttv.com.ar\/#website"},"datePublished":"2021-07-23T21:33:10+00:00","dateModified":"2021-07-23T21:33:10+00:00","description":"Sitio web de noticias de la localidad de Tornquist, provincia de Buenos Aires, Rep\u00fablica Argentina. Contenido propio originado por periodistas de CELTTV, el canal de TV local de la Cooperativa El\u00e9ctrica de Tornquist. Turismo, Pol\u00edtica, Sociedad, Deporte, Cultura y todo el contenido de inter\u00e9s general que la gente del pueblo y la regi\u00f3n debe conocer.","breadcrumb":{"@id":"https:\/\/www.celttv.com.ar\/index.php\/2021\/07\/23\/argentinos-realizo-su-jornada-de-captacion-en-automoto\/#breadcrumb"},"inLanguage":"es","potentialAction":[{"@type":"ReadAction","target":["https:\/\/www.celttv.com.ar\/index.php\/2021\/07\/23\/argentinos-realizo-su-jornada-de-captacion-en-automoto\/"]}]},{"@type":"BreadcrumbList","@id":"https:\/\/www.celttv.com.ar\/index.php\/2021\/07\/23\/argentinos-realizo-su-jornada-de-captacion-en-automoto\/#breadcrumb","itemListElement":[{"@type":"ListItem","position":1,"name":"Inicio","item":"https:\/\/www.celttv.com.ar\/"},{"@type":"ListItem","position":2,"name":"Argentinos realiz\u00f3 su jornada de captaci\u00f3n en Automoto"}]},{"@type":"WebSite","@id":"https:\/\/www.celttv.com.ar\/#website","url":"https:\/\/www.celttv.com.ar\/","name":"CELTTV","description":"Cooperativa El\u00e9ctrica de Tornquist","publisher":{"@id":"https:\/\/www.celttv.com.ar\/#organization"},"potentialAction":[{"@type":"SearchAction","target":{"@type":"EntryPoint","urlTemplate":"https:\/\/www.celttv.com.ar\/?s={search_term_string}"},"query-input":"required name=search_term_string"}],"inLanguage":"es"},{"@type":"Organization","@id":"https:\/\/www.celttv.com.ar\/#organization","name":"CELTTV","url":"https:\/\/www.celttv.com.ar\/","sameAs":["https:\/\/www.youtube.com\/channel\/UCz_oIt8Hig64Ub-EmcNPIhg","https:\/\/www.facebook.com\/celtTV\/"],"logo":{"@type":"ImageObject","inLanguage":"es","@id":"https:\/\/www.celttv.com.ar\/#\/schema\/logo\/image\/","url":"http:\/\/www.celttv.com.ar\/wp-content\/uploads\/2022\/08\/logo-1.png","contentUrl":"http:\/\/www.celttv.com.ar\/wp-content\/uploads\/2022\/08\/logo-1.png","width":461,"height":159,"caption":"CELTTV"},"image":{"@id":"https:\/\/www.celttv.com.ar\/#\/schema\/logo\/image\/"}},{"@type":"Person","@id":"https:\/\/www.celttv.com.ar\/#\/schema\/person\/6d99c072dba59953809c81446e9d0ace","name":"ulises","image":{"@type":"ImageObject","inLanguage":"es","@id":"https:\/\/www.celttv.com.ar\/#\/schema\/person\/image\/","url":"https:\/\/secure.gravatar.com\/avatar\/7f2c48bdc33b30088f941fb6082e555f2874c98e20cb159d7b92b50eadfce793?s=96&d=mm&r=g","contentUrl":"https:\/\/secure.gravatar.com\/avatar\/7f2c48bdc33b30088f941fb6082e555f2874c98e20cb159d7b92b50eadfce793?s=96&d=mm&r=g","caption":"ulises"},"sameAs":["http:\/\/www.celttv.com.ar"]}]}},"_links":{"self":[{"href":"https:\/\/www.celttv.com.ar\/index.php\/wp-json\/wp\/v2\/posts\/59072","targetHints":{"allow":["GET"]}}],"collection":[{"href":"https:\/\/www.celttv.com.ar\/index.php\/wp-json\/wp\/v2\/posts"}],"about":[{"href":"https:\/\/www.celttv.com.ar\/index.php\/wp-json\/wp\/v2\/types\/post"}],"author":[{"embeddable":true,"href":"https:\/\/www.celttv.com.ar\/index.php\/wp-json\/wp\/v2\/users\/1"}],"replies":[{"embeddable":true,"href":"https:\/\/www.celttv.com.ar\/index.php\/wp-json\/wp\/v2\/comments?post=59072"}],"version-history":[{"count":0,"href":"https:\/\/www.celttv.com.ar\/index.php\/wp-json\/wp\/v2\/posts\/59072\/revisions"}],"wp:featuredmedia":[{"embeddable":true,"href":"https:\/\/www.celttv.com.ar\/index.php\/wp-json\/wp\/v2\/media\/59076"}],"wp:attachment":[{"href":"https:\/\/www.celttv.com.ar\/index.php\/wp-json\/wp\/v2\/media?parent=59072"}],"wp:term":[{"taxonomy":"category","embeddable":true,"href":"https:\/\/www.celttv.com.ar\/index.php\/wp-json\/wp\/v2\/categories?post=59072"},{"taxonomy":"post_tag","embeddable":true,"href":"https:\/\/www.celttv.com.ar\/index.php\/wp-json\/wp\/v2\/tags?post=59072"}],"curies":[{"name":"wp","href":"https:\/\/api.w.org\/{rel}","templated":true}]}}