{"id":59170,"date":"2021-07-26T19:41:36","date_gmt":"2021-07-26T19:41:36","guid":{"rendered":"http:\/\/www.celttv.com.ar\/?p=59170"},"modified":"2021-07-26T19:41:36","modified_gmt":"2021-07-26T19:41:36","slug":"se-realiza-este-martes-una-nueva-jornada-de-recepcion-de-envases-vacios-de-fitosanitarios","status":"publish","type":"post","link":"https:\/\/www.celttv.com.ar\/index.php\/2021\/07\/26\/se-realiza-este-martes-una-nueva-jornada-de-recepcion-de-envases-vacios-de-fitosanitarios\/","title":{"rendered":"Se realiza \u00e9ste martes una nueva jornada de recepci\u00f3n de envases vac\u00edos de fitosanitarios"},"content":{"rendered":"\n<p>La Direcci\u00f3n de Medio Ambiente de Tornquist Municipio y la Asociaci\u00f3n Campo Limpio, llevar\u00e1n adelante una nueva campa\u00f1a de recepci\u00f3n de envases vac\u00edos de fitosanitarios.<\/p>\n\n\n\n<p>CELTTV Noticias dialog\u00f3 con Marita Moises, gestora de campa\u00f1as de recolecci\u00f3n de envases vacios de fitosanitarios para Campolimpio.<\/p>\n\n\n\n<figure class=\"wp-block-embed is-type-video is-provider-youtube wp-block-embed-youtube wp-embed-aspect-16-9 wp-has-aspect-ratio\"><div class=\"wp-block-embed__wrapper\">\n<iframe loading=\"lazy\" title=\"2021 07 26 MARITA MOISES VIA ZOOM\" width=\"500\" height=\"281\" src=\"https:\/\/www.youtube.com\/embed\/mPH-NbnTbDY?feature=oembed\" frameborder=\"0\" allow=\"accelerometer; autoplay; clipboard-write; encrypted-media; gyroscope; picture-in-picture; web-share\" referrerpolicy=\"strict-origin-when-cross-origin\" allowfullscreen><\/iframe>\n<\/div><\/figure>\n\n\n\n<p>La jornada se desarrollar\u00e1 \u00e9ste martes 27 de julio de9 a 16hs en el predio de la Asociaci\u00f3n Rural de Tornquist (acceso a la ciudad por Ruta 33); y aquellos que deseen acercar envases, obligatoriamente deben inscribirse en el sitio web\u00a0<a href=\"http:\/\/gestion.campolimpio.org.ar\/turnos\">http:\/\/gestion.campolimpio.org.ar\/turnos<\/a>, que estar\u00e1 disponible a partir de este jueves 21. No se recibir\u00e1n bidones de quienes no est\u00e9n inscriptos.<\/p>\n\n\n\n<p>Todos los envases deber\u00e1n estar limpios, con triple lavado o lavado a presi\u00f3n, y perforados en su base para su inutilizaci\u00f3n. Por consultas, comunicarse al 2477661172 o al 2915075692.<\/p>\n\n\n\n<p>Campo Limpio es una asociaci\u00f3n que tiene como misi\u00f3n recuperar los envases vac\u00edos de fitosanitarios en el campo argentino (ya lleva m\u00e1s de 1.300.000). Para ello, trabaja con las comunidades locales y las empresas, promoviendo el lavado de los envases, su reciclado y correcta reutilizaci\u00f3n.<\/p>\n\n\n\n<p>Su desaf\u00edo es\u00a0sumar a toda la comunidad\u00a0agropecuaria a estas acciones para impulsar un cambio de h\u00e1bito en las personas para el cuidado del medio ambiente y desarrollar un sistema de recuperaci\u00f3n de envases vac\u00edos que cubra todo el pa\u00eds.<\/p>\n\n\n\n<figure class=\"wp-block-image size-large\"><img loading=\"lazy\" decoding=\"async\" width=\"768\" height=\"768\" src=\"http:\/\/www.celttv.com.ar\/wp-content\/uploads\/2021\/07\/Recoleccion-envases-Medium-1.png\" alt=\"\" class=\"wp-image-59171\" srcset=\"https:\/\/www.celttv.com.ar\/wp-content\/uploads\/2021\/07\/Recoleccion-envases-Medium-1.png 768w, https:\/\/www.celttv.com.ar\/wp-content\/uploads\/2021\/07\/Recoleccion-envases-Medium-1-300x300.png 300w, https:\/\/www.celttv.com.ar\/wp-content\/uploads\/2021\/07\/Recoleccion-envases-Medium-1-150x150.png 150w, https:\/\/www.celttv.com.ar\/wp-content\/uploads\/2021\/07\/Recoleccion-envases-Medium-1-75x75.png 75w, https:\/\/www.celttv.com.ar\/wp-content\/uploads\/2021\/07\/Recoleccion-envases-Medium-1-750x750.png 750w\" sizes=\"auto, (max-width: 768px) 100vw, 768px\" \/><\/figure>\n","protected":false},"excerpt":{"rendered":"<p>La Direcci\u00f3n de Medio Ambiente de Tornquist Municipio y la Asociaci\u00f3n Campo Limpio, llevar\u00e1n adelante una nueva campa\u00f1a de recepci\u00f3n de envases vac\u00edos de fitosanitarios. CELTTV Noticias dialog\u00f3 con Marita Moises, gestora de campa\u00f1as de recolecci\u00f3n de envases vacios de fitosanitarios para Campolimpio. La jornada se desarrollar\u00e1 \u00e9ste martes 27 de julio de9 a 16hs [&hellip;]<\/p>\n","protected":false},"author":1,"featured_media":59172,"comment_status":"closed","ping_status":"open","sticky":false,"template":"","format":"standard","meta":{"footnotes":""},"categories":[51,52,65],"tags":[],"class_list":["post-59170","post","type-post","status-publish","format-standard","has-post-thumbnail","hentry","category-comunidad","category-destacadas","category-produccion"],"yoast_head":"<!-- This site is optimized with the Yoast SEO plugin v19.7.1 - https:\/\/yoast.com\/wordpress\/plugins\/seo\/ -->\n<title>Se realiza \u00e9ste martes una nueva jornada de recepci\u00f3n de envases vac\u00edos de fitosanitarios - CELTTV<\/title>\n<meta name=\"description\" content=\"Sitio web de noticias de la localidad de Tornquist, provincia de Buenos Aires, Rep\u00fablica Argentina. Contenido propio originado por periodistas de CELTTV, el canal de TV local de la Cooperativa El\u00e9ctrica de Tornquist. Turismo, Pol\u00edtica, Sociedad, Deporte, Cultura y todo el contenido de inter\u00e9s general que la gente del pueblo y la regi\u00f3n debe conocer.\" \/>\n<meta name=\"robots\" content=\"index, follow, max-snippet:-1, max-image-preview:large, max-video-preview:-1\" \/>\n<link rel=\"canonical\" href=\"https:\/\/www.celttv.com.ar\/index.php\/2021\/07\/26\/se-realiza-este-martes-una-nueva-jornada-de-recepcion-de-envases-vacios-de-fitosanitarios\/\" \/>\n<meta property=\"og:locale\" content=\"es_ES\" \/>\n<meta property=\"og:type\" content=\"article\" \/>\n<meta property=\"og:title\" content=\"Se realiza \u00e9ste martes una nueva jornada de recepci\u00f3n de envases vac\u00edos de fitosanitarios - CELTTV\" \/>\n<meta property=\"og:description\" content=\"Sitio web de noticias de la localidad de Tornquist, provincia de Buenos Aires, Rep\u00fablica Argentina. Contenido propio originado por periodistas de CELTTV, el canal de TV local de la Cooperativa El\u00e9ctrica de Tornquist. Turismo, Pol\u00edtica, Sociedad, Deporte, Cultura y todo el contenido de inter\u00e9s general que la gente del pueblo y la regi\u00f3n debe conocer.\" \/>\n<meta property=\"og:url\" content=\"https:\/\/www.celttv.com.ar\/index.php\/2021\/07\/26\/se-realiza-este-martes-una-nueva-jornada-de-recepcion-de-envases-vacios-de-fitosanitarios\/\" \/>\n<meta property=\"og:site_name\" content=\"CELTTV\" \/>\n<meta property=\"article:publisher\" content=\"https:\/\/www.facebook.com\/celtTV\/\" \/>\n<meta property=\"article:published_time\" content=\"2021-07-26T19:41:36+00:00\" \/>\n<meta property=\"og:image\" content=\"https:\/\/www.celttv.com.ar\/wp-content\/uploads\/2021\/07\/Moises.jpg\" \/>\n\t<meta property=\"og:image:width\" content=\"704\" \/>\n\t<meta property=\"og:image:height\" content=\"392\" \/>\n\t<meta property=\"og:image:type\" content=\"image\/jpeg\" \/>\n<meta name=\"author\" content=\"ulises\" \/>\n<meta name=\"twitter:card\" content=\"summary_large_image\" \/>\n<meta name=\"twitter:label1\" content=\"Escrito por\" \/>\n\t<meta name=\"twitter:data1\" content=\"ulises\" \/>\n\t<meta name=\"twitter:label2\" content=\"Tiempo de lectura\" \/>\n\t<meta name=\"twitter:data2\" content=\"1 minuto\" \/>\n<script type=\"application\/ld+json\" class=\"yoast-schema-graph\">{\"@context\":\"https:\/\/schema.org\",\"@graph\":[{\"@type\":\"NewsArticle\",\"@id\":\"https:\/\/www.celttv.com.ar\/index.php\/2021\/07\/26\/se-realiza-este-martes-una-nueva-jornada-de-recepcion-de-envases-vacios-de-fitosanitarios\/#article\",\"isPartOf\":{\"@id\":\"https:\/\/www.celttv.com.ar\/index.php\/2021\/07\/26\/se-realiza-este-martes-una-nueva-jornada-de-recepcion-de-envases-vacios-de-fitosanitarios\/\"},\"author\":{\"name\":\"ulises\",\"@id\":\"https:\/\/www.celttv.com.ar\/#\/schema\/person\/6d99c072dba59953809c81446e9d0ace\"},\"headline\":\"Se realiza \u00e9ste martes una nueva jornada de recepci\u00f3n de envases vac\u00edos de fitosanitarios\",\"datePublished\":\"2021-07-26T19:41:36+00:00\",\"dateModified\":\"2021-07-26T19:41:36+00:00\",\"mainEntityOfPage\":{\"@id\":\"https:\/\/www.celttv.com.ar\/index.php\/2021\/07\/26\/se-realiza-este-martes-una-nueva-jornada-de-recepcion-de-envases-vacios-de-fitosanitarios\/\"},\"wordCount\":261,\"publisher\":{\"@id\":\"https:\/\/www.celttv.com.ar\/#organization\"},\"articleSection\":[\"Comunidad\",\"Destacadas\",\"Producci\u00f3n y Medio Ambiente\"],\"inLanguage\":\"es\"},{\"@type\":\"WebPage\",\"@id\":\"https:\/\/www.celttv.com.ar\/index.php\/2021\/07\/26\/se-realiza-este-martes-una-nueva-jornada-de-recepcion-de-envases-vacios-de-fitosanitarios\/\",\"url\":\"https:\/\/www.celttv.com.ar\/index.php\/2021\/07\/26\/se-realiza-este-martes-una-nueva-jornada-de-recepcion-de-envases-vacios-de-fitosanitarios\/\",\"name\":\"Se realiza \u00e9ste martes una nueva jornada de recepci\u00f3n de envases vac\u00edos de fitosanitarios - CELTTV\",\"isPartOf\":{\"@id\":\"https:\/\/www.celttv.com.ar\/#website\"},\"datePublished\":\"2021-07-26T19:41:36+00:00\",\"dateModified\":\"2021-07-26T19:41:36+00:00\",\"description\":\"Sitio web de noticias de la localidad de Tornquist, provincia de Buenos Aires, Rep\u00fablica Argentina. Contenido propio originado por periodistas de CELTTV, el canal de TV local de la Cooperativa El\u00e9ctrica de Tornquist. Turismo, Pol\u00edtica, Sociedad, Deporte, Cultura y todo el contenido de inter\u00e9s general que la gente del pueblo y la regi\u00f3n debe conocer.\",\"breadcrumb\":{\"@id\":\"https:\/\/www.celttv.com.ar\/index.php\/2021\/07\/26\/se-realiza-este-martes-una-nueva-jornada-de-recepcion-de-envases-vacios-de-fitosanitarios\/#breadcrumb\"},\"inLanguage\":\"es\",\"potentialAction\":[{\"@type\":\"ReadAction\",\"target\":[\"https:\/\/www.celttv.com.ar\/index.php\/2021\/07\/26\/se-realiza-este-martes-una-nueva-jornada-de-recepcion-de-envases-vacios-de-fitosanitarios\/\"]}]},{\"@type\":\"BreadcrumbList\",\"@id\":\"https:\/\/www.celttv.com.ar\/index.php\/2021\/07\/26\/se-realiza-este-martes-una-nueva-jornada-de-recepcion-de-envases-vacios-de-fitosanitarios\/#breadcrumb\",\"itemListElement\":[{\"@type\":\"ListItem\",\"position\":1,\"name\":\"Inicio\",\"item\":\"https:\/\/www.celttv.com.ar\/\"},{\"@type\":\"ListItem\",\"position\":2,\"name\":\"Se realiza \u00e9ste martes una nueva jornada de recepci\u00f3n de envases vac\u00edos de fitosanitarios\"}]},{\"@type\":\"WebSite\",\"@id\":\"https:\/\/www.celttv.com.ar\/#website\",\"url\":\"https:\/\/www.celttv.com.ar\/\",\"name\":\"CELTTV\",\"description\":\"Cooperativa El\u00e9ctrica de Tornquist\",\"publisher\":{\"@id\":\"https:\/\/www.celttv.com.ar\/#organization\"},\"potentialAction\":[{\"@type\":\"SearchAction\",\"target\":{\"@type\":\"EntryPoint\",\"urlTemplate\":\"https:\/\/www.celttv.com.ar\/?s={search_term_string}\"},\"query-input\":\"required name=search_term_string\"}],\"inLanguage\":\"es\"},{\"@type\":\"Organization\",\"@id\":\"https:\/\/www.celttv.com.ar\/#organization\",\"name\":\"CELTTV\",\"url\":\"https:\/\/www.celttv.com.ar\/\",\"sameAs\":[\"https:\/\/www.youtube.com\/channel\/UCz_oIt8Hig64Ub-EmcNPIhg\",\"https:\/\/www.facebook.com\/celtTV\/\"],\"logo\":{\"@type\":\"ImageObject\",\"inLanguage\":\"es\",\"@id\":\"https:\/\/www.celttv.com.ar\/#\/schema\/logo\/image\/\",\"url\":\"http:\/\/www.celttv.com.ar\/wp-content\/uploads\/2022\/08\/logo-1.png\",\"contentUrl\":\"http:\/\/www.celttv.com.ar\/wp-content\/uploads\/2022\/08\/logo-1.png\",\"width\":461,\"height\":159,\"caption\":\"CELTTV\"},\"image\":{\"@id\":\"https:\/\/www.celttv.com.ar\/#\/schema\/logo\/image\/\"}},{\"@type\":\"Person\",\"@id\":\"https:\/\/www.celttv.com.ar\/#\/schema\/person\/6d99c072dba59953809c81446e9d0ace\",\"name\":\"ulises\",\"image\":{\"@type\":\"ImageObject\",\"inLanguage\":\"es\",\"@id\":\"https:\/\/www.celttv.com.ar\/#\/schema\/person\/image\/\",\"url\":\"https:\/\/secure.gravatar.com\/avatar\/7f2c48bdc33b30088f941fb6082e555f2874c98e20cb159d7b92b50eadfce793?s=96&d=mm&r=g\",\"contentUrl\":\"https:\/\/secure.gravatar.com\/avatar\/7f2c48bdc33b30088f941fb6082e555f2874c98e20cb159d7b92b50eadfce793?s=96&d=mm&r=g\",\"caption\":\"ulises\"},\"sameAs\":[\"http:\/\/www.celttv.com.ar\"]}]}<\/script>\n<!-- \/ Yoast SEO plugin. -->","yoast_head_json":{"title":"Se realiza \u00e9ste martes una nueva jornada de recepci\u00f3n de envases vac\u00edos de fitosanitarios - CELTTV","description":"Sitio web de noticias de la localidad de Tornquist, provincia de Buenos Aires, Rep\u00fablica Argentina. Contenido propio originado por periodistas de CELTTV, el canal de TV local de la Cooperativa El\u00e9ctrica de Tornquist. Turismo, Pol\u00edtica, Sociedad, Deporte, Cultura y todo el contenido de inter\u00e9s general que la gente del pueblo y la regi\u00f3n debe conocer.","robots":{"index":"index","follow":"follow","max-snippet":"max-snippet:-1","max-image-preview":"max-image-preview:large","max-video-preview":"max-video-preview:-1"},"canonical":"https:\/\/www.celttv.com.ar\/index.php\/2021\/07\/26\/se-realiza-este-martes-una-nueva-jornada-de-recepcion-de-envases-vacios-de-fitosanitarios\/","og_locale":"es_ES","og_type":"article","og_title":"Se realiza \u00e9ste martes una nueva jornada de recepci\u00f3n de envases vac\u00edos de fitosanitarios - CELTTV","og_description":"Sitio web de noticias de la localidad de Tornquist, provincia de Buenos Aires, Rep\u00fablica Argentina. Contenido propio originado por periodistas de CELTTV, el canal de TV local de la Cooperativa El\u00e9ctrica de Tornquist. Turismo, Pol\u00edtica, Sociedad, Deporte, Cultura y todo el contenido de inter\u00e9s general que la gente del pueblo y la regi\u00f3n debe conocer.","og_url":"https:\/\/www.celttv.com.ar\/index.php\/2021\/07\/26\/se-realiza-este-martes-una-nueva-jornada-de-recepcion-de-envases-vacios-de-fitosanitarios\/","og_site_name":"CELTTV","article_publisher":"https:\/\/www.facebook.com\/celtTV\/","article_published_time":"2021-07-26T19:41:36+00:00","og_image":[{"width":704,"height":392,"url":"https:\/\/www.celttv.com.ar\/wp-content\/uploads\/2021\/07\/Moises.jpg","type":"image\/jpeg"}],"author":"ulises","twitter_card":"summary_large_image","twitter_misc":{"Escrito por":"ulises","Tiempo de lectura":"1 minuto"},"schema":{"@context":"https:\/\/schema.org","@graph":[{"@type":"NewsArticle","@id":"https:\/\/www.celttv.com.ar\/index.php\/2021\/07\/26\/se-realiza-este-martes-una-nueva-jornada-de-recepcion-de-envases-vacios-de-fitosanitarios\/#article","isPartOf":{"@id":"https:\/\/www.celttv.com.ar\/index.php\/2021\/07\/26\/se-realiza-este-martes-una-nueva-jornada-de-recepcion-de-envases-vacios-de-fitosanitarios\/"},"author":{"name":"ulises","@id":"https:\/\/www.celttv.com.ar\/#\/schema\/person\/6d99c072dba59953809c81446e9d0ace"},"headline":"Se realiza \u00e9ste martes una nueva jornada de recepci\u00f3n de envases vac\u00edos de fitosanitarios","datePublished":"2021-07-26T19:41:36+00:00","dateModified":"2021-07-26T19:41:36+00:00","mainEntityOfPage":{"@id":"https:\/\/www.celttv.com.ar\/index.php\/2021\/07\/26\/se-realiza-este-martes-una-nueva-jornada-de-recepcion-de-envases-vacios-de-fitosanitarios\/"},"wordCount":261,"publisher":{"@id":"https:\/\/www.celttv.com.ar\/#organization"},"articleSection":["Comunidad","Destacadas","Producci\u00f3n y Medio Ambiente"],"inLanguage":"es"},{"@type":"WebPage","@id":"https:\/\/www.celttv.com.ar\/index.php\/2021\/07\/26\/se-realiza-este-martes-una-nueva-jornada-de-recepcion-de-envases-vacios-de-fitosanitarios\/","url":"https:\/\/www.celttv.com.ar\/index.php\/2021\/07\/26\/se-realiza-este-martes-una-nueva-jornada-de-recepcion-de-envases-vacios-de-fitosanitarios\/","name":"Se realiza \u00e9ste martes una nueva jornada de recepci\u00f3n de envases vac\u00edos de fitosanitarios - CELTTV","isPartOf":{"@id":"https:\/\/www.celttv.com.ar\/#website"},"datePublished":"2021-07-26T19:41:36+00:00","dateModified":"2021-07-26T19:41:36+00:00","description":"Sitio web de noticias de la localidad de Tornquist, provincia de Buenos Aires, Rep\u00fablica Argentina. Contenido propio originado por periodistas de CELTTV, el canal de TV local de la Cooperativa El\u00e9ctrica de Tornquist. Turismo, Pol\u00edtica, Sociedad, Deporte, Cultura y todo el contenido de inter\u00e9s general que la gente del pueblo y la regi\u00f3n debe conocer.","breadcrumb":{"@id":"https:\/\/www.celttv.com.ar\/index.php\/2021\/07\/26\/se-realiza-este-martes-una-nueva-jornada-de-recepcion-de-envases-vacios-de-fitosanitarios\/#breadcrumb"},"inLanguage":"es","potentialAction":[{"@type":"ReadAction","target":["https:\/\/www.celttv.com.ar\/index.php\/2021\/07\/26\/se-realiza-este-martes-una-nueva-jornada-de-recepcion-de-envases-vacios-de-fitosanitarios\/"]}]},{"@type":"BreadcrumbList","@id":"https:\/\/www.celttv.com.ar\/index.php\/2021\/07\/26\/se-realiza-este-martes-una-nueva-jornada-de-recepcion-de-envases-vacios-de-fitosanitarios\/#breadcrumb","itemListElement":[{"@type":"ListItem","position":1,"name":"Inicio","item":"https:\/\/www.celttv.com.ar\/"},{"@type":"ListItem","position":2,"name":"Se realiza \u00e9ste martes una nueva jornada de recepci\u00f3n de envases vac\u00edos de fitosanitarios"}]},{"@type":"WebSite","@id":"https:\/\/www.celttv.com.ar\/#website","url":"https:\/\/www.celttv.com.ar\/","name":"CELTTV","description":"Cooperativa El\u00e9ctrica de Tornquist","publisher":{"@id":"https:\/\/www.celttv.com.ar\/#organization"},"potentialAction":[{"@type":"SearchAction","target":{"@type":"EntryPoint","urlTemplate":"https:\/\/www.celttv.com.ar\/?s={search_term_string}"},"query-input":"required name=search_term_string"}],"inLanguage":"es"},{"@type":"Organization","@id":"https:\/\/www.celttv.com.ar\/#organization","name":"CELTTV","url":"https:\/\/www.celttv.com.ar\/","sameAs":["https:\/\/www.youtube.com\/channel\/UCz_oIt8Hig64Ub-EmcNPIhg","https:\/\/www.facebook.com\/celtTV\/"],"logo":{"@type":"ImageObject","inLanguage":"es","@id":"https:\/\/www.celttv.com.ar\/#\/schema\/logo\/image\/","url":"http:\/\/www.celttv.com.ar\/wp-content\/uploads\/2022\/08\/logo-1.png","contentUrl":"http:\/\/www.celttv.com.ar\/wp-content\/uploads\/2022\/08\/logo-1.png","width":461,"height":159,"caption":"CELTTV"},"image":{"@id":"https:\/\/www.celttv.com.ar\/#\/schema\/logo\/image\/"}},{"@type":"Person","@id":"https:\/\/www.celttv.com.ar\/#\/schema\/person\/6d99c072dba59953809c81446e9d0ace","name":"ulises","image":{"@type":"ImageObject","inLanguage":"es","@id":"https:\/\/www.celttv.com.ar\/#\/schema\/person\/image\/","url":"https:\/\/secure.gravatar.com\/avatar\/7f2c48bdc33b30088f941fb6082e555f2874c98e20cb159d7b92b50eadfce793?s=96&d=mm&r=g","contentUrl":"https:\/\/secure.gravatar.com\/avatar\/7f2c48bdc33b30088f941fb6082e555f2874c98e20cb159d7b92b50eadfce793?s=96&d=mm&r=g","caption":"ulises"},"sameAs":["http:\/\/www.celttv.com.ar"]}]}},"_links":{"self":[{"href":"https:\/\/www.celttv.com.ar\/index.php\/wp-json\/wp\/v2\/posts\/59170","targetHints":{"allow":["GET"]}}],"collection":[{"href":"https:\/\/www.celttv.com.ar\/index.php\/wp-json\/wp\/v2\/posts"}],"about":[{"href":"https:\/\/www.celttv.com.ar\/index.php\/wp-json\/wp\/v2\/types\/post"}],"author":[{"embeddable":true,"href":"https:\/\/www.celttv.com.ar\/index.php\/wp-json\/wp\/v2\/users\/1"}],"replies":[{"embeddable":true,"href":"https:\/\/www.celttv.com.ar\/index.php\/wp-json\/wp\/v2\/comments?post=59170"}],"version-history":[{"count":0,"href":"https:\/\/www.celttv.com.ar\/index.php\/wp-json\/wp\/v2\/posts\/59170\/revisions"}],"wp:featuredmedia":[{"embeddable":true,"href":"https:\/\/www.celttv.com.ar\/index.php\/wp-json\/wp\/v2\/media\/59172"}],"wp:attachment":[{"href":"https:\/\/www.celttv.com.ar\/index.php\/wp-json\/wp\/v2\/media?parent=59170"}],"wp:term":[{"taxonomy":"category","embeddable":true,"href":"https:\/\/www.celttv.com.ar\/index.php\/wp-json\/wp\/v2\/categories?post=59170"},{"taxonomy":"post_tag","embeddable":true,"href":"https:\/\/www.celttv.com.ar\/index.php\/wp-json\/wp\/v2\/tags?post=59170"}],"curies":[{"name":"wp","href":"https:\/\/api.w.org\/{rel}","templated":true}]}}