{"id":59377,"date":"2021-08-07T18:01:18","date_gmt":"2021-08-07T18:01:18","guid":{"rendered":"http:\/\/www.celttv.com.ar\/?p=59377"},"modified":"2021-08-07T18:01:18","modified_gmt":"2021-08-07T18:01:18","slug":"magazine-sport-entrevsita-con-juan-stefanof-club-union-ulises-mansilla-velez-sarsfield-fernando-delgado-aaaj","status":"publish","type":"post","link":"https:\/\/www.celttv.com.ar\/index.php\/2021\/08\/07\/magazine-sport-entrevsita-con-juan-stefanof-club-union-ulises-mansilla-velez-sarsfield-fernando-delgado-aaaj\/","title":{"rendered":"MAGAZINE SPORT: Entrevista con Juan Stefanof (Club Uni\u00f3n), Ulises Mansilla (V\u00e9lez Sarsfield) y Fernando Delgado (AAAJ)"},"content":{"rendered":"\n<p>En el ciclo de entrevistas del programa Magazine Sport, compartimos el programa junto al arquero Juan Manuel Stefanof (Club Uni\u00f3n),; el captador de jugadores de la Asociaci\u00f3n Atl\u00e9tico Argentinos Jr., Fernando Delgado y el Director del Departamento de Scouting del Club V\u00e9lez Sarsfield, Ulises Mansilla.<\/p>\n\n\n\n<figure class=\"wp-block-embed is-type-video is-provider-youtube wp-block-embed-youtube wp-embed-aspect-16-9 wp-has-aspect-ratio\"><div class=\"wp-block-embed__wrapper\">\n<iframe loading=\"lazy\" title=\"2021-08-03 | MAGAZINE | Fernando Delgado | Ulises Mansilla | Juan Manuel Stefanof\" width=\"500\" height=\"281\" src=\"https:\/\/www.youtube.com\/embed\/kmvhku6482I?feature=oembed\" frameborder=\"0\" allow=\"accelerometer; autoplay; clipboard-write; encrypted-media; gyroscope; picture-in-picture; web-share\" referrerpolicy=\"strict-origin-when-cross-origin\" allowfullscreen><\/iframe>\n<\/div><\/figure>\n\n\n\n<figure class=\"wp-block-image size-large\"><img loading=\"lazy\" decoding=\"async\" width=\"1024\" height=\"1024\" src=\"http:\/\/www.celttv.com.ar\/wp-content\/uploads\/2021\/08\/63e81d09-3c37-47d2-8a17-78e781292bfb-1024x1024.jpg\" alt=\"\" class=\"wp-image-59378\" srcset=\"https:\/\/www.celttv.com.ar\/wp-content\/uploads\/2021\/08\/63e81d09-3c37-47d2-8a17-78e781292bfb.jpg 1024w, https:\/\/www.celttv.com.ar\/wp-content\/uploads\/2021\/08\/63e81d09-3c37-47d2-8a17-78e781292bfb-300x300.jpg 300w, https:\/\/www.celttv.com.ar\/wp-content\/uploads\/2021\/08\/63e81d09-3c37-47d2-8a17-78e781292bfb-150x150.jpg 150w, https:\/\/www.celttv.com.ar\/wp-content\/uploads\/2021\/08\/63e81d09-3c37-47d2-8a17-78e781292bfb-768x768.jpg 768w, https:\/\/www.celttv.com.ar\/wp-content\/uploads\/2021\/08\/63e81d09-3c37-47d2-8a17-78e781292bfb-75x75.jpg 75w, https:\/\/www.celttv.com.ar\/wp-content\/uploads\/2021\/08\/63e81d09-3c37-47d2-8a17-78e781292bfb-750x750.jpg 750w\" sizes=\"auto, (max-width: 1024px) 100vw, 1024px\" \/><\/figure>\n\n\n\n<figure class=\"wp-block-image size-large\"><img loading=\"lazy\" decoding=\"async\" width=\"646\" height=\"411\" src=\"http:\/\/www.celttv.com.ar\/wp-content\/uploads\/2021\/08\/5c3bc417-b36c-450e-b496-772937b7c661.jpg\" alt=\"\" class=\"wp-image-59381\" srcset=\"https:\/\/www.celttv.com.ar\/wp-content\/uploads\/2021\/08\/5c3bc417-b36c-450e-b496-772937b7c661.jpg 646w, https:\/\/www.celttv.com.ar\/wp-content\/uploads\/2021\/08\/5c3bc417-b36c-450e-b496-772937b7c661-300x191.jpg 300w\" sizes=\"auto, (max-width: 646px) 100vw, 646px\" \/><\/figure>\n\n\n\n<figure class=\"wp-block-image size-large\"><img loading=\"lazy\" decoding=\"async\" width=\"1024\" height=\"768\" src=\"http:\/\/www.celttv.com.ar\/wp-content\/uploads\/2021\/08\/bbef5317-8674-42d3-aa28-cb362ec9ebe6-1024x768.jpg\" alt=\"\" class=\"wp-image-59382\" srcset=\"https:\/\/www.celttv.com.ar\/wp-content\/uploads\/2021\/08\/bbef5317-8674-42d3-aa28-cb362ec9ebe6-1024x768.jpg 1024w, https:\/\/www.celttv.com.ar\/wp-content\/uploads\/2021\/08\/bbef5317-8674-42d3-aa28-cb362ec9ebe6-300x225.jpg 300w, https:\/\/www.celttv.com.ar\/wp-content\/uploads\/2021\/08\/bbef5317-8674-42d3-aa28-cb362ec9ebe6-768x576.jpg 768w, https:\/\/www.celttv.com.ar\/wp-content\/uploads\/2021\/08\/bbef5317-8674-42d3-aa28-cb362ec9ebe6-750x563.jpg 750w, https:\/\/www.celttv.com.ar\/wp-content\/uploads\/2021\/08\/bbef5317-8674-42d3-aa28-cb362ec9ebe6-1140x855.jpg 1140w, https:\/\/www.celttv.com.ar\/wp-content\/uploads\/2021\/08\/bbef5317-8674-42d3-aa28-cb362ec9ebe6.jpg 1280w\" sizes=\"auto, (max-width: 1024px) 100vw, 1024px\" \/><\/figure>\n","protected":false},"excerpt":{"rendered":"<p>En el ciclo de entrevistas del programa Magazine Sport, compartimos el programa junto al arquero Juan Manuel Stefanof (Club Uni\u00f3n),; el captador de jugadores de la Asociaci\u00f3n Atl\u00e9tico Argentinos Jr., Fernando Delgado y el Director del Departamento de Scouting del Club V\u00e9lez Sarsfield, Ulises Mansilla.<\/p>\n","protected":false},"author":1,"featured_media":59382,"comment_status":"closed","ping_status":"open","sticky":false,"template":"","format":"standard","meta":{"footnotes":""},"categories":[55,60,62,52,63],"tags":[],"class_list":["post-59377","post","type-post","status-publish","format-standard","has-post-thumbnail","hentry","category-celt-tv-noticias","category-deporte","category-deportes","category-destacadas","category-magazine-sport"],"yoast_head":"<!-- This site is optimized with the Yoast SEO plugin v19.7.1 - https:\/\/yoast.com\/wordpress\/plugins\/seo\/ -->\n<title>MAGAZINE SPORT: Entrevista con Juan Stefanof (Club Uni\u00f3n), Ulises Mansilla (V\u00e9lez Sarsfield) y Fernando Delgado (AAAJ) - CELTTV<\/title>\n<meta name=\"description\" content=\"Sitio web de noticias de la localidad de Tornquist, provincia de Buenos Aires, Rep\u00fablica Argentina. Contenido propio originado por periodistas de CELTTV, el canal de TV local de la Cooperativa El\u00e9ctrica de Tornquist. Turismo, Pol\u00edtica, Sociedad, Deporte, Cultura y todo el contenido de inter\u00e9s general que la gente del pueblo y la regi\u00f3n debe conocer.\" \/>\n<meta name=\"robots\" content=\"index, follow, max-snippet:-1, max-image-preview:large, max-video-preview:-1\" \/>\n<link rel=\"canonical\" href=\"https:\/\/www.celttv.com.ar\/index.php\/2021\/08\/07\/magazine-sport-entrevsita-con-juan-stefanof-club-union-ulises-mansilla-velez-sarsfield-fernando-delgado-aaaj\/\" \/>\n<meta property=\"og:locale\" content=\"es_ES\" \/>\n<meta property=\"og:type\" content=\"article\" \/>\n<meta property=\"og:title\" content=\"MAGAZINE SPORT: Entrevista con Juan Stefanof (Club Uni\u00f3n), Ulises Mansilla (V\u00e9lez Sarsfield) y Fernando Delgado (AAAJ) - CELTTV\" \/>\n<meta property=\"og:description\" content=\"Sitio web de noticias de la localidad de Tornquist, provincia de Buenos Aires, Rep\u00fablica Argentina. Contenido propio originado por periodistas de CELTTV, el canal de TV local de la Cooperativa El\u00e9ctrica de Tornquist. Turismo, Pol\u00edtica, Sociedad, Deporte, Cultura y todo el contenido de inter\u00e9s general que la gente del pueblo y la regi\u00f3n debe conocer.\" \/>\n<meta property=\"og:url\" content=\"https:\/\/www.celttv.com.ar\/index.php\/2021\/08\/07\/magazine-sport-entrevsita-con-juan-stefanof-club-union-ulises-mansilla-velez-sarsfield-fernando-delgado-aaaj\/\" \/>\n<meta property=\"og:site_name\" content=\"CELTTV\" \/>\n<meta property=\"article:publisher\" content=\"https:\/\/www.facebook.com\/celtTV\/\" \/>\n<meta property=\"article:published_time\" content=\"2021-08-07T18:01:18+00:00\" \/>\n<meta property=\"og:image\" content=\"https:\/\/www.celttv.com.ar\/wp-content\/uploads\/2021\/08\/bbef5317-8674-42d3-aa28-cb362ec9ebe6.jpg\" \/>\n\t<meta property=\"og:image:width\" content=\"1280\" \/>\n\t<meta property=\"og:image:height\" content=\"960\" \/>\n\t<meta property=\"og:image:type\" content=\"image\/jpeg\" \/>\n<meta name=\"author\" content=\"ulises\" \/>\n<meta name=\"twitter:card\" content=\"summary_large_image\" \/>\n<meta name=\"twitter:label1\" content=\"Escrito por\" \/>\n\t<meta name=\"twitter:data1\" content=\"ulises\" \/>\n<script type=\"application\/ld+json\" class=\"yoast-schema-graph\">{\"@context\":\"https:\/\/schema.org\",\"@graph\":[{\"@type\":\"NewsArticle\",\"@id\":\"https:\/\/www.celttv.com.ar\/index.php\/2021\/08\/07\/magazine-sport-entrevsita-con-juan-stefanof-club-union-ulises-mansilla-velez-sarsfield-fernando-delgado-aaaj\/#article\",\"isPartOf\":{\"@id\":\"https:\/\/www.celttv.com.ar\/index.php\/2021\/08\/07\/magazine-sport-entrevsita-con-juan-stefanof-club-union-ulises-mansilla-velez-sarsfield-fernando-delgado-aaaj\/\"},\"author\":{\"name\":\"ulises\",\"@id\":\"https:\/\/www.celttv.com.ar\/#\/schema\/person\/6d99c072dba59953809c81446e9d0ace\"},\"headline\":\"MAGAZINE SPORT: Entrevista con Juan Stefanof (Club Uni\u00f3n), Ulises Mansilla (V\u00e9lez Sarsfield) y Fernando Delgado (AAAJ)\",\"datePublished\":\"2021-08-07T18:01:18+00:00\",\"dateModified\":\"2021-08-07T18:01:18+00:00\",\"mainEntityOfPage\":{\"@id\":\"https:\/\/www.celttv.com.ar\/index.php\/2021\/08\/07\/magazine-sport-entrevsita-con-juan-stefanof-club-union-ulises-mansilla-velez-sarsfield-fernando-delgado-aaaj\/\"},\"wordCount\":72,\"publisher\":{\"@id\":\"https:\/\/www.celttv.com.ar\/#organization\"},\"articleSection\":[\"Celt TV Noticias\",\"Deporte\",\"Deportes\",\"Destacadas\",\"Magazine Sport\"],\"inLanguage\":\"es\"},{\"@type\":\"WebPage\",\"@id\":\"https:\/\/www.celttv.com.ar\/index.php\/2021\/08\/07\/magazine-sport-entrevsita-con-juan-stefanof-club-union-ulises-mansilla-velez-sarsfield-fernando-delgado-aaaj\/\",\"url\":\"https:\/\/www.celttv.com.ar\/index.php\/2021\/08\/07\/magazine-sport-entrevsita-con-juan-stefanof-club-union-ulises-mansilla-velez-sarsfield-fernando-delgado-aaaj\/\",\"name\":\"MAGAZINE SPORT: Entrevista con Juan Stefanof (Club Uni\u00f3n), Ulises Mansilla (V\u00e9lez Sarsfield) y Fernando Delgado (AAAJ) - CELTTV\",\"isPartOf\":{\"@id\":\"https:\/\/www.celttv.com.ar\/#website\"},\"datePublished\":\"2021-08-07T18:01:18+00:00\",\"dateModified\":\"2021-08-07T18:01:18+00:00\",\"description\":\"Sitio web de noticias de la localidad de Tornquist, provincia de Buenos Aires, Rep\u00fablica Argentina. Contenido propio originado por periodistas de CELTTV, el canal de TV local de la Cooperativa El\u00e9ctrica de Tornquist. Turismo, Pol\u00edtica, Sociedad, Deporte, Cultura y todo el contenido de inter\u00e9s general que la gente del pueblo y la regi\u00f3n debe conocer.\",\"breadcrumb\":{\"@id\":\"https:\/\/www.celttv.com.ar\/index.php\/2021\/08\/07\/magazine-sport-entrevsita-con-juan-stefanof-club-union-ulises-mansilla-velez-sarsfield-fernando-delgado-aaaj\/#breadcrumb\"},\"inLanguage\":\"es\",\"potentialAction\":[{\"@type\":\"ReadAction\",\"target\":[\"https:\/\/www.celttv.com.ar\/index.php\/2021\/08\/07\/magazine-sport-entrevsita-con-juan-stefanof-club-union-ulises-mansilla-velez-sarsfield-fernando-delgado-aaaj\/\"]}]},{\"@type\":\"BreadcrumbList\",\"@id\":\"https:\/\/www.celttv.com.ar\/index.php\/2021\/08\/07\/magazine-sport-entrevsita-con-juan-stefanof-club-union-ulises-mansilla-velez-sarsfield-fernando-delgado-aaaj\/#breadcrumb\",\"itemListElement\":[{\"@type\":\"ListItem\",\"position\":1,\"name\":\"Inicio\",\"item\":\"https:\/\/www.celttv.com.ar\/\"},{\"@type\":\"ListItem\",\"position\":2,\"name\":\"MAGAZINE SPORT: Entrevista con Juan Stefanof (Club Uni\u00f3n), Ulises Mansilla (V\u00e9lez Sarsfield) y Fernando Delgado (AAAJ)\"}]},{\"@type\":\"WebSite\",\"@id\":\"https:\/\/www.celttv.com.ar\/#website\",\"url\":\"https:\/\/www.celttv.com.ar\/\",\"name\":\"CELTTV\",\"description\":\"Cooperativa El\u00e9ctrica de Tornquist\",\"publisher\":{\"@id\":\"https:\/\/www.celttv.com.ar\/#organization\"},\"potentialAction\":[{\"@type\":\"SearchAction\",\"target\":{\"@type\":\"EntryPoint\",\"urlTemplate\":\"https:\/\/www.celttv.com.ar\/?s={search_term_string}\"},\"query-input\":\"required name=search_term_string\"}],\"inLanguage\":\"es\"},{\"@type\":\"Organization\",\"@id\":\"https:\/\/www.celttv.com.ar\/#organization\",\"name\":\"CELTTV\",\"url\":\"https:\/\/www.celttv.com.ar\/\",\"sameAs\":[\"https:\/\/www.youtube.com\/channel\/UCz_oIt8Hig64Ub-EmcNPIhg\",\"https:\/\/www.facebook.com\/celtTV\/\"],\"logo\":{\"@type\":\"ImageObject\",\"inLanguage\":\"es\",\"@id\":\"https:\/\/www.celttv.com.ar\/#\/schema\/logo\/image\/\",\"url\":\"http:\/\/www.celttv.com.ar\/wp-content\/uploads\/2022\/08\/logo-1.png\",\"contentUrl\":\"http:\/\/www.celttv.com.ar\/wp-content\/uploads\/2022\/08\/logo-1.png\",\"width\":461,\"height\":159,\"caption\":\"CELTTV\"},\"image\":{\"@id\":\"https:\/\/www.celttv.com.ar\/#\/schema\/logo\/image\/\"}},{\"@type\":\"Person\",\"@id\":\"https:\/\/www.celttv.com.ar\/#\/schema\/person\/6d99c072dba59953809c81446e9d0ace\",\"name\":\"ulises\",\"image\":{\"@type\":\"ImageObject\",\"inLanguage\":\"es\",\"@id\":\"https:\/\/www.celttv.com.ar\/#\/schema\/person\/image\/\",\"url\":\"https:\/\/secure.gravatar.com\/avatar\/7f2c48bdc33b30088f941fb6082e555f2874c98e20cb159d7b92b50eadfce793?s=96&d=mm&r=g\",\"contentUrl\":\"https:\/\/secure.gravatar.com\/avatar\/7f2c48bdc33b30088f941fb6082e555f2874c98e20cb159d7b92b50eadfce793?s=96&d=mm&r=g\",\"caption\":\"ulises\"},\"sameAs\":[\"http:\/\/www.celttv.com.ar\"]}]}<\/script>\n<!-- \/ Yoast SEO plugin. -->","yoast_head_json":{"title":"MAGAZINE SPORT: Entrevista con Juan Stefanof (Club Uni\u00f3n), Ulises Mansilla (V\u00e9lez Sarsfield) y Fernando Delgado (AAAJ) - CELTTV","description":"Sitio web de noticias de la localidad de Tornquist, provincia de Buenos Aires, Rep\u00fablica Argentina. Contenido propio originado por periodistas de CELTTV, el canal de TV local de la Cooperativa El\u00e9ctrica de Tornquist. Turismo, Pol\u00edtica, Sociedad, Deporte, Cultura y todo el contenido de inter\u00e9s general que la gente del pueblo y la regi\u00f3n debe conocer.","robots":{"index":"index","follow":"follow","max-snippet":"max-snippet:-1","max-image-preview":"max-image-preview:large","max-video-preview":"max-video-preview:-1"},"canonical":"https:\/\/www.celttv.com.ar\/index.php\/2021\/08\/07\/magazine-sport-entrevsita-con-juan-stefanof-club-union-ulises-mansilla-velez-sarsfield-fernando-delgado-aaaj\/","og_locale":"es_ES","og_type":"article","og_title":"MAGAZINE SPORT: Entrevista con Juan Stefanof (Club Uni\u00f3n), Ulises Mansilla (V\u00e9lez Sarsfield) y Fernando Delgado (AAAJ) - CELTTV","og_description":"Sitio web de noticias de la localidad de Tornquist, provincia de Buenos Aires, Rep\u00fablica Argentina. Contenido propio originado por periodistas de CELTTV, el canal de TV local de la Cooperativa El\u00e9ctrica de Tornquist. Turismo, Pol\u00edtica, Sociedad, Deporte, Cultura y todo el contenido de inter\u00e9s general que la gente del pueblo y la regi\u00f3n debe conocer.","og_url":"https:\/\/www.celttv.com.ar\/index.php\/2021\/08\/07\/magazine-sport-entrevsita-con-juan-stefanof-club-union-ulises-mansilla-velez-sarsfield-fernando-delgado-aaaj\/","og_site_name":"CELTTV","article_publisher":"https:\/\/www.facebook.com\/celtTV\/","article_published_time":"2021-08-07T18:01:18+00:00","og_image":[{"width":1280,"height":960,"url":"https:\/\/www.celttv.com.ar\/wp-content\/uploads\/2021\/08\/bbef5317-8674-42d3-aa28-cb362ec9ebe6.jpg","type":"image\/jpeg"}],"author":"ulises","twitter_card":"summary_large_image","twitter_misc":{"Escrito por":"ulises"},"schema":{"@context":"https:\/\/schema.org","@graph":[{"@type":"NewsArticle","@id":"https:\/\/www.celttv.com.ar\/index.php\/2021\/08\/07\/magazine-sport-entrevsita-con-juan-stefanof-club-union-ulises-mansilla-velez-sarsfield-fernando-delgado-aaaj\/#article","isPartOf":{"@id":"https:\/\/www.celttv.com.ar\/index.php\/2021\/08\/07\/magazine-sport-entrevsita-con-juan-stefanof-club-union-ulises-mansilla-velez-sarsfield-fernando-delgado-aaaj\/"},"author":{"name":"ulises","@id":"https:\/\/www.celttv.com.ar\/#\/schema\/person\/6d99c072dba59953809c81446e9d0ace"},"headline":"MAGAZINE SPORT: Entrevista con Juan Stefanof (Club Uni\u00f3n), Ulises Mansilla (V\u00e9lez Sarsfield) y Fernando Delgado (AAAJ)","datePublished":"2021-08-07T18:01:18+00:00","dateModified":"2021-08-07T18:01:18+00:00","mainEntityOfPage":{"@id":"https:\/\/www.celttv.com.ar\/index.php\/2021\/08\/07\/magazine-sport-entrevsita-con-juan-stefanof-club-union-ulises-mansilla-velez-sarsfield-fernando-delgado-aaaj\/"},"wordCount":72,"publisher":{"@id":"https:\/\/www.celttv.com.ar\/#organization"},"articleSection":["Celt TV Noticias","Deporte","Deportes","Destacadas","Magazine Sport"],"inLanguage":"es"},{"@type":"WebPage","@id":"https:\/\/www.celttv.com.ar\/index.php\/2021\/08\/07\/magazine-sport-entrevsita-con-juan-stefanof-club-union-ulises-mansilla-velez-sarsfield-fernando-delgado-aaaj\/","url":"https:\/\/www.celttv.com.ar\/index.php\/2021\/08\/07\/magazine-sport-entrevsita-con-juan-stefanof-club-union-ulises-mansilla-velez-sarsfield-fernando-delgado-aaaj\/","name":"MAGAZINE SPORT: Entrevista con Juan Stefanof (Club Uni\u00f3n), Ulises Mansilla (V\u00e9lez Sarsfield) y Fernando Delgado (AAAJ) - CELTTV","isPartOf":{"@id":"https:\/\/www.celttv.com.ar\/#website"},"datePublished":"2021-08-07T18:01:18+00:00","dateModified":"2021-08-07T18:01:18+00:00","description":"Sitio web de noticias de la localidad de Tornquist, provincia de Buenos Aires, Rep\u00fablica Argentina. Contenido propio originado por periodistas de CELTTV, el canal de TV local de la Cooperativa El\u00e9ctrica de Tornquist. Turismo, Pol\u00edtica, Sociedad, Deporte, Cultura y todo el contenido de inter\u00e9s general que la gente del pueblo y la regi\u00f3n debe conocer.","breadcrumb":{"@id":"https:\/\/www.celttv.com.ar\/index.php\/2021\/08\/07\/magazine-sport-entrevsita-con-juan-stefanof-club-union-ulises-mansilla-velez-sarsfield-fernando-delgado-aaaj\/#breadcrumb"},"inLanguage":"es","potentialAction":[{"@type":"ReadAction","target":["https:\/\/www.celttv.com.ar\/index.php\/2021\/08\/07\/magazine-sport-entrevsita-con-juan-stefanof-club-union-ulises-mansilla-velez-sarsfield-fernando-delgado-aaaj\/"]}]},{"@type":"BreadcrumbList","@id":"https:\/\/www.celttv.com.ar\/index.php\/2021\/08\/07\/magazine-sport-entrevsita-con-juan-stefanof-club-union-ulises-mansilla-velez-sarsfield-fernando-delgado-aaaj\/#breadcrumb","itemListElement":[{"@type":"ListItem","position":1,"name":"Inicio","item":"https:\/\/www.celttv.com.ar\/"},{"@type":"ListItem","position":2,"name":"MAGAZINE SPORT: Entrevista con Juan Stefanof (Club Uni\u00f3n), Ulises Mansilla (V\u00e9lez Sarsfield) y Fernando Delgado (AAAJ)"}]},{"@type":"WebSite","@id":"https:\/\/www.celttv.com.ar\/#website","url":"https:\/\/www.celttv.com.ar\/","name":"CELTTV","description":"Cooperativa El\u00e9ctrica de Tornquist","publisher":{"@id":"https:\/\/www.celttv.com.ar\/#organization"},"potentialAction":[{"@type":"SearchAction","target":{"@type":"EntryPoint","urlTemplate":"https:\/\/www.celttv.com.ar\/?s={search_term_string}"},"query-input":"required name=search_term_string"}],"inLanguage":"es"},{"@type":"Organization","@id":"https:\/\/www.celttv.com.ar\/#organization","name":"CELTTV","url":"https:\/\/www.celttv.com.ar\/","sameAs":["https:\/\/www.youtube.com\/channel\/UCz_oIt8Hig64Ub-EmcNPIhg","https:\/\/www.facebook.com\/celtTV\/"],"logo":{"@type":"ImageObject","inLanguage":"es","@id":"https:\/\/www.celttv.com.ar\/#\/schema\/logo\/image\/","url":"http:\/\/www.celttv.com.ar\/wp-content\/uploads\/2022\/08\/logo-1.png","contentUrl":"http:\/\/www.celttv.com.ar\/wp-content\/uploads\/2022\/08\/logo-1.png","width":461,"height":159,"caption":"CELTTV"},"image":{"@id":"https:\/\/www.celttv.com.ar\/#\/schema\/logo\/image\/"}},{"@type":"Person","@id":"https:\/\/www.celttv.com.ar\/#\/schema\/person\/6d99c072dba59953809c81446e9d0ace","name":"ulises","image":{"@type":"ImageObject","inLanguage":"es","@id":"https:\/\/www.celttv.com.ar\/#\/schema\/person\/image\/","url":"https:\/\/secure.gravatar.com\/avatar\/7f2c48bdc33b30088f941fb6082e555f2874c98e20cb159d7b92b50eadfce793?s=96&d=mm&r=g","contentUrl":"https:\/\/secure.gravatar.com\/avatar\/7f2c48bdc33b30088f941fb6082e555f2874c98e20cb159d7b92b50eadfce793?s=96&d=mm&r=g","caption":"ulises"},"sameAs":["http:\/\/www.celttv.com.ar"]}]}},"_links":{"self":[{"href":"https:\/\/www.celttv.com.ar\/index.php\/wp-json\/wp\/v2\/posts\/59377","targetHints":{"allow":["GET"]}}],"collection":[{"href":"https:\/\/www.celttv.com.ar\/index.php\/wp-json\/wp\/v2\/posts"}],"about":[{"href":"https:\/\/www.celttv.com.ar\/index.php\/wp-json\/wp\/v2\/types\/post"}],"author":[{"embeddable":true,"href":"https:\/\/www.celttv.com.ar\/index.php\/wp-json\/wp\/v2\/users\/1"}],"replies":[{"embeddable":true,"href":"https:\/\/www.celttv.com.ar\/index.php\/wp-json\/wp\/v2\/comments?post=59377"}],"version-history":[{"count":0,"href":"https:\/\/www.celttv.com.ar\/index.php\/wp-json\/wp\/v2\/posts\/59377\/revisions"}],"wp:featuredmedia":[{"embeddable":true,"href":"https:\/\/www.celttv.com.ar\/index.php\/wp-json\/wp\/v2\/media\/59382"}],"wp:attachment":[{"href":"https:\/\/www.celttv.com.ar\/index.php\/wp-json\/wp\/v2\/media?parent=59377"}],"wp:term":[{"taxonomy":"category","embeddable":true,"href":"https:\/\/www.celttv.com.ar\/index.php\/wp-json\/wp\/v2\/categories?post=59377"},{"taxonomy":"post_tag","embeddable":true,"href":"https:\/\/www.celttv.com.ar\/index.php\/wp-json\/wp\/v2\/tags?post=59377"}],"curies":[{"name":"wp","href":"https:\/\/api.w.org\/{rel}","templated":true}]}}