{"id":59417,"date":"2021-08-11T15:05:16","date_gmt":"2021-08-11T15:05:16","guid":{"rendered":"http:\/\/www.celttv.com.ar\/?p=59417"},"modified":"2021-08-11T15:05:16","modified_gmt":"2021-08-11T15:05:16","slug":"juegos-bonaerenses-surgieron-los-clasificados-a-la-etapa-regional-de-beach-voley","status":"publish","type":"post","link":"https:\/\/www.celttv.com.ar\/index.php\/2021\/08\/11\/juegos-bonaerenses-surgieron-los-clasificados-a-la-etapa-regional-de-beach-voley\/","title":{"rendered":"Juegos Bonaerenses: Surgieron los clasificados a la etapa Regional de Beach Voley"},"content":{"rendered":"\n<p>Las duplas integradas por Catalina Fuhr y Luisina Miconi (Sub 14) y Agostina Pollio y Cyntia Abregu (Cat. Universitario), clasificaron a la etapa Regional de los Juegos Bonaerenses, luego de ganar la fase Municipal, disputada en Tornquist con la organizaci\u00f3n de la Secretar\u00eda de Desarrollo mediante la Direcci\u00f3n de Deportes.<\/p>\n\n\n\n<p><strong>SUB 14<\/strong><\/p>\n\n\n\n<p>Lola Fern\u00e1ndez y Renata Anton 0 &#8211; Catalina Fuhr y Luisina Miconi 2<\/p>\n\n\n\n<p>Luisina Bayon y Renata Muzi 2 &#8211; Olivia Naab y Morena Belate 0<\/p>\n\n\n\n<p>Keyla Paije y Josefina Manfredi 1 &#8211; Alma Urriaga y Abril Clavelino 2<\/p>\n\n\n\n<p>Semifinales:<\/p>\n\n\n\n<p>Catalina Fuhr y Luisina Miconi 2 &#8211; Luisina Bayon y Renata Muzi 0<\/p>\n\n\n\n<p>Alma Urriaga y Abril Clavelino 2 &#8211; Juana G\u00f3mez y Morena Jara 0<\/p>\n\n\n\n<p>Final: Catalina Fuhr y Luisina Miconi 2 &#8211; Alma Urriaga y Abril Clavelino 1<\/p>\n\n\n\n<p><strong>UNIVERSITARIO<\/strong><\/p>\n\n\n\n<p>Final: Cyntia Abregu y Agostina Pollio 2 &#8211; Gianela Lambicchi y Luciana Dorado 0<\/p>\n\n\n\n<p>La etapa Regional se disputar\u00e1 el martes 24 de agosto en Daireux.<\/p>\n\n\n\n<figure class=\"wp-block-image size-large\"><img loading=\"lazy\" decoding=\"async\" width=\"1000\" height=\"667\" src=\"http:\/\/www.celttv.com.ar\/wp-content\/uploads\/2021\/08\/Beach-Voley-JB-3.jpg\" alt=\"\" class=\"wp-image-59418\" srcset=\"https:\/\/www.celttv.com.ar\/wp-content\/uploads\/2021\/08\/Beach-Voley-JB-3.jpg 1000w, https:\/\/www.celttv.com.ar\/wp-content\/uploads\/2021\/08\/Beach-Voley-JB-3-300x200.jpg 300w, https:\/\/www.celttv.com.ar\/wp-content\/uploads\/2021\/08\/Beach-Voley-JB-3-768x512.jpg 768w, https:\/\/www.celttv.com.ar\/wp-content\/uploads\/2021\/08\/Beach-Voley-JB-3-750x500.jpg 750w\" sizes=\"auto, (max-width: 1000px) 100vw, 1000px\" \/><\/figure>\n\n\n\n<figure class=\"wp-block-image size-large\"><img loading=\"lazy\" decoding=\"async\" width=\"1000\" height=\"667\" src=\"http:\/\/www.celttv.com.ar\/wp-content\/uploads\/2021\/08\/Beach-Voley-JB-2.jpg\" alt=\"\" class=\"wp-image-59419\" srcset=\"https:\/\/www.celttv.com.ar\/wp-content\/uploads\/2021\/08\/Beach-Voley-JB-2.jpg 1000w, https:\/\/www.celttv.com.ar\/wp-content\/uploads\/2021\/08\/Beach-Voley-JB-2-300x200.jpg 300w, https:\/\/www.celttv.com.ar\/wp-content\/uploads\/2021\/08\/Beach-Voley-JB-2-768x512.jpg 768w, https:\/\/www.celttv.com.ar\/wp-content\/uploads\/2021\/08\/Beach-Voley-JB-2-750x500.jpg 750w\" sizes=\"auto, (max-width: 1000px) 100vw, 1000px\" \/><\/figure>\n\n\n\n<figure class=\"wp-block-image size-large\"><img loading=\"lazy\" decoding=\"async\" width=\"1000\" height=\"667\" src=\"http:\/\/www.celttv.com.ar\/wp-content\/uploads\/2021\/08\/Beach-Voley-JB-1-1.jpg\" alt=\"\" class=\"wp-image-59420\" srcset=\"https:\/\/www.celttv.com.ar\/wp-content\/uploads\/2021\/08\/Beach-Voley-JB-1-1.jpg 1000w, https:\/\/www.celttv.com.ar\/wp-content\/uploads\/2021\/08\/Beach-Voley-JB-1-1-300x200.jpg 300w, https:\/\/www.celttv.com.ar\/wp-content\/uploads\/2021\/08\/Beach-Voley-JB-1-1-768x512.jpg 768w, https:\/\/www.celttv.com.ar\/wp-content\/uploads\/2021\/08\/Beach-Voley-JB-1-1-750x500.jpg 750w\" sizes=\"auto, (max-width: 1000px) 100vw, 1000px\" \/><\/figure>\n\n\n\n<figure class=\"wp-block-image size-large\"><img loading=\"lazy\" decoding=\"async\" width=\"1000\" height=\"667\" src=\"http:\/\/www.celttv.com.ar\/wp-content\/uploads\/2021\/08\/Beach-Voley-JB-4.jpg\" alt=\"\" class=\"wp-image-59421\" srcset=\"https:\/\/www.celttv.com.ar\/wp-content\/uploads\/2021\/08\/Beach-Voley-JB-4.jpg 1000w, https:\/\/www.celttv.com.ar\/wp-content\/uploads\/2021\/08\/Beach-Voley-JB-4-300x200.jpg 300w, https:\/\/www.celttv.com.ar\/wp-content\/uploads\/2021\/08\/Beach-Voley-JB-4-768x512.jpg 768w, https:\/\/www.celttv.com.ar\/wp-content\/uploads\/2021\/08\/Beach-Voley-JB-4-750x500.jpg 750w\" sizes=\"auto, (max-width: 1000px) 100vw, 1000px\" \/><\/figure>\n\n\n\n<figure class=\"wp-block-image size-large\"><img loading=\"lazy\" decoding=\"async\" width=\"1024\" height=\"683\" src=\"http:\/\/www.celttv.com.ar\/wp-content\/uploads\/2021\/08\/Beach-Voley-JB-5-1024x683.jpg\" alt=\"\" class=\"wp-image-59422\" srcset=\"https:\/\/www.celttv.com.ar\/wp-content\/uploads\/2021\/08\/Beach-Voley-JB-5-1024x683.jpg 1024w, https:\/\/www.celttv.com.ar\/wp-content\/uploads\/2021\/08\/Beach-Voley-JB-5-300x200.jpg 300w, https:\/\/www.celttv.com.ar\/wp-content\/uploads\/2021\/08\/Beach-Voley-JB-5-768x512.jpg 768w, https:\/\/www.celttv.com.ar\/wp-content\/uploads\/2021\/08\/Beach-Voley-JB-5-750x500.jpg 750w, https:\/\/www.celttv.com.ar\/wp-content\/uploads\/2021\/08\/Beach-Voley-JB-5-1140x760.jpg 1140w, https:\/\/www.celttv.com.ar\/wp-content\/uploads\/2021\/08\/Beach-Voley-JB-5.jpg 1500w\" sizes=\"auto, (max-width: 1024px) 100vw, 1024px\" \/><\/figure>\n\n\n\n<figure class=\"wp-block-image size-large\"><img loading=\"lazy\" decoding=\"async\" width=\"1024\" height=\"683\" src=\"http:\/\/www.celttv.com.ar\/wp-content\/uploads\/2021\/08\/Beach-Voley-JB-6-1024x683.jpg\" alt=\"\" class=\"wp-image-59423\" srcset=\"https:\/\/www.celttv.com.ar\/wp-content\/uploads\/2021\/08\/Beach-Voley-JB-6-1024x683.jpg 1024w, https:\/\/www.celttv.com.ar\/wp-content\/uploads\/2021\/08\/Beach-Voley-JB-6-300x200.jpg 300w, https:\/\/www.celttv.com.ar\/wp-content\/uploads\/2021\/08\/Beach-Voley-JB-6-768x512.jpg 768w, https:\/\/www.celttv.com.ar\/wp-content\/uploads\/2021\/08\/Beach-Voley-JB-6-750x500.jpg 750w, https:\/\/www.celttv.com.ar\/wp-content\/uploads\/2021\/08\/Beach-Voley-JB-6-1140x760.jpg 1140w, https:\/\/www.celttv.com.ar\/wp-content\/uploads\/2021\/08\/Beach-Voley-JB-6.jpg 1500w\" sizes=\"auto, (max-width: 1024px) 100vw, 1024px\" \/><\/figure>\n\n\n\n<figure class=\"wp-block-image size-large\"><img loading=\"lazy\" decoding=\"async\" width=\"1024\" height=\"683\" src=\"http:\/\/www.celttv.com.ar\/wp-content\/uploads\/2021\/08\/Beach-Voley-JB-7-1024x683.jpg\" alt=\"\" class=\"wp-image-59424\" srcset=\"https:\/\/www.celttv.com.ar\/wp-content\/uploads\/2021\/08\/Beach-Voley-JB-7-1024x683.jpg 1024w, https:\/\/www.celttv.com.ar\/wp-content\/uploads\/2021\/08\/Beach-Voley-JB-7-300x200.jpg 300w, https:\/\/www.celttv.com.ar\/wp-content\/uploads\/2021\/08\/Beach-Voley-JB-7-768x512.jpg 768w, https:\/\/www.celttv.com.ar\/wp-content\/uploads\/2021\/08\/Beach-Voley-JB-7-750x500.jpg 750w, https:\/\/www.celttv.com.ar\/wp-content\/uploads\/2021\/08\/Beach-Voley-JB-7-1140x760.jpg 1140w, https:\/\/www.celttv.com.ar\/wp-content\/uploads\/2021\/08\/Beach-Voley-JB-7.jpg 1500w\" sizes=\"auto, (max-width: 1024px) 100vw, 1024px\" \/><\/figure>\n\n\n\n<figure class=\"wp-block-image size-large\"><img loading=\"lazy\" decoding=\"async\" width=\"1024\" height=\"683\" src=\"http:\/\/www.celttv.com.ar\/wp-content\/uploads\/2021\/08\/Beach-Voley-JB-8-1024x683.jpg\" alt=\"\" class=\"wp-image-59425\" srcset=\"https:\/\/www.celttv.com.ar\/wp-content\/uploads\/2021\/08\/Beach-Voley-JB-8-1024x683.jpg 1024w, https:\/\/www.celttv.com.ar\/wp-content\/uploads\/2021\/08\/Beach-Voley-JB-8-300x200.jpg 300w, https:\/\/www.celttv.com.ar\/wp-content\/uploads\/2021\/08\/Beach-Voley-JB-8-768x512.jpg 768w, https:\/\/www.celttv.com.ar\/wp-content\/uploads\/2021\/08\/Beach-Voley-JB-8-750x500.jpg 750w, https:\/\/www.celttv.com.ar\/wp-content\/uploads\/2021\/08\/Beach-Voley-JB-8-1140x760.jpg 1140w, https:\/\/www.celttv.com.ar\/wp-content\/uploads\/2021\/08\/Beach-Voley-JB-8.jpg 1500w\" sizes=\"auto, (max-width: 1024px) 100vw, 1024px\" \/><\/figure>\n","protected":false},"excerpt":{"rendered":"<p>Las duplas integradas por Catalina Fuhr y Luisina Miconi (Sub 14) y Agostina Pollio y Cyntia Abregu (Cat. Universitario), clasificaron a la etapa Regional de los Juegos Bonaerenses, luego de ganar la fase Municipal, disputada en Tornquist con la organizaci\u00f3n de la Secretar\u00eda de Desarrollo mediante la Direcci\u00f3n de Deportes. SUB 14 Lola Fern\u00e1ndez y [&hellip;]<\/p>\n","protected":false},"author":1,"featured_media":59425,"comment_status":"closed","ping_status":"open","sticky":false,"template":"","format":"standard","meta":{"footnotes":""},"categories":[55,60,62,52,63],"tags":[],"class_list":["post-59417","post","type-post","status-publish","format-standard","has-post-thumbnail","hentry","category-celt-tv-noticias","category-deporte","category-deportes","category-destacadas","category-magazine-sport"],"yoast_head":"<!-- This site is optimized with the Yoast SEO plugin v19.7.1 - https:\/\/yoast.com\/wordpress\/plugins\/seo\/ -->\n<title>Juegos Bonaerenses: Surgieron los clasificados a la etapa Regional de Beach Voley - CELTTV<\/title>\n<meta name=\"description\" content=\"Sitio web de noticias de la localidad de Tornquist, provincia de Buenos Aires, Rep\u00fablica Argentina. Contenido propio originado por periodistas de CELTTV, el canal de TV local de la Cooperativa El\u00e9ctrica de Tornquist. Turismo, Pol\u00edtica, Sociedad, Deporte, Cultura y todo el contenido de inter\u00e9s general que la gente del pueblo y la regi\u00f3n debe conocer.\" \/>\n<meta name=\"robots\" content=\"index, follow, max-snippet:-1, max-image-preview:large, max-video-preview:-1\" \/>\n<link rel=\"canonical\" href=\"https:\/\/www.celttv.com.ar\/index.php\/2021\/08\/11\/juegos-bonaerenses-surgieron-los-clasificados-a-la-etapa-regional-de-beach-voley\/\" \/>\n<meta property=\"og:locale\" content=\"es_ES\" \/>\n<meta property=\"og:type\" content=\"article\" \/>\n<meta property=\"og:title\" content=\"Juegos Bonaerenses: Surgieron los clasificados a la etapa Regional de Beach Voley - CELTTV\" \/>\n<meta property=\"og:description\" content=\"Sitio web de noticias de la localidad de Tornquist, provincia de Buenos Aires, Rep\u00fablica Argentina. Contenido propio originado por periodistas de CELTTV, el canal de TV local de la Cooperativa El\u00e9ctrica de Tornquist. Turismo, Pol\u00edtica, Sociedad, Deporte, Cultura y todo el contenido de inter\u00e9s general que la gente del pueblo y la regi\u00f3n debe conocer.\" \/>\n<meta property=\"og:url\" content=\"https:\/\/www.celttv.com.ar\/index.php\/2021\/08\/11\/juegos-bonaerenses-surgieron-los-clasificados-a-la-etapa-regional-de-beach-voley\/\" \/>\n<meta property=\"og:site_name\" content=\"CELTTV\" \/>\n<meta property=\"article:publisher\" content=\"https:\/\/www.facebook.com\/celtTV\/\" \/>\n<meta property=\"article:published_time\" content=\"2021-08-11T15:05:16+00:00\" \/>\n<meta property=\"og:image\" content=\"https:\/\/www.celttv.com.ar\/wp-content\/uploads\/2021\/08\/Beach-Voley-JB-8.jpg\" \/>\n\t<meta property=\"og:image:width\" content=\"1500\" \/>\n\t<meta property=\"og:image:height\" content=\"1000\" \/>\n\t<meta property=\"og:image:type\" content=\"image\/jpeg\" \/>\n<meta name=\"author\" content=\"ulises\" \/>\n<meta name=\"twitter:card\" content=\"summary_large_image\" \/>\n<meta name=\"twitter:label1\" content=\"Escrito por\" \/>\n\t<meta name=\"twitter:data1\" content=\"ulises\" \/>\n\t<meta name=\"twitter:label2\" content=\"Tiempo de lectura\" \/>\n\t<meta name=\"twitter:data2\" content=\"1 minuto\" \/>\n<script type=\"application\/ld+json\" class=\"yoast-schema-graph\">{\"@context\":\"https:\/\/schema.org\",\"@graph\":[{\"@type\":\"NewsArticle\",\"@id\":\"https:\/\/www.celttv.com.ar\/index.php\/2021\/08\/11\/juegos-bonaerenses-surgieron-los-clasificados-a-la-etapa-regional-de-beach-voley\/#article\",\"isPartOf\":{\"@id\":\"https:\/\/www.celttv.com.ar\/index.php\/2021\/08\/11\/juegos-bonaerenses-surgieron-los-clasificados-a-la-etapa-regional-de-beach-voley\/\"},\"author\":{\"name\":\"ulises\",\"@id\":\"https:\/\/www.celttv.com.ar\/#\/schema\/person\/6d99c072dba59953809c81446e9d0ace\"},\"headline\":\"Juegos Bonaerenses: Surgieron los clasificados a la etapa Regional de Beach Voley\",\"datePublished\":\"2021-08-11T15:05:16+00:00\",\"dateModified\":\"2021-08-11T15:05:16+00:00\",\"mainEntityOfPage\":{\"@id\":\"https:\/\/www.celttv.com.ar\/index.php\/2021\/08\/11\/juegos-bonaerenses-surgieron-los-clasificados-a-la-etapa-regional-de-beach-voley\/\"},\"wordCount\":159,\"publisher\":{\"@id\":\"https:\/\/www.celttv.com.ar\/#organization\"},\"articleSection\":[\"Celt TV Noticias\",\"Deporte\",\"Deportes\",\"Destacadas\",\"Magazine Sport\"],\"inLanguage\":\"es\"},{\"@type\":\"WebPage\",\"@id\":\"https:\/\/www.celttv.com.ar\/index.php\/2021\/08\/11\/juegos-bonaerenses-surgieron-los-clasificados-a-la-etapa-regional-de-beach-voley\/\",\"url\":\"https:\/\/www.celttv.com.ar\/index.php\/2021\/08\/11\/juegos-bonaerenses-surgieron-los-clasificados-a-la-etapa-regional-de-beach-voley\/\",\"name\":\"Juegos Bonaerenses: Surgieron los clasificados a la etapa Regional de Beach Voley - CELTTV\",\"isPartOf\":{\"@id\":\"https:\/\/www.celttv.com.ar\/#website\"},\"datePublished\":\"2021-08-11T15:05:16+00:00\",\"dateModified\":\"2021-08-11T15:05:16+00:00\",\"description\":\"Sitio web de noticias de la localidad de Tornquist, provincia de Buenos Aires, Rep\u00fablica Argentina. Contenido propio originado por periodistas de CELTTV, el canal de TV local de la Cooperativa El\u00e9ctrica de Tornquist. Turismo, Pol\u00edtica, Sociedad, Deporte, Cultura y todo el contenido de inter\u00e9s general que la gente del pueblo y la regi\u00f3n debe conocer.\",\"breadcrumb\":{\"@id\":\"https:\/\/www.celttv.com.ar\/index.php\/2021\/08\/11\/juegos-bonaerenses-surgieron-los-clasificados-a-la-etapa-regional-de-beach-voley\/#breadcrumb\"},\"inLanguage\":\"es\",\"potentialAction\":[{\"@type\":\"ReadAction\",\"target\":[\"https:\/\/www.celttv.com.ar\/index.php\/2021\/08\/11\/juegos-bonaerenses-surgieron-los-clasificados-a-la-etapa-regional-de-beach-voley\/\"]}]},{\"@type\":\"BreadcrumbList\",\"@id\":\"https:\/\/www.celttv.com.ar\/index.php\/2021\/08\/11\/juegos-bonaerenses-surgieron-los-clasificados-a-la-etapa-regional-de-beach-voley\/#breadcrumb\",\"itemListElement\":[{\"@type\":\"ListItem\",\"position\":1,\"name\":\"Inicio\",\"item\":\"https:\/\/www.celttv.com.ar\/\"},{\"@type\":\"ListItem\",\"position\":2,\"name\":\"Juegos Bonaerenses: Surgieron los clasificados a la etapa Regional de Beach Voley\"}]},{\"@type\":\"WebSite\",\"@id\":\"https:\/\/www.celttv.com.ar\/#website\",\"url\":\"https:\/\/www.celttv.com.ar\/\",\"name\":\"CELTTV\",\"description\":\"Cooperativa El\u00e9ctrica de Tornquist\",\"publisher\":{\"@id\":\"https:\/\/www.celttv.com.ar\/#organization\"},\"potentialAction\":[{\"@type\":\"SearchAction\",\"target\":{\"@type\":\"EntryPoint\",\"urlTemplate\":\"https:\/\/www.celttv.com.ar\/?s={search_term_string}\"},\"query-input\":\"required name=search_term_string\"}],\"inLanguage\":\"es\"},{\"@type\":\"Organization\",\"@id\":\"https:\/\/www.celttv.com.ar\/#organization\",\"name\":\"CELTTV\",\"url\":\"https:\/\/www.celttv.com.ar\/\",\"sameAs\":[\"https:\/\/www.youtube.com\/channel\/UCz_oIt8Hig64Ub-EmcNPIhg\",\"https:\/\/www.facebook.com\/celtTV\/\"],\"logo\":{\"@type\":\"ImageObject\",\"inLanguage\":\"es\",\"@id\":\"https:\/\/www.celttv.com.ar\/#\/schema\/logo\/image\/\",\"url\":\"http:\/\/www.celttv.com.ar\/wp-content\/uploads\/2022\/08\/logo-1.png\",\"contentUrl\":\"http:\/\/www.celttv.com.ar\/wp-content\/uploads\/2022\/08\/logo-1.png\",\"width\":461,\"height\":159,\"caption\":\"CELTTV\"},\"image\":{\"@id\":\"https:\/\/www.celttv.com.ar\/#\/schema\/logo\/image\/\"}},{\"@type\":\"Person\",\"@id\":\"https:\/\/www.celttv.com.ar\/#\/schema\/person\/6d99c072dba59953809c81446e9d0ace\",\"name\":\"ulises\",\"image\":{\"@type\":\"ImageObject\",\"inLanguage\":\"es\",\"@id\":\"https:\/\/www.celttv.com.ar\/#\/schema\/person\/image\/\",\"url\":\"https:\/\/secure.gravatar.com\/avatar\/7f2c48bdc33b30088f941fb6082e555f2874c98e20cb159d7b92b50eadfce793?s=96&d=mm&r=g\",\"contentUrl\":\"https:\/\/secure.gravatar.com\/avatar\/7f2c48bdc33b30088f941fb6082e555f2874c98e20cb159d7b92b50eadfce793?s=96&d=mm&r=g\",\"caption\":\"ulises\"},\"sameAs\":[\"http:\/\/www.celttv.com.ar\"]}]}<\/script>\n<!-- \/ Yoast SEO plugin. -->","yoast_head_json":{"title":"Juegos Bonaerenses: Surgieron los clasificados a la etapa Regional de Beach Voley - CELTTV","description":"Sitio web de noticias de la localidad de Tornquist, provincia de Buenos Aires, Rep\u00fablica Argentina. Contenido propio originado por periodistas de CELTTV, el canal de TV local de la Cooperativa El\u00e9ctrica de Tornquist. Turismo, Pol\u00edtica, Sociedad, Deporte, Cultura y todo el contenido de inter\u00e9s general que la gente del pueblo y la regi\u00f3n debe conocer.","robots":{"index":"index","follow":"follow","max-snippet":"max-snippet:-1","max-image-preview":"max-image-preview:large","max-video-preview":"max-video-preview:-1"},"canonical":"https:\/\/www.celttv.com.ar\/index.php\/2021\/08\/11\/juegos-bonaerenses-surgieron-los-clasificados-a-la-etapa-regional-de-beach-voley\/","og_locale":"es_ES","og_type":"article","og_title":"Juegos Bonaerenses: Surgieron los clasificados a la etapa Regional de Beach Voley - CELTTV","og_description":"Sitio web de noticias de la localidad de Tornquist, provincia de Buenos Aires, Rep\u00fablica Argentina. Contenido propio originado por periodistas de CELTTV, el canal de TV local de la Cooperativa El\u00e9ctrica de Tornquist. Turismo, Pol\u00edtica, Sociedad, Deporte, Cultura y todo el contenido de inter\u00e9s general que la gente del pueblo y la regi\u00f3n debe conocer.","og_url":"https:\/\/www.celttv.com.ar\/index.php\/2021\/08\/11\/juegos-bonaerenses-surgieron-los-clasificados-a-la-etapa-regional-de-beach-voley\/","og_site_name":"CELTTV","article_publisher":"https:\/\/www.facebook.com\/celtTV\/","article_published_time":"2021-08-11T15:05:16+00:00","og_image":[{"width":1500,"height":1000,"url":"https:\/\/www.celttv.com.ar\/wp-content\/uploads\/2021\/08\/Beach-Voley-JB-8.jpg","type":"image\/jpeg"}],"author":"ulises","twitter_card":"summary_large_image","twitter_misc":{"Escrito por":"ulises","Tiempo de lectura":"1 minuto"},"schema":{"@context":"https:\/\/schema.org","@graph":[{"@type":"NewsArticle","@id":"https:\/\/www.celttv.com.ar\/index.php\/2021\/08\/11\/juegos-bonaerenses-surgieron-los-clasificados-a-la-etapa-regional-de-beach-voley\/#article","isPartOf":{"@id":"https:\/\/www.celttv.com.ar\/index.php\/2021\/08\/11\/juegos-bonaerenses-surgieron-los-clasificados-a-la-etapa-regional-de-beach-voley\/"},"author":{"name":"ulises","@id":"https:\/\/www.celttv.com.ar\/#\/schema\/person\/6d99c072dba59953809c81446e9d0ace"},"headline":"Juegos Bonaerenses: Surgieron los clasificados a la etapa Regional de Beach Voley","datePublished":"2021-08-11T15:05:16+00:00","dateModified":"2021-08-11T15:05:16+00:00","mainEntityOfPage":{"@id":"https:\/\/www.celttv.com.ar\/index.php\/2021\/08\/11\/juegos-bonaerenses-surgieron-los-clasificados-a-la-etapa-regional-de-beach-voley\/"},"wordCount":159,"publisher":{"@id":"https:\/\/www.celttv.com.ar\/#organization"},"articleSection":["Celt TV Noticias","Deporte","Deportes","Destacadas","Magazine Sport"],"inLanguage":"es"},{"@type":"WebPage","@id":"https:\/\/www.celttv.com.ar\/index.php\/2021\/08\/11\/juegos-bonaerenses-surgieron-los-clasificados-a-la-etapa-regional-de-beach-voley\/","url":"https:\/\/www.celttv.com.ar\/index.php\/2021\/08\/11\/juegos-bonaerenses-surgieron-los-clasificados-a-la-etapa-regional-de-beach-voley\/","name":"Juegos Bonaerenses: Surgieron los clasificados a la etapa Regional de Beach Voley - CELTTV","isPartOf":{"@id":"https:\/\/www.celttv.com.ar\/#website"},"datePublished":"2021-08-11T15:05:16+00:00","dateModified":"2021-08-11T15:05:16+00:00","description":"Sitio web de noticias de la localidad de Tornquist, provincia de Buenos Aires, Rep\u00fablica Argentina. Contenido propio originado por periodistas de CELTTV, el canal de TV local de la Cooperativa El\u00e9ctrica de Tornquist. Turismo, Pol\u00edtica, Sociedad, Deporte, Cultura y todo el contenido de inter\u00e9s general que la gente del pueblo y la regi\u00f3n debe conocer.","breadcrumb":{"@id":"https:\/\/www.celttv.com.ar\/index.php\/2021\/08\/11\/juegos-bonaerenses-surgieron-los-clasificados-a-la-etapa-regional-de-beach-voley\/#breadcrumb"},"inLanguage":"es","potentialAction":[{"@type":"ReadAction","target":["https:\/\/www.celttv.com.ar\/index.php\/2021\/08\/11\/juegos-bonaerenses-surgieron-los-clasificados-a-la-etapa-regional-de-beach-voley\/"]}]},{"@type":"BreadcrumbList","@id":"https:\/\/www.celttv.com.ar\/index.php\/2021\/08\/11\/juegos-bonaerenses-surgieron-los-clasificados-a-la-etapa-regional-de-beach-voley\/#breadcrumb","itemListElement":[{"@type":"ListItem","position":1,"name":"Inicio","item":"https:\/\/www.celttv.com.ar\/"},{"@type":"ListItem","position":2,"name":"Juegos Bonaerenses: Surgieron los clasificados a la etapa Regional de Beach Voley"}]},{"@type":"WebSite","@id":"https:\/\/www.celttv.com.ar\/#website","url":"https:\/\/www.celttv.com.ar\/","name":"CELTTV","description":"Cooperativa El\u00e9ctrica de Tornquist","publisher":{"@id":"https:\/\/www.celttv.com.ar\/#organization"},"potentialAction":[{"@type":"SearchAction","target":{"@type":"EntryPoint","urlTemplate":"https:\/\/www.celttv.com.ar\/?s={search_term_string}"},"query-input":"required name=search_term_string"}],"inLanguage":"es"},{"@type":"Organization","@id":"https:\/\/www.celttv.com.ar\/#organization","name":"CELTTV","url":"https:\/\/www.celttv.com.ar\/","sameAs":["https:\/\/www.youtube.com\/channel\/UCz_oIt8Hig64Ub-EmcNPIhg","https:\/\/www.facebook.com\/celtTV\/"],"logo":{"@type":"ImageObject","inLanguage":"es","@id":"https:\/\/www.celttv.com.ar\/#\/schema\/logo\/image\/","url":"http:\/\/www.celttv.com.ar\/wp-content\/uploads\/2022\/08\/logo-1.png","contentUrl":"http:\/\/www.celttv.com.ar\/wp-content\/uploads\/2022\/08\/logo-1.png","width":461,"height":159,"caption":"CELTTV"},"image":{"@id":"https:\/\/www.celttv.com.ar\/#\/schema\/logo\/image\/"}},{"@type":"Person","@id":"https:\/\/www.celttv.com.ar\/#\/schema\/person\/6d99c072dba59953809c81446e9d0ace","name":"ulises","image":{"@type":"ImageObject","inLanguage":"es","@id":"https:\/\/www.celttv.com.ar\/#\/schema\/person\/image\/","url":"https:\/\/secure.gravatar.com\/avatar\/7f2c48bdc33b30088f941fb6082e555f2874c98e20cb159d7b92b50eadfce793?s=96&d=mm&r=g","contentUrl":"https:\/\/secure.gravatar.com\/avatar\/7f2c48bdc33b30088f941fb6082e555f2874c98e20cb159d7b92b50eadfce793?s=96&d=mm&r=g","caption":"ulises"},"sameAs":["http:\/\/www.celttv.com.ar"]}]}},"_links":{"self":[{"href":"https:\/\/www.celttv.com.ar\/index.php\/wp-json\/wp\/v2\/posts\/59417","targetHints":{"allow":["GET"]}}],"collection":[{"href":"https:\/\/www.celttv.com.ar\/index.php\/wp-json\/wp\/v2\/posts"}],"about":[{"href":"https:\/\/www.celttv.com.ar\/index.php\/wp-json\/wp\/v2\/types\/post"}],"author":[{"embeddable":true,"href":"https:\/\/www.celttv.com.ar\/index.php\/wp-json\/wp\/v2\/users\/1"}],"replies":[{"embeddable":true,"href":"https:\/\/www.celttv.com.ar\/index.php\/wp-json\/wp\/v2\/comments?post=59417"}],"version-history":[{"count":0,"href":"https:\/\/www.celttv.com.ar\/index.php\/wp-json\/wp\/v2\/posts\/59417\/revisions"}],"wp:featuredmedia":[{"embeddable":true,"href":"https:\/\/www.celttv.com.ar\/index.php\/wp-json\/wp\/v2\/media\/59425"}],"wp:attachment":[{"href":"https:\/\/www.celttv.com.ar\/index.php\/wp-json\/wp\/v2\/media?parent=59417"}],"wp:term":[{"taxonomy":"category","embeddable":true,"href":"https:\/\/www.celttv.com.ar\/index.php\/wp-json\/wp\/v2\/categories?post=59417"},{"taxonomy":"post_tag","embeddable":true,"href":"https:\/\/www.celttv.com.ar\/index.php\/wp-json\/wp\/v2\/tags?post=59417"}],"curies":[{"name":"wp","href":"https:\/\/api.w.org\/{rel}","templated":true}]}}