{"id":59445,"date":"2021-08-13T22:40:15","date_gmt":"2021-08-13T22:40:15","guid":{"rendered":"http:\/\/www.celttv.com.ar\/?p=59445"},"modified":"2021-08-13T22:40:15","modified_gmt":"2021-08-13T22:40:15","slug":"el-ejecutivo-solicito-al-honorable-concejo-deliberante-que-se-expida-sobre-la-intervencion-del-arbolado-publico","status":"publish","type":"post","link":"https:\/\/www.celttv.com.ar\/index.php\/2021\/08\/13\/el-ejecutivo-solicito-al-honorable-concejo-deliberante-que-se-expida-sobre-la-intervencion-del-arbolado-publico\/","title":{"rendered":"El ejecutivo solicit\u00f3 al Honorable Concejo Deliberante que se expida sobre la intervenci\u00f3n del arbolado p\u00fablico"},"content":{"rendered":"\n<p>El Departamento Ejecutivo elev\u00f3 al Honorable Concejo Deliberante una nota solicitando que el cuerpo se expida con respecto a la intervenci\u00f3n del arbolado de algunos boulevares de la ciudad de Tornquist.&nbsp;<\/p>\n\n\n\n<p>En la misma plantea la necesidad de extraer ejemplares de pinos para poder realizar el reasfaltado de la calle sin correr el riesgo de que las ra\u00edces de estas plantas vuelvan a generar fisuras o elevaciones como ocurre actualmente, adem\u00e1s se acompa\u00f1\u00f3 la nota con un informe emitido al respecto por un ingeniero forestal, como as\u00ed tambi\u00e9n un presupuesto de los costos que generar\u00eda la obra civil a realizar para construir contenciones para las ra\u00edces de los cedros,especie implantada en los boulevares que no se extraer\u00eda,y que tambi\u00e9n est\u00e1n generando inconvenientes en la cinta asf\u00e1ltica. En el caso de los pinos no es recomendable esta t\u00e9cnica ya que la planta al ser intervenida en sus ra\u00edces quedar\u00eda debilitada y existir\u00eda el riesgo de que se incline o de su ca\u00edda con el peligro que ello implica.<\/p>\n\n\n\n<p>En la comunicaci\u00f3n tambi\u00e9n se sugiere que se convoque al Consejo de Arbolado P\u00fablico para que emita su opini\u00f3n sobre esta propuesta. Una vez resuelta esta cuesti\u00f3n y dependiendo de su resultado se avanzar\u00e1 con las acciones por parte del Municipio.<\/p>\n\n\n\n<figure class=\"wp-block-gallery columns-3 is-cropped wp-block-gallery-1 is-layout-flex wp-block-gallery-is-layout-flex\"><ul class=\"blocks-gallery-grid\"><li class=\"blocks-gallery-item\"><figure><img loading=\"lazy\" decoding=\"async\" width=\"1024\" height=\"576\" src=\"http:\/\/www.celttv.com.ar\/wp-content\/uploads\/2021\/08\/WhatsApp-Image-2021-08-13-at-13.45.51-1024x576.jpeg\" alt=\"\" data-id=\"59446\" data-full-url=\"http:\/\/www.celttv.com.ar\/wp-content\/uploads\/2021\/08\/WhatsApp-Image-2021-08-13-at-13.45.51.jpeg\" data-link=\"http:\/\/www.celttv.com.ar\/?attachment_id=59446\" class=\"wp-image-59446\" srcset=\"https:\/\/www.celttv.com.ar\/wp-content\/uploads\/2021\/08\/WhatsApp-Image-2021-08-13-at-13.45.51-1024x576.jpeg 1024w, https:\/\/www.celttv.com.ar\/wp-content\/uploads\/2021\/08\/WhatsApp-Image-2021-08-13-at-13.45.51-300x169.jpeg 300w, https:\/\/www.celttv.com.ar\/wp-content\/uploads\/2021\/08\/WhatsApp-Image-2021-08-13-at-13.45.51-768x432.jpeg 768w, https:\/\/www.celttv.com.ar\/wp-content\/uploads\/2021\/08\/WhatsApp-Image-2021-08-13-at-13.45.51-1536x864.jpeg 1536w, https:\/\/www.celttv.com.ar\/wp-content\/uploads\/2021\/08\/WhatsApp-Image-2021-08-13-at-13.45.51-750x422.jpeg 750w, https:\/\/www.celttv.com.ar\/wp-content\/uploads\/2021\/08\/WhatsApp-Image-2021-08-13-at-13.45.51-1140x641.jpeg 1140w, https:\/\/www.celttv.com.ar\/wp-content\/uploads\/2021\/08\/WhatsApp-Image-2021-08-13-at-13.45.51.jpeg 1600w\" sizes=\"auto, (max-width: 1024px) 100vw, 1024px\" \/><\/figure><\/li><li class=\"blocks-gallery-item\"><figure><img loading=\"lazy\" decoding=\"async\" width=\"1024\" height=\"576\" src=\"http:\/\/www.celttv.com.ar\/wp-content\/uploads\/2021\/08\/WhatsApp-Image-2021-08-13-at-13.45.52-1024x576.jpeg\" alt=\"\" data-id=\"59447\" data-full-url=\"http:\/\/www.celttv.com.ar\/wp-content\/uploads\/2021\/08\/WhatsApp-Image-2021-08-13-at-13.45.52.jpeg\" data-link=\"http:\/\/www.celttv.com.ar\/?attachment_id=59447\" class=\"wp-image-59447\" srcset=\"https:\/\/www.celttv.com.ar\/wp-content\/uploads\/2021\/08\/WhatsApp-Image-2021-08-13-at-13.45.52-1024x576.jpeg 1024w, https:\/\/www.celttv.com.ar\/wp-content\/uploads\/2021\/08\/WhatsApp-Image-2021-08-13-at-13.45.52-300x169.jpeg 300w, https:\/\/www.celttv.com.ar\/wp-content\/uploads\/2021\/08\/WhatsApp-Image-2021-08-13-at-13.45.52-768x432.jpeg 768w, https:\/\/www.celttv.com.ar\/wp-content\/uploads\/2021\/08\/WhatsApp-Image-2021-08-13-at-13.45.52-1536x864.jpeg 1536w, https:\/\/www.celttv.com.ar\/wp-content\/uploads\/2021\/08\/WhatsApp-Image-2021-08-13-at-13.45.52-750x422.jpeg 750w, https:\/\/www.celttv.com.ar\/wp-content\/uploads\/2021\/08\/WhatsApp-Image-2021-08-13-at-13.45.52-1140x641.jpeg 1140w, https:\/\/www.celttv.com.ar\/wp-content\/uploads\/2021\/08\/WhatsApp-Image-2021-08-13-at-13.45.52.jpeg 1600w\" sizes=\"auto, (max-width: 1024px) 100vw, 1024px\" \/><\/figure><\/li><li class=\"blocks-gallery-item\"><figure><img loading=\"lazy\" decoding=\"async\" width=\"1024\" height=\"576\" src=\"http:\/\/www.celttv.com.ar\/wp-content\/uploads\/2021\/08\/WhatsApp-Image-2021-08-13-at-13.45.53-1024x576.jpeg\" alt=\"\" data-id=\"59448\" data-full-url=\"http:\/\/www.celttv.com.ar\/wp-content\/uploads\/2021\/08\/WhatsApp-Image-2021-08-13-at-13.45.53.jpeg\" data-link=\"http:\/\/www.celttv.com.ar\/?attachment_id=59448\" class=\"wp-image-59448\" srcset=\"https:\/\/www.celttv.com.ar\/wp-content\/uploads\/2021\/08\/WhatsApp-Image-2021-08-13-at-13.45.53-1024x576.jpeg 1024w, https:\/\/www.celttv.com.ar\/wp-content\/uploads\/2021\/08\/WhatsApp-Image-2021-08-13-at-13.45.53-300x169.jpeg 300w, https:\/\/www.celttv.com.ar\/wp-content\/uploads\/2021\/08\/WhatsApp-Image-2021-08-13-at-13.45.53-768x432.jpeg 768w, https:\/\/www.celttv.com.ar\/wp-content\/uploads\/2021\/08\/WhatsApp-Image-2021-08-13-at-13.45.53-1536x864.jpeg 1536w, https:\/\/www.celttv.com.ar\/wp-content\/uploads\/2021\/08\/WhatsApp-Image-2021-08-13-at-13.45.53-750x422.jpeg 750w, https:\/\/www.celttv.com.ar\/wp-content\/uploads\/2021\/08\/WhatsApp-Image-2021-08-13-at-13.45.53-1140x641.jpeg 1140w, https:\/\/www.celttv.com.ar\/wp-content\/uploads\/2021\/08\/WhatsApp-Image-2021-08-13-at-13.45.53.jpeg 1600w\" sizes=\"auto, (max-width: 1024px) 100vw, 1024px\" \/><\/figure><\/li><li class=\"blocks-gallery-item\"><figure><img loading=\"lazy\" decoding=\"async\" width=\"1024\" height=\"576\" src=\"http:\/\/www.celttv.com.ar\/wp-content\/uploads\/2021\/08\/WhatsApp-Image-2021-08-13-at-13.59.07-1024x576.jpeg\" alt=\"\" data-id=\"59449\" data-full-url=\"http:\/\/www.celttv.com.ar\/wp-content\/uploads\/2021\/08\/WhatsApp-Image-2021-08-13-at-13.59.07.jpeg\" data-link=\"http:\/\/www.celttv.com.ar\/?attachment_id=59449\" class=\"wp-image-59449\" srcset=\"https:\/\/www.celttv.com.ar\/wp-content\/uploads\/2021\/08\/WhatsApp-Image-2021-08-13-at-13.59.07-1024x576.jpeg 1024w, https:\/\/www.celttv.com.ar\/wp-content\/uploads\/2021\/08\/WhatsApp-Image-2021-08-13-at-13.59.07-300x169.jpeg 300w, https:\/\/www.celttv.com.ar\/wp-content\/uploads\/2021\/08\/WhatsApp-Image-2021-08-13-at-13.59.07-768x432.jpeg 768w, https:\/\/www.celttv.com.ar\/wp-content\/uploads\/2021\/08\/WhatsApp-Image-2021-08-13-at-13.59.07-1536x864.jpeg 1536w, https:\/\/www.celttv.com.ar\/wp-content\/uploads\/2021\/08\/WhatsApp-Image-2021-08-13-at-13.59.07-750x422.jpeg 750w, https:\/\/www.celttv.com.ar\/wp-content\/uploads\/2021\/08\/WhatsApp-Image-2021-08-13-at-13.59.07-1140x641.jpeg 1140w, https:\/\/www.celttv.com.ar\/wp-content\/uploads\/2021\/08\/WhatsApp-Image-2021-08-13-at-13.59.07.jpeg 1600w\" sizes=\"auto, (max-width: 1024px) 100vw, 1024px\" \/><\/figure><\/li><li class=\"blocks-gallery-item\"><figure><img loading=\"lazy\" decoding=\"async\" width=\"1024\" height=\"577\" src=\"http:\/\/www.celttv.com.ar\/wp-content\/uploads\/2021\/08\/WhatsApp-Image-2021-08-13-at-13.59.08-1024x577.jpeg\" alt=\"\" data-id=\"59450\" data-full-url=\"http:\/\/www.celttv.com.ar\/wp-content\/uploads\/2021\/08\/WhatsApp-Image-2021-08-13-at-13.59.08.jpeg\" data-link=\"http:\/\/www.celttv.com.ar\/?attachment_id=59450\" class=\"wp-image-59450\" srcset=\"https:\/\/www.celttv.com.ar\/wp-content\/uploads\/2021\/08\/WhatsApp-Image-2021-08-13-at-13.59.08-1024x577.jpeg 1024w, https:\/\/www.celttv.com.ar\/wp-content\/uploads\/2021\/08\/WhatsApp-Image-2021-08-13-at-13.59.08-300x169.jpeg 300w, https:\/\/www.celttv.com.ar\/wp-content\/uploads\/2021\/08\/WhatsApp-Image-2021-08-13-at-13.59.08-768x432.jpeg 768w, https:\/\/www.celttv.com.ar\/wp-content\/uploads\/2021\/08\/WhatsApp-Image-2021-08-13-at-13.59.08-1536x865.jpeg 1536w, https:\/\/www.celttv.com.ar\/wp-content\/uploads\/2021\/08\/WhatsApp-Image-2021-08-13-at-13.59.08-750x422.jpeg 750w, https:\/\/www.celttv.com.ar\/wp-content\/uploads\/2021\/08\/WhatsApp-Image-2021-08-13-at-13.59.08-1140x642.jpeg 1140w, https:\/\/www.celttv.com.ar\/wp-content\/uploads\/2021\/08\/WhatsApp-Image-2021-08-13-at-13.59.08.jpeg 1600w\" sizes=\"auto, (max-width: 1024px) 100vw, 1024px\" \/><\/figure><\/li><\/ul><\/figure>\n","protected":false},"excerpt":{"rendered":"<p>El Departamento Ejecutivo elev\u00f3 al Honorable Concejo Deliberante una nota solicitando que el cuerpo se expida con respecto a la intervenci\u00f3n del arbolado de algunos boulevares de la ciudad de Tornquist.&nbsp; En la misma plantea la necesidad de extraer ejemplares de pinos para poder realizar el reasfaltado de la calle sin correr el riesgo de [&hellip;]<\/p>\n","protected":false},"author":1,"featured_media":59447,"comment_status":"closed","ping_status":"open","sticky":false,"template":"","format":"standard","meta":{"footnotes":""},"categories":[51,52,59],"tags":[],"class_list":["post-59445","post","type-post","status-publish","format-standard","has-post-thumbnail","hentry","category-comunidad","category-destacadas","category-municipales"],"yoast_head":"<!-- This site is optimized with the Yoast SEO plugin v19.7.1 - https:\/\/yoast.com\/wordpress\/plugins\/seo\/ -->\n<title>El ejecutivo solicit\u00f3 al Honorable Concejo Deliberante que se expida sobre la intervenci\u00f3n del arbolado p\u00fablico - CELTTV<\/title>\n<meta name=\"description\" content=\"Sitio web de noticias de la localidad de Tornquist, provincia de Buenos Aires, Rep\u00fablica Argentina. Contenido propio originado por periodistas de CELTTV, el canal de TV local de la Cooperativa El\u00e9ctrica de Tornquist. Turismo, Pol\u00edtica, Sociedad, Deporte, Cultura y todo el contenido de inter\u00e9s general que la gente del pueblo y la regi\u00f3n debe conocer.\" \/>\n<meta name=\"robots\" content=\"index, follow, max-snippet:-1, max-image-preview:large, max-video-preview:-1\" \/>\n<link rel=\"canonical\" href=\"https:\/\/www.celttv.com.ar\/index.php\/2021\/08\/13\/el-ejecutivo-solicito-al-honorable-concejo-deliberante-que-se-expida-sobre-la-intervencion-del-arbolado-publico\/\" \/>\n<meta property=\"og:locale\" content=\"es_ES\" \/>\n<meta property=\"og:type\" content=\"article\" \/>\n<meta property=\"og:title\" content=\"El ejecutivo solicit\u00f3 al Honorable Concejo Deliberante que se expida sobre la intervenci\u00f3n del arbolado p\u00fablico - CELTTV\" \/>\n<meta property=\"og:description\" content=\"Sitio web de noticias de la localidad de Tornquist, provincia de Buenos Aires, Rep\u00fablica Argentina. Contenido propio originado por periodistas de CELTTV, el canal de TV local de la Cooperativa El\u00e9ctrica de Tornquist. Turismo, Pol\u00edtica, Sociedad, Deporte, Cultura y todo el contenido de inter\u00e9s general que la gente del pueblo y la regi\u00f3n debe conocer.\" \/>\n<meta property=\"og:url\" content=\"https:\/\/www.celttv.com.ar\/index.php\/2021\/08\/13\/el-ejecutivo-solicito-al-honorable-concejo-deliberante-que-se-expida-sobre-la-intervencion-del-arbolado-publico\/\" \/>\n<meta property=\"og:site_name\" content=\"CELTTV\" \/>\n<meta property=\"article:publisher\" content=\"https:\/\/www.facebook.com\/celtTV\/\" \/>\n<meta property=\"article:published_time\" content=\"2021-08-13T22:40:15+00:00\" \/>\n<meta property=\"og:image\" content=\"https:\/\/www.celttv.com.ar\/wp-content\/uploads\/2021\/08\/WhatsApp-Image-2021-08-13-at-13.45.52.jpeg\" \/>\n\t<meta property=\"og:image:width\" content=\"1600\" \/>\n\t<meta property=\"og:image:height\" content=\"900\" \/>\n\t<meta property=\"og:image:type\" content=\"image\/jpeg\" \/>\n<meta name=\"author\" content=\"ulises\" \/>\n<meta name=\"twitter:card\" content=\"summary_large_image\" \/>\n<meta name=\"twitter:label1\" content=\"Escrito por\" \/>\n\t<meta name=\"twitter:data1\" content=\"ulises\" \/>\n\t<meta name=\"twitter:label2\" content=\"Tiempo de lectura\" \/>\n\t<meta name=\"twitter:data2\" content=\"1 minuto\" \/>\n<script type=\"application\/ld+json\" class=\"yoast-schema-graph\">{\"@context\":\"https:\/\/schema.org\",\"@graph\":[{\"@type\":\"NewsArticle\",\"@id\":\"https:\/\/www.celttv.com.ar\/index.php\/2021\/08\/13\/el-ejecutivo-solicito-al-honorable-concejo-deliberante-que-se-expida-sobre-la-intervencion-del-arbolado-publico\/#article\",\"isPartOf\":{\"@id\":\"https:\/\/www.celttv.com.ar\/index.php\/2021\/08\/13\/el-ejecutivo-solicito-al-honorable-concejo-deliberante-que-se-expida-sobre-la-intervencion-del-arbolado-publico\/\"},\"author\":{\"name\":\"ulises\",\"@id\":\"https:\/\/www.celttv.com.ar\/#\/schema\/person\/6d99c072dba59953809c81446e9d0ace\"},\"headline\":\"El ejecutivo solicit\u00f3 al Honorable Concejo Deliberante que se expida sobre la intervenci\u00f3n del arbolado p\u00fablico\",\"datePublished\":\"2021-08-13T22:40:15+00:00\",\"dateModified\":\"2021-08-13T22:40:15+00:00\",\"mainEntityOfPage\":{\"@id\":\"https:\/\/www.celttv.com.ar\/index.php\/2021\/08\/13\/el-ejecutivo-solicito-al-honorable-concejo-deliberante-que-se-expida-sobre-la-intervencion-del-arbolado-publico\/\"},\"wordCount\":249,\"publisher\":{\"@id\":\"https:\/\/www.celttv.com.ar\/#organization\"},\"articleSection\":[\"Comunidad\",\"Destacadas\",\"Municipales\"],\"inLanguage\":\"es\"},{\"@type\":\"WebPage\",\"@id\":\"https:\/\/www.celttv.com.ar\/index.php\/2021\/08\/13\/el-ejecutivo-solicito-al-honorable-concejo-deliberante-que-se-expida-sobre-la-intervencion-del-arbolado-publico\/\",\"url\":\"https:\/\/www.celttv.com.ar\/index.php\/2021\/08\/13\/el-ejecutivo-solicito-al-honorable-concejo-deliberante-que-se-expida-sobre-la-intervencion-del-arbolado-publico\/\",\"name\":\"El ejecutivo solicit\u00f3 al Honorable Concejo Deliberante que se expida sobre la intervenci\u00f3n del arbolado p\u00fablico - CELTTV\",\"isPartOf\":{\"@id\":\"https:\/\/www.celttv.com.ar\/#website\"},\"datePublished\":\"2021-08-13T22:40:15+00:00\",\"dateModified\":\"2021-08-13T22:40:15+00:00\",\"description\":\"Sitio web de noticias de la localidad de Tornquist, provincia de Buenos Aires, Rep\u00fablica Argentina. Contenido propio originado por periodistas de CELTTV, el canal de TV local de la Cooperativa El\u00e9ctrica de Tornquist. Turismo, Pol\u00edtica, Sociedad, Deporte, Cultura y todo el contenido de inter\u00e9s general que la gente del pueblo y la regi\u00f3n debe conocer.\",\"breadcrumb\":{\"@id\":\"https:\/\/www.celttv.com.ar\/index.php\/2021\/08\/13\/el-ejecutivo-solicito-al-honorable-concejo-deliberante-que-se-expida-sobre-la-intervencion-del-arbolado-publico\/#breadcrumb\"},\"inLanguage\":\"es\",\"potentialAction\":[{\"@type\":\"ReadAction\",\"target\":[\"https:\/\/www.celttv.com.ar\/index.php\/2021\/08\/13\/el-ejecutivo-solicito-al-honorable-concejo-deliberante-que-se-expida-sobre-la-intervencion-del-arbolado-publico\/\"]}]},{\"@type\":\"BreadcrumbList\",\"@id\":\"https:\/\/www.celttv.com.ar\/index.php\/2021\/08\/13\/el-ejecutivo-solicito-al-honorable-concejo-deliberante-que-se-expida-sobre-la-intervencion-del-arbolado-publico\/#breadcrumb\",\"itemListElement\":[{\"@type\":\"ListItem\",\"position\":1,\"name\":\"Inicio\",\"item\":\"https:\/\/www.celttv.com.ar\/\"},{\"@type\":\"ListItem\",\"position\":2,\"name\":\"El ejecutivo solicit\u00f3 al Honorable Concejo Deliberante que se expida sobre la intervenci\u00f3n del arbolado p\u00fablico\"}]},{\"@type\":\"WebSite\",\"@id\":\"https:\/\/www.celttv.com.ar\/#website\",\"url\":\"https:\/\/www.celttv.com.ar\/\",\"name\":\"CELTTV\",\"description\":\"Cooperativa El\u00e9ctrica de Tornquist\",\"publisher\":{\"@id\":\"https:\/\/www.celttv.com.ar\/#organization\"},\"potentialAction\":[{\"@type\":\"SearchAction\",\"target\":{\"@type\":\"EntryPoint\",\"urlTemplate\":\"https:\/\/www.celttv.com.ar\/?s={search_term_string}\"},\"query-input\":\"required name=search_term_string\"}],\"inLanguage\":\"es\"},{\"@type\":\"Organization\",\"@id\":\"https:\/\/www.celttv.com.ar\/#organization\",\"name\":\"CELTTV\",\"url\":\"https:\/\/www.celttv.com.ar\/\",\"sameAs\":[\"https:\/\/www.youtube.com\/channel\/UCz_oIt8Hig64Ub-EmcNPIhg\",\"https:\/\/www.facebook.com\/celtTV\/\"],\"logo\":{\"@type\":\"ImageObject\",\"inLanguage\":\"es\",\"@id\":\"https:\/\/www.celttv.com.ar\/#\/schema\/logo\/image\/\",\"url\":\"http:\/\/www.celttv.com.ar\/wp-content\/uploads\/2022\/08\/logo-1.png\",\"contentUrl\":\"http:\/\/www.celttv.com.ar\/wp-content\/uploads\/2022\/08\/logo-1.png\",\"width\":461,\"height\":159,\"caption\":\"CELTTV\"},\"image\":{\"@id\":\"https:\/\/www.celttv.com.ar\/#\/schema\/logo\/image\/\"}},{\"@type\":\"Person\",\"@id\":\"https:\/\/www.celttv.com.ar\/#\/schema\/person\/6d99c072dba59953809c81446e9d0ace\",\"name\":\"ulises\",\"image\":{\"@type\":\"ImageObject\",\"inLanguage\":\"es\",\"@id\":\"https:\/\/www.celttv.com.ar\/#\/schema\/person\/image\/\",\"url\":\"https:\/\/secure.gravatar.com\/avatar\/7f2c48bdc33b30088f941fb6082e555f2874c98e20cb159d7b92b50eadfce793?s=96&d=mm&r=g\",\"contentUrl\":\"https:\/\/secure.gravatar.com\/avatar\/7f2c48bdc33b30088f941fb6082e555f2874c98e20cb159d7b92b50eadfce793?s=96&d=mm&r=g\",\"caption\":\"ulises\"},\"sameAs\":[\"http:\/\/www.celttv.com.ar\"]}]}<\/script>\n<!-- \/ Yoast SEO plugin. -->","yoast_head_json":{"title":"El ejecutivo solicit\u00f3 al Honorable Concejo Deliberante que se expida sobre la intervenci\u00f3n del arbolado p\u00fablico - CELTTV","description":"Sitio web de noticias de la localidad de Tornquist, provincia de Buenos Aires, Rep\u00fablica Argentina. Contenido propio originado por periodistas de CELTTV, el canal de TV local de la Cooperativa El\u00e9ctrica de Tornquist. Turismo, Pol\u00edtica, Sociedad, Deporte, Cultura y todo el contenido de inter\u00e9s general que la gente del pueblo y la regi\u00f3n debe conocer.","robots":{"index":"index","follow":"follow","max-snippet":"max-snippet:-1","max-image-preview":"max-image-preview:large","max-video-preview":"max-video-preview:-1"},"canonical":"https:\/\/www.celttv.com.ar\/index.php\/2021\/08\/13\/el-ejecutivo-solicito-al-honorable-concejo-deliberante-que-se-expida-sobre-la-intervencion-del-arbolado-publico\/","og_locale":"es_ES","og_type":"article","og_title":"El ejecutivo solicit\u00f3 al Honorable Concejo Deliberante que se expida sobre la intervenci\u00f3n del arbolado p\u00fablico - CELTTV","og_description":"Sitio web de noticias de la localidad de Tornquist, provincia de Buenos Aires, Rep\u00fablica Argentina. Contenido propio originado por periodistas de CELTTV, el canal de TV local de la Cooperativa El\u00e9ctrica de Tornquist. Turismo, Pol\u00edtica, Sociedad, Deporte, Cultura y todo el contenido de inter\u00e9s general que la gente del pueblo y la regi\u00f3n debe conocer.","og_url":"https:\/\/www.celttv.com.ar\/index.php\/2021\/08\/13\/el-ejecutivo-solicito-al-honorable-concejo-deliberante-que-se-expida-sobre-la-intervencion-del-arbolado-publico\/","og_site_name":"CELTTV","article_publisher":"https:\/\/www.facebook.com\/celtTV\/","article_published_time":"2021-08-13T22:40:15+00:00","og_image":[{"width":1600,"height":900,"url":"https:\/\/www.celttv.com.ar\/wp-content\/uploads\/2021\/08\/WhatsApp-Image-2021-08-13-at-13.45.52.jpeg","type":"image\/jpeg"}],"author":"ulises","twitter_card":"summary_large_image","twitter_misc":{"Escrito por":"ulises","Tiempo de lectura":"1 minuto"},"schema":{"@context":"https:\/\/schema.org","@graph":[{"@type":"NewsArticle","@id":"https:\/\/www.celttv.com.ar\/index.php\/2021\/08\/13\/el-ejecutivo-solicito-al-honorable-concejo-deliberante-que-se-expida-sobre-la-intervencion-del-arbolado-publico\/#article","isPartOf":{"@id":"https:\/\/www.celttv.com.ar\/index.php\/2021\/08\/13\/el-ejecutivo-solicito-al-honorable-concejo-deliberante-que-se-expida-sobre-la-intervencion-del-arbolado-publico\/"},"author":{"name":"ulises","@id":"https:\/\/www.celttv.com.ar\/#\/schema\/person\/6d99c072dba59953809c81446e9d0ace"},"headline":"El ejecutivo solicit\u00f3 al Honorable Concejo Deliberante que se expida sobre la intervenci\u00f3n del arbolado p\u00fablico","datePublished":"2021-08-13T22:40:15+00:00","dateModified":"2021-08-13T22:40:15+00:00","mainEntityOfPage":{"@id":"https:\/\/www.celttv.com.ar\/index.php\/2021\/08\/13\/el-ejecutivo-solicito-al-honorable-concejo-deliberante-que-se-expida-sobre-la-intervencion-del-arbolado-publico\/"},"wordCount":249,"publisher":{"@id":"https:\/\/www.celttv.com.ar\/#organization"},"articleSection":["Comunidad","Destacadas","Municipales"],"inLanguage":"es"},{"@type":"WebPage","@id":"https:\/\/www.celttv.com.ar\/index.php\/2021\/08\/13\/el-ejecutivo-solicito-al-honorable-concejo-deliberante-que-se-expida-sobre-la-intervencion-del-arbolado-publico\/","url":"https:\/\/www.celttv.com.ar\/index.php\/2021\/08\/13\/el-ejecutivo-solicito-al-honorable-concejo-deliberante-que-se-expida-sobre-la-intervencion-del-arbolado-publico\/","name":"El ejecutivo solicit\u00f3 al Honorable Concejo Deliberante que se expida sobre la intervenci\u00f3n del arbolado p\u00fablico - CELTTV","isPartOf":{"@id":"https:\/\/www.celttv.com.ar\/#website"},"datePublished":"2021-08-13T22:40:15+00:00","dateModified":"2021-08-13T22:40:15+00:00","description":"Sitio web de noticias de la localidad de Tornquist, provincia de Buenos Aires, Rep\u00fablica Argentina. Contenido propio originado por periodistas de CELTTV, el canal de TV local de la Cooperativa El\u00e9ctrica de Tornquist. Turismo, Pol\u00edtica, Sociedad, Deporte, Cultura y todo el contenido de inter\u00e9s general que la gente del pueblo y la regi\u00f3n debe conocer.","breadcrumb":{"@id":"https:\/\/www.celttv.com.ar\/index.php\/2021\/08\/13\/el-ejecutivo-solicito-al-honorable-concejo-deliberante-que-se-expida-sobre-la-intervencion-del-arbolado-publico\/#breadcrumb"},"inLanguage":"es","potentialAction":[{"@type":"ReadAction","target":["https:\/\/www.celttv.com.ar\/index.php\/2021\/08\/13\/el-ejecutivo-solicito-al-honorable-concejo-deliberante-que-se-expida-sobre-la-intervencion-del-arbolado-publico\/"]}]},{"@type":"BreadcrumbList","@id":"https:\/\/www.celttv.com.ar\/index.php\/2021\/08\/13\/el-ejecutivo-solicito-al-honorable-concejo-deliberante-que-se-expida-sobre-la-intervencion-del-arbolado-publico\/#breadcrumb","itemListElement":[{"@type":"ListItem","position":1,"name":"Inicio","item":"https:\/\/www.celttv.com.ar\/"},{"@type":"ListItem","position":2,"name":"El ejecutivo solicit\u00f3 al Honorable Concejo Deliberante que se expida sobre la intervenci\u00f3n del arbolado p\u00fablico"}]},{"@type":"WebSite","@id":"https:\/\/www.celttv.com.ar\/#website","url":"https:\/\/www.celttv.com.ar\/","name":"CELTTV","description":"Cooperativa El\u00e9ctrica de Tornquist","publisher":{"@id":"https:\/\/www.celttv.com.ar\/#organization"},"potentialAction":[{"@type":"SearchAction","target":{"@type":"EntryPoint","urlTemplate":"https:\/\/www.celttv.com.ar\/?s={search_term_string}"},"query-input":"required name=search_term_string"}],"inLanguage":"es"},{"@type":"Organization","@id":"https:\/\/www.celttv.com.ar\/#organization","name":"CELTTV","url":"https:\/\/www.celttv.com.ar\/","sameAs":["https:\/\/www.youtube.com\/channel\/UCz_oIt8Hig64Ub-EmcNPIhg","https:\/\/www.facebook.com\/celtTV\/"],"logo":{"@type":"ImageObject","inLanguage":"es","@id":"https:\/\/www.celttv.com.ar\/#\/schema\/logo\/image\/","url":"http:\/\/www.celttv.com.ar\/wp-content\/uploads\/2022\/08\/logo-1.png","contentUrl":"http:\/\/www.celttv.com.ar\/wp-content\/uploads\/2022\/08\/logo-1.png","width":461,"height":159,"caption":"CELTTV"},"image":{"@id":"https:\/\/www.celttv.com.ar\/#\/schema\/logo\/image\/"}},{"@type":"Person","@id":"https:\/\/www.celttv.com.ar\/#\/schema\/person\/6d99c072dba59953809c81446e9d0ace","name":"ulises","image":{"@type":"ImageObject","inLanguage":"es","@id":"https:\/\/www.celttv.com.ar\/#\/schema\/person\/image\/","url":"https:\/\/secure.gravatar.com\/avatar\/7f2c48bdc33b30088f941fb6082e555f2874c98e20cb159d7b92b50eadfce793?s=96&d=mm&r=g","contentUrl":"https:\/\/secure.gravatar.com\/avatar\/7f2c48bdc33b30088f941fb6082e555f2874c98e20cb159d7b92b50eadfce793?s=96&d=mm&r=g","caption":"ulises"},"sameAs":["http:\/\/www.celttv.com.ar"]}]}},"_links":{"self":[{"href":"https:\/\/www.celttv.com.ar\/index.php\/wp-json\/wp\/v2\/posts\/59445","targetHints":{"allow":["GET"]}}],"collection":[{"href":"https:\/\/www.celttv.com.ar\/index.php\/wp-json\/wp\/v2\/posts"}],"about":[{"href":"https:\/\/www.celttv.com.ar\/index.php\/wp-json\/wp\/v2\/types\/post"}],"author":[{"embeddable":true,"href":"https:\/\/www.celttv.com.ar\/index.php\/wp-json\/wp\/v2\/users\/1"}],"replies":[{"embeddable":true,"href":"https:\/\/www.celttv.com.ar\/index.php\/wp-json\/wp\/v2\/comments?post=59445"}],"version-history":[{"count":0,"href":"https:\/\/www.celttv.com.ar\/index.php\/wp-json\/wp\/v2\/posts\/59445\/revisions"}],"wp:featuredmedia":[{"embeddable":true,"href":"https:\/\/www.celttv.com.ar\/index.php\/wp-json\/wp\/v2\/media\/59447"}],"wp:attachment":[{"href":"https:\/\/www.celttv.com.ar\/index.php\/wp-json\/wp\/v2\/media?parent=59445"}],"wp:term":[{"taxonomy":"category","embeddable":true,"href":"https:\/\/www.celttv.com.ar\/index.php\/wp-json\/wp\/v2\/categories?post=59445"},{"taxonomy":"post_tag","embeddable":true,"href":"https:\/\/www.celttv.com.ar\/index.php\/wp-json\/wp\/v2\/tags?post=59445"}],"curies":[{"name":"wp","href":"https:\/\/api.w.org\/{rel}","templated":true}]}}