{"id":59514,"date":"2021-08-15T17:02:30","date_gmt":"2021-08-15T17:02:30","guid":{"rendered":"http:\/\/www.celttv.com.ar\/?p=59514"},"modified":"2021-08-15T17:02:30","modified_gmt":"2021-08-15T17:02:30","slug":"produccion-en-el-distrito-22-capacitaciones-en-marcha-expansion-de-trabajo-en-la-textil-y-un-proyecto-lechero-de-250-millones-de-inversion-en-desarrollo","status":"publish","type":"post","link":"https:\/\/www.celttv.com.ar\/index.php\/2021\/08\/15\/produccion-en-el-distrito-22-capacitaciones-en-marcha-expansion-de-trabajo-en-la-textil-y-un-proyecto-lechero-de-250-millones-de-inversion-en-desarrollo\/","title":{"rendered":"Producci\u00f3n en el distrito: 22 capacitaciones en marcha, expansi\u00f3n de trabajo en la Textil y un proyecto lechero de 250 millones de inversi\u00f3n en desarrollo"},"content":{"rendered":"\n<p>Entrevistamos a Susana Dos Santos, Secretaria de Producci\u00f3n, Comercio e Industria de Tornquist Municipio, para que nos ponga al d\u00eda acerca de c\u00f3mo est\u00e1 trabajando el \u00e1rea, nos cuente qu\u00e9 cursos se est\u00e1n dictando y nos comparta los proyectos que est\u00e1n en vistas de concretarse pr\u00f3ximamente.<\/p>\n\n\n\n<p>Susana comenz\u00f3 la nota coment\u00e1ndonos un poco acerca de la cooperativa textil. Inform\u00f3 que, actualmente, hay 14 operarias trabajando en la misma haciendo horarios rotativos. Destac\u00f3 la importancia de la radio y la publicidad para conseguir empleados y hacer conocer m\u00e1s al emprendimiento y, as\u00ed, conseguir muchos m\u00e1s clientes. \u201cNecesitamos capacitar al personal para no bajar la calidad de producci\u00f3n. La idea es incorporar 3 o 4 m\u00e1s personas\u201d coment\u00f3.<\/p>\n\n\n\n<p>\u201cLos cursos est\u00e1n funcionando incre\u00edblemente\u201d se refiri\u00f3 a las 22 capacitaciones de distintos oficios y pr\u00e1cticas que se est\u00e1n dictando en todo nuestro distrito. Resalt\u00f3 la formaci\u00f3n de todos los docentes que tienen a cargo los cursos, \u201cson gente reconocida\u201d expres\u00f3. Adem\u00e1s, agreg\u00f3 que los vecinos dicen estar muy contentos con esta oportunidad de capacitarse.<\/p>\n\n\n\n<p>Susana comparti\u00f3 que se ha estado pensando en un proyecto territorial para Tornquist. \u201cSurgi\u00f3 la posibilidad de poder presentarlo a nivel regional para trabajar con m\u00e1s de 100 tambos y poder procesar m\u00e1s de 5.000 litros de leche diarios para poder hacer toda la cadena de valor (dulce de leche, manteca, etc.) con marca propia\u201d. Explic\u00f3 que es un proyecto que demanda una inversi\u00f3n de m\u00e1s de 250 millones de pesos, teniendo su instalaci\u00f3n en el distrito de Tornquist en el sector industrial. \u201cPor el avance que tiene, es un proyecto a ejecutar en un a\u00f1o\u201d.<\/p>\n\n\n\n<p>Susana tambi\u00e9n estuvo inform\u00e1ndonos acerca de un proyecto de banco de herramientas y materiales para la emergencia social. \u201cSon para peque\u00f1os proyectos, herramientas para aquellas personas que no tienen trabajo formal y quieren iniciar una actividad\u201d explic\u00f3 brevemente de qu\u00e9 se trata el proyecto. Aclar\u00f3 que el mismo se aplicar\u00eda a cualquier \u00e1mbito y actividad. \u201cLo que estamos esperando es el monto m\u00e1ximo que se puede gastar por unidad, para no generar falsas expectativas\u201d.<\/p>\n\n\n\n<p>\u201cTambi\u00e9n estamos capacitando para una futura f\u00e1brica de tapas de empanadas y tartas. Tenemos profesores de primera l\u00ednea. Es much\u00edsima la gente que se est\u00e1 acercando y que est\u00e1 tomando el curso, as\u00ed que, hay distintos segmentos pero con el incentivo nos damos cuenta de que funciona muy bien\u201d comparti\u00f3 finalmente.<\/p>\n\n\n\n<p>Fuente: Radio Reflejos<\/p>\n\n\n\n<figure class=\"wp-block-gallery columns-3 is-cropped wp-block-gallery-1 is-layout-flex wp-block-gallery-is-layout-flex\"><ul class=\"blocks-gallery-grid\"><li class=\"blocks-gallery-item\"><figure><img loading=\"lazy\" decoding=\"async\" width=\"750\" height=\"375\" src=\"http:\/\/www.celttv.com.ar\/wp-content\/uploads\/2021\/08\/Cursos-Produccion-2-750x375-1.jpeg\" alt=\"\" data-id=\"59515\" data-full-url=\"http:\/\/www.celttv.com.ar\/wp-content\/uploads\/2021\/08\/Cursos-Produccion-2-750x375-1.jpeg\" data-link=\"http:\/\/www.celttv.com.ar\/?attachment_id=59515\" class=\"wp-image-59515\" srcset=\"https:\/\/www.celttv.com.ar\/wp-content\/uploads\/2021\/08\/Cursos-Produccion-2-750x375-1.jpeg 750w, https:\/\/www.celttv.com.ar\/wp-content\/uploads\/2021\/08\/Cursos-Produccion-2-750x375-1-300x150.jpeg 300w, https:\/\/www.celttv.com.ar\/wp-content\/uploads\/2021\/08\/Cursos-Produccion-2-750x375-1-360x180.jpeg 360w\" sizes=\"auto, (max-width: 750px) 100vw, 750px\" \/><\/figure><\/li><li class=\"blocks-gallery-item\"><figure><img loading=\"lazy\" decoding=\"async\" width=\"763\" height=\"435\" src=\"http:\/\/www.celttv.com.ar\/wp-content\/uploads\/2021\/08\/produc-2.jpg\" alt=\"\" data-id=\"59516\" data-full-url=\"http:\/\/www.celttv.com.ar\/wp-content\/uploads\/2021\/08\/produc-2.jpg\" data-link=\"http:\/\/www.celttv.com.ar\/?attachment_id=59516\" class=\"wp-image-59516\" srcset=\"https:\/\/www.celttv.com.ar\/wp-content\/uploads\/2021\/08\/produc-2.jpg 763w, https:\/\/www.celttv.com.ar\/wp-content\/uploads\/2021\/08\/produc-2-300x171.jpg 300w, https:\/\/www.celttv.com.ar\/wp-content\/uploads\/2021\/08\/produc-2-750x428.jpg 750w\" sizes=\"auto, (max-width: 763px) 100vw, 763px\" \/><\/figure><\/li><li class=\"blocks-gallery-item\"><figure><img loading=\"lazy\" decoding=\"async\" width=\"628\" height=\"423\" src=\"http:\/\/www.celttv.com.ar\/wp-content\/uploads\/2021\/08\/produc-3.jpg\" alt=\"\" data-id=\"59517\" data-full-url=\"http:\/\/www.celttv.com.ar\/wp-content\/uploads\/2021\/08\/produc-3.jpg\" data-link=\"http:\/\/www.celttv.com.ar\/?attachment_id=59517\" class=\"wp-image-59517\" srcset=\"https:\/\/www.celttv.com.ar\/wp-content\/uploads\/2021\/08\/produc-3.jpg 628w, https:\/\/www.celttv.com.ar\/wp-content\/uploads\/2021\/08\/produc-3-300x202.jpg 300w\" sizes=\"auto, (max-width: 628px) 100vw, 628px\" \/><\/figure><\/li><li class=\"blocks-gallery-item\"><figure><img loading=\"lazy\" decoding=\"async\" width=\"733\" height=\"420\" src=\"http:\/\/www.celttv.com.ar\/wp-content\/uploads\/2021\/08\/proudc-2.jpg\" alt=\"\" data-id=\"59518\" data-full-url=\"http:\/\/www.celttv.com.ar\/wp-content\/uploads\/2021\/08\/proudc-2.jpg\" data-link=\"http:\/\/www.celttv.com.ar\/?attachment_id=59518\" class=\"wp-image-59518\" srcset=\"https:\/\/www.celttv.com.ar\/wp-content\/uploads\/2021\/08\/proudc-2.jpg 733w, https:\/\/www.celttv.com.ar\/wp-content\/uploads\/2021\/08\/proudc-2-300x172.jpg 300w\" sizes=\"auto, (max-width: 733px) 100vw, 733px\" \/><\/figure><\/li><\/ul><\/figure>\n","protected":false},"excerpt":{"rendered":"<p>Entrevistamos a Susana Dos Santos, Secretaria de Producci\u00f3n, Comercio e Industria de Tornquist Municipio, para que nos ponga al d\u00eda acerca de c\u00f3mo est\u00e1 trabajando el \u00e1rea, nos cuente qu\u00e9 cursos se est\u00e1n dictando y nos comparta los proyectos que est\u00e1n en vistas de concretarse pr\u00f3ximamente. Susana comenz\u00f3 la nota coment\u00e1ndonos un poco acerca de [&hellip;]<\/p>\n","protected":false},"author":1,"featured_media":59518,"comment_status":"closed","ping_status":"open","sticky":false,"template":"","format":"standard","meta":{"footnotes":""},"categories":[51,52,59],"tags":[],"class_list":["post-59514","post","type-post","status-publish","format-standard","has-post-thumbnail","hentry","category-comunidad","category-destacadas","category-municipales"],"yoast_head":"<!-- This site is optimized with the Yoast SEO plugin v19.7.1 - https:\/\/yoast.com\/wordpress\/plugins\/seo\/ -->\n<title>Producci\u00f3n en el distrito: 22 capacitaciones en marcha, expansi\u00f3n de trabajo en la Textil y un proyecto lechero de 250 millones de inversi\u00f3n en desarrollo - CELTTV<\/title>\n<meta name=\"description\" content=\"Sitio web de noticias de la localidad de Tornquist, provincia de Buenos Aires, Rep\u00fablica Argentina. Contenido propio originado por periodistas de CELTTV, el canal de TV local de la Cooperativa El\u00e9ctrica de Tornquist. Turismo, Pol\u00edtica, Sociedad, Deporte, Cultura y todo el contenido de inter\u00e9s general que la gente del pueblo y la regi\u00f3n debe conocer.\" \/>\n<meta name=\"robots\" content=\"index, follow, max-snippet:-1, max-image-preview:large, max-video-preview:-1\" \/>\n<link rel=\"canonical\" href=\"https:\/\/www.celttv.com.ar\/index.php\/2021\/08\/15\/produccion-en-el-distrito-22-capacitaciones-en-marcha-expansion-de-trabajo-en-la-textil-y-un-proyecto-lechero-de-250-millones-de-inversion-en-desarrollo\/\" \/>\n<meta property=\"og:locale\" content=\"es_ES\" \/>\n<meta property=\"og:type\" content=\"article\" \/>\n<meta property=\"og:title\" content=\"Producci\u00f3n en el distrito: 22 capacitaciones en marcha, expansi\u00f3n de trabajo en la Textil y un proyecto lechero de 250 millones de inversi\u00f3n en desarrollo - CELTTV\" \/>\n<meta property=\"og:description\" content=\"Sitio web de noticias de la localidad de Tornquist, provincia de Buenos Aires, Rep\u00fablica Argentina. Contenido propio originado por periodistas de CELTTV, el canal de TV local de la Cooperativa El\u00e9ctrica de Tornquist. Turismo, Pol\u00edtica, Sociedad, Deporte, Cultura y todo el contenido de inter\u00e9s general que la gente del pueblo y la regi\u00f3n debe conocer.\" \/>\n<meta property=\"og:url\" content=\"https:\/\/www.celttv.com.ar\/index.php\/2021\/08\/15\/produccion-en-el-distrito-22-capacitaciones-en-marcha-expansion-de-trabajo-en-la-textil-y-un-proyecto-lechero-de-250-millones-de-inversion-en-desarrollo\/\" \/>\n<meta property=\"og:site_name\" content=\"CELTTV\" \/>\n<meta property=\"article:publisher\" content=\"https:\/\/www.facebook.com\/celtTV\/\" \/>\n<meta property=\"article:published_time\" content=\"2021-08-15T17:02:30+00:00\" \/>\n<meta property=\"og:image\" content=\"https:\/\/www.celttv.com.ar\/wp-content\/uploads\/2021\/08\/proudc-2.jpg\" \/>\n\t<meta property=\"og:image:width\" content=\"733\" \/>\n\t<meta property=\"og:image:height\" content=\"420\" \/>\n\t<meta property=\"og:image:type\" content=\"image\/jpeg\" \/>\n<meta name=\"author\" content=\"ulises\" \/>\n<meta name=\"twitter:card\" content=\"summary_large_image\" \/>\n<meta name=\"twitter:label1\" content=\"Escrito por\" \/>\n\t<meta name=\"twitter:data1\" content=\"ulises\" \/>\n\t<meta name=\"twitter:label2\" content=\"Tiempo de lectura\" \/>\n\t<meta name=\"twitter:data2\" content=\"2 minutos\" \/>\n<script type=\"application\/ld+json\" class=\"yoast-schema-graph\">{\"@context\":\"https:\/\/schema.org\",\"@graph\":[{\"@type\":\"NewsArticle\",\"@id\":\"https:\/\/www.celttv.com.ar\/index.php\/2021\/08\/15\/produccion-en-el-distrito-22-capacitaciones-en-marcha-expansion-de-trabajo-en-la-textil-y-un-proyecto-lechero-de-250-millones-de-inversion-en-desarrollo\/#article\",\"isPartOf\":{\"@id\":\"https:\/\/www.celttv.com.ar\/index.php\/2021\/08\/15\/produccion-en-el-distrito-22-capacitaciones-en-marcha-expansion-de-trabajo-en-la-textil-y-un-proyecto-lechero-de-250-millones-de-inversion-en-desarrollo\/\"},\"author\":{\"name\":\"ulises\",\"@id\":\"https:\/\/www.celttv.com.ar\/#\/schema\/person\/6d99c072dba59953809c81446e9d0ace\"},\"headline\":\"Producci\u00f3n en el distrito: 22 capacitaciones en marcha, expansi\u00f3n de trabajo en la Textil y un proyecto lechero de 250 millones de inversi\u00f3n en desarrollo\",\"datePublished\":\"2021-08-15T17:02:30+00:00\",\"dateModified\":\"2021-08-15T17:02:30+00:00\",\"mainEntityOfPage\":{\"@id\":\"https:\/\/www.celttv.com.ar\/index.php\/2021\/08\/15\/produccion-en-el-distrito-22-capacitaciones-en-marcha-expansion-de-trabajo-en-la-textil-y-un-proyecto-lechero-de-250-millones-de-inversion-en-desarrollo\/\"},\"wordCount\":446,\"publisher\":{\"@id\":\"https:\/\/www.celttv.com.ar\/#organization\"},\"articleSection\":[\"Comunidad\",\"Destacadas\",\"Municipales\"],\"inLanguage\":\"es\"},{\"@type\":\"WebPage\",\"@id\":\"https:\/\/www.celttv.com.ar\/index.php\/2021\/08\/15\/produccion-en-el-distrito-22-capacitaciones-en-marcha-expansion-de-trabajo-en-la-textil-y-un-proyecto-lechero-de-250-millones-de-inversion-en-desarrollo\/\",\"url\":\"https:\/\/www.celttv.com.ar\/index.php\/2021\/08\/15\/produccion-en-el-distrito-22-capacitaciones-en-marcha-expansion-de-trabajo-en-la-textil-y-un-proyecto-lechero-de-250-millones-de-inversion-en-desarrollo\/\",\"name\":\"Producci\u00f3n en el distrito: 22 capacitaciones en marcha, expansi\u00f3n de trabajo en la Textil y un proyecto lechero de 250 millones de inversi\u00f3n en desarrollo - CELTTV\",\"isPartOf\":{\"@id\":\"https:\/\/www.celttv.com.ar\/#website\"},\"datePublished\":\"2021-08-15T17:02:30+00:00\",\"dateModified\":\"2021-08-15T17:02:30+00:00\",\"description\":\"Sitio web de noticias de la localidad de Tornquist, provincia de Buenos Aires, Rep\u00fablica Argentina. Contenido propio originado por periodistas de CELTTV, el canal de TV local de la Cooperativa El\u00e9ctrica de Tornquist. Turismo, Pol\u00edtica, Sociedad, Deporte, Cultura y todo el contenido de inter\u00e9s general que la gente del pueblo y la regi\u00f3n debe conocer.\",\"breadcrumb\":{\"@id\":\"https:\/\/www.celttv.com.ar\/index.php\/2021\/08\/15\/produccion-en-el-distrito-22-capacitaciones-en-marcha-expansion-de-trabajo-en-la-textil-y-un-proyecto-lechero-de-250-millones-de-inversion-en-desarrollo\/#breadcrumb\"},\"inLanguage\":\"es\",\"potentialAction\":[{\"@type\":\"ReadAction\",\"target\":[\"https:\/\/www.celttv.com.ar\/index.php\/2021\/08\/15\/produccion-en-el-distrito-22-capacitaciones-en-marcha-expansion-de-trabajo-en-la-textil-y-un-proyecto-lechero-de-250-millones-de-inversion-en-desarrollo\/\"]}]},{\"@type\":\"BreadcrumbList\",\"@id\":\"https:\/\/www.celttv.com.ar\/index.php\/2021\/08\/15\/produccion-en-el-distrito-22-capacitaciones-en-marcha-expansion-de-trabajo-en-la-textil-y-un-proyecto-lechero-de-250-millones-de-inversion-en-desarrollo\/#breadcrumb\",\"itemListElement\":[{\"@type\":\"ListItem\",\"position\":1,\"name\":\"Inicio\",\"item\":\"https:\/\/www.celttv.com.ar\/\"},{\"@type\":\"ListItem\",\"position\":2,\"name\":\"Producci\u00f3n en el distrito: 22 capacitaciones en marcha, expansi\u00f3n de trabajo en la Textil y un proyecto lechero de 250 millones de inversi\u00f3n en desarrollo\"}]},{\"@type\":\"WebSite\",\"@id\":\"https:\/\/www.celttv.com.ar\/#website\",\"url\":\"https:\/\/www.celttv.com.ar\/\",\"name\":\"CELTTV\",\"description\":\"Cooperativa El\u00e9ctrica de Tornquist\",\"publisher\":{\"@id\":\"https:\/\/www.celttv.com.ar\/#organization\"},\"potentialAction\":[{\"@type\":\"SearchAction\",\"target\":{\"@type\":\"EntryPoint\",\"urlTemplate\":\"https:\/\/www.celttv.com.ar\/?s={search_term_string}\"},\"query-input\":\"required name=search_term_string\"}],\"inLanguage\":\"es\"},{\"@type\":\"Organization\",\"@id\":\"https:\/\/www.celttv.com.ar\/#organization\",\"name\":\"CELTTV\",\"url\":\"https:\/\/www.celttv.com.ar\/\",\"sameAs\":[\"https:\/\/www.youtube.com\/channel\/UCz_oIt8Hig64Ub-EmcNPIhg\",\"https:\/\/www.facebook.com\/celtTV\/\"],\"logo\":{\"@type\":\"ImageObject\",\"inLanguage\":\"es\",\"@id\":\"https:\/\/www.celttv.com.ar\/#\/schema\/logo\/image\/\",\"url\":\"http:\/\/www.celttv.com.ar\/wp-content\/uploads\/2022\/08\/logo-1.png\",\"contentUrl\":\"http:\/\/www.celttv.com.ar\/wp-content\/uploads\/2022\/08\/logo-1.png\",\"width\":461,\"height\":159,\"caption\":\"CELTTV\"},\"image\":{\"@id\":\"https:\/\/www.celttv.com.ar\/#\/schema\/logo\/image\/\"}},{\"@type\":\"Person\",\"@id\":\"https:\/\/www.celttv.com.ar\/#\/schema\/person\/6d99c072dba59953809c81446e9d0ace\",\"name\":\"ulises\",\"image\":{\"@type\":\"ImageObject\",\"inLanguage\":\"es\",\"@id\":\"https:\/\/www.celttv.com.ar\/#\/schema\/person\/image\/\",\"url\":\"https:\/\/secure.gravatar.com\/avatar\/7f2c48bdc33b30088f941fb6082e555f2874c98e20cb159d7b92b50eadfce793?s=96&d=mm&r=g\",\"contentUrl\":\"https:\/\/secure.gravatar.com\/avatar\/7f2c48bdc33b30088f941fb6082e555f2874c98e20cb159d7b92b50eadfce793?s=96&d=mm&r=g\",\"caption\":\"ulises\"},\"sameAs\":[\"http:\/\/www.celttv.com.ar\"]}]}<\/script>\n<!-- \/ Yoast SEO plugin. -->","yoast_head_json":{"title":"Producci\u00f3n en el distrito: 22 capacitaciones en marcha, expansi\u00f3n de trabajo en la Textil y un proyecto lechero de 250 millones de inversi\u00f3n en desarrollo - CELTTV","description":"Sitio web de noticias de la localidad de Tornquist, provincia de Buenos Aires, Rep\u00fablica Argentina. Contenido propio originado por periodistas de CELTTV, el canal de TV local de la Cooperativa El\u00e9ctrica de Tornquist. Turismo, Pol\u00edtica, Sociedad, Deporte, Cultura y todo el contenido de inter\u00e9s general que la gente del pueblo y la regi\u00f3n debe conocer.","robots":{"index":"index","follow":"follow","max-snippet":"max-snippet:-1","max-image-preview":"max-image-preview:large","max-video-preview":"max-video-preview:-1"},"canonical":"https:\/\/www.celttv.com.ar\/index.php\/2021\/08\/15\/produccion-en-el-distrito-22-capacitaciones-en-marcha-expansion-de-trabajo-en-la-textil-y-un-proyecto-lechero-de-250-millones-de-inversion-en-desarrollo\/","og_locale":"es_ES","og_type":"article","og_title":"Producci\u00f3n en el distrito: 22 capacitaciones en marcha, expansi\u00f3n de trabajo en la Textil y un proyecto lechero de 250 millones de inversi\u00f3n en desarrollo - CELTTV","og_description":"Sitio web de noticias de la localidad de Tornquist, provincia de Buenos Aires, Rep\u00fablica Argentina. Contenido propio originado por periodistas de CELTTV, el canal de TV local de la Cooperativa El\u00e9ctrica de Tornquist. Turismo, Pol\u00edtica, Sociedad, Deporte, Cultura y todo el contenido de inter\u00e9s general que la gente del pueblo y la regi\u00f3n debe conocer.","og_url":"https:\/\/www.celttv.com.ar\/index.php\/2021\/08\/15\/produccion-en-el-distrito-22-capacitaciones-en-marcha-expansion-de-trabajo-en-la-textil-y-un-proyecto-lechero-de-250-millones-de-inversion-en-desarrollo\/","og_site_name":"CELTTV","article_publisher":"https:\/\/www.facebook.com\/celtTV\/","article_published_time":"2021-08-15T17:02:30+00:00","og_image":[{"width":733,"height":420,"url":"https:\/\/www.celttv.com.ar\/wp-content\/uploads\/2021\/08\/proudc-2.jpg","type":"image\/jpeg"}],"author":"ulises","twitter_card":"summary_large_image","twitter_misc":{"Escrito por":"ulises","Tiempo de lectura":"2 minutos"},"schema":{"@context":"https:\/\/schema.org","@graph":[{"@type":"NewsArticle","@id":"https:\/\/www.celttv.com.ar\/index.php\/2021\/08\/15\/produccion-en-el-distrito-22-capacitaciones-en-marcha-expansion-de-trabajo-en-la-textil-y-un-proyecto-lechero-de-250-millones-de-inversion-en-desarrollo\/#article","isPartOf":{"@id":"https:\/\/www.celttv.com.ar\/index.php\/2021\/08\/15\/produccion-en-el-distrito-22-capacitaciones-en-marcha-expansion-de-trabajo-en-la-textil-y-un-proyecto-lechero-de-250-millones-de-inversion-en-desarrollo\/"},"author":{"name":"ulises","@id":"https:\/\/www.celttv.com.ar\/#\/schema\/person\/6d99c072dba59953809c81446e9d0ace"},"headline":"Producci\u00f3n en el distrito: 22 capacitaciones en marcha, expansi\u00f3n de trabajo en la Textil y un proyecto lechero de 250 millones de inversi\u00f3n en desarrollo","datePublished":"2021-08-15T17:02:30+00:00","dateModified":"2021-08-15T17:02:30+00:00","mainEntityOfPage":{"@id":"https:\/\/www.celttv.com.ar\/index.php\/2021\/08\/15\/produccion-en-el-distrito-22-capacitaciones-en-marcha-expansion-de-trabajo-en-la-textil-y-un-proyecto-lechero-de-250-millones-de-inversion-en-desarrollo\/"},"wordCount":446,"publisher":{"@id":"https:\/\/www.celttv.com.ar\/#organization"},"articleSection":["Comunidad","Destacadas","Municipales"],"inLanguage":"es"},{"@type":"WebPage","@id":"https:\/\/www.celttv.com.ar\/index.php\/2021\/08\/15\/produccion-en-el-distrito-22-capacitaciones-en-marcha-expansion-de-trabajo-en-la-textil-y-un-proyecto-lechero-de-250-millones-de-inversion-en-desarrollo\/","url":"https:\/\/www.celttv.com.ar\/index.php\/2021\/08\/15\/produccion-en-el-distrito-22-capacitaciones-en-marcha-expansion-de-trabajo-en-la-textil-y-un-proyecto-lechero-de-250-millones-de-inversion-en-desarrollo\/","name":"Producci\u00f3n en el distrito: 22 capacitaciones en marcha, expansi\u00f3n de trabajo en la Textil y un proyecto lechero de 250 millones de inversi\u00f3n en desarrollo - CELTTV","isPartOf":{"@id":"https:\/\/www.celttv.com.ar\/#website"},"datePublished":"2021-08-15T17:02:30+00:00","dateModified":"2021-08-15T17:02:30+00:00","description":"Sitio web de noticias de la localidad de Tornquist, provincia de Buenos Aires, Rep\u00fablica Argentina. Contenido propio originado por periodistas de CELTTV, el canal de TV local de la Cooperativa El\u00e9ctrica de Tornquist. Turismo, Pol\u00edtica, Sociedad, Deporte, Cultura y todo el contenido de inter\u00e9s general que la gente del pueblo y la regi\u00f3n debe conocer.","breadcrumb":{"@id":"https:\/\/www.celttv.com.ar\/index.php\/2021\/08\/15\/produccion-en-el-distrito-22-capacitaciones-en-marcha-expansion-de-trabajo-en-la-textil-y-un-proyecto-lechero-de-250-millones-de-inversion-en-desarrollo\/#breadcrumb"},"inLanguage":"es","potentialAction":[{"@type":"ReadAction","target":["https:\/\/www.celttv.com.ar\/index.php\/2021\/08\/15\/produccion-en-el-distrito-22-capacitaciones-en-marcha-expansion-de-trabajo-en-la-textil-y-un-proyecto-lechero-de-250-millones-de-inversion-en-desarrollo\/"]}]},{"@type":"BreadcrumbList","@id":"https:\/\/www.celttv.com.ar\/index.php\/2021\/08\/15\/produccion-en-el-distrito-22-capacitaciones-en-marcha-expansion-de-trabajo-en-la-textil-y-un-proyecto-lechero-de-250-millones-de-inversion-en-desarrollo\/#breadcrumb","itemListElement":[{"@type":"ListItem","position":1,"name":"Inicio","item":"https:\/\/www.celttv.com.ar\/"},{"@type":"ListItem","position":2,"name":"Producci\u00f3n en el distrito: 22 capacitaciones en marcha, expansi\u00f3n de trabajo en la Textil y un proyecto lechero de 250 millones de inversi\u00f3n en desarrollo"}]},{"@type":"WebSite","@id":"https:\/\/www.celttv.com.ar\/#website","url":"https:\/\/www.celttv.com.ar\/","name":"CELTTV","description":"Cooperativa El\u00e9ctrica de Tornquist","publisher":{"@id":"https:\/\/www.celttv.com.ar\/#organization"},"potentialAction":[{"@type":"SearchAction","target":{"@type":"EntryPoint","urlTemplate":"https:\/\/www.celttv.com.ar\/?s={search_term_string}"},"query-input":"required name=search_term_string"}],"inLanguage":"es"},{"@type":"Organization","@id":"https:\/\/www.celttv.com.ar\/#organization","name":"CELTTV","url":"https:\/\/www.celttv.com.ar\/","sameAs":["https:\/\/www.youtube.com\/channel\/UCz_oIt8Hig64Ub-EmcNPIhg","https:\/\/www.facebook.com\/celtTV\/"],"logo":{"@type":"ImageObject","inLanguage":"es","@id":"https:\/\/www.celttv.com.ar\/#\/schema\/logo\/image\/","url":"http:\/\/www.celttv.com.ar\/wp-content\/uploads\/2022\/08\/logo-1.png","contentUrl":"http:\/\/www.celttv.com.ar\/wp-content\/uploads\/2022\/08\/logo-1.png","width":461,"height":159,"caption":"CELTTV"},"image":{"@id":"https:\/\/www.celttv.com.ar\/#\/schema\/logo\/image\/"}},{"@type":"Person","@id":"https:\/\/www.celttv.com.ar\/#\/schema\/person\/6d99c072dba59953809c81446e9d0ace","name":"ulises","image":{"@type":"ImageObject","inLanguage":"es","@id":"https:\/\/www.celttv.com.ar\/#\/schema\/person\/image\/","url":"https:\/\/secure.gravatar.com\/avatar\/7f2c48bdc33b30088f941fb6082e555f2874c98e20cb159d7b92b50eadfce793?s=96&d=mm&r=g","contentUrl":"https:\/\/secure.gravatar.com\/avatar\/7f2c48bdc33b30088f941fb6082e555f2874c98e20cb159d7b92b50eadfce793?s=96&d=mm&r=g","caption":"ulises"},"sameAs":["http:\/\/www.celttv.com.ar"]}]}},"_links":{"self":[{"href":"https:\/\/www.celttv.com.ar\/index.php\/wp-json\/wp\/v2\/posts\/59514","targetHints":{"allow":["GET"]}}],"collection":[{"href":"https:\/\/www.celttv.com.ar\/index.php\/wp-json\/wp\/v2\/posts"}],"about":[{"href":"https:\/\/www.celttv.com.ar\/index.php\/wp-json\/wp\/v2\/types\/post"}],"author":[{"embeddable":true,"href":"https:\/\/www.celttv.com.ar\/index.php\/wp-json\/wp\/v2\/users\/1"}],"replies":[{"embeddable":true,"href":"https:\/\/www.celttv.com.ar\/index.php\/wp-json\/wp\/v2\/comments?post=59514"}],"version-history":[{"count":0,"href":"https:\/\/www.celttv.com.ar\/index.php\/wp-json\/wp\/v2\/posts\/59514\/revisions"}],"wp:featuredmedia":[{"embeddable":true,"href":"https:\/\/www.celttv.com.ar\/index.php\/wp-json\/wp\/v2\/media\/59518"}],"wp:attachment":[{"href":"https:\/\/www.celttv.com.ar\/index.php\/wp-json\/wp\/v2\/media?parent=59514"}],"wp:term":[{"taxonomy":"category","embeddable":true,"href":"https:\/\/www.celttv.com.ar\/index.php\/wp-json\/wp\/v2\/categories?post=59514"},{"taxonomy":"post_tag","embeddable":true,"href":"https:\/\/www.celttv.com.ar\/index.php\/wp-json\/wp\/v2\/tags?post=59514"}],"curies":[{"name":"wp","href":"https:\/\/api.w.org\/{rel}","templated":true}]}}