{"id":59521,"date":"2021-08-16T19:55:39","date_gmt":"2021-08-16T19:55:39","guid":{"rendered":"http:\/\/www.celttv.com.ar\/?p=59521"},"modified":"2021-08-16T19:55:39","modified_gmt":"2021-08-16T19:55:39","slug":"se-realizo-una-jornada-de-aparte-campero-en-el-predio-de-la-asociacion-rural","status":"publish","type":"post","link":"https:\/\/www.celttv.com.ar\/index.php\/2021\/08\/16\/se-realizo-una-jornada-de-aparte-campero-en-el-predio-de-la-asociacion-rural\/","title":{"rendered":"Se realiz\u00f3 una Jornada de Aparte Campero en el predio de la Asociaci\u00f3n Rural"},"content":{"rendered":"\n<p>Formando parte de las actividades del cronograma de Exposici\u00f3n de Caballos Criolllos un grupo de criollistas de Tornquist, encargados de organizar las fechas y las actividades en \u00e9sta regi\u00f3n, realizaron este fin de semana, en el predio de la Asociaci\u00f3n Rural, una jornada de Aparte Campero.<\/p>\n\n\n\n<p>De las pruebas de APARTE CAMPERO participaron en esta oportunidad un total de 22 equipos.<\/p>\n\n\n\n<p>El s\u00e1bado result\u00f3 ganador <strong>\u201cNi un pelo de Zorro\u201d<\/strong> equipo constituido por <strong>Am\u00e9rico Parra, Sergio Urrutia y Alejandro Urrutia<\/strong>.<\/p>\n\n\n\n<p>2do)<strong> \u201cLos sin freno\u201d<\/strong> integrado por <strong>Lucas Raising, Fabricio Gomez y Gast\u00f3n Muscillo.<\/strong><\/p>\n\n\n\n<p>3ro)<strong> \u201cLa Bienvenida\u201d<\/strong> con <strong>Sergio, Maria Laura y Jos\u00e9 Etcheverry<\/strong><\/p>\n\n\n\n<p>El domingo se repiti\u00f3 el ganador de la jornada anterior<strong> \u201cNi un pelo de Zorro\u201d<\/strong> y en 2do. Lugar se ubic\u00f3 <strong>\u201cHuaico Mun\u201d<\/strong> con<strong> Mart\u00edn, Ignacio e Imanol Keller<\/strong><\/p>\n\n\n\n<p>3ro. <strong>\u201cEl Principio\u201d<\/strong> integrado por <strong>Aitor, Juan Jos\u00e9 y Juan Bautista Ercazti.<\/strong><\/p>\n\n\n\n<p>En la cetegor\u00eda Jovenes \u201cRoberto J. Dowdal&#8221;, el 1ro. Fue <strong>Aitor Ercazti<\/strong>, 2do. <strong>Francisco Buitrago<\/strong>.<\/p>\n\n\n\n<p>En Menores result\u00f3 1ro. <strong>Laura Etcheverry<\/strong>, 2da. <strong>Jana Ercazti<\/strong> y 3ro. <strong>Bautista Eizaguirre<\/strong>.<\/p>\n\n\n\n<p>En la prueba<strong> \u201cCriollos de Am\u00e9rica\u201d<\/strong> en menores 1ro.<strong> Dante Mancinelli<\/strong>, 2do.)<strong> Lucia Miras<\/strong>, 3ro) <strong>Lautaro Maccari<\/strong>.<\/p>\n\n\n\n<p>En mayores 1ro) <strong>Juan Fernando Steffen<\/strong> y 2do.) <strong>Vicente Balbino<\/strong><\/p>\n\n\n\n<figure class=\"wp-block-embed is-type-video is-provider-youtube wp-block-embed-youtube wp-embed-aspect-16-9 wp-has-aspect-ratio\"><div class=\"wp-block-embed__wrapper\">\n<iframe loading=\"lazy\" title=\"2021 08 16 APARTE CAMPERO\" width=\"500\" height=\"281\" src=\"https:\/\/www.youtube.com\/embed\/U2DmnANUOmM?feature=oembed\" frameborder=\"0\" allow=\"accelerometer; autoplay; clipboard-write; encrypted-media; gyroscope; picture-in-picture; web-share\" referrerpolicy=\"strict-origin-when-cross-origin\" allowfullscreen><\/iframe>\n<\/div><\/figure>\n\n\n\n<figure class=\"wp-block-gallery columns-3 is-cropped wp-block-gallery-1 is-layout-flex wp-block-gallery-is-layout-flex\"><ul class=\"blocks-gallery-grid\"><li class=\"blocks-gallery-item\"><figure><img loading=\"lazy\" decoding=\"async\" width=\"1024\" height=\"576\" src=\"http:\/\/www.celttv.com.ar\/wp-content\/uploads\/2021\/08\/41d9506e-8735-4bf5-bd76-7ac0419cd6ca-1024x576.jpg\" alt=\"\" data-id=\"59522\" data-full-url=\"http:\/\/www.celttv.com.ar\/wp-content\/uploads\/2021\/08\/41d9506e-8735-4bf5-bd76-7ac0419cd6ca.jpg\" data-link=\"http:\/\/www.celttv.com.ar\/?attachment_id=59522\" class=\"wp-image-59522\" srcset=\"https:\/\/www.celttv.com.ar\/wp-content\/uploads\/2021\/08\/41d9506e-8735-4bf5-bd76-7ac0419cd6ca-1024x576.jpg 1024w, https:\/\/www.celttv.com.ar\/wp-content\/uploads\/2021\/08\/41d9506e-8735-4bf5-bd76-7ac0419cd6ca-300x169.jpg 300w, https:\/\/www.celttv.com.ar\/wp-content\/uploads\/2021\/08\/41d9506e-8735-4bf5-bd76-7ac0419cd6ca-768x432.jpg 768w, https:\/\/www.celttv.com.ar\/wp-content\/uploads\/2021\/08\/41d9506e-8735-4bf5-bd76-7ac0419cd6ca-750x422.jpg 750w, https:\/\/www.celttv.com.ar\/wp-content\/uploads\/2021\/08\/41d9506e-8735-4bf5-bd76-7ac0419cd6ca-1140x641.jpg 1140w, https:\/\/www.celttv.com.ar\/wp-content\/uploads\/2021\/08\/41d9506e-8735-4bf5-bd76-7ac0419cd6ca.jpg 1280w\" sizes=\"auto, (max-width: 1024px) 100vw, 1024px\" \/><\/figure><\/li><li class=\"blocks-gallery-item\"><figure><img loading=\"lazy\" decoding=\"async\" width=\"1024\" height=\"576\" src=\"http:\/\/www.celttv.com.ar\/wp-content\/uploads\/2021\/08\/42ce2912-be0a-4d31-97d3-31ef1cdf645a-1024x576.jpg\" alt=\"\" data-id=\"59523\" data-full-url=\"http:\/\/www.celttv.com.ar\/wp-content\/uploads\/2021\/08\/42ce2912-be0a-4d31-97d3-31ef1cdf645a.jpg\" data-link=\"http:\/\/www.celttv.com.ar\/?attachment_id=59523\" class=\"wp-image-59523\" srcset=\"https:\/\/www.celttv.com.ar\/wp-content\/uploads\/2021\/08\/42ce2912-be0a-4d31-97d3-31ef1cdf645a-1024x576.jpg 1024w, https:\/\/www.celttv.com.ar\/wp-content\/uploads\/2021\/08\/42ce2912-be0a-4d31-97d3-31ef1cdf645a-300x169.jpg 300w, https:\/\/www.celttv.com.ar\/wp-content\/uploads\/2021\/08\/42ce2912-be0a-4d31-97d3-31ef1cdf645a-768x432.jpg 768w, https:\/\/www.celttv.com.ar\/wp-content\/uploads\/2021\/08\/42ce2912-be0a-4d31-97d3-31ef1cdf645a-750x422.jpg 750w, https:\/\/www.celttv.com.ar\/wp-content\/uploads\/2021\/08\/42ce2912-be0a-4d31-97d3-31ef1cdf645a-1140x641.jpg 1140w, https:\/\/www.celttv.com.ar\/wp-content\/uploads\/2021\/08\/42ce2912-be0a-4d31-97d3-31ef1cdf645a.jpg 1280w\" sizes=\"auto, (max-width: 1024px) 100vw, 1024px\" \/><\/figure><\/li><li class=\"blocks-gallery-item\"><figure><img loading=\"lazy\" decoding=\"async\" width=\"1024\" height=\"768\" src=\"http:\/\/www.celttv.com.ar\/wp-content\/uploads\/2021\/08\/52efcdec-1425-4400-98a3-633355b9a31b-1024x768.jpg\" alt=\"\" data-id=\"59524\" data-full-url=\"http:\/\/www.celttv.com.ar\/wp-content\/uploads\/2021\/08\/52efcdec-1425-4400-98a3-633355b9a31b.jpg\" data-link=\"http:\/\/www.celttv.com.ar\/?attachment_id=59524\" class=\"wp-image-59524\" srcset=\"https:\/\/www.celttv.com.ar\/wp-content\/uploads\/2021\/08\/52efcdec-1425-4400-98a3-633355b9a31b-1024x768.jpg 1024w, https:\/\/www.celttv.com.ar\/wp-content\/uploads\/2021\/08\/52efcdec-1425-4400-98a3-633355b9a31b-300x225.jpg 300w, https:\/\/www.celttv.com.ar\/wp-content\/uploads\/2021\/08\/52efcdec-1425-4400-98a3-633355b9a31b-768x576.jpg 768w, https:\/\/www.celttv.com.ar\/wp-content\/uploads\/2021\/08\/52efcdec-1425-4400-98a3-633355b9a31b-750x563.jpg 750w, https:\/\/www.celttv.com.ar\/wp-content\/uploads\/2021\/08\/52efcdec-1425-4400-98a3-633355b9a31b-1140x855.jpg 1140w, https:\/\/www.celttv.com.ar\/wp-content\/uploads\/2021\/08\/52efcdec-1425-4400-98a3-633355b9a31b.jpg 1280w\" sizes=\"auto, (max-width: 1024px) 100vw, 1024px\" \/><\/figure><\/li><li class=\"blocks-gallery-item\"><figure><img loading=\"lazy\" decoding=\"async\" width=\"1024\" height=\"576\" src=\"http:\/\/www.celttv.com.ar\/wp-content\/uploads\/2021\/08\/73fd97f8-5bad-4b8d-a885-7458430921b4-1024x576.jpg\" alt=\"\" data-id=\"59525\" data-full-url=\"http:\/\/www.celttv.com.ar\/wp-content\/uploads\/2021\/08\/73fd97f8-5bad-4b8d-a885-7458430921b4.jpg\" data-link=\"http:\/\/www.celttv.com.ar\/?attachment_id=59525\" class=\"wp-image-59525\" srcset=\"https:\/\/www.celttv.com.ar\/wp-content\/uploads\/2021\/08\/73fd97f8-5bad-4b8d-a885-7458430921b4-1024x576.jpg 1024w, https:\/\/www.celttv.com.ar\/wp-content\/uploads\/2021\/08\/73fd97f8-5bad-4b8d-a885-7458430921b4-300x169.jpg 300w, https:\/\/www.celttv.com.ar\/wp-content\/uploads\/2021\/08\/73fd97f8-5bad-4b8d-a885-7458430921b4-768x432.jpg 768w, https:\/\/www.celttv.com.ar\/wp-content\/uploads\/2021\/08\/73fd97f8-5bad-4b8d-a885-7458430921b4-750x422.jpg 750w, https:\/\/www.celttv.com.ar\/wp-content\/uploads\/2021\/08\/73fd97f8-5bad-4b8d-a885-7458430921b4-1140x641.jpg 1140w, https:\/\/www.celttv.com.ar\/wp-content\/uploads\/2021\/08\/73fd97f8-5bad-4b8d-a885-7458430921b4.jpg 1280w\" sizes=\"auto, (max-width: 1024px) 100vw, 1024px\" \/><\/figure><\/li><li class=\"blocks-gallery-item\"><figure><img loading=\"lazy\" decoding=\"async\" width=\"1024\" height=\"576\" src=\"http:\/\/www.celttv.com.ar\/wp-content\/uploads\/2021\/08\/670a18b1-d4e9-4383-8d80-0a255310e813-1024x576.jpg\" alt=\"\" data-id=\"59526\" data-full-url=\"http:\/\/www.celttv.com.ar\/wp-content\/uploads\/2021\/08\/670a18b1-d4e9-4383-8d80-0a255310e813.jpg\" data-link=\"http:\/\/www.celttv.com.ar\/?attachment_id=59526\" class=\"wp-image-59526\" srcset=\"https:\/\/www.celttv.com.ar\/wp-content\/uploads\/2021\/08\/670a18b1-d4e9-4383-8d80-0a255310e813-1024x576.jpg 1024w, https:\/\/www.celttv.com.ar\/wp-content\/uploads\/2021\/08\/670a18b1-d4e9-4383-8d80-0a255310e813-300x169.jpg 300w, https:\/\/www.celttv.com.ar\/wp-content\/uploads\/2021\/08\/670a18b1-d4e9-4383-8d80-0a255310e813-768x432.jpg 768w, https:\/\/www.celttv.com.ar\/wp-content\/uploads\/2021\/08\/670a18b1-d4e9-4383-8d80-0a255310e813-750x422.jpg 750w, https:\/\/www.celttv.com.ar\/wp-content\/uploads\/2021\/08\/670a18b1-d4e9-4383-8d80-0a255310e813-1140x641.jpg 1140w, https:\/\/www.celttv.com.ar\/wp-content\/uploads\/2021\/08\/670a18b1-d4e9-4383-8d80-0a255310e813.jpg 1280w\" sizes=\"auto, (max-width: 1024px) 100vw, 1024px\" \/><\/figure><\/li><li class=\"blocks-gallery-item\"><figure><img loading=\"lazy\" decoding=\"async\" width=\"1024\" height=\"576\" src=\"http:\/\/www.celttv.com.ar\/wp-content\/uploads\/2021\/08\/258313db-a962-4b89-a98a-5a52a61a89aa-1024x576.jpg\" alt=\"\" data-id=\"59527\" data-full-url=\"http:\/\/www.celttv.com.ar\/wp-content\/uploads\/2021\/08\/258313db-a962-4b89-a98a-5a52a61a89aa.jpg\" data-link=\"http:\/\/www.celttv.com.ar\/?attachment_id=59527\" class=\"wp-image-59527\" srcset=\"https:\/\/www.celttv.com.ar\/wp-content\/uploads\/2021\/08\/258313db-a962-4b89-a98a-5a52a61a89aa-1024x576.jpg 1024w, https:\/\/www.celttv.com.ar\/wp-content\/uploads\/2021\/08\/258313db-a962-4b89-a98a-5a52a61a89aa-300x169.jpg 300w, https:\/\/www.celttv.com.ar\/wp-content\/uploads\/2021\/08\/258313db-a962-4b89-a98a-5a52a61a89aa-768x432.jpg 768w, https:\/\/www.celttv.com.ar\/wp-content\/uploads\/2021\/08\/258313db-a962-4b89-a98a-5a52a61a89aa-750x422.jpg 750w, https:\/\/www.celttv.com.ar\/wp-content\/uploads\/2021\/08\/258313db-a962-4b89-a98a-5a52a61a89aa-1140x641.jpg 1140w, https:\/\/www.celttv.com.ar\/wp-content\/uploads\/2021\/08\/258313db-a962-4b89-a98a-5a52a61a89aa.jpg 1280w\" sizes=\"auto, (max-width: 1024px) 100vw, 1024px\" \/><\/figure><\/li><li class=\"blocks-gallery-item\"><figure><img loading=\"lazy\" decoding=\"async\" width=\"1024\" height=\"768\" src=\"http:\/\/www.celttv.com.ar\/wp-content\/uploads\/2021\/08\/1342580e-04c0-419a-899c-0136170e4f9d-1024x768.jpg\" alt=\"\" data-id=\"59528\" data-full-url=\"http:\/\/www.celttv.com.ar\/wp-content\/uploads\/2021\/08\/1342580e-04c0-419a-899c-0136170e4f9d.jpg\" data-link=\"http:\/\/www.celttv.com.ar\/?attachment_id=59528\" class=\"wp-image-59528\" srcset=\"https:\/\/www.celttv.com.ar\/wp-content\/uploads\/2021\/08\/1342580e-04c0-419a-899c-0136170e4f9d-1024x768.jpg 1024w, https:\/\/www.celttv.com.ar\/wp-content\/uploads\/2021\/08\/1342580e-04c0-419a-899c-0136170e4f9d-300x225.jpg 300w, https:\/\/www.celttv.com.ar\/wp-content\/uploads\/2021\/08\/1342580e-04c0-419a-899c-0136170e4f9d-768x576.jpg 768w, https:\/\/www.celttv.com.ar\/wp-content\/uploads\/2021\/08\/1342580e-04c0-419a-899c-0136170e4f9d-750x563.jpg 750w, https:\/\/www.celttv.com.ar\/wp-content\/uploads\/2021\/08\/1342580e-04c0-419a-899c-0136170e4f9d-1140x855.jpg 1140w, https:\/\/www.celttv.com.ar\/wp-content\/uploads\/2021\/08\/1342580e-04c0-419a-899c-0136170e4f9d.jpg 1280w\" sizes=\"auto, (max-width: 1024px) 100vw, 1024px\" \/><\/figure><\/li><li class=\"blocks-gallery-item\"><figure><img loading=\"lazy\" decoding=\"async\" width=\"1024\" height=\"576\" src=\"http:\/\/www.celttv.com.ar\/wp-content\/uploads\/2021\/08\/d9db6810-603b-4de6-909a-5a8cd42e5d12-1024x576.jpg\" alt=\"\" data-id=\"59529\" data-full-url=\"http:\/\/www.celttv.com.ar\/wp-content\/uploads\/2021\/08\/d9db6810-603b-4de6-909a-5a8cd42e5d12.jpg\" data-link=\"http:\/\/www.celttv.com.ar\/?attachment_id=59529\" class=\"wp-image-59529\" srcset=\"https:\/\/www.celttv.com.ar\/wp-content\/uploads\/2021\/08\/d9db6810-603b-4de6-909a-5a8cd42e5d12-1024x576.jpg 1024w, https:\/\/www.celttv.com.ar\/wp-content\/uploads\/2021\/08\/d9db6810-603b-4de6-909a-5a8cd42e5d12-300x169.jpg 300w, https:\/\/www.celttv.com.ar\/wp-content\/uploads\/2021\/08\/d9db6810-603b-4de6-909a-5a8cd42e5d12-768x432.jpg 768w, https:\/\/www.celttv.com.ar\/wp-content\/uploads\/2021\/08\/d9db6810-603b-4de6-909a-5a8cd42e5d12-750x422.jpg 750w, https:\/\/www.celttv.com.ar\/wp-content\/uploads\/2021\/08\/d9db6810-603b-4de6-909a-5a8cd42e5d12-1140x641.jpg 1140w, https:\/\/www.celttv.com.ar\/wp-content\/uploads\/2021\/08\/d9db6810-603b-4de6-909a-5a8cd42e5d12.jpg 1280w\" sizes=\"auto, (max-width: 1024px) 100vw, 1024px\" \/><\/figure><\/li><li class=\"blocks-gallery-item\"><figure><img loading=\"lazy\" decoding=\"async\" width=\"1024\" height=\"576\" src=\"http:\/\/www.celttv.com.ar\/wp-content\/uploads\/2021\/08\/d163ae57-3001-4309-8a6f-1667fca7d9ce-1024x576.jpg\" alt=\"\" data-id=\"59530\" data-full-url=\"http:\/\/www.celttv.com.ar\/wp-content\/uploads\/2021\/08\/d163ae57-3001-4309-8a6f-1667fca7d9ce.jpg\" data-link=\"http:\/\/www.celttv.com.ar\/?attachment_id=59530\" class=\"wp-image-59530\" srcset=\"https:\/\/www.celttv.com.ar\/wp-content\/uploads\/2021\/08\/d163ae57-3001-4309-8a6f-1667fca7d9ce-1024x576.jpg 1024w, https:\/\/www.celttv.com.ar\/wp-content\/uploads\/2021\/08\/d163ae57-3001-4309-8a6f-1667fca7d9ce-300x169.jpg 300w, https:\/\/www.celttv.com.ar\/wp-content\/uploads\/2021\/08\/d163ae57-3001-4309-8a6f-1667fca7d9ce-768x432.jpg 768w, https:\/\/www.celttv.com.ar\/wp-content\/uploads\/2021\/08\/d163ae57-3001-4309-8a6f-1667fca7d9ce-750x422.jpg 750w, https:\/\/www.celttv.com.ar\/wp-content\/uploads\/2021\/08\/d163ae57-3001-4309-8a6f-1667fca7d9ce-1140x641.jpg 1140w, https:\/\/www.celttv.com.ar\/wp-content\/uploads\/2021\/08\/d163ae57-3001-4309-8a6f-1667fca7d9ce.jpg 1280w\" sizes=\"auto, (max-width: 1024px) 100vw, 1024px\" \/><\/figure><\/li><\/ul><\/figure>\n","protected":false},"excerpt":{"rendered":"<p>Formando parte de las actividades del cronograma de Exposici\u00f3n de Caballos Criolllos un grupo de criollistas de Tornquist, encargados de organizar las fechas y las actividades en \u00e9sta regi\u00f3n, realizaron este fin de semana, en el predio de la Asociaci\u00f3n Rural, una jornada de Aparte Campero. De las pruebas de APARTE CAMPERO participaron en esta [&hellip;]<\/p>\n","protected":false},"author":1,"featured_media":59522,"comment_status":"closed","ping_status":"open","sticky":false,"template":"","format":"standard","meta":{"footnotes":""},"categories":[55,51,52],"tags":[],"class_list":["post-59521","post","type-post","status-publish","format-standard","has-post-thumbnail","hentry","category-celt-tv-noticias","category-comunidad","category-destacadas"],"yoast_head":"<!-- This site is optimized with the Yoast SEO plugin v19.7.1 - https:\/\/yoast.com\/wordpress\/plugins\/seo\/ -->\n<title>Se realiz\u00f3 una Jornada de Aparte Campero en el predio de la Asociaci\u00f3n Rural - CELTTV<\/title>\n<meta name=\"description\" content=\"Sitio web de noticias de la localidad de Tornquist, provincia de Buenos Aires, Rep\u00fablica Argentina. Contenido propio originado por periodistas de CELTTV, el canal de TV local de la Cooperativa El\u00e9ctrica de Tornquist. Turismo, Pol\u00edtica, Sociedad, Deporte, Cultura y todo el contenido de inter\u00e9s general que la gente del pueblo y la regi\u00f3n debe conocer.\" \/>\n<meta name=\"robots\" content=\"index, follow, max-snippet:-1, max-image-preview:large, max-video-preview:-1\" \/>\n<link rel=\"canonical\" href=\"https:\/\/www.celttv.com.ar\/index.php\/2021\/08\/16\/se-realizo-una-jornada-de-aparte-campero-en-el-predio-de-la-asociacion-rural\/\" \/>\n<meta property=\"og:locale\" content=\"es_ES\" \/>\n<meta property=\"og:type\" content=\"article\" \/>\n<meta property=\"og:title\" content=\"Se realiz\u00f3 una Jornada de Aparte Campero en el predio de la Asociaci\u00f3n Rural - CELTTV\" \/>\n<meta property=\"og:description\" content=\"Sitio web de noticias de la localidad de Tornquist, provincia de Buenos Aires, Rep\u00fablica Argentina. Contenido propio originado por periodistas de CELTTV, el canal de TV local de la Cooperativa El\u00e9ctrica de Tornquist. Turismo, Pol\u00edtica, Sociedad, Deporte, Cultura y todo el contenido de inter\u00e9s general que la gente del pueblo y la regi\u00f3n debe conocer.\" \/>\n<meta property=\"og:url\" content=\"https:\/\/www.celttv.com.ar\/index.php\/2021\/08\/16\/se-realizo-una-jornada-de-aparte-campero-en-el-predio-de-la-asociacion-rural\/\" \/>\n<meta property=\"og:site_name\" content=\"CELTTV\" \/>\n<meta property=\"article:publisher\" content=\"https:\/\/www.facebook.com\/celtTV\/\" \/>\n<meta property=\"article:published_time\" content=\"2021-08-16T19:55:39+00:00\" \/>\n<meta property=\"og:image\" content=\"https:\/\/www.celttv.com.ar\/wp-content\/uploads\/2021\/08\/41d9506e-8735-4bf5-bd76-7ac0419cd6ca.jpg\" \/>\n\t<meta property=\"og:image:width\" content=\"1280\" \/>\n\t<meta property=\"og:image:height\" content=\"720\" \/>\n\t<meta property=\"og:image:type\" content=\"image\/jpeg\" \/>\n<meta name=\"author\" content=\"ulises\" \/>\n<meta name=\"twitter:card\" content=\"summary_large_image\" \/>\n<meta name=\"twitter:label1\" content=\"Escrito por\" \/>\n\t<meta name=\"twitter:data1\" content=\"ulises\" \/>\n\t<meta name=\"twitter:label2\" content=\"Tiempo de lectura\" \/>\n\t<meta name=\"twitter:data2\" content=\"1 minuto\" \/>\n<script type=\"application\/ld+json\" class=\"yoast-schema-graph\">{\"@context\":\"https:\/\/schema.org\",\"@graph\":[{\"@type\":\"NewsArticle\",\"@id\":\"https:\/\/www.celttv.com.ar\/index.php\/2021\/08\/16\/se-realizo-una-jornada-de-aparte-campero-en-el-predio-de-la-asociacion-rural\/#article\",\"isPartOf\":{\"@id\":\"https:\/\/www.celttv.com.ar\/index.php\/2021\/08\/16\/se-realizo-una-jornada-de-aparte-campero-en-el-predio-de-la-asociacion-rural\/\"},\"author\":{\"name\":\"ulises\",\"@id\":\"https:\/\/www.celttv.com.ar\/#\/schema\/person\/6d99c072dba59953809c81446e9d0ace\"},\"headline\":\"Se realiz\u00f3 una Jornada de Aparte Campero en el predio de la Asociaci\u00f3n Rural\",\"datePublished\":\"2021-08-16T19:55:39+00:00\",\"dateModified\":\"2021-08-16T19:55:39+00:00\",\"mainEntityOfPage\":{\"@id\":\"https:\/\/www.celttv.com.ar\/index.php\/2021\/08\/16\/se-realizo-una-jornada-de-aparte-campero-en-el-predio-de-la-asociacion-rural\/\"},\"wordCount\":227,\"publisher\":{\"@id\":\"https:\/\/www.celttv.com.ar\/#organization\"},\"articleSection\":[\"Celt TV Noticias\",\"Comunidad\",\"Destacadas\"],\"inLanguage\":\"es\"},{\"@type\":\"WebPage\",\"@id\":\"https:\/\/www.celttv.com.ar\/index.php\/2021\/08\/16\/se-realizo-una-jornada-de-aparte-campero-en-el-predio-de-la-asociacion-rural\/\",\"url\":\"https:\/\/www.celttv.com.ar\/index.php\/2021\/08\/16\/se-realizo-una-jornada-de-aparte-campero-en-el-predio-de-la-asociacion-rural\/\",\"name\":\"Se realiz\u00f3 una Jornada de Aparte Campero en el predio de la Asociaci\u00f3n Rural - CELTTV\",\"isPartOf\":{\"@id\":\"https:\/\/www.celttv.com.ar\/#website\"},\"datePublished\":\"2021-08-16T19:55:39+00:00\",\"dateModified\":\"2021-08-16T19:55:39+00:00\",\"description\":\"Sitio web de noticias de la localidad de Tornquist, provincia de Buenos Aires, Rep\u00fablica Argentina. Contenido propio originado por periodistas de CELTTV, el canal de TV local de la Cooperativa El\u00e9ctrica de Tornquist. Turismo, Pol\u00edtica, Sociedad, Deporte, Cultura y todo el contenido de inter\u00e9s general que la gente del pueblo y la regi\u00f3n debe conocer.\",\"breadcrumb\":{\"@id\":\"https:\/\/www.celttv.com.ar\/index.php\/2021\/08\/16\/se-realizo-una-jornada-de-aparte-campero-en-el-predio-de-la-asociacion-rural\/#breadcrumb\"},\"inLanguage\":\"es\",\"potentialAction\":[{\"@type\":\"ReadAction\",\"target\":[\"https:\/\/www.celttv.com.ar\/index.php\/2021\/08\/16\/se-realizo-una-jornada-de-aparte-campero-en-el-predio-de-la-asociacion-rural\/\"]}]},{\"@type\":\"BreadcrumbList\",\"@id\":\"https:\/\/www.celttv.com.ar\/index.php\/2021\/08\/16\/se-realizo-una-jornada-de-aparte-campero-en-el-predio-de-la-asociacion-rural\/#breadcrumb\",\"itemListElement\":[{\"@type\":\"ListItem\",\"position\":1,\"name\":\"Inicio\",\"item\":\"https:\/\/www.celttv.com.ar\/\"},{\"@type\":\"ListItem\",\"position\":2,\"name\":\"Se realiz\u00f3 una Jornada de Aparte Campero en el predio de la Asociaci\u00f3n Rural\"}]},{\"@type\":\"WebSite\",\"@id\":\"https:\/\/www.celttv.com.ar\/#website\",\"url\":\"https:\/\/www.celttv.com.ar\/\",\"name\":\"CELTTV\",\"description\":\"Cooperativa El\u00e9ctrica de Tornquist\",\"publisher\":{\"@id\":\"https:\/\/www.celttv.com.ar\/#organization\"},\"potentialAction\":[{\"@type\":\"SearchAction\",\"target\":{\"@type\":\"EntryPoint\",\"urlTemplate\":\"https:\/\/www.celttv.com.ar\/?s={search_term_string}\"},\"query-input\":\"required name=search_term_string\"}],\"inLanguage\":\"es\"},{\"@type\":\"Organization\",\"@id\":\"https:\/\/www.celttv.com.ar\/#organization\",\"name\":\"CELTTV\",\"url\":\"https:\/\/www.celttv.com.ar\/\",\"sameAs\":[\"https:\/\/www.youtube.com\/channel\/UCz_oIt8Hig64Ub-EmcNPIhg\",\"https:\/\/www.facebook.com\/celtTV\/\"],\"logo\":{\"@type\":\"ImageObject\",\"inLanguage\":\"es\",\"@id\":\"https:\/\/www.celttv.com.ar\/#\/schema\/logo\/image\/\",\"url\":\"http:\/\/www.celttv.com.ar\/wp-content\/uploads\/2022\/08\/logo-1.png\",\"contentUrl\":\"http:\/\/www.celttv.com.ar\/wp-content\/uploads\/2022\/08\/logo-1.png\",\"width\":461,\"height\":159,\"caption\":\"CELTTV\"},\"image\":{\"@id\":\"https:\/\/www.celttv.com.ar\/#\/schema\/logo\/image\/\"}},{\"@type\":\"Person\",\"@id\":\"https:\/\/www.celttv.com.ar\/#\/schema\/person\/6d99c072dba59953809c81446e9d0ace\",\"name\":\"ulises\",\"image\":{\"@type\":\"ImageObject\",\"inLanguage\":\"es\",\"@id\":\"https:\/\/www.celttv.com.ar\/#\/schema\/person\/image\/\",\"url\":\"https:\/\/secure.gravatar.com\/avatar\/7f2c48bdc33b30088f941fb6082e555f2874c98e20cb159d7b92b50eadfce793?s=96&d=mm&r=g\",\"contentUrl\":\"https:\/\/secure.gravatar.com\/avatar\/7f2c48bdc33b30088f941fb6082e555f2874c98e20cb159d7b92b50eadfce793?s=96&d=mm&r=g\",\"caption\":\"ulises\"},\"sameAs\":[\"http:\/\/www.celttv.com.ar\"]}]}<\/script>\n<!-- \/ Yoast SEO plugin. -->","yoast_head_json":{"title":"Se realiz\u00f3 una Jornada de Aparte Campero en el predio de la Asociaci\u00f3n Rural - CELTTV","description":"Sitio web de noticias de la localidad de Tornquist, provincia de Buenos Aires, Rep\u00fablica Argentina. Contenido propio originado por periodistas de CELTTV, el canal de TV local de la Cooperativa El\u00e9ctrica de Tornquist. Turismo, Pol\u00edtica, Sociedad, Deporte, Cultura y todo el contenido de inter\u00e9s general que la gente del pueblo y la regi\u00f3n debe conocer.","robots":{"index":"index","follow":"follow","max-snippet":"max-snippet:-1","max-image-preview":"max-image-preview:large","max-video-preview":"max-video-preview:-1"},"canonical":"https:\/\/www.celttv.com.ar\/index.php\/2021\/08\/16\/se-realizo-una-jornada-de-aparte-campero-en-el-predio-de-la-asociacion-rural\/","og_locale":"es_ES","og_type":"article","og_title":"Se realiz\u00f3 una Jornada de Aparte Campero en el predio de la Asociaci\u00f3n Rural - CELTTV","og_description":"Sitio web de noticias de la localidad de Tornquist, provincia de Buenos Aires, Rep\u00fablica Argentina. Contenido propio originado por periodistas de CELTTV, el canal de TV local de la Cooperativa El\u00e9ctrica de Tornquist. Turismo, Pol\u00edtica, Sociedad, Deporte, Cultura y todo el contenido de inter\u00e9s general que la gente del pueblo y la regi\u00f3n debe conocer.","og_url":"https:\/\/www.celttv.com.ar\/index.php\/2021\/08\/16\/se-realizo-una-jornada-de-aparte-campero-en-el-predio-de-la-asociacion-rural\/","og_site_name":"CELTTV","article_publisher":"https:\/\/www.facebook.com\/celtTV\/","article_published_time":"2021-08-16T19:55:39+00:00","og_image":[{"width":1280,"height":720,"url":"https:\/\/www.celttv.com.ar\/wp-content\/uploads\/2021\/08\/41d9506e-8735-4bf5-bd76-7ac0419cd6ca.jpg","type":"image\/jpeg"}],"author":"ulises","twitter_card":"summary_large_image","twitter_misc":{"Escrito por":"ulises","Tiempo de lectura":"1 minuto"},"schema":{"@context":"https:\/\/schema.org","@graph":[{"@type":"NewsArticle","@id":"https:\/\/www.celttv.com.ar\/index.php\/2021\/08\/16\/se-realizo-una-jornada-de-aparte-campero-en-el-predio-de-la-asociacion-rural\/#article","isPartOf":{"@id":"https:\/\/www.celttv.com.ar\/index.php\/2021\/08\/16\/se-realizo-una-jornada-de-aparte-campero-en-el-predio-de-la-asociacion-rural\/"},"author":{"name":"ulises","@id":"https:\/\/www.celttv.com.ar\/#\/schema\/person\/6d99c072dba59953809c81446e9d0ace"},"headline":"Se realiz\u00f3 una Jornada de Aparte Campero en el predio de la Asociaci\u00f3n Rural","datePublished":"2021-08-16T19:55:39+00:00","dateModified":"2021-08-16T19:55:39+00:00","mainEntityOfPage":{"@id":"https:\/\/www.celttv.com.ar\/index.php\/2021\/08\/16\/se-realizo-una-jornada-de-aparte-campero-en-el-predio-de-la-asociacion-rural\/"},"wordCount":227,"publisher":{"@id":"https:\/\/www.celttv.com.ar\/#organization"},"articleSection":["Celt TV Noticias","Comunidad","Destacadas"],"inLanguage":"es"},{"@type":"WebPage","@id":"https:\/\/www.celttv.com.ar\/index.php\/2021\/08\/16\/se-realizo-una-jornada-de-aparte-campero-en-el-predio-de-la-asociacion-rural\/","url":"https:\/\/www.celttv.com.ar\/index.php\/2021\/08\/16\/se-realizo-una-jornada-de-aparte-campero-en-el-predio-de-la-asociacion-rural\/","name":"Se realiz\u00f3 una Jornada de Aparte Campero en el predio de la Asociaci\u00f3n Rural - CELTTV","isPartOf":{"@id":"https:\/\/www.celttv.com.ar\/#website"},"datePublished":"2021-08-16T19:55:39+00:00","dateModified":"2021-08-16T19:55:39+00:00","description":"Sitio web de noticias de la localidad de Tornquist, provincia de Buenos Aires, Rep\u00fablica Argentina. Contenido propio originado por periodistas de CELTTV, el canal de TV local de la Cooperativa El\u00e9ctrica de Tornquist. Turismo, Pol\u00edtica, Sociedad, Deporte, Cultura y todo el contenido de inter\u00e9s general que la gente del pueblo y la regi\u00f3n debe conocer.","breadcrumb":{"@id":"https:\/\/www.celttv.com.ar\/index.php\/2021\/08\/16\/se-realizo-una-jornada-de-aparte-campero-en-el-predio-de-la-asociacion-rural\/#breadcrumb"},"inLanguage":"es","potentialAction":[{"@type":"ReadAction","target":["https:\/\/www.celttv.com.ar\/index.php\/2021\/08\/16\/se-realizo-una-jornada-de-aparte-campero-en-el-predio-de-la-asociacion-rural\/"]}]},{"@type":"BreadcrumbList","@id":"https:\/\/www.celttv.com.ar\/index.php\/2021\/08\/16\/se-realizo-una-jornada-de-aparte-campero-en-el-predio-de-la-asociacion-rural\/#breadcrumb","itemListElement":[{"@type":"ListItem","position":1,"name":"Inicio","item":"https:\/\/www.celttv.com.ar\/"},{"@type":"ListItem","position":2,"name":"Se realiz\u00f3 una Jornada de Aparte Campero en el predio de la Asociaci\u00f3n Rural"}]},{"@type":"WebSite","@id":"https:\/\/www.celttv.com.ar\/#website","url":"https:\/\/www.celttv.com.ar\/","name":"CELTTV","description":"Cooperativa El\u00e9ctrica de Tornquist","publisher":{"@id":"https:\/\/www.celttv.com.ar\/#organization"},"potentialAction":[{"@type":"SearchAction","target":{"@type":"EntryPoint","urlTemplate":"https:\/\/www.celttv.com.ar\/?s={search_term_string}"},"query-input":"required name=search_term_string"}],"inLanguage":"es"},{"@type":"Organization","@id":"https:\/\/www.celttv.com.ar\/#organization","name":"CELTTV","url":"https:\/\/www.celttv.com.ar\/","sameAs":["https:\/\/www.youtube.com\/channel\/UCz_oIt8Hig64Ub-EmcNPIhg","https:\/\/www.facebook.com\/celtTV\/"],"logo":{"@type":"ImageObject","inLanguage":"es","@id":"https:\/\/www.celttv.com.ar\/#\/schema\/logo\/image\/","url":"http:\/\/www.celttv.com.ar\/wp-content\/uploads\/2022\/08\/logo-1.png","contentUrl":"http:\/\/www.celttv.com.ar\/wp-content\/uploads\/2022\/08\/logo-1.png","width":461,"height":159,"caption":"CELTTV"},"image":{"@id":"https:\/\/www.celttv.com.ar\/#\/schema\/logo\/image\/"}},{"@type":"Person","@id":"https:\/\/www.celttv.com.ar\/#\/schema\/person\/6d99c072dba59953809c81446e9d0ace","name":"ulises","image":{"@type":"ImageObject","inLanguage":"es","@id":"https:\/\/www.celttv.com.ar\/#\/schema\/person\/image\/","url":"https:\/\/secure.gravatar.com\/avatar\/7f2c48bdc33b30088f941fb6082e555f2874c98e20cb159d7b92b50eadfce793?s=96&d=mm&r=g","contentUrl":"https:\/\/secure.gravatar.com\/avatar\/7f2c48bdc33b30088f941fb6082e555f2874c98e20cb159d7b92b50eadfce793?s=96&d=mm&r=g","caption":"ulises"},"sameAs":["http:\/\/www.celttv.com.ar"]}]}},"_links":{"self":[{"href":"https:\/\/www.celttv.com.ar\/index.php\/wp-json\/wp\/v2\/posts\/59521","targetHints":{"allow":["GET"]}}],"collection":[{"href":"https:\/\/www.celttv.com.ar\/index.php\/wp-json\/wp\/v2\/posts"}],"about":[{"href":"https:\/\/www.celttv.com.ar\/index.php\/wp-json\/wp\/v2\/types\/post"}],"author":[{"embeddable":true,"href":"https:\/\/www.celttv.com.ar\/index.php\/wp-json\/wp\/v2\/users\/1"}],"replies":[{"embeddable":true,"href":"https:\/\/www.celttv.com.ar\/index.php\/wp-json\/wp\/v2\/comments?post=59521"}],"version-history":[{"count":0,"href":"https:\/\/www.celttv.com.ar\/index.php\/wp-json\/wp\/v2\/posts\/59521\/revisions"}],"wp:featuredmedia":[{"embeddable":true,"href":"https:\/\/www.celttv.com.ar\/index.php\/wp-json\/wp\/v2\/media\/59522"}],"wp:attachment":[{"href":"https:\/\/www.celttv.com.ar\/index.php\/wp-json\/wp\/v2\/media?parent=59521"}],"wp:term":[{"taxonomy":"category","embeddable":true,"href":"https:\/\/www.celttv.com.ar\/index.php\/wp-json\/wp\/v2\/categories?post=59521"},{"taxonomy":"post_tag","embeddable":true,"href":"https:\/\/www.celttv.com.ar\/index.php\/wp-json\/wp\/v2\/tags?post=59521"}],"curies":[{"name":"wp","href":"https:\/\/api.w.org\/{rel}","templated":true}]}}