{"id":5972,"date":"2012-04-09T22:38:39","date_gmt":"2012-04-09T22:38:39","guid":{"rendered":"http:\/\/www.tvcnoticias.com.ar\/?p=5972"},"modified":"2012-04-09T22:38:39","modified_gmt":"2012-04-09T22:38:39","slug":"jornada-sobre-renspa-y-monotributo-social-agropecuario","status":"publish","type":"post","link":"https:\/\/www.celttv.com.ar\/index.php\/2012\/04\/09\/jornada-sobre-renspa-y-monotributo-social-agropecuario\/","title":{"rendered":"JORNADA SOBRE RENSPA Y MONOTRIBUTO SOCIAL AGROPECUARIO"},"content":{"rendered":"<p><br \/>\nLa primera jornada de capacitaci\u00f3n de RENSPA y Monostributo Social Agropecuario, coordinado por el SENASA Centro Regional Buenos Aires Sur y la Subsecretar\u00eda de Agricultura Familiar de la Naci\u00f3n Coordinaci\u00f3n Provincia de Buenos Aires, se llev\u00f3 a cabo hoy en la sala de situaciones de la Municipalidad de Tornquist.<br \/>\n\u00a0\u00a0 La iniciativa estuvo a cargo del doctor Julio Kloverdans (SENASA), el doctor Adri\u00e1n Cutini (SENASA), la licenciada Juliana Peyrou (SsAF de la Naci\u00f3n), el referente zonal Pablo Mercapide (SsAF de la Naci\u00f3n) y el doctor Carlos D\u00edaz (responsable del SENASA de Puan).<br \/>\n\u00a0\u00a0 En el transcurso de la ma\u00f1ana se abord\u00f3 el tema de las peque\u00f1as explotaciones porcinas, requisitos para su registro en SENASA (inscripci\u00f3n RENSPA), triquinosis y pasos de la cadena de producci\u00f3n hasta llegar a la comercializaci\u00f3n.<br \/>\n\u00a0\u00a0 Cutini present\u00f3 el soporte inform\u00e1tico zonal en cuanto a la producci\u00f3n porcina registrada\u00a0 y la importancia de que los productores se encuentren comprendidos en el RENSPA, ya que permite contar con un control sanitario eficiente, obtener datos estad\u00edsticos y, a trav\u00e9s del sistema inform\u00e1tico, contar con un georeferenciamiento de los establecimientos de la Regi\u00f3n Buenos Aires Sur del SENASA.<br \/>\n\u00a0\u00a0 Tambi\u00e9n se hizo hincapi\u00e9 en el tr\u00e1mite de inscripci\u00f3n y la documentaci\u00f3n a presentar, como DNI, CUIT o CUIL, T\u00edtulo de Propiedad del establecimiento o contrato de alquiler, identificaci\u00f3n catastral y autorizaci\u00f3n municipal para el criadero, entre otros.<br \/>\n\u00a0\u00a0 La jornada result\u00f3 muy fruct\u00edfera gracias al aporte t\u00e9cnico del doctor Luciano Fontanes (Director de Bromatolog\u00eda de la comuna), doctor Juan Lazo (perteneciente al Ministerio de Asuntos Agrarios bonaerense), Ricardo Valentini (Secretario de Producci\u00f3n y Medio Ambiente tornquistense) y Miriam Nanis (Jefa de Marcas y Se\u00f1ales).<br \/>\n\u00a0\u00a0 Por la tarde, la reuni\u00f3n se bas\u00f3 en el Monotributo Social Agropecuario, para el agricultor familiar, a costo cero, derechos y obligaciones. Tambi\u00e9n se trat\u00f3 la Ley ALAS, implementada a trav\u00e9s del Ministerio de Trabajo de la Provincia de Buenos Aires, la cual exime del pago de Ingresos Brutos.<br \/>\n\u00a0\u00a0 Adem\u00e1s, se brind\u00f3 el instructivo de la declaraci\u00f3n jurada anual de Ingresos Brutos mediante el sistema inform\u00e1tico Arbanet.<br \/>\n\u00a0\u00a0 M\u00e1s de all\u00e1 de los mencionados, de la jornada participaron Daniel Natali, Secretario de Desarrollo Social y Derechos Humanos municipal; instituciones educativas (como el CEPT N\u00b0 12 y 19); Ra\u00fal Zaffora, Secretario de Producci\u00f3n de Saavedra-Pig\u00fc\u00e9; Ernesto Stangen, de la Agencia de Desarrollo de Bah\u00eda Blanca; representantes del INTA de Tres Arroyos; la concejal del FPV Patricia V\u00e1zquez; agentes de desarrollo de la zona 2 de la Ssaf de la Naci\u00f3n; representantes de SENASA de Puan, Bah\u00eda Blanca, Pig\u00fc\u00e9, Tornquist y Villarino; Cooperativa de Porcicultores de Coronel Dorrego; personal de Producci\u00f3n de Laprida, Villarino y Chaves; profesionales del \u00e1rea; e integrantes de la Organizaci\u00f3n Madre Tierra de Tres Arroyos.<br \/>\n<span style=\"text-decoration: underline;\">\u00a0<\/span><br \/>\nPrensa Municipalidad de Tornquist (<a href=\"mailto:prensa@tornquist.gov.ar\">prensa@tornquist.gov.ar<\/a>)<br \/>\nTwitter: @prensatornquist<br \/>\n<a href=\"http:\/\/www.tornquist.gov.ar\/\">www.tornquist.gov.ar<\/a><\/p>\n","protected":false},"excerpt":{"rendered":"<p>La primera jornada de capacitaci\u00f3n de RENSPA y Monostributo Social Agropecuario, coordinado por el SENASA Centro Regional Buenos Aires Sur y la Subsecretar\u00eda de Agricultura Familiar de la Naci\u00f3n Coordinaci\u00f3n Provincia de Buenos Aires, se llev\u00f3 a cabo hoy en la sala de situaciones de la Municipalidad de Tornquist. \u00a0\u00a0 La iniciativa estuvo a cargo [&hellip;]<\/p>\n","protected":false},"author":1,"featured_media":0,"comment_status":"closed","ping_status":"open","sticky":false,"template":"","format":"standard","meta":{"footnotes":""},"categories":[51,52,53],"tags":[],"class_list":["post-5972","post","type-post","status-publish","format-standard","hentry","category-comunidad","category-destacadas","category-politica"],"yoast_head":"<!-- This site is optimized with the Yoast SEO plugin v19.7.1 - https:\/\/yoast.com\/wordpress\/plugins\/seo\/ -->\n<title>JORNADA SOBRE RENSPA Y MONOTRIBUTO SOCIAL AGROPECUARIO - CELTTV<\/title>\n<meta name=\"description\" content=\"Sitio web de noticias de la localidad de Tornquist, provincia de Buenos Aires, Rep\u00fablica Argentina. Contenido propio originado por periodistas de CELTTV, el canal de TV local de la Cooperativa El\u00e9ctrica de Tornquist. Turismo, Pol\u00edtica, Sociedad, Deporte, Cultura y todo el contenido de inter\u00e9s general que la gente del pueblo y la regi\u00f3n debe conocer.\" \/>\n<meta name=\"robots\" content=\"index, follow, max-snippet:-1, max-image-preview:large, max-video-preview:-1\" \/>\n<link rel=\"canonical\" href=\"https:\/\/www.celttv.com.ar\/index.php\/2012\/04\/09\/jornada-sobre-renspa-y-monotributo-social-agropecuario\/\" \/>\n<meta property=\"og:locale\" content=\"es_ES\" \/>\n<meta property=\"og:type\" content=\"article\" \/>\n<meta property=\"og:title\" content=\"JORNADA SOBRE RENSPA Y MONOTRIBUTO SOCIAL AGROPECUARIO - CELTTV\" \/>\n<meta property=\"og:description\" content=\"Sitio web de noticias de la localidad de Tornquist, provincia de Buenos Aires, Rep\u00fablica Argentina. Contenido propio originado por periodistas de CELTTV, el canal de TV local de la Cooperativa El\u00e9ctrica de Tornquist. Turismo, Pol\u00edtica, Sociedad, Deporte, Cultura y todo el contenido de inter\u00e9s general que la gente del pueblo y la regi\u00f3n debe conocer.\" \/>\n<meta property=\"og:url\" content=\"https:\/\/www.celttv.com.ar\/index.php\/2012\/04\/09\/jornada-sobre-renspa-y-monotributo-social-agropecuario\/\" \/>\n<meta property=\"og:site_name\" content=\"CELTTV\" \/>\n<meta property=\"article:publisher\" content=\"https:\/\/www.facebook.com\/celtTV\/\" \/>\n<meta property=\"article:published_time\" content=\"2012-04-09T22:38:39+00:00\" \/>\n<meta name=\"author\" content=\"ulises\" \/>\n<meta name=\"twitter:card\" content=\"summary_large_image\" \/>\n<meta name=\"twitter:label1\" content=\"Escrito por\" \/>\n\t<meta name=\"twitter:data1\" content=\"ulises\" \/>\n\t<meta name=\"twitter:label2\" content=\"Tiempo de lectura\" \/>\n\t<meta name=\"twitter:data2\" content=\"3 minutos\" \/>\n<script type=\"application\/ld+json\" class=\"yoast-schema-graph\">{\"@context\":\"https:\/\/schema.org\",\"@graph\":[{\"@type\":\"NewsArticle\",\"@id\":\"https:\/\/www.celttv.com.ar\/index.php\/2012\/04\/09\/jornada-sobre-renspa-y-monotributo-social-agropecuario\/#article\",\"isPartOf\":{\"@id\":\"https:\/\/www.celttv.com.ar\/index.php\/2012\/04\/09\/jornada-sobre-renspa-y-monotributo-social-agropecuario\/\"},\"author\":{\"name\":\"ulises\",\"@id\":\"https:\/\/www.celttv.com.ar\/#\/schema\/person\/6d99c072dba59953809c81446e9d0ace\"},\"headline\":\"JORNADA SOBRE RENSPA Y MONOTRIBUTO SOCIAL AGROPECUARIO\",\"datePublished\":\"2012-04-09T22:38:39+00:00\",\"dateModified\":\"2012-04-09T22:38:39+00:00\",\"mainEntityOfPage\":{\"@id\":\"https:\/\/www.celttv.com.ar\/index.php\/2012\/04\/09\/jornada-sobre-renspa-y-monotributo-social-agropecuario\/\"},\"wordCount\":514,\"publisher\":{\"@id\":\"https:\/\/www.celttv.com.ar\/#organization\"},\"articleSection\":[\"Comunidad\",\"Destacadas\",\"Pol\u00edtica\"],\"inLanguage\":\"es\"},{\"@type\":\"WebPage\",\"@id\":\"https:\/\/www.celttv.com.ar\/index.php\/2012\/04\/09\/jornada-sobre-renspa-y-monotributo-social-agropecuario\/\",\"url\":\"https:\/\/www.celttv.com.ar\/index.php\/2012\/04\/09\/jornada-sobre-renspa-y-monotributo-social-agropecuario\/\",\"name\":\"JORNADA SOBRE RENSPA Y MONOTRIBUTO SOCIAL AGROPECUARIO - CELTTV\",\"isPartOf\":{\"@id\":\"https:\/\/www.celttv.com.ar\/#website\"},\"datePublished\":\"2012-04-09T22:38:39+00:00\",\"dateModified\":\"2012-04-09T22:38:39+00:00\",\"description\":\"Sitio web de noticias de la localidad de Tornquist, provincia de Buenos Aires, Rep\u00fablica Argentina. Contenido propio originado por periodistas de CELTTV, el canal de TV local de la Cooperativa El\u00e9ctrica de Tornquist. Turismo, Pol\u00edtica, Sociedad, Deporte, Cultura y todo el contenido de inter\u00e9s general que la gente del pueblo y la regi\u00f3n debe conocer.\",\"breadcrumb\":{\"@id\":\"https:\/\/www.celttv.com.ar\/index.php\/2012\/04\/09\/jornada-sobre-renspa-y-monotributo-social-agropecuario\/#breadcrumb\"},\"inLanguage\":\"es\",\"potentialAction\":[{\"@type\":\"ReadAction\",\"target\":[\"https:\/\/www.celttv.com.ar\/index.php\/2012\/04\/09\/jornada-sobre-renspa-y-monotributo-social-agropecuario\/\"]}]},{\"@type\":\"BreadcrumbList\",\"@id\":\"https:\/\/www.celttv.com.ar\/index.php\/2012\/04\/09\/jornada-sobre-renspa-y-monotributo-social-agropecuario\/#breadcrumb\",\"itemListElement\":[{\"@type\":\"ListItem\",\"position\":1,\"name\":\"Inicio\",\"item\":\"https:\/\/www.celttv.com.ar\/\"},{\"@type\":\"ListItem\",\"position\":2,\"name\":\"JORNADA SOBRE RENSPA Y MONOTRIBUTO SOCIAL AGROPECUARIO\"}]},{\"@type\":\"WebSite\",\"@id\":\"https:\/\/www.celttv.com.ar\/#website\",\"url\":\"https:\/\/www.celttv.com.ar\/\",\"name\":\"CELTTV\",\"description\":\"Cooperativa El\u00e9ctrica de Tornquist\",\"publisher\":{\"@id\":\"https:\/\/www.celttv.com.ar\/#organization\"},\"potentialAction\":[{\"@type\":\"SearchAction\",\"target\":{\"@type\":\"EntryPoint\",\"urlTemplate\":\"https:\/\/www.celttv.com.ar\/?s={search_term_string}\"},\"query-input\":\"required name=search_term_string\"}],\"inLanguage\":\"es\"},{\"@type\":\"Organization\",\"@id\":\"https:\/\/www.celttv.com.ar\/#organization\",\"name\":\"CELTTV\",\"url\":\"https:\/\/www.celttv.com.ar\/\",\"sameAs\":[\"https:\/\/www.youtube.com\/channel\/UCz_oIt8Hig64Ub-EmcNPIhg\",\"https:\/\/www.facebook.com\/celtTV\/\"],\"logo\":{\"@type\":\"ImageObject\",\"inLanguage\":\"es\",\"@id\":\"https:\/\/www.celttv.com.ar\/#\/schema\/logo\/image\/\",\"url\":\"http:\/\/www.celttv.com.ar\/wp-content\/uploads\/2022\/08\/logo-1.png\",\"contentUrl\":\"http:\/\/www.celttv.com.ar\/wp-content\/uploads\/2022\/08\/logo-1.png\",\"width\":461,\"height\":159,\"caption\":\"CELTTV\"},\"image\":{\"@id\":\"https:\/\/www.celttv.com.ar\/#\/schema\/logo\/image\/\"}},{\"@type\":\"Person\",\"@id\":\"https:\/\/www.celttv.com.ar\/#\/schema\/person\/6d99c072dba59953809c81446e9d0ace\",\"name\":\"ulises\",\"image\":{\"@type\":\"ImageObject\",\"inLanguage\":\"es\",\"@id\":\"https:\/\/www.celttv.com.ar\/#\/schema\/person\/image\/\",\"url\":\"https:\/\/secure.gravatar.com\/avatar\/7f2c48bdc33b30088f941fb6082e555f2874c98e20cb159d7b92b50eadfce793?s=96&d=mm&r=g\",\"contentUrl\":\"https:\/\/secure.gravatar.com\/avatar\/7f2c48bdc33b30088f941fb6082e555f2874c98e20cb159d7b92b50eadfce793?s=96&d=mm&r=g\",\"caption\":\"ulises\"},\"sameAs\":[\"http:\/\/www.celttv.com.ar\"]}]}<\/script>\n<!-- \/ Yoast SEO plugin. -->","yoast_head_json":{"title":"JORNADA SOBRE RENSPA Y MONOTRIBUTO SOCIAL AGROPECUARIO - CELTTV","description":"Sitio web de noticias de la localidad de Tornquist, provincia de Buenos Aires, Rep\u00fablica Argentina. Contenido propio originado por periodistas de CELTTV, el canal de TV local de la Cooperativa El\u00e9ctrica de Tornquist. Turismo, Pol\u00edtica, Sociedad, Deporte, Cultura y todo el contenido de inter\u00e9s general que la gente del pueblo y la regi\u00f3n debe conocer.","robots":{"index":"index","follow":"follow","max-snippet":"max-snippet:-1","max-image-preview":"max-image-preview:large","max-video-preview":"max-video-preview:-1"},"canonical":"https:\/\/www.celttv.com.ar\/index.php\/2012\/04\/09\/jornada-sobre-renspa-y-monotributo-social-agropecuario\/","og_locale":"es_ES","og_type":"article","og_title":"JORNADA SOBRE RENSPA Y MONOTRIBUTO SOCIAL AGROPECUARIO - CELTTV","og_description":"Sitio web de noticias de la localidad de Tornquist, provincia de Buenos Aires, Rep\u00fablica Argentina. Contenido propio originado por periodistas de CELTTV, el canal de TV local de la Cooperativa El\u00e9ctrica de Tornquist. Turismo, Pol\u00edtica, Sociedad, Deporte, Cultura y todo el contenido de inter\u00e9s general que la gente del pueblo y la regi\u00f3n debe conocer.","og_url":"https:\/\/www.celttv.com.ar\/index.php\/2012\/04\/09\/jornada-sobre-renspa-y-monotributo-social-agropecuario\/","og_site_name":"CELTTV","article_publisher":"https:\/\/www.facebook.com\/celtTV\/","article_published_time":"2012-04-09T22:38:39+00:00","author":"ulises","twitter_card":"summary_large_image","twitter_misc":{"Escrito por":"ulises","Tiempo de lectura":"3 minutos"},"schema":{"@context":"https:\/\/schema.org","@graph":[{"@type":"NewsArticle","@id":"https:\/\/www.celttv.com.ar\/index.php\/2012\/04\/09\/jornada-sobre-renspa-y-monotributo-social-agropecuario\/#article","isPartOf":{"@id":"https:\/\/www.celttv.com.ar\/index.php\/2012\/04\/09\/jornada-sobre-renspa-y-monotributo-social-agropecuario\/"},"author":{"name":"ulises","@id":"https:\/\/www.celttv.com.ar\/#\/schema\/person\/6d99c072dba59953809c81446e9d0ace"},"headline":"JORNADA SOBRE RENSPA Y MONOTRIBUTO SOCIAL AGROPECUARIO","datePublished":"2012-04-09T22:38:39+00:00","dateModified":"2012-04-09T22:38:39+00:00","mainEntityOfPage":{"@id":"https:\/\/www.celttv.com.ar\/index.php\/2012\/04\/09\/jornada-sobre-renspa-y-monotributo-social-agropecuario\/"},"wordCount":514,"publisher":{"@id":"https:\/\/www.celttv.com.ar\/#organization"},"articleSection":["Comunidad","Destacadas","Pol\u00edtica"],"inLanguage":"es"},{"@type":"WebPage","@id":"https:\/\/www.celttv.com.ar\/index.php\/2012\/04\/09\/jornada-sobre-renspa-y-monotributo-social-agropecuario\/","url":"https:\/\/www.celttv.com.ar\/index.php\/2012\/04\/09\/jornada-sobre-renspa-y-monotributo-social-agropecuario\/","name":"JORNADA SOBRE RENSPA Y MONOTRIBUTO SOCIAL AGROPECUARIO - CELTTV","isPartOf":{"@id":"https:\/\/www.celttv.com.ar\/#website"},"datePublished":"2012-04-09T22:38:39+00:00","dateModified":"2012-04-09T22:38:39+00:00","description":"Sitio web de noticias de la localidad de Tornquist, provincia de Buenos Aires, Rep\u00fablica Argentina. Contenido propio originado por periodistas de CELTTV, el canal de TV local de la Cooperativa El\u00e9ctrica de Tornquist. Turismo, Pol\u00edtica, Sociedad, Deporte, Cultura y todo el contenido de inter\u00e9s general que la gente del pueblo y la regi\u00f3n debe conocer.","breadcrumb":{"@id":"https:\/\/www.celttv.com.ar\/index.php\/2012\/04\/09\/jornada-sobre-renspa-y-monotributo-social-agropecuario\/#breadcrumb"},"inLanguage":"es","potentialAction":[{"@type":"ReadAction","target":["https:\/\/www.celttv.com.ar\/index.php\/2012\/04\/09\/jornada-sobre-renspa-y-monotributo-social-agropecuario\/"]}]},{"@type":"BreadcrumbList","@id":"https:\/\/www.celttv.com.ar\/index.php\/2012\/04\/09\/jornada-sobre-renspa-y-monotributo-social-agropecuario\/#breadcrumb","itemListElement":[{"@type":"ListItem","position":1,"name":"Inicio","item":"https:\/\/www.celttv.com.ar\/"},{"@type":"ListItem","position":2,"name":"JORNADA SOBRE RENSPA Y MONOTRIBUTO SOCIAL AGROPECUARIO"}]},{"@type":"WebSite","@id":"https:\/\/www.celttv.com.ar\/#website","url":"https:\/\/www.celttv.com.ar\/","name":"CELTTV","description":"Cooperativa El\u00e9ctrica de Tornquist","publisher":{"@id":"https:\/\/www.celttv.com.ar\/#organization"},"potentialAction":[{"@type":"SearchAction","target":{"@type":"EntryPoint","urlTemplate":"https:\/\/www.celttv.com.ar\/?s={search_term_string}"},"query-input":"required name=search_term_string"}],"inLanguage":"es"},{"@type":"Organization","@id":"https:\/\/www.celttv.com.ar\/#organization","name":"CELTTV","url":"https:\/\/www.celttv.com.ar\/","sameAs":["https:\/\/www.youtube.com\/channel\/UCz_oIt8Hig64Ub-EmcNPIhg","https:\/\/www.facebook.com\/celtTV\/"],"logo":{"@type":"ImageObject","inLanguage":"es","@id":"https:\/\/www.celttv.com.ar\/#\/schema\/logo\/image\/","url":"http:\/\/www.celttv.com.ar\/wp-content\/uploads\/2022\/08\/logo-1.png","contentUrl":"http:\/\/www.celttv.com.ar\/wp-content\/uploads\/2022\/08\/logo-1.png","width":461,"height":159,"caption":"CELTTV"},"image":{"@id":"https:\/\/www.celttv.com.ar\/#\/schema\/logo\/image\/"}},{"@type":"Person","@id":"https:\/\/www.celttv.com.ar\/#\/schema\/person\/6d99c072dba59953809c81446e9d0ace","name":"ulises","image":{"@type":"ImageObject","inLanguage":"es","@id":"https:\/\/www.celttv.com.ar\/#\/schema\/person\/image\/","url":"https:\/\/secure.gravatar.com\/avatar\/7f2c48bdc33b30088f941fb6082e555f2874c98e20cb159d7b92b50eadfce793?s=96&d=mm&r=g","contentUrl":"https:\/\/secure.gravatar.com\/avatar\/7f2c48bdc33b30088f941fb6082e555f2874c98e20cb159d7b92b50eadfce793?s=96&d=mm&r=g","caption":"ulises"},"sameAs":["http:\/\/www.celttv.com.ar"]}]}},"_links":{"self":[{"href":"https:\/\/www.celttv.com.ar\/index.php\/wp-json\/wp\/v2\/posts\/5972","targetHints":{"allow":["GET"]}}],"collection":[{"href":"https:\/\/www.celttv.com.ar\/index.php\/wp-json\/wp\/v2\/posts"}],"about":[{"href":"https:\/\/www.celttv.com.ar\/index.php\/wp-json\/wp\/v2\/types\/post"}],"author":[{"embeddable":true,"href":"https:\/\/www.celttv.com.ar\/index.php\/wp-json\/wp\/v2\/users\/1"}],"replies":[{"embeddable":true,"href":"https:\/\/www.celttv.com.ar\/index.php\/wp-json\/wp\/v2\/comments?post=5972"}],"version-history":[{"count":0,"href":"https:\/\/www.celttv.com.ar\/index.php\/wp-json\/wp\/v2\/posts\/5972\/revisions"}],"wp:attachment":[{"href":"https:\/\/www.celttv.com.ar\/index.php\/wp-json\/wp\/v2\/media?parent=5972"}],"wp:term":[{"taxonomy":"category","embeddable":true,"href":"https:\/\/www.celttv.com.ar\/index.php\/wp-json\/wp\/v2\/categories?post=5972"},{"taxonomy":"post_tag","embeddable":true,"href":"https:\/\/www.celttv.com.ar\/index.php\/wp-json\/wp\/v2\/tags?post=5972"}],"curies":[{"name":"wp","href":"https:\/\/api.w.org\/{rel}","templated":true}]}}