{"id":59793,"date":"2021-08-28T00:14:51","date_gmt":"2021-08-28T00:14:51","guid":{"rendered":"http:\/\/www.celttv.com.ar\/?p=59793"},"modified":"2021-08-28T00:14:51","modified_gmt":"2021-08-28T00:14:51","slug":"las-200-cooperativas-electricas-de-la-provincia-recibiran-un-subsidio-para-garantizar-inversiones-y-la-calidad-del-servicio","status":"publish","type":"post","link":"https:\/\/www.celttv.com.ar\/index.php\/2021\/08\/28\/las-200-cooperativas-electricas-de-la-provincia-recibiran-un-subsidio-para-garantizar-inversiones-y-la-calidad-del-servicio\/","title":{"rendered":"Las 200 Cooperativas El\u00e9ctricas de la Provincia recibir\u00e1n un subsidio para garantizar inversiones y la calidad del servicio"},"content":{"rendered":"\n<p>El gobernador Axel Kicillof, junto al subsecretario de Energ\u00eda, Gast\u00f3n Ghioni, se reuni\u00f3 hoy con autoridades de las federaciones que representan a las 200 cooperativas el\u00e9ctricas de la provincia de Buenos Aires, y anunci\u00f3 la aplicaci\u00f3n de un subsidio provincial a la distribuci\u00f3n el\u00e9ctrica que se implementar\u00e1 a trav\u00e9s de un aporte no reembolsable mediante el Fondo Compensador Tarifario. Participaron representantes de FEDECOBA, APEBA, FICE, FACE, CRECES y FECOOSER.<\/p>\n\n\n\n<figure class=\"wp-block-image size-large\"><img loading=\"lazy\" decoding=\"async\" width=\"796\" height=\"519\" src=\"http:\/\/www.celttv.com.ar\/wp-content\/uploads\/2021\/08\/subsidio-cooperativas-electricas.jpg\" alt=\"\" class=\"wp-image-59794\" srcset=\"https:\/\/www.celttv.com.ar\/wp-content\/uploads\/2021\/08\/subsidio-cooperativas-electricas.jpg 796w, https:\/\/www.celttv.com.ar\/wp-content\/uploads\/2021\/08\/subsidio-cooperativas-electricas-300x196.jpg 300w, https:\/\/www.celttv.com.ar\/wp-content\/uploads\/2021\/08\/subsidio-cooperativas-electricas-768x501.jpg 768w, https:\/\/www.celttv.com.ar\/wp-content\/uploads\/2021\/08\/subsidio-cooperativas-electricas-750x489.jpg 750w\" sizes=\"auto, (max-width: 796px) 100vw, 796px\" \/><\/figure>\n\n\n\n<pre class=\"wp-block-code\"><code>\u201cEstamos dando un paso para aliviar la situaci\u00f3n que atraviesan las cooperativas el\u00e9ctricas y para empezar a transitar un camino de soluci\u00f3n despu\u00e9s de a\u00f1os muy dif\u00edciles\u201d, afirm\u00f3 Kicillof y agreg\u00f3: \u201cSomos conscientes de los ataques que han sufrido las cooperativas durante los \u00faltimos a\u00f1os, por eso trabajamos para acompa\u00f1ar a un sector que consideramos fundamental para la integraci\u00f3n de la Provincia\u201d.\n\nEl objetivo es que las cooperativas puedan utilizar la asistencia econ\u00f3mica para sostener la calidad del servicio y ejecutar las inversiones necesarias en el tendido el\u00e9ctrico. Este subsidio permite compensar el d\u00e9ficit del sector generado por el sostenimiento de las tarifas el\u00e9ctricas, y garantizar la correcta prestaci\u00f3n sin que se produzcan aumentos en las facturas de los y las bonaerenses.\n\n\u201cRecorremos la Provincia y vemos el rol comunitario que asumen en todo el territorio, donde las cooperativas son principalmente un instrumento de las clases populares\u201d, destac\u00f3 y a\u00f1adi\u00f3: \u201cAhora que estamos muy avanzados con la campa\u00f1a de vacunaci\u00f3n y empezamos a ver la salida de la pandemia, se abre una nueva etapa en la que el movimiento asociativo tendr\u00e1 un rol central\u201d.\n\nLas cooperativas el\u00e9ctricas prestan servicio a un total de 1.057.711 usuarios en la provincia de Buenos Aires y se caracterizan por ser un sector de marcada heterogeneidad, ya sea por la cantidad de usuarios que abastecen, la dispersi\u00f3n de su ubicaci\u00f3n o la extensi\u00f3n de sus \u00e1reas. Es por eso que cumplen un rol fundamental en sus localidades, ya que adem\u00e1s de brindar el servicio el\u00e9ctrico, garantizan otros servicios a la comunidad en materia de conectividad, salud y cultura.\n\nEstuvieron presentes el presidente de la Asociaci\u00f3n de Prestadores El\u00e9ctricos de la Provincia de Buenos Aires (APEBA), Oreste Binetti, y su coordinador, Luis \u00c1lvarez; el vicepresidente de la Federaci\u00f3n de Cooperativas de Electricidad y Servicios P\u00fablicos de la Provincia de Buenos Aires (FEDECOBA), \u00c1ngel Echarren, y su gerente, Mario Vitale; el presidente de la Comunidad Regional de Entidades Cooperativas de Electricidad y Servicios (CRECES), Julio Stevani; el miembro del Consejo de Administraci\u00f3n de la Federaci\u00f3n Interregional de Cooperativas El\u00e9ctricas de la provincia de Buenos Aires (FICE) Martin Rigacci; y su gerente t\u00e9cnico en Cooperativa El\u00e9ctrica de Monte, Gerardo Fritsch; el presidente de la Regional Buenos Aires de la Federaci\u00f3n Argentina de Cooperativas de Electricidad (FACE), Jos\u00e9 Luis Hermida; y su asesor Omar Zorzen\u00f3n; el presidente de la Federaci\u00f3n de Cooperativas de Servicios de la provincia de Buenos Aires (FECOOSER), Claudio Adri\u00e1n Urio; y el titular de su comisi\u00f3n de Energ\u00eda, Osvaldo Petrone.<\/code><\/pre>\n","protected":false},"excerpt":{"rendered":"<p>El gobernador Axel Kicillof, junto al subsecretario de Energ\u00eda, Gast\u00f3n Ghioni, se reuni\u00f3 hoy con autoridades de las federaciones que representan a las 200 cooperativas el\u00e9ctricas de la provincia de Buenos Aires, y anunci\u00f3 la aplicaci\u00f3n de un subsidio provincial a la distribuci\u00f3n el\u00e9ctrica que se implementar\u00e1 a trav\u00e9s de un aporte no reembolsable mediante [&hellip;]<\/p>\n","protected":false},"author":1,"featured_media":59794,"comment_status":"closed","ping_status":"open","sticky":false,"template":"","format":"standard","meta":{"footnotes":""},"categories":[55,51,52],"tags":[],"class_list":["post-59793","post","type-post","status-publish","format-standard","has-post-thumbnail","hentry","category-celt-tv-noticias","category-comunidad","category-destacadas"],"yoast_head":"<!-- This site is optimized with the Yoast SEO plugin v19.7.1 - https:\/\/yoast.com\/wordpress\/plugins\/seo\/ -->\n<title>Las 200 Cooperativas El\u00e9ctricas de la Provincia recibir\u00e1n un subsidio para garantizar inversiones y la calidad del servicio - CELTTV<\/title>\n<meta name=\"description\" content=\"Sitio web de noticias de la localidad de Tornquist, provincia de Buenos Aires, Rep\u00fablica Argentina. Contenido propio originado por periodistas de CELTTV, el canal de TV local de la Cooperativa El\u00e9ctrica de Tornquist. Turismo, Pol\u00edtica, Sociedad, Deporte, Cultura y todo el contenido de inter\u00e9s general que la gente del pueblo y la regi\u00f3n debe conocer.\" \/>\n<meta name=\"robots\" content=\"index, follow, max-snippet:-1, max-image-preview:large, max-video-preview:-1\" \/>\n<link rel=\"canonical\" href=\"https:\/\/www.celttv.com.ar\/index.php\/2021\/08\/28\/las-200-cooperativas-electricas-de-la-provincia-recibiran-un-subsidio-para-garantizar-inversiones-y-la-calidad-del-servicio\/\" \/>\n<meta property=\"og:locale\" content=\"es_ES\" \/>\n<meta property=\"og:type\" content=\"article\" \/>\n<meta property=\"og:title\" content=\"Las 200 Cooperativas El\u00e9ctricas de la Provincia recibir\u00e1n un subsidio para garantizar inversiones y la calidad del servicio - CELTTV\" \/>\n<meta property=\"og:description\" content=\"Sitio web de noticias de la localidad de Tornquist, provincia de Buenos Aires, Rep\u00fablica Argentina. Contenido propio originado por periodistas de CELTTV, el canal de TV local de la Cooperativa El\u00e9ctrica de Tornquist. Turismo, Pol\u00edtica, Sociedad, Deporte, Cultura y todo el contenido de inter\u00e9s general que la gente del pueblo y la regi\u00f3n debe conocer.\" \/>\n<meta property=\"og:url\" content=\"https:\/\/www.celttv.com.ar\/index.php\/2021\/08\/28\/las-200-cooperativas-electricas-de-la-provincia-recibiran-un-subsidio-para-garantizar-inversiones-y-la-calidad-del-servicio\/\" \/>\n<meta property=\"og:site_name\" content=\"CELTTV\" \/>\n<meta property=\"article:publisher\" content=\"https:\/\/www.facebook.com\/celtTV\/\" \/>\n<meta property=\"article:published_time\" content=\"2021-08-28T00:14:51+00:00\" \/>\n<meta property=\"og:image\" content=\"https:\/\/www.celttv.com.ar\/wp-content\/uploads\/2021\/08\/subsidio-cooperativas-electricas.jpg\" \/>\n\t<meta property=\"og:image:width\" content=\"796\" \/>\n\t<meta property=\"og:image:height\" content=\"519\" \/>\n\t<meta property=\"og:image:type\" content=\"image\/jpeg\" \/>\n<meta name=\"author\" content=\"ulises\" \/>\n<meta name=\"twitter:card\" content=\"summary_large_image\" \/>\n<meta name=\"twitter:label1\" content=\"Escrito por\" \/>\n\t<meta name=\"twitter:data1\" content=\"ulises\" \/>\n\t<meta name=\"twitter:label2\" content=\"Tiempo de lectura\" \/>\n\t<meta name=\"twitter:data2\" content=\"3 minutos\" \/>\n<script type=\"application\/ld+json\" class=\"yoast-schema-graph\">{\"@context\":\"https:\/\/schema.org\",\"@graph\":[{\"@type\":\"NewsArticle\",\"@id\":\"https:\/\/www.celttv.com.ar\/index.php\/2021\/08\/28\/las-200-cooperativas-electricas-de-la-provincia-recibiran-un-subsidio-para-garantizar-inversiones-y-la-calidad-del-servicio\/#article\",\"isPartOf\":{\"@id\":\"https:\/\/www.celttv.com.ar\/index.php\/2021\/08\/28\/las-200-cooperativas-electricas-de-la-provincia-recibiran-un-subsidio-para-garantizar-inversiones-y-la-calidad-del-servicio\/\"},\"author\":{\"name\":\"ulises\",\"@id\":\"https:\/\/www.celttv.com.ar\/#\/schema\/person\/6d99c072dba59953809c81446e9d0ace\"},\"headline\":\"Las 200 Cooperativas El\u00e9ctricas de la Provincia recibir\u00e1n un subsidio para garantizar inversiones y la calidad del servicio\",\"datePublished\":\"2021-08-28T00:14:51+00:00\",\"dateModified\":\"2021-08-28T00:14:51+00:00\",\"mainEntityOfPage\":{\"@id\":\"https:\/\/www.celttv.com.ar\/index.php\/2021\/08\/28\/las-200-cooperativas-electricas-de-la-provincia-recibiran-un-subsidio-para-garantizar-inversiones-y-la-calidad-del-servicio\/\"},\"wordCount\":94,\"publisher\":{\"@id\":\"https:\/\/www.celttv.com.ar\/#organization\"},\"articleSection\":[\"Celt TV Noticias\",\"Comunidad\",\"Destacadas\"],\"inLanguage\":\"es\"},{\"@type\":\"WebPage\",\"@id\":\"https:\/\/www.celttv.com.ar\/index.php\/2021\/08\/28\/las-200-cooperativas-electricas-de-la-provincia-recibiran-un-subsidio-para-garantizar-inversiones-y-la-calidad-del-servicio\/\",\"url\":\"https:\/\/www.celttv.com.ar\/index.php\/2021\/08\/28\/las-200-cooperativas-electricas-de-la-provincia-recibiran-un-subsidio-para-garantizar-inversiones-y-la-calidad-del-servicio\/\",\"name\":\"Las 200 Cooperativas El\u00e9ctricas de la Provincia recibir\u00e1n un subsidio para garantizar inversiones y la calidad del servicio - CELTTV\",\"isPartOf\":{\"@id\":\"https:\/\/www.celttv.com.ar\/#website\"},\"datePublished\":\"2021-08-28T00:14:51+00:00\",\"dateModified\":\"2021-08-28T00:14:51+00:00\",\"description\":\"Sitio web de noticias de la localidad de Tornquist, provincia de Buenos Aires, Rep\u00fablica Argentina. Contenido propio originado por periodistas de CELTTV, el canal de TV local de la Cooperativa El\u00e9ctrica de Tornquist. Turismo, Pol\u00edtica, Sociedad, Deporte, Cultura y todo el contenido de inter\u00e9s general que la gente del pueblo y la regi\u00f3n debe conocer.\",\"breadcrumb\":{\"@id\":\"https:\/\/www.celttv.com.ar\/index.php\/2021\/08\/28\/las-200-cooperativas-electricas-de-la-provincia-recibiran-un-subsidio-para-garantizar-inversiones-y-la-calidad-del-servicio\/#breadcrumb\"},\"inLanguage\":\"es\",\"potentialAction\":[{\"@type\":\"ReadAction\",\"target\":[\"https:\/\/www.celttv.com.ar\/index.php\/2021\/08\/28\/las-200-cooperativas-electricas-de-la-provincia-recibiran-un-subsidio-para-garantizar-inversiones-y-la-calidad-del-servicio\/\"]}]},{\"@type\":\"BreadcrumbList\",\"@id\":\"https:\/\/www.celttv.com.ar\/index.php\/2021\/08\/28\/las-200-cooperativas-electricas-de-la-provincia-recibiran-un-subsidio-para-garantizar-inversiones-y-la-calidad-del-servicio\/#breadcrumb\",\"itemListElement\":[{\"@type\":\"ListItem\",\"position\":1,\"name\":\"Inicio\",\"item\":\"https:\/\/www.celttv.com.ar\/\"},{\"@type\":\"ListItem\",\"position\":2,\"name\":\"Las 200 Cooperativas El\u00e9ctricas de la Provincia recibir\u00e1n un subsidio para garantizar inversiones y la calidad del servicio\"}]},{\"@type\":\"WebSite\",\"@id\":\"https:\/\/www.celttv.com.ar\/#website\",\"url\":\"https:\/\/www.celttv.com.ar\/\",\"name\":\"CELTTV\",\"description\":\"Cooperativa El\u00e9ctrica de Tornquist\",\"publisher\":{\"@id\":\"https:\/\/www.celttv.com.ar\/#organization\"},\"potentialAction\":[{\"@type\":\"SearchAction\",\"target\":{\"@type\":\"EntryPoint\",\"urlTemplate\":\"https:\/\/www.celttv.com.ar\/?s={search_term_string}\"},\"query-input\":\"required name=search_term_string\"}],\"inLanguage\":\"es\"},{\"@type\":\"Organization\",\"@id\":\"https:\/\/www.celttv.com.ar\/#organization\",\"name\":\"CELTTV\",\"url\":\"https:\/\/www.celttv.com.ar\/\",\"sameAs\":[\"https:\/\/www.youtube.com\/channel\/UCz_oIt8Hig64Ub-EmcNPIhg\",\"https:\/\/www.facebook.com\/celtTV\/\"],\"logo\":{\"@type\":\"ImageObject\",\"inLanguage\":\"es\",\"@id\":\"https:\/\/www.celttv.com.ar\/#\/schema\/logo\/image\/\",\"url\":\"http:\/\/www.celttv.com.ar\/wp-content\/uploads\/2022\/08\/logo-1.png\",\"contentUrl\":\"http:\/\/www.celttv.com.ar\/wp-content\/uploads\/2022\/08\/logo-1.png\",\"width\":461,\"height\":159,\"caption\":\"CELTTV\"},\"image\":{\"@id\":\"https:\/\/www.celttv.com.ar\/#\/schema\/logo\/image\/\"}},{\"@type\":\"Person\",\"@id\":\"https:\/\/www.celttv.com.ar\/#\/schema\/person\/6d99c072dba59953809c81446e9d0ace\",\"name\":\"ulises\",\"image\":{\"@type\":\"ImageObject\",\"inLanguage\":\"es\",\"@id\":\"https:\/\/www.celttv.com.ar\/#\/schema\/person\/image\/\",\"url\":\"https:\/\/secure.gravatar.com\/avatar\/7f2c48bdc33b30088f941fb6082e555f2874c98e20cb159d7b92b50eadfce793?s=96&d=mm&r=g\",\"contentUrl\":\"https:\/\/secure.gravatar.com\/avatar\/7f2c48bdc33b30088f941fb6082e555f2874c98e20cb159d7b92b50eadfce793?s=96&d=mm&r=g\",\"caption\":\"ulises\"},\"sameAs\":[\"http:\/\/www.celttv.com.ar\"]}]}<\/script>\n<!-- \/ Yoast SEO plugin. -->","yoast_head_json":{"title":"Las 200 Cooperativas El\u00e9ctricas de la Provincia recibir\u00e1n un subsidio para garantizar inversiones y la calidad del servicio - CELTTV","description":"Sitio web de noticias de la localidad de Tornquist, provincia de Buenos Aires, Rep\u00fablica Argentina. Contenido propio originado por periodistas de CELTTV, el canal de TV local de la Cooperativa El\u00e9ctrica de Tornquist. Turismo, Pol\u00edtica, Sociedad, Deporte, Cultura y todo el contenido de inter\u00e9s general que la gente del pueblo y la regi\u00f3n debe conocer.","robots":{"index":"index","follow":"follow","max-snippet":"max-snippet:-1","max-image-preview":"max-image-preview:large","max-video-preview":"max-video-preview:-1"},"canonical":"https:\/\/www.celttv.com.ar\/index.php\/2021\/08\/28\/las-200-cooperativas-electricas-de-la-provincia-recibiran-un-subsidio-para-garantizar-inversiones-y-la-calidad-del-servicio\/","og_locale":"es_ES","og_type":"article","og_title":"Las 200 Cooperativas El\u00e9ctricas de la Provincia recibir\u00e1n un subsidio para garantizar inversiones y la calidad del servicio - CELTTV","og_description":"Sitio web de noticias de la localidad de Tornquist, provincia de Buenos Aires, Rep\u00fablica Argentina. Contenido propio originado por periodistas de CELTTV, el canal de TV local de la Cooperativa El\u00e9ctrica de Tornquist. Turismo, Pol\u00edtica, Sociedad, Deporte, Cultura y todo el contenido de inter\u00e9s general que la gente del pueblo y la regi\u00f3n debe conocer.","og_url":"https:\/\/www.celttv.com.ar\/index.php\/2021\/08\/28\/las-200-cooperativas-electricas-de-la-provincia-recibiran-un-subsidio-para-garantizar-inversiones-y-la-calidad-del-servicio\/","og_site_name":"CELTTV","article_publisher":"https:\/\/www.facebook.com\/celtTV\/","article_published_time":"2021-08-28T00:14:51+00:00","og_image":[{"width":796,"height":519,"url":"https:\/\/www.celttv.com.ar\/wp-content\/uploads\/2021\/08\/subsidio-cooperativas-electricas.jpg","type":"image\/jpeg"}],"author":"ulises","twitter_card":"summary_large_image","twitter_misc":{"Escrito por":"ulises","Tiempo de lectura":"3 minutos"},"schema":{"@context":"https:\/\/schema.org","@graph":[{"@type":"NewsArticle","@id":"https:\/\/www.celttv.com.ar\/index.php\/2021\/08\/28\/las-200-cooperativas-electricas-de-la-provincia-recibiran-un-subsidio-para-garantizar-inversiones-y-la-calidad-del-servicio\/#article","isPartOf":{"@id":"https:\/\/www.celttv.com.ar\/index.php\/2021\/08\/28\/las-200-cooperativas-electricas-de-la-provincia-recibiran-un-subsidio-para-garantizar-inversiones-y-la-calidad-del-servicio\/"},"author":{"name":"ulises","@id":"https:\/\/www.celttv.com.ar\/#\/schema\/person\/6d99c072dba59953809c81446e9d0ace"},"headline":"Las 200 Cooperativas El\u00e9ctricas de la Provincia recibir\u00e1n un subsidio para garantizar inversiones y la calidad del servicio","datePublished":"2021-08-28T00:14:51+00:00","dateModified":"2021-08-28T00:14:51+00:00","mainEntityOfPage":{"@id":"https:\/\/www.celttv.com.ar\/index.php\/2021\/08\/28\/las-200-cooperativas-electricas-de-la-provincia-recibiran-un-subsidio-para-garantizar-inversiones-y-la-calidad-del-servicio\/"},"wordCount":94,"publisher":{"@id":"https:\/\/www.celttv.com.ar\/#organization"},"articleSection":["Celt TV Noticias","Comunidad","Destacadas"],"inLanguage":"es"},{"@type":"WebPage","@id":"https:\/\/www.celttv.com.ar\/index.php\/2021\/08\/28\/las-200-cooperativas-electricas-de-la-provincia-recibiran-un-subsidio-para-garantizar-inversiones-y-la-calidad-del-servicio\/","url":"https:\/\/www.celttv.com.ar\/index.php\/2021\/08\/28\/las-200-cooperativas-electricas-de-la-provincia-recibiran-un-subsidio-para-garantizar-inversiones-y-la-calidad-del-servicio\/","name":"Las 200 Cooperativas El\u00e9ctricas de la Provincia recibir\u00e1n un subsidio para garantizar inversiones y la calidad del servicio - CELTTV","isPartOf":{"@id":"https:\/\/www.celttv.com.ar\/#website"},"datePublished":"2021-08-28T00:14:51+00:00","dateModified":"2021-08-28T00:14:51+00:00","description":"Sitio web de noticias de la localidad de Tornquist, provincia de Buenos Aires, Rep\u00fablica Argentina. Contenido propio originado por periodistas de CELTTV, el canal de TV local de la Cooperativa El\u00e9ctrica de Tornquist. Turismo, Pol\u00edtica, Sociedad, Deporte, Cultura y todo el contenido de inter\u00e9s general que la gente del pueblo y la regi\u00f3n debe conocer.","breadcrumb":{"@id":"https:\/\/www.celttv.com.ar\/index.php\/2021\/08\/28\/las-200-cooperativas-electricas-de-la-provincia-recibiran-un-subsidio-para-garantizar-inversiones-y-la-calidad-del-servicio\/#breadcrumb"},"inLanguage":"es","potentialAction":[{"@type":"ReadAction","target":["https:\/\/www.celttv.com.ar\/index.php\/2021\/08\/28\/las-200-cooperativas-electricas-de-la-provincia-recibiran-un-subsidio-para-garantizar-inversiones-y-la-calidad-del-servicio\/"]}]},{"@type":"BreadcrumbList","@id":"https:\/\/www.celttv.com.ar\/index.php\/2021\/08\/28\/las-200-cooperativas-electricas-de-la-provincia-recibiran-un-subsidio-para-garantizar-inversiones-y-la-calidad-del-servicio\/#breadcrumb","itemListElement":[{"@type":"ListItem","position":1,"name":"Inicio","item":"https:\/\/www.celttv.com.ar\/"},{"@type":"ListItem","position":2,"name":"Las 200 Cooperativas El\u00e9ctricas de la Provincia recibir\u00e1n un subsidio para garantizar inversiones y la calidad del servicio"}]},{"@type":"WebSite","@id":"https:\/\/www.celttv.com.ar\/#website","url":"https:\/\/www.celttv.com.ar\/","name":"CELTTV","description":"Cooperativa El\u00e9ctrica de Tornquist","publisher":{"@id":"https:\/\/www.celttv.com.ar\/#organization"},"potentialAction":[{"@type":"SearchAction","target":{"@type":"EntryPoint","urlTemplate":"https:\/\/www.celttv.com.ar\/?s={search_term_string}"},"query-input":"required name=search_term_string"}],"inLanguage":"es"},{"@type":"Organization","@id":"https:\/\/www.celttv.com.ar\/#organization","name":"CELTTV","url":"https:\/\/www.celttv.com.ar\/","sameAs":["https:\/\/www.youtube.com\/channel\/UCz_oIt8Hig64Ub-EmcNPIhg","https:\/\/www.facebook.com\/celtTV\/"],"logo":{"@type":"ImageObject","inLanguage":"es","@id":"https:\/\/www.celttv.com.ar\/#\/schema\/logo\/image\/","url":"http:\/\/www.celttv.com.ar\/wp-content\/uploads\/2022\/08\/logo-1.png","contentUrl":"http:\/\/www.celttv.com.ar\/wp-content\/uploads\/2022\/08\/logo-1.png","width":461,"height":159,"caption":"CELTTV"},"image":{"@id":"https:\/\/www.celttv.com.ar\/#\/schema\/logo\/image\/"}},{"@type":"Person","@id":"https:\/\/www.celttv.com.ar\/#\/schema\/person\/6d99c072dba59953809c81446e9d0ace","name":"ulises","image":{"@type":"ImageObject","inLanguage":"es","@id":"https:\/\/www.celttv.com.ar\/#\/schema\/person\/image\/","url":"https:\/\/secure.gravatar.com\/avatar\/7f2c48bdc33b30088f941fb6082e555f2874c98e20cb159d7b92b50eadfce793?s=96&d=mm&r=g","contentUrl":"https:\/\/secure.gravatar.com\/avatar\/7f2c48bdc33b30088f941fb6082e555f2874c98e20cb159d7b92b50eadfce793?s=96&d=mm&r=g","caption":"ulises"},"sameAs":["http:\/\/www.celttv.com.ar"]}]}},"_links":{"self":[{"href":"https:\/\/www.celttv.com.ar\/index.php\/wp-json\/wp\/v2\/posts\/59793","targetHints":{"allow":["GET"]}}],"collection":[{"href":"https:\/\/www.celttv.com.ar\/index.php\/wp-json\/wp\/v2\/posts"}],"about":[{"href":"https:\/\/www.celttv.com.ar\/index.php\/wp-json\/wp\/v2\/types\/post"}],"author":[{"embeddable":true,"href":"https:\/\/www.celttv.com.ar\/index.php\/wp-json\/wp\/v2\/users\/1"}],"replies":[{"embeddable":true,"href":"https:\/\/www.celttv.com.ar\/index.php\/wp-json\/wp\/v2\/comments?post=59793"}],"version-history":[{"count":0,"href":"https:\/\/www.celttv.com.ar\/index.php\/wp-json\/wp\/v2\/posts\/59793\/revisions"}],"wp:featuredmedia":[{"embeddable":true,"href":"https:\/\/www.celttv.com.ar\/index.php\/wp-json\/wp\/v2\/media\/59794"}],"wp:attachment":[{"href":"https:\/\/www.celttv.com.ar\/index.php\/wp-json\/wp\/v2\/media?parent=59793"}],"wp:term":[{"taxonomy":"category","embeddable":true,"href":"https:\/\/www.celttv.com.ar\/index.php\/wp-json\/wp\/v2\/categories?post=59793"},{"taxonomy":"post_tag","embeddable":true,"href":"https:\/\/www.celttv.com.ar\/index.php\/wp-json\/wp\/v2\/tags?post=59793"}],"curies":[{"name":"wp","href":"https:\/\/api.w.org\/{rel}","templated":true}]}}