{"id":59800,"date":"2021-08-28T16:01:05","date_gmt":"2021-08-28T16:01:05","guid":{"rendered":"http:\/\/www.celttv.com.ar\/?p=59800"},"modified":"2021-08-28T16:01:05","modified_gmt":"2021-08-28T16:01:05","slug":"este-ano-se-triplicara-la-produccion-de-la-huerta-municipal","status":"publish","type":"post","link":"https:\/\/www.celttv.com.ar\/index.php\/2021\/08\/28\/este-ano-se-triplicara-la-produccion-de-la-huerta-municipal\/","title":{"rendered":"Este a\u00f1o se triplicar\u00e1 la producci\u00f3n de la Huerta Municipal"},"content":{"rendered":"\n<p>La Huerta Municipal de Tornquist, ubicada el predio de la Ruta 76 y acceso a la ciudad, contin\u00faa con su desarrollo y aumentando su productividad mes a mes, fortaleciendo el trabajo diario y optimizando recursos.<\/p>\n\n\n\n<p>Es por eso que, en ese marco, se proyecta que la cosecha de verduras y hortalizas de este a\u00f1o, triplicar\u00e1 la del 2020, gracias a la generaci\u00f3n de mayor tierra destinada al cultivo, la ampliaci\u00f3n del invernadero (su espacio fue duplicado), y a la incorporaci\u00f3n permanente de herramientas y maquinaria.<\/p>\n\n\n\n<p>Impulsada por una decisi\u00f3n pol\u00edtica del intendente Sergio Bordoni, y bajo la coordinaci\u00f3n de la Secretar\u00eda de Producci\u00f3n, Comercio e Industria, la huerta enfoca la labor en uno de sus principales objetivos, como es la distribuci\u00f3n de alimentos frescos y de calidad.<\/p>\n\n\n\n<p>Los productos son enviados a las \u00e1reas de Salud y Desarrollo Social, abasteciendo a distintas dependencias como el hospital y el geri\u00e1trico municipal, Hogar Convivencial, Centro de D\u00eda, el Mercado Comunitario de Saldungaray y familias carenciadas.<\/p>\n\n\n\n<figure class=\"wp-block-gallery columns-3 is-cropped wp-block-gallery-1 is-layout-flex wp-block-gallery-is-layout-flex\"><ul class=\"blocks-gallery-grid\"><li class=\"blocks-gallery-item\"><figure><img loading=\"lazy\" decoding=\"async\" width=\"1024\" height=\"768\" src=\"http:\/\/www.celttv.com.ar\/wp-content\/uploads\/2021\/08\/Huerta-municipal-1-Medium.jpeg\" alt=\"\" data-id=\"59801\" data-full-url=\"http:\/\/www.celttv.com.ar\/wp-content\/uploads\/2021\/08\/Huerta-municipal-1-Medium.jpeg\" data-link=\"http:\/\/www.celttv.com.ar\/?attachment_id=59801\" class=\"wp-image-59801\" srcset=\"https:\/\/www.celttv.com.ar\/wp-content\/uploads\/2021\/08\/Huerta-municipal-1-Medium.jpeg 1024w, https:\/\/www.celttv.com.ar\/wp-content\/uploads\/2021\/08\/Huerta-municipal-1-Medium-300x225.jpeg 300w, https:\/\/www.celttv.com.ar\/wp-content\/uploads\/2021\/08\/Huerta-municipal-1-Medium-768x576.jpeg 768w, https:\/\/www.celttv.com.ar\/wp-content\/uploads\/2021\/08\/Huerta-municipal-1-Medium-750x563.jpeg 750w\" sizes=\"auto, (max-width: 1024px) 100vw, 1024px\" \/><\/figure><\/li><li class=\"blocks-gallery-item\"><figure><img loading=\"lazy\" decoding=\"async\" width=\"1024\" height=\"768\" src=\"http:\/\/www.celttv.com.ar\/wp-content\/uploads\/2021\/08\/Huerta-municipal-2-Medium.jpeg\" alt=\"\" data-id=\"59802\" data-full-url=\"http:\/\/www.celttv.com.ar\/wp-content\/uploads\/2021\/08\/Huerta-municipal-2-Medium.jpeg\" data-link=\"http:\/\/www.celttv.com.ar\/?attachment_id=59802\" class=\"wp-image-59802\" srcset=\"https:\/\/www.celttv.com.ar\/wp-content\/uploads\/2021\/08\/Huerta-municipal-2-Medium.jpeg 1024w, https:\/\/www.celttv.com.ar\/wp-content\/uploads\/2021\/08\/Huerta-municipal-2-Medium-300x225.jpeg 300w, https:\/\/www.celttv.com.ar\/wp-content\/uploads\/2021\/08\/Huerta-municipal-2-Medium-768x576.jpeg 768w, https:\/\/www.celttv.com.ar\/wp-content\/uploads\/2021\/08\/Huerta-municipal-2-Medium-750x563.jpeg 750w\" sizes=\"auto, (max-width: 1024px) 100vw, 1024px\" \/><\/figure><\/li><li class=\"blocks-gallery-item\"><figure><img loading=\"lazy\" decoding=\"async\" width=\"1024\" height=\"768\" src=\"http:\/\/www.celttv.com.ar\/wp-content\/uploads\/2021\/08\/Huerta-municipal-3-Medium.jpeg\" alt=\"\" data-id=\"59803\" data-full-url=\"http:\/\/www.celttv.com.ar\/wp-content\/uploads\/2021\/08\/Huerta-municipal-3-Medium.jpeg\" data-link=\"http:\/\/www.celttv.com.ar\/?attachment_id=59803\" class=\"wp-image-59803\" srcset=\"https:\/\/www.celttv.com.ar\/wp-content\/uploads\/2021\/08\/Huerta-municipal-3-Medium.jpeg 1024w, https:\/\/www.celttv.com.ar\/wp-content\/uploads\/2021\/08\/Huerta-municipal-3-Medium-300x225.jpeg 300w, https:\/\/www.celttv.com.ar\/wp-content\/uploads\/2021\/08\/Huerta-municipal-3-Medium-768x576.jpeg 768w, https:\/\/www.celttv.com.ar\/wp-content\/uploads\/2021\/08\/Huerta-municipal-3-Medium-750x563.jpeg 750w\" sizes=\"auto, (max-width: 1024px) 100vw, 1024px\" \/><\/figure><\/li><li class=\"blocks-gallery-item\"><figure><img loading=\"lazy\" decoding=\"async\" width=\"1024\" height=\"768\" src=\"http:\/\/www.celttv.com.ar\/wp-content\/uploads\/2021\/08\/Huerta-municipal-4-Medium.jpeg\" alt=\"\" data-id=\"59804\" data-full-url=\"http:\/\/www.celttv.com.ar\/wp-content\/uploads\/2021\/08\/Huerta-municipal-4-Medium.jpeg\" data-link=\"http:\/\/www.celttv.com.ar\/?attachment_id=59804\" class=\"wp-image-59804\" srcset=\"https:\/\/www.celttv.com.ar\/wp-content\/uploads\/2021\/08\/Huerta-municipal-4-Medium.jpeg 1024w, https:\/\/www.celttv.com.ar\/wp-content\/uploads\/2021\/08\/Huerta-municipal-4-Medium-300x225.jpeg 300w, https:\/\/www.celttv.com.ar\/wp-content\/uploads\/2021\/08\/Huerta-municipal-4-Medium-768x576.jpeg 768w, https:\/\/www.celttv.com.ar\/wp-content\/uploads\/2021\/08\/Huerta-municipal-4-Medium-750x563.jpeg 750w\" sizes=\"auto, (max-width: 1024px) 100vw, 1024px\" \/><\/figure><\/li><li class=\"blocks-gallery-item\"><figure><img loading=\"lazy\" decoding=\"async\" width=\"768\" height=\"1024\" src=\"http:\/\/www.celttv.com.ar\/wp-content\/uploads\/2021\/08\/Huerta-municipal-5-Medium.jpeg\" alt=\"\" data-id=\"59805\" data-full-url=\"http:\/\/www.celttv.com.ar\/wp-content\/uploads\/2021\/08\/Huerta-municipal-5-Medium.jpeg\" data-link=\"http:\/\/www.celttv.com.ar\/?attachment_id=59805\" class=\"wp-image-59805\" srcset=\"https:\/\/www.celttv.com.ar\/wp-content\/uploads\/2021\/08\/Huerta-municipal-5-Medium.jpeg 768w, https:\/\/www.celttv.com.ar\/wp-content\/uploads\/2021\/08\/Huerta-municipal-5-Medium-225x300.jpeg 225w, https:\/\/www.celttv.com.ar\/wp-content\/uploads\/2021\/08\/Huerta-municipal-5-Medium-750x1000.jpeg 750w\" sizes=\"auto, (max-width: 768px) 100vw, 768px\" \/><\/figure><\/li><li class=\"blocks-gallery-item\"><figure><img loading=\"lazy\" decoding=\"async\" width=\"1024\" height=\"768\" src=\"http:\/\/www.celttv.com.ar\/wp-content\/uploads\/2021\/08\/Huerta-municipal-6-Medium.jpeg\" alt=\"\" data-id=\"59806\" data-full-url=\"http:\/\/www.celttv.com.ar\/wp-content\/uploads\/2021\/08\/Huerta-municipal-6-Medium.jpeg\" data-link=\"http:\/\/www.celttv.com.ar\/?attachment_id=59806\" class=\"wp-image-59806\" srcset=\"https:\/\/www.celttv.com.ar\/wp-content\/uploads\/2021\/08\/Huerta-municipal-6-Medium.jpeg 1024w, https:\/\/www.celttv.com.ar\/wp-content\/uploads\/2021\/08\/Huerta-municipal-6-Medium-300x225.jpeg 300w, https:\/\/www.celttv.com.ar\/wp-content\/uploads\/2021\/08\/Huerta-municipal-6-Medium-768x576.jpeg 768w, https:\/\/www.celttv.com.ar\/wp-content\/uploads\/2021\/08\/Huerta-municipal-6-Medium-750x563.jpeg 750w\" sizes=\"auto, (max-width: 1024px) 100vw, 1024px\" \/><\/figure><\/li><\/ul><\/figure>\n\n\n\n<figure class=\"wp-block-gallery columns-0 is-cropped wp-block-gallery-2 is-layout-flex wp-block-gallery-is-layout-flex\"><ul class=\"blocks-gallery-grid\"><\/ul><\/figure>\n","protected":false},"excerpt":{"rendered":"<p>La Huerta Municipal de Tornquist, ubicada el predio de la Ruta 76 y acceso a la ciudad, contin\u00faa con su desarrollo y aumentando su productividad mes a mes, fortaleciendo el trabajo diario y optimizando recursos. Es por eso que, en ese marco, se proyecta que la cosecha de verduras y hortalizas de este a\u00f1o, triplicar\u00e1 [&hellip;]<\/p>\n","protected":false},"author":1,"featured_media":59801,"comment_status":"closed","ping_status":"open","sticky":false,"template":"","format":"standard","meta":{"footnotes":""},"categories":[51,52,59,65],"tags":[],"class_list":["post-59800","post","type-post","status-publish","format-standard","has-post-thumbnail","hentry","category-comunidad","category-destacadas","category-municipales","category-produccion"],"yoast_head":"<!-- This site is optimized with the Yoast SEO plugin v19.7.1 - https:\/\/yoast.com\/wordpress\/plugins\/seo\/ -->\n<title>Este a\u00f1o se triplicar\u00e1 la producci\u00f3n de la Huerta Municipal - CELTTV<\/title>\n<meta name=\"description\" content=\"Sitio web de noticias de la localidad de Tornquist, provincia de Buenos Aires, Rep\u00fablica Argentina. Contenido propio originado por periodistas de CELTTV, el canal de TV local de la Cooperativa El\u00e9ctrica de Tornquist. Turismo, Pol\u00edtica, Sociedad, Deporte, Cultura y todo el contenido de inter\u00e9s general que la gente del pueblo y la regi\u00f3n debe conocer.\" \/>\n<meta name=\"robots\" content=\"index, follow, max-snippet:-1, max-image-preview:large, max-video-preview:-1\" \/>\n<link rel=\"canonical\" href=\"https:\/\/www.celttv.com.ar\/index.php\/2021\/08\/28\/este-ano-se-triplicara-la-produccion-de-la-huerta-municipal\/\" \/>\n<meta property=\"og:locale\" content=\"es_ES\" \/>\n<meta property=\"og:type\" content=\"article\" \/>\n<meta property=\"og:title\" content=\"Este a\u00f1o se triplicar\u00e1 la producci\u00f3n de la Huerta Municipal - CELTTV\" \/>\n<meta property=\"og:description\" content=\"Sitio web de noticias de la localidad de Tornquist, provincia de Buenos Aires, Rep\u00fablica Argentina. Contenido propio originado por periodistas de CELTTV, el canal de TV local de la Cooperativa El\u00e9ctrica de Tornquist. Turismo, Pol\u00edtica, Sociedad, Deporte, Cultura y todo el contenido de inter\u00e9s general que la gente del pueblo y la regi\u00f3n debe conocer.\" \/>\n<meta property=\"og:url\" content=\"https:\/\/www.celttv.com.ar\/index.php\/2021\/08\/28\/este-ano-se-triplicara-la-produccion-de-la-huerta-municipal\/\" \/>\n<meta property=\"og:site_name\" content=\"CELTTV\" \/>\n<meta property=\"article:publisher\" content=\"https:\/\/www.facebook.com\/celtTV\/\" \/>\n<meta property=\"article:published_time\" content=\"2021-08-28T16:01:05+00:00\" \/>\n<meta property=\"og:image\" content=\"https:\/\/www.celttv.com.ar\/wp-content\/uploads\/2021\/08\/Huerta-municipal-1-Medium.jpeg\" \/>\n\t<meta property=\"og:image:width\" content=\"1024\" \/>\n\t<meta property=\"og:image:height\" content=\"768\" \/>\n\t<meta property=\"og:image:type\" content=\"image\/jpeg\" \/>\n<meta name=\"author\" content=\"ulises\" \/>\n<meta name=\"twitter:card\" content=\"summary_large_image\" \/>\n<meta name=\"twitter:label1\" content=\"Escrito por\" \/>\n\t<meta name=\"twitter:data1\" content=\"ulises\" \/>\n\t<meta name=\"twitter:label2\" content=\"Tiempo de lectura\" \/>\n\t<meta name=\"twitter:data2\" content=\"1 minuto\" \/>\n<script type=\"application\/ld+json\" class=\"yoast-schema-graph\">{\"@context\":\"https:\/\/schema.org\",\"@graph\":[{\"@type\":\"NewsArticle\",\"@id\":\"https:\/\/www.celttv.com.ar\/index.php\/2021\/08\/28\/este-ano-se-triplicara-la-produccion-de-la-huerta-municipal\/#article\",\"isPartOf\":{\"@id\":\"https:\/\/www.celttv.com.ar\/index.php\/2021\/08\/28\/este-ano-se-triplicara-la-produccion-de-la-huerta-municipal\/\"},\"author\":{\"name\":\"ulises\",\"@id\":\"https:\/\/www.celttv.com.ar\/#\/schema\/person\/6d99c072dba59953809c81446e9d0ace\"},\"headline\":\"Este a\u00f1o se triplicar\u00e1 la producci\u00f3n de la Huerta Municipal\",\"datePublished\":\"2021-08-28T16:01:05+00:00\",\"dateModified\":\"2021-08-28T16:01:05+00:00\",\"mainEntityOfPage\":{\"@id\":\"https:\/\/www.celttv.com.ar\/index.php\/2021\/08\/28\/este-ano-se-triplicara-la-produccion-de-la-huerta-municipal\/\"},\"wordCount\":186,\"publisher\":{\"@id\":\"https:\/\/www.celttv.com.ar\/#organization\"},\"articleSection\":[\"Comunidad\",\"Destacadas\",\"Municipales\",\"Producci\u00f3n y Medio Ambiente\"],\"inLanguage\":\"es\"},{\"@type\":\"WebPage\",\"@id\":\"https:\/\/www.celttv.com.ar\/index.php\/2021\/08\/28\/este-ano-se-triplicara-la-produccion-de-la-huerta-municipal\/\",\"url\":\"https:\/\/www.celttv.com.ar\/index.php\/2021\/08\/28\/este-ano-se-triplicara-la-produccion-de-la-huerta-municipal\/\",\"name\":\"Este a\u00f1o se triplicar\u00e1 la producci\u00f3n de la Huerta Municipal - CELTTV\",\"isPartOf\":{\"@id\":\"https:\/\/www.celttv.com.ar\/#website\"},\"datePublished\":\"2021-08-28T16:01:05+00:00\",\"dateModified\":\"2021-08-28T16:01:05+00:00\",\"description\":\"Sitio web de noticias de la localidad de Tornquist, provincia de Buenos Aires, Rep\u00fablica Argentina. Contenido propio originado por periodistas de CELTTV, el canal de TV local de la Cooperativa El\u00e9ctrica de Tornquist. Turismo, Pol\u00edtica, Sociedad, Deporte, Cultura y todo el contenido de inter\u00e9s general que la gente del pueblo y la regi\u00f3n debe conocer.\",\"breadcrumb\":{\"@id\":\"https:\/\/www.celttv.com.ar\/index.php\/2021\/08\/28\/este-ano-se-triplicara-la-produccion-de-la-huerta-municipal\/#breadcrumb\"},\"inLanguage\":\"es\",\"potentialAction\":[{\"@type\":\"ReadAction\",\"target\":[\"https:\/\/www.celttv.com.ar\/index.php\/2021\/08\/28\/este-ano-se-triplicara-la-produccion-de-la-huerta-municipal\/\"]}]},{\"@type\":\"BreadcrumbList\",\"@id\":\"https:\/\/www.celttv.com.ar\/index.php\/2021\/08\/28\/este-ano-se-triplicara-la-produccion-de-la-huerta-municipal\/#breadcrumb\",\"itemListElement\":[{\"@type\":\"ListItem\",\"position\":1,\"name\":\"Inicio\",\"item\":\"https:\/\/www.celttv.com.ar\/\"},{\"@type\":\"ListItem\",\"position\":2,\"name\":\"Este a\u00f1o se triplicar\u00e1 la producci\u00f3n de la Huerta Municipal\"}]},{\"@type\":\"WebSite\",\"@id\":\"https:\/\/www.celttv.com.ar\/#website\",\"url\":\"https:\/\/www.celttv.com.ar\/\",\"name\":\"CELTTV\",\"description\":\"Cooperativa El\u00e9ctrica de Tornquist\",\"publisher\":{\"@id\":\"https:\/\/www.celttv.com.ar\/#organization\"},\"potentialAction\":[{\"@type\":\"SearchAction\",\"target\":{\"@type\":\"EntryPoint\",\"urlTemplate\":\"https:\/\/www.celttv.com.ar\/?s={search_term_string}\"},\"query-input\":\"required name=search_term_string\"}],\"inLanguage\":\"es\"},{\"@type\":\"Organization\",\"@id\":\"https:\/\/www.celttv.com.ar\/#organization\",\"name\":\"CELTTV\",\"url\":\"https:\/\/www.celttv.com.ar\/\",\"sameAs\":[\"https:\/\/www.youtube.com\/channel\/UCz_oIt8Hig64Ub-EmcNPIhg\",\"https:\/\/www.facebook.com\/celtTV\/\"],\"logo\":{\"@type\":\"ImageObject\",\"inLanguage\":\"es\",\"@id\":\"https:\/\/www.celttv.com.ar\/#\/schema\/logo\/image\/\",\"url\":\"http:\/\/www.celttv.com.ar\/wp-content\/uploads\/2022\/08\/logo-1.png\",\"contentUrl\":\"http:\/\/www.celttv.com.ar\/wp-content\/uploads\/2022\/08\/logo-1.png\",\"width\":461,\"height\":159,\"caption\":\"CELTTV\"},\"image\":{\"@id\":\"https:\/\/www.celttv.com.ar\/#\/schema\/logo\/image\/\"}},{\"@type\":\"Person\",\"@id\":\"https:\/\/www.celttv.com.ar\/#\/schema\/person\/6d99c072dba59953809c81446e9d0ace\",\"name\":\"ulises\",\"image\":{\"@type\":\"ImageObject\",\"inLanguage\":\"es\",\"@id\":\"https:\/\/www.celttv.com.ar\/#\/schema\/person\/image\/\",\"url\":\"https:\/\/secure.gravatar.com\/avatar\/7f2c48bdc33b30088f941fb6082e555f2874c98e20cb159d7b92b50eadfce793?s=96&d=mm&r=g\",\"contentUrl\":\"https:\/\/secure.gravatar.com\/avatar\/7f2c48bdc33b30088f941fb6082e555f2874c98e20cb159d7b92b50eadfce793?s=96&d=mm&r=g\",\"caption\":\"ulises\"},\"sameAs\":[\"http:\/\/www.celttv.com.ar\"]}]}<\/script>\n<!-- \/ Yoast SEO plugin. -->","yoast_head_json":{"title":"Este a\u00f1o se triplicar\u00e1 la producci\u00f3n de la Huerta Municipal - CELTTV","description":"Sitio web de noticias de la localidad de Tornquist, provincia de Buenos Aires, Rep\u00fablica Argentina. Contenido propio originado por periodistas de CELTTV, el canal de TV local de la Cooperativa El\u00e9ctrica de Tornquist. Turismo, Pol\u00edtica, Sociedad, Deporte, Cultura y todo el contenido de inter\u00e9s general que la gente del pueblo y la regi\u00f3n debe conocer.","robots":{"index":"index","follow":"follow","max-snippet":"max-snippet:-1","max-image-preview":"max-image-preview:large","max-video-preview":"max-video-preview:-1"},"canonical":"https:\/\/www.celttv.com.ar\/index.php\/2021\/08\/28\/este-ano-se-triplicara-la-produccion-de-la-huerta-municipal\/","og_locale":"es_ES","og_type":"article","og_title":"Este a\u00f1o se triplicar\u00e1 la producci\u00f3n de la Huerta Municipal - CELTTV","og_description":"Sitio web de noticias de la localidad de Tornquist, provincia de Buenos Aires, Rep\u00fablica Argentina. Contenido propio originado por periodistas de CELTTV, el canal de TV local de la Cooperativa El\u00e9ctrica de Tornquist. Turismo, Pol\u00edtica, Sociedad, Deporte, Cultura y todo el contenido de inter\u00e9s general que la gente del pueblo y la regi\u00f3n debe conocer.","og_url":"https:\/\/www.celttv.com.ar\/index.php\/2021\/08\/28\/este-ano-se-triplicara-la-produccion-de-la-huerta-municipal\/","og_site_name":"CELTTV","article_publisher":"https:\/\/www.facebook.com\/celtTV\/","article_published_time":"2021-08-28T16:01:05+00:00","og_image":[{"width":1024,"height":768,"url":"https:\/\/www.celttv.com.ar\/wp-content\/uploads\/2021\/08\/Huerta-municipal-1-Medium.jpeg","type":"image\/jpeg"}],"author":"ulises","twitter_card":"summary_large_image","twitter_misc":{"Escrito por":"ulises","Tiempo de lectura":"1 minuto"},"schema":{"@context":"https:\/\/schema.org","@graph":[{"@type":"NewsArticle","@id":"https:\/\/www.celttv.com.ar\/index.php\/2021\/08\/28\/este-ano-se-triplicara-la-produccion-de-la-huerta-municipal\/#article","isPartOf":{"@id":"https:\/\/www.celttv.com.ar\/index.php\/2021\/08\/28\/este-ano-se-triplicara-la-produccion-de-la-huerta-municipal\/"},"author":{"name":"ulises","@id":"https:\/\/www.celttv.com.ar\/#\/schema\/person\/6d99c072dba59953809c81446e9d0ace"},"headline":"Este a\u00f1o se triplicar\u00e1 la producci\u00f3n de la Huerta Municipal","datePublished":"2021-08-28T16:01:05+00:00","dateModified":"2021-08-28T16:01:05+00:00","mainEntityOfPage":{"@id":"https:\/\/www.celttv.com.ar\/index.php\/2021\/08\/28\/este-ano-se-triplicara-la-produccion-de-la-huerta-municipal\/"},"wordCount":186,"publisher":{"@id":"https:\/\/www.celttv.com.ar\/#organization"},"articleSection":["Comunidad","Destacadas","Municipales","Producci\u00f3n y Medio Ambiente"],"inLanguage":"es"},{"@type":"WebPage","@id":"https:\/\/www.celttv.com.ar\/index.php\/2021\/08\/28\/este-ano-se-triplicara-la-produccion-de-la-huerta-municipal\/","url":"https:\/\/www.celttv.com.ar\/index.php\/2021\/08\/28\/este-ano-se-triplicara-la-produccion-de-la-huerta-municipal\/","name":"Este a\u00f1o se triplicar\u00e1 la producci\u00f3n de la Huerta Municipal - CELTTV","isPartOf":{"@id":"https:\/\/www.celttv.com.ar\/#website"},"datePublished":"2021-08-28T16:01:05+00:00","dateModified":"2021-08-28T16:01:05+00:00","description":"Sitio web de noticias de la localidad de Tornquist, provincia de Buenos Aires, Rep\u00fablica Argentina. Contenido propio originado por periodistas de CELTTV, el canal de TV local de la Cooperativa El\u00e9ctrica de Tornquist. Turismo, Pol\u00edtica, Sociedad, Deporte, Cultura y todo el contenido de inter\u00e9s general que la gente del pueblo y la regi\u00f3n debe conocer.","breadcrumb":{"@id":"https:\/\/www.celttv.com.ar\/index.php\/2021\/08\/28\/este-ano-se-triplicara-la-produccion-de-la-huerta-municipal\/#breadcrumb"},"inLanguage":"es","potentialAction":[{"@type":"ReadAction","target":["https:\/\/www.celttv.com.ar\/index.php\/2021\/08\/28\/este-ano-se-triplicara-la-produccion-de-la-huerta-municipal\/"]}]},{"@type":"BreadcrumbList","@id":"https:\/\/www.celttv.com.ar\/index.php\/2021\/08\/28\/este-ano-se-triplicara-la-produccion-de-la-huerta-municipal\/#breadcrumb","itemListElement":[{"@type":"ListItem","position":1,"name":"Inicio","item":"https:\/\/www.celttv.com.ar\/"},{"@type":"ListItem","position":2,"name":"Este a\u00f1o se triplicar\u00e1 la producci\u00f3n de la Huerta Municipal"}]},{"@type":"WebSite","@id":"https:\/\/www.celttv.com.ar\/#website","url":"https:\/\/www.celttv.com.ar\/","name":"CELTTV","description":"Cooperativa El\u00e9ctrica de Tornquist","publisher":{"@id":"https:\/\/www.celttv.com.ar\/#organization"},"potentialAction":[{"@type":"SearchAction","target":{"@type":"EntryPoint","urlTemplate":"https:\/\/www.celttv.com.ar\/?s={search_term_string}"},"query-input":"required name=search_term_string"}],"inLanguage":"es"},{"@type":"Organization","@id":"https:\/\/www.celttv.com.ar\/#organization","name":"CELTTV","url":"https:\/\/www.celttv.com.ar\/","sameAs":["https:\/\/www.youtube.com\/channel\/UCz_oIt8Hig64Ub-EmcNPIhg","https:\/\/www.facebook.com\/celtTV\/"],"logo":{"@type":"ImageObject","inLanguage":"es","@id":"https:\/\/www.celttv.com.ar\/#\/schema\/logo\/image\/","url":"http:\/\/www.celttv.com.ar\/wp-content\/uploads\/2022\/08\/logo-1.png","contentUrl":"http:\/\/www.celttv.com.ar\/wp-content\/uploads\/2022\/08\/logo-1.png","width":461,"height":159,"caption":"CELTTV"},"image":{"@id":"https:\/\/www.celttv.com.ar\/#\/schema\/logo\/image\/"}},{"@type":"Person","@id":"https:\/\/www.celttv.com.ar\/#\/schema\/person\/6d99c072dba59953809c81446e9d0ace","name":"ulises","image":{"@type":"ImageObject","inLanguage":"es","@id":"https:\/\/www.celttv.com.ar\/#\/schema\/person\/image\/","url":"https:\/\/secure.gravatar.com\/avatar\/7f2c48bdc33b30088f941fb6082e555f2874c98e20cb159d7b92b50eadfce793?s=96&d=mm&r=g","contentUrl":"https:\/\/secure.gravatar.com\/avatar\/7f2c48bdc33b30088f941fb6082e555f2874c98e20cb159d7b92b50eadfce793?s=96&d=mm&r=g","caption":"ulises"},"sameAs":["http:\/\/www.celttv.com.ar"]}]}},"_links":{"self":[{"href":"https:\/\/www.celttv.com.ar\/index.php\/wp-json\/wp\/v2\/posts\/59800","targetHints":{"allow":["GET"]}}],"collection":[{"href":"https:\/\/www.celttv.com.ar\/index.php\/wp-json\/wp\/v2\/posts"}],"about":[{"href":"https:\/\/www.celttv.com.ar\/index.php\/wp-json\/wp\/v2\/types\/post"}],"author":[{"embeddable":true,"href":"https:\/\/www.celttv.com.ar\/index.php\/wp-json\/wp\/v2\/users\/1"}],"replies":[{"embeddable":true,"href":"https:\/\/www.celttv.com.ar\/index.php\/wp-json\/wp\/v2\/comments?post=59800"}],"version-history":[{"count":0,"href":"https:\/\/www.celttv.com.ar\/index.php\/wp-json\/wp\/v2\/posts\/59800\/revisions"}],"wp:featuredmedia":[{"embeddable":true,"href":"https:\/\/www.celttv.com.ar\/index.php\/wp-json\/wp\/v2\/media\/59801"}],"wp:attachment":[{"href":"https:\/\/www.celttv.com.ar\/index.php\/wp-json\/wp\/v2\/media?parent=59800"}],"wp:term":[{"taxonomy":"category","embeddable":true,"href":"https:\/\/www.celttv.com.ar\/index.php\/wp-json\/wp\/v2\/categories?post=59800"},{"taxonomy":"post_tag","embeddable":true,"href":"https:\/\/www.celttv.com.ar\/index.php\/wp-json\/wp\/v2\/tags?post=59800"}],"curies":[{"name":"wp","href":"https:\/\/api.w.org\/{rel}","templated":true}]}}