{"id":6006,"date":"2012-04-12T00:06:28","date_gmt":"2012-04-12T00:06:28","guid":{"rendered":"http:\/\/www.tvcnoticias.com.ar\/?p=6006"},"modified":"2012-04-12T00:06:28","modified_gmt":"2012-04-12T00:06:28","slug":"mas-de-9-000-personas-visitaron-el-parque-provincial-en-los-ultimos-feriados-fotos","status":"publish","type":"post","link":"https:\/\/www.celttv.com.ar\/index.php\/2012\/04\/12\/mas-de-9-000-personas-visitaron-el-parque-provincial-en-los-ultimos-feriados-fotos\/","title":{"rendered":"MAS DE 9.000 PERSONAS VISITARON EL PARQUE PROVINCIAL EN LOS ULTIMOS FERIADOS (Fotos)"},"content":{"rendered":"<p>Durante la semana del 31 de marzo al 08 de abril, el personal del Parque Provincial Ernesto Tornquist y Monumento Natural Cerro de la Ventana, brind\u00f3 atenci\u00f3n, informaci\u00f3n y orientaci\u00f3n a m\u00e1s de 9.000 visitantes que ingresaron a esta reserva natural de la provincia de Buenos Aires, enclavada en el coraz\u00f3n del Partido de Tornquist, y administrada por el Organismo Provincial para el Desarrollo Sostenible (OPDS).<br \/>\nA trav\u00e9s de las dos oficinas de recepci\u00f3n e informes, que el Parque Provincial mantiene abiertas durante todo el a\u00f1o, el visitantes que transit\u00f3 durante el fin de semana largo del 02 de abril y los d\u00edas de Semana Santa por el Partido de Tornquist, pudo disfrutar de la variada oferta de senderos pedestres auto guiados y excursiones guiadas que se desarrollan en el \u00e1rea, y en particular al Hueco de la Ventana que es emblema y da nombre al sistema serrano.<br \/>\n\u00a0\u00a0\u00a0\u00a0\u00a0\u00a0\u00a0\u00a0\u00a0\u00a0\u00a0\u00a0\u00a0\u00a0\u00a0 En tal sentido se contabilizaron, durante los 8 d\u00edas observados, un total de 2.516 personas que subieron hasta el Hueco de la Ventana, siendo este, el sendero m\u00e1s visitado, pero por una m\u00ednima diferencia con el sendero de Garganta Olvidada que recibi\u00f3 un total de 2.513 visitantes. Por su parte Piletones Naturales recibi\u00f3 1.451, Cerro Bah\u00eda Blanca 1.440 y sendero Claro Oscuro 1.264. Por \u00faltimo en la excursi\u00f3n guida a Garganta del Diablo participaron 81 visitantes y en a Arte Rupestre 178.<br \/>\n\u00a0\u00a0\u00a0\u00a0\u00a0\u00a0\u00a0\u00a0\u00a0\u00a0\u00a0\u00a0\u00a0\u00a0\u00a0 Dada la gran cantidad de visitantes, y vi\u00e9ndose saturada la capacidad de los senderos, en algunas oportunidades el ingreso a un determinado sendero fue suspendido por un espacio de tiempo determinado, permitiendo la descompresi\u00f3n del tr\u00e1nsito dentro del mismo, para ser posteriormente reanudado el acceso una vez que el sendero se despejara. Esta medida fue necesaria en varias oportunidades dado que el aspecto de conservaci\u00f3n del medio natural y las especies nativas que en \u00e9l se desarrollan es prioridad para un \u00e1rea natural protegida como el Parque.<br \/>\n\u00a0\u00a0\u00a0\u00a0\u00a0\u00a0\u00a0\u00a0\u00a0\u00a0\u00a0\u00a0\u00a0\u00a0\u00a0 Debe destacarse que a pesar de haber recibido en 8 d\u00edas m\u00e1s del 10% de los visitantes que el parque recibe en un a\u00f1o, no se registraron accidentes graves ni incidentes de magnitud, salvo dos personas que sufrieron torceduras de tobillo leves durante el descenso del Hueco de la Ventana, situaciones que fueron resueltas por el personal del parque, sin necesidad de convocar a los cuerpos de Bomberos Voluntarios locales.<br \/>\n\u00a0\u00a0\u00a0\u00a0\u00a0\u00a0\u00a0\u00a0\u00a0\u00a0\u00a0\u00a0\u00a0\u00a0\u00a0 Consideramos acertadas las medidas de manejo establecidas para el uso de los senderos en el Parque Provincial, como son los horarios tope para ascensos, la obligatoriedad de ingresar con calzados adecuados, los l\u00edmites de edades, horarios de descenso, inhabilitaci\u00f3n de senderos por mal estado, etc. dado que vemos reducida considerablemente la estad\u00edstica de accidentes y regulado en cierta medida el impacto de la actividad tur\u00edstica sobre el \u00e1rea, a pesar de que la cantidad de visitantes que ingresan no decrece.<br \/>\n\u00a0PRENSA PARQUE PROVINCIAL<br \/>\n<\/p>\n","protected":false},"excerpt":{"rendered":"<p>Durante la semana del 31 de marzo al 08 de abril, el personal del Parque Provincial Ernesto Tornquist y Monumento Natural Cerro de la Ventana, brind\u00f3 atenci\u00f3n, informaci\u00f3n y orientaci\u00f3n a m\u00e1s de 9.000 visitantes que ingresaron a esta reserva natural de la provincia de Buenos Aires, enclavada en el coraz\u00f3n del Partido de Tornquist, [&hellip;]<\/p>\n","protected":false},"author":1,"featured_media":0,"comment_status":"closed","ping_status":"open","sticky":false,"template":"","format":"standard","meta":{"footnotes":""},"categories":[51,52],"tags":[],"class_list":["post-6006","post","type-post","status-publish","format-standard","hentry","category-comunidad","category-destacadas"],"yoast_head":"<!-- This site is optimized with the Yoast SEO plugin v19.7.1 - https:\/\/yoast.com\/wordpress\/plugins\/seo\/ -->\n<title>MAS DE 9.000 PERSONAS VISITARON EL PARQUE PROVINCIAL EN LOS ULTIMOS FERIADOS (Fotos) - CELTTV<\/title>\n<meta name=\"description\" content=\"Sitio web de noticias de la localidad de Tornquist, provincia de Buenos Aires, Rep\u00fablica Argentina. Contenido propio originado por periodistas de CELTTV, el canal de TV local de la Cooperativa El\u00e9ctrica de Tornquist. Turismo, Pol\u00edtica, Sociedad, Deporte, Cultura y todo el contenido de inter\u00e9s general que la gente del pueblo y la regi\u00f3n debe conocer.\" \/>\n<meta name=\"robots\" content=\"index, follow, max-snippet:-1, max-image-preview:large, max-video-preview:-1\" \/>\n<link rel=\"canonical\" href=\"https:\/\/www.celttv.com.ar\/index.php\/2012\/04\/12\/mas-de-9-000-personas-visitaron-el-parque-provincial-en-los-ultimos-feriados-fotos\/\" \/>\n<meta property=\"og:locale\" content=\"es_ES\" \/>\n<meta property=\"og:type\" content=\"article\" \/>\n<meta property=\"og:title\" content=\"MAS DE 9.000 PERSONAS VISITARON EL PARQUE PROVINCIAL EN LOS ULTIMOS FERIADOS (Fotos) - CELTTV\" \/>\n<meta property=\"og:description\" content=\"Sitio web de noticias de la localidad de Tornquist, provincia de Buenos Aires, Rep\u00fablica Argentina. Contenido propio originado por periodistas de CELTTV, el canal de TV local de la Cooperativa El\u00e9ctrica de Tornquist. Turismo, Pol\u00edtica, Sociedad, Deporte, Cultura y todo el contenido de inter\u00e9s general que la gente del pueblo y la regi\u00f3n debe conocer.\" \/>\n<meta property=\"og:url\" content=\"https:\/\/www.celttv.com.ar\/index.php\/2012\/04\/12\/mas-de-9-000-personas-visitaron-el-parque-provincial-en-los-ultimos-feriados-fotos\/\" \/>\n<meta property=\"og:site_name\" content=\"CELTTV\" \/>\n<meta property=\"article:publisher\" content=\"https:\/\/www.facebook.com\/celtTV\/\" \/>\n<meta property=\"article:published_time\" content=\"2012-04-12T00:06:28+00:00\" \/>\n<meta name=\"author\" content=\"ulises\" \/>\n<meta name=\"twitter:card\" content=\"summary_large_image\" \/>\n<meta name=\"twitter:label1\" content=\"Escrito por\" \/>\n\t<meta name=\"twitter:data1\" content=\"ulises\" \/>\n\t<meta name=\"twitter:label2\" content=\"Tiempo de lectura\" \/>\n\t<meta name=\"twitter:data2\" content=\"2 minutos\" \/>\n<script type=\"application\/ld+json\" class=\"yoast-schema-graph\">{\"@context\":\"https:\/\/schema.org\",\"@graph\":[{\"@type\":\"NewsArticle\",\"@id\":\"https:\/\/www.celttv.com.ar\/index.php\/2012\/04\/12\/mas-de-9-000-personas-visitaron-el-parque-provincial-en-los-ultimos-feriados-fotos\/#article\",\"isPartOf\":{\"@id\":\"https:\/\/www.celttv.com.ar\/index.php\/2012\/04\/12\/mas-de-9-000-personas-visitaron-el-parque-provincial-en-los-ultimos-feriados-fotos\/\"},\"author\":{\"name\":\"ulises\",\"@id\":\"https:\/\/www.celttv.com.ar\/#\/schema\/person\/6d99c072dba59953809c81446e9d0ace\"},\"headline\":\"MAS DE 9.000 PERSONAS VISITARON EL PARQUE PROVINCIAL EN LOS ULTIMOS FERIADOS (Fotos)\",\"datePublished\":\"2012-04-12T00:06:28+00:00\",\"dateModified\":\"2012-04-12T00:06:28+00:00\",\"mainEntityOfPage\":{\"@id\":\"https:\/\/www.celttv.com.ar\/index.php\/2012\/04\/12\/mas-de-9-000-personas-visitaron-el-parque-provincial-en-los-ultimos-feriados-fotos\/\"},\"wordCount\":497,\"publisher\":{\"@id\":\"https:\/\/www.celttv.com.ar\/#organization\"},\"articleSection\":[\"Comunidad\",\"Destacadas\"],\"inLanguage\":\"es\"},{\"@type\":\"WebPage\",\"@id\":\"https:\/\/www.celttv.com.ar\/index.php\/2012\/04\/12\/mas-de-9-000-personas-visitaron-el-parque-provincial-en-los-ultimos-feriados-fotos\/\",\"url\":\"https:\/\/www.celttv.com.ar\/index.php\/2012\/04\/12\/mas-de-9-000-personas-visitaron-el-parque-provincial-en-los-ultimos-feriados-fotos\/\",\"name\":\"MAS DE 9.000 PERSONAS VISITARON EL PARQUE PROVINCIAL EN LOS ULTIMOS FERIADOS (Fotos) - CELTTV\",\"isPartOf\":{\"@id\":\"https:\/\/www.celttv.com.ar\/#website\"},\"datePublished\":\"2012-04-12T00:06:28+00:00\",\"dateModified\":\"2012-04-12T00:06:28+00:00\",\"description\":\"Sitio web de noticias de la localidad de Tornquist, provincia de Buenos Aires, Rep\u00fablica Argentina. Contenido propio originado por periodistas de CELTTV, el canal de TV local de la Cooperativa El\u00e9ctrica de Tornquist. Turismo, Pol\u00edtica, Sociedad, Deporte, Cultura y todo el contenido de inter\u00e9s general que la gente del pueblo y la regi\u00f3n debe conocer.\",\"breadcrumb\":{\"@id\":\"https:\/\/www.celttv.com.ar\/index.php\/2012\/04\/12\/mas-de-9-000-personas-visitaron-el-parque-provincial-en-los-ultimos-feriados-fotos\/#breadcrumb\"},\"inLanguage\":\"es\",\"potentialAction\":[{\"@type\":\"ReadAction\",\"target\":[\"https:\/\/www.celttv.com.ar\/index.php\/2012\/04\/12\/mas-de-9-000-personas-visitaron-el-parque-provincial-en-los-ultimos-feriados-fotos\/\"]}]},{\"@type\":\"BreadcrumbList\",\"@id\":\"https:\/\/www.celttv.com.ar\/index.php\/2012\/04\/12\/mas-de-9-000-personas-visitaron-el-parque-provincial-en-los-ultimos-feriados-fotos\/#breadcrumb\",\"itemListElement\":[{\"@type\":\"ListItem\",\"position\":1,\"name\":\"Inicio\",\"item\":\"https:\/\/www.celttv.com.ar\/\"},{\"@type\":\"ListItem\",\"position\":2,\"name\":\"MAS DE 9.000 PERSONAS VISITARON EL PARQUE PROVINCIAL EN LOS ULTIMOS FERIADOS (Fotos)\"}]},{\"@type\":\"WebSite\",\"@id\":\"https:\/\/www.celttv.com.ar\/#website\",\"url\":\"https:\/\/www.celttv.com.ar\/\",\"name\":\"CELTTV\",\"description\":\"Cooperativa El\u00e9ctrica de Tornquist\",\"publisher\":{\"@id\":\"https:\/\/www.celttv.com.ar\/#organization\"},\"potentialAction\":[{\"@type\":\"SearchAction\",\"target\":{\"@type\":\"EntryPoint\",\"urlTemplate\":\"https:\/\/www.celttv.com.ar\/?s={search_term_string}\"},\"query-input\":\"required name=search_term_string\"}],\"inLanguage\":\"es\"},{\"@type\":\"Organization\",\"@id\":\"https:\/\/www.celttv.com.ar\/#organization\",\"name\":\"CELTTV\",\"url\":\"https:\/\/www.celttv.com.ar\/\",\"sameAs\":[\"https:\/\/www.youtube.com\/channel\/UCz_oIt8Hig64Ub-EmcNPIhg\",\"https:\/\/www.facebook.com\/celtTV\/\"],\"logo\":{\"@type\":\"ImageObject\",\"inLanguage\":\"es\",\"@id\":\"https:\/\/www.celttv.com.ar\/#\/schema\/logo\/image\/\",\"url\":\"http:\/\/www.celttv.com.ar\/wp-content\/uploads\/2022\/08\/logo-1.png\",\"contentUrl\":\"http:\/\/www.celttv.com.ar\/wp-content\/uploads\/2022\/08\/logo-1.png\",\"width\":461,\"height\":159,\"caption\":\"CELTTV\"},\"image\":{\"@id\":\"https:\/\/www.celttv.com.ar\/#\/schema\/logo\/image\/\"}},{\"@type\":\"Person\",\"@id\":\"https:\/\/www.celttv.com.ar\/#\/schema\/person\/6d99c072dba59953809c81446e9d0ace\",\"name\":\"ulises\",\"image\":{\"@type\":\"ImageObject\",\"inLanguage\":\"es\",\"@id\":\"https:\/\/www.celttv.com.ar\/#\/schema\/person\/image\/\",\"url\":\"https:\/\/secure.gravatar.com\/avatar\/7f2c48bdc33b30088f941fb6082e555f2874c98e20cb159d7b92b50eadfce793?s=96&d=mm&r=g\",\"contentUrl\":\"https:\/\/secure.gravatar.com\/avatar\/7f2c48bdc33b30088f941fb6082e555f2874c98e20cb159d7b92b50eadfce793?s=96&d=mm&r=g\",\"caption\":\"ulises\"},\"sameAs\":[\"http:\/\/www.celttv.com.ar\"]}]}<\/script>\n<!-- \/ Yoast SEO plugin. -->","yoast_head_json":{"title":"MAS DE 9.000 PERSONAS VISITARON EL PARQUE PROVINCIAL EN LOS ULTIMOS FERIADOS (Fotos) - CELTTV","description":"Sitio web de noticias de la localidad de Tornquist, provincia de Buenos Aires, Rep\u00fablica Argentina. Contenido propio originado por periodistas de CELTTV, el canal de TV local de la Cooperativa El\u00e9ctrica de Tornquist. Turismo, Pol\u00edtica, Sociedad, Deporte, Cultura y todo el contenido de inter\u00e9s general que la gente del pueblo y la regi\u00f3n debe conocer.","robots":{"index":"index","follow":"follow","max-snippet":"max-snippet:-1","max-image-preview":"max-image-preview:large","max-video-preview":"max-video-preview:-1"},"canonical":"https:\/\/www.celttv.com.ar\/index.php\/2012\/04\/12\/mas-de-9-000-personas-visitaron-el-parque-provincial-en-los-ultimos-feriados-fotos\/","og_locale":"es_ES","og_type":"article","og_title":"MAS DE 9.000 PERSONAS VISITARON EL PARQUE PROVINCIAL EN LOS ULTIMOS FERIADOS (Fotos) - CELTTV","og_description":"Sitio web de noticias de la localidad de Tornquist, provincia de Buenos Aires, Rep\u00fablica Argentina. Contenido propio originado por periodistas de CELTTV, el canal de TV local de la Cooperativa El\u00e9ctrica de Tornquist. Turismo, Pol\u00edtica, Sociedad, Deporte, Cultura y todo el contenido de inter\u00e9s general que la gente del pueblo y la regi\u00f3n debe conocer.","og_url":"https:\/\/www.celttv.com.ar\/index.php\/2012\/04\/12\/mas-de-9-000-personas-visitaron-el-parque-provincial-en-los-ultimos-feriados-fotos\/","og_site_name":"CELTTV","article_publisher":"https:\/\/www.facebook.com\/celtTV\/","article_published_time":"2012-04-12T00:06:28+00:00","author":"ulises","twitter_card":"summary_large_image","twitter_misc":{"Escrito por":"ulises","Tiempo de lectura":"2 minutos"},"schema":{"@context":"https:\/\/schema.org","@graph":[{"@type":"NewsArticle","@id":"https:\/\/www.celttv.com.ar\/index.php\/2012\/04\/12\/mas-de-9-000-personas-visitaron-el-parque-provincial-en-los-ultimos-feriados-fotos\/#article","isPartOf":{"@id":"https:\/\/www.celttv.com.ar\/index.php\/2012\/04\/12\/mas-de-9-000-personas-visitaron-el-parque-provincial-en-los-ultimos-feriados-fotos\/"},"author":{"name":"ulises","@id":"https:\/\/www.celttv.com.ar\/#\/schema\/person\/6d99c072dba59953809c81446e9d0ace"},"headline":"MAS DE 9.000 PERSONAS VISITARON EL PARQUE PROVINCIAL EN LOS ULTIMOS FERIADOS (Fotos)","datePublished":"2012-04-12T00:06:28+00:00","dateModified":"2012-04-12T00:06:28+00:00","mainEntityOfPage":{"@id":"https:\/\/www.celttv.com.ar\/index.php\/2012\/04\/12\/mas-de-9-000-personas-visitaron-el-parque-provincial-en-los-ultimos-feriados-fotos\/"},"wordCount":497,"publisher":{"@id":"https:\/\/www.celttv.com.ar\/#organization"},"articleSection":["Comunidad","Destacadas"],"inLanguage":"es"},{"@type":"WebPage","@id":"https:\/\/www.celttv.com.ar\/index.php\/2012\/04\/12\/mas-de-9-000-personas-visitaron-el-parque-provincial-en-los-ultimos-feriados-fotos\/","url":"https:\/\/www.celttv.com.ar\/index.php\/2012\/04\/12\/mas-de-9-000-personas-visitaron-el-parque-provincial-en-los-ultimos-feriados-fotos\/","name":"MAS DE 9.000 PERSONAS VISITARON EL PARQUE PROVINCIAL EN LOS ULTIMOS FERIADOS (Fotos) - CELTTV","isPartOf":{"@id":"https:\/\/www.celttv.com.ar\/#website"},"datePublished":"2012-04-12T00:06:28+00:00","dateModified":"2012-04-12T00:06:28+00:00","description":"Sitio web de noticias de la localidad de Tornquist, provincia de Buenos Aires, Rep\u00fablica Argentina. Contenido propio originado por periodistas de CELTTV, el canal de TV local de la Cooperativa El\u00e9ctrica de Tornquist. Turismo, Pol\u00edtica, Sociedad, Deporte, Cultura y todo el contenido de inter\u00e9s general que la gente del pueblo y la regi\u00f3n debe conocer.","breadcrumb":{"@id":"https:\/\/www.celttv.com.ar\/index.php\/2012\/04\/12\/mas-de-9-000-personas-visitaron-el-parque-provincial-en-los-ultimos-feriados-fotos\/#breadcrumb"},"inLanguage":"es","potentialAction":[{"@type":"ReadAction","target":["https:\/\/www.celttv.com.ar\/index.php\/2012\/04\/12\/mas-de-9-000-personas-visitaron-el-parque-provincial-en-los-ultimos-feriados-fotos\/"]}]},{"@type":"BreadcrumbList","@id":"https:\/\/www.celttv.com.ar\/index.php\/2012\/04\/12\/mas-de-9-000-personas-visitaron-el-parque-provincial-en-los-ultimos-feriados-fotos\/#breadcrumb","itemListElement":[{"@type":"ListItem","position":1,"name":"Inicio","item":"https:\/\/www.celttv.com.ar\/"},{"@type":"ListItem","position":2,"name":"MAS DE 9.000 PERSONAS VISITARON EL PARQUE PROVINCIAL EN LOS ULTIMOS FERIADOS (Fotos)"}]},{"@type":"WebSite","@id":"https:\/\/www.celttv.com.ar\/#website","url":"https:\/\/www.celttv.com.ar\/","name":"CELTTV","description":"Cooperativa El\u00e9ctrica de Tornquist","publisher":{"@id":"https:\/\/www.celttv.com.ar\/#organization"},"potentialAction":[{"@type":"SearchAction","target":{"@type":"EntryPoint","urlTemplate":"https:\/\/www.celttv.com.ar\/?s={search_term_string}"},"query-input":"required name=search_term_string"}],"inLanguage":"es"},{"@type":"Organization","@id":"https:\/\/www.celttv.com.ar\/#organization","name":"CELTTV","url":"https:\/\/www.celttv.com.ar\/","sameAs":["https:\/\/www.youtube.com\/channel\/UCz_oIt8Hig64Ub-EmcNPIhg","https:\/\/www.facebook.com\/celtTV\/"],"logo":{"@type":"ImageObject","inLanguage":"es","@id":"https:\/\/www.celttv.com.ar\/#\/schema\/logo\/image\/","url":"http:\/\/www.celttv.com.ar\/wp-content\/uploads\/2022\/08\/logo-1.png","contentUrl":"http:\/\/www.celttv.com.ar\/wp-content\/uploads\/2022\/08\/logo-1.png","width":461,"height":159,"caption":"CELTTV"},"image":{"@id":"https:\/\/www.celttv.com.ar\/#\/schema\/logo\/image\/"}},{"@type":"Person","@id":"https:\/\/www.celttv.com.ar\/#\/schema\/person\/6d99c072dba59953809c81446e9d0ace","name":"ulises","image":{"@type":"ImageObject","inLanguage":"es","@id":"https:\/\/www.celttv.com.ar\/#\/schema\/person\/image\/","url":"https:\/\/secure.gravatar.com\/avatar\/7f2c48bdc33b30088f941fb6082e555f2874c98e20cb159d7b92b50eadfce793?s=96&d=mm&r=g","contentUrl":"https:\/\/secure.gravatar.com\/avatar\/7f2c48bdc33b30088f941fb6082e555f2874c98e20cb159d7b92b50eadfce793?s=96&d=mm&r=g","caption":"ulises"},"sameAs":["http:\/\/www.celttv.com.ar"]}]}},"_links":{"self":[{"href":"https:\/\/www.celttv.com.ar\/index.php\/wp-json\/wp\/v2\/posts\/6006","targetHints":{"allow":["GET"]}}],"collection":[{"href":"https:\/\/www.celttv.com.ar\/index.php\/wp-json\/wp\/v2\/posts"}],"about":[{"href":"https:\/\/www.celttv.com.ar\/index.php\/wp-json\/wp\/v2\/types\/post"}],"author":[{"embeddable":true,"href":"https:\/\/www.celttv.com.ar\/index.php\/wp-json\/wp\/v2\/users\/1"}],"replies":[{"embeddable":true,"href":"https:\/\/www.celttv.com.ar\/index.php\/wp-json\/wp\/v2\/comments?post=6006"}],"version-history":[{"count":0,"href":"https:\/\/www.celttv.com.ar\/index.php\/wp-json\/wp\/v2\/posts\/6006\/revisions"}],"wp:attachment":[{"href":"https:\/\/www.celttv.com.ar\/index.php\/wp-json\/wp\/v2\/media?parent=6006"}],"wp:term":[{"taxonomy":"category","embeddable":true,"href":"https:\/\/www.celttv.com.ar\/index.php\/wp-json\/wp\/v2\/categories?post=6006"},{"taxonomy":"post_tag","embeddable":true,"href":"https:\/\/www.celttv.com.ar\/index.php\/wp-json\/wp\/v2\/tags?post=6006"}],"curies":[{"name":"wp","href":"https:\/\/api.w.org\/{rel}","templated":true}]}}