{"id":60068,"date":"2021-09-10T15:39:48","date_gmt":"2021-09-10T15:39:48","guid":{"rendered":"http:\/\/www.celttv.com.ar\/?p=60068"},"modified":"2021-09-10T15:39:48","modified_gmt":"2021-09-10T15:39:48","slug":"informe-completo-de-la-ultima-sesion-del-hcd-videos","status":"publish","type":"post","link":"https:\/\/www.celttv.com.ar\/index.php\/2021\/09\/10\/informe-completo-de-la-ultima-sesion-del-hcd-videos\/","title":{"rendered":"Informe completo de la \u00faltima sesi\u00f3n ordinaria del HCD (Videos)"},"content":{"rendered":"\n<p><strong><u>INFORME SESI\u00d3N ORDINARIA DEL D\u00cdA 07-09-21<\/u><\/strong><\/p>\n\n\n\n<p><strong><u>Comunicaciones Oficiales y Dict\u00e1menes de las Comisiones:<\/u><\/strong><\/p>\n\n\n\n<p><strong><u>Expte N\u00ba 015\/21:<\/u><\/strong> D.E. Convalida la firma del convenio de colaboraci\u00f3n celebrado entre la Municipalidad de Tornquist y el C\u00edrculo- Pacientes de PAMI.<\/p>\n\n\n\n<p>Se solicita tratamiento sobre Tablas. Se aprueba por unanimidad la Ordenanza N\u00ba 3378\/21 por la que se convalida la firma del Convenio de Colaboraci\u00f3ncelebrado entre la Municipalidad de Tornquist representada por su Intendente Municipal Sr. Sergio Fabi\u00e1n Bordoni y el Circulo representado por la Dra. Ver\u00f3nica Laura Castro en su car\u00e1cter de Presidente del Circulo Medico de Tornquist.Por dichas prestaciones&nbsp;la Municipalidad percibe ingresos nomenclados bajo modulo 69 &#8211; Internaci\u00f3n,&nbsp;por parte de PAMI.-<\/p>\n\n\n\n<p><strong><u>Expte. N\u00ba 154\/21:<\/u><\/strong> &#8211; D.E. &#8211; Convalida la firma del Contrato de Comodato celebrado e\/Sebasti\u00e1n Andr\u00e9s Tatta y el Municipio de Tornquist.<\/p>\n\n\n\n<p>Se solicita tratamiento sobre Tablas<strong>. <\/strong>Se aprueba por unanimidad la Ordenanza N\u00ba 3379\/21 por la que se Convalida la firma del Contrato de Comodatocelebrado entre la Municipalidad de Tornquist por una parte, representada por su Intendente Municipal Sr.Sergio Fabi\u00e1n Bordoni y el Sr. Sebasti\u00e1n Tatta y la Sra. Roc\u00edo Alejandra Tatta por la otra. Por el mismo el Municipio cede en comodato el uso libre, gratuito y exclusivo del Sector del Escenario de la Plaza Salerno de Villa Ventana, Circ. 7 \u2013 Secci\u00f3n A \u2013 Manzana 4 \u2013 Partida N\u00ba 3764,&nbsp; para el desarrollo del proyecto de instalar en ese escenario UN MURO DE ESCALADA para realizar actividades deportivas (torneos, competencias, clases, talleres, seminarios, eventos, etc.) a establecer horarios y d\u00edas con la Direcci\u00f3n de Deportes de la Municipalidad de Tornquist.-<\/p>\n\n\n\n<p><strong><u>Expte. N\u00ba 188\/21:<\/u><\/strong> &#8211; Secretar\u00eda de Obras y Servicios P\u00fablicos \u2013 Llamado a Licitaci\u00f3n P\u00fablica para construcci\u00f3n de cord\u00f3n cuneta, badenes, pavimento y repavimentaci\u00f3n en la Localidad de Tornquist (Licitaci\u00f3n P\u00fablica N\u00ba 7\/21). (Cuerpo I y II).<\/p>\n\n\n\n<p>Se solicita tratamiento sobre Tablas<strong>. <\/strong>Se aprueba por unanimidad la Ordenanza N\u00ba 3380\/21 por la que se autoriza al Departamento Ejecutivo Municipal a adjudicar a la firma CERRA Y MORO S.R.L., con domicilio en Ruta 3 Norte Km 678 \u2013 Bah\u00eda Blanca, la obra: Construcci\u00f3n de Cord\u00f3n Cuneta, Badenes, Pavimento y Repavimentaci\u00f3n en la localidad de Tornquist, seg\u00fan Pliego de Bases y Condiciones objeto de la Licitaci\u00f3n P\u00fablica N\u00ba 07\/21, en la suma de PESOS CUARENTA Y CUATRO MILLONES CUATROSCIENTOS SETENTA Y UN MIL CIENTO NOVENTA Y SIETE CON 00\/100 ($ 44.471.197,00).-<\/p>\n\n\n\n<p><strong><u>Expte. N\u00ba 201\/21:<\/u><\/strong> &#8211; Secretar\u00eda de Obras y Servicios P\u00fablicos \u2013 Proyecto prolongaci\u00f3n de Calle Donado de Saldungaray y su numeraci\u00f3n Domiciliaria.<\/p>\n\n\n\n<p>Se solicita tratamiento sobre Tablas<strong>. <\/strong>Se aprueba por unanimidad la Ordenanza N\u00ba 3381\/21 por la que se prolonga en Saldungaray &nbsp;la designaci\u00f3n de calle Donado (entre Mz. 106 A y 106 B), la cual continuar\u00e1 desde calle 3 Esquinas hasta la intersecci\u00f3n con calle Alvear. Se establece la numeraci\u00f3n de calle Donado en sentido ascendente de Noreste a Sudoeste, desde calle 3 Esquinas hasta calle Alvear. Se asignan los n\u00fameros IMPARES a los inmuebles ubicados a la derecha, considerando el sentido ascendente de la calle, y los n\u00fameros PARES a los inmuebles ubicados a la izquierda, considerando el mismo sentido ascendente, realizando dicha numeraci\u00f3n en forma proporcional tomando en cuenta las distancias a las esquinas.-<\/p>\n\n\n\n<p><strong><u>Expte. N\u00ba 219\/21:<\/u><\/strong> &#8211; N.P.- Socio-Gerente de Bio-Organic Argentina solicita predio de 8 Has. en la Localidad de Saldungaray, para el desarrollo de producci\u00f3n de alimento org\u00e1nico.<\/p>\n\n\n\n<p>Se solicita tratamiento sobre Tablas<strong>.<\/strong><\/p>\n\n\n\n<p>Se hace la votaci\u00f3n: Por la afirmativa 1, por la negativa 11, por lo tanto al no contar con los 2\/3 de votos positivos establecidos en la Ley org\u00e1nica de las Municipalidades (que en este caso ser\u00edan 8 Concejales), el Expte. pasa a las Comisiones de Interpretaci\u00f3n y Reglamento; y Producci\u00f3n, Comercio e Industria.-<\/p>\n\n\n\n<p><strong><u>Expte. N\u00ba 222\/21:<\/u><\/strong> &#8211; D.E. \u2013 Autoriza la firma del Acta Complementaria N\u00ba 3 y N\u00ba 4 ref. al Convenio Marco de Cooperaci\u00f3n entre la Direcci\u00f3n General de Cultura y Educaci\u00f3n de la Pcia. de Bs. As. y el Municipio de Tornquist.<\/p>\n\n\n\n<p>Se solicita tratamiento sobre Tablas<strong>. <\/strong>Se aprueba por unanimidad la Ordenanza N\u00ba 3382\/21 por la que se autoriza la firma del Acta Complementaria N\u00ba 3 de la Obra Ampliaci\u00f3n Jard\u00edn de Infantes N\u00ba 906 y N\u00ba 907 por el monto de pesos: diecinueve millones cuatrocientos sesenta y dos mil ochocientos cuarenta con 83\/100 ($ 19.462.840,83) celebrado entre la Direcci\u00f3n General de Cultura y Educaci\u00f3n de la Provincia de Buenos Aires y el Municipio de Tornquist. Se autoriza &nbsp;la firma del Acta Complementaria N\u00ba 4 de la Obra Ampliaci\u00f3n Escuela Secundaria N\u00ba 2 \u201c1\u00ba Etapa\u201d por el monto de pesos: veintis\u00e9is millones diecisiete mil treinta y siete con 26\/100 ($ 26.017.037,26) celebrado entre la Direcci\u00f3n General de Cultura y Educaci\u00f3n de la Provincia de Buenos Aires y el Municipio de Tornquist.-&nbsp;&nbsp;&nbsp;&nbsp;&nbsp;&nbsp;&nbsp;&nbsp;&nbsp;&nbsp;<\/p>\n\n\n\n<p><strong><u>Expte. N\u00ba 223\/21:<\/u><\/strong> &#8211; D.E. \u2013 Autoriza la firma del Contrato de Comodato celebrado e\/la Empresa Ferroexpreso Pampeano S.A. y el Municipio de Tornquist \u2013 Galp\u00f3n y terrenos Tornquist.<\/p>\n\n\n\n<p>Se solicita tratamiento sobre Tablas<strong>. <\/strong>Se aprueba por unanimidad la Ordenanza N\u00ba 3383\/21 por la que se convalida el Contrato de Comodato firmado entre la empresaFerroexpreso Pampeano S.A. representada por los se\u00f1ores Guillermo Farall y&nbsp; David San Juan y el Sr. Intendente Municipal Sergio Fabi\u00e1n Bordoni en representaci\u00f3n de la Municipalidad de Tornquist. Por el mismo la Empresa Ferroexpreso Pampeano S.A. (FEPASA), da en comodato al Municipio los siguientes bienes:<\/p>\n\n\n\n<ul class=\"wp-block-list\"><li>Galp\u00f3n de Cereales N\u00ba 3 de 16 x 68 m. superficie 1.088m2<\/li><li>Terrenos con superficie de 3.652 m2 (sector aleda\u00f1o al galp\u00f3n N\u00ba 3)<\/li><\/ul>\n\n\n\n<p>El comodato tiene vigencia hasta el 31 de Octubre del 2021. En el caso que sea renovado se har\u00e1 autom\u00e1ticamente hasta la finalizaci\u00f3n del mismo o hasta completar 10 a\u00f1os.-<\/p>\n\n\n\n<h1 class=\"wp-block-heading\">&nbsp;<\/h1>\n\n\n\n<p><strong><u>Expte. N\u00ba 225\/21:<\/u><\/strong> &#8211; D.E. \u2013 Convalida la firma del Acta de finalizaci\u00f3n del Convenio celebrado e\/Cecaitra y el Municipio de Tornquist.<\/p>\n\n\n\n<p>Se solicita tratamiento sobre Tablas<strong>. <\/strong>Se aprueba por unanimidad la Ordenanza N\u00ba 3384\/21 por la que se convalida el Acta de Finalizaci\u00f3n de Convenio, celebrada entre la Municipalidad de Tornquist representada por el Sr. Intendente Municipal Sr. SergioFabi\u00e1n Bordoniy la C\u00e1mara de Empresas de Control y Administraci\u00f3n de Infracciones de Tr\u00e1nsito de la Rep\u00fablica Argentina representada por el&nbsp; Sr. Mariano Garc\u00eda, en su car\u00e1cter de Apoderado. A trav\u00e9s de este Acta, las partes dan por terminada la relaci\u00f3n contractual preexistente entre ellas de mutuo acuerdo, no existiendo deberes pendientes de ejecuci\u00f3n. Las partes declaran que, a la fecha de la firma del documento, nada tienen que reclamarse entre s\u00ed por la ejecuci\u00f3n y\/o finalizaci\u00f3n del Convenio y Addenda suscripto (Convenio de Cooperaci\u00f3n en Materia de Asistencia T\u00e9cnica, Provisi\u00f3n de Tecnolog\u00eda y Servicios para la Seguridad Vial), a excepci\u00f3n de las prestaciones pendientes de rendici\u00f3n y pago por parte de CECAITRA, en caso de existir y corroborarse las mismas, hasta la fecha de la firma del presente, seg\u00fan informaci\u00f3n disponible en la Direcci\u00f3n Provincial de Pol\u00edtica de Seguridad Vial por intermedio de SACIT, por los compromisos asumidos y\/o las obligaciones derivadas del Convenio oportunamente celebrado.-<\/p>\n\n\n\n<p><strong><u>Expte. N\u00ba 226\/21:<\/u><\/strong> &#8211; Secretar\u00eda de Obras y Servicios P\u00fablicos \u2013 Proyecto de Ordenanza: Presentaci\u00f3n y visado provisorio de planos de obras particulares en lotes de emprendimientos urban\u00edsticos.<\/p>\n\n\n\n<p>Se solicita tratamiento sobre Tablas<strong>. <\/strong>Se aprueba por unanimidad la Ordenanza N\u00ba 3385\/21 por la que se autoriza a la Secretar\u00eda de Obras P\u00fablicas -Oficina de Obras Particulares-, a otorgar VISADO PROVISORIO de Plano de Obra a los particulares adquirientes de lotes en aquellos emprendimientos urban\u00edsticos que se encuentren en proceso de aprobaci\u00f3n dentro del Partido de Tornquist y que acrediten haberse inscripto en el R\u00e9gimen para el Reempadronamiento y Puesta en Norma de Conjuntos Inmobiliarios Consolidados (Resoluci\u00f3n MGGP 493\/2020 y Resoluci\u00f3n MGGP 650\/2020 y 144\/2021) o hayan cumplido con las presentaciones para obtener la Convalidaci\u00f3n T\u00e9cnica Definitiva (Factibilidad), bajo responsabilidad exclusiva y solidaria del emprendedor proponente y del propietario del lote en los t\u00e9rminos del art. 9 del Decreto Provincial N\u00b0 27\/98. La autorizaci\u00f3n queda expresamente condicionada a que tanto el emprendedor proponente, como el propietario del lote donde se solicita la apertura de cuenta municipal y el permiso de obra particular, lo soliciten en forma fehaciente y con car\u00e1cter de declaraci\u00f3n jurada, en los t\u00e9rminos del art. 9 del Decreto Provincial N\u00b0 27\/98, mediante consigna en el plano sometido a permiso de obra de la siguiente leyenda: \u201c las obras en los predios que se iniciasen antes de la Convalidaci\u00f3n T\u00e9cnica Final (Factibilidad) ser\u00e1 bajo responsabilidad exclusiva y solidaria del proponente y del comprador del predio seg\u00fan art. 9\u00b0 del Decreto Provincial 27\/98. La falta de cumplimiento de lo establecido en la presente normativa har\u00e1 pasible a los responsables de las sanciones previstas en los art\u00edculos 94 y 97 del Decreto-Ley 8912\/77 (seg\u00fan art. 13 del Decreto Provincial 27\/98)\u201d. Para que los tr\u00e1mites de los particulares sean recepcionados por el Municipio, el emprendimiento deber\u00e1 contar como m\u00ednimo con los siguientes requisitos:<\/p>\n\n\n\n<ul class=\"wp-block-list\"><li>Localizaci\u00f3n aprobada por parte del Municipio.<\/li><li>Ordenanza de uso de suelo, convalidada por la Provincia de Buenos Aires, en el caso que corresponda.<\/li><li>Consolidaci\u00f3n de los servicios e infraestructura esenciales seg\u00fan Ley 8912\/77 del emprendimiento total o del sector solicitado. Dichos servicios deber\u00e1n ser garantizados por el desarrollador en tiempo y forma y ser certificados por los organismos competentes.<\/li><li>Que las parcelas por las cuales se requiera el permiso no se encuentren comprometidas respecto de su emplazamiento en el lugar.<\/li><\/ul>\n\n\n\n<p>Una vez que el emprendimiento urban\u00edstico termine con el tr\u00e1mite de subdivisi\u00f3n definitivo, los particulares que hayan adquirido el visado provisorio por parte del Municipio, tendr\u00e1n la obligaci\u00f3n de tramitar el plano de obra definitivo, deber\u00e1n acreditar titularidad y Nomenclatura Catastral definitiva en un plazo m\u00e1ximo de 12 meses. Si el titular no gestionare en tiempo y forma el plano de obra definitivo en el plazo otorgado, deber\u00e1 volver a abonar los derechos de construcci\u00f3n como obra ejecutada. Los tr\u00e1mites ante el Municipio deber\u00e1n ser gestionados por el profesional interviniente.<\/p>\n\n\n\n<p><strong><u>Expte. N\u00ba 227\/21:<\/u><\/strong> &#8211; D.E. \u2013 Crease bajo la \u00f3rbita del Departamento Ejecutivo el Plan Transparencia y Gobierno Abierto de la Gesti\u00f3n Municipal.<\/p>\n\n\n\n<p>Expediente que pasa a las Comisiones de ASUNTOS MUNICIPALES E INTERPRETACI\u00d3N Y REGLAMENTO.<\/p>\n\n\n\n<p><strong><u>Expte. N\u00ba 230\/21:<\/u><\/strong> &#8211; D.E. \u2013 Convalida la firma del Convenio de Prestaciones M\u00e9dicas OSECAC celebrado e\/el C\u00edrculo M\u00e9dico de Tornquist y el Municipio.<\/p>\n\n\n\n<p>Se solicita tratamiento sobre Tablas<strong>. <\/strong>Se aprueba por unanimidad la Ordenanza N\u00ba 3386\/21 por la que se convalida la firma del Convenio celebrado entre la Municipalidad de Tornquist, representada por su Intendente Sr. Sergio Bordoni y el C\u00edrculo M\u00e9dico de Tornquist representado por la Dra. Ver\u00f3nica Laura Castro. El objeto del presente Convenio es dar respuesta a los afiliados de la Obra Social de Empleados de Comercio y Actividades Civiles (OSECAC) residentes en el Distrito de Tornquist, brindando en el nosocomio local, prestaciones m\u00e9dicas que hasta el momento son atendidas exclusivamente en la cl\u00ednica de la Obra Social, situada en la ciudad de Bah\u00eda Blanca.-<\/p>\n\n\n\n<p><strong><u>Expte. N\u00ba 7275\/21:<\/u><\/strong> &#8211; Bloques Cambiemos Bs. As. y Juntos por el Cambio &#8211; Proyecto de Ordenanza: Deroga Ordenanza N\u00ba 2662\/14 y reglamenta la Comercializaci\u00f3n en la v\u00eda p\u00fablica (Venta Ambulante).<\/p>\n\n\n\n<p>Expediente que pasa a las Comisiones de ASUNTOS MUNICIPALES E INTERPRETACI\u00d3N Y REGLAMENTO.<\/p>\n\n\n\n<p><strong><u>Expte. N\u00ba 7315\/21:<\/u><\/strong> &#8211; Bloques Cambiemos Bs. As. y Juntos por el Cambio \u2013 Proyecto de Ordenanza: Implementaci\u00f3n en el Sector P\u00fablico Municipal de Pol\u00edtica P\u00fablica de Gobierno Abierto.<\/p>\n\n\n\n<p>Expediente que pasa a las Comisiones de ASUNTOS MUNICIPALES E INTERPRETACI\u00d3N Y REGLAMENTO.<\/p>\n\n\n\n<p><strong><u>Expte. N\u00ba 7322\/21:<\/u><\/strong> &#8211; N.P. \u2013 Ricardo Dorasio: Solicita renovar la eximici\u00f3n de la Tasa por Conservaci\u00f3n, Reparaci\u00f3n y Mejorado de la Red Vial correspondiente a la Reserva Natural Privada Sierras Grandes (Per\u00edodo 2021).<\/p>\n\n\n\n<p>Se solicita tratamiento sobre Tablas<strong>. <\/strong>Se aprueba por unanimidad la Ordenanza N\u00ba 3387\/21 por la que se exime el 70% para el ejercicio 2021 del pago de la tasa por Conservaci\u00f3n, Reparaci\u00f3n y Mejorado de la Red Vial, a la superficie definida con nomenclatura catastral: Circunscripci\u00f3n VII, Parcela 501, Partida Nro. 424 de la Partida Nro. 000424, correspondiente a la Reserva Natural Privada Sierras Grandes.-<\/p>\n\n\n\n<p><strong><u>Expte. N\u00ba 216\/21:<\/u><\/strong> &#8211; D.E. \u2013 Autoriza la firma del Convenio celebrado e\/el Ministerio de Infraestructura y Servicios P\u00fablicos de la Ciudad de La Plata y el Municipio de Tornquist.<\/p>\n\n\n\n<p>Seg\u00fan el dictamen de las &nbsp;Comisiones de INTERPRETACI\u00d3N Y REGLAMENTO, Y OBRAS P\u00daBLICAS<strong>, <\/strong>se aprueba por unanimidad la Ordenanza N\u00ba 3388\/21 por la que se autoriza la firma del Convenio celebrado entre el Ministerio de Infraestructura y Servicios P\u00fablicos de la ciudad de La Plata representado por Ernesto SelzerSubsecretario de Obras Publicas y la Municipalidad de Tornquist representada por el Sr. Intendente Municipal Sergio Fabi\u00e1n Bordoni. Este Convenio tienen por objeto &nbsp;concretar la contrataci\u00f3n y ejecuci\u00f3n de la obra \u201cCASA DE LA PROVINCIA \u2013 MUNICIPIO DE TORNQUIST\u201d, en el terreno de dominio Municipal cuya direcci\u00f3n es Av. Ernesto Tornquist esquina con Av. Domingo Faustino Sarmiento y cuyos datos catastrales son: Circunscripci\u00f3n: 1 \u2013 Secci\u00f3n: A \u2013 manzana: 33 \u2013 Parcela: 1 \u2013 Partida: 106.-<\/p>\n\n\n\n<p><strong><u>Expte. N\u00ba 7302\/21:<\/u><\/strong> &#8211; N.P. &#8211; Sergio Rodr\u00edguez Turismo: Solicita incorporar dentro de las exenciones impositivas\/tasas a las agencias de turismo.<\/p>\n\n\n\n<p>Se aprueba por unanimidad el dictamen de las &nbsp;Comisiones de PRESUPUESTO Y HACIENDA, Y ASUNTOS MUNICIPALES, que&nbsp;aconseja enviar al Sr. Sergio Rodr\u00edguez copia de la respuesta obrante a fs. 6. Luego girar el Expediente al Archivo.-<\/p>\n\n\n\n<p><strong><u>Expte. N\u00ba 7304\/21:<\/u><\/strong> &#8211; Bloques Cambiemos Bs. As. y Juntos por el Cambio \u2013 Pedido de Informe: Solicita informaci\u00f3n sobre la iniciativa del talado de Arboles en los boulevares de Tornquist.<\/p>\n\n\n\n<p>Se aprueba por unanimidad el dictamen de las &nbsp;Comisiones de ECOLOG\u00cdA Y MEDIOAMBIENTE, Y ASUNTOS MUNICIPALES, que aconseja solicitar al Departamento Ejecutivo dar cumplimiento a la Ley Pcial. 12.276, y encauzar las intervenciones proyectadas en el arbolado urbano en el marco del Plan Regulador, tal como est\u00e1 previsto en la Ley Pcial., Ley a la que el Municipio de Tornquist est\u00e1 adherida mediante la Ordenanza N\u00ba 2704\/14, y a la fecha no ha sido instrumentada.<\/p>\n\n\n\n<p>Dicho soporte resulta fundamental para no continuar realizando intervenciones arbitrarias (podas, talas), sin avales, sin firma del profesional responsable colegiado, sin el \u00e1rea municipal espec\u00edfica creada, sin presupuesto asignado, sin plan regulador, sin participaci\u00f3n del consejo arbolado.<\/p>\n\n\n\n<p><strong><u>Expte. N\u00ba 7305\/21:<\/u><\/strong> &#8211; Bloques Frente de Todos y Frente Justicialista Cumplir \u2013 Minuta de Comunicaci\u00f3n: Solicita pronta implementaci\u00f3n de la Ordenanza&nbsp; N\u00ba 3232\/20 (Ley Micaela).<\/p>\n\n\n\n<p>Se aprueba por unanimidad el dictamen de las Comisiones deINTERPRETACI\u00d3N yREGLAMENTO, y ASUNTOS MUNICIPALES,que aconseja enviar el mismo a la Subsecretar\u00eda de Juventudes, Pol\u00edticas de G\u00e9nero y Diversidades para que especifique los plazos para la implementaci\u00f3n previstos para la aplicaci\u00f3n de la Ley.-<\/p>\n\n\n\n<p><strong><u>Expte. N\u00ba 7311\/21:<\/u><\/strong> &#8211; N.P. \u2013 U.C.R. Sierra de la Ventana: Presenta Proyecto de Comunicaci\u00f3n con el objetivo de instalar al Municipio de Tornquist como destino pionero en Turismo Sanitario.<\/p>\n\n\n\n<p>Se aprueba por unanimidad el dictamen de las &nbsp;Comisiones de TURISMO Y DESARROLLO Y SALUD P\u00daBLICA,&nbsp; que aconseja enviar respuesta del Secretario de Salud al Subcomit\u00e9 de la U.C.R. de Sierra de la Ventana y luego enviar al Archivo.-<\/p>\n\n\n\n<p><strong><u>Expte. N\u00ba 7312\/21:<\/u><\/strong> &#8211; N.P. \u2013 Esc. Educaci\u00f3n Secundaria T\u00e9cnica N\u00ba 1 Tornquist: Solicita declarar de Inter\u00e9s Municipal proyecto llevado a cabo por alumnos de 6\u00ba A\u00f1o.<\/p>\n\n\n\n<p>Seg\u00fan el dictamen de las &nbsp;Comisiones de ASUNTOS MUNICIPALES; y CULTURA, EDUCACI\u00d3N CIENCIA Y TECNOLOG\u00cdA, se aprueba por unanimidad la Resoluci\u00f3n N\u00ba 30\/21 por la que se declara de Inter\u00e9s Municipal al Proyecto \u201cCultivo hidrop\u00f3nico(HidroTec)\u201d, llevado a cabo por alumnos de 6\u00ba A\u00f1o de la Escuela de Educaci\u00f3n Secundaria T\u00e9cnica N\u00ba 1 de Tornquist. Se env\u00eda copia de la misma a los directivos y alumnos de 6\u00ba a\u00f1o de la de la mencionada Instituci\u00f3n.-<\/p>\n\n\n\n<p><strong><u>Expte. N\u00ba 7314\/21:<\/u><\/strong> &#8211; N.P. &#8211; Grupo Scout N\u00ba 1519 \u201cSierra de la Ventana\u201d: Ref. becas y subsidio institucional.<\/p>\n\n\n\n<p>Se aprueba por unanimidad el dictamen de las Comisiones de ASUNTOS MUNICIPALESy PRESUPUESTO Y HACIENDA,que &nbsp;aconseja enviar copia de la respuesta obrante a fs. 15, a la Agrupaci\u00f3n Scout. Luego enviar el Expediente al Archivo.-<\/p>\n\n\n\n<p><strong><u>Expte. N\u00ba 7319\/21:<\/u><\/strong> &#8211; Bloques Frente de Todos y Frente Justicialista Cumplir \u2013 Proyecto de Resoluci\u00f3n: Expresa repudio a la acci\u00f3n del Gobierno por el env\u00edo de material y armamento policial a Bolivia en el A\u00f1o 2019.<\/p>\n\n\n\n<p>Se aprueba por unanimidad el dictamen de la Comisi\u00f3n deASUNTOS MUNICIPALES,habiendo analizado el Expte. N\u00ba 7319\/21, aconseja enviar el mismo al Archivo.-<\/p>\n\n\n\n<p><strong><u>Expte. N\u00ba 7326\/21:<\/u><\/strong> &#8211; Bloque Acci\u00f3n Por Tornquist \u2013 Proyecto de Ordenanza: Regulaci\u00f3n de Pantallas led en la v\u00eda p\u00fablica.<\/p>\n\n\n\n<p>Seg\u00fan el dictamen de las Comisiones de OBRAS P\u00daBLICAS Y ASUNTOSMUNICIPALES;<strong>&nbsp; <\/strong>se aprueba por unanimidad la Ordenanza N\u00ba 3389\/21 por la que se regula en forma espec\u00edfica lo relacionado a la publicidad a trav\u00e9s del uso e instalaci\u00f3n de pantallas LED, rayos l\u00e1ser, hologramas, r\u00f3tulos electr\u00f3nicos, cualesquiera otros que pudieran aparecer en este \u00e1mbito, en el Partido de Tornquist.-<\/p>\n\n\n\n<p><strong><u>Expte. N\u00ba 7327\/21:<\/u><\/strong> &#8211; Bloques Juntos por el Cambio y Cambiemos Bs. As. \u2013 Proyecto de Ordenanza: Adhesi\u00f3n a la Ley Provincial N\u00ba 15.296 (Ref. Capacitaci\u00f3n tem\u00e1tica de discapacidad).<\/p>\n\n\n\n<p>De acuerdo al dictamen de las &nbsp;Comisiones de INTERPRETACI\u00d3N Y REGLAMENTO, YASUNTOS MUNICIPALES, se aprueba por unanimidad la Ordenanza N\u00ba 3390\/21 por la que la Municipalidad de Tornquist&nbsp; adhiere a la Ley Provincial 15.296 en todos sus t\u00e9rmino ((Ref. Capacitaci\u00f3n tem\u00e1tica de discapacidad).<\/p>\n\n\n\n<p>Participaci\u00f3n de las personas con discapacidad: La Autoridad de Aplicaci\u00f3n y los \u00f3rganos de implementaci\u00f3n deben instrumentar los mecanismos eficaces para garantizar la participaci\u00f3n de la sociedad civil, de organizaciones vinculadas a la tem\u00e1tica y personas con discapacidad en la elaboraci\u00f3n de las directrices y los lineamientos m\u00ednimos, as\u00ed como tambi\u00e9n en el dictado de las capacitaciones.<\/p>\n\n\n\n<p>\u00c1mbito de Aplicaci\u00f3n:<strong> <\/strong>Las disposiciones de la presente Ordenanza ser\u00e1n aplicables al Estado Municipal. Se entiende por Estado Municipal a las siguientes entidades:<\/p>\n\n\n\n<ol class=\"wp-block-list\" type=\"a\"><li>Departamento Ejecutivo y sus organismos descentralizados o aut\u00e1rquicos;<\/li><li>Juzgados de faltas;<\/li><li>Entes p\u00fablicos no estatales;<\/li><li>Empresas y sociedades del Estado Municipal;<\/li><li>Empresas privadas concesionarias de servicios p\u00fablicos municipales; y<\/li><li>Concejo Deliberante.<\/li><\/ol>\n\n\n\n<p>Autoridad de Aplicaci\u00f3n: El Departamento Ejecutivo debe designar la Autoridad de Aplicaci\u00f3n. La autoridad de aplicaci\u00f3n tendr\u00e1 las funciones y facultades que la Ley Provincial N\u00b0 15.296 le acuerda.<\/p>\n\n\n\n<p>\u00d3rganos de implementaci\u00f3n: El Departamento Ejecutivo y el Concejo Deliberante deben crear o designar sus \u00f3rganos de implementaci\u00f3n dentro de los ciento veinte (120) d\u00edas h\u00e1biles de la entrada en vigencia de la presente ordenanza.<\/p>\n\n\n\n<p><strong><u>Expte. N\u00ba 7328\/21:<\/u><\/strong> &#8211; Bloques Cambiemos Bs. As. y Juntos por el Cambio \u2013 Proyecto de Resoluci\u00f3n: Manifiesta repudio por el accionar del Presidente de la Naci\u00f3n el d\u00eda 14\/07\/20.<\/p>\n\n\n\n<p>Dictamen:<\/p>\n\n\n\n<p>Tornquist, 25 de agosto de 2021. La Comisi\u00f3n deASUNTOS MUNICIPALES,habiendo analizado el Expte. N\u00ba 7328\/21, aconseja no aprobar el Proyecto de Resoluci\u00f3n obrante a fs. 1 ya que consideramos que lo que est\u00e1 mal, est\u00e1 mal y debe cuestionarse. El Presidente lo reconoci\u00f3, se responsabiliz\u00f3 y se disculp\u00f3.-<\/p>\n\n\n\n<p>Por mayor\u00eda no se aprob\u00f3 este dictamen, por lo tanto permanece en Comisi\u00f3n para continuar con su an\u00e1lisis.-<\/p>\n\n\n\n<p><strong><u>Expte. N\u00ba 7329\/21:<\/u><\/strong> &#8211; N.P. \u2013 Asoc. de Fomento B\u00ba Parque Golf: Ref. manzana Los Picaflores Lote 20 \u2013 Construcci\u00f3n irregular en lote medianero a dicho lote.<\/p>\n\n\n\n<p>Se aprueba por unanimidad el dictamen de las Comisiones de OBRAS P\u00daBLICAS Y ASUNTOSMUNICIPALES,que &nbsp;aconseja enviar a la Secretar\u00eda de Obras P\u00fablicas para que d\u00e9 respuesta a la nota particular recibida por parte de la Asociaci\u00f3n de Fomento del B\u00ba Parque Golf.-<\/p>\n\n\n\n<p><strong><u>Proyectos Presentados<\/u><\/strong><\/p>\n\n\n\n<p><strong><u>Bloques Frente de Todos y Frente Justicialista Cumplir- Proyecto de Resoluci\u00f3n-<\/u><\/strong><strong> <\/strong>En ref. avances con respecto a la diversidad sexual, tanto a nivel nacional, provincial y local, invita a embellecimiento espacios p\u00fablicos.<\/p>\n\n\n\n<p>Se solicita formaci\u00f3n de Expediente y pase a Comisi\u00f3n<\/p>\n\n\n\n<p><strong><u>Bloques Frente de Todos y Frente Justicialista Cumplir- Pedido de Informe:<\/u><\/strong><strong> <\/strong>En ref. a la falta de personal de la Sala de Primeros Auxilios de Tres Picos, se requiere la siguiente informaci\u00f3n:<\/p>\n\n\n\n<ul class=\"wp-block-list\"><li>Cantidad de empleados destinados a la Sala de Primeros Auxilios de Tres Picos.<\/li><li>Veh\u00edculos y condiciones de los mismos, destinados al servicio.<\/li><li>Causa por la que quedan sin cobertura y sin servicio algunos d\u00edas de la semana.<\/li><li>Solicita la pronta soluci\u00f3n de dicho problema.<\/li><\/ul>\n\n\n\n<p>Se solicita formaci\u00f3n &nbsp;de Expediente y tratamiento sobre Tablas.<\/p>\n\n\n\n<p>Se forma el Expediente N\u00ba 7332\/21 y se aprueba por unanimidad enviarlo al Departamento Ejecutivo a fin de que se d\u00e9 respuesta al mismo.<\/p>\n\n\n\n<p><strong><u>Bloque Cambiemos Bs. As. y Juntos por el Cambio \u2013 Proyecto de Resoluci\u00f3n:<\/u><\/strong><strong> <\/strong>En ref. tratamiento Proyecto de Declaraci\u00f3n que manifiesta preocupaci\u00f3n por&nbsp; modificaci\u00f3n de la composici\u00f3n del Consejo Directivo del INTA.<\/p>\n\n\n\n<p>Solicito formaci\u00f3n de Expediente y pase a Comisi\u00f3n.<\/p>\n\n\n\n<p><strong><u>H.C.D. Proyecto de Resoluci\u00f3n:<\/u><\/strong> Reconoce trayectoria de la Licenciada Marcela Mar\u00eda Luj\u00e1n Guti\u00e9rrez.<\/p>\n\n\n\n<p>Se solicita formaci\u00f3n de Expediente y tratamiento sobre Tablas.<\/p>\n\n\n\n<p>Se forma el Expediente N\u00ba 7333\/21 y se aprueba por unanimidad la Resoluci\u00f3n N\u00ba 31\/21 por la que se reconoce&nbsp; por su&nbsp; destacada trayectoria, y el&nbsp; aporte cultural que ha realizado a&nbsp; la comunidad local y su expansi\u00f3n a nivel nacional e internacional, a la Lic. Marcela Mar\u00eda Luj\u00e1n Guti\u00e9rrez. Se invita a la homenajeada antes mencionada a la Sesi\u00f3n que se llevar\u00e1 a cabo en d\u00eda y hora a designar por el Honorable Concejo Deliberante de Tornquist, para realizar dicho reconocimiento.-<\/p>\n\n\n\n<p><strong><u>Asuntos Particulares<\/u><\/strong><\/p>\n\n\n\n<p><strong><u>N.P. N\u00ba 43\/21- Fundaci\u00f3n COLSECOR<\/u><\/strong>: Agradece el apoyo brindado al Proyecto de Relevamiento Social Comunitario que hace dos a\u00f1os se lleva adelante en la localidad, al Declararlo de Inter\u00e9s Municipal mediante Resoluci\u00f3n N\u00ba28\/21.-<\/p>\n\n\n\n<p><strong><u>N.P. N\u00ba 44\/21- Ing. Agr\u00f3nomo Jorge Varilla<\/u><\/strong>&#8211; (En representaci\u00f3n de un grupo de vecinos del Barrio Villa Tivoli de Sierra de la Ventana). Reitera pedido de informaci\u00f3n en referencia a la ubicaci\u00f3n de la futura planta de bombeo de l\u00edquidos cloacales en dicho barrio.-<\/p>\n\n\n\n<p>En relaci\u00f3n a esta nota, se elabor\u00f3 un Pedido de Informes&nbsp; con el que se form\u00f3 el Expediente N\u00ba 7298\/21 y se envi\u00f3 al Departamento Ejecutivo el d\u00eda 7 de Julio. Se aprueba por unanimidad &nbsp;que por Presidencia se pida la pronta contestaci\u00f3n&nbsp; del mismo, para poder dar respuesta al vecino.<\/p>\n\n\n\n<p><strong><u>N.P. N\u00ba 45\/21- Julio Artigas, en representaci\u00f3n del Colectivo Cultural de la Feria del Libro-<\/u><\/strong> Solicita declarar de Inter\u00e9s Municipal el Evento Cultural: &nbsp;11\u00ba Edici\u00f3n Feria del Libro Sierra de la Ventana a realizarse los d\u00edas 26, 27 y 28 de noviembre del corriente a\u00f1o.-<\/p>\n\n\n\n<p>Se solicita formaci\u00f3n de Expediente y pase a Comisi\u00f3n.-<\/p>\n\n\n\n<p><strong><u>N.P. N\u00ba 46\/21- Claudia Alejandra Quiroga<\/u><\/strong>&#8211; Informa situaci\u00f3n vivida en el Hospital Municipal Dr. Alberto Castro.<\/p>\n\n\n\n<p>Se solicita convocar a reuni\u00f3n a representantes del \u00e1rea de Salud.-<\/p>\n\n\n\n<p>Concejal Viviana Montibeller:<\/p>\n\n\n\n<p>\u201cBueno, quiero hacer menci\u00f3n y agradecimiento a todos los que participaron en la capacitaci\u00f3n a candidatos a Concejales ayer lunes, fue el \u00faltimo de cuatro encuentros, donde los interesados pudimos recibir instrucci\u00f3n sobre t\u00e9cnicas legislativas, administraci\u00f3n financiera p\u00fablica, presupuesto, coparticipaci\u00f3n, entre otros temas. Super\u00f3 ampliamente lo que esper\u00e1bamos, la participaci\u00f3n por encuentro fue realmente exitosa. M\u00e1s de 40 participantes por encuentro, eso lo que demuestra es la importancia y la necesidad de instruir y formar en la labor de un Concejal. Por eso es que quiero agradecer a este Cuerpo Deliberativo, al Municipio de Tornquist, a la Universidad del Sudoeste, a sus directivos, a las capacitadoras Elisa Cuartucci y la Licenciada Juliana Tomasini, y tambi\u00e9n mencionar que esta capacitaci\u00f3n ser\u00e1 replicada en otros municipios. Y recordar que esta capacitaci\u00f3n est\u00e1 dirigida a todos los precandidatos a Concejales. Continuando tambi\u00e9n en la l\u00ednea de formaci\u00f3n, y de la educaci\u00f3n de calidad, hacer menci\u00f3n de las dos carreras, \u201cGu\u00eda Universitaria de Turismo\u201d, y \u201cTecnicatura Universitaria en Emprendimientos Tur\u00edsticos\u201d a dictarse en la localidad de Saldungaray, a trav\u00e9s de la Universidad Provincial del Sudoeste, para el a\u00f1o que viene, que se suma a la carrera que actualmente se viene dictando en Saldungaray de Martillero y Corredor P\u00fablico. Esta oferta acad\u00e9mica permite que muchos puedan estudiar en su lugar de origen sin la necesidad de trasladarse a otras ciudades, lo que abre el abanico educativo en el Distrito de Tornquist. Nada m\u00e1s se\u00f1or Presidente\u201d.<\/p>\n\n\n\n<figure class=\"wp-block-embed is-type-video is-provider-youtube wp-block-embed-youtube wp-embed-aspect-16-9 wp-has-aspect-ratio\"><div class=\"wp-block-embed__wrapper\">\n<iframe loading=\"lazy\" title=\"2021 09 08 HCD 1 VIVIANA MONTEBILLER\" width=\"500\" height=\"281\" src=\"https:\/\/www.youtube.com\/embed\/DCTy3Kryjyk?feature=oembed\" frameborder=\"0\" allow=\"accelerometer; autoplay; clipboard-write; encrypted-media; gyroscope; picture-in-picture; web-share\" referrerpolicy=\"strict-origin-when-cross-origin\" allowfullscreen><\/iframe>\n<\/div><\/figure>\n\n\n\n<p>Concejal Elisabet Nori:<\/p>\n\n\n\n<p>\u201cEn principio voy a hacer referencia al Expediente respecto de la Empresa Bio-Organic, que no acompa\u00f1amos, porque a\u00fan estamos esperando, si bien recibimos una respuesta estamos esperando la respuesta puntual, a lo que hab\u00edamos solicitado en el Pedido de Informes oportunamente bajado al Poder Ejecutivo. Celebro que se haya hecho foco nuevamente en el tema de Gobierno Abierto, que una iniciativa que parti\u00f3 desde el Bloque de Cambiemos y Juntos por el Cambio, y acompa\u00f1ada por los otros Bloques, haya reactivado la tem\u00e1tica, y que se trabaje a futuro en un proyecto que sea a corto, mediano y largo plazo, y que tenga continuidad en el tiempo, porque consideramos que la transparencia y la comunicaci\u00f3n son las formas de mantener la eficiencia y la eficacia de una gesti\u00f3n. Y tambi\u00e9n de ir mejor\u00e1ndola a trav\u00e9s del tiempo. Y hablando de transparencia, esto me remite a un hecho que sucedi\u00f3 en el d\u00eda de ayer, respecto de una situaci\u00f3n que se present\u00f3 en la v\u00eda p\u00fablica, con gente que no pertenece al Distrito de Tornquist, en el reparto de boletas, de boletas que ven\u00edan conformadas en diferentes cuerpos, con diferentes espacios pol\u00edticos, y esto un poco tambi\u00e9n lo digo a t\u00edtulo como Presidente de la Junta &nbsp;Promotora del Pro, dado que las boletas indicadas eran la boletas 1A pertenecientes a el lo que ser\u00eda la parte Provincial y Nacional del Pro. Quiero deslindar completamente la responsabilidad de el espacio pol\u00edtico en el cual yo estoy al frente, ac\u00e1 en el Distrito de Tornquist, de este hecho, y tambi\u00e9n decir que esto caus\u00f3 un impacto en Juntos, pero no un impacto en negativo, sino m\u00e1s bien esto nos sirve para darnos m\u00e1s fuerza, y para sentir la convicci\u00f3n que una elecci\u00f3n no se gana porque se haya repartido m\u00e1s, menos boletas, de un partido, de otro, no importa, quiz\u00e1s puedas ganar una elecci\u00f3n sin haber repartido ninguna boleta. Una elecci\u00f3n se gana con transparencia, justamente, con gesti\u00f3n, con trabajo, con valores, y por sobre todo, y esto lo digo para todos los espacios pol\u00edticos, y en todo los \u00f3rdenes, tanto nacional, provincial, como municipal. Se gana con el ejemplo, con el ejemplo es como podemos ganar una elecci\u00f3n. Nada m\u00e1s se\u00f1or Presidente\u201d.<\/p>\n\n\n\n<figure class=\"wp-block-embed is-type-video is-provider-youtube wp-block-embed-youtube wp-embed-aspect-16-9 wp-has-aspect-ratio\"><div class=\"wp-block-embed__wrapper\">\n<iframe loading=\"lazy\" title=\"2021 09 08 HCD 2 ELISABET NORI\" width=\"500\" height=\"281\" src=\"https:\/\/www.youtube.com\/embed\/nWXogsFGxag?feature=oembed\" frameborder=\"0\" allow=\"accelerometer; autoplay; clipboard-write; encrypted-media; gyroscope; picture-in-picture; web-share\" referrerpolicy=\"strict-origin-when-cross-origin\" allowfullscreen><\/iframe>\n<\/div><\/figure>\n\n\n\n<p>Concejal Viviana Montibeller:<\/p>\n\n\n\n<p>\u201cBueno, con respecto al Expediente 219\/21 las respuestas del Ejecutivo fueron dadas el 27 de agosto y est\u00e1n anexadas en la foja 44 de dicho Expediente. Lo que s\u00ed debemos esperar son los tiempos formales administrativos, pero bueno, quer\u00eda decir eso, nada m\u00e1s se\u00f1or Presidente\u201d.<\/p>\n\n\n\n<p>Concejal Laura Rosatelli:<\/p>\n\n\n\n<p>\u201cSi, haciendo menci\u00f3n a lo que dijo la Concejal Nori, estoy totalmente de acuerdo, me parece que tenemos que ser sumamente respetuosos y por lo que pido y espero que as\u00ed sea, seguramente que lo va a ser, sabemos que ahora el domingo tenemos las PASO, que se desarrollen en un clima de paz, responsabilidad, compromiso como lo hemos hecho siempre. Ac\u00e1 sabemos que no han ocurrido problemas, pero estoy de acuerdo con lo que ha dicho la Concejal Nori, me parece que son actos que no se deben hacer. Por un lado eso, y por otro lado me quiero referir a un tema que si bien no lo tenemos en el Orden del D\u00eda, pero s\u00ed&nbsp; fue una Ordenanza que fue aprobada por unanimidad el 6 de octubre del 2020, con respecto a la prohibici\u00f3n de pirotecnia. Sabemos que el domingo se jug\u00f3 ac\u00e1 en Tornquist el cl\u00e1sico Uni\u00f3n y Automoto, por lo que, o sea, estoy totalmente de acuerdo que son momentos de alegr\u00eda, que los simpatizantes, los hinchas viven ese momento previo a lo que es una cl\u00e1sico, y sabemos la pasi\u00f3n que es el f\u00fatbol para los argentinos, de eso no me cabe duda, pero me parece que es muy importante que la gente tome conciencia de lo que significa la pirotecnia para tantas personas que realmente sufren y les causa tanto da\u00f1o. No s\u00f3lo las personas, cierto, sino tambi\u00e9n los animales, por eso pido, no s\u00e9 m\u00e1s adelante, &nbsp;llegado otro cl\u00e1sico, otro partido, lo pondr\u00e9 a consideraci\u00f3n en su momento, una reuni\u00f3n con los presidentes de los clubes, para que transmitan a los simpatizantes de que la pirotecnia est\u00e1 prohibida. Sabemos que es salud, que causa tremendamente da\u00f1o a muchas personas y como dije, a los animales. Nada m\u00e1s se\u00f1or Presidente\u201d.<\/p>\n\n\n\n<figure class=\"wp-block-embed is-type-video is-provider-youtube wp-block-embed-youtube wp-embed-aspect-16-9 wp-has-aspect-ratio\"><div class=\"wp-block-embed__wrapper\">\n<iframe loading=\"lazy\" title=\"2021 09 08 HCD 3 LAURA ROSATELLI\" width=\"500\" height=\"281\" src=\"https:\/\/www.youtube.com\/embed\/jJwZ0MUt4sY?feature=oembed\" frameborder=\"0\" allow=\"accelerometer; autoplay; clipboard-write; encrypted-media; gyroscope; picture-in-picture; web-share\" referrerpolicy=\"strict-origin-when-cross-origin\" allowfullscreen><\/iframe>\n<\/div><\/figure>\n\n\n\n<p>Concejal Roc\u00edo V\u00e1zquez:<\/p>\n\n\n\n<p>\u201cBien, en primer lugar hacer menci\u00f3n al Expediente que lleg\u00f3 de Obras P\u00fablicas relacionada a la numeraci\u00f3n de las calles de Saldungaray a continuaci\u00f3n de la calle Donado, que es un pedido de los mismos pobladores que no sab\u00edan si ten\u00edan que ponerle un nombre nuevo a la calle o era una continuaci\u00f3n, as\u00ed que agradecemos que la Secretar\u00eda de Obras P\u00fablicas haya dado respuesta a este pedido de los vecinos. En segunda instancia, en relaci\u00f3n a la nota enviada por el Colectivo Cultural de la Feria del Libro, m\u00e1s que nada remarcar la importancia que ha tenido en estos \u00faltimos tiempos la feria del libro, que empez\u00f3 como un proyecto peque\u00f1o y que cada a\u00f1o fue tomando una impronta cada vez m\u00e1s importante, y me parece que ese es el camino, ir por el camino de la cultura, del arte, &nbsp;por ah\u00ed muchas veces hacemos foco en el deporte que sabemos que tambi\u00e9n es importante, pero hay muchos ni\u00f1os y j\u00f3venes que el arte los moviliza y tenemos que acompa\u00f1ar con estas distintas actividades que en ese caso este Colectivo lleva adelante y de muy buena forma, no solo une a todas las bibliotecas del Distrito, sino a todas las instituciones educativas, los talleres son para una amplia edad, entre ni\u00f1os, j\u00f3venes, adolescentes y adultos que pueden participar de los distintos espect\u00e1culos y talleres que brinda la feria. As\u00ed que seguramente desde nuestro Bloque y el resto de los Concejales vamos a apoyar ese pedido que hizo el Colectivo. Por otro lado aprobamos hoy el Expediente que autoriza la firma del Acta Complementaria en relaci\u00f3n a la Direcci\u00f3n de Cultura y Educaci\u00f3n con el Municipio, ese Expediente favorece en la infraestructura a dos jardines de infantes, y a una escuela secundaria del Distrito, as\u00ed que bueno, bienvenido sea que sigan llegando las obras de la Provincia a nuestro Distrito. Y por \u00faltimo, realizamos un Pedido de Informe en relaci\u00f3n al \u00c1rea de Salud de la localidad de Tres Picos. Sabemos que en este momento la cobertura podr\u00edamos decir que es muy pobre, casi nula, por parte de un enfermero, ni siquiera estamos hablando de personal m\u00e9dico. Esperemos que, esperamos, que el pedido sea respondido de forma inmediata &nbsp;porque es algo que necesita saber como dije reci\u00e9n que es de suma importancia, sabemos de la distancia que est\u00e1 de la ciudad por eso pedimos tambi\u00e9n a ver en qu\u00e9 condiciones se encuentra el transporte de la localidad de Tres Picos. Anteriormente nosotros hab\u00edamos hecho de p\u00fablico conocimiento tambi\u00e9n la situaci\u00f3n de Saldungaray, que era un reclamo de los vecinos que no ten\u00edan m\u00e9dico los d\u00edas lunes y martes, se cubri\u00f3 el d\u00eda lunes, y bueno, todav\u00eda falta un poco m\u00e1s, y si sumamos eso a la nota de Claudia Quiroga me parece que es urgente esta reuni\u00f3n con el \u00c1rea de Salud, para que nos puedan dar respuestas y nosotros poder transmitir tranquilidad a los vecinos. Nada m\u00e1s se\u00f1or Presidente\u201d.&nbsp;<\/p>\n\n\n\n<figure class=\"wp-block-embed is-type-video is-provider-youtube wp-block-embed-youtube wp-embed-aspect-16-9 wp-has-aspect-ratio\"><div class=\"wp-block-embed__wrapper\">\n<iframe loading=\"lazy\" title=\"2021 09 08 HCD 4 ROCIO VAZQUEZ\" width=\"500\" height=\"281\" src=\"https:\/\/www.youtube.com\/embed\/M1aYIuOn0VU?feature=oembed\" frameborder=\"0\" allow=\"accelerometer; autoplay; clipboard-write; encrypted-media; gyroscope; picture-in-picture; web-share\" referrerpolicy=\"strict-origin-when-cross-origin\" allowfullscreen><\/iframe>\n<\/div><\/figure>\n\n\n\n<p>HONORABLE CONCEJO DELIBERANTE<\/p>\n","protected":false},"excerpt":{"rendered":"<p>INFORME SESI\u00d3N ORDINARIA DEL D\u00cdA 07-09-21 Comunicaciones Oficiales y Dict\u00e1menes de las Comisiones: Expte N\u00ba 015\/21: D.E. Convalida la firma del convenio de colaboraci\u00f3n celebrado entre la Municipalidad de Tornquist y el C\u00edrculo- Pacientes de PAMI. Se solicita tratamiento sobre Tablas. Se aprueba por unanimidad la Ordenanza N\u00ba 3378\/21 por la que se convalida la [&hellip;]<\/p>\n","protected":false},"author":1,"featured_media":60069,"comment_status":"closed","ping_status":"open","sticky":false,"template":"","format":"standard","meta":{"footnotes":""},"categories":[55,51,52,53],"tags":[],"class_list":["post-60068","post","type-post","status-publish","format-standard","has-post-thumbnail","hentry","category-celt-tv-noticias","category-comunidad","category-destacadas","category-politica"],"yoast_head":"<!-- This site is optimized with the Yoast SEO plugin v19.7.1 - https:\/\/yoast.com\/wordpress\/plugins\/seo\/ -->\n<title>Informe completo de la \u00faltima sesi\u00f3n ordinaria del HCD (Videos) - CELTTV<\/title>\n<meta name=\"description\" content=\"Sitio web de noticias de la localidad de Tornquist, provincia de Buenos Aires, Rep\u00fablica Argentina. Contenido propio originado por periodistas de CELTTV, el canal de TV local de la Cooperativa El\u00e9ctrica de Tornquist. Turismo, Pol\u00edtica, Sociedad, Deporte, Cultura y todo el contenido de inter\u00e9s general que la gente del pueblo y la regi\u00f3n debe conocer.\" \/>\n<meta name=\"robots\" content=\"index, follow, max-snippet:-1, max-image-preview:large, max-video-preview:-1\" \/>\n<link rel=\"canonical\" href=\"https:\/\/www.celttv.com.ar\/index.php\/2021\/09\/10\/informe-completo-de-la-ultima-sesion-del-hcd-videos\/\" \/>\n<meta property=\"og:locale\" content=\"es_ES\" \/>\n<meta property=\"og:type\" content=\"article\" \/>\n<meta property=\"og:title\" content=\"Informe completo de la \u00faltima sesi\u00f3n ordinaria del HCD (Videos) - CELTTV\" \/>\n<meta property=\"og:description\" content=\"Sitio web de noticias de la localidad de Tornquist, provincia de Buenos Aires, Rep\u00fablica Argentina. Contenido propio originado por periodistas de CELTTV, el canal de TV local de la Cooperativa El\u00e9ctrica de Tornquist. Turismo, Pol\u00edtica, Sociedad, Deporte, Cultura y todo el contenido de inter\u00e9s general que la gente del pueblo y la regi\u00f3n debe conocer.\" \/>\n<meta property=\"og:url\" content=\"https:\/\/www.celttv.com.ar\/index.php\/2021\/09\/10\/informe-completo-de-la-ultima-sesion-del-hcd-videos\/\" \/>\n<meta property=\"og:site_name\" content=\"CELTTV\" \/>\n<meta property=\"article:publisher\" content=\"https:\/\/www.facebook.com\/celtTV\/\" \/>\n<meta property=\"article:published_time\" content=\"2021-09-10T15:39:48+00:00\" \/>\n<meta property=\"og:image\" content=\"https:\/\/www.celttv.com.ar\/wp-content\/uploads\/2021\/09\/WhatsApp-Image-2021-09-09-at-10.23.40.jpeg\" \/>\n\t<meta property=\"og:image:width\" content=\"868\" \/>\n\t<meta property=\"og:image:height\" content=\"1156\" \/>\n\t<meta property=\"og:image:type\" content=\"image\/jpeg\" \/>\n<meta name=\"author\" content=\"ulises\" \/>\n<meta name=\"twitter:card\" content=\"summary_large_image\" \/>\n<meta name=\"twitter:label1\" content=\"Escrito por\" \/>\n\t<meta name=\"twitter:data1\" content=\"ulises\" \/>\n\t<meta name=\"twitter:label2\" content=\"Tiempo de lectura\" \/>\n\t<meta name=\"twitter:data2\" content=\"28 minutos\" \/>\n<script type=\"application\/ld+json\" class=\"yoast-schema-graph\">{\"@context\":\"https:\/\/schema.org\",\"@graph\":[{\"@type\":\"NewsArticle\",\"@id\":\"https:\/\/www.celttv.com.ar\/index.php\/2021\/09\/10\/informe-completo-de-la-ultima-sesion-del-hcd-videos\/#article\",\"isPartOf\":{\"@id\":\"https:\/\/www.celttv.com.ar\/index.php\/2021\/09\/10\/informe-completo-de-la-ultima-sesion-del-hcd-videos\/\"},\"author\":{\"name\":\"ulises\",\"@id\":\"https:\/\/www.celttv.com.ar\/#\/schema\/person\/6d99c072dba59953809c81446e9d0ace\"},\"headline\":\"Informe completo de la \u00faltima sesi\u00f3n ordinaria del HCD (Videos)\",\"datePublished\":\"2021-09-10T15:39:48+00:00\",\"dateModified\":\"2021-09-10T15:39:48+00:00\",\"mainEntityOfPage\":{\"@id\":\"https:\/\/www.celttv.com.ar\/index.php\/2021\/09\/10\/informe-completo-de-la-ultima-sesion-del-hcd-videos\/\"},\"wordCount\":5565,\"publisher\":{\"@id\":\"https:\/\/www.celttv.com.ar\/#organization\"},\"articleSection\":[\"Celt TV Noticias\",\"Comunidad\",\"Destacadas\",\"Pol\u00edtica\"],\"inLanguage\":\"es\"},{\"@type\":\"WebPage\",\"@id\":\"https:\/\/www.celttv.com.ar\/index.php\/2021\/09\/10\/informe-completo-de-la-ultima-sesion-del-hcd-videos\/\",\"url\":\"https:\/\/www.celttv.com.ar\/index.php\/2021\/09\/10\/informe-completo-de-la-ultima-sesion-del-hcd-videos\/\",\"name\":\"Informe completo de la \u00faltima sesi\u00f3n ordinaria del HCD (Videos) - CELTTV\",\"isPartOf\":{\"@id\":\"https:\/\/www.celttv.com.ar\/#website\"},\"datePublished\":\"2021-09-10T15:39:48+00:00\",\"dateModified\":\"2021-09-10T15:39:48+00:00\",\"description\":\"Sitio web de noticias de la localidad de Tornquist, provincia de Buenos Aires, Rep\u00fablica Argentina. Contenido propio originado por periodistas de CELTTV, el canal de TV local de la Cooperativa El\u00e9ctrica de Tornquist. Turismo, Pol\u00edtica, Sociedad, Deporte, Cultura y todo el contenido de inter\u00e9s general que la gente del pueblo y la regi\u00f3n debe conocer.\",\"breadcrumb\":{\"@id\":\"https:\/\/www.celttv.com.ar\/index.php\/2021\/09\/10\/informe-completo-de-la-ultima-sesion-del-hcd-videos\/#breadcrumb\"},\"inLanguage\":\"es\",\"potentialAction\":[{\"@type\":\"ReadAction\",\"target\":[\"https:\/\/www.celttv.com.ar\/index.php\/2021\/09\/10\/informe-completo-de-la-ultima-sesion-del-hcd-videos\/\"]}]},{\"@type\":\"BreadcrumbList\",\"@id\":\"https:\/\/www.celttv.com.ar\/index.php\/2021\/09\/10\/informe-completo-de-la-ultima-sesion-del-hcd-videos\/#breadcrumb\",\"itemListElement\":[{\"@type\":\"ListItem\",\"position\":1,\"name\":\"Inicio\",\"item\":\"https:\/\/www.celttv.com.ar\/\"},{\"@type\":\"ListItem\",\"position\":2,\"name\":\"Informe completo de la \u00faltima sesi\u00f3n ordinaria del HCD (Videos)\"}]},{\"@type\":\"WebSite\",\"@id\":\"https:\/\/www.celttv.com.ar\/#website\",\"url\":\"https:\/\/www.celttv.com.ar\/\",\"name\":\"CELTTV\",\"description\":\"Cooperativa El\u00e9ctrica de Tornquist\",\"publisher\":{\"@id\":\"https:\/\/www.celttv.com.ar\/#organization\"},\"potentialAction\":[{\"@type\":\"SearchAction\",\"target\":{\"@type\":\"EntryPoint\",\"urlTemplate\":\"https:\/\/www.celttv.com.ar\/?s={search_term_string}\"},\"query-input\":\"required name=search_term_string\"}],\"inLanguage\":\"es\"},{\"@type\":\"Organization\",\"@id\":\"https:\/\/www.celttv.com.ar\/#organization\",\"name\":\"CELTTV\",\"url\":\"https:\/\/www.celttv.com.ar\/\",\"sameAs\":[\"https:\/\/www.youtube.com\/channel\/UCz_oIt8Hig64Ub-EmcNPIhg\",\"https:\/\/www.facebook.com\/celtTV\/\"],\"logo\":{\"@type\":\"ImageObject\",\"inLanguage\":\"es\",\"@id\":\"https:\/\/www.celttv.com.ar\/#\/schema\/logo\/image\/\",\"url\":\"http:\/\/www.celttv.com.ar\/wp-content\/uploads\/2022\/08\/logo-1.png\",\"contentUrl\":\"http:\/\/www.celttv.com.ar\/wp-content\/uploads\/2022\/08\/logo-1.png\",\"width\":461,\"height\":159,\"caption\":\"CELTTV\"},\"image\":{\"@id\":\"https:\/\/www.celttv.com.ar\/#\/schema\/logo\/image\/\"}},{\"@type\":\"Person\",\"@id\":\"https:\/\/www.celttv.com.ar\/#\/schema\/person\/6d99c072dba59953809c81446e9d0ace\",\"name\":\"ulises\",\"image\":{\"@type\":\"ImageObject\",\"inLanguage\":\"es\",\"@id\":\"https:\/\/www.celttv.com.ar\/#\/schema\/person\/image\/\",\"url\":\"https:\/\/secure.gravatar.com\/avatar\/7f2c48bdc33b30088f941fb6082e555f2874c98e20cb159d7b92b50eadfce793?s=96&d=mm&r=g\",\"contentUrl\":\"https:\/\/secure.gravatar.com\/avatar\/7f2c48bdc33b30088f941fb6082e555f2874c98e20cb159d7b92b50eadfce793?s=96&d=mm&r=g\",\"caption\":\"ulises\"},\"sameAs\":[\"http:\/\/www.celttv.com.ar\"]}]}<\/script>\n<!-- \/ Yoast SEO plugin. -->","yoast_head_json":{"title":"Informe completo de la \u00faltima sesi\u00f3n ordinaria del HCD (Videos) - CELTTV","description":"Sitio web de noticias de la localidad de Tornquist, provincia de Buenos Aires, Rep\u00fablica Argentina. Contenido propio originado por periodistas de CELTTV, el canal de TV local de la Cooperativa El\u00e9ctrica de Tornquist. Turismo, Pol\u00edtica, Sociedad, Deporte, Cultura y todo el contenido de inter\u00e9s general que la gente del pueblo y la regi\u00f3n debe conocer.","robots":{"index":"index","follow":"follow","max-snippet":"max-snippet:-1","max-image-preview":"max-image-preview:large","max-video-preview":"max-video-preview:-1"},"canonical":"https:\/\/www.celttv.com.ar\/index.php\/2021\/09\/10\/informe-completo-de-la-ultima-sesion-del-hcd-videos\/","og_locale":"es_ES","og_type":"article","og_title":"Informe completo de la \u00faltima sesi\u00f3n ordinaria del HCD (Videos) - CELTTV","og_description":"Sitio web de noticias de la localidad de Tornquist, provincia de Buenos Aires, Rep\u00fablica Argentina. Contenido propio originado por periodistas de CELTTV, el canal de TV local de la Cooperativa El\u00e9ctrica de Tornquist. Turismo, Pol\u00edtica, Sociedad, Deporte, Cultura y todo el contenido de inter\u00e9s general que la gente del pueblo y la regi\u00f3n debe conocer.","og_url":"https:\/\/www.celttv.com.ar\/index.php\/2021\/09\/10\/informe-completo-de-la-ultima-sesion-del-hcd-videos\/","og_site_name":"CELTTV","article_publisher":"https:\/\/www.facebook.com\/celtTV\/","article_published_time":"2021-09-10T15:39:48+00:00","og_image":[{"width":868,"height":1156,"url":"https:\/\/www.celttv.com.ar\/wp-content\/uploads\/2021\/09\/WhatsApp-Image-2021-09-09-at-10.23.40.jpeg","type":"image\/jpeg"}],"author":"ulises","twitter_card":"summary_large_image","twitter_misc":{"Escrito por":"ulises","Tiempo de lectura":"28 minutos"},"schema":{"@context":"https:\/\/schema.org","@graph":[{"@type":"NewsArticle","@id":"https:\/\/www.celttv.com.ar\/index.php\/2021\/09\/10\/informe-completo-de-la-ultima-sesion-del-hcd-videos\/#article","isPartOf":{"@id":"https:\/\/www.celttv.com.ar\/index.php\/2021\/09\/10\/informe-completo-de-la-ultima-sesion-del-hcd-videos\/"},"author":{"name":"ulises","@id":"https:\/\/www.celttv.com.ar\/#\/schema\/person\/6d99c072dba59953809c81446e9d0ace"},"headline":"Informe completo de la \u00faltima sesi\u00f3n ordinaria del HCD (Videos)","datePublished":"2021-09-10T15:39:48+00:00","dateModified":"2021-09-10T15:39:48+00:00","mainEntityOfPage":{"@id":"https:\/\/www.celttv.com.ar\/index.php\/2021\/09\/10\/informe-completo-de-la-ultima-sesion-del-hcd-videos\/"},"wordCount":5565,"publisher":{"@id":"https:\/\/www.celttv.com.ar\/#organization"},"articleSection":["Celt TV Noticias","Comunidad","Destacadas","Pol\u00edtica"],"inLanguage":"es"},{"@type":"WebPage","@id":"https:\/\/www.celttv.com.ar\/index.php\/2021\/09\/10\/informe-completo-de-la-ultima-sesion-del-hcd-videos\/","url":"https:\/\/www.celttv.com.ar\/index.php\/2021\/09\/10\/informe-completo-de-la-ultima-sesion-del-hcd-videos\/","name":"Informe completo de la \u00faltima sesi\u00f3n ordinaria del HCD (Videos) - CELTTV","isPartOf":{"@id":"https:\/\/www.celttv.com.ar\/#website"},"datePublished":"2021-09-10T15:39:48+00:00","dateModified":"2021-09-10T15:39:48+00:00","description":"Sitio web de noticias de la localidad de Tornquist, provincia de Buenos Aires, Rep\u00fablica Argentina. Contenido propio originado por periodistas de CELTTV, el canal de TV local de la Cooperativa El\u00e9ctrica de Tornquist. Turismo, Pol\u00edtica, Sociedad, Deporte, Cultura y todo el contenido de inter\u00e9s general que la gente del pueblo y la regi\u00f3n debe conocer.","breadcrumb":{"@id":"https:\/\/www.celttv.com.ar\/index.php\/2021\/09\/10\/informe-completo-de-la-ultima-sesion-del-hcd-videos\/#breadcrumb"},"inLanguage":"es","potentialAction":[{"@type":"ReadAction","target":["https:\/\/www.celttv.com.ar\/index.php\/2021\/09\/10\/informe-completo-de-la-ultima-sesion-del-hcd-videos\/"]}]},{"@type":"BreadcrumbList","@id":"https:\/\/www.celttv.com.ar\/index.php\/2021\/09\/10\/informe-completo-de-la-ultima-sesion-del-hcd-videos\/#breadcrumb","itemListElement":[{"@type":"ListItem","position":1,"name":"Inicio","item":"https:\/\/www.celttv.com.ar\/"},{"@type":"ListItem","position":2,"name":"Informe completo de la \u00faltima sesi\u00f3n ordinaria del HCD (Videos)"}]},{"@type":"WebSite","@id":"https:\/\/www.celttv.com.ar\/#website","url":"https:\/\/www.celttv.com.ar\/","name":"CELTTV","description":"Cooperativa El\u00e9ctrica de Tornquist","publisher":{"@id":"https:\/\/www.celttv.com.ar\/#organization"},"potentialAction":[{"@type":"SearchAction","target":{"@type":"EntryPoint","urlTemplate":"https:\/\/www.celttv.com.ar\/?s={search_term_string}"},"query-input":"required name=search_term_string"}],"inLanguage":"es"},{"@type":"Organization","@id":"https:\/\/www.celttv.com.ar\/#organization","name":"CELTTV","url":"https:\/\/www.celttv.com.ar\/","sameAs":["https:\/\/www.youtube.com\/channel\/UCz_oIt8Hig64Ub-EmcNPIhg","https:\/\/www.facebook.com\/celtTV\/"],"logo":{"@type":"ImageObject","inLanguage":"es","@id":"https:\/\/www.celttv.com.ar\/#\/schema\/logo\/image\/","url":"http:\/\/www.celttv.com.ar\/wp-content\/uploads\/2022\/08\/logo-1.png","contentUrl":"http:\/\/www.celttv.com.ar\/wp-content\/uploads\/2022\/08\/logo-1.png","width":461,"height":159,"caption":"CELTTV"},"image":{"@id":"https:\/\/www.celttv.com.ar\/#\/schema\/logo\/image\/"}},{"@type":"Person","@id":"https:\/\/www.celttv.com.ar\/#\/schema\/person\/6d99c072dba59953809c81446e9d0ace","name":"ulises","image":{"@type":"ImageObject","inLanguage":"es","@id":"https:\/\/www.celttv.com.ar\/#\/schema\/person\/image\/","url":"https:\/\/secure.gravatar.com\/avatar\/7f2c48bdc33b30088f941fb6082e555f2874c98e20cb159d7b92b50eadfce793?s=96&d=mm&r=g","contentUrl":"https:\/\/secure.gravatar.com\/avatar\/7f2c48bdc33b30088f941fb6082e555f2874c98e20cb159d7b92b50eadfce793?s=96&d=mm&r=g","caption":"ulises"},"sameAs":["http:\/\/www.celttv.com.ar"]}]}},"_links":{"self":[{"href":"https:\/\/www.celttv.com.ar\/index.php\/wp-json\/wp\/v2\/posts\/60068","targetHints":{"allow":["GET"]}}],"collection":[{"href":"https:\/\/www.celttv.com.ar\/index.php\/wp-json\/wp\/v2\/posts"}],"about":[{"href":"https:\/\/www.celttv.com.ar\/index.php\/wp-json\/wp\/v2\/types\/post"}],"author":[{"embeddable":true,"href":"https:\/\/www.celttv.com.ar\/index.php\/wp-json\/wp\/v2\/users\/1"}],"replies":[{"embeddable":true,"href":"https:\/\/www.celttv.com.ar\/index.php\/wp-json\/wp\/v2\/comments?post=60068"}],"version-history":[{"count":0,"href":"https:\/\/www.celttv.com.ar\/index.php\/wp-json\/wp\/v2\/posts\/60068\/revisions"}],"wp:featuredmedia":[{"embeddable":true,"href":"https:\/\/www.celttv.com.ar\/index.php\/wp-json\/wp\/v2\/media\/60069"}],"wp:attachment":[{"href":"https:\/\/www.celttv.com.ar\/index.php\/wp-json\/wp\/v2\/media?parent=60068"}],"wp:term":[{"taxonomy":"category","embeddable":true,"href":"https:\/\/www.celttv.com.ar\/index.php\/wp-json\/wp\/v2\/categories?post=60068"},{"taxonomy":"post_tag","embeddable":true,"href":"https:\/\/www.celttv.com.ar\/index.php\/wp-json\/wp\/v2\/tags?post=60068"}],"curies":[{"name":"wp","href":"https:\/\/api.w.org\/{rel}","templated":true}]}}