{"id":6023,"date":"2012-04-12T16:32:29","date_gmt":"2012-04-12T16:32:29","guid":{"rendered":"http:\/\/www.tvcnoticias.com.ar\/?p=6023"},"modified":"2012-04-12T16:32:29","modified_gmt":"2012-04-12T16:32:29","slug":"robo-en-casa-daguerrees-lamentable-tener-que-decir-gracias-a-dios-no-paso-mas-nada-dijo-patricia-baptista-titular-del-comercio","status":"publish","type":"post","link":"https:\/\/www.celttv.com.ar\/index.php\/2012\/04\/12\/robo-en-casa-daguerrees-lamentable-tener-que-decir-gracias-a-dios-no-paso-mas-nada-dijo-patricia-baptista-titular-del-comercio\/","title":{"rendered":"ROBO EN CASA DAGUERRE:&#8221;Es lamentable tener que decir gracias a Dios no pas\u00f3 mas nada&#8221; dijo Patricia Baptista, titular del comercio"},"content":{"rendered":"<p>Uno de los comercios mas tradicionales y mas c\u00e9ntricos\u00a0de la ciudad, con 50 a\u00f1os de trayectoria, esta vez fue v\u00edctima de los amigos de lo ajeno.<br \/>\nEs la primera vez que Casa Daguerre se &#8220;despierta&#8221; con semejante novedad y la titular de la firma Patricia Baptista no oculta su malestar y preocupaci\u00f3n no solo por este hecho en particular sino tambien por otros que se han sucedido \u00faltimamente en la localidad.<br \/>\n&#8220;Es lamentable tener que decir gracias a Dios no pas\u00f3 mas nada&#8221; Conceptos de Patricia Baptista.<br \/>\n<a>httpv:\/\/www.youtube.com\/watch?v=IEbwaCEUj-8<\/a><\/p>\n","protected":false},"excerpt":{"rendered":"<p>Uno de los comercios mas tradicionales y mas c\u00e9ntricos\u00a0de la ciudad, con 50 a\u00f1os de trayectoria, esta vez fue v\u00edctima de los amigos de lo ajeno. Es la primera vez que Casa Daguerre se &#8220;despierta&#8221; con semejante novedad y la titular de la firma Patricia Baptista no oculta su malestar y preocupaci\u00f3n no solo por [&hellip;]<\/p>\n","protected":false},"author":1,"featured_media":0,"comment_status":"open","ping_status":"open","sticky":false,"template":"","format":"standard","meta":{"footnotes":""},"categories":[51,52,61,64],"tags":[],"class_list":["post-6023","post","type-post","status-publish","format-standard","hentry","category-comunidad","category-destacadas","category-policiales","category-videos-destacados"],"yoast_head":"<!-- This site is optimized with the Yoast SEO plugin v19.7.1 - https:\/\/yoast.com\/wordpress\/plugins\/seo\/ -->\n<title>ROBO EN CASA DAGUERRE:&quot;Es lamentable tener que decir gracias a Dios no pas\u00f3 mas nada&quot; dijo Patricia Baptista, titular del comercio - CELTTV<\/title>\n<meta name=\"description\" content=\"Sitio web de noticias de la localidad de Tornquist, provincia de Buenos Aires, Rep\u00fablica Argentina. Contenido propio originado por periodistas de CELTTV, el canal de TV local de la Cooperativa El\u00e9ctrica de Tornquist. Turismo, Pol\u00edtica, Sociedad, Deporte, Cultura y todo el contenido de inter\u00e9s general que la gente del pueblo y la regi\u00f3n debe conocer.\" \/>\n<meta name=\"robots\" content=\"index, follow, max-snippet:-1, max-image-preview:large, max-video-preview:-1\" \/>\n<link rel=\"canonical\" href=\"https:\/\/www.celttv.com.ar\/index.php\/2012\/04\/12\/robo-en-casa-daguerrees-lamentable-tener-que-decir-gracias-a-dios-no-paso-mas-nada-dijo-patricia-baptista-titular-del-comercio\/\" \/>\n<meta property=\"og:locale\" content=\"es_ES\" \/>\n<meta property=\"og:type\" content=\"article\" \/>\n<meta property=\"og:title\" content=\"ROBO EN CASA DAGUERRE:&quot;Es lamentable tener que decir gracias a Dios no pas\u00f3 mas nada&quot; dijo Patricia Baptista, titular del comercio - CELTTV\" \/>\n<meta property=\"og:description\" content=\"Sitio web de noticias de la localidad de Tornquist, provincia de Buenos Aires, Rep\u00fablica Argentina. Contenido propio originado por periodistas de CELTTV, el canal de TV local de la Cooperativa El\u00e9ctrica de Tornquist. Turismo, Pol\u00edtica, Sociedad, Deporte, Cultura y todo el contenido de inter\u00e9s general que la gente del pueblo y la regi\u00f3n debe conocer.\" \/>\n<meta property=\"og:url\" content=\"https:\/\/www.celttv.com.ar\/index.php\/2012\/04\/12\/robo-en-casa-daguerrees-lamentable-tener-que-decir-gracias-a-dios-no-paso-mas-nada-dijo-patricia-baptista-titular-del-comercio\/\" \/>\n<meta property=\"og:site_name\" content=\"CELTTV\" \/>\n<meta property=\"article:publisher\" content=\"https:\/\/www.facebook.com\/celtTV\/\" \/>\n<meta property=\"article:published_time\" content=\"2012-04-12T16:32:29+00:00\" \/>\n<meta name=\"author\" content=\"ulises\" \/>\n<meta name=\"twitter:card\" content=\"summary_large_image\" \/>\n<meta name=\"twitter:label1\" content=\"Escrito por\" \/>\n\t<meta name=\"twitter:data1\" content=\"ulises\" \/>\n<script type=\"application\/ld+json\" class=\"yoast-schema-graph\">{\"@context\":\"https:\/\/schema.org\",\"@graph\":[{\"@type\":\"NewsArticle\",\"@id\":\"https:\/\/www.celttv.com.ar\/index.php\/2012\/04\/12\/robo-en-casa-daguerrees-lamentable-tener-que-decir-gracias-a-dios-no-paso-mas-nada-dijo-patricia-baptista-titular-del-comercio\/#article\",\"isPartOf\":{\"@id\":\"https:\/\/www.celttv.com.ar\/index.php\/2012\/04\/12\/robo-en-casa-daguerrees-lamentable-tener-que-decir-gracias-a-dios-no-paso-mas-nada-dijo-patricia-baptista-titular-del-comercio\/\"},\"author\":{\"name\":\"ulises\",\"@id\":\"https:\/\/www.celttv.com.ar\/#\/schema\/person\/6d99c072dba59953809c81446e9d0ace\"},\"headline\":\"ROBO EN CASA DAGUERRE:&#8221;Es lamentable tener que decir gracias a Dios no pas\u00f3 mas nada&#8221; dijo Patricia Baptista, titular del comercio\",\"datePublished\":\"2012-04-12T16:32:29+00:00\",\"dateModified\":\"2012-04-12T16:32:29+00:00\",\"mainEntityOfPage\":{\"@id\":\"https:\/\/www.celttv.com.ar\/index.php\/2012\/04\/12\/robo-en-casa-daguerrees-lamentable-tener-que-decir-gracias-a-dios-no-paso-mas-nada-dijo-patricia-baptista-titular-del-comercio\/\"},\"wordCount\":120,\"commentCount\":0,\"publisher\":{\"@id\":\"https:\/\/www.celttv.com.ar\/#organization\"},\"articleSection\":[\"Comunidad\",\"Destacadas\",\"Policiales\",\"Videos Destacados\"],\"inLanguage\":\"es\"},{\"@type\":\"WebPage\",\"@id\":\"https:\/\/www.celttv.com.ar\/index.php\/2012\/04\/12\/robo-en-casa-daguerrees-lamentable-tener-que-decir-gracias-a-dios-no-paso-mas-nada-dijo-patricia-baptista-titular-del-comercio\/\",\"url\":\"https:\/\/www.celttv.com.ar\/index.php\/2012\/04\/12\/robo-en-casa-daguerrees-lamentable-tener-que-decir-gracias-a-dios-no-paso-mas-nada-dijo-patricia-baptista-titular-del-comercio\/\",\"name\":\"ROBO EN CASA DAGUERRE:\\\"Es lamentable tener que decir gracias a Dios no pas\u00f3 mas nada\\\" dijo Patricia Baptista, titular del comercio - CELTTV\",\"isPartOf\":{\"@id\":\"https:\/\/www.celttv.com.ar\/#website\"},\"datePublished\":\"2012-04-12T16:32:29+00:00\",\"dateModified\":\"2012-04-12T16:32:29+00:00\",\"description\":\"Sitio web de noticias de la localidad de Tornquist, provincia de Buenos Aires, Rep\u00fablica Argentina. Contenido propio originado por periodistas de CELTTV, el canal de TV local de la Cooperativa El\u00e9ctrica de Tornquist. Turismo, Pol\u00edtica, Sociedad, Deporte, Cultura y todo el contenido de inter\u00e9s general que la gente del pueblo y la regi\u00f3n debe conocer.\",\"breadcrumb\":{\"@id\":\"https:\/\/www.celttv.com.ar\/index.php\/2012\/04\/12\/robo-en-casa-daguerrees-lamentable-tener-que-decir-gracias-a-dios-no-paso-mas-nada-dijo-patricia-baptista-titular-del-comercio\/#breadcrumb\"},\"inLanguage\":\"es\",\"potentialAction\":[{\"@type\":\"ReadAction\",\"target\":[\"https:\/\/www.celttv.com.ar\/index.php\/2012\/04\/12\/robo-en-casa-daguerrees-lamentable-tener-que-decir-gracias-a-dios-no-paso-mas-nada-dijo-patricia-baptista-titular-del-comercio\/\"]}]},{\"@type\":\"BreadcrumbList\",\"@id\":\"https:\/\/www.celttv.com.ar\/index.php\/2012\/04\/12\/robo-en-casa-daguerrees-lamentable-tener-que-decir-gracias-a-dios-no-paso-mas-nada-dijo-patricia-baptista-titular-del-comercio\/#breadcrumb\",\"itemListElement\":[{\"@type\":\"ListItem\",\"position\":1,\"name\":\"Inicio\",\"item\":\"https:\/\/www.celttv.com.ar\/\"},{\"@type\":\"ListItem\",\"position\":2,\"name\":\"ROBO EN CASA DAGUERRE:&#8221;Es lamentable tener que decir gracias a Dios no pas\u00f3 mas nada&#8221; dijo Patricia Baptista, titular del comercio\"}]},{\"@type\":\"WebSite\",\"@id\":\"https:\/\/www.celttv.com.ar\/#website\",\"url\":\"https:\/\/www.celttv.com.ar\/\",\"name\":\"CELTTV\",\"description\":\"Cooperativa El\u00e9ctrica de Tornquist\",\"publisher\":{\"@id\":\"https:\/\/www.celttv.com.ar\/#organization\"},\"potentialAction\":[{\"@type\":\"SearchAction\",\"target\":{\"@type\":\"EntryPoint\",\"urlTemplate\":\"https:\/\/www.celttv.com.ar\/?s={search_term_string}\"},\"query-input\":\"required name=search_term_string\"}],\"inLanguage\":\"es\"},{\"@type\":\"Organization\",\"@id\":\"https:\/\/www.celttv.com.ar\/#organization\",\"name\":\"CELTTV\",\"url\":\"https:\/\/www.celttv.com.ar\/\",\"sameAs\":[\"https:\/\/www.youtube.com\/channel\/UCz_oIt8Hig64Ub-EmcNPIhg\",\"https:\/\/www.facebook.com\/celtTV\/\"],\"logo\":{\"@type\":\"ImageObject\",\"inLanguage\":\"es\",\"@id\":\"https:\/\/www.celttv.com.ar\/#\/schema\/logo\/image\/\",\"url\":\"http:\/\/www.celttv.com.ar\/wp-content\/uploads\/2022\/08\/logo-1.png\",\"contentUrl\":\"http:\/\/www.celttv.com.ar\/wp-content\/uploads\/2022\/08\/logo-1.png\",\"width\":461,\"height\":159,\"caption\":\"CELTTV\"},\"image\":{\"@id\":\"https:\/\/www.celttv.com.ar\/#\/schema\/logo\/image\/\"}},{\"@type\":\"Person\",\"@id\":\"https:\/\/www.celttv.com.ar\/#\/schema\/person\/6d99c072dba59953809c81446e9d0ace\",\"name\":\"ulises\",\"image\":{\"@type\":\"ImageObject\",\"inLanguage\":\"es\",\"@id\":\"https:\/\/www.celttv.com.ar\/#\/schema\/person\/image\/\",\"url\":\"https:\/\/secure.gravatar.com\/avatar\/7f2c48bdc33b30088f941fb6082e555f2874c98e20cb159d7b92b50eadfce793?s=96&d=mm&r=g\",\"contentUrl\":\"https:\/\/secure.gravatar.com\/avatar\/7f2c48bdc33b30088f941fb6082e555f2874c98e20cb159d7b92b50eadfce793?s=96&d=mm&r=g\",\"caption\":\"ulises\"},\"sameAs\":[\"http:\/\/www.celttv.com.ar\"]}]}<\/script>\n<!-- \/ Yoast SEO plugin. -->","yoast_head_json":{"title":"ROBO EN CASA DAGUERRE:\"Es lamentable tener que decir gracias a Dios no pas\u00f3 mas nada\" dijo Patricia Baptista, titular del comercio - CELTTV","description":"Sitio web de noticias de la localidad de Tornquist, provincia de Buenos Aires, Rep\u00fablica Argentina. Contenido propio originado por periodistas de CELTTV, el canal de TV local de la Cooperativa El\u00e9ctrica de Tornquist. Turismo, Pol\u00edtica, Sociedad, Deporte, Cultura y todo el contenido de inter\u00e9s general que la gente del pueblo y la regi\u00f3n debe conocer.","robots":{"index":"index","follow":"follow","max-snippet":"max-snippet:-1","max-image-preview":"max-image-preview:large","max-video-preview":"max-video-preview:-1"},"canonical":"https:\/\/www.celttv.com.ar\/index.php\/2012\/04\/12\/robo-en-casa-daguerrees-lamentable-tener-que-decir-gracias-a-dios-no-paso-mas-nada-dijo-patricia-baptista-titular-del-comercio\/","og_locale":"es_ES","og_type":"article","og_title":"ROBO EN CASA DAGUERRE:\"Es lamentable tener que decir gracias a Dios no pas\u00f3 mas nada\" dijo Patricia Baptista, titular del comercio - CELTTV","og_description":"Sitio web de noticias de la localidad de Tornquist, provincia de Buenos Aires, Rep\u00fablica Argentina. Contenido propio originado por periodistas de CELTTV, el canal de TV local de la Cooperativa El\u00e9ctrica de Tornquist. Turismo, Pol\u00edtica, Sociedad, Deporte, Cultura y todo el contenido de inter\u00e9s general que la gente del pueblo y la regi\u00f3n debe conocer.","og_url":"https:\/\/www.celttv.com.ar\/index.php\/2012\/04\/12\/robo-en-casa-daguerrees-lamentable-tener-que-decir-gracias-a-dios-no-paso-mas-nada-dijo-patricia-baptista-titular-del-comercio\/","og_site_name":"CELTTV","article_publisher":"https:\/\/www.facebook.com\/celtTV\/","article_published_time":"2012-04-12T16:32:29+00:00","author":"ulises","twitter_card":"summary_large_image","twitter_misc":{"Escrito por":"ulises"},"schema":{"@context":"https:\/\/schema.org","@graph":[{"@type":"NewsArticle","@id":"https:\/\/www.celttv.com.ar\/index.php\/2012\/04\/12\/robo-en-casa-daguerrees-lamentable-tener-que-decir-gracias-a-dios-no-paso-mas-nada-dijo-patricia-baptista-titular-del-comercio\/#article","isPartOf":{"@id":"https:\/\/www.celttv.com.ar\/index.php\/2012\/04\/12\/robo-en-casa-daguerrees-lamentable-tener-que-decir-gracias-a-dios-no-paso-mas-nada-dijo-patricia-baptista-titular-del-comercio\/"},"author":{"name":"ulises","@id":"https:\/\/www.celttv.com.ar\/#\/schema\/person\/6d99c072dba59953809c81446e9d0ace"},"headline":"ROBO EN CASA DAGUERRE:&#8221;Es lamentable tener que decir gracias a Dios no pas\u00f3 mas nada&#8221; dijo Patricia Baptista, titular del comercio","datePublished":"2012-04-12T16:32:29+00:00","dateModified":"2012-04-12T16:32:29+00:00","mainEntityOfPage":{"@id":"https:\/\/www.celttv.com.ar\/index.php\/2012\/04\/12\/robo-en-casa-daguerrees-lamentable-tener-que-decir-gracias-a-dios-no-paso-mas-nada-dijo-patricia-baptista-titular-del-comercio\/"},"wordCount":120,"commentCount":0,"publisher":{"@id":"https:\/\/www.celttv.com.ar\/#organization"},"articleSection":["Comunidad","Destacadas","Policiales","Videos Destacados"],"inLanguage":"es"},{"@type":"WebPage","@id":"https:\/\/www.celttv.com.ar\/index.php\/2012\/04\/12\/robo-en-casa-daguerrees-lamentable-tener-que-decir-gracias-a-dios-no-paso-mas-nada-dijo-patricia-baptista-titular-del-comercio\/","url":"https:\/\/www.celttv.com.ar\/index.php\/2012\/04\/12\/robo-en-casa-daguerrees-lamentable-tener-que-decir-gracias-a-dios-no-paso-mas-nada-dijo-patricia-baptista-titular-del-comercio\/","name":"ROBO EN CASA DAGUERRE:\"Es lamentable tener que decir gracias a Dios no pas\u00f3 mas nada\" dijo Patricia Baptista, titular del comercio - CELTTV","isPartOf":{"@id":"https:\/\/www.celttv.com.ar\/#website"},"datePublished":"2012-04-12T16:32:29+00:00","dateModified":"2012-04-12T16:32:29+00:00","description":"Sitio web de noticias de la localidad de Tornquist, provincia de Buenos Aires, Rep\u00fablica Argentina. Contenido propio originado por periodistas de CELTTV, el canal de TV local de la Cooperativa El\u00e9ctrica de Tornquist. Turismo, Pol\u00edtica, Sociedad, Deporte, Cultura y todo el contenido de inter\u00e9s general que la gente del pueblo y la regi\u00f3n debe conocer.","breadcrumb":{"@id":"https:\/\/www.celttv.com.ar\/index.php\/2012\/04\/12\/robo-en-casa-daguerrees-lamentable-tener-que-decir-gracias-a-dios-no-paso-mas-nada-dijo-patricia-baptista-titular-del-comercio\/#breadcrumb"},"inLanguage":"es","potentialAction":[{"@type":"ReadAction","target":["https:\/\/www.celttv.com.ar\/index.php\/2012\/04\/12\/robo-en-casa-daguerrees-lamentable-tener-que-decir-gracias-a-dios-no-paso-mas-nada-dijo-patricia-baptista-titular-del-comercio\/"]}]},{"@type":"BreadcrumbList","@id":"https:\/\/www.celttv.com.ar\/index.php\/2012\/04\/12\/robo-en-casa-daguerrees-lamentable-tener-que-decir-gracias-a-dios-no-paso-mas-nada-dijo-patricia-baptista-titular-del-comercio\/#breadcrumb","itemListElement":[{"@type":"ListItem","position":1,"name":"Inicio","item":"https:\/\/www.celttv.com.ar\/"},{"@type":"ListItem","position":2,"name":"ROBO EN CASA DAGUERRE:&#8221;Es lamentable tener que decir gracias a Dios no pas\u00f3 mas nada&#8221; dijo Patricia Baptista, titular del comercio"}]},{"@type":"WebSite","@id":"https:\/\/www.celttv.com.ar\/#website","url":"https:\/\/www.celttv.com.ar\/","name":"CELTTV","description":"Cooperativa El\u00e9ctrica de Tornquist","publisher":{"@id":"https:\/\/www.celttv.com.ar\/#organization"},"potentialAction":[{"@type":"SearchAction","target":{"@type":"EntryPoint","urlTemplate":"https:\/\/www.celttv.com.ar\/?s={search_term_string}"},"query-input":"required name=search_term_string"}],"inLanguage":"es"},{"@type":"Organization","@id":"https:\/\/www.celttv.com.ar\/#organization","name":"CELTTV","url":"https:\/\/www.celttv.com.ar\/","sameAs":["https:\/\/www.youtube.com\/channel\/UCz_oIt8Hig64Ub-EmcNPIhg","https:\/\/www.facebook.com\/celtTV\/"],"logo":{"@type":"ImageObject","inLanguage":"es","@id":"https:\/\/www.celttv.com.ar\/#\/schema\/logo\/image\/","url":"http:\/\/www.celttv.com.ar\/wp-content\/uploads\/2022\/08\/logo-1.png","contentUrl":"http:\/\/www.celttv.com.ar\/wp-content\/uploads\/2022\/08\/logo-1.png","width":461,"height":159,"caption":"CELTTV"},"image":{"@id":"https:\/\/www.celttv.com.ar\/#\/schema\/logo\/image\/"}},{"@type":"Person","@id":"https:\/\/www.celttv.com.ar\/#\/schema\/person\/6d99c072dba59953809c81446e9d0ace","name":"ulises","image":{"@type":"ImageObject","inLanguage":"es","@id":"https:\/\/www.celttv.com.ar\/#\/schema\/person\/image\/","url":"https:\/\/secure.gravatar.com\/avatar\/7f2c48bdc33b30088f941fb6082e555f2874c98e20cb159d7b92b50eadfce793?s=96&d=mm&r=g","contentUrl":"https:\/\/secure.gravatar.com\/avatar\/7f2c48bdc33b30088f941fb6082e555f2874c98e20cb159d7b92b50eadfce793?s=96&d=mm&r=g","caption":"ulises"},"sameAs":["http:\/\/www.celttv.com.ar"]}]}},"_links":{"self":[{"href":"https:\/\/www.celttv.com.ar\/index.php\/wp-json\/wp\/v2\/posts\/6023","targetHints":{"allow":["GET"]}}],"collection":[{"href":"https:\/\/www.celttv.com.ar\/index.php\/wp-json\/wp\/v2\/posts"}],"about":[{"href":"https:\/\/www.celttv.com.ar\/index.php\/wp-json\/wp\/v2\/types\/post"}],"author":[{"embeddable":true,"href":"https:\/\/www.celttv.com.ar\/index.php\/wp-json\/wp\/v2\/users\/1"}],"replies":[{"embeddable":true,"href":"https:\/\/www.celttv.com.ar\/index.php\/wp-json\/wp\/v2\/comments?post=6023"}],"version-history":[{"count":0,"href":"https:\/\/www.celttv.com.ar\/index.php\/wp-json\/wp\/v2\/posts\/6023\/revisions"}],"wp:attachment":[{"href":"https:\/\/www.celttv.com.ar\/index.php\/wp-json\/wp\/v2\/media?parent=6023"}],"wp:term":[{"taxonomy":"category","embeddable":true,"href":"https:\/\/www.celttv.com.ar\/index.php\/wp-json\/wp\/v2\/categories?post=6023"},{"taxonomy":"post_tag","embeddable":true,"href":"https:\/\/www.celttv.com.ar\/index.php\/wp-json\/wp\/v2\/tags?post=6023"}],"curies":[{"name":"wp","href":"https:\/\/api.w.org\/{rel}","templated":true}]}}