{"id":60231,"date":"2021-09-17T13:46:53","date_gmt":"2021-09-17T13:46:53","guid":{"rendered":"http:\/\/www.celttv.com.ar\/?p=60231"},"modified":"2021-09-17T13:46:53","modified_gmt":"2021-09-17T13:46:53","slug":"roberto-mutti-preside-el-centro-de-jubilados-y-pensionados-de-tornquist","status":"publish","type":"post","link":"https:\/\/www.celttv.com.ar\/index.php\/2021\/09\/17\/roberto-mutti-preside-el-centro-de-jubilados-y-pensionados-de-tornquist\/","title":{"rendered":"Roberto Mutti preside el Centro de Jubilados y Pensionados de Tornquist"},"content":{"rendered":"\n<p>El Centro de Jubilados y Pensionados, informa que se ha renovado la comisi\u00f3n directiva ahora presidida por Roberto Mutti.<\/p>\n\n\n\n<p>Las personas que lo acompa\u00f1ar\u00e1n en el per\u00edodo 2021\/2022:<\/p>\n\n\n\n<p><strong>Vice:<\/strong>&nbsp;Eduardo Spinsanti<\/p>\n\n\n\n<p><strong>Secretaria:<\/strong>&nbsp;Elsa Diaz<\/p>\n\n\n\n<p><strong>Pro Secretaria:&nbsp;<\/strong>Alicia Ramos<\/p>\n\n\n\n<p><strong>Tesorero:<\/strong>&nbsp;Francisco Mu\u00f1iz<\/p>\n\n\n\n<p><strong>Pro tesorero:&nbsp;<\/strong>Martin Pistola<\/p>\n\n\n\n<p><strong>Vocales Titulares:&nbsp;<\/strong><\/p>\n\n\n\n<p>Rub\u00e9n Schiebelbein<\/p>\n\n\n\n<p>Elba Goicoechea<\/p>\n\n\n\n<p>Susana Lopez<\/p>\n\n\n\n<p>Margarita Tullio<\/p>\n\n\n\n<p><strong>Vocales Suplentes<\/strong>&nbsp;<\/p>\n\n\n\n<p>Carlos Aguilera<\/p>\n\n\n\n<p>Roberto Flores<\/p>\n\n\n\n<p><strong>Revisores de Cuenta&nbsp;<\/strong><\/p>\n\n\n\n<p>Norma Haag<\/p>\n\n\n\n<p>Isabel Rojas<\/p>\n\n\n\n<p>Raquel Garc\u00eda<\/p>\n\n\n\n<p><strong>Suplentes<\/strong><\/p>\n\n\n\n<p>Adita Diocares &nbsp;<\/p>\n\n\n\n<p>Beatriz Quiroga<\/p>\n\n\n\n<figure class=\"wp-block-image size-large\"><img loading=\"lazy\" decoding=\"async\" width=\"960\" height=\"640\" src=\"http:\/\/www.celttv.com.ar\/wp-content\/uploads\/2021\/09\/11391351_851209558300963_7058366067468299702_n.jpg\" alt=\"\" class=\"wp-image-60232\" srcset=\"https:\/\/www.celttv.com.ar\/wp-content\/uploads\/2021\/09\/11391351_851209558300963_7058366067468299702_n.jpg 960w, https:\/\/www.celttv.com.ar\/wp-content\/uploads\/2021\/09\/11391351_851209558300963_7058366067468299702_n-300x200.jpg 300w, https:\/\/www.celttv.com.ar\/wp-content\/uploads\/2021\/09\/11391351_851209558300963_7058366067468299702_n-768x512.jpg 768w, https:\/\/www.celttv.com.ar\/wp-content\/uploads\/2021\/09\/11391351_851209558300963_7058366067468299702_n-750x500.jpg 750w\" sizes=\"auto, (max-width: 960px) 100vw, 960px\" \/><\/figure>\n","protected":false},"excerpt":{"rendered":"<p>El Centro de Jubilados y Pensionados, informa que se ha renovado la comisi\u00f3n directiva ahora presidida por Roberto Mutti. Las personas que lo acompa\u00f1ar\u00e1n en el per\u00edodo 2021\/2022: Vice:&nbsp;Eduardo Spinsanti Secretaria:&nbsp;Elsa Diaz Pro Secretaria:&nbsp;Alicia Ramos Tesorero:&nbsp;Francisco Mu\u00f1iz Pro tesorero:&nbsp;Martin Pistola Vocales Titulares:&nbsp; Rub\u00e9n Schiebelbein Elba Goicoechea Susana Lopez Margarita Tullio Vocales Suplentes&nbsp; Carlos Aguilera Roberto [&hellip;]<\/p>\n","protected":false},"author":1,"featured_media":60232,"comment_status":"closed","ping_status":"open","sticky":false,"template":"","format":"standard","meta":{"footnotes":""},"categories":[55,51,52],"tags":[],"class_list":["post-60231","post","type-post","status-publish","format-standard","has-post-thumbnail","hentry","category-celt-tv-noticias","category-comunidad","category-destacadas"],"yoast_head":"<!-- This site is optimized with the Yoast SEO plugin v19.7.1 - https:\/\/yoast.com\/wordpress\/plugins\/seo\/ -->\n<title>Roberto Mutti preside el Centro de Jubilados y Pensionados de Tornquist - CELTTV<\/title>\n<meta name=\"description\" content=\"Sitio web de noticias de la localidad de Tornquist, provincia de Buenos Aires, Rep\u00fablica Argentina. Contenido propio originado por periodistas de CELTTV, el canal de TV local de la Cooperativa El\u00e9ctrica de Tornquist. Turismo, Pol\u00edtica, Sociedad, Deporte, Cultura y todo el contenido de inter\u00e9s general que la gente del pueblo y la regi\u00f3n debe conocer.\" \/>\n<meta name=\"robots\" content=\"index, follow, max-snippet:-1, max-image-preview:large, max-video-preview:-1\" \/>\n<link rel=\"canonical\" href=\"https:\/\/www.celttv.com.ar\/index.php\/2021\/09\/17\/roberto-mutti-preside-el-centro-de-jubilados-y-pensionados-de-tornquist\/\" \/>\n<meta property=\"og:locale\" content=\"es_ES\" \/>\n<meta property=\"og:type\" content=\"article\" \/>\n<meta property=\"og:title\" content=\"Roberto Mutti preside el Centro de Jubilados y Pensionados de Tornquist - CELTTV\" \/>\n<meta property=\"og:description\" content=\"Sitio web de noticias de la localidad de Tornquist, provincia de Buenos Aires, Rep\u00fablica Argentina. Contenido propio originado por periodistas de CELTTV, el canal de TV local de la Cooperativa El\u00e9ctrica de Tornquist. Turismo, Pol\u00edtica, Sociedad, Deporte, Cultura y todo el contenido de inter\u00e9s general que la gente del pueblo y la regi\u00f3n debe conocer.\" \/>\n<meta property=\"og:url\" content=\"https:\/\/www.celttv.com.ar\/index.php\/2021\/09\/17\/roberto-mutti-preside-el-centro-de-jubilados-y-pensionados-de-tornquist\/\" \/>\n<meta property=\"og:site_name\" content=\"CELTTV\" \/>\n<meta property=\"article:publisher\" content=\"https:\/\/www.facebook.com\/celtTV\/\" \/>\n<meta property=\"article:published_time\" content=\"2021-09-17T13:46:53+00:00\" \/>\n<meta property=\"og:image\" content=\"https:\/\/www.celttv.com.ar\/wp-content\/uploads\/2021\/09\/11391351_851209558300963_7058366067468299702_n.jpg\" \/>\n\t<meta property=\"og:image:width\" content=\"960\" \/>\n\t<meta property=\"og:image:height\" content=\"640\" \/>\n\t<meta property=\"og:image:type\" content=\"image\/jpeg\" \/>\n<meta name=\"author\" content=\"ulises\" \/>\n<meta name=\"twitter:card\" content=\"summary_large_image\" \/>\n<meta name=\"twitter:label1\" content=\"Escrito por\" \/>\n\t<meta name=\"twitter:data1\" content=\"ulises\" \/>\n<script type=\"application\/ld+json\" class=\"yoast-schema-graph\">{\"@context\":\"https:\/\/schema.org\",\"@graph\":[{\"@type\":\"NewsArticle\",\"@id\":\"https:\/\/www.celttv.com.ar\/index.php\/2021\/09\/17\/roberto-mutti-preside-el-centro-de-jubilados-y-pensionados-de-tornquist\/#article\",\"isPartOf\":{\"@id\":\"https:\/\/www.celttv.com.ar\/index.php\/2021\/09\/17\/roberto-mutti-preside-el-centro-de-jubilados-y-pensionados-de-tornquist\/\"},\"author\":{\"name\":\"ulises\",\"@id\":\"https:\/\/www.celttv.com.ar\/#\/schema\/person\/6d99c072dba59953809c81446e9d0ace\"},\"headline\":\"Roberto Mutti preside el Centro de Jubilados y Pensionados de Tornquist\",\"datePublished\":\"2021-09-17T13:46:53+00:00\",\"dateModified\":\"2021-09-17T13:46:53+00:00\",\"mainEntityOfPage\":{\"@id\":\"https:\/\/www.celttv.com.ar\/index.php\/2021\/09\/17\/roberto-mutti-preside-el-centro-de-jubilados-y-pensionados-de-tornquist\/\"},\"wordCount\":101,\"publisher\":{\"@id\":\"https:\/\/www.celttv.com.ar\/#organization\"},\"articleSection\":[\"Celt TV Noticias\",\"Comunidad\",\"Destacadas\"],\"inLanguage\":\"es\"},{\"@type\":\"WebPage\",\"@id\":\"https:\/\/www.celttv.com.ar\/index.php\/2021\/09\/17\/roberto-mutti-preside-el-centro-de-jubilados-y-pensionados-de-tornquist\/\",\"url\":\"https:\/\/www.celttv.com.ar\/index.php\/2021\/09\/17\/roberto-mutti-preside-el-centro-de-jubilados-y-pensionados-de-tornquist\/\",\"name\":\"Roberto Mutti preside el Centro de Jubilados y Pensionados de Tornquist - CELTTV\",\"isPartOf\":{\"@id\":\"https:\/\/www.celttv.com.ar\/#website\"},\"datePublished\":\"2021-09-17T13:46:53+00:00\",\"dateModified\":\"2021-09-17T13:46:53+00:00\",\"description\":\"Sitio web de noticias de la localidad de Tornquist, provincia de Buenos Aires, Rep\u00fablica Argentina. Contenido propio originado por periodistas de CELTTV, el canal de TV local de la Cooperativa El\u00e9ctrica de Tornquist. Turismo, Pol\u00edtica, Sociedad, Deporte, Cultura y todo el contenido de inter\u00e9s general que la gente del pueblo y la regi\u00f3n debe conocer.\",\"breadcrumb\":{\"@id\":\"https:\/\/www.celttv.com.ar\/index.php\/2021\/09\/17\/roberto-mutti-preside-el-centro-de-jubilados-y-pensionados-de-tornquist\/#breadcrumb\"},\"inLanguage\":\"es\",\"potentialAction\":[{\"@type\":\"ReadAction\",\"target\":[\"https:\/\/www.celttv.com.ar\/index.php\/2021\/09\/17\/roberto-mutti-preside-el-centro-de-jubilados-y-pensionados-de-tornquist\/\"]}]},{\"@type\":\"BreadcrumbList\",\"@id\":\"https:\/\/www.celttv.com.ar\/index.php\/2021\/09\/17\/roberto-mutti-preside-el-centro-de-jubilados-y-pensionados-de-tornquist\/#breadcrumb\",\"itemListElement\":[{\"@type\":\"ListItem\",\"position\":1,\"name\":\"Inicio\",\"item\":\"https:\/\/www.celttv.com.ar\/\"},{\"@type\":\"ListItem\",\"position\":2,\"name\":\"Roberto Mutti preside el Centro de Jubilados y Pensionados de Tornquist\"}]},{\"@type\":\"WebSite\",\"@id\":\"https:\/\/www.celttv.com.ar\/#website\",\"url\":\"https:\/\/www.celttv.com.ar\/\",\"name\":\"CELTTV\",\"description\":\"Cooperativa El\u00e9ctrica de Tornquist\",\"publisher\":{\"@id\":\"https:\/\/www.celttv.com.ar\/#organization\"},\"potentialAction\":[{\"@type\":\"SearchAction\",\"target\":{\"@type\":\"EntryPoint\",\"urlTemplate\":\"https:\/\/www.celttv.com.ar\/?s={search_term_string}\"},\"query-input\":\"required name=search_term_string\"}],\"inLanguage\":\"es\"},{\"@type\":\"Organization\",\"@id\":\"https:\/\/www.celttv.com.ar\/#organization\",\"name\":\"CELTTV\",\"url\":\"https:\/\/www.celttv.com.ar\/\",\"sameAs\":[\"https:\/\/www.youtube.com\/channel\/UCz_oIt8Hig64Ub-EmcNPIhg\",\"https:\/\/www.facebook.com\/celtTV\/\"],\"logo\":{\"@type\":\"ImageObject\",\"inLanguage\":\"es\",\"@id\":\"https:\/\/www.celttv.com.ar\/#\/schema\/logo\/image\/\",\"url\":\"http:\/\/www.celttv.com.ar\/wp-content\/uploads\/2022\/08\/logo-1.png\",\"contentUrl\":\"http:\/\/www.celttv.com.ar\/wp-content\/uploads\/2022\/08\/logo-1.png\",\"width\":461,\"height\":159,\"caption\":\"CELTTV\"},\"image\":{\"@id\":\"https:\/\/www.celttv.com.ar\/#\/schema\/logo\/image\/\"}},{\"@type\":\"Person\",\"@id\":\"https:\/\/www.celttv.com.ar\/#\/schema\/person\/6d99c072dba59953809c81446e9d0ace\",\"name\":\"ulises\",\"image\":{\"@type\":\"ImageObject\",\"inLanguage\":\"es\",\"@id\":\"https:\/\/www.celttv.com.ar\/#\/schema\/person\/image\/\",\"url\":\"https:\/\/secure.gravatar.com\/avatar\/7f2c48bdc33b30088f941fb6082e555f2874c98e20cb159d7b92b50eadfce793?s=96&d=mm&r=g\",\"contentUrl\":\"https:\/\/secure.gravatar.com\/avatar\/7f2c48bdc33b30088f941fb6082e555f2874c98e20cb159d7b92b50eadfce793?s=96&d=mm&r=g\",\"caption\":\"ulises\"},\"sameAs\":[\"http:\/\/www.celttv.com.ar\"]}]}<\/script>\n<!-- \/ Yoast SEO plugin. -->","yoast_head_json":{"title":"Roberto Mutti preside el Centro de Jubilados y Pensionados de Tornquist - CELTTV","description":"Sitio web de noticias de la localidad de Tornquist, provincia de Buenos Aires, Rep\u00fablica Argentina. Contenido propio originado por periodistas de CELTTV, el canal de TV local de la Cooperativa El\u00e9ctrica de Tornquist. Turismo, Pol\u00edtica, Sociedad, Deporte, Cultura y todo el contenido de inter\u00e9s general que la gente del pueblo y la regi\u00f3n debe conocer.","robots":{"index":"index","follow":"follow","max-snippet":"max-snippet:-1","max-image-preview":"max-image-preview:large","max-video-preview":"max-video-preview:-1"},"canonical":"https:\/\/www.celttv.com.ar\/index.php\/2021\/09\/17\/roberto-mutti-preside-el-centro-de-jubilados-y-pensionados-de-tornquist\/","og_locale":"es_ES","og_type":"article","og_title":"Roberto Mutti preside el Centro de Jubilados y Pensionados de Tornquist - CELTTV","og_description":"Sitio web de noticias de la localidad de Tornquist, provincia de Buenos Aires, Rep\u00fablica Argentina. Contenido propio originado por periodistas de CELTTV, el canal de TV local de la Cooperativa El\u00e9ctrica de Tornquist. Turismo, Pol\u00edtica, Sociedad, Deporte, Cultura y todo el contenido de inter\u00e9s general que la gente del pueblo y la regi\u00f3n debe conocer.","og_url":"https:\/\/www.celttv.com.ar\/index.php\/2021\/09\/17\/roberto-mutti-preside-el-centro-de-jubilados-y-pensionados-de-tornquist\/","og_site_name":"CELTTV","article_publisher":"https:\/\/www.facebook.com\/celtTV\/","article_published_time":"2021-09-17T13:46:53+00:00","og_image":[{"width":960,"height":640,"url":"https:\/\/www.celttv.com.ar\/wp-content\/uploads\/2021\/09\/11391351_851209558300963_7058366067468299702_n.jpg","type":"image\/jpeg"}],"author":"ulises","twitter_card":"summary_large_image","twitter_misc":{"Escrito por":"ulises"},"schema":{"@context":"https:\/\/schema.org","@graph":[{"@type":"NewsArticle","@id":"https:\/\/www.celttv.com.ar\/index.php\/2021\/09\/17\/roberto-mutti-preside-el-centro-de-jubilados-y-pensionados-de-tornquist\/#article","isPartOf":{"@id":"https:\/\/www.celttv.com.ar\/index.php\/2021\/09\/17\/roberto-mutti-preside-el-centro-de-jubilados-y-pensionados-de-tornquist\/"},"author":{"name":"ulises","@id":"https:\/\/www.celttv.com.ar\/#\/schema\/person\/6d99c072dba59953809c81446e9d0ace"},"headline":"Roberto Mutti preside el Centro de Jubilados y Pensionados de Tornquist","datePublished":"2021-09-17T13:46:53+00:00","dateModified":"2021-09-17T13:46:53+00:00","mainEntityOfPage":{"@id":"https:\/\/www.celttv.com.ar\/index.php\/2021\/09\/17\/roberto-mutti-preside-el-centro-de-jubilados-y-pensionados-de-tornquist\/"},"wordCount":101,"publisher":{"@id":"https:\/\/www.celttv.com.ar\/#organization"},"articleSection":["Celt TV Noticias","Comunidad","Destacadas"],"inLanguage":"es"},{"@type":"WebPage","@id":"https:\/\/www.celttv.com.ar\/index.php\/2021\/09\/17\/roberto-mutti-preside-el-centro-de-jubilados-y-pensionados-de-tornquist\/","url":"https:\/\/www.celttv.com.ar\/index.php\/2021\/09\/17\/roberto-mutti-preside-el-centro-de-jubilados-y-pensionados-de-tornquist\/","name":"Roberto Mutti preside el Centro de Jubilados y Pensionados de Tornquist - CELTTV","isPartOf":{"@id":"https:\/\/www.celttv.com.ar\/#website"},"datePublished":"2021-09-17T13:46:53+00:00","dateModified":"2021-09-17T13:46:53+00:00","description":"Sitio web de noticias de la localidad de Tornquist, provincia de Buenos Aires, Rep\u00fablica Argentina. Contenido propio originado por periodistas de CELTTV, el canal de TV local de la Cooperativa El\u00e9ctrica de Tornquist. Turismo, Pol\u00edtica, Sociedad, Deporte, Cultura y todo el contenido de inter\u00e9s general que la gente del pueblo y la regi\u00f3n debe conocer.","breadcrumb":{"@id":"https:\/\/www.celttv.com.ar\/index.php\/2021\/09\/17\/roberto-mutti-preside-el-centro-de-jubilados-y-pensionados-de-tornquist\/#breadcrumb"},"inLanguage":"es","potentialAction":[{"@type":"ReadAction","target":["https:\/\/www.celttv.com.ar\/index.php\/2021\/09\/17\/roberto-mutti-preside-el-centro-de-jubilados-y-pensionados-de-tornquist\/"]}]},{"@type":"BreadcrumbList","@id":"https:\/\/www.celttv.com.ar\/index.php\/2021\/09\/17\/roberto-mutti-preside-el-centro-de-jubilados-y-pensionados-de-tornquist\/#breadcrumb","itemListElement":[{"@type":"ListItem","position":1,"name":"Inicio","item":"https:\/\/www.celttv.com.ar\/"},{"@type":"ListItem","position":2,"name":"Roberto Mutti preside el Centro de Jubilados y Pensionados de Tornquist"}]},{"@type":"WebSite","@id":"https:\/\/www.celttv.com.ar\/#website","url":"https:\/\/www.celttv.com.ar\/","name":"CELTTV","description":"Cooperativa El\u00e9ctrica de Tornquist","publisher":{"@id":"https:\/\/www.celttv.com.ar\/#organization"},"potentialAction":[{"@type":"SearchAction","target":{"@type":"EntryPoint","urlTemplate":"https:\/\/www.celttv.com.ar\/?s={search_term_string}"},"query-input":"required name=search_term_string"}],"inLanguage":"es"},{"@type":"Organization","@id":"https:\/\/www.celttv.com.ar\/#organization","name":"CELTTV","url":"https:\/\/www.celttv.com.ar\/","sameAs":["https:\/\/www.youtube.com\/channel\/UCz_oIt8Hig64Ub-EmcNPIhg","https:\/\/www.facebook.com\/celtTV\/"],"logo":{"@type":"ImageObject","inLanguage":"es","@id":"https:\/\/www.celttv.com.ar\/#\/schema\/logo\/image\/","url":"http:\/\/www.celttv.com.ar\/wp-content\/uploads\/2022\/08\/logo-1.png","contentUrl":"http:\/\/www.celttv.com.ar\/wp-content\/uploads\/2022\/08\/logo-1.png","width":461,"height":159,"caption":"CELTTV"},"image":{"@id":"https:\/\/www.celttv.com.ar\/#\/schema\/logo\/image\/"}},{"@type":"Person","@id":"https:\/\/www.celttv.com.ar\/#\/schema\/person\/6d99c072dba59953809c81446e9d0ace","name":"ulises","image":{"@type":"ImageObject","inLanguage":"es","@id":"https:\/\/www.celttv.com.ar\/#\/schema\/person\/image\/","url":"https:\/\/secure.gravatar.com\/avatar\/7f2c48bdc33b30088f941fb6082e555f2874c98e20cb159d7b92b50eadfce793?s=96&d=mm&r=g","contentUrl":"https:\/\/secure.gravatar.com\/avatar\/7f2c48bdc33b30088f941fb6082e555f2874c98e20cb159d7b92b50eadfce793?s=96&d=mm&r=g","caption":"ulises"},"sameAs":["http:\/\/www.celttv.com.ar"]}]}},"_links":{"self":[{"href":"https:\/\/www.celttv.com.ar\/index.php\/wp-json\/wp\/v2\/posts\/60231","targetHints":{"allow":["GET"]}}],"collection":[{"href":"https:\/\/www.celttv.com.ar\/index.php\/wp-json\/wp\/v2\/posts"}],"about":[{"href":"https:\/\/www.celttv.com.ar\/index.php\/wp-json\/wp\/v2\/types\/post"}],"author":[{"embeddable":true,"href":"https:\/\/www.celttv.com.ar\/index.php\/wp-json\/wp\/v2\/users\/1"}],"replies":[{"embeddable":true,"href":"https:\/\/www.celttv.com.ar\/index.php\/wp-json\/wp\/v2\/comments?post=60231"}],"version-history":[{"count":0,"href":"https:\/\/www.celttv.com.ar\/index.php\/wp-json\/wp\/v2\/posts\/60231\/revisions"}],"wp:featuredmedia":[{"embeddable":true,"href":"https:\/\/www.celttv.com.ar\/index.php\/wp-json\/wp\/v2\/media\/60232"}],"wp:attachment":[{"href":"https:\/\/www.celttv.com.ar\/index.php\/wp-json\/wp\/v2\/media?parent=60231"}],"wp:term":[{"taxonomy":"category","embeddable":true,"href":"https:\/\/www.celttv.com.ar\/index.php\/wp-json\/wp\/v2\/categories?post=60231"},{"taxonomy":"post_tag","embeddable":true,"href":"https:\/\/www.celttv.com.ar\/index.php\/wp-json\/wp\/v2\/tags?post=60231"}],"curies":[{"name":"wp","href":"https:\/\/api.w.org\/{rel}","templated":true}]}}