{"id":60322,"date":"2021-09-18T23:28:46","date_gmt":"2021-09-18T23:28:46","guid":{"rendered":"http:\/\/www.celttv.com.ar\/?p=60322"},"modified":"2021-09-18T23:28:46","modified_gmt":"2021-09-18T23:28:46","slug":"unos-40-ciclistas-disfrutaron-del-monumento-natural-iguana-de-cobre","status":"publish","type":"post","link":"https:\/\/www.celttv.com.ar\/index.php\/2021\/09\/18\/unos-40-ciclistas-disfrutaron-del-monumento-natural-iguana-de-cobre\/","title":{"rendered":"Unos 40 ciclistas disfrutaron del &#8220;Monumento Natural Iguana de Cobre&#8221;"},"content":{"rendered":"\n<p>En el marco del programa \u2018Tornquist 360, descubriendo en movimiento\u2019, llevado a cabo por la Secretar\u00eda de Desarrollo mediante la Direcci\u00f3n de Deportes y el Museo Casa de la Historia, este s\u00e1bado se realiz\u00f3 con \u00e9xito el Cicloturismo al \u2018Monumento Natural Iguana de Cobre\u2019.<\/p>\n\n\n\n<p>\u00a0 La jornada cont\u00f3 con la participaci\u00f2n de 40 ciclistas que hicieron un recorrido de 45 km hasta el Parque Provincial y luego una caminata hasta la Garganta Olvidada (1,5K), con almuerzo a la canasta. <\/p>\n\n\n\n<figure class=\"wp-block-embed is-type-video is-provider-youtube wp-block-embed-youtube wp-embed-aspect-16-9 wp-has-aspect-ratio\"><div class=\"wp-block-embed__wrapper\">\n<iframe loading=\"lazy\" title=\"2021 09 20  CICLOTURISMO: MONUMENTO NATURAL IGUANA DE COBRE\" width=\"500\" height=\"281\" src=\"https:\/\/www.youtube.com\/embed\/8FzpvRbxw_Y?feature=oembed\" frameborder=\"0\" allow=\"accelerometer; autoplay; clipboard-write; encrypted-media; gyroscope; picture-in-picture; web-share\" referrerpolicy=\"strict-origin-when-cross-origin\" allowfullscreen><\/iframe>\n<\/div><\/figure>\n\n\n\n<figure class=\"wp-block-image size-large\"><img loading=\"lazy\" decoding=\"async\" width=\"1024\" height=\"768\" src=\"http:\/\/www.celttv.com.ar\/wp-content\/uploads\/2021\/09\/fc227f20-86d2-4379-992a-ce937a46a7b8.jpg\" alt=\"\" class=\"wp-image-60325\" srcset=\"https:\/\/www.celttv.com.ar\/wp-content\/uploads\/2021\/09\/fc227f20-86d2-4379-992a-ce937a46a7b8.jpg 1024w, https:\/\/www.celttv.com.ar\/wp-content\/uploads\/2021\/09\/fc227f20-86d2-4379-992a-ce937a46a7b8-300x225.jpg 300w, https:\/\/www.celttv.com.ar\/wp-content\/uploads\/2021\/09\/fc227f20-86d2-4379-992a-ce937a46a7b8-768x576.jpg 768w, https:\/\/www.celttv.com.ar\/wp-content\/uploads\/2021\/09\/fc227f20-86d2-4379-992a-ce937a46a7b8-750x563.jpg 750w\" sizes=\"auto, (max-width: 1024px) 100vw, 1024px\" \/><\/figure>\n\n\n\n<figure class=\"wp-block-image size-large\"><img loading=\"lazy\" decoding=\"async\" width=\"1024\" height=\"768\" src=\"http:\/\/www.celttv.com.ar\/wp-content\/uploads\/2021\/09\/d50c69f4-f317-47ec-a4d8-33baecda4a49.jpg\" alt=\"\" class=\"wp-image-60326\" srcset=\"https:\/\/www.celttv.com.ar\/wp-content\/uploads\/2021\/09\/d50c69f4-f317-47ec-a4d8-33baecda4a49.jpg 1024w, https:\/\/www.celttv.com.ar\/wp-content\/uploads\/2021\/09\/d50c69f4-f317-47ec-a4d8-33baecda4a49-300x225.jpg 300w, https:\/\/www.celttv.com.ar\/wp-content\/uploads\/2021\/09\/d50c69f4-f317-47ec-a4d8-33baecda4a49-768x576.jpg 768w, https:\/\/www.celttv.com.ar\/wp-content\/uploads\/2021\/09\/d50c69f4-f317-47ec-a4d8-33baecda4a49-750x563.jpg 750w\" sizes=\"auto, (max-width: 1024px) 100vw, 1024px\" \/><\/figure>\n\n\n\n<figure class=\"wp-block-image size-large\"><img loading=\"lazy\" decoding=\"async\" width=\"1024\" height=\"768\" src=\"http:\/\/www.celttv.com.ar\/wp-content\/uploads\/2021\/09\/58add5f1-a0f2-42e0-b36c-ab8cf08c0780.jpg\" alt=\"\" class=\"wp-image-60327\" srcset=\"https:\/\/www.celttv.com.ar\/wp-content\/uploads\/2021\/09\/58add5f1-a0f2-42e0-b36c-ab8cf08c0780.jpg 1024w, https:\/\/www.celttv.com.ar\/wp-content\/uploads\/2021\/09\/58add5f1-a0f2-42e0-b36c-ab8cf08c0780-300x225.jpg 300w, https:\/\/www.celttv.com.ar\/wp-content\/uploads\/2021\/09\/58add5f1-a0f2-42e0-b36c-ab8cf08c0780-768x576.jpg 768w, https:\/\/www.celttv.com.ar\/wp-content\/uploads\/2021\/09\/58add5f1-a0f2-42e0-b36c-ab8cf08c0780-750x563.jpg 750w\" sizes=\"auto, (max-width: 1024px) 100vw, 1024px\" \/><\/figure>\n\n\n\n<figure class=\"wp-block-image size-large\"><img loading=\"lazy\" decoding=\"async\" width=\"1024\" height=\"768\" src=\"http:\/\/www.celttv.com.ar\/wp-content\/uploads\/2021\/09\/9e3fe942-c9c4-420a-bff3-bf220c0cb805.jpg\" alt=\"\" class=\"wp-image-60328\" srcset=\"https:\/\/www.celttv.com.ar\/wp-content\/uploads\/2021\/09\/9e3fe942-c9c4-420a-bff3-bf220c0cb805.jpg 1024w, https:\/\/www.celttv.com.ar\/wp-content\/uploads\/2021\/09\/9e3fe942-c9c4-420a-bff3-bf220c0cb805-300x225.jpg 300w, https:\/\/www.celttv.com.ar\/wp-content\/uploads\/2021\/09\/9e3fe942-c9c4-420a-bff3-bf220c0cb805-768x576.jpg 768w, https:\/\/www.celttv.com.ar\/wp-content\/uploads\/2021\/09\/9e3fe942-c9c4-420a-bff3-bf220c0cb805-750x563.jpg 750w\" sizes=\"auto, (max-width: 1024px) 100vw, 1024px\" \/><\/figure>\n\n\n\n<figure class=\"wp-block-image size-large\"><img loading=\"lazy\" decoding=\"async\" width=\"1024\" height=\"768\" src=\"http:\/\/www.celttv.com.ar\/wp-content\/uploads\/2021\/09\/7076ead2-7c80-47d3-bcb1-b9953c66db5e.jpg\" alt=\"\" class=\"wp-image-60329\" srcset=\"https:\/\/www.celttv.com.ar\/wp-content\/uploads\/2021\/09\/7076ead2-7c80-47d3-bcb1-b9953c66db5e.jpg 1024w, https:\/\/www.celttv.com.ar\/wp-content\/uploads\/2021\/09\/7076ead2-7c80-47d3-bcb1-b9953c66db5e-300x225.jpg 300w, https:\/\/www.celttv.com.ar\/wp-content\/uploads\/2021\/09\/7076ead2-7c80-47d3-bcb1-b9953c66db5e-768x576.jpg 768w, https:\/\/www.celttv.com.ar\/wp-content\/uploads\/2021\/09\/7076ead2-7c80-47d3-bcb1-b9953c66db5e-750x563.jpg 750w\" sizes=\"auto, (max-width: 1024px) 100vw, 1024px\" \/><\/figure>\n\n\n\n<p><strong>COMUNICADO DESDE EL MUSEO CASA DE LA HISTORIA<\/strong><\/p>\n\n\n\n<p>Un nuevo \u00e9xito y van\u2026\u2026.<br>Gracias a todos por acompa\u00f1arnos en una nueva propuesta pensada para ustedes: nuestros vecinos y amigos.<br>\u00a1Un d\u00eda incre\u00edble para pedalear y acercarnos al Monumento Natural Iguana de Cobre!<br>Gracias An\u00edbal y Daniela por acompa\u00f1arnos y ayudarnos a organizar esta salida.<br>Gracias a la Direcci\u00f3n de Deportes, puntualmente a Juan Gisler por el trabajo en equipo!.<br>Gracias al Parque Provincial Ernesto Tornquist, por recibirnos hoy!.<br>\u00a1Gracias al cuerpo de inspectores de la Municipalidad por su gran apoyo!<br>\u00a1Y un gracias m\u00e1s que especial a ustedes vecinos y amigos por siempre acompa\u00f1arnos en todas nuestras salidas!<br>Pr\u00f3ximamente nuevas propuestas para ustedes.<br>\u00a1Gracias de coraz\u00f3n!<\/p>\n\n\n\n<figure class=\"wp-block-image size-large\"><img loading=\"lazy\" decoding=\"async\" width=\"1024\" height=\"1024\" src=\"http:\/\/www.celttv.com.ar\/wp-content\/uploads\/2021\/09\/3110acd9-de5c-4184-9e35-2cdfbb5ab87e-1024x1024.jpg\" alt=\"\" class=\"wp-image-60323\" srcset=\"https:\/\/www.celttv.com.ar\/wp-content\/uploads\/2021\/09\/3110acd9-de5c-4184-9e35-2cdfbb5ab87e-1024x1024.jpg 1024w, https:\/\/www.celttv.com.ar\/wp-content\/uploads\/2021\/09\/3110acd9-de5c-4184-9e35-2cdfbb5ab87e-300x300.jpg 300w, https:\/\/www.celttv.com.ar\/wp-content\/uploads\/2021\/09\/3110acd9-de5c-4184-9e35-2cdfbb5ab87e-150x150.jpg 150w, https:\/\/www.celttv.com.ar\/wp-content\/uploads\/2021\/09\/3110acd9-de5c-4184-9e35-2cdfbb5ab87e-768x768.jpg 768w, https:\/\/www.celttv.com.ar\/wp-content\/uploads\/2021\/09\/3110acd9-de5c-4184-9e35-2cdfbb5ab87e-75x75.jpg 75w, https:\/\/www.celttv.com.ar\/wp-content\/uploads\/2021\/09\/3110acd9-de5c-4184-9e35-2cdfbb5ab87e-750x750.jpg 750w, https:\/\/www.celttv.com.ar\/wp-content\/uploads\/2021\/09\/3110acd9-de5c-4184-9e35-2cdfbb5ab87e.jpg 1080w\" sizes=\"auto, (max-width: 1024px) 100vw, 1024px\" \/><\/figure>\n\n\n\n<figure class=\"wp-block-image size-large\"><img loading=\"lazy\" decoding=\"async\" width=\"1024\" height=\"1024\" src=\"http:\/\/www.celttv.com.ar\/wp-content\/uploads\/2021\/09\/0dc2ecc4-7215-4ab8-b64d-d15577c713f0-1024x1024.jpg\" alt=\"\" class=\"wp-image-60324\" srcset=\"https:\/\/www.celttv.com.ar\/wp-content\/uploads\/2021\/09\/0dc2ecc4-7215-4ab8-b64d-d15577c713f0-1024x1024.jpg 1024w, https:\/\/www.celttv.com.ar\/wp-content\/uploads\/2021\/09\/0dc2ecc4-7215-4ab8-b64d-d15577c713f0-300x300.jpg 300w, https:\/\/www.celttv.com.ar\/wp-content\/uploads\/2021\/09\/0dc2ecc4-7215-4ab8-b64d-d15577c713f0-150x150.jpg 150w, https:\/\/www.celttv.com.ar\/wp-content\/uploads\/2021\/09\/0dc2ecc4-7215-4ab8-b64d-d15577c713f0-768x768.jpg 768w, https:\/\/www.celttv.com.ar\/wp-content\/uploads\/2021\/09\/0dc2ecc4-7215-4ab8-b64d-d15577c713f0-75x75.jpg 75w, https:\/\/www.celttv.com.ar\/wp-content\/uploads\/2021\/09\/0dc2ecc4-7215-4ab8-b64d-d15577c713f0-750x750.jpg 750w, https:\/\/www.celttv.com.ar\/wp-content\/uploads\/2021\/09\/0dc2ecc4-7215-4ab8-b64d-d15577c713f0.jpg 1080w\" sizes=\"auto, (max-width: 1024px) 100vw, 1024px\" \/><\/figure>\n","protected":false},"excerpt":{"rendered":"<p>En el marco del programa \u2018Tornquist 360, descubriendo en movimiento\u2019, llevado a cabo por la Secretar\u00eda de Desarrollo mediante la Direcci\u00f3n de Deportes y el Museo Casa de la Historia, este s\u00e1bado se realiz\u00f3 con \u00e9xito el Cicloturismo al \u2018Monumento Natural Iguana de Cobre\u2019. \u00a0 La jornada cont\u00f3 con la participaci\u00f2n de 40 ciclistas que [&hellip;]<\/p>\n","protected":false},"author":1,"featured_media":60326,"comment_status":"closed","ping_status":"open","sticky":false,"template":"","format":"standard","meta":{"footnotes":""},"categories":[55,51,62,52,63],"tags":[],"class_list":["post-60322","post","type-post","status-publish","format-standard","has-post-thumbnail","hentry","category-celt-tv-noticias","category-comunidad","category-deportes","category-destacadas","category-magazine-sport"],"yoast_head":"<!-- This site is optimized with the Yoast SEO plugin v19.7.1 - https:\/\/yoast.com\/wordpress\/plugins\/seo\/ -->\n<title>Unos 40 ciclistas disfrutaron del &quot;Monumento Natural Iguana de Cobre&quot; - CELTTV<\/title>\n<meta name=\"description\" content=\"Sitio web de noticias de la localidad de Tornquist, provincia de Buenos Aires, Rep\u00fablica Argentina. Contenido propio originado por periodistas de CELTTV, el canal de TV local de la Cooperativa El\u00e9ctrica de Tornquist. Turismo, Pol\u00edtica, Sociedad, Deporte, Cultura y todo el contenido de inter\u00e9s general que la gente del pueblo y la regi\u00f3n debe conocer.\" \/>\n<meta name=\"robots\" content=\"index, follow, max-snippet:-1, max-image-preview:large, max-video-preview:-1\" \/>\n<link rel=\"canonical\" href=\"https:\/\/www.celttv.com.ar\/index.php\/2021\/09\/18\/unos-40-ciclistas-disfrutaron-del-monumento-natural-iguana-de-cobre\/\" \/>\n<meta property=\"og:locale\" content=\"es_ES\" \/>\n<meta property=\"og:type\" content=\"article\" \/>\n<meta property=\"og:title\" content=\"Unos 40 ciclistas disfrutaron del &quot;Monumento Natural Iguana de Cobre&quot; - CELTTV\" \/>\n<meta property=\"og:description\" content=\"Sitio web de noticias de la localidad de Tornquist, provincia de Buenos Aires, Rep\u00fablica Argentina. Contenido propio originado por periodistas de CELTTV, el canal de TV local de la Cooperativa El\u00e9ctrica de Tornquist. Turismo, Pol\u00edtica, Sociedad, Deporte, Cultura y todo el contenido de inter\u00e9s general que la gente del pueblo y la regi\u00f3n debe conocer.\" \/>\n<meta property=\"og:url\" content=\"https:\/\/www.celttv.com.ar\/index.php\/2021\/09\/18\/unos-40-ciclistas-disfrutaron-del-monumento-natural-iguana-de-cobre\/\" \/>\n<meta property=\"og:site_name\" content=\"CELTTV\" \/>\n<meta property=\"article:publisher\" content=\"https:\/\/www.facebook.com\/celtTV\/\" \/>\n<meta property=\"article:published_time\" content=\"2021-09-18T23:28:46+00:00\" \/>\n<meta property=\"og:image\" content=\"https:\/\/www.celttv.com.ar\/wp-content\/uploads\/2021\/09\/d50c69f4-f317-47ec-a4d8-33baecda4a49.jpg\" \/>\n\t<meta property=\"og:image:width\" content=\"1024\" \/>\n\t<meta property=\"og:image:height\" content=\"768\" \/>\n\t<meta property=\"og:image:type\" content=\"image\/jpeg\" \/>\n<meta name=\"author\" content=\"ulises\" \/>\n<meta name=\"twitter:card\" content=\"summary_large_image\" \/>\n<meta name=\"twitter:label1\" content=\"Escrito por\" \/>\n\t<meta name=\"twitter:data1\" content=\"ulises\" \/>\n\t<meta name=\"twitter:label2\" content=\"Tiempo de lectura\" \/>\n\t<meta name=\"twitter:data2\" content=\"1 minuto\" \/>\n<script type=\"application\/ld+json\" class=\"yoast-schema-graph\">{\"@context\":\"https:\/\/schema.org\",\"@graph\":[{\"@type\":\"NewsArticle\",\"@id\":\"https:\/\/www.celttv.com.ar\/index.php\/2021\/09\/18\/unos-40-ciclistas-disfrutaron-del-monumento-natural-iguana-de-cobre\/#article\",\"isPartOf\":{\"@id\":\"https:\/\/www.celttv.com.ar\/index.php\/2021\/09\/18\/unos-40-ciclistas-disfrutaron-del-monumento-natural-iguana-de-cobre\/\"},\"author\":{\"name\":\"ulises\",\"@id\":\"https:\/\/www.celttv.com.ar\/#\/schema\/person\/6d99c072dba59953809c81446e9d0ace\"},\"headline\":\"Unos 40 ciclistas disfrutaron del &#8220;Monumento Natural Iguana de Cobre&#8221;\",\"datePublished\":\"2021-09-18T23:28:46+00:00\",\"dateModified\":\"2021-09-18T23:28:46+00:00\",\"mainEntityOfPage\":{\"@id\":\"https:\/\/www.celttv.com.ar\/index.php\/2021\/09\/18\/unos-40-ciclistas-disfrutaron-del-monumento-natural-iguana-de-cobre\/\"},\"wordCount\":219,\"publisher\":{\"@id\":\"https:\/\/www.celttv.com.ar\/#organization\"},\"articleSection\":[\"Celt TV Noticias\",\"Comunidad\",\"Deportes\",\"Destacadas\",\"Magazine Sport\"],\"inLanguage\":\"es\"},{\"@type\":\"WebPage\",\"@id\":\"https:\/\/www.celttv.com.ar\/index.php\/2021\/09\/18\/unos-40-ciclistas-disfrutaron-del-monumento-natural-iguana-de-cobre\/\",\"url\":\"https:\/\/www.celttv.com.ar\/index.php\/2021\/09\/18\/unos-40-ciclistas-disfrutaron-del-monumento-natural-iguana-de-cobre\/\",\"name\":\"Unos 40 ciclistas disfrutaron del \\\"Monumento Natural Iguana de Cobre\\\" - CELTTV\",\"isPartOf\":{\"@id\":\"https:\/\/www.celttv.com.ar\/#website\"},\"datePublished\":\"2021-09-18T23:28:46+00:00\",\"dateModified\":\"2021-09-18T23:28:46+00:00\",\"description\":\"Sitio web de noticias de la localidad de Tornquist, provincia de Buenos Aires, Rep\u00fablica Argentina. Contenido propio originado por periodistas de CELTTV, el canal de TV local de la Cooperativa El\u00e9ctrica de Tornquist. Turismo, Pol\u00edtica, Sociedad, Deporte, Cultura y todo el contenido de inter\u00e9s general que la gente del pueblo y la regi\u00f3n debe conocer.\",\"breadcrumb\":{\"@id\":\"https:\/\/www.celttv.com.ar\/index.php\/2021\/09\/18\/unos-40-ciclistas-disfrutaron-del-monumento-natural-iguana-de-cobre\/#breadcrumb\"},\"inLanguage\":\"es\",\"potentialAction\":[{\"@type\":\"ReadAction\",\"target\":[\"https:\/\/www.celttv.com.ar\/index.php\/2021\/09\/18\/unos-40-ciclistas-disfrutaron-del-monumento-natural-iguana-de-cobre\/\"]}]},{\"@type\":\"BreadcrumbList\",\"@id\":\"https:\/\/www.celttv.com.ar\/index.php\/2021\/09\/18\/unos-40-ciclistas-disfrutaron-del-monumento-natural-iguana-de-cobre\/#breadcrumb\",\"itemListElement\":[{\"@type\":\"ListItem\",\"position\":1,\"name\":\"Inicio\",\"item\":\"https:\/\/www.celttv.com.ar\/\"},{\"@type\":\"ListItem\",\"position\":2,\"name\":\"Unos 40 ciclistas disfrutaron del &#8220;Monumento Natural Iguana de Cobre&#8221;\"}]},{\"@type\":\"WebSite\",\"@id\":\"https:\/\/www.celttv.com.ar\/#website\",\"url\":\"https:\/\/www.celttv.com.ar\/\",\"name\":\"CELTTV\",\"description\":\"Cooperativa El\u00e9ctrica de Tornquist\",\"publisher\":{\"@id\":\"https:\/\/www.celttv.com.ar\/#organization\"},\"potentialAction\":[{\"@type\":\"SearchAction\",\"target\":{\"@type\":\"EntryPoint\",\"urlTemplate\":\"https:\/\/www.celttv.com.ar\/?s={search_term_string}\"},\"query-input\":\"required name=search_term_string\"}],\"inLanguage\":\"es\"},{\"@type\":\"Organization\",\"@id\":\"https:\/\/www.celttv.com.ar\/#organization\",\"name\":\"CELTTV\",\"url\":\"https:\/\/www.celttv.com.ar\/\",\"sameAs\":[\"https:\/\/www.youtube.com\/channel\/UCz_oIt8Hig64Ub-EmcNPIhg\",\"https:\/\/www.facebook.com\/celtTV\/\"],\"logo\":{\"@type\":\"ImageObject\",\"inLanguage\":\"es\",\"@id\":\"https:\/\/www.celttv.com.ar\/#\/schema\/logo\/image\/\",\"url\":\"http:\/\/www.celttv.com.ar\/wp-content\/uploads\/2022\/08\/logo-1.png\",\"contentUrl\":\"http:\/\/www.celttv.com.ar\/wp-content\/uploads\/2022\/08\/logo-1.png\",\"width\":461,\"height\":159,\"caption\":\"CELTTV\"},\"image\":{\"@id\":\"https:\/\/www.celttv.com.ar\/#\/schema\/logo\/image\/\"}},{\"@type\":\"Person\",\"@id\":\"https:\/\/www.celttv.com.ar\/#\/schema\/person\/6d99c072dba59953809c81446e9d0ace\",\"name\":\"ulises\",\"image\":{\"@type\":\"ImageObject\",\"inLanguage\":\"es\",\"@id\":\"https:\/\/www.celttv.com.ar\/#\/schema\/person\/image\/\",\"url\":\"https:\/\/secure.gravatar.com\/avatar\/7f2c48bdc33b30088f941fb6082e555f2874c98e20cb159d7b92b50eadfce793?s=96&d=mm&r=g\",\"contentUrl\":\"https:\/\/secure.gravatar.com\/avatar\/7f2c48bdc33b30088f941fb6082e555f2874c98e20cb159d7b92b50eadfce793?s=96&d=mm&r=g\",\"caption\":\"ulises\"},\"sameAs\":[\"http:\/\/www.celttv.com.ar\"]}]}<\/script>\n<!-- \/ Yoast SEO plugin. -->","yoast_head_json":{"title":"Unos 40 ciclistas disfrutaron del \"Monumento Natural Iguana de Cobre\" - CELTTV","description":"Sitio web de noticias de la localidad de Tornquist, provincia de Buenos Aires, Rep\u00fablica Argentina. Contenido propio originado por periodistas de CELTTV, el canal de TV local de la Cooperativa El\u00e9ctrica de Tornquist. Turismo, Pol\u00edtica, Sociedad, Deporte, Cultura y todo el contenido de inter\u00e9s general que la gente del pueblo y la regi\u00f3n debe conocer.","robots":{"index":"index","follow":"follow","max-snippet":"max-snippet:-1","max-image-preview":"max-image-preview:large","max-video-preview":"max-video-preview:-1"},"canonical":"https:\/\/www.celttv.com.ar\/index.php\/2021\/09\/18\/unos-40-ciclistas-disfrutaron-del-monumento-natural-iguana-de-cobre\/","og_locale":"es_ES","og_type":"article","og_title":"Unos 40 ciclistas disfrutaron del \"Monumento Natural Iguana de Cobre\" - CELTTV","og_description":"Sitio web de noticias de la localidad de Tornquist, provincia de Buenos Aires, Rep\u00fablica Argentina. Contenido propio originado por periodistas de CELTTV, el canal de TV local de la Cooperativa El\u00e9ctrica de Tornquist. Turismo, Pol\u00edtica, Sociedad, Deporte, Cultura y todo el contenido de inter\u00e9s general que la gente del pueblo y la regi\u00f3n debe conocer.","og_url":"https:\/\/www.celttv.com.ar\/index.php\/2021\/09\/18\/unos-40-ciclistas-disfrutaron-del-monumento-natural-iguana-de-cobre\/","og_site_name":"CELTTV","article_publisher":"https:\/\/www.facebook.com\/celtTV\/","article_published_time":"2021-09-18T23:28:46+00:00","og_image":[{"width":1024,"height":768,"url":"https:\/\/www.celttv.com.ar\/wp-content\/uploads\/2021\/09\/d50c69f4-f317-47ec-a4d8-33baecda4a49.jpg","type":"image\/jpeg"}],"author":"ulises","twitter_card":"summary_large_image","twitter_misc":{"Escrito por":"ulises","Tiempo de lectura":"1 minuto"},"schema":{"@context":"https:\/\/schema.org","@graph":[{"@type":"NewsArticle","@id":"https:\/\/www.celttv.com.ar\/index.php\/2021\/09\/18\/unos-40-ciclistas-disfrutaron-del-monumento-natural-iguana-de-cobre\/#article","isPartOf":{"@id":"https:\/\/www.celttv.com.ar\/index.php\/2021\/09\/18\/unos-40-ciclistas-disfrutaron-del-monumento-natural-iguana-de-cobre\/"},"author":{"name":"ulises","@id":"https:\/\/www.celttv.com.ar\/#\/schema\/person\/6d99c072dba59953809c81446e9d0ace"},"headline":"Unos 40 ciclistas disfrutaron del &#8220;Monumento Natural Iguana de Cobre&#8221;","datePublished":"2021-09-18T23:28:46+00:00","dateModified":"2021-09-18T23:28:46+00:00","mainEntityOfPage":{"@id":"https:\/\/www.celttv.com.ar\/index.php\/2021\/09\/18\/unos-40-ciclistas-disfrutaron-del-monumento-natural-iguana-de-cobre\/"},"wordCount":219,"publisher":{"@id":"https:\/\/www.celttv.com.ar\/#organization"},"articleSection":["Celt TV Noticias","Comunidad","Deportes","Destacadas","Magazine Sport"],"inLanguage":"es"},{"@type":"WebPage","@id":"https:\/\/www.celttv.com.ar\/index.php\/2021\/09\/18\/unos-40-ciclistas-disfrutaron-del-monumento-natural-iguana-de-cobre\/","url":"https:\/\/www.celttv.com.ar\/index.php\/2021\/09\/18\/unos-40-ciclistas-disfrutaron-del-monumento-natural-iguana-de-cobre\/","name":"Unos 40 ciclistas disfrutaron del \"Monumento Natural Iguana de Cobre\" - CELTTV","isPartOf":{"@id":"https:\/\/www.celttv.com.ar\/#website"},"datePublished":"2021-09-18T23:28:46+00:00","dateModified":"2021-09-18T23:28:46+00:00","description":"Sitio web de noticias de la localidad de Tornquist, provincia de Buenos Aires, Rep\u00fablica Argentina. Contenido propio originado por periodistas de CELTTV, el canal de TV local de la Cooperativa El\u00e9ctrica de Tornquist. Turismo, Pol\u00edtica, Sociedad, Deporte, Cultura y todo el contenido de inter\u00e9s general que la gente del pueblo y la regi\u00f3n debe conocer.","breadcrumb":{"@id":"https:\/\/www.celttv.com.ar\/index.php\/2021\/09\/18\/unos-40-ciclistas-disfrutaron-del-monumento-natural-iguana-de-cobre\/#breadcrumb"},"inLanguage":"es","potentialAction":[{"@type":"ReadAction","target":["https:\/\/www.celttv.com.ar\/index.php\/2021\/09\/18\/unos-40-ciclistas-disfrutaron-del-monumento-natural-iguana-de-cobre\/"]}]},{"@type":"BreadcrumbList","@id":"https:\/\/www.celttv.com.ar\/index.php\/2021\/09\/18\/unos-40-ciclistas-disfrutaron-del-monumento-natural-iguana-de-cobre\/#breadcrumb","itemListElement":[{"@type":"ListItem","position":1,"name":"Inicio","item":"https:\/\/www.celttv.com.ar\/"},{"@type":"ListItem","position":2,"name":"Unos 40 ciclistas disfrutaron del &#8220;Monumento Natural Iguana de Cobre&#8221;"}]},{"@type":"WebSite","@id":"https:\/\/www.celttv.com.ar\/#website","url":"https:\/\/www.celttv.com.ar\/","name":"CELTTV","description":"Cooperativa El\u00e9ctrica de Tornquist","publisher":{"@id":"https:\/\/www.celttv.com.ar\/#organization"},"potentialAction":[{"@type":"SearchAction","target":{"@type":"EntryPoint","urlTemplate":"https:\/\/www.celttv.com.ar\/?s={search_term_string}"},"query-input":"required name=search_term_string"}],"inLanguage":"es"},{"@type":"Organization","@id":"https:\/\/www.celttv.com.ar\/#organization","name":"CELTTV","url":"https:\/\/www.celttv.com.ar\/","sameAs":["https:\/\/www.youtube.com\/channel\/UCz_oIt8Hig64Ub-EmcNPIhg","https:\/\/www.facebook.com\/celtTV\/"],"logo":{"@type":"ImageObject","inLanguage":"es","@id":"https:\/\/www.celttv.com.ar\/#\/schema\/logo\/image\/","url":"http:\/\/www.celttv.com.ar\/wp-content\/uploads\/2022\/08\/logo-1.png","contentUrl":"http:\/\/www.celttv.com.ar\/wp-content\/uploads\/2022\/08\/logo-1.png","width":461,"height":159,"caption":"CELTTV"},"image":{"@id":"https:\/\/www.celttv.com.ar\/#\/schema\/logo\/image\/"}},{"@type":"Person","@id":"https:\/\/www.celttv.com.ar\/#\/schema\/person\/6d99c072dba59953809c81446e9d0ace","name":"ulises","image":{"@type":"ImageObject","inLanguage":"es","@id":"https:\/\/www.celttv.com.ar\/#\/schema\/person\/image\/","url":"https:\/\/secure.gravatar.com\/avatar\/7f2c48bdc33b30088f941fb6082e555f2874c98e20cb159d7b92b50eadfce793?s=96&d=mm&r=g","contentUrl":"https:\/\/secure.gravatar.com\/avatar\/7f2c48bdc33b30088f941fb6082e555f2874c98e20cb159d7b92b50eadfce793?s=96&d=mm&r=g","caption":"ulises"},"sameAs":["http:\/\/www.celttv.com.ar"]}]}},"_links":{"self":[{"href":"https:\/\/www.celttv.com.ar\/index.php\/wp-json\/wp\/v2\/posts\/60322","targetHints":{"allow":["GET"]}}],"collection":[{"href":"https:\/\/www.celttv.com.ar\/index.php\/wp-json\/wp\/v2\/posts"}],"about":[{"href":"https:\/\/www.celttv.com.ar\/index.php\/wp-json\/wp\/v2\/types\/post"}],"author":[{"embeddable":true,"href":"https:\/\/www.celttv.com.ar\/index.php\/wp-json\/wp\/v2\/users\/1"}],"replies":[{"embeddable":true,"href":"https:\/\/www.celttv.com.ar\/index.php\/wp-json\/wp\/v2\/comments?post=60322"}],"version-history":[{"count":0,"href":"https:\/\/www.celttv.com.ar\/index.php\/wp-json\/wp\/v2\/posts\/60322\/revisions"}],"wp:featuredmedia":[{"embeddable":true,"href":"https:\/\/www.celttv.com.ar\/index.php\/wp-json\/wp\/v2\/media\/60326"}],"wp:attachment":[{"href":"https:\/\/www.celttv.com.ar\/index.php\/wp-json\/wp\/v2\/media?parent=60322"}],"wp:term":[{"taxonomy":"category","embeddable":true,"href":"https:\/\/www.celttv.com.ar\/index.php\/wp-json\/wp\/v2\/categories?post=60322"},{"taxonomy":"post_tag","embeddable":true,"href":"https:\/\/www.celttv.com.ar\/index.php\/wp-json\/wp\/v2\/tags?post=60322"}],"curies":[{"name":"wp","href":"https:\/\/api.w.org\/{rel}","templated":true}]}}