{"id":60353,"date":"2021-09-20T17:10:22","date_gmt":"2021-09-20T17:10:22","guid":{"rendered":"http:\/\/www.celttv.com.ar\/?p=60353"},"modified":"2021-09-20T17:10:22","modified_gmt":"2021-09-20T17:10:22","slug":"la-fundacion-el-arte-de-vivir-continua-la-tarea-de-plantar-arboles","status":"publish","type":"post","link":"https:\/\/www.celttv.com.ar\/index.php\/2021\/09\/20\/la-fundacion-el-arte-de-vivir-continua-la-tarea-de-plantar-arboles\/","title":{"rendered":"La Fundaci\u00f3n El Arte de Vivir contin\u00faa con la tarea de plantar \u00e1rboles"},"content":{"rendered":"\n<p>Conciencia Ambiental el programa ecol\u00f3gico de la Fundaci\u00f3n El Arte de Vivir tiene como objetivo principal generar la toma de conciencia de las acciones humanas sobre el ambiente, reconociendo la influencia del ambiente en nuestra mente y nuestra salud. El programa contiene charlas, campa\u00f1as de sensibilizaci\u00f3n sobre residuos, actividades sobre el cuidado del ambiente, el agua y la energ\u00eda, y la campa\u00f1a Plantar Amor que ha logrado la plantaci\u00f3n de 27.000 \u00e1rboles en nuestro pa\u00eds.<\/p>\n\n\n\n<p><strong>&#8212;&#8212;&#8212;&#8212;&#8212;&#8212;&#8212;&#8212;&#8212;&#8212;&#8212;&#8212;&#8212;&#8212;&#8212;&#8212;&#8212;&#8212;&#8212;&#8212;&#8212;&#8212;&#8212;&#8212;&#8212;&#8212;&#8212;&#8212;&#8212;&#8212;&#8212;-<\/strong><strong>&#8212;&#8212;&#8212;&#8212;&#8212;&#8212;<\/strong><strong><\/strong><\/p>\n\n\n\n<p>Con Motivo de los 40 a\u00f1os de la Fundaci\u00f3n el Arte de Vivir y junto con Ezequiel Starobinsky, escritor del libro Un Mundo en Clave de Fa, con el fin de continuar el objetivo de plantar \u00e1rboles en nuestro pa\u00eds, la Fundaci\u00f3n El Arte de Vivir organiza \u201cUn Bosque en Clave de Fa\u201d una iniciativa de plantar 40 \u00e1rboles con frases del libro de Starobinsky y del l\u00edder humanitario Sri Sri Ravi Shankar. La cantidad de \u00e1rboles es equivalente a los a\u00f1os de la Fundaci\u00f3n y a su vez, se estar\u00e1n plantando 8 veces m\u00e1s \u00e1rboles que la cantidad que se han utilizado para la impresi\u00f3n de los libros. \u00a0<br><br>El d\u00eda s\u00e1bado 25 de Septiembre a las 15 hs en la Bicisenda de Sierra de la Ventana, tendr\u00e1 lugar este hermoso evento.<br><br>Gracias al apoyo del Intendente de Tornquist, el Sr Sergio Bordoni y al Delegado, Hugo Oscar Polvara.<br>Los organizadores de esta iniciativa esperan a los vecinos y vecinas, que suelen andar en bicicleta, caminar y hacer ejercicio en la bicisenda, a participar de la inauguraci\u00f3n de este espacio y as\u00ed devolverle y agradecerle a la Tierra por los \u00e1rboles que se usaron para la impresi\u00f3n de los libros Un Mundo en Clave de Fa.<\/p>\n\n\n\n<p>Para m\u00e1s informaci\u00f3n contactarse a: &nbsp;Marcelo Serra 291 643 2557<\/p>\n\n\n\n<p><strong>Sobre La Fundaci\u00f3n El Arte de Vivir<\/strong><\/p>\n\n\n\n<p>Sri Sri Ravi Shankar, conocido tambi\u00e9n como Gurudev, fund\u00f3 El Arte de Vivir en 1981, una Organizaci\u00f3n no Gubernamental, que participa como Consultor Especial en el Consejo Econ\u00f3mico y Social de las Naciones Unidas. Desde entonces ha crecido r\u00e1pidamente en 180 pa\u00edses, llegando a m\u00e1s de 450 millones de personas, que se han beneficiado de t\u00e9cnicas de auto-desarrollo para calmar la mente e infundir confianza y entusiasmo, convirti\u00e9ndola as\u00ed en una de las ONG de voluntarios m\u00e1s grande del planeta. <\/p>\n\n\n\n<p>La vasta red de voluntarios de El Arte de Vivir trabajan en innumerables programas y proyectos donde la fibra social ha sido da\u00f1ada, en todos los lugares de riesgo o trauma, para reparar los da\u00f1os en barrios marginales ayudando a personas en situaci\u00f3n de calle y colaborando donde ocurrieron ataques terroristas, crisis b\u00e9licas y desastres naturales.<\/p>\n\n\n\n<figure class=\"wp-block-embed is-type-video is-provider-youtube wp-block-embed-youtube wp-embed-aspect-16-9 wp-has-aspect-ratio\"><div class=\"wp-block-embed__wrapper\">\n<iframe loading=\"lazy\" title=\"2021 09 20 FABIANA CASAL   EL ARTE DE VIVIR\" width=\"500\" height=\"281\" src=\"https:\/\/www.youtube.com\/embed\/YhxN8Uww74Q?feature=oembed\" frameborder=\"0\" allow=\"accelerometer; autoplay; clipboard-write; encrypted-media; gyroscope; picture-in-picture; web-share\" referrerpolicy=\"strict-origin-when-cross-origin\" allowfullscreen><\/iframe>\n<\/div><\/figure>\n","protected":false},"excerpt":{"rendered":"<p>Conciencia Ambiental el programa ecol\u00f3gico de la Fundaci\u00f3n El Arte de Vivir tiene como objetivo principal generar la toma de conciencia de las acciones humanas sobre el ambiente, reconociendo la influencia del ambiente en nuestra mente y nuestra salud. El programa contiene charlas, campa\u00f1as de sensibilizaci\u00f3n sobre residuos, actividades sobre el cuidado del ambiente, el [&hellip;]<\/p>\n","protected":false},"author":1,"featured_media":60354,"comment_status":"closed","ping_status":"open","sticky":false,"template":"","format":"standard","meta":{"footnotes":""},"categories":[55,51,52,65],"tags":[],"class_list":["post-60353","post","type-post","status-publish","format-standard","has-post-thumbnail","hentry","category-celt-tv-noticias","category-comunidad","category-destacadas","category-produccion"],"yoast_head":"<!-- This site is optimized with the Yoast SEO plugin v19.7.1 - https:\/\/yoast.com\/wordpress\/plugins\/seo\/ -->\n<title>La Fundaci\u00f3n El Arte de Vivir contin\u00faa con la tarea de plantar \u00e1rboles - CELTTV<\/title>\n<meta name=\"description\" content=\"Sitio web de noticias de la localidad de Tornquist, provincia de Buenos Aires, Rep\u00fablica Argentina. Contenido propio originado por periodistas de CELTTV, el canal de TV local de la Cooperativa El\u00e9ctrica de Tornquist. Turismo, Pol\u00edtica, Sociedad, Deporte, Cultura y todo el contenido de inter\u00e9s general que la gente del pueblo y la regi\u00f3n debe conocer.\" \/>\n<meta name=\"robots\" content=\"index, follow, max-snippet:-1, max-image-preview:large, max-video-preview:-1\" \/>\n<link rel=\"canonical\" href=\"https:\/\/www.celttv.com.ar\/index.php\/2021\/09\/20\/la-fundacion-el-arte-de-vivir-continua-la-tarea-de-plantar-arboles\/\" \/>\n<meta property=\"og:locale\" content=\"es_ES\" \/>\n<meta property=\"og:type\" content=\"article\" \/>\n<meta property=\"og:title\" content=\"La Fundaci\u00f3n El Arte de Vivir contin\u00faa con la tarea de plantar \u00e1rboles - CELTTV\" \/>\n<meta property=\"og:description\" content=\"Sitio web de noticias de la localidad de Tornquist, provincia de Buenos Aires, Rep\u00fablica Argentina. Contenido propio originado por periodistas de CELTTV, el canal de TV local de la Cooperativa El\u00e9ctrica de Tornquist. Turismo, Pol\u00edtica, Sociedad, Deporte, Cultura y todo el contenido de inter\u00e9s general que la gente del pueblo y la regi\u00f3n debe conocer.\" \/>\n<meta property=\"og:url\" content=\"https:\/\/www.celttv.com.ar\/index.php\/2021\/09\/20\/la-fundacion-el-arte-de-vivir-continua-la-tarea-de-plantar-arboles\/\" \/>\n<meta property=\"og:site_name\" content=\"CELTTV\" \/>\n<meta property=\"article:publisher\" content=\"https:\/\/www.facebook.com\/celtTV\/\" \/>\n<meta property=\"article:published_time\" content=\"2021-09-20T17:10:22+00:00\" \/>\n<meta property=\"og:image\" content=\"https:\/\/www.celttv.com.ar\/wp-content\/uploads\/2021\/09\/plantar-arboles.jpg\" \/>\n\t<meta property=\"og:image:width\" content=\"772\" \/>\n\t<meta property=\"og:image:height\" content=\"456\" \/>\n\t<meta property=\"og:image:type\" content=\"image\/jpeg\" \/>\n<meta name=\"author\" content=\"ulises\" \/>\n<meta name=\"twitter:card\" content=\"summary_large_image\" \/>\n<meta name=\"twitter:label1\" content=\"Escrito por\" \/>\n\t<meta name=\"twitter:data1\" content=\"ulises\" \/>\n\t<meta name=\"twitter:label2\" content=\"Tiempo de lectura\" \/>\n\t<meta name=\"twitter:data2\" content=\"2 minutos\" \/>\n<script type=\"application\/ld+json\" class=\"yoast-schema-graph\">{\"@context\":\"https:\/\/schema.org\",\"@graph\":[{\"@type\":\"NewsArticle\",\"@id\":\"https:\/\/www.celttv.com.ar\/index.php\/2021\/09\/20\/la-fundacion-el-arte-de-vivir-continua-la-tarea-de-plantar-arboles\/#article\",\"isPartOf\":{\"@id\":\"https:\/\/www.celttv.com.ar\/index.php\/2021\/09\/20\/la-fundacion-el-arte-de-vivir-continua-la-tarea-de-plantar-arboles\/\"},\"author\":{\"name\":\"ulises\",\"@id\":\"https:\/\/www.celttv.com.ar\/#\/schema\/person\/6d99c072dba59953809c81446e9d0ace\"},\"headline\":\"La Fundaci\u00f3n El Arte de Vivir contin\u00faa con la tarea de plantar \u00e1rboles\",\"datePublished\":\"2021-09-20T17:10:22+00:00\",\"dateModified\":\"2021-09-20T17:10:22+00:00\",\"mainEntityOfPage\":{\"@id\":\"https:\/\/www.celttv.com.ar\/index.php\/2021\/09\/20\/la-fundacion-el-arte-de-vivir-continua-la-tarea-de-plantar-arboles\/\"},\"wordCount\":483,\"publisher\":{\"@id\":\"https:\/\/www.celttv.com.ar\/#organization\"},\"articleSection\":[\"Celt TV Noticias\",\"Comunidad\",\"Destacadas\",\"Producci\u00f3n y Medio Ambiente\"],\"inLanguage\":\"es\"},{\"@type\":\"WebPage\",\"@id\":\"https:\/\/www.celttv.com.ar\/index.php\/2021\/09\/20\/la-fundacion-el-arte-de-vivir-continua-la-tarea-de-plantar-arboles\/\",\"url\":\"https:\/\/www.celttv.com.ar\/index.php\/2021\/09\/20\/la-fundacion-el-arte-de-vivir-continua-la-tarea-de-plantar-arboles\/\",\"name\":\"La Fundaci\u00f3n El Arte de Vivir contin\u00faa con la tarea de plantar \u00e1rboles - CELTTV\",\"isPartOf\":{\"@id\":\"https:\/\/www.celttv.com.ar\/#website\"},\"datePublished\":\"2021-09-20T17:10:22+00:00\",\"dateModified\":\"2021-09-20T17:10:22+00:00\",\"description\":\"Sitio web de noticias de la localidad de Tornquist, provincia de Buenos Aires, Rep\u00fablica Argentina. Contenido propio originado por periodistas de CELTTV, el canal de TV local de la Cooperativa El\u00e9ctrica de Tornquist. Turismo, Pol\u00edtica, Sociedad, Deporte, Cultura y todo el contenido de inter\u00e9s general que la gente del pueblo y la regi\u00f3n debe conocer.\",\"breadcrumb\":{\"@id\":\"https:\/\/www.celttv.com.ar\/index.php\/2021\/09\/20\/la-fundacion-el-arte-de-vivir-continua-la-tarea-de-plantar-arboles\/#breadcrumb\"},\"inLanguage\":\"es\",\"potentialAction\":[{\"@type\":\"ReadAction\",\"target\":[\"https:\/\/www.celttv.com.ar\/index.php\/2021\/09\/20\/la-fundacion-el-arte-de-vivir-continua-la-tarea-de-plantar-arboles\/\"]}]},{\"@type\":\"BreadcrumbList\",\"@id\":\"https:\/\/www.celttv.com.ar\/index.php\/2021\/09\/20\/la-fundacion-el-arte-de-vivir-continua-la-tarea-de-plantar-arboles\/#breadcrumb\",\"itemListElement\":[{\"@type\":\"ListItem\",\"position\":1,\"name\":\"Inicio\",\"item\":\"https:\/\/www.celttv.com.ar\/\"},{\"@type\":\"ListItem\",\"position\":2,\"name\":\"La Fundaci\u00f3n El Arte de Vivir contin\u00faa con la tarea de plantar \u00e1rboles\"}]},{\"@type\":\"WebSite\",\"@id\":\"https:\/\/www.celttv.com.ar\/#website\",\"url\":\"https:\/\/www.celttv.com.ar\/\",\"name\":\"CELTTV\",\"description\":\"Cooperativa El\u00e9ctrica de Tornquist\",\"publisher\":{\"@id\":\"https:\/\/www.celttv.com.ar\/#organization\"},\"potentialAction\":[{\"@type\":\"SearchAction\",\"target\":{\"@type\":\"EntryPoint\",\"urlTemplate\":\"https:\/\/www.celttv.com.ar\/?s={search_term_string}\"},\"query-input\":\"required name=search_term_string\"}],\"inLanguage\":\"es\"},{\"@type\":\"Organization\",\"@id\":\"https:\/\/www.celttv.com.ar\/#organization\",\"name\":\"CELTTV\",\"url\":\"https:\/\/www.celttv.com.ar\/\",\"sameAs\":[\"https:\/\/www.youtube.com\/channel\/UCz_oIt8Hig64Ub-EmcNPIhg\",\"https:\/\/www.facebook.com\/celtTV\/\"],\"logo\":{\"@type\":\"ImageObject\",\"inLanguage\":\"es\",\"@id\":\"https:\/\/www.celttv.com.ar\/#\/schema\/logo\/image\/\",\"url\":\"http:\/\/www.celttv.com.ar\/wp-content\/uploads\/2022\/08\/logo-1.png\",\"contentUrl\":\"http:\/\/www.celttv.com.ar\/wp-content\/uploads\/2022\/08\/logo-1.png\",\"width\":461,\"height\":159,\"caption\":\"CELTTV\"},\"image\":{\"@id\":\"https:\/\/www.celttv.com.ar\/#\/schema\/logo\/image\/\"}},{\"@type\":\"Person\",\"@id\":\"https:\/\/www.celttv.com.ar\/#\/schema\/person\/6d99c072dba59953809c81446e9d0ace\",\"name\":\"ulises\",\"image\":{\"@type\":\"ImageObject\",\"inLanguage\":\"es\",\"@id\":\"https:\/\/www.celttv.com.ar\/#\/schema\/person\/image\/\",\"url\":\"https:\/\/secure.gravatar.com\/avatar\/7f2c48bdc33b30088f941fb6082e555f2874c98e20cb159d7b92b50eadfce793?s=96&d=mm&r=g\",\"contentUrl\":\"https:\/\/secure.gravatar.com\/avatar\/7f2c48bdc33b30088f941fb6082e555f2874c98e20cb159d7b92b50eadfce793?s=96&d=mm&r=g\",\"caption\":\"ulises\"},\"sameAs\":[\"http:\/\/www.celttv.com.ar\"]}]}<\/script>\n<!-- \/ Yoast SEO plugin. -->","yoast_head_json":{"title":"La Fundaci\u00f3n El Arte de Vivir contin\u00faa con la tarea de plantar \u00e1rboles - CELTTV","description":"Sitio web de noticias de la localidad de Tornquist, provincia de Buenos Aires, Rep\u00fablica Argentina. Contenido propio originado por periodistas de CELTTV, el canal de TV local de la Cooperativa El\u00e9ctrica de Tornquist. Turismo, Pol\u00edtica, Sociedad, Deporte, Cultura y todo el contenido de inter\u00e9s general que la gente del pueblo y la regi\u00f3n debe conocer.","robots":{"index":"index","follow":"follow","max-snippet":"max-snippet:-1","max-image-preview":"max-image-preview:large","max-video-preview":"max-video-preview:-1"},"canonical":"https:\/\/www.celttv.com.ar\/index.php\/2021\/09\/20\/la-fundacion-el-arte-de-vivir-continua-la-tarea-de-plantar-arboles\/","og_locale":"es_ES","og_type":"article","og_title":"La Fundaci\u00f3n El Arte de Vivir contin\u00faa con la tarea de plantar \u00e1rboles - CELTTV","og_description":"Sitio web de noticias de la localidad de Tornquist, provincia de Buenos Aires, Rep\u00fablica Argentina. Contenido propio originado por periodistas de CELTTV, el canal de TV local de la Cooperativa El\u00e9ctrica de Tornquist. Turismo, Pol\u00edtica, Sociedad, Deporte, Cultura y todo el contenido de inter\u00e9s general que la gente del pueblo y la regi\u00f3n debe conocer.","og_url":"https:\/\/www.celttv.com.ar\/index.php\/2021\/09\/20\/la-fundacion-el-arte-de-vivir-continua-la-tarea-de-plantar-arboles\/","og_site_name":"CELTTV","article_publisher":"https:\/\/www.facebook.com\/celtTV\/","article_published_time":"2021-09-20T17:10:22+00:00","og_image":[{"width":772,"height":456,"url":"https:\/\/www.celttv.com.ar\/wp-content\/uploads\/2021\/09\/plantar-arboles.jpg","type":"image\/jpeg"}],"author":"ulises","twitter_card":"summary_large_image","twitter_misc":{"Escrito por":"ulises","Tiempo de lectura":"2 minutos"},"schema":{"@context":"https:\/\/schema.org","@graph":[{"@type":"NewsArticle","@id":"https:\/\/www.celttv.com.ar\/index.php\/2021\/09\/20\/la-fundacion-el-arte-de-vivir-continua-la-tarea-de-plantar-arboles\/#article","isPartOf":{"@id":"https:\/\/www.celttv.com.ar\/index.php\/2021\/09\/20\/la-fundacion-el-arte-de-vivir-continua-la-tarea-de-plantar-arboles\/"},"author":{"name":"ulises","@id":"https:\/\/www.celttv.com.ar\/#\/schema\/person\/6d99c072dba59953809c81446e9d0ace"},"headline":"La Fundaci\u00f3n El Arte de Vivir contin\u00faa con la tarea de plantar \u00e1rboles","datePublished":"2021-09-20T17:10:22+00:00","dateModified":"2021-09-20T17:10:22+00:00","mainEntityOfPage":{"@id":"https:\/\/www.celttv.com.ar\/index.php\/2021\/09\/20\/la-fundacion-el-arte-de-vivir-continua-la-tarea-de-plantar-arboles\/"},"wordCount":483,"publisher":{"@id":"https:\/\/www.celttv.com.ar\/#organization"},"articleSection":["Celt TV Noticias","Comunidad","Destacadas","Producci\u00f3n y Medio Ambiente"],"inLanguage":"es"},{"@type":"WebPage","@id":"https:\/\/www.celttv.com.ar\/index.php\/2021\/09\/20\/la-fundacion-el-arte-de-vivir-continua-la-tarea-de-plantar-arboles\/","url":"https:\/\/www.celttv.com.ar\/index.php\/2021\/09\/20\/la-fundacion-el-arte-de-vivir-continua-la-tarea-de-plantar-arboles\/","name":"La Fundaci\u00f3n El Arte de Vivir contin\u00faa con la tarea de plantar \u00e1rboles - CELTTV","isPartOf":{"@id":"https:\/\/www.celttv.com.ar\/#website"},"datePublished":"2021-09-20T17:10:22+00:00","dateModified":"2021-09-20T17:10:22+00:00","description":"Sitio web de noticias de la localidad de Tornquist, provincia de Buenos Aires, Rep\u00fablica Argentina. Contenido propio originado por periodistas de CELTTV, el canal de TV local de la Cooperativa El\u00e9ctrica de Tornquist. Turismo, Pol\u00edtica, Sociedad, Deporte, Cultura y todo el contenido de inter\u00e9s general que la gente del pueblo y la regi\u00f3n debe conocer.","breadcrumb":{"@id":"https:\/\/www.celttv.com.ar\/index.php\/2021\/09\/20\/la-fundacion-el-arte-de-vivir-continua-la-tarea-de-plantar-arboles\/#breadcrumb"},"inLanguage":"es","potentialAction":[{"@type":"ReadAction","target":["https:\/\/www.celttv.com.ar\/index.php\/2021\/09\/20\/la-fundacion-el-arte-de-vivir-continua-la-tarea-de-plantar-arboles\/"]}]},{"@type":"BreadcrumbList","@id":"https:\/\/www.celttv.com.ar\/index.php\/2021\/09\/20\/la-fundacion-el-arte-de-vivir-continua-la-tarea-de-plantar-arboles\/#breadcrumb","itemListElement":[{"@type":"ListItem","position":1,"name":"Inicio","item":"https:\/\/www.celttv.com.ar\/"},{"@type":"ListItem","position":2,"name":"La Fundaci\u00f3n El Arte de Vivir contin\u00faa con la tarea de plantar \u00e1rboles"}]},{"@type":"WebSite","@id":"https:\/\/www.celttv.com.ar\/#website","url":"https:\/\/www.celttv.com.ar\/","name":"CELTTV","description":"Cooperativa El\u00e9ctrica de Tornquist","publisher":{"@id":"https:\/\/www.celttv.com.ar\/#organization"},"potentialAction":[{"@type":"SearchAction","target":{"@type":"EntryPoint","urlTemplate":"https:\/\/www.celttv.com.ar\/?s={search_term_string}"},"query-input":"required name=search_term_string"}],"inLanguage":"es"},{"@type":"Organization","@id":"https:\/\/www.celttv.com.ar\/#organization","name":"CELTTV","url":"https:\/\/www.celttv.com.ar\/","sameAs":["https:\/\/www.youtube.com\/channel\/UCz_oIt8Hig64Ub-EmcNPIhg","https:\/\/www.facebook.com\/celtTV\/"],"logo":{"@type":"ImageObject","inLanguage":"es","@id":"https:\/\/www.celttv.com.ar\/#\/schema\/logo\/image\/","url":"http:\/\/www.celttv.com.ar\/wp-content\/uploads\/2022\/08\/logo-1.png","contentUrl":"http:\/\/www.celttv.com.ar\/wp-content\/uploads\/2022\/08\/logo-1.png","width":461,"height":159,"caption":"CELTTV"},"image":{"@id":"https:\/\/www.celttv.com.ar\/#\/schema\/logo\/image\/"}},{"@type":"Person","@id":"https:\/\/www.celttv.com.ar\/#\/schema\/person\/6d99c072dba59953809c81446e9d0ace","name":"ulises","image":{"@type":"ImageObject","inLanguage":"es","@id":"https:\/\/www.celttv.com.ar\/#\/schema\/person\/image\/","url":"https:\/\/secure.gravatar.com\/avatar\/7f2c48bdc33b30088f941fb6082e555f2874c98e20cb159d7b92b50eadfce793?s=96&d=mm&r=g","contentUrl":"https:\/\/secure.gravatar.com\/avatar\/7f2c48bdc33b30088f941fb6082e555f2874c98e20cb159d7b92b50eadfce793?s=96&d=mm&r=g","caption":"ulises"},"sameAs":["http:\/\/www.celttv.com.ar"]}]}},"_links":{"self":[{"href":"https:\/\/www.celttv.com.ar\/index.php\/wp-json\/wp\/v2\/posts\/60353","targetHints":{"allow":["GET"]}}],"collection":[{"href":"https:\/\/www.celttv.com.ar\/index.php\/wp-json\/wp\/v2\/posts"}],"about":[{"href":"https:\/\/www.celttv.com.ar\/index.php\/wp-json\/wp\/v2\/types\/post"}],"author":[{"embeddable":true,"href":"https:\/\/www.celttv.com.ar\/index.php\/wp-json\/wp\/v2\/users\/1"}],"replies":[{"embeddable":true,"href":"https:\/\/www.celttv.com.ar\/index.php\/wp-json\/wp\/v2\/comments?post=60353"}],"version-history":[{"count":0,"href":"https:\/\/www.celttv.com.ar\/index.php\/wp-json\/wp\/v2\/posts\/60353\/revisions"}],"wp:featuredmedia":[{"embeddable":true,"href":"https:\/\/www.celttv.com.ar\/index.php\/wp-json\/wp\/v2\/media\/60354"}],"wp:attachment":[{"href":"https:\/\/www.celttv.com.ar\/index.php\/wp-json\/wp\/v2\/media?parent=60353"}],"wp:term":[{"taxonomy":"category","embeddable":true,"href":"https:\/\/www.celttv.com.ar\/index.php\/wp-json\/wp\/v2\/categories?post=60353"},{"taxonomy":"post_tag","embeddable":true,"href":"https:\/\/www.celttv.com.ar\/index.php\/wp-json\/wp\/v2\/tags?post=60353"}],"curies":[{"name":"wp","href":"https:\/\/api.w.org\/{rel}","templated":true}]}}