{"id":60357,"date":"2021-09-20T22:31:56","date_gmt":"2021-09-20T22:31:56","guid":{"rendered":"http:\/\/www.celttv.com.ar\/?p=60357"},"modified":"2021-09-20T22:31:56","modified_gmt":"2021-09-20T22:31:56","slug":"el-miercoles-22-la-vacunacion-de-calendario-en-sala-sur-se-realizara-por-la-tarde","status":"publish","type":"post","link":"https:\/\/www.celttv.com.ar\/index.php\/2021\/09\/20\/el-miercoles-22-la-vacunacion-de-calendario-en-sala-sur-se-realizara-por-la-tarde\/","title":{"rendered":"El miercoles 22, la vacunaci\u00f3n de calendario en Sala Sur se realizar\u00e1 por la tarde"},"content":{"rendered":"\n<p>La Secretar\u00eda de Salud comunica que, por excepci\u00f3n, este mi\u00e9rcoles la vacunaci\u00f3n del calendario nacional en el Centro de Atenci\u00f3n Primaria de la Salud \u2018Rosa Bual\u00f3\u2019, del Barrio Sur de Tornquist, se realizar\u00e1 de 14 a 16 hs.\u00a0<\/p>\n\n\n\n<figure class=\"wp-block-image size-large\"><img loading=\"lazy\" decoding=\"async\" width=\"1024\" height=\"576\" src=\"http:\/\/www.celttv.com.ar\/wp-content\/uploads\/2021\/09\/salasurtornquist-1.jpeg_1280-1024x576.jpeg\" alt=\"\" class=\"wp-image-60358\" srcset=\"https:\/\/www.celttv.com.ar\/wp-content\/uploads\/2021\/09\/salasurtornquist-1.jpeg_1280-1024x576.jpeg 1024w, https:\/\/www.celttv.com.ar\/wp-content\/uploads\/2021\/09\/salasurtornquist-1.jpeg_1280-300x169.jpeg 300w, https:\/\/www.celttv.com.ar\/wp-content\/uploads\/2021\/09\/salasurtornquist-1.jpeg_1280-768x432.jpeg 768w, https:\/\/www.celttv.com.ar\/wp-content\/uploads\/2021\/09\/salasurtornquist-1.jpeg_1280-750x422.jpeg 750w, https:\/\/www.celttv.com.ar\/wp-content\/uploads\/2021\/09\/salasurtornquist-1.jpeg_1280-1140x641.jpeg 1140w, https:\/\/www.celttv.com.ar\/wp-content\/uploads\/2021\/09\/salasurtornquist-1.jpeg_1280.jpeg 1280w\" sizes=\"auto, (max-width: 1024px) 100vw, 1024px\" \/><\/figure>\n","protected":false},"excerpt":{"rendered":"<p>La Secretar\u00eda de Salud comunica que, por excepci\u00f3n, este mi\u00e9rcoles la vacunaci\u00f3n del calendario nacional en el Centro de Atenci\u00f3n Primaria de la Salud \u2018Rosa Bual\u00f3\u2019, del Barrio Sur de Tornquist, se realizar\u00e1 de 14 a 16 hs.\u00a0<\/p>\n","protected":false},"author":1,"featured_media":60358,"comment_status":"closed","ping_status":"open","sticky":false,"template":"","format":"standard","meta":{"footnotes":""},"categories":[54,55,51,52],"tags":[],"class_list":["post-60357","post","type-post","status-publish","format-standard","has-post-thumbnail","hentry","category-atencion-salud","category-celt-tv-noticias","category-comunidad","category-destacadas"],"yoast_head":"<!-- This site is optimized with the Yoast SEO plugin v19.7.1 - https:\/\/yoast.com\/wordpress\/plugins\/seo\/ -->\n<title>El miercoles 22, la vacunaci\u00f3n de calendario en Sala Sur se realizar\u00e1 por la tarde - CELTTV<\/title>\n<meta name=\"description\" content=\"Sitio web de noticias de la localidad de Tornquist, provincia de Buenos Aires, Rep\u00fablica Argentina. Contenido propio originado por periodistas de CELTTV, el canal de TV local de la Cooperativa El\u00e9ctrica de Tornquist. Turismo, Pol\u00edtica, Sociedad, Deporte, Cultura y todo el contenido de inter\u00e9s general que la gente del pueblo y la regi\u00f3n debe conocer.\" \/>\n<meta name=\"robots\" content=\"index, follow, max-snippet:-1, max-image-preview:large, max-video-preview:-1\" \/>\n<link rel=\"canonical\" href=\"https:\/\/www.celttv.com.ar\/index.php\/2021\/09\/20\/el-miercoles-22-la-vacunacion-de-calendario-en-sala-sur-se-realizara-por-la-tarde\/\" \/>\n<meta property=\"og:locale\" content=\"es_ES\" \/>\n<meta property=\"og:type\" content=\"article\" \/>\n<meta property=\"og:title\" content=\"El miercoles 22, la vacunaci\u00f3n de calendario en Sala Sur se realizar\u00e1 por la tarde - CELTTV\" \/>\n<meta property=\"og:description\" content=\"Sitio web de noticias de la localidad de Tornquist, provincia de Buenos Aires, Rep\u00fablica Argentina. Contenido propio originado por periodistas de CELTTV, el canal de TV local de la Cooperativa El\u00e9ctrica de Tornquist. Turismo, Pol\u00edtica, Sociedad, Deporte, Cultura y todo el contenido de inter\u00e9s general que la gente del pueblo y la regi\u00f3n debe conocer.\" \/>\n<meta property=\"og:url\" content=\"https:\/\/www.celttv.com.ar\/index.php\/2021\/09\/20\/el-miercoles-22-la-vacunacion-de-calendario-en-sala-sur-se-realizara-por-la-tarde\/\" \/>\n<meta property=\"og:site_name\" content=\"CELTTV\" \/>\n<meta property=\"article:publisher\" content=\"https:\/\/www.facebook.com\/celtTV\/\" \/>\n<meta property=\"article:published_time\" content=\"2021-09-20T22:31:56+00:00\" \/>\n<meta property=\"og:image\" content=\"https:\/\/www.celttv.com.ar\/wp-content\/uploads\/2021\/09\/salasurtornquist-1.jpeg_1280.jpeg\" \/>\n\t<meta property=\"og:image:width\" content=\"1280\" \/>\n\t<meta property=\"og:image:height\" content=\"720\" \/>\n\t<meta property=\"og:image:type\" content=\"image\/jpeg\" \/>\n<meta name=\"author\" content=\"ulises\" \/>\n<meta name=\"twitter:card\" content=\"summary_large_image\" \/>\n<meta name=\"twitter:label1\" content=\"Escrito por\" \/>\n\t<meta name=\"twitter:data1\" content=\"ulises\" \/>\n<script type=\"application\/ld+json\" class=\"yoast-schema-graph\">{\"@context\":\"https:\/\/schema.org\",\"@graph\":[{\"@type\":\"NewsArticle\",\"@id\":\"https:\/\/www.celttv.com.ar\/index.php\/2021\/09\/20\/el-miercoles-22-la-vacunacion-de-calendario-en-sala-sur-se-realizara-por-la-tarde\/#article\",\"isPartOf\":{\"@id\":\"https:\/\/www.celttv.com.ar\/index.php\/2021\/09\/20\/el-miercoles-22-la-vacunacion-de-calendario-en-sala-sur-se-realizara-por-la-tarde\/\"},\"author\":{\"name\":\"ulises\",\"@id\":\"https:\/\/www.celttv.com.ar\/#\/schema\/person\/6d99c072dba59953809c81446e9d0ace\"},\"headline\":\"El miercoles 22, la vacunaci\u00f3n de calendario en Sala Sur se realizar\u00e1 por la tarde\",\"datePublished\":\"2021-09-20T22:31:56+00:00\",\"dateModified\":\"2021-09-20T22:31:56+00:00\",\"mainEntityOfPage\":{\"@id\":\"https:\/\/www.celttv.com.ar\/index.php\/2021\/09\/20\/el-miercoles-22-la-vacunacion-de-calendario-en-sala-sur-se-realizara-por-la-tarde\/\"},\"wordCount\":56,\"publisher\":{\"@id\":\"https:\/\/www.celttv.com.ar\/#organization\"},\"articleSection\":[\"Atenci\u00f3n Salud\",\"Celt TV Noticias\",\"Comunidad\",\"Destacadas\"],\"inLanguage\":\"es\"},{\"@type\":\"WebPage\",\"@id\":\"https:\/\/www.celttv.com.ar\/index.php\/2021\/09\/20\/el-miercoles-22-la-vacunacion-de-calendario-en-sala-sur-se-realizara-por-la-tarde\/\",\"url\":\"https:\/\/www.celttv.com.ar\/index.php\/2021\/09\/20\/el-miercoles-22-la-vacunacion-de-calendario-en-sala-sur-se-realizara-por-la-tarde\/\",\"name\":\"El miercoles 22, la vacunaci\u00f3n de calendario en Sala Sur se realizar\u00e1 por la tarde - CELTTV\",\"isPartOf\":{\"@id\":\"https:\/\/www.celttv.com.ar\/#website\"},\"datePublished\":\"2021-09-20T22:31:56+00:00\",\"dateModified\":\"2021-09-20T22:31:56+00:00\",\"description\":\"Sitio web de noticias de la localidad de Tornquist, provincia de Buenos Aires, Rep\u00fablica Argentina. Contenido propio originado por periodistas de CELTTV, el canal de TV local de la Cooperativa El\u00e9ctrica de Tornquist. Turismo, Pol\u00edtica, Sociedad, Deporte, Cultura y todo el contenido de inter\u00e9s general que la gente del pueblo y la regi\u00f3n debe conocer.\",\"breadcrumb\":{\"@id\":\"https:\/\/www.celttv.com.ar\/index.php\/2021\/09\/20\/el-miercoles-22-la-vacunacion-de-calendario-en-sala-sur-se-realizara-por-la-tarde\/#breadcrumb\"},\"inLanguage\":\"es\",\"potentialAction\":[{\"@type\":\"ReadAction\",\"target\":[\"https:\/\/www.celttv.com.ar\/index.php\/2021\/09\/20\/el-miercoles-22-la-vacunacion-de-calendario-en-sala-sur-se-realizara-por-la-tarde\/\"]}]},{\"@type\":\"BreadcrumbList\",\"@id\":\"https:\/\/www.celttv.com.ar\/index.php\/2021\/09\/20\/el-miercoles-22-la-vacunacion-de-calendario-en-sala-sur-se-realizara-por-la-tarde\/#breadcrumb\",\"itemListElement\":[{\"@type\":\"ListItem\",\"position\":1,\"name\":\"Inicio\",\"item\":\"https:\/\/www.celttv.com.ar\/\"},{\"@type\":\"ListItem\",\"position\":2,\"name\":\"El miercoles 22, la vacunaci\u00f3n de calendario en Sala Sur se realizar\u00e1 por la tarde\"}]},{\"@type\":\"WebSite\",\"@id\":\"https:\/\/www.celttv.com.ar\/#website\",\"url\":\"https:\/\/www.celttv.com.ar\/\",\"name\":\"CELTTV\",\"description\":\"Cooperativa El\u00e9ctrica de Tornquist\",\"publisher\":{\"@id\":\"https:\/\/www.celttv.com.ar\/#organization\"},\"potentialAction\":[{\"@type\":\"SearchAction\",\"target\":{\"@type\":\"EntryPoint\",\"urlTemplate\":\"https:\/\/www.celttv.com.ar\/?s={search_term_string}\"},\"query-input\":\"required name=search_term_string\"}],\"inLanguage\":\"es\"},{\"@type\":\"Organization\",\"@id\":\"https:\/\/www.celttv.com.ar\/#organization\",\"name\":\"CELTTV\",\"url\":\"https:\/\/www.celttv.com.ar\/\",\"sameAs\":[\"https:\/\/www.youtube.com\/channel\/UCz_oIt8Hig64Ub-EmcNPIhg\",\"https:\/\/www.facebook.com\/celtTV\/\"],\"logo\":{\"@type\":\"ImageObject\",\"inLanguage\":\"es\",\"@id\":\"https:\/\/www.celttv.com.ar\/#\/schema\/logo\/image\/\",\"url\":\"http:\/\/www.celttv.com.ar\/wp-content\/uploads\/2022\/08\/logo-1.png\",\"contentUrl\":\"http:\/\/www.celttv.com.ar\/wp-content\/uploads\/2022\/08\/logo-1.png\",\"width\":461,\"height\":159,\"caption\":\"CELTTV\"},\"image\":{\"@id\":\"https:\/\/www.celttv.com.ar\/#\/schema\/logo\/image\/\"}},{\"@type\":\"Person\",\"@id\":\"https:\/\/www.celttv.com.ar\/#\/schema\/person\/6d99c072dba59953809c81446e9d0ace\",\"name\":\"ulises\",\"image\":{\"@type\":\"ImageObject\",\"inLanguage\":\"es\",\"@id\":\"https:\/\/www.celttv.com.ar\/#\/schema\/person\/image\/\",\"url\":\"https:\/\/secure.gravatar.com\/avatar\/7f2c48bdc33b30088f941fb6082e555f2874c98e20cb159d7b92b50eadfce793?s=96&d=mm&r=g\",\"contentUrl\":\"https:\/\/secure.gravatar.com\/avatar\/7f2c48bdc33b30088f941fb6082e555f2874c98e20cb159d7b92b50eadfce793?s=96&d=mm&r=g\",\"caption\":\"ulises\"},\"sameAs\":[\"http:\/\/www.celttv.com.ar\"]}]}<\/script>\n<!-- \/ Yoast SEO plugin. -->","yoast_head_json":{"title":"El miercoles 22, la vacunaci\u00f3n de calendario en Sala Sur se realizar\u00e1 por la tarde - CELTTV","description":"Sitio web de noticias de la localidad de Tornquist, provincia de Buenos Aires, Rep\u00fablica Argentina. Contenido propio originado por periodistas de CELTTV, el canal de TV local de la Cooperativa El\u00e9ctrica de Tornquist. Turismo, Pol\u00edtica, Sociedad, Deporte, Cultura y todo el contenido de inter\u00e9s general que la gente del pueblo y la regi\u00f3n debe conocer.","robots":{"index":"index","follow":"follow","max-snippet":"max-snippet:-1","max-image-preview":"max-image-preview:large","max-video-preview":"max-video-preview:-1"},"canonical":"https:\/\/www.celttv.com.ar\/index.php\/2021\/09\/20\/el-miercoles-22-la-vacunacion-de-calendario-en-sala-sur-se-realizara-por-la-tarde\/","og_locale":"es_ES","og_type":"article","og_title":"El miercoles 22, la vacunaci\u00f3n de calendario en Sala Sur se realizar\u00e1 por la tarde - CELTTV","og_description":"Sitio web de noticias de la localidad de Tornquist, provincia de Buenos Aires, Rep\u00fablica Argentina. Contenido propio originado por periodistas de CELTTV, el canal de TV local de la Cooperativa El\u00e9ctrica de Tornquist. Turismo, Pol\u00edtica, Sociedad, Deporte, Cultura y todo el contenido de inter\u00e9s general que la gente del pueblo y la regi\u00f3n debe conocer.","og_url":"https:\/\/www.celttv.com.ar\/index.php\/2021\/09\/20\/el-miercoles-22-la-vacunacion-de-calendario-en-sala-sur-se-realizara-por-la-tarde\/","og_site_name":"CELTTV","article_publisher":"https:\/\/www.facebook.com\/celtTV\/","article_published_time":"2021-09-20T22:31:56+00:00","og_image":[{"width":1280,"height":720,"url":"https:\/\/www.celttv.com.ar\/wp-content\/uploads\/2021\/09\/salasurtornquist-1.jpeg_1280.jpeg","type":"image\/jpeg"}],"author":"ulises","twitter_card":"summary_large_image","twitter_misc":{"Escrito por":"ulises"},"schema":{"@context":"https:\/\/schema.org","@graph":[{"@type":"NewsArticle","@id":"https:\/\/www.celttv.com.ar\/index.php\/2021\/09\/20\/el-miercoles-22-la-vacunacion-de-calendario-en-sala-sur-se-realizara-por-la-tarde\/#article","isPartOf":{"@id":"https:\/\/www.celttv.com.ar\/index.php\/2021\/09\/20\/el-miercoles-22-la-vacunacion-de-calendario-en-sala-sur-se-realizara-por-la-tarde\/"},"author":{"name":"ulises","@id":"https:\/\/www.celttv.com.ar\/#\/schema\/person\/6d99c072dba59953809c81446e9d0ace"},"headline":"El miercoles 22, la vacunaci\u00f3n de calendario en Sala Sur se realizar\u00e1 por la tarde","datePublished":"2021-09-20T22:31:56+00:00","dateModified":"2021-09-20T22:31:56+00:00","mainEntityOfPage":{"@id":"https:\/\/www.celttv.com.ar\/index.php\/2021\/09\/20\/el-miercoles-22-la-vacunacion-de-calendario-en-sala-sur-se-realizara-por-la-tarde\/"},"wordCount":56,"publisher":{"@id":"https:\/\/www.celttv.com.ar\/#organization"},"articleSection":["Atenci\u00f3n Salud","Celt TV Noticias","Comunidad","Destacadas"],"inLanguage":"es"},{"@type":"WebPage","@id":"https:\/\/www.celttv.com.ar\/index.php\/2021\/09\/20\/el-miercoles-22-la-vacunacion-de-calendario-en-sala-sur-se-realizara-por-la-tarde\/","url":"https:\/\/www.celttv.com.ar\/index.php\/2021\/09\/20\/el-miercoles-22-la-vacunacion-de-calendario-en-sala-sur-se-realizara-por-la-tarde\/","name":"El miercoles 22, la vacunaci\u00f3n de calendario en Sala Sur se realizar\u00e1 por la tarde - CELTTV","isPartOf":{"@id":"https:\/\/www.celttv.com.ar\/#website"},"datePublished":"2021-09-20T22:31:56+00:00","dateModified":"2021-09-20T22:31:56+00:00","description":"Sitio web de noticias de la localidad de Tornquist, provincia de Buenos Aires, Rep\u00fablica Argentina. Contenido propio originado por periodistas de CELTTV, el canal de TV local de la Cooperativa El\u00e9ctrica de Tornquist. Turismo, Pol\u00edtica, Sociedad, Deporte, Cultura y todo el contenido de inter\u00e9s general que la gente del pueblo y la regi\u00f3n debe conocer.","breadcrumb":{"@id":"https:\/\/www.celttv.com.ar\/index.php\/2021\/09\/20\/el-miercoles-22-la-vacunacion-de-calendario-en-sala-sur-se-realizara-por-la-tarde\/#breadcrumb"},"inLanguage":"es","potentialAction":[{"@type":"ReadAction","target":["https:\/\/www.celttv.com.ar\/index.php\/2021\/09\/20\/el-miercoles-22-la-vacunacion-de-calendario-en-sala-sur-se-realizara-por-la-tarde\/"]}]},{"@type":"BreadcrumbList","@id":"https:\/\/www.celttv.com.ar\/index.php\/2021\/09\/20\/el-miercoles-22-la-vacunacion-de-calendario-en-sala-sur-se-realizara-por-la-tarde\/#breadcrumb","itemListElement":[{"@type":"ListItem","position":1,"name":"Inicio","item":"https:\/\/www.celttv.com.ar\/"},{"@type":"ListItem","position":2,"name":"El miercoles 22, la vacunaci\u00f3n de calendario en Sala Sur se realizar\u00e1 por la tarde"}]},{"@type":"WebSite","@id":"https:\/\/www.celttv.com.ar\/#website","url":"https:\/\/www.celttv.com.ar\/","name":"CELTTV","description":"Cooperativa El\u00e9ctrica de Tornquist","publisher":{"@id":"https:\/\/www.celttv.com.ar\/#organization"},"potentialAction":[{"@type":"SearchAction","target":{"@type":"EntryPoint","urlTemplate":"https:\/\/www.celttv.com.ar\/?s={search_term_string}"},"query-input":"required name=search_term_string"}],"inLanguage":"es"},{"@type":"Organization","@id":"https:\/\/www.celttv.com.ar\/#organization","name":"CELTTV","url":"https:\/\/www.celttv.com.ar\/","sameAs":["https:\/\/www.youtube.com\/channel\/UCz_oIt8Hig64Ub-EmcNPIhg","https:\/\/www.facebook.com\/celtTV\/"],"logo":{"@type":"ImageObject","inLanguage":"es","@id":"https:\/\/www.celttv.com.ar\/#\/schema\/logo\/image\/","url":"http:\/\/www.celttv.com.ar\/wp-content\/uploads\/2022\/08\/logo-1.png","contentUrl":"http:\/\/www.celttv.com.ar\/wp-content\/uploads\/2022\/08\/logo-1.png","width":461,"height":159,"caption":"CELTTV"},"image":{"@id":"https:\/\/www.celttv.com.ar\/#\/schema\/logo\/image\/"}},{"@type":"Person","@id":"https:\/\/www.celttv.com.ar\/#\/schema\/person\/6d99c072dba59953809c81446e9d0ace","name":"ulises","image":{"@type":"ImageObject","inLanguage":"es","@id":"https:\/\/www.celttv.com.ar\/#\/schema\/person\/image\/","url":"https:\/\/secure.gravatar.com\/avatar\/7f2c48bdc33b30088f941fb6082e555f2874c98e20cb159d7b92b50eadfce793?s=96&d=mm&r=g","contentUrl":"https:\/\/secure.gravatar.com\/avatar\/7f2c48bdc33b30088f941fb6082e555f2874c98e20cb159d7b92b50eadfce793?s=96&d=mm&r=g","caption":"ulises"},"sameAs":["http:\/\/www.celttv.com.ar"]}]}},"_links":{"self":[{"href":"https:\/\/www.celttv.com.ar\/index.php\/wp-json\/wp\/v2\/posts\/60357","targetHints":{"allow":["GET"]}}],"collection":[{"href":"https:\/\/www.celttv.com.ar\/index.php\/wp-json\/wp\/v2\/posts"}],"about":[{"href":"https:\/\/www.celttv.com.ar\/index.php\/wp-json\/wp\/v2\/types\/post"}],"author":[{"embeddable":true,"href":"https:\/\/www.celttv.com.ar\/index.php\/wp-json\/wp\/v2\/users\/1"}],"replies":[{"embeddable":true,"href":"https:\/\/www.celttv.com.ar\/index.php\/wp-json\/wp\/v2\/comments?post=60357"}],"version-history":[{"count":0,"href":"https:\/\/www.celttv.com.ar\/index.php\/wp-json\/wp\/v2\/posts\/60357\/revisions"}],"wp:featuredmedia":[{"embeddable":true,"href":"https:\/\/www.celttv.com.ar\/index.php\/wp-json\/wp\/v2\/media\/60358"}],"wp:attachment":[{"href":"https:\/\/www.celttv.com.ar\/index.php\/wp-json\/wp\/v2\/media?parent=60357"}],"wp:term":[{"taxonomy":"category","embeddable":true,"href":"https:\/\/www.celttv.com.ar\/index.php\/wp-json\/wp\/v2\/categories?post=60357"},{"taxonomy":"post_tag","embeddable":true,"href":"https:\/\/www.celttv.com.ar\/index.php\/wp-json\/wp\/v2\/tags?post=60357"}],"curies":[{"name":"wp","href":"https:\/\/api.w.org\/{rel}","templated":true}]}}