{"id":60395,"date":"2021-09-22T17:10:21","date_gmt":"2021-09-22T17:10:21","guid":{"rendered":"http:\/\/www.celttv.com.ar\/?p=60395"},"modified":"2021-09-22T17:10:21","modified_gmt":"2021-09-22T17:10:21","slug":"el-frente-grande-tornquist-escucha-las-urnas-y-responde-proponiendo-unidad-y-trabajo-colectivo","status":"publish","type":"post","link":"https:\/\/www.celttv.com.ar\/index.php\/2021\/09\/22\/el-frente-grande-tornquist-escucha-las-urnas-y-responde-proponiendo-unidad-y-trabajo-colectivo\/","title":{"rendered":"El Frente Grande Tornquist escucha las urnas y responde proponiendo unidad y trabajo colectivo"},"content":{"rendered":"\n<p>ENTRE \u201cLA PELOTA NO DOBLA\u201d DE PASARELLA Y LA \u201cLA PELOTA NO SE MANCHA\u201d DE MARADONA, EL FRENTE GRANDE TORNQUIST ESCUCHA LAS URNAS Y RESPONDE PROPONIENDO UNIDAD Y TRABAJO COLECTIVO<\/p>\n\n\n\n<p>Ante las acciones desplegadas y los anuncios realizados por nuestro gobierno nacional y provincial deseamos hacernos eco del comunicado transmitido por nuestra conducci\u00f3n nacional y expresar la necesidad de,&nbsp;<strong>\u201cprofundizar el di\u00e1logo entre los sectores que forman la coalici\u00f3n de gobierno escuchando la opini\u00f3n soberana del pueblo expresada en las urnas\u201d<\/strong>.&nbsp;(Mesa Nacional Frente Grande)<\/p>\n\n\n\n<p>Esta semana participamos de una reuni\u00f3n de conducci\u00f3n provincial ampliada, con la presencia del Presidente de Frente Grande Nacional, el intendente Mario Secco y de la Presidenta del FGPBA la diputada Susana Gonz\u00e1lez, en el encuentro, se evalu\u00f3 lo sucedido en las PASO y se acord\u00f3 \u201ctrabajar en la institucionalizaci\u00f3n del FRENTE DE TODXS y recuperar la m\u00edstica de la militancia frentista comprometidos en seguir sacando a nuestro pueblo de la situaci\u00f3n que lo agobia y construir un presente y un futuro mejor para&nbsp; TODXS\u201d.&nbsp;(Mesa Frente Grande Pcia.)<\/p>\n\n\n\n<p>Coincidimos en que dos modelos de pa\u00eds bien diferenciados est\u00e1n presentes en esta&nbsp; disputa y, tambi\u00e9n, en&nbsp; la importancia que la definici\u00f3n por uno u otro modelo reviste para nuestra Provincia.<\/p>\n\n\n\n<p><strong>A nivel seccional y distrital nos dirigimos a los responsables pol\u00edticos de la actual propuesta electoral del Frente de TODXS, para expresarles que las urnas indicaron con claridad la necesidad de realizar una autocritica que incluya a la totalidad de los sectores que forman parte del Frente de TODXS, para que, a trav\u00e9s del di\u00e1logo constructivo, podamos evitar los continuos errores y equivocaciones que fueron la causa de los resultados electorales obtenidos en el pasado y en las PASO 2021.<\/strong><\/p>\n\n\n\n<p><strong>ANTE LOS RESULTADOS ADVERSOS DE LAS PASO 2021, PODEMOS BUSCAR RESPUESTAS AJENAS A NUESTRAS CONDUCTAS Y PROCEDIMIENTOS COMO EL DIRECTOR TECNICO PASARELLA CUANDO ANTE LOS RESULTADOS EN BOLIVIA DIJO, \u201cLA PELOTA NO DOBLA\u201d, O COMO MARADONA PODEMOS ASUMIR NUESTRAS EQUIVOCACIONES Y EXPRESAR CLARAMENTE \u201cYO ME EQUIVOQU\u00c9 Y PAGU\u00c9 LA PELOTA (EL VOTO) NO SE MANCHA\u201d. ATENTO A ESTA RELACION METAF\u00d3RICA SOLICITAMOS BUSCAR CON URGENCIA Y COLECTIVAMENTE LAS RESPUESTAS Y SOLUCIONES QUE SIGUEN ESTANDO AUSENTES.<\/strong><\/p>\n\n\n\n<p>\u201cla Patria precisa de nuestro esfuerzo para su reconstrucci\u00f3n y se hace imprescindible que todos y todas hagamos llegar el mensaje de que s\u00f3lo teniendo una representaci\u00f3n mayoritaria en las C\u00e1maras legislativas es posible garantizar que ninguna ley atentatoria contra los derechos y bienestar de nuestro Pueblo sea sancionada.\u201d&nbsp;(Mesa F. G. Pcia.)<\/p>\n\n\n\n<p>La unidad que hoy ratificamos como necesaria, es el compromiso prioritario asumido&nbsp; por nuestro partido Frente Grande desde el 2003, principio irrenunciable para afianzar el fortalecimiento de nuestra democracia.<\/p>\n\n\n\n<p>\u00a1ES CON EL PUEBLO, ES CON ALBERTO Y CRISTINA, ES CON AXEL Y VER\u00d3NICA!<\/p>\n\n\n\n<p>FRENTE GRANDE TORNQUIST.<\/p>\n\n\n\n<p>MASSON CASTI\u00d1EIRA CLAUDIO ADRIAN, PRESIDENTE.<\/p>\n\n\n\n<p>FERNANDEZ NORMA BLANCA, VICEPRESIDENTA.<\/p>\n\n\n\n<p>291-6490788<\/p>\n\n\n\n<figure class=\"wp-block-image size-large\"><img loading=\"lazy\" decoding=\"async\" width=\"960\" height=\"960\" src=\"http:\/\/www.celttv.com.ar\/wp-content\/uploads\/2021\/09\/reunion-conduccion-provincial-ampliada-1.jpg\" alt=\"\" class=\"wp-image-60396\" srcset=\"https:\/\/www.celttv.com.ar\/wp-content\/uploads\/2021\/09\/reunion-conduccion-provincial-ampliada-1.jpg 960w, https:\/\/www.celttv.com.ar\/wp-content\/uploads\/2021\/09\/reunion-conduccion-provincial-ampliada-1-300x300.jpg 300w, https:\/\/www.celttv.com.ar\/wp-content\/uploads\/2021\/09\/reunion-conduccion-provincial-ampliada-1-150x150.jpg 150w, https:\/\/www.celttv.com.ar\/wp-content\/uploads\/2021\/09\/reunion-conduccion-provincial-ampliada-1-768x768.jpg 768w, https:\/\/www.celttv.com.ar\/wp-content\/uploads\/2021\/09\/reunion-conduccion-provincial-ampliada-1-75x75.jpg 75w, https:\/\/www.celttv.com.ar\/wp-content\/uploads\/2021\/09\/reunion-conduccion-provincial-ampliada-1-750x750.jpg 750w\" sizes=\"auto, (max-width: 960px) 100vw, 960px\" \/><\/figure>\n\n\n\n<figure class=\"wp-block-image size-large\"><img loading=\"lazy\" decoding=\"async\" width=\"960\" height=\"960\" src=\"http:\/\/www.celttv.com.ar\/wp-content\/uploads\/2021\/09\/reunion-conduccion-provincial-ampliada-2.jpg\" alt=\"\" class=\"wp-image-60397\" srcset=\"https:\/\/www.celttv.com.ar\/wp-content\/uploads\/2021\/09\/reunion-conduccion-provincial-ampliada-2.jpg 960w, https:\/\/www.celttv.com.ar\/wp-content\/uploads\/2021\/09\/reunion-conduccion-provincial-ampliada-2-300x300.jpg 300w, https:\/\/www.celttv.com.ar\/wp-content\/uploads\/2021\/09\/reunion-conduccion-provincial-ampliada-2-150x150.jpg 150w, https:\/\/www.celttv.com.ar\/wp-content\/uploads\/2021\/09\/reunion-conduccion-provincial-ampliada-2-768x768.jpg 768w, https:\/\/www.celttv.com.ar\/wp-content\/uploads\/2021\/09\/reunion-conduccion-provincial-ampliada-2-75x75.jpg 75w, https:\/\/www.celttv.com.ar\/wp-content\/uploads\/2021\/09\/reunion-conduccion-provincial-ampliada-2-750x750.jpg 750w\" sizes=\"auto, (max-width: 960px) 100vw, 960px\" \/><\/figure>\n\n\n\n<figure class=\"wp-block-image size-large\"><img loading=\"lazy\" decoding=\"async\" width=\"1024\" height=\"1024\" src=\"http:\/\/www.celttv.com.ar\/wp-content\/uploads\/2021\/09\/WhatsApp-Image-2021-09-17-at-3.40.36-PM-1024x1024.jpeg\" alt=\"\" class=\"wp-image-60398\" srcset=\"https:\/\/www.celttv.com.ar\/wp-content\/uploads\/2021\/09\/WhatsApp-Image-2021-09-17-at-3.40.36-PM-1024x1024.jpeg 1024w, https:\/\/www.celttv.com.ar\/wp-content\/uploads\/2021\/09\/WhatsApp-Image-2021-09-17-at-3.40.36-PM-300x300.jpeg 300w, https:\/\/www.celttv.com.ar\/wp-content\/uploads\/2021\/09\/WhatsApp-Image-2021-09-17-at-3.40.36-PM-150x150.jpeg 150w, https:\/\/www.celttv.com.ar\/wp-content\/uploads\/2021\/09\/WhatsApp-Image-2021-09-17-at-3.40.36-PM-768x768.jpeg 768w, https:\/\/www.celttv.com.ar\/wp-content\/uploads\/2021\/09\/WhatsApp-Image-2021-09-17-at-3.40.36-PM-75x75.jpeg 75w, https:\/\/www.celttv.com.ar\/wp-content\/uploads\/2021\/09\/WhatsApp-Image-2021-09-17-at-3.40.36-PM-750x750.jpeg 750w, https:\/\/www.celttv.com.ar\/wp-content\/uploads\/2021\/09\/WhatsApp-Image-2021-09-17-at-3.40.36-PM.jpeg 1080w\" sizes=\"auto, (max-width: 1024px) 100vw, 1024px\" \/><\/figure>\n","protected":false},"excerpt":{"rendered":"<p>ENTRE \u201cLA PELOTA NO DOBLA\u201d DE PASARELLA Y LA \u201cLA PELOTA NO SE MANCHA\u201d DE MARADONA, EL FRENTE GRANDE TORNQUIST ESCUCHA LAS URNAS Y RESPONDE PROPONIENDO UNIDAD Y TRABAJO COLECTIVO Ante las acciones desplegadas y los anuncios realizados por nuestro gobierno nacional y provincial deseamos hacernos eco del comunicado transmitido por nuestra conducci\u00f3n nacional y [&hellip;]<\/p>\n","protected":false},"author":1,"featured_media":60397,"comment_status":"closed","ping_status":"open","sticky":false,"template":"","format":"standard","meta":{"footnotes":""},"categories":[55,51,52,53],"tags":[],"class_list":["post-60395","post","type-post","status-publish","format-standard","has-post-thumbnail","hentry","category-celt-tv-noticias","category-comunidad","category-destacadas","category-politica"],"yoast_head":"<!-- This site is optimized with the Yoast SEO plugin v19.7.1 - https:\/\/yoast.com\/wordpress\/plugins\/seo\/ -->\n<title>El Frente Grande Tornquist escucha las urnas y responde proponiendo unidad y trabajo colectivo - CELTTV<\/title>\n<meta name=\"description\" content=\"Sitio web de noticias de la localidad de Tornquist, provincia de Buenos Aires, Rep\u00fablica Argentina. Contenido propio originado por periodistas de CELTTV, el canal de TV local de la Cooperativa El\u00e9ctrica de Tornquist. Turismo, Pol\u00edtica, Sociedad, Deporte, Cultura y todo el contenido de inter\u00e9s general que la gente del pueblo y la regi\u00f3n debe conocer.\" \/>\n<meta name=\"robots\" content=\"index, follow, max-snippet:-1, max-image-preview:large, max-video-preview:-1\" \/>\n<link rel=\"canonical\" href=\"https:\/\/www.celttv.com.ar\/index.php\/2021\/09\/22\/el-frente-grande-tornquist-escucha-las-urnas-y-responde-proponiendo-unidad-y-trabajo-colectivo\/\" \/>\n<meta property=\"og:locale\" content=\"es_ES\" \/>\n<meta property=\"og:type\" content=\"article\" \/>\n<meta property=\"og:title\" content=\"El Frente Grande Tornquist escucha las urnas y responde proponiendo unidad y trabajo colectivo - CELTTV\" \/>\n<meta property=\"og:description\" content=\"Sitio web de noticias de la localidad de Tornquist, provincia de Buenos Aires, Rep\u00fablica Argentina. Contenido propio originado por periodistas de CELTTV, el canal de TV local de la Cooperativa El\u00e9ctrica de Tornquist. Turismo, Pol\u00edtica, Sociedad, Deporte, Cultura y todo el contenido de inter\u00e9s general que la gente del pueblo y la regi\u00f3n debe conocer.\" \/>\n<meta property=\"og:url\" content=\"https:\/\/www.celttv.com.ar\/index.php\/2021\/09\/22\/el-frente-grande-tornquist-escucha-las-urnas-y-responde-proponiendo-unidad-y-trabajo-colectivo\/\" \/>\n<meta property=\"og:site_name\" content=\"CELTTV\" \/>\n<meta property=\"article:publisher\" content=\"https:\/\/www.facebook.com\/celtTV\/\" \/>\n<meta property=\"article:published_time\" content=\"2021-09-22T17:10:21+00:00\" \/>\n<meta property=\"og:image\" content=\"https:\/\/www.celttv.com.ar\/wp-content\/uploads\/2021\/09\/reunion-conduccion-provincial-ampliada-2.jpg\" \/>\n\t<meta property=\"og:image:width\" content=\"960\" \/>\n\t<meta property=\"og:image:height\" content=\"960\" \/>\n\t<meta property=\"og:image:type\" content=\"image\/jpeg\" \/>\n<meta name=\"author\" content=\"ulises\" \/>\n<meta name=\"twitter:card\" content=\"summary_large_image\" \/>\n<meta name=\"twitter:label1\" content=\"Escrito por\" \/>\n\t<meta name=\"twitter:data1\" content=\"ulises\" \/>\n\t<meta name=\"twitter:label2\" content=\"Tiempo de lectura\" \/>\n\t<meta name=\"twitter:data2\" content=\"2 minutos\" \/>\n<script type=\"application\/ld+json\" class=\"yoast-schema-graph\">{\"@context\":\"https:\/\/schema.org\",\"@graph\":[{\"@type\":\"NewsArticle\",\"@id\":\"https:\/\/www.celttv.com.ar\/index.php\/2021\/09\/22\/el-frente-grande-tornquist-escucha-las-urnas-y-responde-proponiendo-unidad-y-trabajo-colectivo\/#article\",\"isPartOf\":{\"@id\":\"https:\/\/www.celttv.com.ar\/index.php\/2021\/09\/22\/el-frente-grande-tornquist-escucha-las-urnas-y-responde-proponiendo-unidad-y-trabajo-colectivo\/\"},\"author\":{\"name\":\"ulises\",\"@id\":\"https:\/\/www.celttv.com.ar\/#\/schema\/person\/6d99c072dba59953809c81446e9d0ace\"},\"headline\":\"El Frente Grande Tornquist escucha las urnas y responde proponiendo unidad y trabajo colectivo\",\"datePublished\":\"2021-09-22T17:10:21+00:00\",\"dateModified\":\"2021-09-22T17:10:21+00:00\",\"mainEntityOfPage\":{\"@id\":\"https:\/\/www.celttv.com.ar\/index.php\/2021\/09\/22\/el-frente-grande-tornquist-escucha-las-urnas-y-responde-proponiendo-unidad-y-trabajo-colectivo\/\"},\"wordCount\":511,\"publisher\":{\"@id\":\"https:\/\/www.celttv.com.ar\/#organization\"},\"articleSection\":[\"Celt TV Noticias\",\"Comunidad\",\"Destacadas\",\"Pol\u00edtica\"],\"inLanguage\":\"es\"},{\"@type\":\"WebPage\",\"@id\":\"https:\/\/www.celttv.com.ar\/index.php\/2021\/09\/22\/el-frente-grande-tornquist-escucha-las-urnas-y-responde-proponiendo-unidad-y-trabajo-colectivo\/\",\"url\":\"https:\/\/www.celttv.com.ar\/index.php\/2021\/09\/22\/el-frente-grande-tornquist-escucha-las-urnas-y-responde-proponiendo-unidad-y-trabajo-colectivo\/\",\"name\":\"El Frente Grande Tornquist escucha las urnas y responde proponiendo unidad y trabajo colectivo - CELTTV\",\"isPartOf\":{\"@id\":\"https:\/\/www.celttv.com.ar\/#website\"},\"datePublished\":\"2021-09-22T17:10:21+00:00\",\"dateModified\":\"2021-09-22T17:10:21+00:00\",\"description\":\"Sitio web de noticias de la localidad de Tornquist, provincia de Buenos Aires, Rep\u00fablica Argentina. Contenido propio originado por periodistas de CELTTV, el canal de TV local de la Cooperativa El\u00e9ctrica de Tornquist. Turismo, Pol\u00edtica, Sociedad, Deporte, Cultura y todo el contenido de inter\u00e9s general que la gente del pueblo y la regi\u00f3n debe conocer.\",\"breadcrumb\":{\"@id\":\"https:\/\/www.celttv.com.ar\/index.php\/2021\/09\/22\/el-frente-grande-tornquist-escucha-las-urnas-y-responde-proponiendo-unidad-y-trabajo-colectivo\/#breadcrumb\"},\"inLanguage\":\"es\",\"potentialAction\":[{\"@type\":\"ReadAction\",\"target\":[\"https:\/\/www.celttv.com.ar\/index.php\/2021\/09\/22\/el-frente-grande-tornquist-escucha-las-urnas-y-responde-proponiendo-unidad-y-trabajo-colectivo\/\"]}]},{\"@type\":\"BreadcrumbList\",\"@id\":\"https:\/\/www.celttv.com.ar\/index.php\/2021\/09\/22\/el-frente-grande-tornquist-escucha-las-urnas-y-responde-proponiendo-unidad-y-trabajo-colectivo\/#breadcrumb\",\"itemListElement\":[{\"@type\":\"ListItem\",\"position\":1,\"name\":\"Inicio\",\"item\":\"https:\/\/www.celttv.com.ar\/\"},{\"@type\":\"ListItem\",\"position\":2,\"name\":\"El Frente Grande Tornquist escucha las urnas y responde proponiendo unidad y trabajo colectivo\"}]},{\"@type\":\"WebSite\",\"@id\":\"https:\/\/www.celttv.com.ar\/#website\",\"url\":\"https:\/\/www.celttv.com.ar\/\",\"name\":\"CELTTV\",\"description\":\"Cooperativa El\u00e9ctrica de Tornquist\",\"publisher\":{\"@id\":\"https:\/\/www.celttv.com.ar\/#organization\"},\"potentialAction\":[{\"@type\":\"SearchAction\",\"target\":{\"@type\":\"EntryPoint\",\"urlTemplate\":\"https:\/\/www.celttv.com.ar\/?s={search_term_string}\"},\"query-input\":\"required name=search_term_string\"}],\"inLanguage\":\"es\"},{\"@type\":\"Organization\",\"@id\":\"https:\/\/www.celttv.com.ar\/#organization\",\"name\":\"CELTTV\",\"url\":\"https:\/\/www.celttv.com.ar\/\",\"sameAs\":[\"https:\/\/www.youtube.com\/channel\/UCz_oIt8Hig64Ub-EmcNPIhg\",\"https:\/\/www.facebook.com\/celtTV\/\"],\"logo\":{\"@type\":\"ImageObject\",\"inLanguage\":\"es\",\"@id\":\"https:\/\/www.celttv.com.ar\/#\/schema\/logo\/image\/\",\"url\":\"http:\/\/www.celttv.com.ar\/wp-content\/uploads\/2022\/08\/logo-1.png\",\"contentUrl\":\"http:\/\/www.celttv.com.ar\/wp-content\/uploads\/2022\/08\/logo-1.png\",\"width\":461,\"height\":159,\"caption\":\"CELTTV\"},\"image\":{\"@id\":\"https:\/\/www.celttv.com.ar\/#\/schema\/logo\/image\/\"}},{\"@type\":\"Person\",\"@id\":\"https:\/\/www.celttv.com.ar\/#\/schema\/person\/6d99c072dba59953809c81446e9d0ace\",\"name\":\"ulises\",\"image\":{\"@type\":\"ImageObject\",\"inLanguage\":\"es\",\"@id\":\"https:\/\/www.celttv.com.ar\/#\/schema\/person\/image\/\",\"url\":\"https:\/\/secure.gravatar.com\/avatar\/7f2c48bdc33b30088f941fb6082e555f2874c98e20cb159d7b92b50eadfce793?s=96&d=mm&r=g\",\"contentUrl\":\"https:\/\/secure.gravatar.com\/avatar\/7f2c48bdc33b30088f941fb6082e555f2874c98e20cb159d7b92b50eadfce793?s=96&d=mm&r=g\",\"caption\":\"ulises\"},\"sameAs\":[\"http:\/\/www.celttv.com.ar\"]}]}<\/script>\n<!-- \/ Yoast SEO plugin. -->","yoast_head_json":{"title":"El Frente Grande Tornquist escucha las urnas y responde proponiendo unidad y trabajo colectivo - CELTTV","description":"Sitio web de noticias de la localidad de Tornquist, provincia de Buenos Aires, Rep\u00fablica Argentina. Contenido propio originado por periodistas de CELTTV, el canal de TV local de la Cooperativa El\u00e9ctrica de Tornquist. Turismo, Pol\u00edtica, Sociedad, Deporte, Cultura y todo el contenido de inter\u00e9s general que la gente del pueblo y la regi\u00f3n debe conocer.","robots":{"index":"index","follow":"follow","max-snippet":"max-snippet:-1","max-image-preview":"max-image-preview:large","max-video-preview":"max-video-preview:-1"},"canonical":"https:\/\/www.celttv.com.ar\/index.php\/2021\/09\/22\/el-frente-grande-tornquist-escucha-las-urnas-y-responde-proponiendo-unidad-y-trabajo-colectivo\/","og_locale":"es_ES","og_type":"article","og_title":"El Frente Grande Tornquist escucha las urnas y responde proponiendo unidad y trabajo colectivo - CELTTV","og_description":"Sitio web de noticias de la localidad de Tornquist, provincia de Buenos Aires, Rep\u00fablica Argentina. Contenido propio originado por periodistas de CELTTV, el canal de TV local de la Cooperativa El\u00e9ctrica de Tornquist. Turismo, Pol\u00edtica, Sociedad, Deporte, Cultura y todo el contenido de inter\u00e9s general que la gente del pueblo y la regi\u00f3n debe conocer.","og_url":"https:\/\/www.celttv.com.ar\/index.php\/2021\/09\/22\/el-frente-grande-tornquist-escucha-las-urnas-y-responde-proponiendo-unidad-y-trabajo-colectivo\/","og_site_name":"CELTTV","article_publisher":"https:\/\/www.facebook.com\/celtTV\/","article_published_time":"2021-09-22T17:10:21+00:00","og_image":[{"width":960,"height":960,"url":"https:\/\/www.celttv.com.ar\/wp-content\/uploads\/2021\/09\/reunion-conduccion-provincial-ampliada-2.jpg","type":"image\/jpeg"}],"author":"ulises","twitter_card":"summary_large_image","twitter_misc":{"Escrito por":"ulises","Tiempo de lectura":"2 minutos"},"schema":{"@context":"https:\/\/schema.org","@graph":[{"@type":"NewsArticle","@id":"https:\/\/www.celttv.com.ar\/index.php\/2021\/09\/22\/el-frente-grande-tornquist-escucha-las-urnas-y-responde-proponiendo-unidad-y-trabajo-colectivo\/#article","isPartOf":{"@id":"https:\/\/www.celttv.com.ar\/index.php\/2021\/09\/22\/el-frente-grande-tornquist-escucha-las-urnas-y-responde-proponiendo-unidad-y-trabajo-colectivo\/"},"author":{"name":"ulises","@id":"https:\/\/www.celttv.com.ar\/#\/schema\/person\/6d99c072dba59953809c81446e9d0ace"},"headline":"El Frente Grande Tornquist escucha las urnas y responde proponiendo unidad y trabajo colectivo","datePublished":"2021-09-22T17:10:21+00:00","dateModified":"2021-09-22T17:10:21+00:00","mainEntityOfPage":{"@id":"https:\/\/www.celttv.com.ar\/index.php\/2021\/09\/22\/el-frente-grande-tornquist-escucha-las-urnas-y-responde-proponiendo-unidad-y-trabajo-colectivo\/"},"wordCount":511,"publisher":{"@id":"https:\/\/www.celttv.com.ar\/#organization"},"articleSection":["Celt TV Noticias","Comunidad","Destacadas","Pol\u00edtica"],"inLanguage":"es"},{"@type":"WebPage","@id":"https:\/\/www.celttv.com.ar\/index.php\/2021\/09\/22\/el-frente-grande-tornquist-escucha-las-urnas-y-responde-proponiendo-unidad-y-trabajo-colectivo\/","url":"https:\/\/www.celttv.com.ar\/index.php\/2021\/09\/22\/el-frente-grande-tornquist-escucha-las-urnas-y-responde-proponiendo-unidad-y-trabajo-colectivo\/","name":"El Frente Grande Tornquist escucha las urnas y responde proponiendo unidad y trabajo colectivo - CELTTV","isPartOf":{"@id":"https:\/\/www.celttv.com.ar\/#website"},"datePublished":"2021-09-22T17:10:21+00:00","dateModified":"2021-09-22T17:10:21+00:00","description":"Sitio web de noticias de la localidad de Tornquist, provincia de Buenos Aires, Rep\u00fablica Argentina. Contenido propio originado por periodistas de CELTTV, el canal de TV local de la Cooperativa El\u00e9ctrica de Tornquist. Turismo, Pol\u00edtica, Sociedad, Deporte, Cultura y todo el contenido de inter\u00e9s general que la gente del pueblo y la regi\u00f3n debe conocer.","breadcrumb":{"@id":"https:\/\/www.celttv.com.ar\/index.php\/2021\/09\/22\/el-frente-grande-tornquist-escucha-las-urnas-y-responde-proponiendo-unidad-y-trabajo-colectivo\/#breadcrumb"},"inLanguage":"es","potentialAction":[{"@type":"ReadAction","target":["https:\/\/www.celttv.com.ar\/index.php\/2021\/09\/22\/el-frente-grande-tornquist-escucha-las-urnas-y-responde-proponiendo-unidad-y-trabajo-colectivo\/"]}]},{"@type":"BreadcrumbList","@id":"https:\/\/www.celttv.com.ar\/index.php\/2021\/09\/22\/el-frente-grande-tornquist-escucha-las-urnas-y-responde-proponiendo-unidad-y-trabajo-colectivo\/#breadcrumb","itemListElement":[{"@type":"ListItem","position":1,"name":"Inicio","item":"https:\/\/www.celttv.com.ar\/"},{"@type":"ListItem","position":2,"name":"El Frente Grande Tornquist escucha las urnas y responde proponiendo unidad y trabajo colectivo"}]},{"@type":"WebSite","@id":"https:\/\/www.celttv.com.ar\/#website","url":"https:\/\/www.celttv.com.ar\/","name":"CELTTV","description":"Cooperativa El\u00e9ctrica de Tornquist","publisher":{"@id":"https:\/\/www.celttv.com.ar\/#organization"},"potentialAction":[{"@type":"SearchAction","target":{"@type":"EntryPoint","urlTemplate":"https:\/\/www.celttv.com.ar\/?s={search_term_string}"},"query-input":"required name=search_term_string"}],"inLanguage":"es"},{"@type":"Organization","@id":"https:\/\/www.celttv.com.ar\/#organization","name":"CELTTV","url":"https:\/\/www.celttv.com.ar\/","sameAs":["https:\/\/www.youtube.com\/channel\/UCz_oIt8Hig64Ub-EmcNPIhg","https:\/\/www.facebook.com\/celtTV\/"],"logo":{"@type":"ImageObject","inLanguage":"es","@id":"https:\/\/www.celttv.com.ar\/#\/schema\/logo\/image\/","url":"http:\/\/www.celttv.com.ar\/wp-content\/uploads\/2022\/08\/logo-1.png","contentUrl":"http:\/\/www.celttv.com.ar\/wp-content\/uploads\/2022\/08\/logo-1.png","width":461,"height":159,"caption":"CELTTV"},"image":{"@id":"https:\/\/www.celttv.com.ar\/#\/schema\/logo\/image\/"}},{"@type":"Person","@id":"https:\/\/www.celttv.com.ar\/#\/schema\/person\/6d99c072dba59953809c81446e9d0ace","name":"ulises","image":{"@type":"ImageObject","inLanguage":"es","@id":"https:\/\/www.celttv.com.ar\/#\/schema\/person\/image\/","url":"https:\/\/secure.gravatar.com\/avatar\/7f2c48bdc33b30088f941fb6082e555f2874c98e20cb159d7b92b50eadfce793?s=96&d=mm&r=g","contentUrl":"https:\/\/secure.gravatar.com\/avatar\/7f2c48bdc33b30088f941fb6082e555f2874c98e20cb159d7b92b50eadfce793?s=96&d=mm&r=g","caption":"ulises"},"sameAs":["http:\/\/www.celttv.com.ar"]}]}},"_links":{"self":[{"href":"https:\/\/www.celttv.com.ar\/index.php\/wp-json\/wp\/v2\/posts\/60395","targetHints":{"allow":["GET"]}}],"collection":[{"href":"https:\/\/www.celttv.com.ar\/index.php\/wp-json\/wp\/v2\/posts"}],"about":[{"href":"https:\/\/www.celttv.com.ar\/index.php\/wp-json\/wp\/v2\/types\/post"}],"author":[{"embeddable":true,"href":"https:\/\/www.celttv.com.ar\/index.php\/wp-json\/wp\/v2\/users\/1"}],"replies":[{"embeddable":true,"href":"https:\/\/www.celttv.com.ar\/index.php\/wp-json\/wp\/v2\/comments?post=60395"}],"version-history":[{"count":0,"href":"https:\/\/www.celttv.com.ar\/index.php\/wp-json\/wp\/v2\/posts\/60395\/revisions"}],"wp:featuredmedia":[{"embeddable":true,"href":"https:\/\/www.celttv.com.ar\/index.php\/wp-json\/wp\/v2\/media\/60397"}],"wp:attachment":[{"href":"https:\/\/www.celttv.com.ar\/index.php\/wp-json\/wp\/v2\/media?parent=60395"}],"wp:term":[{"taxonomy":"category","embeddable":true,"href":"https:\/\/www.celttv.com.ar\/index.php\/wp-json\/wp\/v2\/categories?post=60395"},{"taxonomy":"post_tag","embeddable":true,"href":"https:\/\/www.celttv.com.ar\/index.php\/wp-json\/wp\/v2\/tags?post=60395"}],"curies":[{"name":"wp","href":"https:\/\/api.w.org\/{rel}","templated":true}]}}