{"id":60407,"date":"2021-09-22T23:30:54","date_gmt":"2021-09-22T23:30:54","guid":{"rendered":"http:\/\/www.celttv.com.ar\/?p=60407"},"modified":"2021-09-22T23:30:54","modified_gmt":"2021-09-22T23:30:54","slug":"con-poco-le-alcanzo","status":"publish","type":"post","link":"https:\/\/www.celttv.com.ar\/index.php\/2021\/09\/22\/con-poco-le-alcanzo\/","title":{"rendered":"CON POCO LE ALCANZ\u00d3"},"content":{"rendered":"\n<p>Uni\u00f3n a\u00fan sin jugar bien, fue un poco m\u00e1s que Deportivo Argentino al que le gan\u00f3 por 2 a 0. Ezequiel Schmidt de penal y Agust\u00edn Lezcano marcaron los goles.<\/p>\n\n\n\n<p>Sin demasiado volumen de juego, el equipo de G\u00f3mez Pe\u00f1a tuvo las situaciones m\u00e1s claras, fue m\u00e1s efectivo frente a los arcos y con eso, le alcanz\u00f3 para quedarse con la victoria.<\/p>\n\n\n\n<p>Si bien desde temprano la situaci\u00f3n pudo haber cambiado en contra del verde (un patad\u00f3n de Kent que si lo expulsaba nadie iba a protestar, pero para Sandoval no fue ni amarilla), con el correr de los minutos empez\u00f3 a acomodarse de tal manera que el \u201cDepor\u201d no lleg\u00f3 con peligro al arco de Stefanof.<\/p>\n\n\n\n<p>A los 24\u2019 lleg\u00f3 la apertura del marcador. Despu\u00e9s de un tiro de esquina, el \u00e1rbitro ve una mano de Garc\u00eda y cobra penal. <strong>Ezequiel Schmidt<\/strong> se encarg\u00f3 de poner el 1 a 0.<\/p>\n\n\n\n<p>El verde con Lezcano pudo aumentar, pero en una le peg\u00f3 apenas desviado y en la otra el arquero Guill\u00edn tap\u00f3 el remate.<\/p>\n\n\n\n<p>A todo esto lo que si se iba incrementando con el correr del tiempo era la lluvia en Tornquist.<\/p>\n\n\n\n<p>En el segundo tiempo y con el campo de juego mucho m\u00e1s embarrado y la lluvia cada vez m\u00e1s fuerte, el elenco de Montenegro tuvo una muy clara para igualar con un gran disparo desde lejos de Mat\u00edas Palma que dio en el travesa\u00f1o.<\/p>\n\n\n\n<p>Fue la m\u00e1s clara de la visita y una de las pocas junto al segundo gol del segundo tiempo.<\/p>\n\n\n\n<p>A los 4 minutos, Mat\u00edas Fritz con una definici\u00f3n de crack (taco despu\u00e9s de un centro atr\u00e1s) pudo aumentar cifras pero el arquero se qued\u00f3 con el duelo.<\/p>\n\n\n\n<p>A los 10\u2019, un tackle alto de Barrag\u00e1n sobre Lezcano cuando se iba solo, que para el \u00e1rbitro fue amarilla (para nosotros de buena decisi\u00f3n, pero si lo expulsaba tampoco nadie iba a protestar).<\/p>\n\n\n\n<p>Iban 25\u2019 cuando Uni\u00f3n lo liquid\u00f3. <strong>Agust\u00edn Lezcano<\/strong> despu\u00e9s de la habilitaci\u00f3n de Ezequiel Schmidt, defini\u00f3 por entre las piernas de Guill\u00edn y puso el 2 a 0.<\/p>\n\n\n\n<p>Si bien el resultado estaba abierto porque quedaba tiempo, el elenco pig\u00fcense careci\u00f3 de ideas para llegar al arco de Stefanof.<\/p>\n\n\n\n<p>As\u00ed fueron pasando los minutos en una tarde gris y lluviosa hasta que Sandoval pit\u00f3 el final. Uni\u00f3n se recuper\u00f3 de la derrota en el cl\u00e1sico y el \u201cDepor\u201d podr\u00e1 hacer lo mismo en el cl\u00e1sico frente a Uni\u00f3n de Pig\u00fc\u00e9.<\/p>\n\n\n\n<p><em>Gustavo Bacci \u2013 Solo F\u00fatbol<\/em><\/p>\n\n\n\n<p><strong>Union:<\/strong> Juan Manuel Stefanof; Federico Franco, Mauricio Kent, Alan Betancor, Laureano Flores; Lucas Macha\u00edn, Lucas Sotelo, Ezequiel Dindart, Agust\u00edn Lezcano; Ezequiel Schmidt, Mat\u00edas Fritz. DT: Federico G\u00f3mez Pe\u00f1a.<\/p>\n\n\n\n<p>Cambios: ST: 30\u2019 Juan Jos\u00e9 Heiland por Fritz, Benjam\u00edn Dufaur por Sotelo, 38\u2019 Hern\u00e1n Delgado por Franco.<\/p>\n\n\n\n<p>Supl: Benjam\u00edn Aldaz, Adrian Grassi, Paulo Bauer, Sebasti\u00e1n Callava.<\/p>\n\n\n\n<p><strong>Dep. Argentino:<\/strong> Francisco Guill\u00edn; Carlos S\u00e1nchez, Ariel Patthauer, Nerio Verdini, Ezequiel Palma; Axel Rivera, Mat\u00edas Barrag\u00e1n, Alejandro Garc\u00eda, Thiago Bellendier; Sebasti\u00e1n Balvidares, Mat\u00edas Palma. DT: Javier Montenegro.<\/p>\n\n\n\n<p>Cambios: ST: 14\u2019 Marcelo Diel por Barrag\u00e1n, Mat\u00edas Caldera por Garc\u00eda, 28\u2019 Patricio Kent por Bellendier.<\/p>\n\n\n\n<p>Supl: Evans Flores, Gabriel Arguello, Facundo Prost, Gonzalo Castelli.<\/p>\n\n\n\n<p>Goles: PT: 24\u2019 Ezequiel Schmidt de penal (U). ST: 25\u2019 Agust\u00edn Lezcano (U).<\/p>\n\n\n\n<p>Terna Arbitral (5):&nbsp; \u00c1rbitro: David Sandoval<\/p>\n\n\n\n<p>&nbsp;&nbsp;&nbsp;&nbsp;&nbsp;&nbsp;&nbsp;&nbsp;&nbsp;&nbsp;&nbsp;&nbsp;&nbsp;&nbsp;&nbsp;&nbsp;&nbsp;&nbsp;&nbsp;&nbsp;&nbsp;&nbsp;&nbsp;&nbsp;&nbsp;&nbsp;&nbsp;&nbsp;&nbsp;&nbsp;&nbsp;&nbsp; Asistente 1: Manuel Mu\u00f1oz<\/p>\n\n\n\n<p>&nbsp;&nbsp;&nbsp;&nbsp;&nbsp;&nbsp;&nbsp;&nbsp;&nbsp;&nbsp;&nbsp;&nbsp;&nbsp;&nbsp;&nbsp;&nbsp;&nbsp;&nbsp;&nbsp;&nbsp;&nbsp;&nbsp;&nbsp;&nbsp;&nbsp;&nbsp;&nbsp;&nbsp;&nbsp;&nbsp;&nbsp;&nbsp; Asistente 2: Guillermo Pedernera<\/p>\n\n\n\n<p>Cancha: Estadio Juan Jos\u00e9 Bolletta<\/p>\n\n\n\n<p>Reserva: Uni\u00f3n 2 \u2013 Dep. Argentino 0<\/p>\n\n\n\n<p><a href=\"https:\/\/www.facebook.com\/media\/set\/?vanity=solofutbolcanal2&amp;set=a.1735491936659989\" target=\"_blank\" rel=\"noreferrer noopener\">\u00c1lbum de Fotos: Solo F\u00fatbol<\/a><\/p>\n\n\n\n<figure class=\"wp-block-image size-large\"><img loading=\"lazy\" decoding=\"async\" width=\"960\" height=\"600\" src=\"http:\/\/www.celttv.com.ar\/wp-content\/uploads\/2021\/09\/DSC_0876.jpg\" alt=\"\" class=\"wp-image-60408\" srcset=\"https:\/\/www.celttv.com.ar\/wp-content\/uploads\/2021\/09\/DSC_0876.jpg 960w, https:\/\/www.celttv.com.ar\/wp-content\/uploads\/2021\/09\/DSC_0876-300x188.jpg 300w, https:\/\/www.celttv.com.ar\/wp-content\/uploads\/2021\/09\/DSC_0876-768x480.jpg 768w, https:\/\/www.celttv.com.ar\/wp-content\/uploads\/2021\/09\/DSC_0876-750x469.jpg 750w\" sizes=\"auto, (max-width: 960px) 100vw, 960px\" \/><\/figure>\n\n\n\n<figure class=\"wp-block-image size-large\"><img loading=\"lazy\" decoding=\"async\" width=\"960\" height=\"600\" src=\"http:\/\/www.celttv.com.ar\/wp-content\/uploads\/2021\/09\/DSC_0885.jpg\" alt=\"\" class=\"wp-image-60409\" srcset=\"https:\/\/www.celttv.com.ar\/wp-content\/uploads\/2021\/09\/DSC_0885.jpg 960w, https:\/\/www.celttv.com.ar\/wp-content\/uploads\/2021\/09\/DSC_0885-300x188.jpg 300w, https:\/\/www.celttv.com.ar\/wp-content\/uploads\/2021\/09\/DSC_0885-768x480.jpg 768w, https:\/\/www.celttv.com.ar\/wp-content\/uploads\/2021\/09\/DSC_0885-750x469.jpg 750w\" sizes=\"auto, (max-width: 960px) 100vw, 960px\" \/><\/figure>\n","protected":false},"excerpt":{"rendered":"<p>Uni\u00f3n a\u00fan sin jugar bien, fue un poco m\u00e1s que Deportivo Argentino al que le gan\u00f3 por 2 a 0. Ezequiel Schmidt de penal y Agust\u00edn Lezcano marcaron los goles. Sin demasiado volumen de juego, el equipo de G\u00f3mez Pe\u00f1a tuvo las situaciones m\u00e1s claras, fue m\u00e1s efectivo frente a los arcos y con eso, [&hellip;]<\/p>\n","protected":false},"author":1,"featured_media":60408,"comment_status":"closed","ping_status":"open","sticky":false,"template":"","format":"standard","meta":{"footnotes":""},"categories":[60,76],"tags":[],"class_list":["post-60407","post","type-post","status-publish","format-standard","has-post-thumbnail","hentry","category-deporte","category-solo-futbol"],"yoast_head":"<!-- This site is optimized with the Yoast SEO plugin v19.7.1 - https:\/\/yoast.com\/wordpress\/plugins\/seo\/ -->\n<title>CON POCO LE ALCANZ\u00d3 - CELTTV<\/title>\n<meta name=\"description\" content=\"Sitio web de noticias de la localidad de Tornquist, provincia de Buenos Aires, Rep\u00fablica Argentina. Contenido propio originado por periodistas de CELTTV, el canal de TV local de la Cooperativa El\u00e9ctrica de Tornquist. Turismo, Pol\u00edtica, Sociedad, Deporte, Cultura y todo el contenido de inter\u00e9s general que la gente del pueblo y la regi\u00f3n debe conocer.\" \/>\n<meta name=\"robots\" content=\"index, follow, max-snippet:-1, max-image-preview:large, max-video-preview:-1\" \/>\n<link rel=\"canonical\" href=\"https:\/\/www.celttv.com.ar\/index.php\/2021\/09\/22\/con-poco-le-alcanzo\/\" \/>\n<meta property=\"og:locale\" content=\"es_ES\" \/>\n<meta property=\"og:type\" content=\"article\" \/>\n<meta property=\"og:title\" content=\"CON POCO LE ALCANZ\u00d3 - CELTTV\" \/>\n<meta property=\"og:description\" content=\"Sitio web de noticias de la localidad de Tornquist, provincia de Buenos Aires, Rep\u00fablica Argentina. Contenido propio originado por periodistas de CELTTV, el canal de TV local de la Cooperativa El\u00e9ctrica de Tornquist. Turismo, Pol\u00edtica, Sociedad, Deporte, Cultura y todo el contenido de inter\u00e9s general que la gente del pueblo y la regi\u00f3n debe conocer.\" \/>\n<meta property=\"og:url\" content=\"https:\/\/www.celttv.com.ar\/index.php\/2021\/09\/22\/con-poco-le-alcanzo\/\" \/>\n<meta property=\"og:site_name\" content=\"CELTTV\" \/>\n<meta property=\"article:publisher\" content=\"https:\/\/www.facebook.com\/celtTV\/\" \/>\n<meta property=\"article:published_time\" content=\"2021-09-22T23:30:54+00:00\" \/>\n<meta property=\"og:image\" content=\"https:\/\/www.celttv.com.ar\/wp-content\/uploads\/2021\/09\/DSC_0876.jpg\" \/>\n\t<meta property=\"og:image:width\" content=\"960\" \/>\n\t<meta property=\"og:image:height\" content=\"600\" \/>\n\t<meta property=\"og:image:type\" content=\"image\/jpeg\" \/>\n<meta name=\"author\" content=\"ulises\" \/>\n<meta name=\"twitter:card\" content=\"summary_large_image\" \/>\n<meta name=\"twitter:label1\" content=\"Escrito por\" \/>\n\t<meta name=\"twitter:data1\" content=\"ulises\" \/>\n\t<meta name=\"twitter:label2\" content=\"Tiempo de lectura\" \/>\n\t<meta name=\"twitter:data2\" content=\"3 minutos\" \/>\n<script type=\"application\/ld+json\" class=\"yoast-schema-graph\">{\"@context\":\"https:\/\/schema.org\",\"@graph\":[{\"@type\":\"NewsArticle\",\"@id\":\"https:\/\/www.celttv.com.ar\/index.php\/2021\/09\/22\/con-poco-le-alcanzo\/#article\",\"isPartOf\":{\"@id\":\"https:\/\/www.celttv.com.ar\/index.php\/2021\/09\/22\/con-poco-le-alcanzo\/\"},\"author\":{\"name\":\"ulises\",\"@id\":\"https:\/\/www.celttv.com.ar\/#\/schema\/person\/6d99c072dba59953809c81446e9d0ace\"},\"headline\":\"CON POCO LE ALCANZ\u00d3\",\"datePublished\":\"2021-09-22T23:30:54+00:00\",\"dateModified\":\"2021-09-22T23:30:54+00:00\",\"mainEntityOfPage\":{\"@id\":\"https:\/\/www.celttv.com.ar\/index.php\/2021\/09\/22\/con-poco-le-alcanzo\/\"},\"wordCount\":667,\"publisher\":{\"@id\":\"https:\/\/www.celttv.com.ar\/#organization\"},\"articleSection\":[\"Deporte\",\"Solo Futbol\"],\"inLanguage\":\"es\"},{\"@type\":\"WebPage\",\"@id\":\"https:\/\/www.celttv.com.ar\/index.php\/2021\/09\/22\/con-poco-le-alcanzo\/\",\"url\":\"https:\/\/www.celttv.com.ar\/index.php\/2021\/09\/22\/con-poco-le-alcanzo\/\",\"name\":\"CON POCO LE ALCANZ\u00d3 - CELTTV\",\"isPartOf\":{\"@id\":\"https:\/\/www.celttv.com.ar\/#website\"},\"datePublished\":\"2021-09-22T23:30:54+00:00\",\"dateModified\":\"2021-09-22T23:30:54+00:00\",\"description\":\"Sitio web de noticias de la localidad de Tornquist, provincia de Buenos Aires, Rep\u00fablica Argentina. Contenido propio originado por periodistas de CELTTV, el canal de TV local de la Cooperativa El\u00e9ctrica de Tornquist. Turismo, Pol\u00edtica, Sociedad, Deporte, Cultura y todo el contenido de inter\u00e9s general que la gente del pueblo y la regi\u00f3n debe conocer.\",\"breadcrumb\":{\"@id\":\"https:\/\/www.celttv.com.ar\/index.php\/2021\/09\/22\/con-poco-le-alcanzo\/#breadcrumb\"},\"inLanguage\":\"es\",\"potentialAction\":[{\"@type\":\"ReadAction\",\"target\":[\"https:\/\/www.celttv.com.ar\/index.php\/2021\/09\/22\/con-poco-le-alcanzo\/\"]}]},{\"@type\":\"BreadcrumbList\",\"@id\":\"https:\/\/www.celttv.com.ar\/index.php\/2021\/09\/22\/con-poco-le-alcanzo\/#breadcrumb\",\"itemListElement\":[{\"@type\":\"ListItem\",\"position\":1,\"name\":\"Inicio\",\"item\":\"https:\/\/www.celttv.com.ar\/\"},{\"@type\":\"ListItem\",\"position\":2,\"name\":\"CON POCO LE ALCANZ\u00d3\"}]},{\"@type\":\"WebSite\",\"@id\":\"https:\/\/www.celttv.com.ar\/#website\",\"url\":\"https:\/\/www.celttv.com.ar\/\",\"name\":\"CELTTV\",\"description\":\"Cooperativa El\u00e9ctrica de Tornquist\",\"publisher\":{\"@id\":\"https:\/\/www.celttv.com.ar\/#organization\"},\"potentialAction\":[{\"@type\":\"SearchAction\",\"target\":{\"@type\":\"EntryPoint\",\"urlTemplate\":\"https:\/\/www.celttv.com.ar\/?s={search_term_string}\"},\"query-input\":\"required name=search_term_string\"}],\"inLanguage\":\"es\"},{\"@type\":\"Organization\",\"@id\":\"https:\/\/www.celttv.com.ar\/#organization\",\"name\":\"CELTTV\",\"url\":\"https:\/\/www.celttv.com.ar\/\",\"sameAs\":[\"https:\/\/www.youtube.com\/channel\/UCz_oIt8Hig64Ub-EmcNPIhg\",\"https:\/\/www.facebook.com\/celtTV\/\"],\"logo\":{\"@type\":\"ImageObject\",\"inLanguage\":\"es\",\"@id\":\"https:\/\/www.celttv.com.ar\/#\/schema\/logo\/image\/\",\"url\":\"http:\/\/www.celttv.com.ar\/wp-content\/uploads\/2022\/08\/logo-1.png\",\"contentUrl\":\"http:\/\/www.celttv.com.ar\/wp-content\/uploads\/2022\/08\/logo-1.png\",\"width\":461,\"height\":159,\"caption\":\"CELTTV\"},\"image\":{\"@id\":\"https:\/\/www.celttv.com.ar\/#\/schema\/logo\/image\/\"}},{\"@type\":\"Person\",\"@id\":\"https:\/\/www.celttv.com.ar\/#\/schema\/person\/6d99c072dba59953809c81446e9d0ace\",\"name\":\"ulises\",\"image\":{\"@type\":\"ImageObject\",\"inLanguage\":\"es\",\"@id\":\"https:\/\/www.celttv.com.ar\/#\/schema\/person\/image\/\",\"url\":\"https:\/\/secure.gravatar.com\/avatar\/7f2c48bdc33b30088f941fb6082e555f2874c98e20cb159d7b92b50eadfce793?s=96&d=mm&r=g\",\"contentUrl\":\"https:\/\/secure.gravatar.com\/avatar\/7f2c48bdc33b30088f941fb6082e555f2874c98e20cb159d7b92b50eadfce793?s=96&d=mm&r=g\",\"caption\":\"ulises\"},\"sameAs\":[\"http:\/\/www.celttv.com.ar\"]}]}<\/script>\n<!-- \/ Yoast SEO plugin. -->","yoast_head_json":{"title":"CON POCO LE ALCANZ\u00d3 - CELTTV","description":"Sitio web de noticias de la localidad de Tornquist, provincia de Buenos Aires, Rep\u00fablica Argentina. Contenido propio originado por periodistas de CELTTV, el canal de TV local de la Cooperativa El\u00e9ctrica de Tornquist. Turismo, Pol\u00edtica, Sociedad, Deporte, Cultura y todo el contenido de inter\u00e9s general que la gente del pueblo y la regi\u00f3n debe conocer.","robots":{"index":"index","follow":"follow","max-snippet":"max-snippet:-1","max-image-preview":"max-image-preview:large","max-video-preview":"max-video-preview:-1"},"canonical":"https:\/\/www.celttv.com.ar\/index.php\/2021\/09\/22\/con-poco-le-alcanzo\/","og_locale":"es_ES","og_type":"article","og_title":"CON POCO LE ALCANZ\u00d3 - CELTTV","og_description":"Sitio web de noticias de la localidad de Tornquist, provincia de Buenos Aires, Rep\u00fablica Argentina. Contenido propio originado por periodistas de CELTTV, el canal de TV local de la Cooperativa El\u00e9ctrica de Tornquist. Turismo, Pol\u00edtica, Sociedad, Deporte, Cultura y todo el contenido de inter\u00e9s general que la gente del pueblo y la regi\u00f3n debe conocer.","og_url":"https:\/\/www.celttv.com.ar\/index.php\/2021\/09\/22\/con-poco-le-alcanzo\/","og_site_name":"CELTTV","article_publisher":"https:\/\/www.facebook.com\/celtTV\/","article_published_time":"2021-09-22T23:30:54+00:00","og_image":[{"width":960,"height":600,"url":"https:\/\/www.celttv.com.ar\/wp-content\/uploads\/2021\/09\/DSC_0876.jpg","type":"image\/jpeg"}],"author":"ulises","twitter_card":"summary_large_image","twitter_misc":{"Escrito por":"ulises","Tiempo de lectura":"3 minutos"},"schema":{"@context":"https:\/\/schema.org","@graph":[{"@type":"NewsArticle","@id":"https:\/\/www.celttv.com.ar\/index.php\/2021\/09\/22\/con-poco-le-alcanzo\/#article","isPartOf":{"@id":"https:\/\/www.celttv.com.ar\/index.php\/2021\/09\/22\/con-poco-le-alcanzo\/"},"author":{"name":"ulises","@id":"https:\/\/www.celttv.com.ar\/#\/schema\/person\/6d99c072dba59953809c81446e9d0ace"},"headline":"CON POCO LE ALCANZ\u00d3","datePublished":"2021-09-22T23:30:54+00:00","dateModified":"2021-09-22T23:30:54+00:00","mainEntityOfPage":{"@id":"https:\/\/www.celttv.com.ar\/index.php\/2021\/09\/22\/con-poco-le-alcanzo\/"},"wordCount":667,"publisher":{"@id":"https:\/\/www.celttv.com.ar\/#organization"},"articleSection":["Deporte","Solo Futbol"],"inLanguage":"es"},{"@type":"WebPage","@id":"https:\/\/www.celttv.com.ar\/index.php\/2021\/09\/22\/con-poco-le-alcanzo\/","url":"https:\/\/www.celttv.com.ar\/index.php\/2021\/09\/22\/con-poco-le-alcanzo\/","name":"CON POCO LE ALCANZ\u00d3 - CELTTV","isPartOf":{"@id":"https:\/\/www.celttv.com.ar\/#website"},"datePublished":"2021-09-22T23:30:54+00:00","dateModified":"2021-09-22T23:30:54+00:00","description":"Sitio web de noticias de la localidad de Tornquist, provincia de Buenos Aires, Rep\u00fablica Argentina. Contenido propio originado por periodistas de CELTTV, el canal de TV local de la Cooperativa El\u00e9ctrica de Tornquist. Turismo, Pol\u00edtica, Sociedad, Deporte, Cultura y todo el contenido de inter\u00e9s general que la gente del pueblo y la regi\u00f3n debe conocer.","breadcrumb":{"@id":"https:\/\/www.celttv.com.ar\/index.php\/2021\/09\/22\/con-poco-le-alcanzo\/#breadcrumb"},"inLanguage":"es","potentialAction":[{"@type":"ReadAction","target":["https:\/\/www.celttv.com.ar\/index.php\/2021\/09\/22\/con-poco-le-alcanzo\/"]}]},{"@type":"BreadcrumbList","@id":"https:\/\/www.celttv.com.ar\/index.php\/2021\/09\/22\/con-poco-le-alcanzo\/#breadcrumb","itemListElement":[{"@type":"ListItem","position":1,"name":"Inicio","item":"https:\/\/www.celttv.com.ar\/"},{"@type":"ListItem","position":2,"name":"CON POCO LE ALCANZ\u00d3"}]},{"@type":"WebSite","@id":"https:\/\/www.celttv.com.ar\/#website","url":"https:\/\/www.celttv.com.ar\/","name":"CELTTV","description":"Cooperativa El\u00e9ctrica de Tornquist","publisher":{"@id":"https:\/\/www.celttv.com.ar\/#organization"},"potentialAction":[{"@type":"SearchAction","target":{"@type":"EntryPoint","urlTemplate":"https:\/\/www.celttv.com.ar\/?s={search_term_string}"},"query-input":"required name=search_term_string"}],"inLanguage":"es"},{"@type":"Organization","@id":"https:\/\/www.celttv.com.ar\/#organization","name":"CELTTV","url":"https:\/\/www.celttv.com.ar\/","sameAs":["https:\/\/www.youtube.com\/channel\/UCz_oIt8Hig64Ub-EmcNPIhg","https:\/\/www.facebook.com\/celtTV\/"],"logo":{"@type":"ImageObject","inLanguage":"es","@id":"https:\/\/www.celttv.com.ar\/#\/schema\/logo\/image\/","url":"http:\/\/www.celttv.com.ar\/wp-content\/uploads\/2022\/08\/logo-1.png","contentUrl":"http:\/\/www.celttv.com.ar\/wp-content\/uploads\/2022\/08\/logo-1.png","width":461,"height":159,"caption":"CELTTV"},"image":{"@id":"https:\/\/www.celttv.com.ar\/#\/schema\/logo\/image\/"}},{"@type":"Person","@id":"https:\/\/www.celttv.com.ar\/#\/schema\/person\/6d99c072dba59953809c81446e9d0ace","name":"ulises","image":{"@type":"ImageObject","inLanguage":"es","@id":"https:\/\/www.celttv.com.ar\/#\/schema\/person\/image\/","url":"https:\/\/secure.gravatar.com\/avatar\/7f2c48bdc33b30088f941fb6082e555f2874c98e20cb159d7b92b50eadfce793?s=96&d=mm&r=g","contentUrl":"https:\/\/secure.gravatar.com\/avatar\/7f2c48bdc33b30088f941fb6082e555f2874c98e20cb159d7b92b50eadfce793?s=96&d=mm&r=g","caption":"ulises"},"sameAs":["http:\/\/www.celttv.com.ar"]}]}},"_links":{"self":[{"href":"https:\/\/www.celttv.com.ar\/index.php\/wp-json\/wp\/v2\/posts\/60407","targetHints":{"allow":["GET"]}}],"collection":[{"href":"https:\/\/www.celttv.com.ar\/index.php\/wp-json\/wp\/v2\/posts"}],"about":[{"href":"https:\/\/www.celttv.com.ar\/index.php\/wp-json\/wp\/v2\/types\/post"}],"author":[{"embeddable":true,"href":"https:\/\/www.celttv.com.ar\/index.php\/wp-json\/wp\/v2\/users\/1"}],"replies":[{"embeddable":true,"href":"https:\/\/www.celttv.com.ar\/index.php\/wp-json\/wp\/v2\/comments?post=60407"}],"version-history":[{"count":0,"href":"https:\/\/www.celttv.com.ar\/index.php\/wp-json\/wp\/v2\/posts\/60407\/revisions"}],"wp:featuredmedia":[{"embeddable":true,"href":"https:\/\/www.celttv.com.ar\/index.php\/wp-json\/wp\/v2\/media\/60408"}],"wp:attachment":[{"href":"https:\/\/www.celttv.com.ar\/index.php\/wp-json\/wp\/v2\/media?parent=60407"}],"wp:term":[{"taxonomy":"category","embeddable":true,"href":"https:\/\/www.celttv.com.ar\/index.php\/wp-json\/wp\/v2\/categories?post=60407"},{"taxonomy":"post_tag","embeddable":true,"href":"https:\/\/www.celttv.com.ar\/index.php\/wp-json\/wp\/v2\/tags?post=60407"}],"curies":[{"name":"wp","href":"https:\/\/api.w.org\/{rel}","templated":true}]}}