{"id":60411,"date":"2021-09-23T16:58:06","date_gmt":"2021-09-23T16:58:06","guid":{"rendered":"http:\/\/www.celttv.com.ar\/?p=60411"},"modified":"2021-09-23T16:58:06","modified_gmt":"2021-09-23T16:58:06","slug":"informe-de-la-ultima-sesion-ordinaria-del-hcd-6","status":"publish","type":"post","link":"https:\/\/www.celttv.com.ar\/index.php\/2021\/09\/23\/informe-de-la-ultima-sesion-ordinaria-del-hcd-6\/","title":{"rendered":"Informe de la \u00faltima sesi\u00f3n ordinaria del HCD"},"content":{"rendered":"\n<p><strong>Comunicaciones Oficiales y Dict\u00e1menes de las Comisiones:<\/strong><\/p>\n\n\n\n<p><strong>Expte. N\u00ba 240\/21:<\/strong> &#8211; D.E. \u2013 Convalida la firma del Convenio de Cooperaci\u00f3n e\/el Ministerio de las Mujeres, Pol\u00edticas de G\u00e9neros y Diversidad Sexual de la Pcia. de Bs. As. y el Municipio de Tornquist.-<\/p>\n\n\n\n<p>Se solicita tratamiento sobre Tablas<strong>.<\/strong><\/p>\n\n\n\n<p>Se aprueba por unanimidad la Ordenanza N\u00ba 3392\/21 por la que se convalida la firma del Convenio de Cooperaci\u00f3n entre el Ministerio de las Mujeres, Pol\u00edticas de G\u00e9neros y Diversidad Sexual de la Provincia de Buenos Aires representado por la Sra. Ministra Estela Elvira DIAZ y la Municipalidad de Tornquist representada por su Intendente Municipal Sr. Sergio Fabi\u00e1n BORDONI.- El presente Convenio tiene como objeto el desarrollo de acciones coordinadas institucionalmente entre el Ministerio y el Municipio, a fin de brindar en el \u00e1mbito local una respuesta eficaz frente a las problem\u00e1ticas de violencia por razones de g\u00e9nero, que comprenden el asesoramiento, acompa\u00f1amiento, soluci\u00f3n de emergencias, ayudas econ\u00f3micas y seguimiento de las situaciones que se detecten o denuncien; para vehiculizar la prevenci\u00f3n y protecci\u00f3n como primera red de contenci\u00f3n ante la contingencia. El Ministerio contribuir\u00e1 mediante la creaci\u00f3n del Fondo Rotatorio denominado FONDO ESPECIAL DE EMERGENCIA EN VIOLENCIAS POR RAZONES DE GENERO, para dar respuesta a los gastos que demande la atenci\u00f3n de las v\u00edctimas de violencias por razones de g\u00e9nero.-<\/p>\n\n\n\n<p><strong>Expte. N\u00ba 241\/21:<\/strong> -D.E. \u2013 Convalida la firma del Convenio e\/el Ministerio de las Mujeres, Pol\u00edticas de G\u00e9neros y Diversidad Sexual de la Pcia. de Bs. As. \u2013 Programa Comunidades sin violencias Fortalecimiento de la Gesti\u00f3n Municipal contra las Violencias de G\u00e9nero y el Municipio de Tornquist.<\/p>\n\n\n\n<p>Se solicita tratamiento sobre Tablas<strong>.<\/strong><\/p>\n\n\n\n<p>Se aprueba por unanimidad la Ordenanza N\u00ba 3393\/21 por la que se convalida la firma del Convenio entre el Ministerio de las Mujeres, Pol\u00edticas de G\u00e9neros y Diversidad Sexual de la Provincia de Buenos Aires \u2013 Programa \u201cComunidades sin violencias. Fortalecimiento de la gesti\u00f3n municipal contra las violencias de g\u00e9nero\u201d representado por la Sra. Ministra Estela Elvira DIAZ y la Municipalidad de Tornquist representada por su Intendente Municipal Sr. Sergio Fabi\u00e1n BORDONI. El objeto del mencionado Convenio es el desarrollo de acciones coordinadas institucionalmente entre el Ministerio y la Municipalidad, a fin de ejecutar el Programa \u201cComunidades sin violencias. Fortalecimiento de la gesti\u00f3n municipal contra las violencias de g\u00e9nero\u201d. La Resoluci\u00f3n N\u00ba 305\/21 dispone en su art\u00edculo 2\u00ba el otorgamiento de pesos: dos millones cuatrocientos noventa y ocho mil 00\/100 ($ 2.498.000,00) para la implementaci\u00f3n de dicho Programa.-<\/p>\n\n\n\n<p><strong>Expte. N\u00ba 242\/21:<\/strong> &#8211; D.E. \u2013 Convalida la firma del Convenio celebrado e\/el Municipio de Tornquist y la Municipalidad de Villarino \u2013 Prestaciones M\u00e9dicas.<\/p>\n\n\n\n<p>Se solicita tratamiento sobre Tablas<strong>.<\/strong><\/p>\n\n\n\n<p>Se aprueba por unanimidad la Ordenanza con el N\u00ba 3394\/21 por la que se convalida la firma del Convenio celebrado entre la Municipalidad de Tornquist representada por su Intendente Municipal Sr. Sergio Fabi\u00e1n BORDONI y la Municipalidad de Villarino representada por el Intendente Municipal Sr. Carlos Jos\u00e9 Ceferino Bevilacqua. Por este Convenio la Municipalidad de Villarino se compromete a la atenci\u00f3n de pacientes de bajos recursos y\/o que carezcan de Obra Social de acuerdo a las prestaciones citadas en el Anexo I que forma parte integrante del presente Convenio.-<\/p>\n\n\n\n<p><strong>Expte. N\u00ba 7322\/21:<\/strong> &#8211; N.P. \u2013 Ricardo Dorasio: Solicita renovar la eximici\u00f3n de la Tasa por Conservaci\u00f3n, Reparaci\u00f3n y Mejorado de la Red Vial correspondiente a la Reserva Natural Privada Sierras Grandes (Per\u00edodo 2021).<\/p>\n\n\n\n<p>Este Expediente pasa a las Comisiones de PRESUPUESTO Y HACIENDA Y ASUNTOS MUNICIPALES.<\/p>\n\n\n\n<p><strong>Expte. N\u00ba 7326\/21:<\/strong> &#8211; Bloque Acci\u00f3n Por Tornquist \u2013 Proyecto de Ordenanza: Regulaci\u00f3n de Pantallas led en la v\u00eda p\u00fablica.<\/p>\n\n\n\n<p>Este Expediente pasa a las Comisiones de OBRAS P\u00daBLICAS Y ASUNTOS MUNICIPALES.-<\/p>\n\n\n\n<p><strong>Expte. N\u00ba 219\/21:<\/strong> &#8211; N.P.- Socio-Gerente de Bio-Organic Argentina solicita predio de 8 Has. en la Localidad de Saldungaray, para el desarrollo de producci\u00f3n de alimento org\u00e1nico.<\/p>\n\n\n\n<p>Se aprueba por mayor\u00eda (votaci\u00f3n 11 a 1) el dictamen de las Comisiones deINTERPRETACI\u00d3N Y REGLAMENTO (en mayor\u00eda); y PRODUCCI\u00d3N, COMERCIO E INDUSTRIA,que aconseja enviar al Departamento Ejecutivo, solicitando respuesta en detalle al Dictamen aprobado el d\u00eda 31\/08\/21, donde se solicita informaci\u00f3n que no ha sido dada a\u00fan.-<\/p>\n\n\n\n<p><strong>Expte. N\u00ba 227\/21:<\/strong> &#8211; D.E. \u2013 Crease bajo la \u00f3rbita del Departamento Ejecutivo el Plan Transparencia y Gobierno Abierto de la Gesti\u00f3n Municipal.<\/p>\n\n\n\n<p>Seg\u00fan el dictamen de las Comisiones de ASUNTOS MUNICIPALES; e INTERPRETACI\u00d3N Y REGLAMENTO, se aprueba por unanimidad la Ordenanza N\u00ba 3391\/21 por la que se crea bajo la \u00f3rbita del Departamento Ejecutivo el Plan de Transparencia y Gobierno Abierto de la Gesti\u00f3n Municipal.-<\/p>\n\n\n\n<p>A los efectos de la aplicaci\u00f3n de la presente Ordenanza, enti\u00e9ndase por Gobierno Abierto a las pol\u00edticas destinadas a garantizar el acceso masivo, gratuito e irrestricto de la ciudadan\u00eda a los diferentes Actos de Gobierno y Administraci\u00f3n P\u00fablica Municipal, como la generaci\u00f3n de espacios eficientes de debate, intercambio, participaci\u00f3n y colaboraci\u00f3n activa de la ciudadan\u00eda sobre los mismos.-<\/p>\n\n\n\n<p>En el marco de la presente deber\u00e1n seguirse los principios regentes que a continuaci\u00f3n se detallan:<\/p>\n\n\n\n<ul class=\"wp-block-list\"><li>Aumentar la disponibilidad de informaci\u00f3n sobre las actividades gubernamentales municipales, promoviendo un mayor acceso a la informaci\u00f3n y divulgaci\u00f3n sobre las actividades locales en todos los niveles de gobierno.<\/li><li>Realizar acciones concretas, orientadas a recoger y publicar de forma sistem\u00e1tica datos sobre el gasto p\u00fablico y el rendimiento de las actividades y los servicios p\u00fablicos esenciales, como as\u00ed tambi\u00e9n, proporcionar activamente informaci\u00f3n de alto valor, incluidos los datos primarios, de manera oportuna, en formatos que el p\u00fablico pueda encontrar, comprender y utilizar f\u00e1cilmente, y en formatos que faciliten su reutilizaci\u00f3n.<\/li><li>Aplicar est\u00e1ndares abiertos para promover el acceso de la Sociedad Civil a los datos p\u00fablicos, as\u00ed como para facilitar la interoperabilidad de los sistemas de informaci\u00f3n del gobierno.<\/li><li>Toda persona tendr\u00e1 derecho a acceder, recibir, publicar y compartir para cualquier prop\u00f3sito informaci\u00f3n sobre todo \u00f3rgano o dependencia perteneciente al Sector P\u00fablico Municipal en especial cuando se afecte derechos o intereses cuya titularidad corresponda a personas indeterminadas, tales como en materia medio ambiental, valores culturales, hist\u00f3ricos, derechos al consumidor, planeamiento urbano y zonificaci\u00f3n y obras p\u00fablicas. Se deber\u00e1 garantizar el acceso libre y gratuito a la misma sin necesidad de acreditar inter\u00e9s leg\u00edtimo o finalidad concreta.<\/li><li>La apertura de datos tendr\u00e1 como l\u00edmite legal lo establecido por la ley 25.326 de protecci\u00f3n de datos personales (habeas data) tanto para datos del personal municipal como datos de los ciudadanos que interact\u00faen con el gobierno municipal o cualesquiera organizaci\u00f3n que muestre sus datos dentro de alguna de las plataformas de gobierno abierto.<\/li><li>Apoyar la participaci\u00f3n ciudadana. Valorando la intervenci\u00f3n de todas y cada una de las personas, por igual y sin discriminaci\u00f3n, en la toma de decisiones y la formulaci\u00f3n de pol\u00edticas.<\/li><li>Implementar un sistema de participaci\u00f3n ciudadana, a partir de la utilizaci\u00f3n de herramientas que permitan intervenir en el proceso de elaboraci\u00f3n y\/o creaci\u00f3n de normas locales, seg\u00fan est\u00e1ndares que oportunamente se indiquen.<\/li><li>Desarrollar pol\u00edticas, pr\u00e1cticas y mecanismos s\u00f3lidos contra la corrupci\u00f3n, que garanticen la transparencia en la gesti\u00f3n de las finanzas p\u00fablicas municipales y las compras gubernamentales, y que fortalezcan el imperio de la ley.<\/li><li>Promover la utilizaci\u00f3n de las nuevas tecnolog\u00edas en pos de facilitar la participaci\u00f3n vecinal y el acceso a la informaci\u00f3n p\u00fablica.<\/li><li>Crear espacios accesibles y seguros en l\u00ednea, como plataformas para la prestaci\u00f3n de servicios, la participaci\u00f3n del p\u00fablico y el intercambio de informaci\u00f3n e ideas y la publicaci\u00f3n de datos abiertos.<\/li><li>Establecer v\u00ednculos On-Line con plataformas similares de Organismos P\u00fablicos Nacionales y Provinciales, que permitan la interrelaci\u00f3n de la informaci\u00f3n existente y facilite el acceso a datos complementarios.<\/li><li>Implementar un sistema de notificaci\u00f3n electr\u00f3nica como modo v\u00e1lido y eficaz de comunicaci\u00f3n con los ciudadanos.<\/li><\/ul>\n\n\n\n<p><strong>Expte. N\u00ba 7275\/21:<\/strong> &#8211; Bloques Cambiemos Bs. As. y Juntos por el Cambio &#8211; Proyecto de Ordenanza: Deroga Ordenanza N\u00ba 2662\/14 y reglamenta la Comercializaci\u00f3n en la v\u00eda p\u00fablica (Venta Ambulante)<\/p>\n\n\n\n<p>Se aprueba por unanimidad el dictamen de las Comisiones de ASUNTOS MUNICIPALES, e INTERPRETACI\u00d3N Y REGLAMENTOque aconsejan enviar el mismo al Archivo por haberse promulgado la Ordenanza N\u00ba 3375\/21 bajo Decreto N\u00ba 874\/21.-<\/p>\n\n\n\n<p><strong>Expte. N\u00ba 7315\/21:<\/strong> &#8211; Bloques Cambiemos Bs. As. y Juntos por el Cambio \u2013 Proyecto de Ordenanza: Implementaci\u00f3n en el Sector P\u00fablico Municipal de Pol\u00edtica P\u00fablica de Gobierno Abierto.<\/p>\n\n\n\n<p>Se aprueba por unanimidad el dictamen de las Comisiones de ASUNTOS MUNICIPALES e INTERPRETACI\u00d3N Y REGLAMENTO,que aconseja enviar el mismo al Archivo por haber sido vetada la Ordenanza N\u00ba 3376\/21 bajo Decreto N\u00ba 896\/21.-<\/p>\n\n\n\n<p><strong>Expte. N\u00ba 7328\/21:<\/strong> &#8211; &#8211; Bloques Cambiemos Bs. As. y Juntos por el Cambio \u2013 Proyecto de Resoluci\u00f3n: Manifiesta repudio por el accionar del Presidente de la Naci\u00f3n el d\u00eda 14\/07\/20.<\/p>\n\n\n\n<p>Se aprueba por unanimidad el dictamen de la Comisi\u00f3n de ASUNTOS MUNICIPALES,que aconseja enviar el mismo al Archivo.-<\/p>\n\n\n\n<p><strong>Expte. N\u00ba 7334\/21:<\/strong> &#8211; Bloque Frente de Todos y Frente Justicialista Cumplir \u2013 Proyecto de Resoluci\u00f3n: Solicita al D.E. embellecimiento de espacios p\u00fablicos en referencia avances con respecto a la diversidad sexual.-<\/p>\n\n\n\n<p>De acuerdo al dictamen de las Comisiones de OBRAS P\u00daBLICAS Y ASUNTOS MUNICIPALES se aprueba por unanimidad la Resoluci\u00f3n N\u00ba 32\/21 por la que se solicita al Departamento Ejecutivo Municipalpoder embellecer y dotar de valores igualitarios a los diversos espacios p\u00fablicos de nuestra ciudad y a su vez generar una imagen inclusiva de dicha localidad a todos aquellos que vivan, la visiten o decidieran vivir aqu\u00ed.- Solicita al Intendente Sergio Bordoni la intervenci\u00f3n de las sendas peatonales que conectan la Plaza Ernesto Tornquist con el centro de la ciudad. Estas sendas llevaran los colores de la bandera arco\u00edris.- Se establece programar diversas actividades con tem\u00e1tica referente al tema; charlas dictadas por profesionales en la materia, muestra fotogr\u00e1fica\/art\u00edstica abierta a toda la comunidad, proyecci\u00f3n de cortos y musicalizaci\u00f3n.-<\/p>\n\n\n\n<p>Por Presidencia se enviar\u00e1 una nota a la Subsecretar\u00eda de Juventudes, Pol\u00edticas de G\u00e9nero y Diversidad Sexual para notificar la sugerencia dictaminada, y aprobada por unanimidad, de coordinar de manera conjunta estas actividades.<\/p>\n\n\n\n<p><strong>Expte. N\u00ba 7335\/21:<\/strong> &#8211; Bloque Cambiemos Bs. As. y Juntos por el Cambio \u2013 Proyecto de Resoluci\u00f3n: Manifiesta preocupaci\u00f3n ante la presentaci\u00f3n de Proyecto de Ley en ref. modificaci\u00f3n de la composici\u00f3n del Consejo Directivo del INTA.<\/p>\n\n\n\n<p>Seg\u00fan el dictamen de las Comisiones deINTERPRETACI\u00d3N y REGLAMENTO, y PRODUCCI\u00d3N, COMERCIO e INDUSTRIA,se aprueba por unanimidad la Resoluci\u00f3n N\u00ba 33\/21 por la que el Honorable Concejo Deliberante de Tornquist, solicita a la Honorable C\u00e1mara de Diputados de la Provincia de Buenos Aires d\u00e9 prioridad al tratamiento del Proyecto de Declaraci\u00f3n que tramita bajo el Expediente Nro. D-3930-21-22 impulsado por el Diputado Provincial, Dr. Emiliano Balb\u00edn, que manifiesta la preocupaci\u00f3n ante la presentaci\u00f3n del Proyecto de Ley 3448-D-2021 que modifica la composici\u00f3n del Consejo Directivo del Instituto Nacional de Tecnolog\u00eda Agropecuaria (INTA), dejando fuera de este a la representaci\u00f3n Acad\u00e9mica, T\u00e9cnica y de la Producci\u00f3n.- Rem\u00edtase copia digital de la presente Resoluci\u00f3n a la Honorable C\u00e1mara de Diputados de la Provincia de Buenos Aires y a la Honorable C\u00e1mara de Senadores de la Provincia de Buenos Aires y al Diputados Provinciales , Dr. Emiliano.<\/p>\n\n\n\n<p>Se remite copia digital de la presente Resoluci\u00f3n a los Honorables Concejos Deliberantes de la Provincia de Buenos Aires.-<\/p>\n\n\n\n<p>Se env\u00eda copia de la presente al Instituto Nacional de Tecnolog\u00eda Agropecuaria, Agencia de Extensi\u00f3n Rural INTA Tornquist, Jefe Federico Sebasti\u00e1n Labarthe, ubicada en la Calle: Ernesto Tornquist N\u00b0 136 Tornquist-Buenos Aires.-<\/p>\n\n\n\n<p>Alocuciones de los Concejales:<\/p>\n\n\n\n<p>Concejal Roc\u00edo V\u00e1zquez:<\/p>\n\n\n\n<p>\u201cEn primera instancia, hoy 20 de septiembre se conmemora el d\u00eda de los Jubilados y Jubiladas en la Argentina, y me parece que como sociedad, y ciudadanos debemos reafirmar el compromiso de trabajar contra las valorizaciones negativas, en relaci\u00f3n a los adultos mayores, y sostener que la edad no es un factor determinante, que justifique la p\u00e9rdida de capacidad y potencialidades, as\u00ed que un muy feliz d\u00eda a todos los jubilados y jubiladas del pa\u00eds y especialmente del Distrito de Tornquist. Y en segunda instancia en el mes de septiembre, podr\u00edamos decir que es el mes de la educaci\u00f3n. Tenemos el d\u00eda de los Auxiliares de Educaci\u00f3n, el d\u00eda del Maestro, el d\u00eda de los Profesores, el d\u00eda de las Bibliotecarias, de los Preceptores, Psicopedagogos, y ma\u00f1ana 21 de septiembre adem\u00e1s de ser el d\u00eda del inicio de la primavera tenemos el d\u00eda del Estudiante as\u00ed que queremos saludar desde nuestro Bloque a todos los estudiantes del Distrito, y la verdad, felicitar a cada uno de ellos porque en pandemia supieron sortear los obst\u00e1culos y bueno, que ma\u00f1ana tengan todos ellos un muy feliz d\u00eda, Nada m\u00e1s se\u00f1or Presidente\u201d.<\/p>\n\n\n\n<p>Concejal Elisabet Nori:<\/p>\n\n\n\n<p>\u201cYo me voy a sumar a los saludos que acaba de mandar la Concejal V\u00e1zquez, para todos aquellos, quienes integran la comunidad educativa en general. Y tambi\u00e9n, quiero hacer un agradecimiento muy especial para todos aquellos ciudadanos que han estado fiscalizando en las elecciones pasadas, tanto sea como fiscales de mesa, como fiscales generales y todos aquellos que han estado colaborando en los c\u00f3mputos, en los locales partidarios, y todos los que estuvieron realizando alg\u00fan tipo de actividad el d\u00eda de las elecciones en pos de que todo se desarrolle con normalidad y con regularidad. A todos ellos much\u00edsimas gracias, y tambi\u00e9n quer\u00eda hacer una breve referencia a estos episodios que han estado sucediendo en los \u00faltimos d\u00edas y quer\u00eda dejar en claro para todos los estamentos, sea en orden nacional, provincial y municipal, que las autoridades gubernamentales siempre tengan en claro que la b\u00fasqueda es la del bien com\u00fan, y que debe primar para eso la templanza, el di\u00e1logo, y que tenemos que tener siempre presente que el poder es servicio. Nada m\u00e1s se\u00f1or Presidente\u201d.<\/p>\n\n\n\n<p>El Vicepresidente 1\u00ba del H.C.D. a cargo de la Presidencia, Concejal Cristian Raising, solicita a la Vicepresidenta 2\u00ba Concejal Laura Rosatelli, se haga cargo de la Presidencia para hacer uso de la palabra.<\/p>\n\n\n\n<p>Concejal Cristian Raising:<\/p>\n\n\n\n<p>\u201cBueno, en primer lugar es la primer Sesi\u00f3n Ordinaria que tenemos despu\u00e9s de las elecciones, y no quer\u00eda dejar pasar la oportunidad, bueno, de felicitar a todos los ciudadanos del Distrito y a las personas que se postularon en esta elecci\u00f3n, porque fue una jornada en paz, y la verdad que es de destacar. Hab\u00eda mucha incertidumbre, y bueno, es de destacar toda la gente que se arrim\u00f3 con su voto a votar. Agradezco tambi\u00e9n a este Concejo Deliberante no haberse inmiscuido en la campa\u00f1a, la verdad que es de destacar, los que venimos ya cumpliendo el mandato hemos visto que en otras circunstancias las campa\u00f1as pol\u00edticas se han metido adentro del Concejo Deliberante y no est\u00e1 bueno, ac\u00e1 prim\u00f3 la cordura, el di\u00e1logo, y el respeto que siempre destacamos. No as\u00ed, no puedo decir lo mismo de los candidatos que fueron en estas elecciones. En primer lugar quiero aclarar, el otro d\u00eda estaba viendo un programa de ac\u00e1 de Tornquist, la candidata del Frente de Todos haciendo uso del macartismo pol\u00edtico, por as\u00ed decirlo, culp\u00e1ndonos a los que somos de Juntos por el Cambio sobre una Tasa diferencial del Servicio de Salud, diciendo que la hab\u00edamos votado por mayor\u00eda, le quiero aclarar que eso no fue as\u00ed, fue votado por unanimidad, ac\u00e1 tengo el dictamen, que dice: \u201cTornquist, 28 de diciembre del 2020. Los Concejales y Mayores Contribuyentes abajo firmantes, reunidos en Asamblea de Concejales y Mayores Contribuyentes del d\u00eda de la fecha, y habiendo analizado el Expediente N\u00ba 206\/20 aconsejan aprobar el Proyecto de Ordenanza Preparatoria N\u00ba 3287\/20 obrante de foja 95 a 168. Dado en la Sala de Sesiones del Honorable Concejo Deliberante de Tornquist, a los 28 d\u00edas del mes de diciembre del a\u00f1o dos mil veinte\u201d. Est\u00e1 firmado por unanimidad por todos los Mayores Contribuyentes y por todos los Concejales. Eso en primer lugar, en segundo lugar, escuch\u00e9 decir que como no ten\u00edan la mayor\u00eda, muchos de los proyectos se les trabaron, yo quiero que los Concejales del Frente de Todos y de Cumplir, si fue as\u00ed realmente lo digan, yo desde que tengo uso de raz\u00f3n no hemos trabado ning\u00fan proyecto que sea bueno para el Distrito, yo entiendo que estamos en campa\u00f1a, pero no nos habilita a decir cualquier cosa. Y en segundo lugar, quer\u00eda referirme tambi\u00e9n a otro bochornoso accionar de parte del candidato a Concejal de Acci\u00f3n por Tornquist, mand\u00e1ndonos a trabajar, diciendo que no trabaj\u00e1bamos, y que ni siquiera hab\u00edamos tratado los proyectos. Hoy lleg\u00f3 la respuestas del Tribunal de Cuentas sobre el Expediente en cuesti\u00f3n, que nos achacaba que no trabaj\u00e1bamos, que ni siquiera lo hab\u00edamos tratado, en el que b\u00e1sicamente nos dice, no se si todos tuvieron oportunidad de leerlo, que excede nuestras facultad, que no necesita autorizaci\u00f3n del Concejo Deliberante, y nada, los invitar\u00eda, o que lean bien la Ley Org\u00e1nica de las municipalidades, cu\u00e1les son sus facultades, y cu\u00e1les no, o que m\u00ednimamente guarden respeto. Aprovecho tambi\u00e9n la oportunidad que est\u00e1n todos los Bloques representados, para que a trav\u00e9s de ellos cesen en esta actitud de decir cosas que no son, se dijo tambi\u00e9n que culpa de los Concejales en Saldungaray se hab\u00eda perdido la oportunidad de trabajo, lo cual es mentira, culpa nuestra no, est\u00e1 muy claro el dictamen que no respondieron absolutamente nada, entonces nuevamente insto a los Concejales que hoy tienen representaci\u00f3n pol\u00edtica, a que cesen en esa actitud, y que sea lo mejor para todos. Nada m\u00e1s se\u00f1ora Presidenta. Solicito volver a la Presidencia\u201d.<\/p>\n\n\n\n<p>HONORABLE CONCEJO DELIBERANTE<\/p>\n\n\n\n<figure class=\"wp-block-image size-large\"><img loading=\"lazy\" decoding=\"async\" width=\"1024\" height=\"768\" src=\"http:\/\/www.celttv.com.ar\/wp-content\/uploads\/2021\/09\/WhatsApp-Image-2021-09-20-at-20.44.01-1-1024x768.jpeg\" alt=\"\" class=\"wp-image-60412\" srcset=\"https:\/\/www.celttv.com.ar\/wp-content\/uploads\/2021\/09\/WhatsApp-Image-2021-09-20-at-20.44.01-1-1024x768.jpeg 1024w, https:\/\/www.celttv.com.ar\/wp-content\/uploads\/2021\/09\/WhatsApp-Image-2021-09-20-at-20.44.01-1-300x225.jpeg 300w, https:\/\/www.celttv.com.ar\/wp-content\/uploads\/2021\/09\/WhatsApp-Image-2021-09-20-at-20.44.01-1-768x576.jpeg 768w, https:\/\/www.celttv.com.ar\/wp-content\/uploads\/2021\/09\/WhatsApp-Image-2021-09-20-at-20.44.01-1-1536x1152.jpeg 1536w, https:\/\/www.celttv.com.ar\/wp-content\/uploads\/2021\/09\/WhatsApp-Image-2021-09-20-at-20.44.01-1-750x563.jpeg 750w, https:\/\/www.celttv.com.ar\/wp-content\/uploads\/2021\/09\/WhatsApp-Image-2021-09-20-at-20.44.01-1-1140x855.jpeg 1140w, https:\/\/www.celttv.com.ar\/wp-content\/uploads\/2021\/09\/WhatsApp-Image-2021-09-20-at-20.44.01-1.jpeg 1600w\" sizes=\"auto, (max-width: 1024px) 100vw, 1024px\" \/><\/figure>\n","protected":false},"excerpt":{"rendered":"<p>Comunicaciones Oficiales y Dict\u00e1menes de las Comisiones: Expte. N\u00ba 240\/21: &#8211; D.E. \u2013 Convalida la firma del Convenio de Cooperaci\u00f3n e\/el Ministerio de las Mujeres, Pol\u00edticas de G\u00e9neros y Diversidad Sexual de la Pcia. de Bs. As. y el Municipio de Tornquist.- Se solicita tratamiento sobre Tablas. Se aprueba por unanimidad la Ordenanza N\u00ba 3392\/21 [&hellip;]<\/p>\n","protected":false},"author":1,"featured_media":60412,"comment_status":"closed","ping_status":"open","sticky":false,"template":"","format":"standard","meta":{"footnotes":""},"categories":[55,51,52,53],"tags":[],"class_list":["post-60411","post","type-post","status-publish","format-standard","has-post-thumbnail","hentry","category-celt-tv-noticias","category-comunidad","category-destacadas","category-politica"],"yoast_head":"<!-- This site is optimized with the Yoast SEO plugin v19.7.1 - https:\/\/yoast.com\/wordpress\/plugins\/seo\/ -->\n<title>Informe de la \u00faltima sesi\u00f3n ordinaria del HCD - CELTTV<\/title>\n<meta name=\"description\" content=\"Sitio web de noticias de la localidad de Tornquist, provincia de Buenos Aires, Rep\u00fablica Argentina. Contenido propio originado por periodistas de CELTTV, el canal de TV local de la Cooperativa El\u00e9ctrica de Tornquist. Turismo, Pol\u00edtica, Sociedad, Deporte, Cultura y todo el contenido de inter\u00e9s general que la gente del pueblo y la regi\u00f3n debe conocer.\" \/>\n<meta name=\"robots\" content=\"index, follow, max-snippet:-1, max-image-preview:large, max-video-preview:-1\" \/>\n<link rel=\"canonical\" href=\"https:\/\/www.celttv.com.ar\/index.php\/2021\/09\/23\/informe-de-la-ultima-sesion-ordinaria-del-hcd-6\/\" \/>\n<meta property=\"og:locale\" content=\"es_ES\" \/>\n<meta property=\"og:type\" content=\"article\" \/>\n<meta property=\"og:title\" content=\"Informe de la \u00faltima sesi\u00f3n ordinaria del HCD - CELTTV\" \/>\n<meta property=\"og:description\" content=\"Sitio web de noticias de la localidad de Tornquist, provincia de Buenos Aires, Rep\u00fablica Argentina. Contenido propio originado por periodistas de CELTTV, el canal de TV local de la Cooperativa El\u00e9ctrica de Tornquist. Turismo, Pol\u00edtica, Sociedad, Deporte, Cultura y todo el contenido de inter\u00e9s general que la gente del pueblo y la regi\u00f3n debe conocer.\" \/>\n<meta property=\"og:url\" content=\"https:\/\/www.celttv.com.ar\/index.php\/2021\/09\/23\/informe-de-la-ultima-sesion-ordinaria-del-hcd-6\/\" \/>\n<meta property=\"og:site_name\" content=\"CELTTV\" \/>\n<meta property=\"article:publisher\" content=\"https:\/\/www.facebook.com\/celtTV\/\" \/>\n<meta property=\"article:published_time\" content=\"2021-09-23T16:58:06+00:00\" \/>\n<meta property=\"og:image\" content=\"https:\/\/www.celttv.com.ar\/wp-content\/uploads\/2021\/09\/WhatsApp-Image-2021-09-20-at-20.44.01-1.jpeg\" \/>\n\t<meta property=\"og:image:width\" content=\"1600\" \/>\n\t<meta property=\"og:image:height\" content=\"1200\" \/>\n\t<meta property=\"og:image:type\" content=\"image\/jpeg\" \/>\n<meta name=\"author\" content=\"ulises\" \/>\n<meta name=\"twitter:card\" content=\"summary_large_image\" \/>\n<meta name=\"twitter:label1\" content=\"Escrito por\" \/>\n\t<meta name=\"twitter:data1\" content=\"ulises\" \/>\n\t<meta name=\"twitter:label2\" content=\"Tiempo de lectura\" \/>\n\t<meta name=\"twitter:data2\" content=\"16 minutos\" \/>\n<script type=\"application\/ld+json\" class=\"yoast-schema-graph\">{\"@context\":\"https:\/\/schema.org\",\"@graph\":[{\"@type\":\"NewsArticle\",\"@id\":\"https:\/\/www.celttv.com.ar\/index.php\/2021\/09\/23\/informe-de-la-ultima-sesion-ordinaria-del-hcd-6\/#article\",\"isPartOf\":{\"@id\":\"https:\/\/www.celttv.com.ar\/index.php\/2021\/09\/23\/informe-de-la-ultima-sesion-ordinaria-del-hcd-6\/\"},\"author\":{\"name\":\"ulises\",\"@id\":\"https:\/\/www.celttv.com.ar\/#\/schema\/person\/6d99c072dba59953809c81446e9d0ace\"},\"headline\":\"Informe de la \u00faltima sesi\u00f3n ordinaria del HCD\",\"datePublished\":\"2021-09-23T16:58:06+00:00\",\"dateModified\":\"2021-09-23T16:58:06+00:00\",\"mainEntityOfPage\":{\"@id\":\"https:\/\/www.celttv.com.ar\/index.php\/2021\/09\/23\/informe-de-la-ultima-sesion-ordinaria-del-hcd-6\/\"},\"wordCount\":3121,\"publisher\":{\"@id\":\"https:\/\/www.celttv.com.ar\/#organization\"},\"articleSection\":[\"Celt TV Noticias\",\"Comunidad\",\"Destacadas\",\"Pol\u00edtica\"],\"inLanguage\":\"es\"},{\"@type\":\"WebPage\",\"@id\":\"https:\/\/www.celttv.com.ar\/index.php\/2021\/09\/23\/informe-de-la-ultima-sesion-ordinaria-del-hcd-6\/\",\"url\":\"https:\/\/www.celttv.com.ar\/index.php\/2021\/09\/23\/informe-de-la-ultima-sesion-ordinaria-del-hcd-6\/\",\"name\":\"Informe de la \u00faltima sesi\u00f3n ordinaria del HCD - CELTTV\",\"isPartOf\":{\"@id\":\"https:\/\/www.celttv.com.ar\/#website\"},\"datePublished\":\"2021-09-23T16:58:06+00:00\",\"dateModified\":\"2021-09-23T16:58:06+00:00\",\"description\":\"Sitio web de noticias de la localidad de Tornquist, provincia de Buenos Aires, Rep\u00fablica Argentina. Contenido propio originado por periodistas de CELTTV, el canal de TV local de la Cooperativa El\u00e9ctrica de Tornquist. Turismo, Pol\u00edtica, Sociedad, Deporte, Cultura y todo el contenido de inter\u00e9s general que la gente del pueblo y la regi\u00f3n debe conocer.\",\"breadcrumb\":{\"@id\":\"https:\/\/www.celttv.com.ar\/index.php\/2021\/09\/23\/informe-de-la-ultima-sesion-ordinaria-del-hcd-6\/#breadcrumb\"},\"inLanguage\":\"es\",\"potentialAction\":[{\"@type\":\"ReadAction\",\"target\":[\"https:\/\/www.celttv.com.ar\/index.php\/2021\/09\/23\/informe-de-la-ultima-sesion-ordinaria-del-hcd-6\/\"]}]},{\"@type\":\"BreadcrumbList\",\"@id\":\"https:\/\/www.celttv.com.ar\/index.php\/2021\/09\/23\/informe-de-la-ultima-sesion-ordinaria-del-hcd-6\/#breadcrumb\",\"itemListElement\":[{\"@type\":\"ListItem\",\"position\":1,\"name\":\"Inicio\",\"item\":\"https:\/\/www.celttv.com.ar\/\"},{\"@type\":\"ListItem\",\"position\":2,\"name\":\"Informe de la \u00faltima sesi\u00f3n ordinaria del HCD\"}]},{\"@type\":\"WebSite\",\"@id\":\"https:\/\/www.celttv.com.ar\/#website\",\"url\":\"https:\/\/www.celttv.com.ar\/\",\"name\":\"CELTTV\",\"description\":\"Cooperativa El\u00e9ctrica de Tornquist\",\"publisher\":{\"@id\":\"https:\/\/www.celttv.com.ar\/#organization\"},\"potentialAction\":[{\"@type\":\"SearchAction\",\"target\":{\"@type\":\"EntryPoint\",\"urlTemplate\":\"https:\/\/www.celttv.com.ar\/?s={search_term_string}\"},\"query-input\":\"required name=search_term_string\"}],\"inLanguage\":\"es\"},{\"@type\":\"Organization\",\"@id\":\"https:\/\/www.celttv.com.ar\/#organization\",\"name\":\"CELTTV\",\"url\":\"https:\/\/www.celttv.com.ar\/\",\"sameAs\":[\"https:\/\/www.youtube.com\/channel\/UCz_oIt8Hig64Ub-EmcNPIhg\",\"https:\/\/www.facebook.com\/celtTV\/\"],\"logo\":{\"@type\":\"ImageObject\",\"inLanguage\":\"es\",\"@id\":\"https:\/\/www.celttv.com.ar\/#\/schema\/logo\/image\/\",\"url\":\"http:\/\/www.celttv.com.ar\/wp-content\/uploads\/2022\/08\/logo-1.png\",\"contentUrl\":\"http:\/\/www.celttv.com.ar\/wp-content\/uploads\/2022\/08\/logo-1.png\",\"width\":461,\"height\":159,\"caption\":\"CELTTV\"},\"image\":{\"@id\":\"https:\/\/www.celttv.com.ar\/#\/schema\/logo\/image\/\"}},{\"@type\":\"Person\",\"@id\":\"https:\/\/www.celttv.com.ar\/#\/schema\/person\/6d99c072dba59953809c81446e9d0ace\",\"name\":\"ulises\",\"image\":{\"@type\":\"ImageObject\",\"inLanguage\":\"es\",\"@id\":\"https:\/\/www.celttv.com.ar\/#\/schema\/person\/image\/\",\"url\":\"https:\/\/secure.gravatar.com\/avatar\/7f2c48bdc33b30088f941fb6082e555f2874c98e20cb159d7b92b50eadfce793?s=96&d=mm&r=g\",\"contentUrl\":\"https:\/\/secure.gravatar.com\/avatar\/7f2c48bdc33b30088f941fb6082e555f2874c98e20cb159d7b92b50eadfce793?s=96&d=mm&r=g\",\"caption\":\"ulises\"},\"sameAs\":[\"http:\/\/www.celttv.com.ar\"]}]}<\/script>\n<!-- \/ Yoast SEO plugin. -->","yoast_head_json":{"title":"Informe de la \u00faltima sesi\u00f3n ordinaria del HCD - CELTTV","description":"Sitio web de noticias de la localidad de Tornquist, provincia de Buenos Aires, Rep\u00fablica Argentina. Contenido propio originado por periodistas de CELTTV, el canal de TV local de la Cooperativa El\u00e9ctrica de Tornquist. Turismo, Pol\u00edtica, Sociedad, Deporte, Cultura y todo el contenido de inter\u00e9s general que la gente del pueblo y la regi\u00f3n debe conocer.","robots":{"index":"index","follow":"follow","max-snippet":"max-snippet:-1","max-image-preview":"max-image-preview:large","max-video-preview":"max-video-preview:-1"},"canonical":"https:\/\/www.celttv.com.ar\/index.php\/2021\/09\/23\/informe-de-la-ultima-sesion-ordinaria-del-hcd-6\/","og_locale":"es_ES","og_type":"article","og_title":"Informe de la \u00faltima sesi\u00f3n ordinaria del HCD - CELTTV","og_description":"Sitio web de noticias de la localidad de Tornquist, provincia de Buenos Aires, Rep\u00fablica Argentina. Contenido propio originado por periodistas de CELTTV, el canal de TV local de la Cooperativa El\u00e9ctrica de Tornquist. Turismo, Pol\u00edtica, Sociedad, Deporte, Cultura y todo el contenido de inter\u00e9s general que la gente del pueblo y la regi\u00f3n debe conocer.","og_url":"https:\/\/www.celttv.com.ar\/index.php\/2021\/09\/23\/informe-de-la-ultima-sesion-ordinaria-del-hcd-6\/","og_site_name":"CELTTV","article_publisher":"https:\/\/www.facebook.com\/celtTV\/","article_published_time":"2021-09-23T16:58:06+00:00","og_image":[{"width":1600,"height":1200,"url":"https:\/\/www.celttv.com.ar\/wp-content\/uploads\/2021\/09\/WhatsApp-Image-2021-09-20-at-20.44.01-1.jpeg","type":"image\/jpeg"}],"author":"ulises","twitter_card":"summary_large_image","twitter_misc":{"Escrito por":"ulises","Tiempo de lectura":"16 minutos"},"schema":{"@context":"https:\/\/schema.org","@graph":[{"@type":"NewsArticle","@id":"https:\/\/www.celttv.com.ar\/index.php\/2021\/09\/23\/informe-de-la-ultima-sesion-ordinaria-del-hcd-6\/#article","isPartOf":{"@id":"https:\/\/www.celttv.com.ar\/index.php\/2021\/09\/23\/informe-de-la-ultima-sesion-ordinaria-del-hcd-6\/"},"author":{"name":"ulises","@id":"https:\/\/www.celttv.com.ar\/#\/schema\/person\/6d99c072dba59953809c81446e9d0ace"},"headline":"Informe de la \u00faltima sesi\u00f3n ordinaria del HCD","datePublished":"2021-09-23T16:58:06+00:00","dateModified":"2021-09-23T16:58:06+00:00","mainEntityOfPage":{"@id":"https:\/\/www.celttv.com.ar\/index.php\/2021\/09\/23\/informe-de-la-ultima-sesion-ordinaria-del-hcd-6\/"},"wordCount":3121,"publisher":{"@id":"https:\/\/www.celttv.com.ar\/#organization"},"articleSection":["Celt TV Noticias","Comunidad","Destacadas","Pol\u00edtica"],"inLanguage":"es"},{"@type":"WebPage","@id":"https:\/\/www.celttv.com.ar\/index.php\/2021\/09\/23\/informe-de-la-ultima-sesion-ordinaria-del-hcd-6\/","url":"https:\/\/www.celttv.com.ar\/index.php\/2021\/09\/23\/informe-de-la-ultima-sesion-ordinaria-del-hcd-6\/","name":"Informe de la \u00faltima sesi\u00f3n ordinaria del HCD - CELTTV","isPartOf":{"@id":"https:\/\/www.celttv.com.ar\/#website"},"datePublished":"2021-09-23T16:58:06+00:00","dateModified":"2021-09-23T16:58:06+00:00","description":"Sitio web de noticias de la localidad de Tornquist, provincia de Buenos Aires, Rep\u00fablica Argentina. Contenido propio originado por periodistas de CELTTV, el canal de TV local de la Cooperativa El\u00e9ctrica de Tornquist. Turismo, Pol\u00edtica, Sociedad, Deporte, Cultura y todo el contenido de inter\u00e9s general que la gente del pueblo y la regi\u00f3n debe conocer.","breadcrumb":{"@id":"https:\/\/www.celttv.com.ar\/index.php\/2021\/09\/23\/informe-de-la-ultima-sesion-ordinaria-del-hcd-6\/#breadcrumb"},"inLanguage":"es","potentialAction":[{"@type":"ReadAction","target":["https:\/\/www.celttv.com.ar\/index.php\/2021\/09\/23\/informe-de-la-ultima-sesion-ordinaria-del-hcd-6\/"]}]},{"@type":"BreadcrumbList","@id":"https:\/\/www.celttv.com.ar\/index.php\/2021\/09\/23\/informe-de-la-ultima-sesion-ordinaria-del-hcd-6\/#breadcrumb","itemListElement":[{"@type":"ListItem","position":1,"name":"Inicio","item":"https:\/\/www.celttv.com.ar\/"},{"@type":"ListItem","position":2,"name":"Informe de la \u00faltima sesi\u00f3n ordinaria del HCD"}]},{"@type":"WebSite","@id":"https:\/\/www.celttv.com.ar\/#website","url":"https:\/\/www.celttv.com.ar\/","name":"CELTTV","description":"Cooperativa El\u00e9ctrica de Tornquist","publisher":{"@id":"https:\/\/www.celttv.com.ar\/#organization"},"potentialAction":[{"@type":"SearchAction","target":{"@type":"EntryPoint","urlTemplate":"https:\/\/www.celttv.com.ar\/?s={search_term_string}"},"query-input":"required name=search_term_string"}],"inLanguage":"es"},{"@type":"Organization","@id":"https:\/\/www.celttv.com.ar\/#organization","name":"CELTTV","url":"https:\/\/www.celttv.com.ar\/","sameAs":["https:\/\/www.youtube.com\/channel\/UCz_oIt8Hig64Ub-EmcNPIhg","https:\/\/www.facebook.com\/celtTV\/"],"logo":{"@type":"ImageObject","inLanguage":"es","@id":"https:\/\/www.celttv.com.ar\/#\/schema\/logo\/image\/","url":"http:\/\/www.celttv.com.ar\/wp-content\/uploads\/2022\/08\/logo-1.png","contentUrl":"http:\/\/www.celttv.com.ar\/wp-content\/uploads\/2022\/08\/logo-1.png","width":461,"height":159,"caption":"CELTTV"},"image":{"@id":"https:\/\/www.celttv.com.ar\/#\/schema\/logo\/image\/"}},{"@type":"Person","@id":"https:\/\/www.celttv.com.ar\/#\/schema\/person\/6d99c072dba59953809c81446e9d0ace","name":"ulises","image":{"@type":"ImageObject","inLanguage":"es","@id":"https:\/\/www.celttv.com.ar\/#\/schema\/person\/image\/","url":"https:\/\/secure.gravatar.com\/avatar\/7f2c48bdc33b30088f941fb6082e555f2874c98e20cb159d7b92b50eadfce793?s=96&d=mm&r=g","contentUrl":"https:\/\/secure.gravatar.com\/avatar\/7f2c48bdc33b30088f941fb6082e555f2874c98e20cb159d7b92b50eadfce793?s=96&d=mm&r=g","caption":"ulises"},"sameAs":["http:\/\/www.celttv.com.ar"]}]}},"_links":{"self":[{"href":"https:\/\/www.celttv.com.ar\/index.php\/wp-json\/wp\/v2\/posts\/60411","targetHints":{"allow":["GET"]}}],"collection":[{"href":"https:\/\/www.celttv.com.ar\/index.php\/wp-json\/wp\/v2\/posts"}],"about":[{"href":"https:\/\/www.celttv.com.ar\/index.php\/wp-json\/wp\/v2\/types\/post"}],"author":[{"embeddable":true,"href":"https:\/\/www.celttv.com.ar\/index.php\/wp-json\/wp\/v2\/users\/1"}],"replies":[{"embeddable":true,"href":"https:\/\/www.celttv.com.ar\/index.php\/wp-json\/wp\/v2\/comments?post=60411"}],"version-history":[{"count":0,"href":"https:\/\/www.celttv.com.ar\/index.php\/wp-json\/wp\/v2\/posts\/60411\/revisions"}],"wp:featuredmedia":[{"embeddable":true,"href":"https:\/\/www.celttv.com.ar\/index.php\/wp-json\/wp\/v2\/media\/60412"}],"wp:attachment":[{"href":"https:\/\/www.celttv.com.ar\/index.php\/wp-json\/wp\/v2\/media?parent=60411"}],"wp:term":[{"taxonomy":"category","embeddable":true,"href":"https:\/\/www.celttv.com.ar\/index.php\/wp-json\/wp\/v2\/categories?post=60411"},{"taxonomy":"post_tag","embeddable":true,"href":"https:\/\/www.celttv.com.ar\/index.php\/wp-json\/wp\/v2\/tags?post=60411"}],"curies":[{"name":"wp","href":"https:\/\/api.w.org\/{rel}","templated":true}]}}