{"id":60414,"date":"2021-09-23T17:08:49","date_gmt":"2021-09-23T17:08:49","guid":{"rendered":"http:\/\/www.celttv.com.ar\/?p=60414"},"modified":"2021-09-23T17:08:49","modified_gmt":"2021-09-23T17:08:49","slug":"los-bomberos-voluntarios-de-tornquist-convocan-a-asamblea-general-ordinaria","status":"publish","type":"post","link":"https:\/\/www.celttv.com.ar\/index.php\/2021\/09\/23\/los-bomberos-voluntarios-de-tornquist-convocan-a-asamblea-general-ordinaria\/","title":{"rendered":"Los Bomberos Voluntarios de Tornquist convocan a asamblea general ordinaria"},"content":{"rendered":"\n<p><strong>CONVOCATORIA A ASAMBLEA ORDINARIA<\/strong><\/p>\n\n\n\n<p><br>La Comisi\u00f3n Directiva de la Asociaci\u00f3n Cuerpo Bomberos Voluntarios de Tornquist convoca a sus asociados a la Asamblea General Ordinaria a llevarse a cabo el d\u00eda mi\u00e9rcoles 27 de Octubre de 2021 a las 20.00hs, en la sede social sito en la calle Valent\u00edn Vergara N\u00ba 9 de la Localidad<br>de Tornquist, para tratar el siguiente:<br><\/p>\n\n\n\n<p><strong>Orden del d\u00eda<\/strong><\/p>\n\n\n\n<ol class=\"wp-block-list\"><li>Lectura y aprobaci\u00f3n del Acta de Asamblea anterior<\/li><li>Designaci\u00f3n de la Mesa escrutadora de votos compuesto por tres socios presentes en la asamblea.<\/li><li>Consideraci\u00f3n de Memoria y Balance General, estado demostrativo de cuentas, p\u00e9rdidas y excedentes e informes de la Comisi\u00f3n Revisora de Cuentas correspondientes al Ejercicio N\u00ba 58 cerrado el 31 de Julio de 2020 y al Ejercicio N\u00ba 59 cerrado el 31 de julio de 2021.<\/li><li>Renovaci\u00f3n Parcial de Autoridades<\/li><li>Aprobaci\u00f3n de la Asamblea otorgando Facultades a la Comisi\u00f3n Directiva para realizar la venta del terreno Lote12 Mz. 158 de la localidad de Tornquist y venta de los veh\u00edculos auto Volkswagen Polo Classic 1.6 modelo 2005 y autobomba Mercedes Benz L1112\/42 modelo<br>1965.<\/li><li>Aprobaci\u00f3n de la Asamblea otorgando facultades a la Comisi\u00f3n Directiva para realizar una o m\u00e1s rifas tendientes a recuadrar fondos.<\/li><li>Considerar la cuota social.<\/li><li>Designaci\u00f3n de dos socios para que conjuntamente con el Presidente y el Secretario firmen el Acta de la presente Asamblea.<\/li><\/ol>\n\n\n\n<p><strong>Walter Taylor                                                                Julio Nicolini <\/strong><\/p>\n\n\n\n<p><strong>Secretario                                                                       Presidente<\/strong><\/p>\n\n\n\n<figure class=\"wp-block-image size-large\"><img loading=\"lazy\" decoding=\"async\" width=\"960\" height=\"720\" src=\"http:\/\/www.celttv.com.ar\/wp-content\/uploads\/2021\/09\/110_1ff3_bomberos_1570838832.jpg_960.jpg\" alt=\"\" class=\"wp-image-60415\" srcset=\"https:\/\/www.celttv.com.ar\/wp-content\/uploads\/2021\/09\/110_1ff3_bomberos_1570838832.jpg_960.jpg 960w, https:\/\/www.celttv.com.ar\/wp-content\/uploads\/2021\/09\/110_1ff3_bomberos_1570838832.jpg_960-300x225.jpg 300w, https:\/\/www.celttv.com.ar\/wp-content\/uploads\/2021\/09\/110_1ff3_bomberos_1570838832.jpg_960-768x576.jpg 768w, https:\/\/www.celttv.com.ar\/wp-content\/uploads\/2021\/09\/110_1ff3_bomberos_1570838832.jpg_960-750x563.jpg 750w\" sizes=\"auto, (max-width: 960px) 100vw, 960px\" \/><\/figure>\n","protected":false},"excerpt":{"rendered":"<p>CONVOCATORIA A ASAMBLEA ORDINARIA La Comisi\u00f3n Directiva de la Asociaci\u00f3n Cuerpo Bomberos Voluntarios de Tornquist convoca a sus asociados a la Asamblea General Ordinaria a llevarse a cabo el d\u00eda mi\u00e9rcoles 27 de Octubre de 2021 a las 20.00hs, en la sede social sito en la calle Valent\u00edn Vergara N\u00ba 9 de la Localidadde Tornquist, [&hellip;]<\/p>\n","protected":false},"author":1,"featured_media":60415,"comment_status":"closed","ping_status":"open","sticky":false,"template":"","format":"standard","meta":{"footnotes":""},"categories":[55,51,52],"tags":[],"class_list":["post-60414","post","type-post","status-publish","format-standard","has-post-thumbnail","hentry","category-celt-tv-noticias","category-comunidad","category-destacadas"],"yoast_head":"<!-- This site is optimized with the Yoast SEO plugin v19.7.1 - https:\/\/yoast.com\/wordpress\/plugins\/seo\/ -->\n<title>Los Bomberos Voluntarios de Tornquist convocan a asamblea general ordinaria - CELTTV<\/title>\n<meta name=\"description\" content=\"Sitio web de noticias de la localidad de Tornquist, provincia de Buenos Aires, Rep\u00fablica Argentina. Contenido propio originado por periodistas de CELTTV, el canal de TV local de la Cooperativa El\u00e9ctrica de Tornquist. Turismo, Pol\u00edtica, Sociedad, Deporte, Cultura y todo el contenido de inter\u00e9s general que la gente del pueblo y la regi\u00f3n debe conocer.\" \/>\n<meta name=\"robots\" content=\"index, follow, max-snippet:-1, max-image-preview:large, max-video-preview:-1\" \/>\n<link rel=\"canonical\" href=\"https:\/\/www.celttv.com.ar\/index.php\/2021\/09\/23\/los-bomberos-voluntarios-de-tornquist-convocan-a-asamblea-general-ordinaria\/\" \/>\n<meta property=\"og:locale\" content=\"es_ES\" \/>\n<meta property=\"og:type\" content=\"article\" \/>\n<meta property=\"og:title\" content=\"Los Bomberos Voluntarios de Tornquist convocan a asamblea general ordinaria - CELTTV\" \/>\n<meta property=\"og:description\" content=\"Sitio web de noticias de la localidad de Tornquist, provincia de Buenos Aires, Rep\u00fablica Argentina. Contenido propio originado por periodistas de CELTTV, el canal de TV local de la Cooperativa El\u00e9ctrica de Tornquist. Turismo, Pol\u00edtica, Sociedad, Deporte, Cultura y todo el contenido de inter\u00e9s general que la gente del pueblo y la regi\u00f3n debe conocer.\" \/>\n<meta property=\"og:url\" content=\"https:\/\/www.celttv.com.ar\/index.php\/2021\/09\/23\/los-bomberos-voluntarios-de-tornquist-convocan-a-asamblea-general-ordinaria\/\" \/>\n<meta property=\"og:site_name\" content=\"CELTTV\" \/>\n<meta property=\"article:publisher\" content=\"https:\/\/www.facebook.com\/celtTV\/\" \/>\n<meta property=\"article:published_time\" content=\"2021-09-23T17:08:49+00:00\" \/>\n<meta property=\"og:image\" content=\"https:\/\/www.celttv.com.ar\/wp-content\/uploads\/2021\/09\/110_1ff3_bomberos_1570838832.jpg_960.jpg\" \/>\n\t<meta property=\"og:image:width\" content=\"960\" \/>\n\t<meta property=\"og:image:height\" content=\"720\" \/>\n\t<meta property=\"og:image:type\" content=\"image\/jpeg\" \/>\n<meta name=\"author\" content=\"ulises\" \/>\n<meta name=\"twitter:card\" content=\"summary_large_image\" \/>\n<meta name=\"twitter:label1\" content=\"Escrito por\" \/>\n\t<meta name=\"twitter:data1\" content=\"ulises\" \/>\n\t<meta name=\"twitter:label2\" content=\"Tiempo de lectura\" \/>\n\t<meta name=\"twitter:data2\" content=\"1 minuto\" \/>\n<script type=\"application\/ld+json\" class=\"yoast-schema-graph\">{\"@context\":\"https:\/\/schema.org\",\"@graph\":[{\"@type\":\"NewsArticle\",\"@id\":\"https:\/\/www.celttv.com.ar\/index.php\/2021\/09\/23\/los-bomberos-voluntarios-de-tornquist-convocan-a-asamblea-general-ordinaria\/#article\",\"isPartOf\":{\"@id\":\"https:\/\/www.celttv.com.ar\/index.php\/2021\/09\/23\/los-bomberos-voluntarios-de-tornquist-convocan-a-asamblea-general-ordinaria\/\"},\"author\":{\"name\":\"ulises\",\"@id\":\"https:\/\/www.celttv.com.ar\/#\/schema\/person\/6d99c072dba59953809c81446e9d0ace\"},\"headline\":\"Los Bomberos Voluntarios de Tornquist convocan a asamblea general ordinaria\",\"datePublished\":\"2021-09-23T17:08:49+00:00\",\"dateModified\":\"2021-09-23T17:08:49+00:00\",\"mainEntityOfPage\":{\"@id\":\"https:\/\/www.celttv.com.ar\/index.php\/2021\/09\/23\/los-bomberos-voluntarios-de-tornquist-convocan-a-asamblea-general-ordinaria\/\"},\"wordCount\":241,\"publisher\":{\"@id\":\"https:\/\/www.celttv.com.ar\/#organization\"},\"articleSection\":[\"Celt TV Noticias\",\"Comunidad\",\"Destacadas\"],\"inLanguage\":\"es\"},{\"@type\":\"WebPage\",\"@id\":\"https:\/\/www.celttv.com.ar\/index.php\/2021\/09\/23\/los-bomberos-voluntarios-de-tornquist-convocan-a-asamblea-general-ordinaria\/\",\"url\":\"https:\/\/www.celttv.com.ar\/index.php\/2021\/09\/23\/los-bomberos-voluntarios-de-tornquist-convocan-a-asamblea-general-ordinaria\/\",\"name\":\"Los Bomberos Voluntarios de Tornquist convocan a asamblea general ordinaria - CELTTV\",\"isPartOf\":{\"@id\":\"https:\/\/www.celttv.com.ar\/#website\"},\"datePublished\":\"2021-09-23T17:08:49+00:00\",\"dateModified\":\"2021-09-23T17:08:49+00:00\",\"description\":\"Sitio web de noticias de la localidad de Tornquist, provincia de Buenos Aires, Rep\u00fablica Argentina. Contenido propio originado por periodistas de CELTTV, el canal de TV local de la Cooperativa El\u00e9ctrica de Tornquist. Turismo, Pol\u00edtica, Sociedad, Deporte, Cultura y todo el contenido de inter\u00e9s general que la gente del pueblo y la regi\u00f3n debe conocer.\",\"breadcrumb\":{\"@id\":\"https:\/\/www.celttv.com.ar\/index.php\/2021\/09\/23\/los-bomberos-voluntarios-de-tornquist-convocan-a-asamblea-general-ordinaria\/#breadcrumb\"},\"inLanguage\":\"es\",\"potentialAction\":[{\"@type\":\"ReadAction\",\"target\":[\"https:\/\/www.celttv.com.ar\/index.php\/2021\/09\/23\/los-bomberos-voluntarios-de-tornquist-convocan-a-asamblea-general-ordinaria\/\"]}]},{\"@type\":\"BreadcrumbList\",\"@id\":\"https:\/\/www.celttv.com.ar\/index.php\/2021\/09\/23\/los-bomberos-voluntarios-de-tornquist-convocan-a-asamblea-general-ordinaria\/#breadcrumb\",\"itemListElement\":[{\"@type\":\"ListItem\",\"position\":1,\"name\":\"Inicio\",\"item\":\"https:\/\/www.celttv.com.ar\/\"},{\"@type\":\"ListItem\",\"position\":2,\"name\":\"Los Bomberos Voluntarios de Tornquist convocan a asamblea general ordinaria\"}]},{\"@type\":\"WebSite\",\"@id\":\"https:\/\/www.celttv.com.ar\/#website\",\"url\":\"https:\/\/www.celttv.com.ar\/\",\"name\":\"CELTTV\",\"description\":\"Cooperativa El\u00e9ctrica de Tornquist\",\"publisher\":{\"@id\":\"https:\/\/www.celttv.com.ar\/#organization\"},\"potentialAction\":[{\"@type\":\"SearchAction\",\"target\":{\"@type\":\"EntryPoint\",\"urlTemplate\":\"https:\/\/www.celttv.com.ar\/?s={search_term_string}\"},\"query-input\":\"required name=search_term_string\"}],\"inLanguage\":\"es\"},{\"@type\":\"Organization\",\"@id\":\"https:\/\/www.celttv.com.ar\/#organization\",\"name\":\"CELTTV\",\"url\":\"https:\/\/www.celttv.com.ar\/\",\"sameAs\":[\"https:\/\/www.youtube.com\/channel\/UCz_oIt8Hig64Ub-EmcNPIhg\",\"https:\/\/www.facebook.com\/celtTV\/\"],\"logo\":{\"@type\":\"ImageObject\",\"inLanguage\":\"es\",\"@id\":\"https:\/\/www.celttv.com.ar\/#\/schema\/logo\/image\/\",\"url\":\"http:\/\/www.celttv.com.ar\/wp-content\/uploads\/2022\/08\/logo-1.png\",\"contentUrl\":\"http:\/\/www.celttv.com.ar\/wp-content\/uploads\/2022\/08\/logo-1.png\",\"width\":461,\"height\":159,\"caption\":\"CELTTV\"},\"image\":{\"@id\":\"https:\/\/www.celttv.com.ar\/#\/schema\/logo\/image\/\"}},{\"@type\":\"Person\",\"@id\":\"https:\/\/www.celttv.com.ar\/#\/schema\/person\/6d99c072dba59953809c81446e9d0ace\",\"name\":\"ulises\",\"image\":{\"@type\":\"ImageObject\",\"inLanguage\":\"es\",\"@id\":\"https:\/\/www.celttv.com.ar\/#\/schema\/person\/image\/\",\"url\":\"https:\/\/secure.gravatar.com\/avatar\/7f2c48bdc33b30088f941fb6082e555f2874c98e20cb159d7b92b50eadfce793?s=96&d=mm&r=g\",\"contentUrl\":\"https:\/\/secure.gravatar.com\/avatar\/7f2c48bdc33b30088f941fb6082e555f2874c98e20cb159d7b92b50eadfce793?s=96&d=mm&r=g\",\"caption\":\"ulises\"},\"sameAs\":[\"http:\/\/www.celttv.com.ar\"]}]}<\/script>\n<!-- \/ Yoast SEO plugin. -->","yoast_head_json":{"title":"Los Bomberos Voluntarios de Tornquist convocan a asamblea general ordinaria - CELTTV","description":"Sitio web de noticias de la localidad de Tornquist, provincia de Buenos Aires, Rep\u00fablica Argentina. Contenido propio originado por periodistas de CELTTV, el canal de TV local de la Cooperativa El\u00e9ctrica de Tornquist. Turismo, Pol\u00edtica, Sociedad, Deporte, Cultura y todo el contenido de inter\u00e9s general que la gente del pueblo y la regi\u00f3n debe conocer.","robots":{"index":"index","follow":"follow","max-snippet":"max-snippet:-1","max-image-preview":"max-image-preview:large","max-video-preview":"max-video-preview:-1"},"canonical":"https:\/\/www.celttv.com.ar\/index.php\/2021\/09\/23\/los-bomberos-voluntarios-de-tornquist-convocan-a-asamblea-general-ordinaria\/","og_locale":"es_ES","og_type":"article","og_title":"Los Bomberos Voluntarios de Tornquist convocan a asamblea general ordinaria - CELTTV","og_description":"Sitio web de noticias de la localidad de Tornquist, provincia de Buenos Aires, Rep\u00fablica Argentina. Contenido propio originado por periodistas de CELTTV, el canal de TV local de la Cooperativa El\u00e9ctrica de Tornquist. Turismo, Pol\u00edtica, Sociedad, Deporte, Cultura y todo el contenido de inter\u00e9s general que la gente del pueblo y la regi\u00f3n debe conocer.","og_url":"https:\/\/www.celttv.com.ar\/index.php\/2021\/09\/23\/los-bomberos-voluntarios-de-tornquist-convocan-a-asamblea-general-ordinaria\/","og_site_name":"CELTTV","article_publisher":"https:\/\/www.facebook.com\/celtTV\/","article_published_time":"2021-09-23T17:08:49+00:00","og_image":[{"width":960,"height":720,"url":"https:\/\/www.celttv.com.ar\/wp-content\/uploads\/2021\/09\/110_1ff3_bomberos_1570838832.jpg_960.jpg","type":"image\/jpeg"}],"author":"ulises","twitter_card":"summary_large_image","twitter_misc":{"Escrito por":"ulises","Tiempo de lectura":"1 minuto"},"schema":{"@context":"https:\/\/schema.org","@graph":[{"@type":"NewsArticle","@id":"https:\/\/www.celttv.com.ar\/index.php\/2021\/09\/23\/los-bomberos-voluntarios-de-tornquist-convocan-a-asamblea-general-ordinaria\/#article","isPartOf":{"@id":"https:\/\/www.celttv.com.ar\/index.php\/2021\/09\/23\/los-bomberos-voluntarios-de-tornquist-convocan-a-asamblea-general-ordinaria\/"},"author":{"name":"ulises","@id":"https:\/\/www.celttv.com.ar\/#\/schema\/person\/6d99c072dba59953809c81446e9d0ace"},"headline":"Los Bomberos Voluntarios de Tornquist convocan a asamblea general ordinaria","datePublished":"2021-09-23T17:08:49+00:00","dateModified":"2021-09-23T17:08:49+00:00","mainEntityOfPage":{"@id":"https:\/\/www.celttv.com.ar\/index.php\/2021\/09\/23\/los-bomberos-voluntarios-de-tornquist-convocan-a-asamblea-general-ordinaria\/"},"wordCount":241,"publisher":{"@id":"https:\/\/www.celttv.com.ar\/#organization"},"articleSection":["Celt TV Noticias","Comunidad","Destacadas"],"inLanguage":"es"},{"@type":"WebPage","@id":"https:\/\/www.celttv.com.ar\/index.php\/2021\/09\/23\/los-bomberos-voluntarios-de-tornquist-convocan-a-asamblea-general-ordinaria\/","url":"https:\/\/www.celttv.com.ar\/index.php\/2021\/09\/23\/los-bomberos-voluntarios-de-tornquist-convocan-a-asamblea-general-ordinaria\/","name":"Los Bomberos Voluntarios de Tornquist convocan a asamblea general ordinaria - CELTTV","isPartOf":{"@id":"https:\/\/www.celttv.com.ar\/#website"},"datePublished":"2021-09-23T17:08:49+00:00","dateModified":"2021-09-23T17:08:49+00:00","description":"Sitio web de noticias de la localidad de Tornquist, provincia de Buenos Aires, Rep\u00fablica Argentina. Contenido propio originado por periodistas de CELTTV, el canal de TV local de la Cooperativa El\u00e9ctrica de Tornquist. Turismo, Pol\u00edtica, Sociedad, Deporte, Cultura y todo el contenido de inter\u00e9s general que la gente del pueblo y la regi\u00f3n debe conocer.","breadcrumb":{"@id":"https:\/\/www.celttv.com.ar\/index.php\/2021\/09\/23\/los-bomberos-voluntarios-de-tornquist-convocan-a-asamblea-general-ordinaria\/#breadcrumb"},"inLanguage":"es","potentialAction":[{"@type":"ReadAction","target":["https:\/\/www.celttv.com.ar\/index.php\/2021\/09\/23\/los-bomberos-voluntarios-de-tornquist-convocan-a-asamblea-general-ordinaria\/"]}]},{"@type":"BreadcrumbList","@id":"https:\/\/www.celttv.com.ar\/index.php\/2021\/09\/23\/los-bomberos-voluntarios-de-tornquist-convocan-a-asamblea-general-ordinaria\/#breadcrumb","itemListElement":[{"@type":"ListItem","position":1,"name":"Inicio","item":"https:\/\/www.celttv.com.ar\/"},{"@type":"ListItem","position":2,"name":"Los Bomberos Voluntarios de Tornquist convocan a asamblea general ordinaria"}]},{"@type":"WebSite","@id":"https:\/\/www.celttv.com.ar\/#website","url":"https:\/\/www.celttv.com.ar\/","name":"CELTTV","description":"Cooperativa El\u00e9ctrica de Tornquist","publisher":{"@id":"https:\/\/www.celttv.com.ar\/#organization"},"potentialAction":[{"@type":"SearchAction","target":{"@type":"EntryPoint","urlTemplate":"https:\/\/www.celttv.com.ar\/?s={search_term_string}"},"query-input":"required name=search_term_string"}],"inLanguage":"es"},{"@type":"Organization","@id":"https:\/\/www.celttv.com.ar\/#organization","name":"CELTTV","url":"https:\/\/www.celttv.com.ar\/","sameAs":["https:\/\/www.youtube.com\/channel\/UCz_oIt8Hig64Ub-EmcNPIhg","https:\/\/www.facebook.com\/celtTV\/"],"logo":{"@type":"ImageObject","inLanguage":"es","@id":"https:\/\/www.celttv.com.ar\/#\/schema\/logo\/image\/","url":"http:\/\/www.celttv.com.ar\/wp-content\/uploads\/2022\/08\/logo-1.png","contentUrl":"http:\/\/www.celttv.com.ar\/wp-content\/uploads\/2022\/08\/logo-1.png","width":461,"height":159,"caption":"CELTTV"},"image":{"@id":"https:\/\/www.celttv.com.ar\/#\/schema\/logo\/image\/"}},{"@type":"Person","@id":"https:\/\/www.celttv.com.ar\/#\/schema\/person\/6d99c072dba59953809c81446e9d0ace","name":"ulises","image":{"@type":"ImageObject","inLanguage":"es","@id":"https:\/\/www.celttv.com.ar\/#\/schema\/person\/image\/","url":"https:\/\/secure.gravatar.com\/avatar\/7f2c48bdc33b30088f941fb6082e555f2874c98e20cb159d7b92b50eadfce793?s=96&d=mm&r=g","contentUrl":"https:\/\/secure.gravatar.com\/avatar\/7f2c48bdc33b30088f941fb6082e555f2874c98e20cb159d7b92b50eadfce793?s=96&d=mm&r=g","caption":"ulises"},"sameAs":["http:\/\/www.celttv.com.ar"]}]}},"_links":{"self":[{"href":"https:\/\/www.celttv.com.ar\/index.php\/wp-json\/wp\/v2\/posts\/60414","targetHints":{"allow":["GET"]}}],"collection":[{"href":"https:\/\/www.celttv.com.ar\/index.php\/wp-json\/wp\/v2\/posts"}],"about":[{"href":"https:\/\/www.celttv.com.ar\/index.php\/wp-json\/wp\/v2\/types\/post"}],"author":[{"embeddable":true,"href":"https:\/\/www.celttv.com.ar\/index.php\/wp-json\/wp\/v2\/users\/1"}],"replies":[{"embeddable":true,"href":"https:\/\/www.celttv.com.ar\/index.php\/wp-json\/wp\/v2\/comments?post=60414"}],"version-history":[{"count":0,"href":"https:\/\/www.celttv.com.ar\/index.php\/wp-json\/wp\/v2\/posts\/60414\/revisions"}],"wp:featuredmedia":[{"embeddable":true,"href":"https:\/\/www.celttv.com.ar\/index.php\/wp-json\/wp\/v2\/media\/60415"}],"wp:attachment":[{"href":"https:\/\/www.celttv.com.ar\/index.php\/wp-json\/wp\/v2\/media?parent=60414"}],"wp:term":[{"taxonomy":"category","embeddable":true,"href":"https:\/\/www.celttv.com.ar\/index.php\/wp-json\/wp\/v2\/categories?post=60414"},{"taxonomy":"post_tag","embeddable":true,"href":"https:\/\/www.celttv.com.ar\/index.php\/wp-json\/wp\/v2\/tags?post=60414"}],"curies":[{"name":"wp","href":"https:\/\/api.w.org\/{rel}","templated":true}]}}