{"id":60443,"date":"2021-09-24T20:09:10","date_gmt":"2021-09-24T20:09:10","guid":{"rendered":"http:\/\/www.celttv.com.ar\/?p=60443"},"modified":"2021-09-24T20:09:10","modified_gmt":"2021-09-24T20:09:10","slug":"tuvo-su-primera-reunion-la-mesa-local-de-prevencion-y-abordaje-de-la-violencia-familiar-y-de-genero","status":"publish","type":"post","link":"https:\/\/www.celttv.com.ar\/index.php\/2021\/09\/24\/tuvo-su-primera-reunion-la-mesa-local-de-prevencion-y-abordaje-de-la-violencia-familiar-y-de-genero\/","title":{"rendered":"Tuvo su primera reuni\u00f3n la Mesa Local de Prevenci\u00f3n y Abordaje de la Violencia Familiar y de G\u00e9nero"},"content":{"rendered":"\n<p>De acuerdo a lo programado, este mi\u00e9rcoles en el Teatro \u2018Rodolfo Funke\u2019, tuvo su primer encuentro la Mesa Local Intersectorial de Prevenci\u00f3n y Abordaje de la Violencia Familiar y de las Violencias por Razones de G\u00e9nero.<\/p>\n\n\n\n<p>El dispositivo tiene como objetivo fortalecer la atenci\u00f3n de la problem\u00e1tica de las violencias por razones de g\u00e9nero, y est\u00e1 conformado por representantes de diferentes organismos provinciales, municipales y judiciales, instituciones y organizaciones.<strong><\/strong><\/p>\n\n\n\n<p>Estuvieron presentes el Secretario de Desarrollo, Dr. Gonzalo Iparraguirre; el Subsecretario de Juventudes, Pol\u00edticas de G\u00e9nero y Diversidades, Lic. Bruno Zacconi; el Ministerio de las Mujeres, Pol\u00edticas de G\u00e9nero y Diversidad Sexual de la provincia;la Comisar\u00eda de la Mujer y la Familia;el CPA, el Servicio Local, el Servicio de Salud Mental del Hospital Municipal \u2018Dr. Alberto Castro\u2019, la Red de Vecinas, el Consejo Municipal de las Mujeres, concejales, ANSES y representantes de la biblioteca \u2018M. Fern\u00e1ndez\u2019 de Villa Ventana, entre otros.<\/p>\n\n\n\n<p>Durante la reuni\u00f3n, se debati\u00f3 el comienzo del espacio intersectorial, cu\u00e1l va a ser su funcionamiento y sus perspectivas futuras para abordar las pol\u00edticas p\u00fablicas integrales de violencia por razones de g\u00e9nero, mediante acuerdos de acci\u00f3n, estrategias y gu\u00edas de actuaci\u00f3n.<\/p>\n\n\n\n<p>La adhesi\u00f3n a las\u00a0Mesas Locales Intersectoriales, que son impulsadas por el Ministerio de Mujeres provincial, forma parte de las pol\u00edticas que lleva adelante la gesti\u00f3n del intendente Sergio Bordoni en materia de prevenci\u00f3n violencia de g\u00e9nero.<\/p>\n\n\n\n<figure class=\"wp-block-embed is-type-video is-provider-youtube wp-block-embed-youtube wp-embed-aspect-16-9 wp-has-aspect-ratio\"><div class=\"wp-block-embed__wrapper\">\n<iframe loading=\"lazy\" title=\"2021 09 22 REUNION INTERSECCIONAL CONTRA LA VIOLENCIA DE GENERO 1 SILVIA ZABALLA\" width=\"500\" height=\"281\" src=\"https:\/\/www.youtube.com\/embed\/MwByHDtcb6I?feature=oembed\" frameborder=\"0\" allow=\"accelerometer; autoplay; clipboard-write; encrypted-media; gyroscope; picture-in-picture; web-share\" referrerpolicy=\"strict-origin-when-cross-origin\" allowfullscreen><\/iframe>\n<\/div><\/figure>\n\n\n\n<figure class=\"wp-block-embed is-type-video is-provider-youtube wp-block-embed-youtube wp-embed-aspect-16-9 wp-has-aspect-ratio\"><div class=\"wp-block-embed__wrapper\">\n<iframe loading=\"lazy\" title=\"2021 09 22 REUNION INTERSECCIONAL CONTRA LA VIOLENCIA DE GENERO 2 BRUNO ZACCONI\" width=\"500\" height=\"281\" src=\"https:\/\/www.youtube.com\/embed\/3Cd1AjkVGDo?feature=oembed\" frameborder=\"0\" allow=\"accelerometer; autoplay; clipboard-write; encrypted-media; gyroscope; picture-in-picture; web-share\" referrerpolicy=\"strict-origin-when-cross-origin\" allowfullscreen><\/iframe>\n<\/div><\/figure>\n\n\n\n<figure class=\"wp-block-gallery columns-3 is-cropped wp-block-gallery-1 is-layout-flex wp-block-gallery-is-layout-flex\"><ul class=\"blocks-gallery-grid\"><li class=\"blocks-gallery-item\"><figure><img loading=\"lazy\" decoding=\"async\" width=\"1024\" height=\"683\" src=\"http:\/\/www.celttv.com.ar\/wp-content\/uploads\/2021\/09\/Mesa-local-1-Medium-1024x683.jpg\" alt=\"\" data-id=\"60444\" data-full-url=\"http:\/\/www.celttv.com.ar\/wp-content\/uploads\/2021\/09\/Mesa-local-1-Medium.jpg\" data-link=\"http:\/\/www.celttv.com.ar\/?attachment_id=60444\" class=\"wp-image-60444\" srcset=\"https:\/\/www.celttv.com.ar\/wp-content\/uploads\/2021\/09\/Mesa-local-1-Medium-1024x683.jpg 1024w, https:\/\/www.celttv.com.ar\/wp-content\/uploads\/2021\/09\/Mesa-local-1-Medium-300x200.jpg 300w, https:\/\/www.celttv.com.ar\/wp-content\/uploads\/2021\/09\/Mesa-local-1-Medium-768x512.jpg 768w, https:\/\/www.celttv.com.ar\/wp-content\/uploads\/2021\/09\/Mesa-local-1-Medium-750x500.jpg 750w, https:\/\/www.celttv.com.ar\/wp-content\/uploads\/2021\/09\/Mesa-local-1-Medium-1140x760.jpg 1140w, https:\/\/www.celttv.com.ar\/wp-content\/uploads\/2021\/09\/Mesa-local-1-Medium.jpg 1152w\" sizes=\"auto, (max-width: 1024px) 100vw, 1024px\" \/><\/figure><\/li><li class=\"blocks-gallery-item\"><figure><img loading=\"lazy\" decoding=\"async\" width=\"1024\" height=\"683\" src=\"http:\/\/www.celttv.com.ar\/wp-content\/uploads\/2021\/09\/Mesa-local-2-Medium-1024x683.jpg\" alt=\"\" data-id=\"60445\" data-full-url=\"http:\/\/www.celttv.com.ar\/wp-content\/uploads\/2021\/09\/Mesa-local-2-Medium.jpg\" data-link=\"http:\/\/www.celttv.com.ar\/?attachment_id=60445\" class=\"wp-image-60445\" srcset=\"https:\/\/www.celttv.com.ar\/wp-content\/uploads\/2021\/09\/Mesa-local-2-Medium-1024x683.jpg 1024w, https:\/\/www.celttv.com.ar\/wp-content\/uploads\/2021\/09\/Mesa-local-2-Medium-300x200.jpg 300w, https:\/\/www.celttv.com.ar\/wp-content\/uploads\/2021\/09\/Mesa-local-2-Medium-768x512.jpg 768w, https:\/\/www.celttv.com.ar\/wp-content\/uploads\/2021\/09\/Mesa-local-2-Medium-750x500.jpg 750w, https:\/\/www.celttv.com.ar\/wp-content\/uploads\/2021\/09\/Mesa-local-2-Medium-1140x760.jpg 1140w, https:\/\/www.celttv.com.ar\/wp-content\/uploads\/2021\/09\/Mesa-local-2-Medium.jpg 1152w\" sizes=\"auto, (max-width: 1024px) 100vw, 1024px\" \/><\/figure><\/li><li class=\"blocks-gallery-item\"><figure><img loading=\"lazy\" decoding=\"async\" width=\"1024\" height=\"683\" src=\"http:\/\/www.celttv.com.ar\/wp-content\/uploads\/2021\/09\/Mesa-local-3-Medium-1024x683.jpg\" alt=\"\" data-id=\"60446\" data-full-url=\"http:\/\/www.celttv.com.ar\/wp-content\/uploads\/2021\/09\/Mesa-local-3-Medium.jpg\" data-link=\"http:\/\/www.celttv.com.ar\/?attachment_id=60446\" class=\"wp-image-60446\" srcset=\"https:\/\/www.celttv.com.ar\/wp-content\/uploads\/2021\/09\/Mesa-local-3-Medium-1024x683.jpg 1024w, https:\/\/www.celttv.com.ar\/wp-content\/uploads\/2021\/09\/Mesa-local-3-Medium-300x200.jpg 300w, https:\/\/www.celttv.com.ar\/wp-content\/uploads\/2021\/09\/Mesa-local-3-Medium-768x512.jpg 768w, https:\/\/www.celttv.com.ar\/wp-content\/uploads\/2021\/09\/Mesa-local-3-Medium-750x500.jpg 750w, https:\/\/www.celttv.com.ar\/wp-content\/uploads\/2021\/09\/Mesa-local-3-Medium-1140x760.jpg 1140w, https:\/\/www.celttv.com.ar\/wp-content\/uploads\/2021\/09\/Mesa-local-3-Medium.jpg 1152w\" sizes=\"auto, (max-width: 1024px) 100vw, 1024px\" \/><\/figure><\/li><li class=\"blocks-gallery-item\"><figure><img loading=\"lazy\" decoding=\"async\" width=\"1024\" height=\"683\" src=\"http:\/\/www.celttv.com.ar\/wp-content\/uploads\/2021\/09\/Mesa-local-4-Medium-1024x683.jpg\" alt=\"\" data-id=\"60447\" data-full-url=\"http:\/\/www.celttv.com.ar\/wp-content\/uploads\/2021\/09\/Mesa-local-4-Medium.jpg\" data-link=\"http:\/\/www.celttv.com.ar\/?attachment_id=60447\" class=\"wp-image-60447\" srcset=\"https:\/\/www.celttv.com.ar\/wp-content\/uploads\/2021\/09\/Mesa-local-4-Medium-1024x683.jpg 1024w, https:\/\/www.celttv.com.ar\/wp-content\/uploads\/2021\/09\/Mesa-local-4-Medium-300x200.jpg 300w, https:\/\/www.celttv.com.ar\/wp-content\/uploads\/2021\/09\/Mesa-local-4-Medium-768x512.jpg 768w, https:\/\/www.celttv.com.ar\/wp-content\/uploads\/2021\/09\/Mesa-local-4-Medium-750x500.jpg 750w, https:\/\/www.celttv.com.ar\/wp-content\/uploads\/2021\/09\/Mesa-local-4-Medium-1140x760.jpg 1140w, https:\/\/www.celttv.com.ar\/wp-content\/uploads\/2021\/09\/Mesa-local-4-Medium.jpg 1152w\" sizes=\"auto, (max-width: 1024px) 100vw, 1024px\" \/><\/figure><\/li><li class=\"blocks-gallery-item\"><figure><img loading=\"lazy\" decoding=\"async\" width=\"1024\" height=\"683\" src=\"http:\/\/www.celttv.com.ar\/wp-content\/uploads\/2021\/09\/Mesa-local-5-Medium-1024x683.jpg\" alt=\"\" data-id=\"60448\" data-full-url=\"http:\/\/www.celttv.com.ar\/wp-content\/uploads\/2021\/09\/Mesa-local-5-Medium.jpg\" data-link=\"http:\/\/www.celttv.com.ar\/?attachment_id=60448\" class=\"wp-image-60448\" srcset=\"https:\/\/www.celttv.com.ar\/wp-content\/uploads\/2021\/09\/Mesa-local-5-Medium-1024x683.jpg 1024w, https:\/\/www.celttv.com.ar\/wp-content\/uploads\/2021\/09\/Mesa-local-5-Medium-300x200.jpg 300w, https:\/\/www.celttv.com.ar\/wp-content\/uploads\/2021\/09\/Mesa-local-5-Medium-768x512.jpg 768w, https:\/\/www.celttv.com.ar\/wp-content\/uploads\/2021\/09\/Mesa-local-5-Medium-750x500.jpg 750w, https:\/\/www.celttv.com.ar\/wp-content\/uploads\/2021\/09\/Mesa-local-5-Medium-1140x760.jpg 1140w, https:\/\/www.celttv.com.ar\/wp-content\/uploads\/2021\/09\/Mesa-local-5-Medium.jpg 1152w\" sizes=\"auto, (max-width: 1024px) 100vw, 1024px\" \/><\/figure><\/li><li class=\"blocks-gallery-item\"><figure><img loading=\"lazy\" decoding=\"async\" width=\"1024\" height=\"683\" src=\"http:\/\/www.celttv.com.ar\/wp-content\/uploads\/2021\/09\/Mesa-local-6-Medium-1024x683.jpg\" alt=\"\" data-id=\"60449\" data-full-url=\"http:\/\/www.celttv.com.ar\/wp-content\/uploads\/2021\/09\/Mesa-local-6-Medium.jpg\" data-link=\"http:\/\/www.celttv.com.ar\/?attachment_id=60449\" class=\"wp-image-60449\" srcset=\"https:\/\/www.celttv.com.ar\/wp-content\/uploads\/2021\/09\/Mesa-local-6-Medium-1024x683.jpg 1024w, https:\/\/www.celttv.com.ar\/wp-content\/uploads\/2021\/09\/Mesa-local-6-Medium-300x200.jpg 300w, https:\/\/www.celttv.com.ar\/wp-content\/uploads\/2021\/09\/Mesa-local-6-Medium-768x512.jpg 768w, https:\/\/www.celttv.com.ar\/wp-content\/uploads\/2021\/09\/Mesa-local-6-Medium-750x500.jpg 750w, https:\/\/www.celttv.com.ar\/wp-content\/uploads\/2021\/09\/Mesa-local-6-Medium-1140x760.jpg 1140w, https:\/\/www.celttv.com.ar\/wp-content\/uploads\/2021\/09\/Mesa-local-6-Medium.jpg 1152w\" sizes=\"auto, (max-width: 1024px) 100vw, 1024px\" \/><\/figure><\/li><li class=\"blocks-gallery-item\"><figure><img loading=\"lazy\" decoding=\"async\" width=\"1024\" height=\"683\" src=\"http:\/\/www.celttv.com.ar\/wp-content\/uploads\/2021\/09\/Mesa-local-7-Medium-1024x683.jpg\" alt=\"\" data-id=\"60450\" data-full-url=\"http:\/\/www.celttv.com.ar\/wp-content\/uploads\/2021\/09\/Mesa-local-7-Medium.jpg\" data-link=\"http:\/\/www.celttv.com.ar\/?attachment_id=60450\" class=\"wp-image-60450\" srcset=\"https:\/\/www.celttv.com.ar\/wp-content\/uploads\/2021\/09\/Mesa-local-7-Medium-1024x683.jpg 1024w, https:\/\/www.celttv.com.ar\/wp-content\/uploads\/2021\/09\/Mesa-local-7-Medium-300x200.jpg 300w, https:\/\/www.celttv.com.ar\/wp-content\/uploads\/2021\/09\/Mesa-local-7-Medium-768x512.jpg 768w, https:\/\/www.celttv.com.ar\/wp-content\/uploads\/2021\/09\/Mesa-local-7-Medium-750x500.jpg 750w, https:\/\/www.celttv.com.ar\/wp-content\/uploads\/2021\/09\/Mesa-local-7-Medium-1140x760.jpg 1140w, https:\/\/www.celttv.com.ar\/wp-content\/uploads\/2021\/09\/Mesa-local-7-Medium.jpg 1152w\" sizes=\"auto, (max-width: 1024px) 100vw, 1024px\" \/><\/figure><\/li><li class=\"blocks-gallery-item\"><figure><img loading=\"lazy\" decoding=\"async\" width=\"1024\" height=\"683\" src=\"http:\/\/www.celttv.com.ar\/wp-content\/uploads\/2021\/09\/Mesa-local-8-Medium-1024x683.jpg\" alt=\"\" data-id=\"60451\" data-full-url=\"http:\/\/www.celttv.com.ar\/wp-content\/uploads\/2021\/09\/Mesa-local-8-Medium.jpg\" data-link=\"http:\/\/www.celttv.com.ar\/?attachment_id=60451\" class=\"wp-image-60451\" srcset=\"https:\/\/www.celttv.com.ar\/wp-content\/uploads\/2021\/09\/Mesa-local-8-Medium-1024x683.jpg 1024w, https:\/\/www.celttv.com.ar\/wp-content\/uploads\/2021\/09\/Mesa-local-8-Medium-300x200.jpg 300w, https:\/\/www.celttv.com.ar\/wp-content\/uploads\/2021\/09\/Mesa-local-8-Medium-768x512.jpg 768w, https:\/\/www.celttv.com.ar\/wp-content\/uploads\/2021\/09\/Mesa-local-8-Medium-750x500.jpg 750w, https:\/\/www.celttv.com.ar\/wp-content\/uploads\/2021\/09\/Mesa-local-8-Medium-1140x760.jpg 1140w, https:\/\/www.celttv.com.ar\/wp-content\/uploads\/2021\/09\/Mesa-local-8-Medium.jpg 1152w\" sizes=\"auto, (max-width: 1024px) 100vw, 1024px\" \/><\/figure><\/li><\/ul><\/figure>\n","protected":false},"excerpt":{"rendered":"<p>De acuerdo a lo programado, este mi\u00e9rcoles en el Teatro \u2018Rodolfo Funke\u2019, tuvo su primer encuentro la Mesa Local Intersectorial de Prevenci\u00f3n y Abordaje de la Violencia Familiar y de las Violencias por Razones de G\u00e9nero. El dispositivo tiene como objetivo fortalecer la atenci\u00f3n de la problem\u00e1tica de las violencias por razones de g\u00e9nero, y [&hellip;]<\/p>\n","protected":false},"author":1,"featured_media":60447,"comment_status":"closed","ping_status":"open","sticky":false,"template":"","format":"standard","meta":{"footnotes":""},"categories":[51,52,59],"tags":[],"class_list":["post-60443","post","type-post","status-publish","format-standard","has-post-thumbnail","hentry","category-comunidad","category-destacadas","category-municipales"],"yoast_head":"<!-- This site is optimized with the Yoast SEO plugin v19.7.1 - https:\/\/yoast.com\/wordpress\/plugins\/seo\/ -->\n<title>Tuvo su primera reuni\u00f3n la Mesa Local de Prevenci\u00f3n y Abordaje de la Violencia Familiar y de G\u00e9nero - CELTTV<\/title>\n<meta name=\"description\" content=\"Sitio web de noticias de la localidad de Tornquist, provincia de Buenos Aires, Rep\u00fablica Argentina. Contenido propio originado por periodistas de CELTTV, el canal de TV local de la Cooperativa El\u00e9ctrica de Tornquist. Turismo, Pol\u00edtica, Sociedad, Deporte, Cultura y todo el contenido de inter\u00e9s general que la gente del pueblo y la regi\u00f3n debe conocer.\" \/>\n<meta name=\"robots\" content=\"index, follow, max-snippet:-1, max-image-preview:large, max-video-preview:-1\" \/>\n<link rel=\"canonical\" href=\"https:\/\/www.celttv.com.ar\/index.php\/2021\/09\/24\/tuvo-su-primera-reunion-la-mesa-local-de-prevencion-y-abordaje-de-la-violencia-familiar-y-de-genero\/\" \/>\n<meta property=\"og:locale\" content=\"es_ES\" \/>\n<meta property=\"og:type\" content=\"article\" \/>\n<meta property=\"og:title\" content=\"Tuvo su primera reuni\u00f3n la Mesa Local de Prevenci\u00f3n y Abordaje de la Violencia Familiar y de G\u00e9nero - CELTTV\" \/>\n<meta property=\"og:description\" content=\"Sitio web de noticias de la localidad de Tornquist, provincia de Buenos Aires, Rep\u00fablica Argentina. Contenido propio originado por periodistas de CELTTV, el canal de TV local de la Cooperativa El\u00e9ctrica de Tornquist. Turismo, Pol\u00edtica, Sociedad, Deporte, Cultura y todo el contenido de inter\u00e9s general que la gente del pueblo y la regi\u00f3n debe conocer.\" \/>\n<meta property=\"og:url\" content=\"https:\/\/www.celttv.com.ar\/index.php\/2021\/09\/24\/tuvo-su-primera-reunion-la-mesa-local-de-prevencion-y-abordaje-de-la-violencia-familiar-y-de-genero\/\" \/>\n<meta property=\"og:site_name\" content=\"CELTTV\" \/>\n<meta property=\"article:publisher\" content=\"https:\/\/www.facebook.com\/celtTV\/\" \/>\n<meta property=\"article:published_time\" content=\"2021-09-24T20:09:10+00:00\" \/>\n<meta property=\"og:image\" content=\"https:\/\/www.celttv.com.ar\/wp-content\/uploads\/2021\/09\/Mesa-local-4-Medium.jpg\" \/>\n\t<meta property=\"og:image:width\" content=\"1152\" \/>\n\t<meta property=\"og:image:height\" content=\"768\" \/>\n\t<meta property=\"og:image:type\" content=\"image\/jpeg\" \/>\n<meta name=\"author\" content=\"ulises\" \/>\n<meta name=\"twitter:card\" content=\"summary_large_image\" \/>\n<meta name=\"twitter:label1\" content=\"Escrito por\" \/>\n\t<meta name=\"twitter:data1\" content=\"ulises\" \/>\n\t<meta name=\"twitter:label2\" content=\"Tiempo de lectura\" \/>\n\t<meta name=\"twitter:data2\" content=\"1 minuto\" \/>\n<script type=\"application\/ld+json\" class=\"yoast-schema-graph\">{\"@context\":\"https:\/\/schema.org\",\"@graph\":[{\"@type\":\"NewsArticle\",\"@id\":\"https:\/\/www.celttv.com.ar\/index.php\/2021\/09\/24\/tuvo-su-primera-reunion-la-mesa-local-de-prevencion-y-abordaje-de-la-violencia-familiar-y-de-genero\/#article\",\"isPartOf\":{\"@id\":\"https:\/\/www.celttv.com.ar\/index.php\/2021\/09\/24\/tuvo-su-primera-reunion-la-mesa-local-de-prevencion-y-abordaje-de-la-violencia-familiar-y-de-genero\/\"},\"author\":{\"name\":\"ulises\",\"@id\":\"https:\/\/www.celttv.com.ar\/#\/schema\/person\/6d99c072dba59953809c81446e9d0ace\"},\"headline\":\"Tuvo su primera reuni\u00f3n la Mesa Local de Prevenci\u00f3n y Abordaje de la Violencia Familiar y de G\u00e9nero\",\"datePublished\":\"2021-09-24T20:09:10+00:00\",\"dateModified\":\"2021-09-24T20:09:10+00:00\",\"mainEntityOfPage\":{\"@id\":\"https:\/\/www.celttv.com.ar\/index.php\/2021\/09\/24\/tuvo-su-primera-reunion-la-mesa-local-de-prevencion-y-abordaje-de-la-violencia-familiar-y-de-genero\/\"},\"wordCount\":286,\"publisher\":{\"@id\":\"https:\/\/www.celttv.com.ar\/#organization\"},\"articleSection\":[\"Comunidad\",\"Destacadas\",\"Municipales\"],\"inLanguage\":\"es\"},{\"@type\":\"WebPage\",\"@id\":\"https:\/\/www.celttv.com.ar\/index.php\/2021\/09\/24\/tuvo-su-primera-reunion-la-mesa-local-de-prevencion-y-abordaje-de-la-violencia-familiar-y-de-genero\/\",\"url\":\"https:\/\/www.celttv.com.ar\/index.php\/2021\/09\/24\/tuvo-su-primera-reunion-la-mesa-local-de-prevencion-y-abordaje-de-la-violencia-familiar-y-de-genero\/\",\"name\":\"Tuvo su primera reuni\u00f3n la Mesa Local de Prevenci\u00f3n y Abordaje de la Violencia Familiar y de G\u00e9nero - CELTTV\",\"isPartOf\":{\"@id\":\"https:\/\/www.celttv.com.ar\/#website\"},\"datePublished\":\"2021-09-24T20:09:10+00:00\",\"dateModified\":\"2021-09-24T20:09:10+00:00\",\"description\":\"Sitio web de noticias de la localidad de Tornquist, provincia de Buenos Aires, Rep\u00fablica Argentina. Contenido propio originado por periodistas de CELTTV, el canal de TV local de la Cooperativa El\u00e9ctrica de Tornquist. Turismo, Pol\u00edtica, Sociedad, Deporte, Cultura y todo el contenido de inter\u00e9s general que la gente del pueblo y la regi\u00f3n debe conocer.\",\"breadcrumb\":{\"@id\":\"https:\/\/www.celttv.com.ar\/index.php\/2021\/09\/24\/tuvo-su-primera-reunion-la-mesa-local-de-prevencion-y-abordaje-de-la-violencia-familiar-y-de-genero\/#breadcrumb\"},\"inLanguage\":\"es\",\"potentialAction\":[{\"@type\":\"ReadAction\",\"target\":[\"https:\/\/www.celttv.com.ar\/index.php\/2021\/09\/24\/tuvo-su-primera-reunion-la-mesa-local-de-prevencion-y-abordaje-de-la-violencia-familiar-y-de-genero\/\"]}]},{\"@type\":\"BreadcrumbList\",\"@id\":\"https:\/\/www.celttv.com.ar\/index.php\/2021\/09\/24\/tuvo-su-primera-reunion-la-mesa-local-de-prevencion-y-abordaje-de-la-violencia-familiar-y-de-genero\/#breadcrumb\",\"itemListElement\":[{\"@type\":\"ListItem\",\"position\":1,\"name\":\"Inicio\",\"item\":\"https:\/\/www.celttv.com.ar\/\"},{\"@type\":\"ListItem\",\"position\":2,\"name\":\"Tuvo su primera reuni\u00f3n la Mesa Local de Prevenci\u00f3n y Abordaje de la Violencia Familiar y de G\u00e9nero\"}]},{\"@type\":\"WebSite\",\"@id\":\"https:\/\/www.celttv.com.ar\/#website\",\"url\":\"https:\/\/www.celttv.com.ar\/\",\"name\":\"CELTTV\",\"description\":\"Cooperativa El\u00e9ctrica de Tornquist\",\"publisher\":{\"@id\":\"https:\/\/www.celttv.com.ar\/#organization\"},\"potentialAction\":[{\"@type\":\"SearchAction\",\"target\":{\"@type\":\"EntryPoint\",\"urlTemplate\":\"https:\/\/www.celttv.com.ar\/?s={search_term_string}\"},\"query-input\":\"required name=search_term_string\"}],\"inLanguage\":\"es\"},{\"@type\":\"Organization\",\"@id\":\"https:\/\/www.celttv.com.ar\/#organization\",\"name\":\"CELTTV\",\"url\":\"https:\/\/www.celttv.com.ar\/\",\"sameAs\":[\"https:\/\/www.youtube.com\/channel\/UCz_oIt8Hig64Ub-EmcNPIhg\",\"https:\/\/www.facebook.com\/celtTV\/\"],\"logo\":{\"@type\":\"ImageObject\",\"inLanguage\":\"es\",\"@id\":\"https:\/\/www.celttv.com.ar\/#\/schema\/logo\/image\/\",\"url\":\"http:\/\/www.celttv.com.ar\/wp-content\/uploads\/2022\/08\/logo-1.png\",\"contentUrl\":\"http:\/\/www.celttv.com.ar\/wp-content\/uploads\/2022\/08\/logo-1.png\",\"width\":461,\"height\":159,\"caption\":\"CELTTV\"},\"image\":{\"@id\":\"https:\/\/www.celttv.com.ar\/#\/schema\/logo\/image\/\"}},{\"@type\":\"Person\",\"@id\":\"https:\/\/www.celttv.com.ar\/#\/schema\/person\/6d99c072dba59953809c81446e9d0ace\",\"name\":\"ulises\",\"image\":{\"@type\":\"ImageObject\",\"inLanguage\":\"es\",\"@id\":\"https:\/\/www.celttv.com.ar\/#\/schema\/person\/image\/\",\"url\":\"https:\/\/secure.gravatar.com\/avatar\/7f2c48bdc33b30088f941fb6082e555f2874c98e20cb159d7b92b50eadfce793?s=96&d=mm&r=g\",\"contentUrl\":\"https:\/\/secure.gravatar.com\/avatar\/7f2c48bdc33b30088f941fb6082e555f2874c98e20cb159d7b92b50eadfce793?s=96&d=mm&r=g\",\"caption\":\"ulises\"},\"sameAs\":[\"http:\/\/www.celttv.com.ar\"]}]}<\/script>\n<!-- \/ Yoast SEO plugin. -->","yoast_head_json":{"title":"Tuvo su primera reuni\u00f3n la Mesa Local de Prevenci\u00f3n y Abordaje de la Violencia Familiar y de G\u00e9nero - CELTTV","description":"Sitio web de noticias de la localidad de Tornquist, provincia de Buenos Aires, Rep\u00fablica Argentina. Contenido propio originado por periodistas de CELTTV, el canal de TV local de la Cooperativa El\u00e9ctrica de Tornquist. Turismo, Pol\u00edtica, Sociedad, Deporte, Cultura y todo el contenido de inter\u00e9s general que la gente del pueblo y la regi\u00f3n debe conocer.","robots":{"index":"index","follow":"follow","max-snippet":"max-snippet:-1","max-image-preview":"max-image-preview:large","max-video-preview":"max-video-preview:-1"},"canonical":"https:\/\/www.celttv.com.ar\/index.php\/2021\/09\/24\/tuvo-su-primera-reunion-la-mesa-local-de-prevencion-y-abordaje-de-la-violencia-familiar-y-de-genero\/","og_locale":"es_ES","og_type":"article","og_title":"Tuvo su primera reuni\u00f3n la Mesa Local de Prevenci\u00f3n y Abordaje de la Violencia Familiar y de G\u00e9nero - CELTTV","og_description":"Sitio web de noticias de la localidad de Tornquist, provincia de Buenos Aires, Rep\u00fablica Argentina. Contenido propio originado por periodistas de CELTTV, el canal de TV local de la Cooperativa El\u00e9ctrica de Tornquist. Turismo, Pol\u00edtica, Sociedad, Deporte, Cultura y todo el contenido de inter\u00e9s general que la gente del pueblo y la regi\u00f3n debe conocer.","og_url":"https:\/\/www.celttv.com.ar\/index.php\/2021\/09\/24\/tuvo-su-primera-reunion-la-mesa-local-de-prevencion-y-abordaje-de-la-violencia-familiar-y-de-genero\/","og_site_name":"CELTTV","article_publisher":"https:\/\/www.facebook.com\/celtTV\/","article_published_time":"2021-09-24T20:09:10+00:00","og_image":[{"width":1152,"height":768,"url":"https:\/\/www.celttv.com.ar\/wp-content\/uploads\/2021\/09\/Mesa-local-4-Medium.jpg","type":"image\/jpeg"}],"author":"ulises","twitter_card":"summary_large_image","twitter_misc":{"Escrito por":"ulises","Tiempo de lectura":"1 minuto"},"schema":{"@context":"https:\/\/schema.org","@graph":[{"@type":"NewsArticle","@id":"https:\/\/www.celttv.com.ar\/index.php\/2021\/09\/24\/tuvo-su-primera-reunion-la-mesa-local-de-prevencion-y-abordaje-de-la-violencia-familiar-y-de-genero\/#article","isPartOf":{"@id":"https:\/\/www.celttv.com.ar\/index.php\/2021\/09\/24\/tuvo-su-primera-reunion-la-mesa-local-de-prevencion-y-abordaje-de-la-violencia-familiar-y-de-genero\/"},"author":{"name":"ulises","@id":"https:\/\/www.celttv.com.ar\/#\/schema\/person\/6d99c072dba59953809c81446e9d0ace"},"headline":"Tuvo su primera reuni\u00f3n la Mesa Local de Prevenci\u00f3n y Abordaje de la Violencia Familiar y de G\u00e9nero","datePublished":"2021-09-24T20:09:10+00:00","dateModified":"2021-09-24T20:09:10+00:00","mainEntityOfPage":{"@id":"https:\/\/www.celttv.com.ar\/index.php\/2021\/09\/24\/tuvo-su-primera-reunion-la-mesa-local-de-prevencion-y-abordaje-de-la-violencia-familiar-y-de-genero\/"},"wordCount":286,"publisher":{"@id":"https:\/\/www.celttv.com.ar\/#organization"},"articleSection":["Comunidad","Destacadas","Municipales"],"inLanguage":"es"},{"@type":"WebPage","@id":"https:\/\/www.celttv.com.ar\/index.php\/2021\/09\/24\/tuvo-su-primera-reunion-la-mesa-local-de-prevencion-y-abordaje-de-la-violencia-familiar-y-de-genero\/","url":"https:\/\/www.celttv.com.ar\/index.php\/2021\/09\/24\/tuvo-su-primera-reunion-la-mesa-local-de-prevencion-y-abordaje-de-la-violencia-familiar-y-de-genero\/","name":"Tuvo su primera reuni\u00f3n la Mesa Local de Prevenci\u00f3n y Abordaje de la Violencia Familiar y de G\u00e9nero - CELTTV","isPartOf":{"@id":"https:\/\/www.celttv.com.ar\/#website"},"datePublished":"2021-09-24T20:09:10+00:00","dateModified":"2021-09-24T20:09:10+00:00","description":"Sitio web de noticias de la localidad de Tornquist, provincia de Buenos Aires, Rep\u00fablica Argentina. Contenido propio originado por periodistas de CELTTV, el canal de TV local de la Cooperativa El\u00e9ctrica de Tornquist. Turismo, Pol\u00edtica, Sociedad, Deporte, Cultura y todo el contenido de inter\u00e9s general que la gente del pueblo y la regi\u00f3n debe conocer.","breadcrumb":{"@id":"https:\/\/www.celttv.com.ar\/index.php\/2021\/09\/24\/tuvo-su-primera-reunion-la-mesa-local-de-prevencion-y-abordaje-de-la-violencia-familiar-y-de-genero\/#breadcrumb"},"inLanguage":"es","potentialAction":[{"@type":"ReadAction","target":["https:\/\/www.celttv.com.ar\/index.php\/2021\/09\/24\/tuvo-su-primera-reunion-la-mesa-local-de-prevencion-y-abordaje-de-la-violencia-familiar-y-de-genero\/"]}]},{"@type":"BreadcrumbList","@id":"https:\/\/www.celttv.com.ar\/index.php\/2021\/09\/24\/tuvo-su-primera-reunion-la-mesa-local-de-prevencion-y-abordaje-de-la-violencia-familiar-y-de-genero\/#breadcrumb","itemListElement":[{"@type":"ListItem","position":1,"name":"Inicio","item":"https:\/\/www.celttv.com.ar\/"},{"@type":"ListItem","position":2,"name":"Tuvo su primera reuni\u00f3n la Mesa Local de Prevenci\u00f3n y Abordaje de la Violencia Familiar y de G\u00e9nero"}]},{"@type":"WebSite","@id":"https:\/\/www.celttv.com.ar\/#website","url":"https:\/\/www.celttv.com.ar\/","name":"CELTTV","description":"Cooperativa El\u00e9ctrica de Tornquist","publisher":{"@id":"https:\/\/www.celttv.com.ar\/#organization"},"potentialAction":[{"@type":"SearchAction","target":{"@type":"EntryPoint","urlTemplate":"https:\/\/www.celttv.com.ar\/?s={search_term_string}"},"query-input":"required name=search_term_string"}],"inLanguage":"es"},{"@type":"Organization","@id":"https:\/\/www.celttv.com.ar\/#organization","name":"CELTTV","url":"https:\/\/www.celttv.com.ar\/","sameAs":["https:\/\/www.youtube.com\/channel\/UCz_oIt8Hig64Ub-EmcNPIhg","https:\/\/www.facebook.com\/celtTV\/"],"logo":{"@type":"ImageObject","inLanguage":"es","@id":"https:\/\/www.celttv.com.ar\/#\/schema\/logo\/image\/","url":"http:\/\/www.celttv.com.ar\/wp-content\/uploads\/2022\/08\/logo-1.png","contentUrl":"http:\/\/www.celttv.com.ar\/wp-content\/uploads\/2022\/08\/logo-1.png","width":461,"height":159,"caption":"CELTTV"},"image":{"@id":"https:\/\/www.celttv.com.ar\/#\/schema\/logo\/image\/"}},{"@type":"Person","@id":"https:\/\/www.celttv.com.ar\/#\/schema\/person\/6d99c072dba59953809c81446e9d0ace","name":"ulises","image":{"@type":"ImageObject","inLanguage":"es","@id":"https:\/\/www.celttv.com.ar\/#\/schema\/person\/image\/","url":"https:\/\/secure.gravatar.com\/avatar\/7f2c48bdc33b30088f941fb6082e555f2874c98e20cb159d7b92b50eadfce793?s=96&d=mm&r=g","contentUrl":"https:\/\/secure.gravatar.com\/avatar\/7f2c48bdc33b30088f941fb6082e555f2874c98e20cb159d7b92b50eadfce793?s=96&d=mm&r=g","caption":"ulises"},"sameAs":["http:\/\/www.celttv.com.ar"]}]}},"_links":{"self":[{"href":"https:\/\/www.celttv.com.ar\/index.php\/wp-json\/wp\/v2\/posts\/60443","targetHints":{"allow":["GET"]}}],"collection":[{"href":"https:\/\/www.celttv.com.ar\/index.php\/wp-json\/wp\/v2\/posts"}],"about":[{"href":"https:\/\/www.celttv.com.ar\/index.php\/wp-json\/wp\/v2\/types\/post"}],"author":[{"embeddable":true,"href":"https:\/\/www.celttv.com.ar\/index.php\/wp-json\/wp\/v2\/users\/1"}],"replies":[{"embeddable":true,"href":"https:\/\/www.celttv.com.ar\/index.php\/wp-json\/wp\/v2\/comments?post=60443"}],"version-history":[{"count":0,"href":"https:\/\/www.celttv.com.ar\/index.php\/wp-json\/wp\/v2\/posts\/60443\/revisions"}],"wp:featuredmedia":[{"embeddable":true,"href":"https:\/\/www.celttv.com.ar\/index.php\/wp-json\/wp\/v2\/media\/60447"}],"wp:attachment":[{"href":"https:\/\/www.celttv.com.ar\/index.php\/wp-json\/wp\/v2\/media?parent=60443"}],"wp:term":[{"taxonomy":"category","embeddable":true,"href":"https:\/\/www.celttv.com.ar\/index.php\/wp-json\/wp\/v2\/categories?post=60443"},{"taxonomy":"post_tag","embeddable":true,"href":"https:\/\/www.celttv.com.ar\/index.php\/wp-json\/wp\/v2\/tags?post=60443"}],"curies":[{"name":"wp","href":"https:\/\/api.w.org\/{rel}","templated":true}]}}