{"id":60669,"date":"2021-10-06T23:38:10","date_gmt":"2021-10-06T23:38:10","guid":{"rendered":"http:\/\/www.celttv.com.ar\/?p=60669"},"modified":"2021-10-06T23:38:10","modified_gmt":"2021-10-06T23:38:10","slug":"informe-de-la-ultima-sesion-ordinaria-del-hcd-7","status":"publish","type":"post","link":"https:\/\/www.celttv.com.ar\/index.php\/2021\/10\/06\/informe-de-la-ultima-sesion-ordinaria-del-hcd-7\/","title":{"rendered":"Informe de la \u00faltima sesi\u00f3n ordinaria del HCD (incluye alocuciones)"},"content":{"rendered":"\n<p><strong>Comunicaciones Oficiales y Dict\u00e1menes de las Comisiones:<\/strong><\/p>\n\n\n\n<p><strong>Expte. <\/strong><strong>N\u00ba 116\/21:<\/strong> &#8211; D.E. \u2013 R\u00e9gimen de regularizaci\u00f3n de deudas y facilidades de pago \u2013 A\u00f1o 2021<\/p>\n\n\n\n<p>Se solicita tratamiento sobre Tablas<strong>.<\/strong><\/p>\n\n\n\n<p>Se aprueba por unanimidad la Ordenanza N\u00ba 3395\/21 por la que se establece un r\u00e9gimen de regularizaci\u00f3n y facilidades de pago para los contribuyentes y responsables de cualquier tasa municipal, derecho, contribuci\u00f3n por mejoras, canon, FO.ME.PRO. Fondos Rotatorios y patente de rodados, por obligaciones vencidas a la fecha de presentaci\u00f3n, correspondientes a tributos determinados o no, recurridos o en estado de ejecuci\u00f3n, que se presenten a regularizar su situaci\u00f3n fiscal, en las condiciones previstas en esta Ordenanza, que regir\u00e1 desde la fecha de promulgaci\u00f3n de la presente norma hasta el 20 de diciembre de 2021 inclusive.<\/p>\n\n\n\n<p>La incorporaci\u00f3n a los beneficios de la presente Ordenanza ser\u00e1 a petici\u00f3n del contribuyente. La deuda por cada uno de los tributos por los que se solicite regularizaci\u00f3n en los t\u00e9rminos de la presente Ordenanza, deber\u00e1 cancelarse en algunas de las siguientes formas:<\/p>\n\n\n\n<ol class=\"wp-block-list\"><li><strong>Pago al Contado. <\/strong>Serealizar\u00e1 un descuento en el importe de los intereses devengados igual al cincuenta por ciento (50%) de los mismos.<\/li><\/ol>\n\n\n\n<p>En caso de que se cancele la totalidad de la deuda, el descuento en el importe de los intereses devengados ser\u00e1 igual al noventa por ciento (90%) de los mismos.<\/p>\n\n\n\n<ol class=\"wp-block-list\" start=\"2\"><li><strong>Hasta en seis (6) cuotas mensuales y consecutivas<\/strong>, se realizar\u00e1 un descuento en el importe de los intereses devengados igual al cincuenta por ciento (50%) de los mismos.<\/li><\/ol>\n\n\n\n<p>Las cuotas devengar\u00e1n el inter\u00e9s vigente para planes de facilidades de pago.<\/p>\n\n\n\n<p>Para que el Convenio de Pago tenga vigencia, deber\u00e1 cancelarse la primera cuota, a la fecha de su firma, dentro del plazo del presente plan de regularizaci\u00f3n que se indica en el ART\u00cdCULO 1\u00ba.<\/p>\n\n\n\n<p>A pedido de parte interesada se podr\u00e1 optar por la regularizaci\u00f3n parcial, la cual no podr\u00e1 ser inferior al cincuenta por ciento (50%) del total de la deuda. En los casos de regularizaci\u00f3n parcial de la deuda, deber\u00e1 incluirse la obligaci\u00f3n con vencimiento m\u00e1s antiguo.<\/p>\n\n\n\n<p>A la firma del Convenio por la deuda total \u00f3 parcial, implica el reconocimiento de toda la deuda e interrumpe la prescripci\u00f3n del total de la misma.<\/p>\n\n\n\n<p><strong>Expte. <\/strong><strong>N\u00ba 243\/21:<\/strong> Secretar\u00eda de Obras y Servicios P\u00fablicos. Llamado a licitaci\u00f3n Privada para Ampliaci\u00f3n Red de Gas Natural para la Localidad de Tornquist<\/p>\n\n\n\n<p>Pasa a las Comisiones de OBRAS P\u00daBLICAS Y PRESUPUESTO Y HACIENDA.<\/p>\n\n\n\n<p><strong>Expte. <\/strong><strong>N\u00ba 253\/21:<\/strong> &#8211; D.E. \u2013 Autoriza la firma del Contrato de Locaci\u00f3n celebrado entre A.M.X. Argentina S.A. y el Municipio de Tornquist.<\/p>\n\n\n\n<p>Se solicita tratamiento sobre Tablas<strong>.<\/strong><\/p>\n\n\n\n<p>Se aprueba por unanimidad la Ordenanza N\u00ba 3396\/21 por la que se autoriza la firma del Contrato de Locaci\u00f3n celebrado entre la Municipalidad de Tornquist, representada por el Sr. Intendente Municipal Sergio Fabi\u00e1n Bordoni y AMX ARGENTINA S.A. representada por su apoderada Sra. Romina Gisel Decima C\u00e1novas. Por medio de este contrato el Municipio entrega en locaci\u00f3n un sector de 3.600 metros cuadrados ubicados en el predio denominado catastralmente como Circ. IX, Parcela 577M, Matricula N\u00ba2891, Partida 3288, de la localidad de Sierra de la Ventana. El sector se alquila con destino a la instalaci\u00f3n de equipamiento y elementos necesarios para la prestaci\u00f3n de servicios de telecomunicaciones.<\/p>\n\n\n\n<p><strong>Expte. <\/strong><strong>N\u00ba 7310\/21:<\/strong> &#8211; N.P. \u2013 Club Andino Bah\u00eda Blanca, Club de Monta\u00f1a Olavarr\u00eda y Club Andino Villa Ventana: Solicitan aval para libre acceso al Parque Provincial E. Tornquist para la pr\u00e1ctica deportiva de monta\u00f1ismo de forma responsable y sustentable.<\/p>\n\n\n\n<p>Pasa a las Comisiones de TURISMO Y DESARROLLO, PRODUCCI\u00d3N, COMERCIO E INDUSTRIA, Y ASUNTOS MUNICIPALES.<\/p>\n\n\n\n<p><strong>Expte. <\/strong><strong>N\u00ba 7324\/21:<\/strong> &#8211; N.P. \u2013 Vecinos de Tornquist: Solicitan informaci\u00f3n sobre datos espec\u00edficos de la actual situaci\u00f3n del Covid-19 en el Distrito.<\/p>\n\n\n\n<p>Pasa a las Comisiones de ASUNTOS MUNICIPALES Y SALUD P\u00daBLICA.<\/p>\n\n\n\n<p><strong>Expte. <\/strong><strong>N\u00ba 7327\/21:<\/strong> &#8211; Bloques Juntos por el Cambio y Cambiemos Bs. As. \u2013 Proyecto de Ordenanza: Adhesi\u00f3n a la Ley Provincial N\u00ba 15.296 (Ref. capacitaci\u00f3n tem\u00e1tica de discapacidad).<\/p>\n\n\n\n<p>Pasa a las Comisiones de INTERPRETACI\u00d3N Y REGLAMENTO Y ASUNTOS MUNICIPALES.<\/p>\n\n\n\n<p><strong>Expte. <\/strong><strong>N\u00ba 132\/21:<\/strong> &#8211; S.D. \u2013 Plan de Desarrollos Educativos Territoriales.<\/p>\n\n\n\n<p>Se aprueba por unanimidad el dictamen de las Comisiones de ASUNTOS MUNICIPALES; y CULTURA, EDUCACI\u00d3N, CIENCIA Y TECNOLOG\u00cdA,que aconseja adjuntar copia de la respuesta del Honorable Tribunal de Cuentas, realizada seg\u00fan Dictamen aprobado en Sesi\u00f3n el d\u00eda 20 de julio del corriente, y que obra en el Expte. N\u00ba 7331\/21, de fs. 79 a 88. (Caratulado: &#8211; Presidente H.C.D.: Copia Expediente N\u00ba 132\/21 \u2013 S.D. \u2013 \u201cPlan de Desarrollos Educativos Territoriales\u201d). Asimismo, se resuelve no aprobar el Proyecto de Ordenanza obrante a fs. 69, dada la respuesta mencionada anteriormente.-<\/p>\n\n\n\n<p><strong>Expte. <\/strong><strong>N\u00ba 175\/21:<\/strong>D.E.Baja de Bienes Muebles en estado de deterioro.<\/p>\n\n\n\n<p>Seg\u00fan el dictamen de la Comisi\u00f3n de ASUNTOS MUNICIPALES se aprueba por unanimidad la Ordenanza N\u00ba 3397\/21 por la que se autoriza al Departamento Ejecutivo a realizar la baja de los bienes muebles que figuran en el Anexo I que forma parte integrante de la presente Ordenanza. Se autoriza a la Oficina de Bienes F\u00edsicos a proceder con la Baja Definitiva del libro de inventario de los bienes mencionados en el Anexo I, ya que los mismos han cumplido su vida \u00fatil, y se encuentran en estado de deterioro generalizado, con da\u00f1os irreparables y\/o los costos de reparaci\u00f3n se asemejan a los de reposici\u00f3n.<\/p>\n\n\n\n<p><strong>Expte. <\/strong><strong>N\u00ba 7146\/19:<\/strong> &#8211; N.P. \u2013 Asociaci\u00f3n Prestadores Tur\u00edsticos y Comerciantes de Villa Ventana: Ref. presencia de carros denominados food truck en dicha localidad.<\/p>\n\n\n\n<p>Se aprueba por unanimidad el dictamen de las Comisiones de ASUNTOS MUNICIPALES, e INTERPRETACI\u00d3N Y REGLAMENTOque aconseja enviar el mismo al Archivo dado que ya se envi\u00f3 respuesta del Secretario de Turismo a la Asociaci\u00f3n Prestadores Tur\u00edsticos y Comerciantes de Villa ventana.-<\/p>\n\n\n\n<p><strong>Expte. <\/strong><strong>N\u00ba 7322\/21:<\/strong> &#8211; N.P. \u2013 Ricardo Dorasio: Solicita renovar la eximici\u00f3n de la Tasa por Conservaci\u00f3n, Reparaci\u00f3n y Mejorado de la Red Vial correspondiente a la Reserva Natural Privada Sierras Grandes (Per\u00edodo 2021).<\/p>\n\n\n\n<p>Se aprueba por unanimidad el dictamen de las Comisiones de ASUNTOS MUNICIPALES Y PRESUPUESTO Y HACIENDA;que aconseja enviar el mismo al Archivo, por haber sido promulgada la Ordenanza N\u00ba 3387\/21, bajo Decreto N\u00ba 946\/21.-<\/p>\n\n\n\n<p><strong>Expte. <\/strong><strong>N\u00ba 7326\/21:<\/strong> &#8211; Bloque Acci\u00f3n por Tornquist \u2013 Proyecto de Ordenanza: Regulaci\u00f3n de Pantallas led en la v\u00eda p\u00fablica.<\/p>\n\n\n\n<p>Se aprueba por unanimidad el dictamen de las Comisiones de OBRAS P\u00daBLICAS Y ASUNTOS MUNICIPALES,que aconseja enviar el mismo al Archivo, por haber sido promulgada la Ordenanza N\u00ba 3389\/21 bajo Decreto N\u00ba 948\/21.-<\/p>\n\n\n\n<p><strong>Expte. <\/strong><strong>N\u00ba 7336\/21:<\/strong> &#8211; N.P. \u2013 Colectivo Cultural de la Feria del Libro: Solicita que la \u201c11\u00ba Edici\u00f3n Feria del Libro de Sierra de la Ventana\u201d sea declarado de Inter\u00e9s Municipal.<\/p>\n\n\n\n<p>Seg\u00fan el dictamen de las Comisiones de CULTURA, EDUCACI\u00d3N, CIENCIA Y TECNOLOG\u00cdA; Y ASUNTOS MUNICIPALES, se aprueba por unanimidad la Resoluci\u00f3n N\u00ba 34\/21 por la que se declara de Inter\u00e9s Municipal la \u201c11\u00ba Edici\u00f3n de la Feria del Libro de Sierra de la Ventana\u201d, a realizarse los d\u00edas 26, 27 y 28 de noviembre de 2021 en el predio de los Galpones del Ferrocarril de Sierra de la Ventana. Se env\u00eda copia de la presente al Colectivo Cultural de la Feria del Libro.<\/p>\n\n\n\n<p><strong>Proyectos Presentados<\/strong><\/p>\n\n\n\n<p><strong>Bloques Frente de Todos y Frente Justicialista Cumplir- Minuta de Comunicaci\u00f3n-<\/strong>En relaci\u00f3n a la falta de funcionamiento de varias luminarias en las bicisendas del Distrito de Tornquist, solicitan una respuesta del Departamento Ejecutivo.-<\/p>\n\n\n\n<p>Se forma el Expediente N\u00ba 7338\/21 y se aprueba por unanimidad enviar el mismo al Departamento Ejecutivo a fin de que se d\u00e9 respuesta a lo solicitado.<\/p>\n\n\n\n<p><strong>Bloques Frente de Todos y Frente Justicialista Cumplir- Minuta de Comunicaci\u00f3n:<\/strong>Solicita al D.E. reacondicionamiento y\/o reposici\u00f3n de carteler\u00eda en las calles del Distrito.-<\/p>\n\n\n\n<p>Se forma el Expediente N\u00ba 7337\/21 y se aprueba por unanimidad enviar el mismo al Departamento Ejecutivo a fin de que se d\u00e9 respuesta a lo solicitado.<\/p>\n\n\n\n<p><strong>Bloques Cambiemos Bs. As. Y Juntos por el Cambio- Proyecto de Resoluci\u00f3n:<\/strong>Obstrucci\u00f3n visual que genera la arboleda sobre banquina Ruta 76.<\/p>\n\n\n\n<p>Se forma el Expediente N\u00ba 7339\/21 y se aprueba por unanimidad la Resoluci\u00f3n N\u00ba 35\/21 por la que se solicita al Departamento Ejecutivo Municipal la realizaci\u00f3n de las gestiones y acciones necesarias a fin de que a trav\u00e9s de los organismos que correspondan se proceda a podar o extraer arboleda sobre banquina de la Ruta Provincial N\u00ba 76 acceso camino rural Funke, sentido Tornquist- Sierra de la Ventana, sobre mano derecha.-<\/p>\n\n\n\n<p><strong>Bloques Cambiemos Bs. As, Juntos por el Cambio, Frente de Todos y Frente Justicialista Cumplir. Minuta de Comunicaci\u00f3n:<\/strong>Solita al D.E. dar cumplimiento a la Ordenanza 3193\/20, que manifiesta la necesidad de mantener en condiciones m\u00ednimas de seguridad de conservaci\u00f3n, higiene y de salubridad, los inmuebles bald\u00edos o construidos dentro del ejido urbano de las diferentes localidades del Partido de Tornquist.<\/p>\n\n\n\n<p>Se forma el Expediente N\u00ba 7337\/21 y se aprueba por unanimidad enviar el mismo al Departamento Ejecutivo para dar cumplimiento a lo solicitado.<\/p>\n\n\n\n<p><strong>Asuntos Particulares<\/strong><\/p>\n\n\n\n<p><strong>Nota N\u00ba 047\/21- N.P. Mar\u00eda In\u00e9s Obholtz-<\/strong> Describe episodio vivido en el Hospital Menor de Sierra de la Ventana, ante la atenci\u00f3n de la guardia pasiva en horas de la madrugada, y solicita respuesta ante esta problem\u00e1tica.<\/p>\n\n\n\n<p>Se aprueba por unanimidad la formaci\u00f3n de Expediente y el pase a Comisi\u00f3n.-<\/p>\n\n\n\n<p><strong>Nota N\u00ba 048\/21- N.P. C\u00e1mara de Comercio y Turismo de Villa Ventana-<\/strong> Manifiesta la necesidad de la urgente intervenci\u00f3n de la Secretar\u00eda de Obras y Servicios P\u00fablicos y la Secretar\u00eda de Producci\u00f3n, Comercio e Industria para que se haga cumplir la Ordenanza N\u00ba 1461\/02, del Plan de Ordenamiento Territorial de la Comarca<\/p>\n\n\n\n<p>Se aprueba por unanimidad la formaci\u00f3n de Expediente y el pase a Comisi\u00f3n.-<\/p>\n\n\n\n<p><strong>Nota N\u00ba 049\/21- N.P. Vergara Ram\u00f3n Antonio- Mart\u00ednez Lu\u00eds Enrique-<\/strong> Solicitan la intervenci\u00f3n del Honorable Concejo Deliberante ante la Secretar\u00eda de Salud del Municipio por la falta de continuidad de sus respectivos contratos de trabajo.<\/p>\n\n\n\n<p>Se solicita formaci\u00f3n de Expediente y pase a Comisi\u00f3n. Adem\u00e1s se mociona organizar una reuni\u00f3n con las autoridades del \u00c1rea de Salud del Municipio, a fin de plantear esta situaci\u00f3n, y la situaci\u00f3n manifestada en la Nota N\u00ba 047\/21 de Sierra de la Ventana. Se aprueba tambi\u00e9n invitar a los damnificados a dicha reuni\u00f3n.<\/p>\n\n\n\n<p><strong>Nota N\u00ba 50: N.P. Federaci\u00f3n Andinistas Argentinos<\/strong>&#8211; Solicitan aval para libre acceso al Parque Provincial E. Tornquist para la pr\u00e1ctica deportiva de monta\u00f1ismo de forma responsable y sustentable.<\/p>\n\n\n\n<p>Se aprueba por unanimidad adjuntar la nota al Expediente 7310\/21, y enviar copia del mismo al O.P.D.S. a fin de que se expida al respecto.<\/p>\n\n\n\n<p>Alocuciones de los Concejales:<\/p>\n\n\n\n<p>Concejal Mar\u00eda Romero:<\/p>\n\n\n\n<p>\u201cBueno, nosotros visualizando la problem\u00e1tica de varios vecinos relacionado en el \u00c1rea de Salud, sea por distintos motivos, por falta de m\u00e9dicos en distintas localidades del Distrito, por falta de atenci\u00f3n, como fue expresada la nota de nuestra vecina de Sierra de la Ventana, nos preocupa, porque estamos hablando de salud, nos preocupa que un vecino tenga que evaluar ir a la Unidad Sanitaria y creer de que no est\u00e9 molestando, para ir en determinada hora, \u00bfno? Uno no se enferma o no se siente mal en un horario, \u00bfno?, uno se siente mal y acude al lugar. Entonces nosotros los escuchamos, los acompa\u00f1amos, pero es imprescindible tener la respuesta del responsable del \u00e1rea, que es quien nos tiene que garantizar el buen funcionamiento. Y con respecto a los despidos de Vergara Ram\u00f3n y Mart\u00ednez, si bien no es facultad nuestra, lo vamos a conversar con el Secretario de Salud, el Doctor Barca, que, quien fue mocionado por la Concejal Nori en la Sesi\u00f3n. Entonces esperaremos la respuesta del profesional. Nada m\u00e1s se\u00f1or Presidente\u201d.<\/p>\n\n\n\n<figure class=\"wp-block-embed is-type-video is-provider-youtube wp-block-embed-youtube wp-embed-aspect-16-9 wp-has-aspect-ratio\"><div class=\"wp-block-embed__wrapper\">\n<iframe loading=\"lazy\" title=\"2021 10 06 HCD 1   MARIA ROMERO\" width=\"500\" height=\"281\" src=\"https:\/\/www.youtube.com\/embed\/bszC6Lopde0?feature=oembed\" frameborder=\"0\" allow=\"accelerometer; autoplay; clipboard-write; encrypted-media; gyroscope; picture-in-picture; web-share\" referrerpolicy=\"strict-origin-when-cross-origin\" allowfullscreen><\/iframe>\n<\/div><\/figure>\n\n\n\n<p>Concejal Elisabet Nori:<\/p>\n\n\n\n<p>\u201cBueno, en apoyo tambi\u00e9n, y un poco dando continuidad a lo que mencionaba la Concejal Romero, ayer me hicieron una nota period\u00edstica en una emisora de Sierra de la Ventana, respecto al tema de salud, y previamente yo hab\u00eda hecho un reconto de todo lo que trabaj\u00f3 este Concejo Deliberante desde que se declar\u00f3 la pandemia del 2020 hasta la fecha, y debo decir que llen\u00e9 tres carillas de Proyectos de Resoluci\u00f3n, de Ordenanzas, de Pedido de Informes, de todo tipo de documento administrativo legislativo de los cuales nos valemos para trabajar en este Concejo Deliberante, y en todos los Concejos Deliberantes, para acompa\u00f1ar y seguir todo el proceso desde que lleg\u00f3 la pandemia, el proceso incluso de vacunaci\u00f3n, y todos las distintas situaciones que se fueron presentado a lo largo de este a\u00f1o y ocho meses que llevamos desde marzo del 2020. Ha sido much\u00edsimo el trabajo que se hizo. Desde este Concejo Delib\u00e9rate se han escuchado todas las voces, de todos los vecinos, de todos los agentes de salud. Se ha acompa\u00f1ado, eso lo quiero dejar en claro, todos los DNU que se han decretado a nivel Nacional, Provincial, todos los protocolos que se propon\u00edan a nivel Municipal, incluso nosotros mismos propusimos protocolos. Quiero dejar aclarado que en ning\u00fan momento se puso palos en la rueda sino simplemente se observ\u00f3 y se fue, no quiero usar la palabra marcando, pero se fue se\u00f1alando cosas que se pod\u00edan mejorar, siempre en pos de buscar el bienestar de los vecinos del Distrito de Tornquist. Y me voy a detener en esto, porque, en principio, ten\u00edamos una cierta fluidez dir\u00eda yo, ida y vuelta con los responsables del \u00c1rea de Salud del Distrito de Tornquist, que luego, a mi criterio, y esto lo hago personal, como que se fue diluyendo, se fue perdiendo. En el mes de mayo, a ra\u00edz de una situaci\u00f3n puntual en un dictamen, se dictamin\u00f3 una reuni\u00f3n con el Doctor Barca, que no sucedi\u00f3. Har\u00e1 aproximadamente un mes el Concejal Ibarra mocion\u00f3 una reuni\u00f3n con el Doctor Barca por otra situaci\u00f3n que se present\u00f3, y hoy yo misma mocion\u00e9 una reuni\u00f3n con el Doctor Barca y tambi\u00e9n en lo posible, que pueda asistir tambi\u00e9n el Director del Hospital me parecer\u00eda, me parecer\u00eda algo sumamente positivo, Tambi\u00e9n si pudiesen asistir referentes o los responsables del Hospital de Sierra de la Ventana, tambi\u00e9n ser\u00eda sumamente positivo, porque las situaciones que se fueron dando en estos \u00faltimos meses han acrecentado nuestra preocupaci\u00f3n, y creo, la preocupaci\u00f3n de todos, de todos los vecinos del Distrito. Y lo que quiero dejar aclarado que en ning\u00fan momento uno quiere hacer una cr\u00edtica por la cr\u00edtica en s\u00ed, sino estamos convencidos que a veces las soluciones a las problem\u00e1ticas no pueden quiz\u00e1s depender de una persona sino busquemos soluciones integrales donde todos los que tenemos responsabilidades p\u00fablico-pol\u00edticas estemos integrados en esas soluciones, y por eso espero fervientemente que en esta reuni\u00f3n, digamos, que se acaba de formalizar para el d\u00eda 12 de octubre podamos actuar en ese sentido. Nada m\u00e1s se\u00f1or Presidente\u201d.<\/p>\n\n\n\n<figure class=\"wp-block-embed is-type-video is-provider-youtube wp-block-embed-youtube wp-embed-aspect-16-9 wp-has-aspect-ratio\"><div class=\"wp-block-embed__wrapper\">\n<iframe loading=\"lazy\" title=\"2021 10 06 HCD 2   ELISABET NORI\" width=\"500\" height=\"281\" src=\"https:\/\/www.youtube.com\/embed\/jxgSUWFPZqQ?feature=oembed\" frameborder=\"0\" allow=\"accelerometer; autoplay; clipboard-write; encrypted-media; gyroscope; picture-in-picture; web-share\" referrerpolicy=\"strict-origin-when-cross-origin\" allowfullscreen><\/iframe>\n<\/div><\/figure>\n\n\n\n<p>Concejal Roc\u00edo V\u00e1zquez:<\/p>\n\n\n\n<p>\u201cBueno, en primera instancia me sumo al pedido de ambas Concejales en sus respectivas alocuciones en relaci\u00f3n al tema de salud, es un tema que venimos tratando en el Concejo Deliberante desde hace tiempo, que nos preocupa de sobremanera, que estamos viendo que las soluciones que pedimos, o las posibles intervenciones que se deber\u00edan dar no est\u00e1n sucediendo, inclusive se est\u00e1n agravando las distintas situaciones en las distintas localidades, ya mencionaron las dos cartas que entraron, hay otra carta de un vecino de Sierra de la Ventana que se hizo p\u00fablica a trav\u00e9s de las redes sociales, que tambi\u00e9n est\u00e1 relacionada con la atenci\u00f3n del Hospital Menor de Sierra de la Ventana, y en una alocuci\u00f3n en ese momento, no recuerdo la fecha, habl\u00e9 de responsabilidad, y me parece que volvemos a mencionar lo mismo, si hay a cargo un Director de un Hospital se tiene que hacer cargo de todo lo que suceda adentro de ese hospital, y si tenemos tambi\u00e9n, un Secretario de Salud responsable, que tiene que asumir todo esto que est\u00e1 pasando en el \u00c1rea de Salud, y tiene que tomar las acciones necesarias. Si necesita ayuda o supervisi\u00f3n o acompa\u00f1amiento nosotros estamos a disposici\u00f3n como lo ha estado siempre el Concejo Deliberante escuchando las necesidades de los vecinos y me parece que somos el nexo y que debemos llevar una soluci\u00f3n y que se debe hacer en conjunto como hemos mencionado varias veces, entre el Poder Legislativo, y el Poder Ejecutivo. Despu\u00e9s quiero mencionar tambi\u00e9n que el d\u00eda 26 de septiembre se cre\u00f3 o fue la primera reuni\u00f3n de la Mesa Intersectorial de prevenci\u00f3n y abordaje de las violencias familiares, y violencias por razones de g\u00e9nero. Fue una participaci\u00f3n bastante masiva, participaron gente del Concejo Municipal de las Mujeres, del Hospital, del \u00c1rea de Salud, del \u00c1rea de Desarrollo, vecinas de Sierra de la Ventana y de las distintas localidades, y me parece que es algo fundamental para seguir trabajando. Y que esta Mesa Intersectorial tambi\u00e9n hizo posible que se firmen varios Convenios de Cooperaci\u00f3n entre el Ministerio de las Mujeres y el Distrito de Tornquist. Pasaron ya por el Concejo Deliberante en la anterior Sesi\u00f3n y que esto conlleva a un mejoramiento para todo el Distrito, por un lado por un fondo destinado a situaciones de emergencia que va a estar llegando al Distrito para que puedan solucionar todos los casos que salgan emergentes y por otro lado tambi\u00e9n va a llegar un fondo destinado a que se pueda abrir una oficina en Sierra de la Ventana con profesionales que puedan abordar estas problem\u00e1ticas. As\u00ed que es algo de suma importancia para todo el Distrito. Por otro lado el 27 de septiembre, fue el d\u00eda del Turismo. Puedo hablar de las actividades que se desarrollaron en Saldungaray, y felicitar y agradecer a la gente de ATUCOS que siempre est\u00e1 presente y pensando en generar o ser motor de estas actividades de turismo. Y justo este a\u00f1o, es el lema \u201cPromover el crecimiento inclusivo\u201d. Y cuando digo promover el crecimiento inclusivo justo charlando con mis compa\u00f1eros hoy es una pena que no se haya podido abordar la Ley de Etiquetado Frontal, justamente porque no hubo qu\u00f3rum, y me parece que la inclusi\u00f3n como personas que participamos activamente en pol\u00edtica y como ciudadana se deber\u00eda haber dado ese debate y esa iniciativa que me parece que advierte sobre estos excesos, que por ah\u00ed no est\u00e1n rotulados en este momento y mejorar\u00edan la calidad de vida de las personas y me parece que tenemos que empezar a debatir en serio estos temas que llevan a mejorar la calidad de vida de todos los ciudadanos. Nada m\u00e1s se\u00f1or Presidente\u201d.<\/p>\n\n\n\n<figure class=\"wp-block-embed is-type-video is-provider-youtube wp-block-embed-youtube wp-embed-aspect-16-9 wp-has-aspect-ratio\"><div class=\"wp-block-embed__wrapper\">\n<iframe loading=\"lazy\" title=\"2021 10 06 HCD 3   ROCIO VAZQUEZ\" width=\"500\" height=\"281\" src=\"https:\/\/www.youtube.com\/embed\/aaxW506pGL4?feature=oembed\" frameborder=\"0\" allow=\"accelerometer; autoplay; clipboard-write; encrypted-media; gyroscope; picture-in-picture; web-share\" referrerpolicy=\"strict-origin-when-cross-origin\" allowfullscreen><\/iframe>\n<\/div><\/figure>\n\n\n\n<p>HONORABLE CONCEJO DELIBERANTE<\/p>\n\n\n\n<figure class=\"wp-block-image size-large\"><img loading=\"lazy\" decoding=\"async\" width=\"1024\" height=\"769\" src=\"http:\/\/www.celttv.com.ar\/wp-content\/uploads\/2021\/10\/WhatsApp-Image-2021-10-06-at-11.50.56-1-1024x769.jpeg\" alt=\"\" class=\"wp-image-60670\" srcset=\"https:\/\/www.celttv.com.ar\/wp-content\/uploads\/2021\/10\/WhatsApp-Image-2021-10-06-at-11.50.56-1-1024x769.jpeg 1024w, https:\/\/www.celttv.com.ar\/wp-content\/uploads\/2021\/10\/WhatsApp-Image-2021-10-06-at-11.50.56-1-300x225.jpeg 300w, https:\/\/www.celttv.com.ar\/wp-content\/uploads\/2021\/10\/WhatsApp-Image-2021-10-06-at-11.50.56-1-768x577.jpeg 768w, https:\/\/www.celttv.com.ar\/wp-content\/uploads\/2021\/10\/WhatsApp-Image-2021-10-06-at-11.50.56-1-750x563.jpeg 750w, https:\/\/www.celttv.com.ar\/wp-content\/uploads\/2021\/10\/WhatsApp-Image-2021-10-06-at-11.50.56-1-1140x856.jpeg 1140w, https:\/\/www.celttv.com.ar\/wp-content\/uploads\/2021\/10\/WhatsApp-Image-2021-10-06-at-11.50.56-1.jpeg 1156w\" sizes=\"auto, (max-width: 1024px) 100vw, 1024px\" \/><\/figure>\n\n\n\n<figure class=\"wp-block-image size-large\"><img loading=\"lazy\" decoding=\"async\" width=\"1024\" height=\"769\" src=\"http:\/\/www.celttv.com.ar\/wp-content\/uploads\/2021\/10\/WhatsApp-Image-2021-10-06-at-11.50.53-1024x769.jpeg\" alt=\"\" class=\"wp-image-60671\" srcset=\"https:\/\/www.celttv.com.ar\/wp-content\/uploads\/2021\/10\/WhatsApp-Image-2021-10-06-at-11.50.53-1024x769.jpeg 1024w, https:\/\/www.celttv.com.ar\/wp-content\/uploads\/2021\/10\/WhatsApp-Image-2021-10-06-at-11.50.53-300x225.jpeg 300w, https:\/\/www.celttv.com.ar\/wp-content\/uploads\/2021\/10\/WhatsApp-Image-2021-10-06-at-11.50.53-768x577.jpeg 768w, https:\/\/www.celttv.com.ar\/wp-content\/uploads\/2021\/10\/WhatsApp-Image-2021-10-06-at-11.50.53-750x563.jpeg 750w, https:\/\/www.celttv.com.ar\/wp-content\/uploads\/2021\/10\/WhatsApp-Image-2021-10-06-at-11.50.53-1140x856.jpeg 1140w, https:\/\/www.celttv.com.ar\/wp-content\/uploads\/2021\/10\/WhatsApp-Image-2021-10-06-at-11.50.53.jpeg 1156w\" sizes=\"auto, (max-width: 1024px) 100vw, 1024px\" \/><\/figure>\n","protected":false},"excerpt":{"rendered":"<p>Comunicaciones Oficiales y Dict\u00e1menes de las Comisiones: Expte. N\u00ba 116\/21: &#8211; D.E. \u2013 R\u00e9gimen de regularizaci\u00f3n de deudas y facilidades de pago \u2013 A\u00f1o 2021 Se solicita tratamiento sobre Tablas. Se aprueba por unanimidad la Ordenanza N\u00ba 3395\/21 por la que se establece un r\u00e9gimen de regularizaci\u00f3n y facilidades de pago para los contribuyentes y [&hellip;]<\/p>\n","protected":false},"author":1,"featured_media":60670,"comment_status":"closed","ping_status":"open","sticky":false,"template":"","format":"standard","meta":{"footnotes":""},"categories":[55,51,52,53],"tags":[],"class_list":["post-60669","post","type-post","status-publish","format-standard","has-post-thumbnail","hentry","category-celt-tv-noticias","category-comunidad","category-destacadas","category-politica"],"yoast_head":"<!-- This site is optimized with the Yoast SEO plugin v19.7.1 - https:\/\/yoast.com\/wordpress\/plugins\/seo\/ -->\n<title>Informe de la \u00faltima sesi\u00f3n ordinaria del HCD (incluye alocuciones) - CELTTV<\/title>\n<meta name=\"description\" content=\"Sitio web de noticias de la localidad de Tornquist, provincia de Buenos Aires, Rep\u00fablica Argentina. Contenido propio originado por periodistas de CELTTV, el canal de TV local de la Cooperativa El\u00e9ctrica de Tornquist. Turismo, Pol\u00edtica, Sociedad, Deporte, Cultura y todo el contenido de inter\u00e9s general que la gente del pueblo y la regi\u00f3n debe conocer.\" \/>\n<meta name=\"robots\" content=\"index, follow, max-snippet:-1, max-image-preview:large, max-video-preview:-1\" \/>\n<link rel=\"canonical\" href=\"https:\/\/www.celttv.com.ar\/index.php\/2021\/10\/06\/informe-de-la-ultima-sesion-ordinaria-del-hcd-7\/\" \/>\n<meta property=\"og:locale\" content=\"es_ES\" \/>\n<meta property=\"og:type\" content=\"article\" \/>\n<meta property=\"og:title\" content=\"Informe de la \u00faltima sesi\u00f3n ordinaria del HCD (incluye alocuciones) - CELTTV\" \/>\n<meta property=\"og:description\" content=\"Sitio web de noticias de la localidad de Tornquist, provincia de Buenos Aires, Rep\u00fablica Argentina. Contenido propio originado por periodistas de CELTTV, el canal de TV local de la Cooperativa El\u00e9ctrica de Tornquist. Turismo, Pol\u00edtica, Sociedad, Deporte, Cultura y todo el contenido de inter\u00e9s general que la gente del pueblo y la regi\u00f3n debe conocer.\" \/>\n<meta property=\"og:url\" content=\"https:\/\/www.celttv.com.ar\/index.php\/2021\/10\/06\/informe-de-la-ultima-sesion-ordinaria-del-hcd-7\/\" \/>\n<meta property=\"og:site_name\" content=\"CELTTV\" \/>\n<meta property=\"article:publisher\" content=\"https:\/\/www.facebook.com\/celtTV\/\" \/>\n<meta property=\"article:published_time\" content=\"2021-10-06T23:38:10+00:00\" \/>\n<meta property=\"og:image\" content=\"https:\/\/www.celttv.com.ar\/wp-content\/uploads\/2021\/10\/WhatsApp-Image-2021-10-06-at-11.50.56-1.jpeg\" \/>\n\t<meta property=\"og:image:width\" content=\"1156\" \/>\n\t<meta property=\"og:image:height\" content=\"868\" \/>\n\t<meta property=\"og:image:type\" content=\"image\/jpeg\" \/>\n<meta name=\"author\" content=\"ulises\" \/>\n<meta name=\"twitter:card\" content=\"summary_large_image\" \/>\n<meta name=\"twitter:label1\" content=\"Escrito por\" \/>\n\t<meta name=\"twitter:data1\" content=\"ulises\" \/>\n\t<meta name=\"twitter:label2\" content=\"Tiempo de lectura\" \/>\n\t<meta name=\"twitter:data2\" content=\"16 minutos\" \/>\n<script type=\"application\/ld+json\" class=\"yoast-schema-graph\">{\"@context\":\"https:\/\/schema.org\",\"@graph\":[{\"@type\":\"NewsArticle\",\"@id\":\"https:\/\/www.celttv.com.ar\/index.php\/2021\/10\/06\/informe-de-la-ultima-sesion-ordinaria-del-hcd-7\/#article\",\"isPartOf\":{\"@id\":\"https:\/\/www.celttv.com.ar\/index.php\/2021\/10\/06\/informe-de-la-ultima-sesion-ordinaria-del-hcd-7\/\"},\"author\":{\"name\":\"ulises\",\"@id\":\"https:\/\/www.celttv.com.ar\/#\/schema\/person\/6d99c072dba59953809c81446e9d0ace\"},\"headline\":\"Informe de la \u00faltima sesi\u00f3n ordinaria del HCD (incluye alocuciones)\",\"datePublished\":\"2021-10-06T23:38:10+00:00\",\"dateModified\":\"2021-10-06T23:38:10+00:00\",\"mainEntityOfPage\":{\"@id\":\"https:\/\/www.celttv.com.ar\/index.php\/2021\/10\/06\/informe-de-la-ultima-sesion-ordinaria-del-hcd-7\/\"},\"wordCount\":3250,\"publisher\":{\"@id\":\"https:\/\/www.celttv.com.ar\/#organization\"},\"articleSection\":[\"Celt TV Noticias\",\"Comunidad\",\"Destacadas\",\"Pol\u00edtica\"],\"inLanguage\":\"es\"},{\"@type\":\"WebPage\",\"@id\":\"https:\/\/www.celttv.com.ar\/index.php\/2021\/10\/06\/informe-de-la-ultima-sesion-ordinaria-del-hcd-7\/\",\"url\":\"https:\/\/www.celttv.com.ar\/index.php\/2021\/10\/06\/informe-de-la-ultima-sesion-ordinaria-del-hcd-7\/\",\"name\":\"Informe de la \u00faltima sesi\u00f3n ordinaria del HCD (incluye alocuciones) - CELTTV\",\"isPartOf\":{\"@id\":\"https:\/\/www.celttv.com.ar\/#website\"},\"datePublished\":\"2021-10-06T23:38:10+00:00\",\"dateModified\":\"2021-10-06T23:38:10+00:00\",\"description\":\"Sitio web de noticias de la localidad de Tornquist, provincia de Buenos Aires, Rep\u00fablica Argentina. Contenido propio originado por periodistas de CELTTV, el canal de TV local de la Cooperativa El\u00e9ctrica de Tornquist. Turismo, Pol\u00edtica, Sociedad, Deporte, Cultura y todo el contenido de inter\u00e9s general que la gente del pueblo y la regi\u00f3n debe conocer.\",\"breadcrumb\":{\"@id\":\"https:\/\/www.celttv.com.ar\/index.php\/2021\/10\/06\/informe-de-la-ultima-sesion-ordinaria-del-hcd-7\/#breadcrumb\"},\"inLanguage\":\"es\",\"potentialAction\":[{\"@type\":\"ReadAction\",\"target\":[\"https:\/\/www.celttv.com.ar\/index.php\/2021\/10\/06\/informe-de-la-ultima-sesion-ordinaria-del-hcd-7\/\"]}]},{\"@type\":\"BreadcrumbList\",\"@id\":\"https:\/\/www.celttv.com.ar\/index.php\/2021\/10\/06\/informe-de-la-ultima-sesion-ordinaria-del-hcd-7\/#breadcrumb\",\"itemListElement\":[{\"@type\":\"ListItem\",\"position\":1,\"name\":\"Inicio\",\"item\":\"https:\/\/www.celttv.com.ar\/\"},{\"@type\":\"ListItem\",\"position\":2,\"name\":\"Informe de la \u00faltima sesi\u00f3n ordinaria del HCD (incluye alocuciones)\"}]},{\"@type\":\"WebSite\",\"@id\":\"https:\/\/www.celttv.com.ar\/#website\",\"url\":\"https:\/\/www.celttv.com.ar\/\",\"name\":\"CELTTV\",\"description\":\"Cooperativa El\u00e9ctrica de Tornquist\",\"publisher\":{\"@id\":\"https:\/\/www.celttv.com.ar\/#organization\"},\"potentialAction\":[{\"@type\":\"SearchAction\",\"target\":{\"@type\":\"EntryPoint\",\"urlTemplate\":\"https:\/\/www.celttv.com.ar\/?s={search_term_string}\"},\"query-input\":\"required name=search_term_string\"}],\"inLanguage\":\"es\"},{\"@type\":\"Organization\",\"@id\":\"https:\/\/www.celttv.com.ar\/#organization\",\"name\":\"CELTTV\",\"url\":\"https:\/\/www.celttv.com.ar\/\",\"sameAs\":[\"https:\/\/www.youtube.com\/channel\/UCz_oIt8Hig64Ub-EmcNPIhg\",\"https:\/\/www.facebook.com\/celtTV\/\"],\"logo\":{\"@type\":\"ImageObject\",\"inLanguage\":\"es\",\"@id\":\"https:\/\/www.celttv.com.ar\/#\/schema\/logo\/image\/\",\"url\":\"http:\/\/www.celttv.com.ar\/wp-content\/uploads\/2022\/08\/logo-1.png\",\"contentUrl\":\"http:\/\/www.celttv.com.ar\/wp-content\/uploads\/2022\/08\/logo-1.png\",\"width\":461,\"height\":159,\"caption\":\"CELTTV\"},\"image\":{\"@id\":\"https:\/\/www.celttv.com.ar\/#\/schema\/logo\/image\/\"}},{\"@type\":\"Person\",\"@id\":\"https:\/\/www.celttv.com.ar\/#\/schema\/person\/6d99c072dba59953809c81446e9d0ace\",\"name\":\"ulises\",\"image\":{\"@type\":\"ImageObject\",\"inLanguage\":\"es\",\"@id\":\"https:\/\/www.celttv.com.ar\/#\/schema\/person\/image\/\",\"url\":\"https:\/\/secure.gravatar.com\/avatar\/7f2c48bdc33b30088f941fb6082e555f2874c98e20cb159d7b92b50eadfce793?s=96&d=mm&r=g\",\"contentUrl\":\"https:\/\/secure.gravatar.com\/avatar\/7f2c48bdc33b30088f941fb6082e555f2874c98e20cb159d7b92b50eadfce793?s=96&d=mm&r=g\",\"caption\":\"ulises\"},\"sameAs\":[\"http:\/\/www.celttv.com.ar\"]}]}<\/script>\n<!-- \/ Yoast SEO plugin. -->","yoast_head_json":{"title":"Informe de la \u00faltima sesi\u00f3n ordinaria del HCD (incluye alocuciones) - CELTTV","description":"Sitio web de noticias de la localidad de Tornquist, provincia de Buenos Aires, Rep\u00fablica Argentina. Contenido propio originado por periodistas de CELTTV, el canal de TV local de la Cooperativa El\u00e9ctrica de Tornquist. Turismo, Pol\u00edtica, Sociedad, Deporte, Cultura y todo el contenido de inter\u00e9s general que la gente del pueblo y la regi\u00f3n debe conocer.","robots":{"index":"index","follow":"follow","max-snippet":"max-snippet:-1","max-image-preview":"max-image-preview:large","max-video-preview":"max-video-preview:-1"},"canonical":"https:\/\/www.celttv.com.ar\/index.php\/2021\/10\/06\/informe-de-la-ultima-sesion-ordinaria-del-hcd-7\/","og_locale":"es_ES","og_type":"article","og_title":"Informe de la \u00faltima sesi\u00f3n ordinaria del HCD (incluye alocuciones) - CELTTV","og_description":"Sitio web de noticias de la localidad de Tornquist, provincia de Buenos Aires, Rep\u00fablica Argentina. Contenido propio originado por periodistas de CELTTV, el canal de TV local de la Cooperativa El\u00e9ctrica de Tornquist. Turismo, Pol\u00edtica, Sociedad, Deporte, Cultura y todo el contenido de inter\u00e9s general que la gente del pueblo y la regi\u00f3n debe conocer.","og_url":"https:\/\/www.celttv.com.ar\/index.php\/2021\/10\/06\/informe-de-la-ultima-sesion-ordinaria-del-hcd-7\/","og_site_name":"CELTTV","article_publisher":"https:\/\/www.facebook.com\/celtTV\/","article_published_time":"2021-10-06T23:38:10+00:00","og_image":[{"width":1156,"height":868,"url":"https:\/\/www.celttv.com.ar\/wp-content\/uploads\/2021\/10\/WhatsApp-Image-2021-10-06-at-11.50.56-1.jpeg","type":"image\/jpeg"}],"author":"ulises","twitter_card":"summary_large_image","twitter_misc":{"Escrito por":"ulises","Tiempo de lectura":"16 minutos"},"schema":{"@context":"https:\/\/schema.org","@graph":[{"@type":"NewsArticle","@id":"https:\/\/www.celttv.com.ar\/index.php\/2021\/10\/06\/informe-de-la-ultima-sesion-ordinaria-del-hcd-7\/#article","isPartOf":{"@id":"https:\/\/www.celttv.com.ar\/index.php\/2021\/10\/06\/informe-de-la-ultima-sesion-ordinaria-del-hcd-7\/"},"author":{"name":"ulises","@id":"https:\/\/www.celttv.com.ar\/#\/schema\/person\/6d99c072dba59953809c81446e9d0ace"},"headline":"Informe de la \u00faltima sesi\u00f3n ordinaria del HCD (incluye alocuciones)","datePublished":"2021-10-06T23:38:10+00:00","dateModified":"2021-10-06T23:38:10+00:00","mainEntityOfPage":{"@id":"https:\/\/www.celttv.com.ar\/index.php\/2021\/10\/06\/informe-de-la-ultima-sesion-ordinaria-del-hcd-7\/"},"wordCount":3250,"publisher":{"@id":"https:\/\/www.celttv.com.ar\/#organization"},"articleSection":["Celt TV Noticias","Comunidad","Destacadas","Pol\u00edtica"],"inLanguage":"es"},{"@type":"WebPage","@id":"https:\/\/www.celttv.com.ar\/index.php\/2021\/10\/06\/informe-de-la-ultima-sesion-ordinaria-del-hcd-7\/","url":"https:\/\/www.celttv.com.ar\/index.php\/2021\/10\/06\/informe-de-la-ultima-sesion-ordinaria-del-hcd-7\/","name":"Informe de la \u00faltima sesi\u00f3n ordinaria del HCD (incluye alocuciones) - CELTTV","isPartOf":{"@id":"https:\/\/www.celttv.com.ar\/#website"},"datePublished":"2021-10-06T23:38:10+00:00","dateModified":"2021-10-06T23:38:10+00:00","description":"Sitio web de noticias de la localidad de Tornquist, provincia de Buenos Aires, Rep\u00fablica Argentina. Contenido propio originado por periodistas de CELTTV, el canal de TV local de la Cooperativa El\u00e9ctrica de Tornquist. Turismo, Pol\u00edtica, Sociedad, Deporte, Cultura y todo el contenido de inter\u00e9s general que la gente del pueblo y la regi\u00f3n debe conocer.","breadcrumb":{"@id":"https:\/\/www.celttv.com.ar\/index.php\/2021\/10\/06\/informe-de-la-ultima-sesion-ordinaria-del-hcd-7\/#breadcrumb"},"inLanguage":"es","potentialAction":[{"@type":"ReadAction","target":["https:\/\/www.celttv.com.ar\/index.php\/2021\/10\/06\/informe-de-la-ultima-sesion-ordinaria-del-hcd-7\/"]}]},{"@type":"BreadcrumbList","@id":"https:\/\/www.celttv.com.ar\/index.php\/2021\/10\/06\/informe-de-la-ultima-sesion-ordinaria-del-hcd-7\/#breadcrumb","itemListElement":[{"@type":"ListItem","position":1,"name":"Inicio","item":"https:\/\/www.celttv.com.ar\/"},{"@type":"ListItem","position":2,"name":"Informe de la \u00faltima sesi\u00f3n ordinaria del HCD (incluye alocuciones)"}]},{"@type":"WebSite","@id":"https:\/\/www.celttv.com.ar\/#website","url":"https:\/\/www.celttv.com.ar\/","name":"CELTTV","description":"Cooperativa El\u00e9ctrica de Tornquist","publisher":{"@id":"https:\/\/www.celttv.com.ar\/#organization"},"potentialAction":[{"@type":"SearchAction","target":{"@type":"EntryPoint","urlTemplate":"https:\/\/www.celttv.com.ar\/?s={search_term_string}"},"query-input":"required name=search_term_string"}],"inLanguage":"es"},{"@type":"Organization","@id":"https:\/\/www.celttv.com.ar\/#organization","name":"CELTTV","url":"https:\/\/www.celttv.com.ar\/","sameAs":["https:\/\/www.youtube.com\/channel\/UCz_oIt8Hig64Ub-EmcNPIhg","https:\/\/www.facebook.com\/celtTV\/"],"logo":{"@type":"ImageObject","inLanguage":"es","@id":"https:\/\/www.celttv.com.ar\/#\/schema\/logo\/image\/","url":"http:\/\/www.celttv.com.ar\/wp-content\/uploads\/2022\/08\/logo-1.png","contentUrl":"http:\/\/www.celttv.com.ar\/wp-content\/uploads\/2022\/08\/logo-1.png","width":461,"height":159,"caption":"CELTTV"},"image":{"@id":"https:\/\/www.celttv.com.ar\/#\/schema\/logo\/image\/"}},{"@type":"Person","@id":"https:\/\/www.celttv.com.ar\/#\/schema\/person\/6d99c072dba59953809c81446e9d0ace","name":"ulises","image":{"@type":"ImageObject","inLanguage":"es","@id":"https:\/\/www.celttv.com.ar\/#\/schema\/person\/image\/","url":"https:\/\/secure.gravatar.com\/avatar\/7f2c48bdc33b30088f941fb6082e555f2874c98e20cb159d7b92b50eadfce793?s=96&d=mm&r=g","contentUrl":"https:\/\/secure.gravatar.com\/avatar\/7f2c48bdc33b30088f941fb6082e555f2874c98e20cb159d7b92b50eadfce793?s=96&d=mm&r=g","caption":"ulises"},"sameAs":["http:\/\/www.celttv.com.ar"]}]}},"_links":{"self":[{"href":"https:\/\/www.celttv.com.ar\/index.php\/wp-json\/wp\/v2\/posts\/60669","targetHints":{"allow":["GET"]}}],"collection":[{"href":"https:\/\/www.celttv.com.ar\/index.php\/wp-json\/wp\/v2\/posts"}],"about":[{"href":"https:\/\/www.celttv.com.ar\/index.php\/wp-json\/wp\/v2\/types\/post"}],"author":[{"embeddable":true,"href":"https:\/\/www.celttv.com.ar\/index.php\/wp-json\/wp\/v2\/users\/1"}],"replies":[{"embeddable":true,"href":"https:\/\/www.celttv.com.ar\/index.php\/wp-json\/wp\/v2\/comments?post=60669"}],"version-history":[{"count":0,"href":"https:\/\/www.celttv.com.ar\/index.php\/wp-json\/wp\/v2\/posts\/60669\/revisions"}],"wp:featuredmedia":[{"embeddable":true,"href":"https:\/\/www.celttv.com.ar\/index.php\/wp-json\/wp\/v2\/media\/60670"}],"wp:attachment":[{"href":"https:\/\/www.celttv.com.ar\/index.php\/wp-json\/wp\/v2\/media?parent=60669"}],"wp:term":[{"taxonomy":"category","embeddable":true,"href":"https:\/\/www.celttv.com.ar\/index.php\/wp-json\/wp\/v2\/categories?post=60669"},{"taxonomy":"post_tag","embeddable":true,"href":"https:\/\/www.celttv.com.ar\/index.php\/wp-json\/wp\/v2\/tags?post=60669"}],"curies":[{"name":"wp","href":"https:\/\/api.w.org\/{rel}","templated":true}]}}